{"id":12310,"date":"2017-03-26T11:51:07","date_gmt":"2017-03-26T11:51:07","guid":{"rendered":"http:\/\/www.odemocratagb.com\/?p=12310"},"modified":"2017-03-26T11:52:55","modified_gmt":"2017-03-26T11:52:55","slug":"figura-da-semana-sidney-cerqueira-espelho-da-arte-plastica-guineense","status":"publish","type":"post","link":"https:\/\/www.odemocratagb.com\/?p=12310","title":{"rendered":"Figura da Semana: SIDNEY CERQUEIRA \u2018ESPELHO\u2019 DA ARTE PL\u00c1STICA GUINEENSE"},"content":{"rendered":"<p>O artista pl\u00e1stico guineense, Sidney Cerqueira, fez a sua primeira exposi\u00e7\u00e3o de <em>aguarelas <\/em>na capital portuguesa no passado dia 17 de mar\u00e7o 2017, tendo como palco central a \u2018Casa de Angola\u2019\u00a0 &#8211; (Travessa das Sedas, n\u00ba7, Lisboa), na qual contou com a participa\u00e7\u00e3o, que considerou de \u2018muito especial\u2019, da artista pl\u00e1stica M\u00e1rcia Dias.<\/p>\n<p>Cerqueira \u00e9 considerado pelos especialistas desse dom\u00ednio cultural como um dos expoentes das artes pl\u00e1sticas da comunidade lus\u00f3fona. Mesmo os que n\u00e3o conhecem a arte de pintar ficam com \u2018\u00e1gua na boca\u2019, quando veem os quadros pintados pelo jovem guineense, cujos temas retratam a realidade pol\u00edtica, social e a viol\u00eancia dom\u00e9stica no seu pa\u00eds [Guin\u00e9-Bissau].<\/p>\n<p>A obra do artista \u00e9 pouco conhecida no pa\u00eds, mas no estrangeiro os seus trabalhos j\u00e1 foram expostos em grandes eventos, sobretudo na Europa. Em Portugal (onde fixou a sua resid\u00eancia) e na Fran\u00e7a, por exemplo. \u201cOs estrangeiros \u00e9 que d\u00e3o mais import\u00e2ncia aos meus trabalhos, fato triste e que lamento bastante\u201d, desabafa o jovem numa conversa via <em>Messenger<\/em> \u00e0 reda\u00e7\u00e3o do jornal \u2018O Democrata\u2019.<\/p>\n<p><strong>BIOGRAFIA<\/strong><\/p>\n<p>Sidney Cerqueira nasceu a 16 de Dezembro de 1980 em Lisboa, Portugal, mas tem nacionalidade guineense. Cerqueira veio com a sua m\u00e3e para a Guin\u00e9-Bissau em 1980. Cresceu e fez os seus estudos aqui, na Terra de Cabral. Em 2000, o jovem pintor decidiu fixar a sua resid\u00eancia nas terras lusas.<\/p>\n<p>Sidney j\u00e1 levou a arte pl\u00e1stica guineense aos quatro cantos no planeta, percorrendo Portugal, Camboja, Fran\u00e7a, Estados Unidos da Am\u00e9rica, Inglaterra, Su\u00ed\u00e7a, China, Holanda, Luxemburgo, Angola, Guin\u00e9-Bissau, Mo\u00e7ambique, Brasil, Senegal, Cabo Verde e M\u00f4naco.<\/p>\n<p>Atualmente, Sidney j\u00e1 conta com mais de 60 (sessenta) exposi\u00e7\u00f5es entre individuais e coletivas. Este m\u00eas inaugurou a sua primeira exposi\u00e7\u00e3o de <em>aguarelas<\/em> na capital lusa, Lisboa.<\/p>\n<p>&nbsp;<\/p>\n<p>&nbsp;<\/p>\n<p>&nbsp;<\/p>\n<p><strong>Por: Assana Samb\u00fa\/Sene Camar\u00e1<\/strong><\/p>\n<p><strong>Foto: SC<\/strong><\/p>\n<p>&nbsp;<\/p>\n<p>&nbsp;<\/p>\n<p>&nbsp;<\/p>\n","protected":false},"excerpt":{"rendered":"<p>O artista pl\u00e1stico guineense, Sidney Cerqueira, fez a sua primeira exposi\u00e7\u00e3o de aguarelas na capital portuguesa no passado dia 17&#8230;<\/p>\n","protected":false},"author":4,"featured_media":12279,"comment_status":"open","ping_status":"open","sticky":false,"template":"","format":"standard","meta":{"footnotes":""},"categories":[6,27],"tags":[],"class_list":["post-12310","post","type-post","status-publish","format-standard","has-post-thumbnail","hentry","category-inicio","category-cultura","wpcat-6-id","wpcat-27-id"],"yoast_head":"<!-- This site is optimized with the Yoast SEO plugin v27.5 - https:\/\/yoast.com\/product\/yoast-seo-wordpress\/ -->\n<title>Figura da Semana: SIDNEY CERQUEIRA \u2018ESPELHO\u2019 DA ARTE PL\u00c1STICA GUINEENSE - O Democrata GB<\/title>\n<meta name=\"robots\" content=\"index, follow, max-snippet:-1, max-image-preview:large, max-video-preview:-1\" \/>\n<link rel=\"canonical\" href=\"https:\/\/www.odemocratagb.com\/?p=12310\" \/>\n<meta property=\"og:locale\" content=\"pt_BR\" \/>\n<meta property=\"og:type\" content=\"article\" \/>\n<meta property=\"og:title\" content=\"Figura da Semana: SIDNEY CERQUEIRA \u2018ESPELHO\u2019 DA ARTE PL\u00c1STICA GUINEENSE - O Democrata GB\" \/>\n<meta property=\"og:description\" content=\"O artista pl\u00e1stico guineense, Sidney Cerqueira, fez a sua primeira exposi\u00e7\u00e3o de aguarelas na capital portuguesa no passado dia 17...\" \/>\n<meta property=\"og:url\" content=\"https:\/\/www.odemocratagb.com\/?p=12310\" \/>\n<meta property=\"og:site_name\" content=\"O Democrata GB\" \/>\n<meta property=\"article:publisher\" content=\"https:\/\/www.facebook.com\/jornaldaguinebissau\" \/>\n<meta property=\"article:published_time\" content=\"2017-03-26T11:51:07+00:00\" \/>\n<meta property=\"article:modified_time\" content=\"2017-03-26T11:52:55+00:00\" \/>\n<meta property=\"og:image\" content=\"https:\/\/www.odemocratagb.com\/wp-content\/uploads\/2017\/03\/FIGURA-DA-SEMANA-2.jpg\" \/>\n\t<meta property=\"og:image:width\" content=\"562\" \/>\n\t<meta property=\"og:image:height\" content=\"786\" \/>\n\t<meta property=\"og:image:type\" content=\"image\/jpeg\" \/>\n<meta name=\"author\" content=\"Jornal Odemocrata\" \/>\n<meta name=\"twitter:card\" content=\"summary_large_image\" \/>\n<meta name=\"twitter:label1\" content=\"Escrito por\" \/>\n\t<meta name=\"twitter:data1\" content=\"Jornal Odemocrata\" \/>\n\t<meta name=\"twitter:label2\" content=\"Est. tempo de leitura\" \/>\n\t<meta name=\"twitter:data2\" content=\"2 minutos\" \/>\n<script type=\"application\/ld+json\" class=\"yoast-schema-graph\">{\"@context\":\"https:\\\/\\\/schema.org\",\"@graph\":[{\"@type\":\"Article\",\"@id\":\"https:\\\/\\\/www.odemocratagb.com\\\/?p=12310#article\",\"isPartOf\":{\"@id\":\"https:\\\/\\\/www.odemocratagb.com\\\/?p=12310\"},\"author\":{\"name\":\"Jornal Odemocrata\",\"@id\":\"https:\\\/\\\/www.odemocratagb.com\\\/#\\\/schema\\\/person\\\/c5e683adeaf9b557e57cf1a8a591b0c0\"},\"headline\":\"Figura da Semana: SIDNEY CERQUEIRA \u2018ESPELHO\u2019 DA ARTE PL\u00c1STICA GUINEENSE\",\"datePublished\":\"2017-03-26T11:51:07+00:00\",\"dateModified\":\"2017-03-26T11:52:55+00:00\",\"mainEntityOfPage\":{\"@id\":\"https:\\\/\\\/www.odemocratagb.com\\\/?p=12310\"},\"wordCount\":333,\"commentCount\":1,\"publisher\":{\"@id\":\"https:\\\/\\\/www.odemocratagb.com\\\/#organization\"},\"image\":{\"@id\":\"https:\\\/\\\/www.odemocratagb.com\\\/?p=12310#primaryimage\"},\"thumbnailUrl\":\"https:\\\/\\\/www.odemocratagb.com\\\/wp-content\\\/uploads\\\/2017\\\/03\\\/FIGURA-DA-SEMANA-2.jpg\",\"articleSection\":[\"Atualidade\",\"Cultura\"],\"inLanguage\":\"pt-BR\",\"potentialAction\":[{\"@type\":\"CommentAction\",\"name\":\"Comment\",\"target\":[\"https:\\\/\\\/www.odemocratagb.com\\\/?p=12310#respond\"]}]},{\"@type\":\"WebPage\",\"@id\":\"https:\\\/\\\/www.odemocratagb.com\\\/?p=12310\",\"url\":\"https:\\\/\\\/www.odemocratagb.com\\\/?p=12310\",\"name\":\"Figura da Semana: SIDNEY CERQUEIRA \u2018ESPELHO\u2019 DA ARTE PL\u00c1STICA GUINEENSE - O Democrata GB\",\"isPartOf\":{\"@id\":\"https:\\\/\\\/www.odemocratagb.com\\\/#website\"},\"primaryImageOfPage\":{\"@id\":\"https:\\\/\\\/www.odemocratagb.com\\\/?p=12310#primaryimage\"},\"image\":{\"@id\":\"https:\\\/\\\/www.odemocratagb.com\\\/?p=12310#primaryimage\"},\"thumbnailUrl\":\"https:\\\/\\\/www.odemocratagb.com\\\/wp-content\\\/uploads\\\/2017\\\/03\\\/FIGURA-DA-SEMANA-2.jpg\",\"datePublished\":\"2017-03-26T11:51:07+00:00\",\"dateModified\":\"2017-03-26T11:52:55+00:00\",\"breadcrumb\":{\"@id\":\"https:\\\/\\\/www.odemocratagb.com\\\/?p=12310#breadcrumb\"},\"inLanguage\":\"pt-BR\",\"potentialAction\":[{\"@type\":\"ReadAction\",\"target\":[\"https:\\\/\\\/www.odemocratagb.com\\\/?p=12310\"]}]},{\"@type\":\"ImageObject\",\"inLanguage\":\"pt-BR\",\"@id\":\"https:\\\/\\\/www.odemocratagb.com\\\/?p=12310#primaryimage\",\"url\":\"https:\\\/\\\/www.odemocratagb.com\\\/wp-content\\\/uploads\\\/2017\\\/03\\\/FIGURA-DA-SEMANA-2.jpg\",\"contentUrl\":\"https:\\\/\\\/www.odemocratagb.com\\\/wp-content\\\/uploads\\\/2017\\\/03\\\/FIGURA-DA-SEMANA-2.jpg\",\"width\":562,\"height\":786},{\"@type\":\"BreadcrumbList\",\"@id\":\"https:\\\/\\\/www.odemocratagb.com\\\/?p=12310#breadcrumb\",\"itemListElement\":[{\"@type\":\"ListItem\",\"position\":1,\"name\":\"In\u00edcio\",\"item\":\"https:\\\/\\\/www.odemocratagb.com\\\/\"},{\"@type\":\"ListItem\",\"position\":2,\"name\":\"Figura da Semana: SIDNEY CERQUEIRA \u2018ESPELHO\u2019 DA ARTE PL\u00c1STICA GUINEENSE\"}]},{\"@type\":\"WebSite\",\"@id\":\"https:\\\/\\\/www.odemocratagb.com\\\/#website\",\"url\":\"https:\\\/\\\/www.odemocratagb.com\\\/\",\"name\":\"O Democrata GB\",\"description\":\"Jornal O Democrata GB\",\"publisher\":{\"@id\":\"https:\\\/\\\/www.odemocratagb.com\\\/#organization\"},\"potentialAction\":[{\"@type\":\"SearchAction\",\"target\":{\"@type\":\"EntryPoint\",\"urlTemplate\":\"https:\\\/\\\/www.odemocratagb.com\\\/?s={search_term_string}\"},\"query-input\":{\"@type\":\"PropertyValueSpecification\",\"valueRequired\":true,\"valueName\":\"search_term_string\"}}],\"inLanguage\":\"pt-BR\"},{\"@type\":\"Organization\",\"@id\":\"https:\\\/\\\/www.odemocratagb.com\\\/#organization\",\"name\":\"O Democrata GB\",\"url\":\"https:\\\/\\\/www.odemocratagb.com\\\/\",\"logo\":{\"@type\":\"ImageObject\",\"inLanguage\":\"pt-BR\",\"@id\":\"https:\\\/\\\/www.odemocratagb.com\\\/#\\\/schema\\\/logo\\\/image\\\/\",\"url\":\"https:\\\/\\\/www.odemocratagb.com\\\/wp-content\\\/uploads\\\/2026\\\/04\\\/logo-odemocratagb.png\",\"contentUrl\":\"https:\\\/\\\/www.odemocratagb.com\\\/wp-content\\\/uploads\\\/2026\\\/04\\\/logo-odemocratagb.png\",\"width\":1250,\"height\":327,\"caption\":\"O Democrata GB\"},\"image\":{\"@id\":\"https:\\\/\\\/www.odemocratagb.com\\\/#\\\/schema\\\/logo\\\/image\\\/\"},\"sameAs\":[\"https:\\\/\\\/www.facebook.com\\\/jornaldaguinebissau\",\"https:\\\/\\\/www.instagram.com\\\/odemocratagb\"]},{\"@type\":\"Person\",\"@id\":\"https:\\\/\\\/www.odemocratagb.com\\\/#\\\/schema\\\/person\\\/c5e683adeaf9b557e57cf1a8a591b0c0\",\"name\":\"Jornal Odemocrata\",\"image\":{\"@type\":\"ImageObject\",\"inLanguage\":\"pt-BR\",\"@id\":\"https:\\\/\\\/secure.gravatar.com\\\/avatar\\\/09cb6b76eee5612f7cfca9e0089e2f17141d417bd034905eee842945c87fd87f?s=96&d=mm&r=g\",\"url\":\"https:\\\/\\\/secure.gravatar.com\\\/avatar\\\/09cb6b76eee5612f7cfca9e0089e2f17141d417bd034905eee842945c87fd87f?s=96&d=mm&r=g\",\"contentUrl\":\"https:\\\/\\\/secure.gravatar.com\\\/avatar\\\/09cb6b76eee5612f7cfca9e0089e2f17141d417bd034905eee842945c87fd87f?s=96&d=mm&r=g\",\"caption\":\"Jornal Odemocrata\"},\"sameAs\":[\"http:\\\/\\\/odemocratagb.com\"],\"url\":\"https:\\\/\\\/www.odemocratagb.com\\\/?author=4\"}]}<\/script>\n<!-- \/ Yoast SEO plugin. -->","yoast_head_json":{"title":"Figura da Semana: SIDNEY CERQUEIRA \u2018ESPELHO\u2019 DA ARTE PL\u00c1STICA GUINEENSE - O Democrata GB","robots":{"index":"index","follow":"follow","max-snippet":"max-snippet:-1","max-image-preview":"max-image-preview:large","max-video-preview":"max-video-preview:-1"},"canonical":"https:\/\/www.odemocratagb.com\/?p=12310","og_locale":"pt_BR","og_type":"article","og_title":"Figura da Semana: SIDNEY CERQUEIRA \u2018ESPELHO\u2019 DA ARTE PL\u00c1STICA GUINEENSE - O Democrata GB","og_description":"O artista pl\u00e1stico guineense, Sidney Cerqueira, fez a sua primeira exposi\u00e7\u00e3o de aguarelas na capital portuguesa no passado dia 17...","og_url":"https:\/\/www.odemocratagb.com\/?p=12310","og_site_name":"O Democrata GB","article_publisher":"https:\/\/www.facebook.com\/jornaldaguinebissau","article_published_time":"2017-03-26T11:51:07+00:00","article_modified_time":"2017-03-26T11:52:55+00:00","og_image":[{"width":562,"height":786,"url":"https:\/\/www.odemocratagb.com\/wp-content\/uploads\/2017\/03\/FIGURA-DA-SEMANA-2.jpg","type":"image\/jpeg"}],"author":"Jornal Odemocrata","twitter_card":"summary_large_image","twitter_misc":{"Escrito por":"Jornal Odemocrata","Est. tempo de leitura":"2 minutos"},"schema":{"@context":"https:\/\/schema.org","@graph":[{"@type":"Article","@id":"https:\/\/www.odemocratagb.com\/?p=12310#article","isPartOf":{"@id":"https:\/\/www.odemocratagb.com\/?p=12310"},"author":{"name":"Jornal Odemocrata","@id":"https:\/\/www.odemocratagb.com\/#\/schema\/person\/c5e683adeaf9b557e57cf1a8a591b0c0"},"headline":"Figura da Semana: SIDNEY CERQUEIRA \u2018ESPELHO\u2019 DA ARTE PL\u00c1STICA GUINEENSE","datePublished":"2017-03-26T11:51:07+00:00","dateModified":"2017-03-26T11:52:55+00:00","mainEntityOfPage":{"@id":"https:\/\/www.odemocratagb.com\/?p=12310"},"wordCount":333,"commentCount":1,"publisher":{"@id":"https:\/\/www.odemocratagb.com\/#organization"},"image":{"@id":"https:\/\/www.odemocratagb.com\/?p=12310#primaryimage"},"thumbnailUrl":"https:\/\/www.odemocratagb.com\/wp-content\/uploads\/2017\/03\/FIGURA-DA-SEMANA-2.jpg","articleSection":["Atualidade","Cultura"],"inLanguage":"pt-BR","potentialAction":[{"@type":"CommentAction","name":"Comment","target":["https:\/\/www.odemocratagb.com\/?p=12310#respond"]}]},{"@type":"WebPage","@id":"https:\/\/www.odemocratagb.com\/?p=12310","url":"https:\/\/www.odemocratagb.com\/?p=12310","name":"Figura da Semana: SIDNEY CERQUEIRA \u2018ESPELHO\u2019 DA ARTE PL\u00c1STICA GUINEENSE - O Democrata GB","isPartOf":{"@id":"https:\/\/www.odemocratagb.com\/#website"},"primaryImageOfPage":{"@id":"https:\/\/www.odemocratagb.com\/?p=12310#primaryimage"},"image":{"@id":"https:\/\/www.odemocratagb.com\/?p=12310#primaryimage"},"thumbnailUrl":"https:\/\/www.odemocratagb.com\/wp-content\/uploads\/2017\/03\/FIGURA-DA-SEMANA-2.jpg","datePublished":"2017-03-26T11:51:07+00:00","dateModified":"2017-03-26T11:52:55+00:00","breadcrumb":{"@id":"https:\/\/www.odemocratagb.com\/?p=12310#breadcrumb"},"inLanguage":"pt-BR","potentialAction":[{"@type":"ReadAction","target":["https:\/\/www.odemocratagb.com\/?p=12310"]}]},{"@type":"ImageObject","inLanguage":"pt-BR","@id":"https:\/\/www.odemocratagb.com\/?p=12310#primaryimage","url":"https:\/\/www.odemocratagb.com\/wp-content\/uploads\/2017\/03\/FIGURA-DA-SEMANA-2.jpg","contentUrl":"https:\/\/www.odemocratagb.com\/wp-content\/uploads\/2017\/03\/FIGURA-DA-SEMANA-2.jpg","width":562,"height":786},{"@type":"BreadcrumbList","@id":"https:\/\/www.odemocratagb.com\/?p=12310#breadcrumb","itemListElement":[{"@type":"ListItem","position":1,"name":"In\u00edcio","item":"https:\/\/www.odemocratagb.com\/"},{"@type":"ListItem","position":2,"name":"Figura da Semana: SIDNEY CERQUEIRA \u2018ESPELHO\u2019 DA ARTE PL\u00c1STICA GUINEENSE"}]},{"@type":"WebSite","@id":"https:\/\/www.odemocratagb.com\/#website","url":"https:\/\/www.odemocratagb.com\/","name":"O Democrata GB","description":"Jornal O Democrata GB","publisher":{"@id":"https:\/\/www.odemocratagb.com\/#organization"},"potentialAction":[{"@type":"SearchAction","target":{"@type":"EntryPoint","urlTemplate":"https:\/\/www.odemocratagb.com\/?s={search_term_string}"},"query-input":{"@type":"PropertyValueSpecification","valueRequired":true,"valueName":"search_term_string"}}],"inLanguage":"pt-BR"},{"@type":"Organization","@id":"https:\/\/www.odemocratagb.com\/#organization","name":"O Democrata GB","url":"https:\/\/www.odemocratagb.com\/","logo":{"@type":"ImageObject","inLanguage":"pt-BR","@id":"https:\/\/www.odemocratagb.com\/#\/schema\/logo\/image\/","url":"https:\/\/www.odemocratagb.com\/wp-content\/uploads\/2026\/04\/logo-odemocratagb.png","contentUrl":"https:\/\/www.odemocratagb.com\/wp-content\/uploads\/2026\/04\/logo-odemocratagb.png","width":1250,"height":327,"caption":"O Democrata GB"},"image":{"@id":"https:\/\/www.odemocratagb.com\/#\/schema\/logo\/image\/"},"sameAs":["https:\/\/www.facebook.com\/jornaldaguinebissau","https:\/\/www.instagram.com\/odemocratagb"]},{"@type":"Person","@id":"https:\/\/www.odemocratagb.com\/#\/schema\/person\/c5e683adeaf9b557e57cf1a8a591b0c0","name":"Jornal Odemocrata","image":{"@type":"ImageObject","inLanguage":"pt-BR","@id":"https:\/\/secure.gravatar.com\/avatar\/09cb6b76eee5612f7cfca9e0089e2f17141d417bd034905eee842945c87fd87f?s=96&d=mm&r=g","url":"https:\/\/secure.gravatar.com\/avatar\/09cb6b76eee5612f7cfca9e0089e2f17141d417bd034905eee842945c87fd87f?s=96&d=mm&r=g","contentUrl":"https:\/\/secure.gravatar.com\/avatar\/09cb6b76eee5612f7cfca9e0089e2f17141d417bd034905eee842945c87fd87f?s=96&d=mm&r=g","caption":"Jornal Odemocrata"},"sameAs":["http:\/\/odemocratagb.com"],"url":"https:\/\/www.odemocratagb.com\/?author=4"}]}},"_links":{"self":[{"href":"https:\/\/www.odemocratagb.com\/index.php?rest_route=\/wp\/v2\/posts\/12310","targetHints":{"allow":["GET"]}}],"collection":[{"href":"https:\/\/www.odemocratagb.com\/index.php?rest_route=\/wp\/v2\/posts"}],"about":[{"href":"https:\/\/www.odemocratagb.com\/index.php?rest_route=\/wp\/v2\/types\/post"}],"author":[{"embeddable":true,"href":"https:\/\/www.odemocratagb.com\/index.php?rest_route=\/wp\/v2\/users\/4"}],"replies":[{"embeddable":true,"href":"https:\/\/www.odemocratagb.com\/index.php?rest_route=%2Fwp%2Fv2%2Fcomments&post=12310"}],"version-history":[{"count":2,"href":"https:\/\/www.odemocratagb.com\/index.php?rest_route=\/wp\/v2\/posts\/12310\/revisions"}],"predecessor-version":[{"id":12312,"href":"https:\/\/www.odemocratagb.com\/index.php?rest_route=\/wp\/v2\/posts\/12310\/revisions\/12312"}],"wp:featuredmedia":[{"embeddable":true,"href":"https:\/\/www.odemocratagb.com\/index.php?rest_route=\/wp\/v2\/media\/12279"}],"wp:attachment":[{"href":"https:\/\/www.odemocratagb.com\/index.php?rest_route=%2Fwp%2Fv2%2Fmedia&parent=12310"}],"wp:term":[{"taxonomy":"category","embeddable":true,"href":"https:\/\/www.odemocratagb.com\/index.php?rest_route=%2Fwp%2Fv2%2Fcategories&post=12310"},{"taxonomy":"post_tag","embeddable":true,"href":"https:\/\/www.odemocratagb.com\/index.php?rest_route=%2Fwp%2Fv2%2Ftags&post=12310"}],"curies":[{"name":"wp","href":"https:\/\/api.w.org\/{rel}","templated":true}]}}