{"id":14312,"date":"2017-10-11T10:05:10","date_gmt":"2017-10-11T10:05:10","guid":{"rendered":"http:\/\/www.odemocratagb.com\/?p=14312"},"modified":"2017-10-11T10:05:10","modified_gmt":"2017-10-11T10:05:10","slug":"dino-seide-%ca%bamigracao-internacional-nao-requer-so-intervencao-dos-governos-mas-sim-dos-movimentos-sociais%ca%ba","status":"publish","type":"post","link":"https:\/\/www.odemocratagb.com\/?p=14312","title":{"rendered":"Dino Seide: \u02baMIGRA\u00c7\u00c3O INTERNACIONAL N\u00c3O REQUER S\u00d3 INTERVEN\u00c7\u00c3O DOS GOVERNOS, MAS SIM DOS MOVIMENTOS SOCIAIS\u02ba"},"content":{"rendered":"<p>O Secret\u00e1rio Estado das Comunidades, Dino Seide, afirmou esta ter\u00e7a-feira, 10 de Outubro 2017, que a transversalidade da migra\u00e7\u00e3o internacional n\u00e3o requer apenas a interven\u00e7\u00e3o dos governos, mas tamb\u00e9m dos movimentos sociais de forma a poder contribuir, de maneira participativa, na elabora\u00e7\u00e3o e posterior aplica\u00e7\u00e3o dos instrumentos internacionais que possam melhorar a tend\u00eancia migrat\u00f3ria.<\/p>\n<p>Dino Seide falava na cerimonia de abertura da Consulta Nacional para o Pacto Global sobre Migra\u00e7\u00e3o Segura realizada pelo governo da Guin\u00e9-Bissau, atrav\u00e9s da Secretaria de Estado das Comunidades. O encontro conta com o apoio da Organiza\u00e7\u00e3o Internacional das Migra\u00e7\u00f5es num dos hot\u00e9is de capital.<\/p>\n<p>Na sua interven\u00e7\u00e3o, Seide disse que a consulta constitui uma oportunidade particular para a sociedade civil participar no processo tendo em conta o seu envolvimento na promo\u00e7\u00e3o dos direitos humanos.<\/p>\n<p>\u02baAtualmente o fen\u00f3meno da migra\u00e7\u00e3o internacional \u00e9 um assunto que preocupa todos os governos do mundo devido a sua din\u00e2mica que de uma forma direta p\u00f5e em causa a concretiza\u00e7\u00e3o das metas estabelecidas para aplica\u00e7\u00e3o dos direitos humanos e objetivos do desenvolvimento sustent\u00e1vel. N\u00e3o podemos enumerar problemas de migra\u00e7\u00e3o em todas as suas dimens\u00f5es sociais, econ\u00f3mica e cultural, sendo assim \u00e9 urgente trabalhar para que a governan\u00e7a da migra\u00e7\u00e3o internacional possa ser fortalecida, contribuindo de maneira positiva na mudan\u00e7a das tend\u00eancias migrat\u00f3rias\u02ba, exortou Dino Seide.<\/p>\n<p>Segundo Seide, como estrat\u00e9gia de comunica\u00e7\u00e3o, informa\u00e7\u00e3o e conselho \u00e0s\u00a0 comunidades, j\u00e1 est\u00e1 em curso v\u00e1rios programas, incluindo a instala\u00e7\u00e3o de Guich\u00e9 de atendimento dos imigrantes.<\/p>\n<p>O Embaixador da Uni\u00e3o Europeia na Guin\u00e9-Bissau, Victor Madeira dos Santos, revela que explora\u00e7\u00e3o e abusos registados na rota migrat\u00f3ria do mediterr\u00e2neo central est\u00e3o atingir n\u00edveis Record, por isso defende ser urgente promover migra\u00e7\u00e3o segura e informada, proteger e ajudar os imigrantes bloqueados, prestar assist\u00eancia volunt\u00e1ria. Real\u00e7a, contudo, que a integra\u00e7\u00e3o dos imigrantes \u00e9 mais importante do que nunca numa altura em que os n\u00fameros de mortos aumentam.<\/p>\n<p>Victor Madeira dos Santos revelou que no final de 2016, com as contribui\u00e7\u00f5es adicionais de Alemanha e It\u00e1lia, o Fundo Fiduci\u00e1rio da Uni\u00e3o Europeia lan\u00e7ou uma iniciativa conjunta com Organiza\u00e7\u00e3o Internacional de Migra\u00e7\u00e3o, visando responder esta emerg\u00eancia humanit\u00e1ria no valor de 153 milh\u00f5es de euro, abrangendo 14 pa\u00edses de origem e transito da \u00c1frica Ocidental, incluindo a Guin\u00e9-Bissau.<\/p>\n<p>O diplomata portugu\u00eas informou que o proposito principal era dar prote\u00e7\u00e3o e assist\u00eancia aos imigrantes mais vulner\u00e1veis e organizar o retorno volunt\u00e1rio dos que querem regressar para integrar os seus pa\u00edses de origem, atrav\u00e9s das oportunidades variadas nomeadamente, a forma\u00e7\u00e3o profissional e a cria\u00e7\u00e3o de emprego.<\/p>\n<p>\u02baEsta iniciativa j\u00e1 apresentou resultados concretos e tang\u00edveis, onde possibilitou o retorno volunt\u00e1rio e assist\u00eancia da chegada a 6 mil imigrantes, vindos de L\u00edbia, Mali, Maurit\u00e2nia e N\u00edger, dos quais 1455 regressaram a Nig\u00e9ria, 800 para Senegal, 800 \u00e0 Guin\u00e9-Conacry, 600 \u00e0 Gambia, 421 a Mali e 154 imigrantes regressaram \u00e0 Guin\u00e9-Bissau de forma volunt\u00e1ria e segura\u02ba, espelhou Victor Madeira dos Santos.<\/p>\n<p>&nbsp;<\/p>\n<p>Por: Aguinaldo Ampa<\/p>\n<p>Foto: AA<\/p>\n<p>&nbsp;<\/p>\n<p>&nbsp;<\/p>\n","protected":false},"excerpt":{"rendered":"<p>O Secret\u00e1rio Estado das Comunidades, Dino Seide, afirmou esta ter\u00e7a-feira, 10 de Outubro 2017, que a transversalidade da migra\u00e7\u00e3o internacional&#8230;<\/p>\n","protected":false},"author":4,"featured_media":14306,"comment_status":"open","ping_status":"open","sticky":false,"template":"","format":"standard","meta":{"footnotes":""},"categories":[6,16],"tags":[],"class_list":["post-14312","post","type-post","status-publish","format-standard","has-post-thumbnail","hentry","category-inicio","category-sociedade","wpcat-6-id","wpcat-16-id"],"yoast_head":"<!-- This site is optimized with the Yoast SEO plugin v27.5 - https:\/\/yoast.com\/product\/yoast-seo-wordpress\/ -->\n<title>Dino Seide: \u02baMIGRA\u00c7\u00c3O INTERNACIONAL N\u00c3O REQUER S\u00d3 INTERVEN\u00c7\u00c3O DOS GOVERNOS, MAS SIM DOS MOVIMENTOS SOCIAIS\u02ba - O Democrata GB<\/title>\n<meta name=\"robots\" content=\"index, follow, max-snippet:-1, max-image-preview:large, max-video-preview:-1\" \/>\n<link rel=\"canonical\" href=\"https:\/\/www.odemocratagb.com\/?p=14312\" \/>\n<meta property=\"og:locale\" content=\"pt_BR\" \/>\n<meta property=\"og:type\" content=\"article\" \/>\n<meta property=\"og:title\" content=\"Dino Seide: \u02baMIGRA\u00c7\u00c3O INTERNACIONAL N\u00c3O REQUER S\u00d3 INTERVEN\u00c7\u00c3O DOS GOVERNOS, MAS SIM DOS MOVIMENTOS SOCIAIS\u02ba - O Democrata GB\" \/>\n<meta property=\"og:description\" content=\"O Secret\u00e1rio Estado das Comunidades, Dino Seide, afirmou esta ter\u00e7a-feira, 10 de Outubro 2017, que a transversalidade da migra\u00e7\u00e3o internacional...\" \/>\n<meta property=\"og:url\" content=\"https:\/\/www.odemocratagb.com\/?p=14312\" \/>\n<meta property=\"og:site_name\" content=\"O Democrata GB\" \/>\n<meta property=\"article:publisher\" content=\"https:\/\/www.facebook.com\/jornaldaguinebissau\" \/>\n<meta property=\"article:published_time\" content=\"2017-10-11T10:05:10+00:00\" \/>\n<meta property=\"og:image\" content=\"https:\/\/www.odemocratagb.com\/wp-content\/uploads\/2017\/10\/Mesa-que-presidiu-Consulta-Nacional-sobre-a-Migra\u00e7\u00e3o.jpg\" \/>\n\t<meta property=\"og:image:width\" content=\"1981\" \/>\n\t<meta property=\"og:image:height\" content=\"1246\" \/>\n\t<meta property=\"og:image:type\" content=\"image\/jpeg\" \/>\n<meta name=\"author\" content=\"Jornal Odemocrata\" \/>\n<meta name=\"twitter:card\" content=\"summary_large_image\" \/>\n<meta name=\"twitter:label1\" content=\"Escrito por\" \/>\n\t<meta name=\"twitter:data1\" content=\"Jornal Odemocrata\" \/>\n\t<meta name=\"twitter:label2\" content=\"Est. tempo de leitura\" \/>\n\t<meta name=\"twitter:data2\" content=\"3 minutos\" \/>\n<script type=\"application\/ld+json\" class=\"yoast-schema-graph\">{\"@context\":\"https:\\\/\\\/schema.org\",\"@graph\":[{\"@type\":\"Article\",\"@id\":\"https:\\\/\\\/www.odemocratagb.com\\\/?p=14312#article\",\"isPartOf\":{\"@id\":\"https:\\\/\\\/www.odemocratagb.com\\\/?p=14312\"},\"author\":{\"name\":\"Jornal Odemocrata\",\"@id\":\"https:\\\/\\\/www.odemocratagb.com\\\/#\\\/schema\\\/person\\\/c5e683adeaf9b557e57cf1a8a591b0c0\"},\"headline\":\"Dino Seide: \u02baMIGRA\u00c7\u00c3O INTERNACIONAL N\u00c3O REQUER S\u00d3 INTERVEN\u00c7\u00c3O DOS GOVERNOS, MAS SIM DOS MOVIMENTOS SOCIAIS\u02ba\",\"datePublished\":\"2017-10-11T10:05:10+00:00\",\"mainEntityOfPage\":{\"@id\":\"https:\\\/\\\/www.odemocratagb.com\\\/?p=14312\"},\"wordCount\":565,\"commentCount\":0,\"publisher\":{\"@id\":\"https:\\\/\\\/www.odemocratagb.com\\\/#organization\"},\"image\":{\"@id\":\"https:\\\/\\\/www.odemocratagb.com\\\/?p=14312#primaryimage\"},\"thumbnailUrl\":\"https:\\\/\\\/www.odemocratagb.com\\\/wp-content\\\/uploads\\\/2017\\\/10\\\/Mesa-que-presidiu-Consulta-Nacional-sobre-a-Migra\u00e7\u00e3o.jpg\",\"articleSection\":[\"Atualidade\",\"Sociedade\"],\"inLanguage\":\"pt-BR\",\"potentialAction\":[{\"@type\":\"CommentAction\",\"name\":\"Comment\",\"target\":[\"https:\\\/\\\/www.odemocratagb.com\\\/?p=14312#respond\"]}]},{\"@type\":\"WebPage\",\"@id\":\"https:\\\/\\\/www.odemocratagb.com\\\/?p=14312\",\"url\":\"https:\\\/\\\/www.odemocratagb.com\\\/?p=14312\",\"name\":\"Dino Seide: \u02baMIGRA\u00c7\u00c3O INTERNACIONAL N\u00c3O REQUER S\u00d3 INTERVEN\u00c7\u00c3O DOS GOVERNOS, MAS SIM DOS MOVIMENTOS SOCIAIS\u02ba - O Democrata GB\",\"isPartOf\":{\"@id\":\"https:\\\/\\\/www.odemocratagb.com\\\/#website\"},\"primaryImageOfPage\":{\"@id\":\"https:\\\/\\\/www.odemocratagb.com\\\/?p=14312#primaryimage\"},\"image\":{\"@id\":\"https:\\\/\\\/www.odemocratagb.com\\\/?p=14312#primaryimage\"},\"thumbnailUrl\":\"https:\\\/\\\/www.odemocratagb.com\\\/wp-content\\\/uploads\\\/2017\\\/10\\\/Mesa-que-presidiu-Consulta-Nacional-sobre-a-Migra\u00e7\u00e3o.jpg\",\"datePublished\":\"2017-10-11T10:05:10+00:00\",\"breadcrumb\":{\"@id\":\"https:\\\/\\\/www.odemocratagb.com\\\/?p=14312#breadcrumb\"},\"inLanguage\":\"pt-BR\",\"potentialAction\":[{\"@type\":\"ReadAction\",\"target\":[\"https:\\\/\\\/www.odemocratagb.com\\\/?p=14312\"]}]},{\"@type\":\"ImageObject\",\"inLanguage\":\"pt-BR\",\"@id\":\"https:\\\/\\\/www.odemocratagb.com\\\/?p=14312#primaryimage\",\"url\":\"https:\\\/\\\/www.odemocratagb.com\\\/wp-content\\\/uploads\\\/2017\\\/10\\\/Mesa-que-presidiu-Consulta-Nacional-sobre-a-Migra\u00e7\u00e3o.jpg\",\"contentUrl\":\"https:\\\/\\\/www.odemocratagb.com\\\/wp-content\\\/uploads\\\/2017\\\/10\\\/Mesa-que-presidiu-Consulta-Nacional-sobre-a-Migra\u00e7\u00e3o.jpg\",\"width\":1981,\"height\":1246},{\"@type\":\"BreadcrumbList\",\"@id\":\"https:\\\/\\\/www.odemocratagb.com\\\/?p=14312#breadcrumb\",\"itemListElement\":[{\"@type\":\"ListItem\",\"position\":1,\"name\":\"In\u00edcio\",\"item\":\"https:\\\/\\\/www.odemocratagb.com\\\/\"},{\"@type\":\"ListItem\",\"position\":2,\"name\":\"Dino Seide: \u02baMIGRA\u00c7\u00c3O INTERNACIONAL N\u00c3O REQUER S\u00d3 INTERVEN\u00c7\u00c3O DOS GOVERNOS, MAS SIM DOS MOVIMENTOS SOCIAIS\u02ba\"}]},{\"@type\":\"WebSite\",\"@id\":\"https:\\\/\\\/www.odemocratagb.com\\\/#website\",\"url\":\"https:\\\/\\\/www.odemocratagb.com\\\/\",\"name\":\"O Democrata GB\",\"description\":\"Jornal O Democrata GB\",\"publisher\":{\"@id\":\"https:\\\/\\\/www.odemocratagb.com\\\/#organization\"},\"potentialAction\":[{\"@type\":\"SearchAction\",\"target\":{\"@type\":\"EntryPoint\",\"urlTemplate\":\"https:\\\/\\\/www.odemocratagb.com\\\/?s={search_term_string}\"},\"query-input\":{\"@type\":\"PropertyValueSpecification\",\"valueRequired\":true,\"valueName\":\"search_term_string\"}}],\"inLanguage\":\"pt-BR\"},{\"@type\":\"Organization\",\"@id\":\"https:\\\/\\\/www.odemocratagb.com\\\/#organization\",\"name\":\"O Democrata GB\",\"url\":\"https:\\\/\\\/www.odemocratagb.com\\\/\",\"logo\":{\"@type\":\"ImageObject\",\"inLanguage\":\"pt-BR\",\"@id\":\"https:\\\/\\\/www.odemocratagb.com\\\/#\\\/schema\\\/logo\\\/image\\\/\",\"url\":\"https:\\\/\\\/www.odemocratagb.com\\\/wp-content\\\/uploads\\\/2026\\\/04\\\/logo-odemocratagb.png\",\"contentUrl\":\"https:\\\/\\\/www.odemocratagb.com\\\/wp-content\\\/uploads\\\/2026\\\/04\\\/logo-odemocratagb.png\",\"width\":1250,\"height\":327,\"caption\":\"O Democrata GB\"},\"image\":{\"@id\":\"https:\\\/\\\/www.odemocratagb.com\\\/#\\\/schema\\\/logo\\\/image\\\/\"},\"sameAs\":[\"https:\\\/\\\/www.facebook.com\\\/jornaldaguinebissau\",\"https:\\\/\\\/www.instagram.com\\\/odemocratagb\"]},{\"@type\":\"Person\",\"@id\":\"https:\\\/\\\/www.odemocratagb.com\\\/#\\\/schema\\\/person\\\/c5e683adeaf9b557e57cf1a8a591b0c0\",\"name\":\"Jornal Odemocrata\",\"image\":{\"@type\":\"ImageObject\",\"inLanguage\":\"pt-BR\",\"@id\":\"https:\\\/\\\/secure.gravatar.com\\\/avatar\\\/09cb6b76eee5612f7cfca9e0089e2f17141d417bd034905eee842945c87fd87f?s=96&d=mm&r=g\",\"url\":\"https:\\\/\\\/secure.gravatar.com\\\/avatar\\\/09cb6b76eee5612f7cfca9e0089e2f17141d417bd034905eee842945c87fd87f?s=96&d=mm&r=g\",\"contentUrl\":\"https:\\\/\\\/secure.gravatar.com\\\/avatar\\\/09cb6b76eee5612f7cfca9e0089e2f17141d417bd034905eee842945c87fd87f?s=96&d=mm&r=g\",\"caption\":\"Jornal Odemocrata\"},\"sameAs\":[\"http:\\\/\\\/odemocratagb.com\"],\"url\":\"https:\\\/\\\/www.odemocratagb.com\\\/?author=4\"}]}<\/script>\n<!-- \/ Yoast SEO plugin. -->","yoast_head_json":{"title":"Dino Seide: \u02baMIGRA\u00c7\u00c3O INTERNACIONAL N\u00c3O REQUER S\u00d3 INTERVEN\u00c7\u00c3O DOS GOVERNOS, MAS SIM DOS MOVIMENTOS SOCIAIS\u02ba - O Democrata GB","robots":{"index":"index","follow":"follow","max-snippet":"max-snippet:-1","max-image-preview":"max-image-preview:large","max-video-preview":"max-video-preview:-1"},"canonical":"https:\/\/www.odemocratagb.com\/?p=14312","og_locale":"pt_BR","og_type":"article","og_title":"Dino Seide: \u02baMIGRA\u00c7\u00c3O INTERNACIONAL N\u00c3O REQUER S\u00d3 INTERVEN\u00c7\u00c3O DOS GOVERNOS, MAS SIM DOS MOVIMENTOS SOCIAIS\u02ba - O Democrata GB","og_description":"O Secret\u00e1rio Estado das Comunidades, Dino Seide, afirmou esta ter\u00e7a-feira, 10 de Outubro 2017, que a transversalidade da migra\u00e7\u00e3o internacional...","og_url":"https:\/\/www.odemocratagb.com\/?p=14312","og_site_name":"O Democrata GB","article_publisher":"https:\/\/www.facebook.com\/jornaldaguinebissau","article_published_time":"2017-10-11T10:05:10+00:00","og_image":[{"width":1981,"height":1246,"url":"https:\/\/www.odemocratagb.com\/wp-content\/uploads\/2017\/10\/Mesa-que-presidiu-Consulta-Nacional-sobre-a-Migra\u00e7\u00e3o.jpg","type":"image\/jpeg"}],"author":"Jornal Odemocrata","twitter_card":"summary_large_image","twitter_misc":{"Escrito por":"Jornal Odemocrata","Est. tempo de leitura":"3 minutos"},"schema":{"@context":"https:\/\/schema.org","@graph":[{"@type":"Article","@id":"https:\/\/www.odemocratagb.com\/?p=14312#article","isPartOf":{"@id":"https:\/\/www.odemocratagb.com\/?p=14312"},"author":{"name":"Jornal Odemocrata","@id":"https:\/\/www.odemocratagb.com\/#\/schema\/person\/c5e683adeaf9b557e57cf1a8a591b0c0"},"headline":"Dino Seide: \u02baMIGRA\u00c7\u00c3O INTERNACIONAL N\u00c3O REQUER S\u00d3 INTERVEN\u00c7\u00c3O DOS GOVERNOS, MAS SIM DOS MOVIMENTOS SOCIAIS\u02ba","datePublished":"2017-10-11T10:05:10+00:00","mainEntityOfPage":{"@id":"https:\/\/www.odemocratagb.com\/?p=14312"},"wordCount":565,"commentCount":0,"publisher":{"@id":"https:\/\/www.odemocratagb.com\/#organization"},"image":{"@id":"https:\/\/www.odemocratagb.com\/?p=14312#primaryimage"},"thumbnailUrl":"https:\/\/www.odemocratagb.com\/wp-content\/uploads\/2017\/10\/Mesa-que-presidiu-Consulta-Nacional-sobre-a-Migra\u00e7\u00e3o.jpg","articleSection":["Atualidade","Sociedade"],"inLanguage":"pt-BR","potentialAction":[{"@type":"CommentAction","name":"Comment","target":["https:\/\/www.odemocratagb.com\/?p=14312#respond"]}]},{"@type":"WebPage","@id":"https:\/\/www.odemocratagb.com\/?p=14312","url":"https:\/\/www.odemocratagb.com\/?p=14312","name":"Dino Seide: \u02baMIGRA\u00c7\u00c3O INTERNACIONAL N\u00c3O REQUER S\u00d3 INTERVEN\u00c7\u00c3O DOS GOVERNOS, MAS SIM DOS MOVIMENTOS SOCIAIS\u02ba - O Democrata GB","isPartOf":{"@id":"https:\/\/www.odemocratagb.com\/#website"},"primaryImageOfPage":{"@id":"https:\/\/www.odemocratagb.com\/?p=14312#primaryimage"},"image":{"@id":"https:\/\/www.odemocratagb.com\/?p=14312#primaryimage"},"thumbnailUrl":"https:\/\/www.odemocratagb.com\/wp-content\/uploads\/2017\/10\/Mesa-que-presidiu-Consulta-Nacional-sobre-a-Migra\u00e7\u00e3o.jpg","datePublished":"2017-10-11T10:05:10+00:00","breadcrumb":{"@id":"https:\/\/www.odemocratagb.com\/?p=14312#breadcrumb"},"inLanguage":"pt-BR","potentialAction":[{"@type":"ReadAction","target":["https:\/\/www.odemocratagb.com\/?p=14312"]}]},{"@type":"ImageObject","inLanguage":"pt-BR","@id":"https:\/\/www.odemocratagb.com\/?p=14312#primaryimage","url":"https:\/\/www.odemocratagb.com\/wp-content\/uploads\/2017\/10\/Mesa-que-presidiu-Consulta-Nacional-sobre-a-Migra\u00e7\u00e3o.jpg","contentUrl":"https:\/\/www.odemocratagb.com\/wp-content\/uploads\/2017\/10\/Mesa-que-presidiu-Consulta-Nacional-sobre-a-Migra\u00e7\u00e3o.jpg","width":1981,"height":1246},{"@type":"BreadcrumbList","@id":"https:\/\/www.odemocratagb.com\/?p=14312#breadcrumb","itemListElement":[{"@type":"ListItem","position":1,"name":"In\u00edcio","item":"https:\/\/www.odemocratagb.com\/"},{"@type":"ListItem","position":2,"name":"Dino Seide: \u02baMIGRA\u00c7\u00c3O INTERNACIONAL N\u00c3O REQUER S\u00d3 INTERVEN\u00c7\u00c3O DOS GOVERNOS, MAS SIM DOS MOVIMENTOS SOCIAIS\u02ba"}]},{"@type":"WebSite","@id":"https:\/\/www.odemocratagb.com\/#website","url":"https:\/\/www.odemocratagb.com\/","name":"O Democrata GB","description":"Jornal O Democrata GB","publisher":{"@id":"https:\/\/www.odemocratagb.com\/#organization"},"potentialAction":[{"@type":"SearchAction","target":{"@type":"EntryPoint","urlTemplate":"https:\/\/www.odemocratagb.com\/?s={search_term_string}"},"query-input":{"@type":"PropertyValueSpecification","valueRequired":true,"valueName":"search_term_string"}}],"inLanguage":"pt-BR"},{"@type":"Organization","@id":"https:\/\/www.odemocratagb.com\/#organization","name":"O Democrata GB","url":"https:\/\/www.odemocratagb.com\/","logo":{"@type":"ImageObject","inLanguage":"pt-BR","@id":"https:\/\/www.odemocratagb.com\/#\/schema\/logo\/image\/","url":"https:\/\/www.odemocratagb.com\/wp-content\/uploads\/2026\/04\/logo-odemocratagb.png","contentUrl":"https:\/\/www.odemocratagb.com\/wp-content\/uploads\/2026\/04\/logo-odemocratagb.png","width":1250,"height":327,"caption":"O Democrata GB"},"image":{"@id":"https:\/\/www.odemocratagb.com\/#\/schema\/logo\/image\/"},"sameAs":["https:\/\/www.facebook.com\/jornaldaguinebissau","https:\/\/www.instagram.com\/odemocratagb"]},{"@type":"Person","@id":"https:\/\/www.odemocratagb.com\/#\/schema\/person\/c5e683adeaf9b557e57cf1a8a591b0c0","name":"Jornal Odemocrata","image":{"@type":"ImageObject","inLanguage":"pt-BR","@id":"https:\/\/secure.gravatar.com\/avatar\/09cb6b76eee5612f7cfca9e0089e2f17141d417bd034905eee842945c87fd87f?s=96&d=mm&r=g","url":"https:\/\/secure.gravatar.com\/avatar\/09cb6b76eee5612f7cfca9e0089e2f17141d417bd034905eee842945c87fd87f?s=96&d=mm&r=g","contentUrl":"https:\/\/secure.gravatar.com\/avatar\/09cb6b76eee5612f7cfca9e0089e2f17141d417bd034905eee842945c87fd87f?s=96&d=mm&r=g","caption":"Jornal Odemocrata"},"sameAs":["http:\/\/odemocratagb.com"],"url":"https:\/\/www.odemocratagb.com\/?author=4"}]}},"_links":{"self":[{"href":"https:\/\/www.odemocratagb.com\/index.php?rest_route=\/wp\/v2\/posts\/14312","targetHints":{"allow":["GET"]}}],"collection":[{"href":"https:\/\/www.odemocratagb.com\/index.php?rest_route=\/wp\/v2\/posts"}],"about":[{"href":"https:\/\/www.odemocratagb.com\/index.php?rest_route=\/wp\/v2\/types\/post"}],"author":[{"embeddable":true,"href":"https:\/\/www.odemocratagb.com\/index.php?rest_route=\/wp\/v2\/users\/4"}],"replies":[{"embeddable":true,"href":"https:\/\/www.odemocratagb.com\/index.php?rest_route=%2Fwp%2Fv2%2Fcomments&post=14312"}],"version-history":[{"count":1,"href":"https:\/\/www.odemocratagb.com\/index.php?rest_route=\/wp\/v2\/posts\/14312\/revisions"}],"predecessor-version":[{"id":14313,"href":"https:\/\/www.odemocratagb.com\/index.php?rest_route=\/wp\/v2\/posts\/14312\/revisions\/14313"}],"wp:featuredmedia":[{"embeddable":true,"href":"https:\/\/www.odemocratagb.com\/index.php?rest_route=\/wp\/v2\/media\/14306"}],"wp:attachment":[{"href":"https:\/\/www.odemocratagb.com\/index.php?rest_route=%2Fwp%2Fv2%2Fmedia&parent=14312"}],"wp:term":[{"taxonomy":"category","embeddable":true,"href":"https:\/\/www.odemocratagb.com\/index.php?rest_route=%2Fwp%2Fv2%2Fcategories&post=14312"},{"taxonomy":"post_tag","embeddable":true,"href":"https:\/\/www.odemocratagb.com\/index.php?rest_route=%2Fwp%2Fv2%2Ftags&post=14312"}],"curies":[{"name":"wp","href":"https:\/\/api.w.org\/{rel}","templated":true}]}}