{"id":14652,"date":"2017-11-15T19:08:28","date_gmt":"2017-11-15T19:08:28","guid":{"rendered":"http:\/\/www.odemocratagb.com\/?p=14652"},"modified":"2017-11-15T19:10:46","modified_gmt":"2017-11-15T19:10:46","slug":"presidente-jomav-reconhece-que-rede-eletrica-de-bissau-e-obsoleta-e-priva-moradores-acesso-a-luz","status":"publish","type":"post","link":"https:\/\/www.odemocratagb.com\/?p=14652","title":{"rendered":"PRESIDENTE JOMAV RECONHECE QUE REDE EL\u00c9TRICA DE BISSAU \u00c9 OBSOLETA E PRIVA MORADORES ACESSO \u00c0 LUZ"},"content":{"rendered":"<p>O Presidente da Rep\u00fablica, Jos\u00e9 M\u00e1rio Vaz reconheceu que antes e durante a sua presid\u00eancia, o fornecimento da corrente el\u00e9trica da rede p\u00fablica registou cortes devido \u00e0 obsoletividade e avarias nos grupos, privando assim os moradores de Bissau e arredores o acesso &#8220;a este bem t\u00e3o precioso e reconhecidamente\u00a0 essencial para a vida de qualidade dos cidad\u00e3os&#8221;.<\/p>\n<p>A observa\u00e7\u00e3o feita por Jos\u00e9 M\u00e1rio Vaz, esta quarta-feira, 15 de Novembro de 2017, no lan\u00e7amento da Primeira pedra para a constru\u00e7\u00e3o das instala\u00e7\u00f5es que v\u00e3o albergar\u00a0 Central termoel\u00e9trica de B\u00f4r, na periferia de Bissau.<\/p>\n<p>O Chefe de Estado lembra, neste sentido, que os benef\u00edcios da luz el\u00e9trica estavam reservados a um grupo dos privilegiados que dispunham de geradores pr\u00f3prios, ou de alguns produtores independentes, que disponibilizavam esse bem aqu\u00e9m tivesse condi\u00e7\u00f5es para pagar a pre\u00e7os altamente exorbitantes, naturalmente, fora do alcance da maioria da popula\u00e7\u00e3o guineense.<\/p>\n<p>&#8220;At\u00e9 aqui a luz era considerada um bem de luxo e n\u00e3o de primeira necessidade como devia ser\u201d, lembra, sublinhando, contudo, que \u00e9 inaceit\u00e1vel que as pessoas continuem a viver as escuras, sem luz el\u00e9trica permanente nas suas casas.<\/p>\n<p>&#8220;Queremos a luz para todos e a pre\u00e7o acess\u00edvel para todos os guineenses. Estamos nestas fun\u00e7\u00f5es atrav\u00e9s do voto do nosso povo e \u00e9 para servir o bem comum que estamos aqui. \u00c9 para o bem de todos que o governante \u00e9 eleito, o contr\u00e1rio n\u00e3o vale a pena sermos governantes\u201d, observa.<\/p>\n<p>Neste sentido, faz votos para que o esfor\u00e7o no fornecimento da energia seja extens\u00edvel a n\u00edvel nacional, ou seja, que a luz da rede p\u00fablica chegue a toda popula\u00e7\u00e3o tanto na cidade como no interior ou nas ilhas do pa\u00eds, criando assim condi\u00e7\u00f5es que ajudem a proporcionar uma qualidade de vida compat\u00edvel com as aspira\u00e7\u00f5es da vida moderna que todos os guineenses merecem.<\/p>\n<p><strong>CENTRAL T\u00c9RMICA DE BOR TER\u00c1 CAPACIDADE DE QUINZE MEGA WATTS<\/strong><\/p>\n<p>A Central T\u00e9rmica de B\u00f4r ter\u00e1 a capacidade de produ\u00e7\u00e3o energ\u00e9tica\u00a0 de 15\u00a0 Mega Watts repartidas por tr\u00eas grupos de eletrog\u00eaneos de 5 Mega Watts de nova gera\u00e7\u00e3o, os quais ser\u00e3o alimentados a fuel pesado acessivelmente mais barato que o gas\u00f3leo. Os seus motores funcionam a quinhentas rota\u00e7\u00f5es por minuto, o que permite n\u00e3o s\u00f3 ter o maior rendimento do combust\u00edvel, como o menor desgaste de equipamentos e, consequentemente uma maior durabilidade do investimento realizado num montante de 22 bili\u00f5es de francos CFA.<\/p>\n<p>O Ministro do Estado, da Energia e Ind\u00fastria, Florentino Mendes Pereira anuncia, por sua vez, que o Governo vai dar in\u00edcio \u00e0 constru\u00e7\u00e3o da respetiva rede de evacua\u00e7\u00e3o que permitir\u00e1 fazer chegar a energia \u00e0 rede de distribui\u00e7\u00e3o, incluindo a constru\u00e7\u00e3o de dois postos de transforma\u00e7\u00e3o essenciais para melhorar a qualidade de eletricidade, estabilizando\u00a0 a corrente e erradicando picos pontuais de tens\u00e3o. Uma obra estimada em mais de seis bili\u00f5es\u00a0 de francos CFA.<\/p>\n<p>Segundo o Ministro de Estado, da Energia e Ind\u00fastria, apesar de se tratar de contratos individualmente formalizados, os trabalhos foram articulados entre as empresas vencedoras do concurso, que funcionaram como um cons\u00f3rcio de forma a garantir um resultado integrado e funcional.<\/p>\n<p>Ambos os contratos foram atribu\u00eddos atrav\u00e9s de um concurso p\u00fablico internacional, cujos termos de refer\u00eancia resultam das especifica\u00e7\u00f5es t\u00e9cnicas\u00a0\u00a0 formuladas por uma equipa multisetorial da EAGB e do Minist\u00e9rio da Energia e Ind\u00fastria criada especificamente para definir as orienta\u00e7\u00f5es estrat\u00e9gicas que deveriam orientar um plano de melhoria de abastecimento em energia el\u00e9trica \u00e0 capital Bissau, previsto para entrar em funcionamento num prazo de 17 meses.<\/p>\n<p>No \u00e2mbito de um conjunto de projetos ligados a setor energ\u00e9tico, o Governo da Guin\u00e9-Bissau perspectiva at\u00e9 17 de Dezembro pr\u00f3ximo proceder \u00e0 abertura da proposta de concurso p\u00fablico internacional para adjudica\u00e7\u00e3o da constru\u00e7\u00e3o das instala\u00e7\u00f5es da antiga Central El\u00e9trica de Bissau, de um grupo de geradores termoel\u00e9tricos de 22 Megga Watts, com financiamento de Banco \u00c1rabe para\u00a0 o Desenvolvimento Econ\u00f3mico em \u00c1frica (BADA) e simultaneamente ser\u00e1 constru\u00edda, em Gardete, arredores de Cumura, setor de Prabis, uma Central Fotovoltaica com a capacidade de produ\u00e7\u00e3o energ\u00e9tica de 20 MW, cujo financiamento j\u00e1 est\u00e1 garantido pelo Banco Oeste Africano para o Desenvolvimento (BOAD) e formalizado\u00a0 h\u00e1 14 de Novembro pelo Ministro de Estado, da Economia e Finan\u00e7as, Jo\u00e3o Aladje Fadia.<\/p>\n<p>A Central funcionar\u00e1 em regime h\u00edbrido com as duas outras centrais t\u00e9rmicas, minimizando assim o impacto ambiental e permitir baixar significativamente os custos de produ\u00e7\u00e3o \u201cdemasiado elevados da EAGB\u201d, o que, segundo os respons\u00e1veis da empresa, tem criado enormes problemas, uma vez que a tarifa aplicada se encontra abaixo do seu custo. As Centrais estar\u00e3o operacionais num prazo de oito meses.<\/p>\n<p>Em rela\u00e7\u00e3o ao processo de distribui\u00e7\u00e3o da energia, Florentino Mendes Pereira informou que est\u00e3o em curso os trabalhos da rede em anel, em torno de Bissau, financiados pelo BAD com tr\u00eas pontos de inje\u00e7\u00e3o-Br\u00e1, atual Central de Bissau e em Antula.<\/p>\n<p>Com o financiamento do Banco Mundial, o Executivo liderado por Umaro Sissoco Embal\u00f3 revela que tem ainda em curso o projeto de extens\u00e3o da rede el\u00e9trica a Prabis e Safim, ambas as localidades pertencentes \u00e0 regi\u00e3o de Biombo.<\/p>\n<p>&#8220;Na cidade de Buba, por exemplo, o Governo est\u00e1 a finalizar os trabalhos da rede de distribui\u00e7\u00e3o e da interconex\u00e3o entre as regi\u00f5es de Quinara e Tombali associadas \u00e0 constru\u00e7\u00e3o\u00a0 de uma Central T\u00e9rmica de 5MW com o financiamento\u00a0 do Governo indiano\u201d, acrescenta.<\/p>\n<p>Foi neste contexto que o Mendes Pereira avan\u00e7a que o Governo est\u00e1 a estudar a possibilidade de inverter essa Central Fotovoltaica devido \u00e0s preocupa\u00e7\u00f5es ambientais inerentes a aproxima\u00e7\u00e3o do Parque Natural da Lagoa de Cufada, bem como reduzir os custos de produ\u00e7\u00e3o.<\/p>\n<p>Finalmente, o Governo anuncia que pretende alargar o projeto de eletrifica\u00e7\u00e3o a 14 cidades a n\u00edvel nacional com o financiamento j\u00e1 garantido pelo Banco Oeste Africano para o Desenvolvimento (BOAD).<\/p>\n<p>De referir que a Central El\u00e9trica \u00e0 fuel ter\u00e1, na sua primeira fase, a capacidade de 15 Megga Watts, com equipamentos de evacua\u00e7\u00e3o e de transporte de energia para um n\u00edvel de cem Megga Watts.<\/p>\n<p>A sua capacidade de armazenar ser\u00e1 de mil metros c\u00fabicos\u00a0 de fuel pesado cada e um dep\u00f3sito de trezentos metros c\u00fabicos para gas\u00f3leo, cuja superf\u00edcie total\u00a0 se estima em noventa mil e oitocentos\u00a0 e sessenta e nove metros quadrados para tr\u00eas grupos de cinco Megga Watts cada.<\/p>\n<p>A obra de constru\u00e7\u00e3o ser\u00e1 executada por uma empresa portuguesa &#8220;EFACEC&#8221; com mais de 70 anos de exist\u00eancia.<\/p>\n<p>&nbsp;<\/p>\n<p>&nbsp;<\/p>\n<p>Por: Filomeno Samb\u00fa<\/p>\n<p>Foto: ANG<\/p>\n","protected":false},"excerpt":{"rendered":"<p>O Presidente da Rep\u00fablica, Jos\u00e9 M\u00e1rio Vaz reconheceu que antes e durante a sua presid\u00eancia, o fornecimento da corrente el\u00e9trica&#8230;<\/p>\n","protected":false},"author":4,"featured_media":14650,"comment_status":"open","ping_status":"open","sticky":false,"template":"","format":"standard","meta":{"footnotes":""},"categories":[6,16],"tags":[],"class_list":["post-14652","post","type-post","status-publish","format-standard","has-post-thumbnail","hentry","category-inicio","category-sociedade","wpcat-6-id","wpcat-16-id"],"yoast_head":"<!-- This site is optimized with the Yoast SEO plugin v27.5 - https:\/\/yoast.com\/product\/yoast-seo-wordpress\/ -->\n<title>PRESIDENTE JOMAV RECONHECE QUE REDE EL\u00c9TRICA DE BISSAU \u00c9 OBSOLETA E PRIVA MORADORES ACESSO \u00c0 LUZ - O Democrata GB<\/title>\n<meta name=\"robots\" content=\"index, follow, max-snippet:-1, max-image-preview:large, max-video-preview:-1\" \/>\n<link rel=\"canonical\" href=\"https:\/\/www.odemocratagb.com\/?p=14652\" \/>\n<meta property=\"og:locale\" content=\"pt_BR\" \/>\n<meta property=\"og:type\" content=\"article\" \/>\n<meta property=\"og:title\" content=\"PRESIDENTE JOMAV RECONHECE QUE REDE EL\u00c9TRICA DE BISSAU \u00c9 OBSOLETA E PRIVA MORADORES ACESSO \u00c0 LUZ - O Democrata GB\" \/>\n<meta property=\"og:description\" content=\"O Presidente da Rep\u00fablica, Jos\u00e9 M\u00e1rio Vaz reconheceu que antes e durante a sua presid\u00eancia, o fornecimento da corrente el\u00e9trica...\" \/>\n<meta property=\"og:url\" content=\"https:\/\/www.odemocratagb.com\/?p=14652\" \/>\n<meta property=\"og:site_name\" content=\"O Democrata GB\" \/>\n<meta property=\"article:publisher\" content=\"https:\/\/www.facebook.com\/jornaldaguinebissau\" \/>\n<meta property=\"article:published_time\" content=\"2017-11-15T19:08:28+00:00\" \/>\n<meta property=\"article:modified_time\" content=\"2017-11-15T19:10:46+00:00\" \/>\n<meta property=\"og:image\" content=\"https:\/\/www.odemocratagb.com\/wp-content\/uploads\/2017\/11\/jomav-eletricidade.jpg\" \/>\n\t<meta property=\"og:image:width\" content=\"1200\" \/>\n\t<meta property=\"og:image:height\" content=\"1600\" \/>\n\t<meta property=\"og:image:type\" content=\"image\/jpeg\" \/>\n<meta name=\"author\" content=\"Jornal Odemocrata\" \/>\n<meta name=\"twitter:card\" content=\"summary_large_image\" \/>\n<meta name=\"twitter:label1\" content=\"Escrito por\" \/>\n\t<meta name=\"twitter:data1\" content=\"Jornal Odemocrata\" \/>\n\t<meta name=\"twitter:label2\" content=\"Est. tempo de leitura\" \/>\n\t<meta name=\"twitter:data2\" content=\"6 minutos\" \/>\n<script type=\"application\/ld+json\" class=\"yoast-schema-graph\">{\"@context\":\"https:\\\/\\\/schema.org\",\"@graph\":[{\"@type\":\"Article\",\"@id\":\"https:\\\/\\\/www.odemocratagb.com\\\/?p=14652#article\",\"isPartOf\":{\"@id\":\"https:\\\/\\\/www.odemocratagb.com\\\/?p=14652\"},\"author\":{\"name\":\"Jornal Odemocrata\",\"@id\":\"https:\\\/\\\/www.odemocratagb.com\\\/#\\\/schema\\\/person\\\/c5e683adeaf9b557e57cf1a8a591b0c0\"},\"headline\":\"PRESIDENTE JOMAV RECONHECE QUE REDE EL\u00c9TRICA DE BISSAU \u00c9 OBSOLETA E PRIVA MORADORES ACESSO \u00c0 LUZ\",\"datePublished\":\"2017-11-15T19:08:28+00:00\",\"dateModified\":\"2017-11-15T19:10:46+00:00\",\"mainEntityOfPage\":{\"@id\":\"https:\\\/\\\/www.odemocratagb.com\\\/?p=14652\"},\"wordCount\":1166,\"commentCount\":2,\"publisher\":{\"@id\":\"https:\\\/\\\/www.odemocratagb.com\\\/#organization\"},\"image\":{\"@id\":\"https:\\\/\\\/www.odemocratagb.com\\\/?p=14652#primaryimage\"},\"thumbnailUrl\":\"https:\\\/\\\/www.odemocratagb.com\\\/wp-content\\\/uploads\\\/2017\\\/11\\\/jomav-eletricidade.jpg\",\"articleSection\":[\"Atualidade\",\"Sociedade\"],\"inLanguage\":\"pt-BR\",\"potentialAction\":[{\"@type\":\"CommentAction\",\"name\":\"Comment\",\"target\":[\"https:\\\/\\\/www.odemocratagb.com\\\/?p=14652#respond\"]}]},{\"@type\":\"WebPage\",\"@id\":\"https:\\\/\\\/www.odemocratagb.com\\\/?p=14652\",\"url\":\"https:\\\/\\\/www.odemocratagb.com\\\/?p=14652\",\"name\":\"PRESIDENTE JOMAV RECONHECE QUE REDE EL\u00c9TRICA DE BISSAU \u00c9 OBSOLETA E PRIVA MORADORES ACESSO \u00c0 LUZ - O Democrata GB\",\"isPartOf\":{\"@id\":\"https:\\\/\\\/www.odemocratagb.com\\\/#website\"},\"primaryImageOfPage\":{\"@id\":\"https:\\\/\\\/www.odemocratagb.com\\\/?p=14652#primaryimage\"},\"image\":{\"@id\":\"https:\\\/\\\/www.odemocratagb.com\\\/?p=14652#primaryimage\"},\"thumbnailUrl\":\"https:\\\/\\\/www.odemocratagb.com\\\/wp-content\\\/uploads\\\/2017\\\/11\\\/jomav-eletricidade.jpg\",\"datePublished\":\"2017-11-15T19:08:28+00:00\",\"dateModified\":\"2017-11-15T19:10:46+00:00\",\"breadcrumb\":{\"@id\":\"https:\\\/\\\/www.odemocratagb.com\\\/?p=14652#breadcrumb\"},\"inLanguage\":\"pt-BR\",\"potentialAction\":[{\"@type\":\"ReadAction\",\"target\":[\"https:\\\/\\\/www.odemocratagb.com\\\/?p=14652\"]}]},{\"@type\":\"ImageObject\",\"inLanguage\":\"pt-BR\",\"@id\":\"https:\\\/\\\/www.odemocratagb.com\\\/?p=14652#primaryimage\",\"url\":\"https:\\\/\\\/www.odemocratagb.com\\\/wp-content\\\/uploads\\\/2017\\\/11\\\/jomav-eletricidade.jpg\",\"contentUrl\":\"https:\\\/\\\/www.odemocratagb.com\\\/wp-content\\\/uploads\\\/2017\\\/11\\\/jomav-eletricidade.jpg\",\"width\":1200,\"height\":1600},{\"@type\":\"BreadcrumbList\",\"@id\":\"https:\\\/\\\/www.odemocratagb.com\\\/?p=14652#breadcrumb\",\"itemListElement\":[{\"@type\":\"ListItem\",\"position\":1,\"name\":\"In\u00edcio\",\"item\":\"https:\\\/\\\/www.odemocratagb.com\\\/\"},{\"@type\":\"ListItem\",\"position\":2,\"name\":\"PRESIDENTE JOMAV RECONHECE QUE REDE EL\u00c9TRICA DE BISSAU \u00c9 OBSOLETA E PRIVA MORADORES ACESSO \u00c0 LUZ\"}]},{\"@type\":\"WebSite\",\"@id\":\"https:\\\/\\\/www.odemocratagb.com\\\/#website\",\"url\":\"https:\\\/\\\/www.odemocratagb.com\\\/\",\"name\":\"O Democrata GB\",\"description\":\"Jornal O Democrata GB\",\"publisher\":{\"@id\":\"https:\\\/\\\/www.odemocratagb.com\\\/#organization\"},\"potentialAction\":[{\"@type\":\"SearchAction\",\"target\":{\"@type\":\"EntryPoint\",\"urlTemplate\":\"https:\\\/\\\/www.odemocratagb.com\\\/?s={search_term_string}\"},\"query-input\":{\"@type\":\"PropertyValueSpecification\",\"valueRequired\":true,\"valueName\":\"search_term_string\"}}],\"inLanguage\":\"pt-BR\"},{\"@type\":\"Organization\",\"@id\":\"https:\\\/\\\/www.odemocratagb.com\\\/#organization\",\"name\":\"O Democrata GB\",\"url\":\"https:\\\/\\\/www.odemocratagb.com\\\/\",\"logo\":{\"@type\":\"ImageObject\",\"inLanguage\":\"pt-BR\",\"@id\":\"https:\\\/\\\/www.odemocratagb.com\\\/#\\\/schema\\\/logo\\\/image\\\/\",\"url\":\"https:\\\/\\\/www.odemocratagb.com\\\/wp-content\\\/uploads\\\/2026\\\/04\\\/logo-odemocratagb.png\",\"contentUrl\":\"https:\\\/\\\/www.odemocratagb.com\\\/wp-content\\\/uploads\\\/2026\\\/04\\\/logo-odemocratagb.png\",\"width\":1250,\"height\":327,\"caption\":\"O Democrata GB\"},\"image\":{\"@id\":\"https:\\\/\\\/www.odemocratagb.com\\\/#\\\/schema\\\/logo\\\/image\\\/\"},\"sameAs\":[\"https:\\\/\\\/www.facebook.com\\\/jornaldaguinebissau\",\"https:\\\/\\\/www.instagram.com\\\/odemocratagb\"]},{\"@type\":\"Person\",\"@id\":\"https:\\\/\\\/www.odemocratagb.com\\\/#\\\/schema\\\/person\\\/c5e683adeaf9b557e57cf1a8a591b0c0\",\"name\":\"Jornal Odemocrata\",\"image\":{\"@type\":\"ImageObject\",\"inLanguage\":\"pt-BR\",\"@id\":\"https:\\\/\\\/secure.gravatar.com\\\/avatar\\\/09cb6b76eee5612f7cfca9e0089e2f17141d417bd034905eee842945c87fd87f?s=96&d=mm&r=g\",\"url\":\"https:\\\/\\\/secure.gravatar.com\\\/avatar\\\/09cb6b76eee5612f7cfca9e0089e2f17141d417bd034905eee842945c87fd87f?s=96&d=mm&r=g\",\"contentUrl\":\"https:\\\/\\\/secure.gravatar.com\\\/avatar\\\/09cb6b76eee5612f7cfca9e0089e2f17141d417bd034905eee842945c87fd87f?s=96&d=mm&r=g\",\"caption\":\"Jornal Odemocrata\"},\"sameAs\":[\"http:\\\/\\\/odemocratagb.com\"],\"url\":\"https:\\\/\\\/www.odemocratagb.com\\\/?author=4\"}]}<\/script>\n<!-- \/ Yoast SEO plugin. -->","yoast_head_json":{"title":"PRESIDENTE JOMAV RECONHECE QUE REDE EL\u00c9TRICA DE BISSAU \u00c9 OBSOLETA E PRIVA MORADORES ACESSO \u00c0 LUZ - O Democrata GB","robots":{"index":"index","follow":"follow","max-snippet":"max-snippet:-1","max-image-preview":"max-image-preview:large","max-video-preview":"max-video-preview:-1"},"canonical":"https:\/\/www.odemocratagb.com\/?p=14652","og_locale":"pt_BR","og_type":"article","og_title":"PRESIDENTE JOMAV RECONHECE QUE REDE EL\u00c9TRICA DE BISSAU \u00c9 OBSOLETA E PRIVA MORADORES ACESSO \u00c0 LUZ - O Democrata GB","og_description":"O Presidente da Rep\u00fablica, Jos\u00e9 M\u00e1rio Vaz reconheceu que antes e durante a sua presid\u00eancia, o fornecimento da corrente el\u00e9trica...","og_url":"https:\/\/www.odemocratagb.com\/?p=14652","og_site_name":"O Democrata GB","article_publisher":"https:\/\/www.facebook.com\/jornaldaguinebissau","article_published_time":"2017-11-15T19:08:28+00:00","article_modified_time":"2017-11-15T19:10:46+00:00","og_image":[{"width":1200,"height":1600,"url":"https:\/\/www.odemocratagb.com\/wp-content\/uploads\/2017\/11\/jomav-eletricidade.jpg","type":"image\/jpeg"}],"author":"Jornal Odemocrata","twitter_card":"summary_large_image","twitter_misc":{"Escrito por":"Jornal Odemocrata","Est. tempo de leitura":"6 minutos"},"schema":{"@context":"https:\/\/schema.org","@graph":[{"@type":"Article","@id":"https:\/\/www.odemocratagb.com\/?p=14652#article","isPartOf":{"@id":"https:\/\/www.odemocratagb.com\/?p=14652"},"author":{"name":"Jornal Odemocrata","@id":"https:\/\/www.odemocratagb.com\/#\/schema\/person\/c5e683adeaf9b557e57cf1a8a591b0c0"},"headline":"PRESIDENTE JOMAV RECONHECE QUE REDE EL\u00c9TRICA DE BISSAU \u00c9 OBSOLETA E PRIVA MORADORES ACESSO \u00c0 LUZ","datePublished":"2017-11-15T19:08:28+00:00","dateModified":"2017-11-15T19:10:46+00:00","mainEntityOfPage":{"@id":"https:\/\/www.odemocratagb.com\/?p=14652"},"wordCount":1166,"commentCount":2,"publisher":{"@id":"https:\/\/www.odemocratagb.com\/#organization"},"image":{"@id":"https:\/\/www.odemocratagb.com\/?p=14652#primaryimage"},"thumbnailUrl":"https:\/\/www.odemocratagb.com\/wp-content\/uploads\/2017\/11\/jomav-eletricidade.jpg","articleSection":["Atualidade","Sociedade"],"inLanguage":"pt-BR","potentialAction":[{"@type":"CommentAction","name":"Comment","target":["https:\/\/www.odemocratagb.com\/?p=14652#respond"]}]},{"@type":"WebPage","@id":"https:\/\/www.odemocratagb.com\/?p=14652","url":"https:\/\/www.odemocratagb.com\/?p=14652","name":"PRESIDENTE JOMAV RECONHECE QUE REDE EL\u00c9TRICA DE BISSAU \u00c9 OBSOLETA E PRIVA MORADORES ACESSO \u00c0 LUZ - O Democrata GB","isPartOf":{"@id":"https:\/\/www.odemocratagb.com\/#website"},"primaryImageOfPage":{"@id":"https:\/\/www.odemocratagb.com\/?p=14652#primaryimage"},"image":{"@id":"https:\/\/www.odemocratagb.com\/?p=14652#primaryimage"},"thumbnailUrl":"https:\/\/www.odemocratagb.com\/wp-content\/uploads\/2017\/11\/jomav-eletricidade.jpg","datePublished":"2017-11-15T19:08:28+00:00","dateModified":"2017-11-15T19:10:46+00:00","breadcrumb":{"@id":"https:\/\/www.odemocratagb.com\/?p=14652#breadcrumb"},"inLanguage":"pt-BR","potentialAction":[{"@type":"ReadAction","target":["https:\/\/www.odemocratagb.com\/?p=14652"]}]},{"@type":"ImageObject","inLanguage":"pt-BR","@id":"https:\/\/www.odemocratagb.com\/?p=14652#primaryimage","url":"https:\/\/www.odemocratagb.com\/wp-content\/uploads\/2017\/11\/jomav-eletricidade.jpg","contentUrl":"https:\/\/www.odemocratagb.com\/wp-content\/uploads\/2017\/11\/jomav-eletricidade.jpg","width":1200,"height":1600},{"@type":"BreadcrumbList","@id":"https:\/\/www.odemocratagb.com\/?p=14652#breadcrumb","itemListElement":[{"@type":"ListItem","position":1,"name":"In\u00edcio","item":"https:\/\/www.odemocratagb.com\/"},{"@type":"ListItem","position":2,"name":"PRESIDENTE JOMAV RECONHECE QUE REDE EL\u00c9TRICA DE BISSAU \u00c9 OBSOLETA E PRIVA MORADORES ACESSO \u00c0 LUZ"}]},{"@type":"WebSite","@id":"https:\/\/www.odemocratagb.com\/#website","url":"https:\/\/www.odemocratagb.com\/","name":"O Democrata GB","description":"Jornal O Democrata GB","publisher":{"@id":"https:\/\/www.odemocratagb.com\/#organization"},"potentialAction":[{"@type":"SearchAction","target":{"@type":"EntryPoint","urlTemplate":"https:\/\/www.odemocratagb.com\/?s={search_term_string}"},"query-input":{"@type":"PropertyValueSpecification","valueRequired":true,"valueName":"search_term_string"}}],"inLanguage":"pt-BR"},{"@type":"Organization","@id":"https:\/\/www.odemocratagb.com\/#organization","name":"O Democrata GB","url":"https:\/\/www.odemocratagb.com\/","logo":{"@type":"ImageObject","inLanguage":"pt-BR","@id":"https:\/\/www.odemocratagb.com\/#\/schema\/logo\/image\/","url":"https:\/\/www.odemocratagb.com\/wp-content\/uploads\/2026\/04\/logo-odemocratagb.png","contentUrl":"https:\/\/www.odemocratagb.com\/wp-content\/uploads\/2026\/04\/logo-odemocratagb.png","width":1250,"height":327,"caption":"O Democrata GB"},"image":{"@id":"https:\/\/www.odemocratagb.com\/#\/schema\/logo\/image\/"},"sameAs":["https:\/\/www.facebook.com\/jornaldaguinebissau","https:\/\/www.instagram.com\/odemocratagb"]},{"@type":"Person","@id":"https:\/\/www.odemocratagb.com\/#\/schema\/person\/c5e683adeaf9b557e57cf1a8a591b0c0","name":"Jornal Odemocrata","image":{"@type":"ImageObject","inLanguage":"pt-BR","@id":"https:\/\/secure.gravatar.com\/avatar\/09cb6b76eee5612f7cfca9e0089e2f17141d417bd034905eee842945c87fd87f?s=96&d=mm&r=g","url":"https:\/\/secure.gravatar.com\/avatar\/09cb6b76eee5612f7cfca9e0089e2f17141d417bd034905eee842945c87fd87f?s=96&d=mm&r=g","contentUrl":"https:\/\/secure.gravatar.com\/avatar\/09cb6b76eee5612f7cfca9e0089e2f17141d417bd034905eee842945c87fd87f?s=96&d=mm&r=g","caption":"Jornal Odemocrata"},"sameAs":["http:\/\/odemocratagb.com"],"url":"https:\/\/www.odemocratagb.com\/?author=4"}]}},"_links":{"self":[{"href":"https:\/\/www.odemocratagb.com\/index.php?rest_route=\/wp\/v2\/posts\/14652","targetHints":{"allow":["GET"]}}],"collection":[{"href":"https:\/\/www.odemocratagb.com\/index.php?rest_route=\/wp\/v2\/posts"}],"about":[{"href":"https:\/\/www.odemocratagb.com\/index.php?rest_route=\/wp\/v2\/types\/post"}],"author":[{"embeddable":true,"href":"https:\/\/www.odemocratagb.com\/index.php?rest_route=\/wp\/v2\/users\/4"}],"replies":[{"embeddable":true,"href":"https:\/\/www.odemocratagb.com\/index.php?rest_route=%2Fwp%2Fv2%2Fcomments&post=14652"}],"version-history":[{"count":3,"href":"https:\/\/www.odemocratagb.com\/index.php?rest_route=\/wp\/v2\/posts\/14652\/revisions"}],"predecessor-version":[{"id":14655,"href":"https:\/\/www.odemocratagb.com\/index.php?rest_route=\/wp\/v2\/posts\/14652\/revisions\/14655"}],"wp:featuredmedia":[{"embeddable":true,"href":"https:\/\/www.odemocratagb.com\/index.php?rest_route=\/wp\/v2\/media\/14650"}],"wp:attachment":[{"href":"https:\/\/www.odemocratagb.com\/index.php?rest_route=%2Fwp%2Fv2%2Fmedia&parent=14652"}],"wp:term":[{"taxonomy":"category","embeddable":true,"href":"https:\/\/www.odemocratagb.com\/index.php?rest_route=%2Fwp%2Fv2%2Fcategories&post=14652"},{"taxonomy":"post_tag","embeddable":true,"href":"https:\/\/www.odemocratagb.com\/index.php?rest_route=%2Fwp%2Fv2%2Ftags&post=14652"}],"curies":[{"name":"wp","href":"https:\/\/api.w.org\/{rel}","templated":true}]}}