{"id":14656,"date":"2017-11-15T22:45:48","date_gmt":"2017-11-15T22:45:48","guid":{"rendered":"http:\/\/www.odemocratagb.com\/?p=14656"},"modified":"2017-11-15T22:45:48","modified_gmt":"2017-11-15T22:45:48","slug":"opiniao-nem-sempre-as-decisoes-republicanas-sao-as-mais-racionais-na-concepcao-do-estadista","status":"publish","type":"post","link":"https:\/\/www.odemocratagb.com\/?p=14656","title":{"rendered":"Opini\u00e3o: NEM SEMPRE AS DECIS\u00d5ES REPUBLICANAS S\u00c3O AS MAIS RACIONAIS NA CONCEP\u00c7\u00c3O DO ESTADISTA"},"content":{"rendered":"<p>H\u00e1 mais de dois anos j\u00e1 dizia publicamente e aos amigos mais pr\u00f3ximos que a crise pol\u00edtica na Guin\u00e9-Bissau estava a caminhar-se para um est\u00e1gio do qual uma solu\u00e7\u00e3o moderada para a mesma se pulverizava em uma velocidade impressionante. A nomea\u00e7\u00e3o de Sissoco \u00e0 chefia do governo, um outsider da estrutura burocr\u00e1tica superior do PAIGC, foi o ponto determinante para o agravamento do imbr\u00f3glio e o descenso ladeira a baixo da situa\u00e7\u00e3o pol\u00edtica e institucional do pa\u00eds. A sua escolha pelo JOMAV era uma manifesta\u00e7\u00e3o pol\u00edtica concreta de retirada do poder ao partido que venceu as \u00faltimas parlamentares guineenses.<\/p>\n<p>Levado a esse an\u00f4malo ato pelo c\u00edrculo pol\u00edtico composto por \u201cdeputados rebeldes\u201d dos libertadores ou pelo impulso pol\u00edtico pr\u00f3prio, \u00e0 medida que eram crescentes as contesta\u00e7\u00f5es \u00e0quele decreto, o qual o chefe de Estado n\u00e3o conseguia razoavelmente justificar \u00e0 luz das letras do chamado acordo de Conacri, o Presidente JOMAV adentrava-se progressivamente em um beco cuja sa\u00edda era dif\u00edcil de se enxergar. Vaz se transvestia de sat\u00e3 para o PAIGC e de semideus para o trip\u00e9 PRS, os 15 e o pr\u00f3prio pal\u00e1cio, e a conjuntura lhe tolhia de ser, mesmo que quisesse, um republicano Presidente de fato.<\/p>\n<p>Os com\u00edcios extra-eleitorais vistos nos \u00faltimos dias e a anunciada marcha com vistas \u00e0 pra\u00e7a dos her\u00f3is nacionais que deve ocorrer nos dias 16 e 17 do corrente m\u00eas, de acordo com os 18 partidos contr\u00e1rios ao status quo, refletem a total ci\u00eancia desses atores partid\u00e1rios de que se tudo for mantido at\u00e9 as elei\u00e7\u00f5es de 2018, as chances de se reproduzir o status quo ser\u00e3o grandes. Para o PAIGC e os seus aliados da circunst\u00e2ncia, ir \u00e0s urnas em uma elei\u00e7\u00e3o organizada por um Executivo considerado inimigo declarado \u00e9 pagar para ver uma prov\u00e1vel derrota \u2013 com poucas exce\u00e7\u00f5es, na \u00c1frica sempre quem organiza as elei\u00e7\u00f5es e delas participa as ganha.<\/p>\n<p>Para o efeito, o coletivo dos partidos que diz reivindicar por uma retomada democr\u00e1tica na Guin\u00e9-Bissau recorre, primeiro, a todas as formas de acusa\u00e7\u00e3o e criminaliza\u00e7\u00e3o de JOMAV e Sissoco, em uma tentativa de desgast\u00e1-los ainda mais e forjar a deposi\u00e7\u00e3o deste governo. A amea\u00e7a de den\u00fancia desse regime atual junto do Tribunal Penal Internacional me parece mais uma t\u00e1tica de press\u00e3o e \u201cchantagem\u201d pol\u00edtica, que dar\u00e1 em nada; at\u00e9 porque o TPI atende a den\u00fancias de crimes e viol\u00eancias contra direitos humanos praticados por governantes, e n\u00e3o \u00e9 versado em quest\u00f5es de \u201cgolpes ou subvers\u00f5es pol\u00edtico-parlamentares\u201d. Se n\u00e3o funcionar esta estrat\u00e9gia, pelo hist\u00f3rico do pa\u00eds, teoricamente n\u00e3o funcionar\u00e1, n\u00e3o se descarta a possibilidade do recurso \u00e0 t\u00e1tica de ocupar e sitiar os espa\u00e7os p\u00fablicos, inclusive o pal\u00e1cio. Nesse tipo de t\u00e1tica, geralmente o eco de eventual uso de viol\u00eancia policial e de todas as estruturas de defesa do Estado \u00e9 considerado ganho dos manifestantes, j\u00e1 que pode levar a uma interven\u00e7\u00e3o externa ou aumentar o caos interno que pode colocar em risco as estruturas do governo e sua continuidade.<\/p>\n<p>A oposi\u00e7\u00e3o ao regime jomavista rega a esperan\u00e7a, atrav\u00e9s de seus atos e protestos, de provocar decis\u00f5es nas burocracias do pa\u00eds que levem \u00e0 forma\u00e7\u00e3o de um novo governo, antes do pleito eleitoral. A tend\u00eancia \u00e9 que as for\u00e7as de oposi\u00e7\u00e3o venham a tentar boicotar as pr\u00f3ximas elei\u00e7\u00f5es se at\u00e9 a sua realiza\u00e7\u00e3o n\u00e3o for destitu\u00eddo o atual governo. Na configura\u00e7\u00e3o atual do poder, o PRS \u00e9 o \u00fanico partido forte que aceitaria ir \u00e0s elei\u00e7\u00f5es sem pestanejar, porque hoje ele \u00e9 o governo. Ali\u00e1s, o l\u00edder de APU-PDGB j\u00e1 manifestou que n\u00e3o seriam cred\u00edveis elei\u00e7\u00f5es organizadas pelo pelouro de Sissoco e, portanto, n\u00e3o as legitimariam, e o PAIGC reproduz o mesmo discurso.<\/p>\n<p>H\u00e1 pelo menos dois anos que este conflito transformou-se em uma bola da neve nas m\u00e3os de JOMAV, que se v\u00ea completamente tomado por interesses totalmente conflitantes. Nesse momento, qualquer posicionamento cir\u00fargico do primeiro magistrado da na\u00e7\u00e3o atenderia aos interesses de um lado e n\u00e3o do outro. Devolu\u00e7\u00e3o do poder ao PAIGC cessaria os movimentos dos 18 partidos contra a sua figura, entretanto seria considerada uma trai\u00e7\u00e3o pelos 15 e talvez pelo pr\u00f3prio PRS, que sustenta o governo por ele patrocinado. Me parece que o JOMAV prefere deixar passar o tempo at\u00e9 as elei\u00e7\u00f5es e delas tentar renovar sua imagem pol\u00edtica, no entanto a oposi\u00e7\u00e3o n\u00e3o quer novas elei\u00e7\u00f5es sem a forma\u00e7\u00e3o de um novo governo a ser liderado pelo PAIGC. O Presidente da Rep\u00fablica e os seus apoiadores do PAIGC, mas principalmente o pr\u00f3prio JOMAV, teriam medo de sofrer retalia\u00e7\u00f5es caso resolvessem optar por retornar o poder \u00e0 atual dire\u00e7\u00e3o do PAIGC.<\/p>\n<p>Penso que a devolu\u00e7\u00e3o do poder aos independentistas resolveria a crise e cessaria ondas de hostilidades contra o JOMAV, entretanto poderia ser um passo \u00e0 decad\u00eancia pol\u00edtica ou ao suic\u00eddio pol\u00edtico do primeiro magistrado da na\u00e7\u00e3o \u2013 apenas uma possibilidade e n\u00e3o certeza. Ser\u00e1 que o Presidente Vaz e os suspensos do PAIGC \u2013 caso reintegrados &#8211; n\u00e3o sofreriam repres\u00e1lias e ser\u00e1 que o seu futuro pol\u00edtico no partido n\u00e3o estaria em risco, caso o Presidente chamar o PAIGC \u00e0 responsabilidade de chefiar o governo e completar a legislatura at\u00e9 o pr\u00f3ximo ano?<\/p>\n<p>Em pol\u00edtica, nem sempre as decis\u00f5es republicanas s\u00e3o as mais racionais na concep\u00e7\u00e3o do estadista. E me parece que nesse momento o JOMAV vive justamente este dilema.<\/p>\n<p>&nbsp;<\/p>\n<p>&nbsp;<\/p>\n<p>Por: Tim\u00f3teo Saba M\u2019bunde, Mestre em Ci\u00eancia Pol\u00edtica.<\/p>\n<p>&nbsp;<\/p>\n<p>&nbsp;<\/p>\n<p>&nbsp;<\/p>\n<p>&nbsp;<\/p>\n<p>&nbsp;<\/p>\n<p>&nbsp;<\/p>\n","protected":false},"excerpt":{"rendered":"<p>H\u00e1 mais de dois anos j\u00e1 dizia publicamente e aos amigos mais pr\u00f3ximos que a crise pol\u00edtica na Guin\u00e9-Bissau estava&#8230;<\/p>\n","protected":false},"author":4,"featured_media":8552,"comment_status":"open","ping_status":"open","sticky":false,"template":"","format":"standard","meta":{"footnotes":""},"categories":[6,25],"tags":[],"class_list":["post-14656","post","type-post","status-publish","format-standard","has-post-thumbnail","hentry","category-inicio","category-opinioes","wpcat-6-id","wpcat-25-id"],"yoast_head":"<!-- This site is optimized with the Yoast SEO plugin v27.5 - https:\/\/yoast.com\/product\/yoast-seo-wordpress\/ -->\n<title>Opini\u00e3o: NEM SEMPRE AS DECIS\u00d5ES REPUBLICANAS S\u00c3O AS MAIS RACIONAIS NA CONCEP\u00c7\u00c3O DO ESTADISTA - O Democrata GB<\/title>\n<meta name=\"robots\" content=\"index, follow, max-snippet:-1, max-image-preview:large, max-video-preview:-1\" \/>\n<link rel=\"canonical\" href=\"https:\/\/www.odemocratagb.com\/?p=14656\" \/>\n<meta property=\"og:locale\" content=\"pt_BR\" \/>\n<meta property=\"og:type\" content=\"article\" \/>\n<meta property=\"og:title\" content=\"Opini\u00e3o: NEM SEMPRE AS DECIS\u00d5ES REPUBLICANAS S\u00c3O AS MAIS RACIONAIS NA CONCEP\u00c7\u00c3O DO ESTADISTA - O Democrata GB\" \/>\n<meta property=\"og:description\" content=\"H\u00e1 mais de dois anos j\u00e1 dizia publicamente e aos amigos mais pr\u00f3ximos que a crise pol\u00edtica na Guin\u00e9-Bissau estava...\" \/>\n<meta property=\"og:url\" content=\"https:\/\/www.odemocratagb.com\/?p=14656\" \/>\n<meta property=\"og:site_name\" content=\"O Democrata GB\" \/>\n<meta property=\"article:publisher\" content=\"https:\/\/www.facebook.com\/jornaldaguinebissau\" \/>\n<meta property=\"article:published_time\" content=\"2017-11-15T22:45:48+00:00\" \/>\n<meta property=\"og:image\" content=\"https:\/\/www.odemocratagb.com\/wp-content\/uploads\/2016\/04\/Tim\u00f3teo-Saba-M\u2019bunde-Mestre-em-Ci\u00eancia-Pol\u00edtica.jpg\" \/>\n\t<meta property=\"og:image:width\" content=\"235\" \/>\n\t<meta property=\"og:image:height\" content=\"300\" \/>\n\t<meta property=\"og:image:type\" content=\"image\/jpeg\" \/>\n<meta name=\"author\" content=\"Jornal Odemocrata\" \/>\n<meta name=\"twitter:card\" content=\"summary_large_image\" \/>\n<meta name=\"twitter:label1\" content=\"Escrito por\" \/>\n\t<meta name=\"twitter:data1\" content=\"Jornal Odemocrata\" \/>\n\t<meta name=\"twitter:label2\" content=\"Est. tempo de leitura\" \/>\n\t<meta name=\"twitter:data2\" content=\"5 minutos\" \/>\n<script type=\"application\/ld+json\" class=\"yoast-schema-graph\">{\"@context\":\"https:\\\/\\\/schema.org\",\"@graph\":[{\"@type\":\"Article\",\"@id\":\"https:\\\/\\\/www.odemocratagb.com\\\/?p=14656#article\",\"isPartOf\":{\"@id\":\"https:\\\/\\\/www.odemocratagb.com\\\/?p=14656\"},\"author\":{\"name\":\"Jornal Odemocrata\",\"@id\":\"https:\\\/\\\/www.odemocratagb.com\\\/#\\\/schema\\\/person\\\/c5e683adeaf9b557e57cf1a8a591b0c0\"},\"headline\":\"Opini\u00e3o: NEM SEMPRE AS DECIS\u00d5ES REPUBLICANAS S\u00c3O AS MAIS RACIONAIS NA CONCEP\u00c7\u00c3O DO ESTADISTA\",\"datePublished\":\"2017-11-15T22:45:48+00:00\",\"mainEntityOfPage\":{\"@id\":\"https:\\\/\\\/www.odemocratagb.com\\\/?p=14656\"},\"wordCount\":1011,\"commentCount\":0,\"publisher\":{\"@id\":\"https:\\\/\\\/www.odemocratagb.com\\\/#organization\"},\"image\":{\"@id\":\"https:\\\/\\\/www.odemocratagb.com\\\/?p=14656#primaryimage\"},\"thumbnailUrl\":\"https:\\\/\\\/www.odemocratagb.com\\\/wp-content\\\/uploads\\\/2016\\\/04\\\/Tim\u00f3teo-Saba-M\u2019bunde-Mestre-em-Ci\u00eancia-Pol\u00edtica.jpg\",\"articleSection\":[\"Atualidade\",\"Opini\u00f5es\"],\"inLanguage\":\"pt-BR\",\"potentialAction\":[{\"@type\":\"CommentAction\",\"name\":\"Comment\",\"target\":[\"https:\\\/\\\/www.odemocratagb.com\\\/?p=14656#respond\"]}]},{\"@type\":\"WebPage\",\"@id\":\"https:\\\/\\\/www.odemocratagb.com\\\/?p=14656\",\"url\":\"https:\\\/\\\/www.odemocratagb.com\\\/?p=14656\",\"name\":\"Opini\u00e3o: NEM SEMPRE AS DECIS\u00d5ES REPUBLICANAS S\u00c3O AS MAIS RACIONAIS NA CONCEP\u00c7\u00c3O DO ESTADISTA - O Democrata GB\",\"isPartOf\":{\"@id\":\"https:\\\/\\\/www.odemocratagb.com\\\/#website\"},\"primaryImageOfPage\":{\"@id\":\"https:\\\/\\\/www.odemocratagb.com\\\/?p=14656#primaryimage\"},\"image\":{\"@id\":\"https:\\\/\\\/www.odemocratagb.com\\\/?p=14656#primaryimage\"},\"thumbnailUrl\":\"https:\\\/\\\/www.odemocratagb.com\\\/wp-content\\\/uploads\\\/2016\\\/04\\\/Tim\u00f3teo-Saba-M\u2019bunde-Mestre-em-Ci\u00eancia-Pol\u00edtica.jpg\",\"datePublished\":\"2017-11-15T22:45:48+00:00\",\"breadcrumb\":{\"@id\":\"https:\\\/\\\/www.odemocratagb.com\\\/?p=14656#breadcrumb\"},\"inLanguage\":\"pt-BR\",\"potentialAction\":[{\"@type\":\"ReadAction\",\"target\":[\"https:\\\/\\\/www.odemocratagb.com\\\/?p=14656\"]}]},{\"@type\":\"ImageObject\",\"inLanguage\":\"pt-BR\",\"@id\":\"https:\\\/\\\/www.odemocratagb.com\\\/?p=14656#primaryimage\",\"url\":\"https:\\\/\\\/www.odemocratagb.com\\\/wp-content\\\/uploads\\\/2016\\\/04\\\/Tim\u00f3teo-Saba-M\u2019bunde-Mestre-em-Ci\u00eancia-Pol\u00edtica.jpg\",\"contentUrl\":\"https:\\\/\\\/www.odemocratagb.com\\\/wp-content\\\/uploads\\\/2016\\\/04\\\/Tim\u00f3teo-Saba-M\u2019bunde-Mestre-em-Ci\u00eancia-Pol\u00edtica.jpg\",\"width\":235,\"height\":300},{\"@type\":\"BreadcrumbList\",\"@id\":\"https:\\\/\\\/www.odemocratagb.com\\\/?p=14656#breadcrumb\",\"itemListElement\":[{\"@type\":\"ListItem\",\"position\":1,\"name\":\"In\u00edcio\",\"item\":\"https:\\\/\\\/www.odemocratagb.com\\\/\"},{\"@type\":\"ListItem\",\"position\":2,\"name\":\"Opini\u00e3o: NEM SEMPRE AS DECIS\u00d5ES REPUBLICANAS S\u00c3O AS MAIS RACIONAIS NA CONCEP\u00c7\u00c3O DO ESTADISTA\"}]},{\"@type\":\"WebSite\",\"@id\":\"https:\\\/\\\/www.odemocratagb.com\\\/#website\",\"url\":\"https:\\\/\\\/www.odemocratagb.com\\\/\",\"name\":\"O Democrata GB\",\"description\":\"Jornal O Democrata GB\",\"publisher\":{\"@id\":\"https:\\\/\\\/www.odemocratagb.com\\\/#organization\"},\"potentialAction\":[{\"@type\":\"SearchAction\",\"target\":{\"@type\":\"EntryPoint\",\"urlTemplate\":\"https:\\\/\\\/www.odemocratagb.com\\\/?s={search_term_string}\"},\"query-input\":{\"@type\":\"PropertyValueSpecification\",\"valueRequired\":true,\"valueName\":\"search_term_string\"}}],\"inLanguage\":\"pt-BR\"},{\"@type\":\"Organization\",\"@id\":\"https:\\\/\\\/www.odemocratagb.com\\\/#organization\",\"name\":\"O Democrata GB\",\"url\":\"https:\\\/\\\/www.odemocratagb.com\\\/\",\"logo\":{\"@type\":\"ImageObject\",\"inLanguage\":\"pt-BR\",\"@id\":\"https:\\\/\\\/www.odemocratagb.com\\\/#\\\/schema\\\/logo\\\/image\\\/\",\"url\":\"https:\\\/\\\/www.odemocratagb.com\\\/wp-content\\\/uploads\\\/2026\\\/04\\\/logo-odemocratagb.png\",\"contentUrl\":\"https:\\\/\\\/www.odemocratagb.com\\\/wp-content\\\/uploads\\\/2026\\\/04\\\/logo-odemocratagb.png\",\"width\":1250,\"height\":327,\"caption\":\"O Democrata GB\"},\"image\":{\"@id\":\"https:\\\/\\\/www.odemocratagb.com\\\/#\\\/schema\\\/logo\\\/image\\\/\"},\"sameAs\":[\"https:\\\/\\\/www.facebook.com\\\/jornaldaguinebissau\",\"https:\\\/\\\/www.instagram.com\\\/odemocratagb\"]},{\"@type\":\"Person\",\"@id\":\"https:\\\/\\\/www.odemocratagb.com\\\/#\\\/schema\\\/person\\\/c5e683adeaf9b557e57cf1a8a591b0c0\",\"name\":\"Jornal Odemocrata\",\"image\":{\"@type\":\"ImageObject\",\"inLanguage\":\"pt-BR\",\"@id\":\"https:\\\/\\\/secure.gravatar.com\\\/avatar\\\/09cb6b76eee5612f7cfca9e0089e2f17141d417bd034905eee842945c87fd87f?s=96&d=mm&r=g\",\"url\":\"https:\\\/\\\/secure.gravatar.com\\\/avatar\\\/09cb6b76eee5612f7cfca9e0089e2f17141d417bd034905eee842945c87fd87f?s=96&d=mm&r=g\",\"contentUrl\":\"https:\\\/\\\/secure.gravatar.com\\\/avatar\\\/09cb6b76eee5612f7cfca9e0089e2f17141d417bd034905eee842945c87fd87f?s=96&d=mm&r=g\",\"caption\":\"Jornal Odemocrata\"},\"sameAs\":[\"http:\\\/\\\/odemocratagb.com\"],\"url\":\"https:\\\/\\\/www.odemocratagb.com\\\/?author=4\"}]}<\/script>\n<!-- \/ Yoast SEO plugin. -->","yoast_head_json":{"title":"Opini\u00e3o: NEM SEMPRE AS DECIS\u00d5ES REPUBLICANAS S\u00c3O AS MAIS RACIONAIS NA CONCEP\u00c7\u00c3O DO ESTADISTA - O Democrata GB","robots":{"index":"index","follow":"follow","max-snippet":"max-snippet:-1","max-image-preview":"max-image-preview:large","max-video-preview":"max-video-preview:-1"},"canonical":"https:\/\/www.odemocratagb.com\/?p=14656","og_locale":"pt_BR","og_type":"article","og_title":"Opini\u00e3o: NEM SEMPRE AS DECIS\u00d5ES REPUBLICANAS S\u00c3O AS MAIS RACIONAIS NA CONCEP\u00c7\u00c3O DO ESTADISTA - O Democrata GB","og_description":"H\u00e1 mais de dois anos j\u00e1 dizia publicamente e aos amigos mais pr\u00f3ximos que a crise pol\u00edtica na Guin\u00e9-Bissau estava...","og_url":"https:\/\/www.odemocratagb.com\/?p=14656","og_site_name":"O Democrata GB","article_publisher":"https:\/\/www.facebook.com\/jornaldaguinebissau","article_published_time":"2017-11-15T22:45:48+00:00","og_image":[{"width":235,"height":300,"url":"https:\/\/www.odemocratagb.com\/wp-content\/uploads\/2016\/04\/Tim\u00f3teo-Saba-M\u2019bunde-Mestre-em-Ci\u00eancia-Pol\u00edtica.jpg","type":"image\/jpeg"}],"author":"Jornal Odemocrata","twitter_card":"summary_large_image","twitter_misc":{"Escrito por":"Jornal Odemocrata","Est. tempo de leitura":"5 minutos"},"schema":{"@context":"https:\/\/schema.org","@graph":[{"@type":"Article","@id":"https:\/\/www.odemocratagb.com\/?p=14656#article","isPartOf":{"@id":"https:\/\/www.odemocratagb.com\/?p=14656"},"author":{"name":"Jornal Odemocrata","@id":"https:\/\/www.odemocratagb.com\/#\/schema\/person\/c5e683adeaf9b557e57cf1a8a591b0c0"},"headline":"Opini\u00e3o: NEM SEMPRE AS DECIS\u00d5ES REPUBLICANAS S\u00c3O AS MAIS RACIONAIS NA CONCEP\u00c7\u00c3O DO ESTADISTA","datePublished":"2017-11-15T22:45:48+00:00","mainEntityOfPage":{"@id":"https:\/\/www.odemocratagb.com\/?p=14656"},"wordCount":1011,"commentCount":0,"publisher":{"@id":"https:\/\/www.odemocratagb.com\/#organization"},"image":{"@id":"https:\/\/www.odemocratagb.com\/?p=14656#primaryimage"},"thumbnailUrl":"https:\/\/www.odemocratagb.com\/wp-content\/uploads\/2016\/04\/Tim\u00f3teo-Saba-M\u2019bunde-Mestre-em-Ci\u00eancia-Pol\u00edtica.jpg","articleSection":["Atualidade","Opini\u00f5es"],"inLanguage":"pt-BR","potentialAction":[{"@type":"CommentAction","name":"Comment","target":["https:\/\/www.odemocratagb.com\/?p=14656#respond"]}]},{"@type":"WebPage","@id":"https:\/\/www.odemocratagb.com\/?p=14656","url":"https:\/\/www.odemocratagb.com\/?p=14656","name":"Opini\u00e3o: NEM SEMPRE AS DECIS\u00d5ES REPUBLICANAS S\u00c3O AS MAIS RACIONAIS NA CONCEP\u00c7\u00c3O DO ESTADISTA - O Democrata GB","isPartOf":{"@id":"https:\/\/www.odemocratagb.com\/#website"},"primaryImageOfPage":{"@id":"https:\/\/www.odemocratagb.com\/?p=14656#primaryimage"},"image":{"@id":"https:\/\/www.odemocratagb.com\/?p=14656#primaryimage"},"thumbnailUrl":"https:\/\/www.odemocratagb.com\/wp-content\/uploads\/2016\/04\/Tim\u00f3teo-Saba-M\u2019bunde-Mestre-em-Ci\u00eancia-Pol\u00edtica.jpg","datePublished":"2017-11-15T22:45:48+00:00","breadcrumb":{"@id":"https:\/\/www.odemocratagb.com\/?p=14656#breadcrumb"},"inLanguage":"pt-BR","potentialAction":[{"@type":"ReadAction","target":["https:\/\/www.odemocratagb.com\/?p=14656"]}]},{"@type":"ImageObject","inLanguage":"pt-BR","@id":"https:\/\/www.odemocratagb.com\/?p=14656#primaryimage","url":"https:\/\/www.odemocratagb.com\/wp-content\/uploads\/2016\/04\/Tim\u00f3teo-Saba-M\u2019bunde-Mestre-em-Ci\u00eancia-Pol\u00edtica.jpg","contentUrl":"https:\/\/www.odemocratagb.com\/wp-content\/uploads\/2016\/04\/Tim\u00f3teo-Saba-M\u2019bunde-Mestre-em-Ci\u00eancia-Pol\u00edtica.jpg","width":235,"height":300},{"@type":"BreadcrumbList","@id":"https:\/\/www.odemocratagb.com\/?p=14656#breadcrumb","itemListElement":[{"@type":"ListItem","position":1,"name":"In\u00edcio","item":"https:\/\/www.odemocratagb.com\/"},{"@type":"ListItem","position":2,"name":"Opini\u00e3o: NEM SEMPRE AS DECIS\u00d5ES REPUBLICANAS S\u00c3O AS MAIS RACIONAIS NA CONCEP\u00c7\u00c3O DO ESTADISTA"}]},{"@type":"WebSite","@id":"https:\/\/www.odemocratagb.com\/#website","url":"https:\/\/www.odemocratagb.com\/","name":"O Democrata GB","description":"Jornal O Democrata GB","publisher":{"@id":"https:\/\/www.odemocratagb.com\/#organization"},"potentialAction":[{"@type":"SearchAction","target":{"@type":"EntryPoint","urlTemplate":"https:\/\/www.odemocratagb.com\/?s={search_term_string}"},"query-input":{"@type":"PropertyValueSpecification","valueRequired":true,"valueName":"search_term_string"}}],"inLanguage":"pt-BR"},{"@type":"Organization","@id":"https:\/\/www.odemocratagb.com\/#organization","name":"O Democrata GB","url":"https:\/\/www.odemocratagb.com\/","logo":{"@type":"ImageObject","inLanguage":"pt-BR","@id":"https:\/\/www.odemocratagb.com\/#\/schema\/logo\/image\/","url":"https:\/\/www.odemocratagb.com\/wp-content\/uploads\/2026\/04\/logo-odemocratagb.png","contentUrl":"https:\/\/www.odemocratagb.com\/wp-content\/uploads\/2026\/04\/logo-odemocratagb.png","width":1250,"height":327,"caption":"O Democrata GB"},"image":{"@id":"https:\/\/www.odemocratagb.com\/#\/schema\/logo\/image\/"},"sameAs":["https:\/\/www.facebook.com\/jornaldaguinebissau","https:\/\/www.instagram.com\/odemocratagb"]},{"@type":"Person","@id":"https:\/\/www.odemocratagb.com\/#\/schema\/person\/c5e683adeaf9b557e57cf1a8a591b0c0","name":"Jornal Odemocrata","image":{"@type":"ImageObject","inLanguage":"pt-BR","@id":"https:\/\/secure.gravatar.com\/avatar\/09cb6b76eee5612f7cfca9e0089e2f17141d417bd034905eee842945c87fd87f?s=96&d=mm&r=g","url":"https:\/\/secure.gravatar.com\/avatar\/09cb6b76eee5612f7cfca9e0089e2f17141d417bd034905eee842945c87fd87f?s=96&d=mm&r=g","contentUrl":"https:\/\/secure.gravatar.com\/avatar\/09cb6b76eee5612f7cfca9e0089e2f17141d417bd034905eee842945c87fd87f?s=96&d=mm&r=g","caption":"Jornal Odemocrata"},"sameAs":["http:\/\/odemocratagb.com"],"url":"https:\/\/www.odemocratagb.com\/?author=4"}]}},"_links":{"self":[{"href":"https:\/\/www.odemocratagb.com\/index.php?rest_route=\/wp\/v2\/posts\/14656","targetHints":{"allow":["GET"]}}],"collection":[{"href":"https:\/\/www.odemocratagb.com\/index.php?rest_route=\/wp\/v2\/posts"}],"about":[{"href":"https:\/\/www.odemocratagb.com\/index.php?rest_route=\/wp\/v2\/types\/post"}],"author":[{"embeddable":true,"href":"https:\/\/www.odemocratagb.com\/index.php?rest_route=\/wp\/v2\/users\/4"}],"replies":[{"embeddable":true,"href":"https:\/\/www.odemocratagb.com\/index.php?rest_route=%2Fwp%2Fv2%2Fcomments&post=14656"}],"version-history":[{"count":1,"href":"https:\/\/www.odemocratagb.com\/index.php?rest_route=\/wp\/v2\/posts\/14656\/revisions"}],"predecessor-version":[{"id":14657,"href":"https:\/\/www.odemocratagb.com\/index.php?rest_route=\/wp\/v2\/posts\/14656\/revisions\/14657"}],"wp:featuredmedia":[{"embeddable":true,"href":"https:\/\/www.odemocratagb.com\/index.php?rest_route=\/wp\/v2\/media\/8552"}],"wp:attachment":[{"href":"https:\/\/www.odemocratagb.com\/index.php?rest_route=%2Fwp%2Fv2%2Fmedia&parent=14656"}],"wp:term":[{"taxonomy":"category","embeddable":true,"href":"https:\/\/www.odemocratagb.com\/index.php?rest_route=%2Fwp%2Fv2%2Fcategories&post=14656"},{"taxonomy":"post_tag","embeddable":true,"href":"https:\/\/www.odemocratagb.com\/index.php?rest_route=%2Fwp%2Fv2%2Ftags&post=14656"}],"curies":[{"name":"wp","href":"https:\/\/api.w.org\/{rel}","templated":true}]}}