{"id":14662,"date":"2017-11-16T16:34:27","date_gmt":"2017-11-16T16:34:27","guid":{"rendered":"http:\/\/www.odemocratagb.com\/?p=14662"},"modified":"2017-11-16T16:41:23","modified_gmt":"2017-11-16T16:41:23","slug":"forcas-de-seguranca-reprimem-brutalmente-manifestantes-do-coletivo-dos-partidos-politicos","status":"publish","type":"post","link":"https:\/\/www.odemocratagb.com\/?p=14662","title":{"rendered":"FOR\u00c7AS DE SEGURAN\u00c7A REPRIMEM BRUTALMENTE MANIFESTANTES DO COLETIVO\u00a0DOS PARTIDOS POL\u00cdTICOS"},"content":{"rendered":"<div id=\"m_-5644678554776174793yui_3_16_0_ym19_1_1510830667837_7815\">\n<p>As for\u00e7as de seguran\u00e7a da Guin\u00e9-Bissau dispersaram esta quinta-feira, 16 de Novembro de 2017, milhares de manifestantes apoiantes do Coletivo dos Partidos Pol\u00edticos Democr\u00e1ticos, que hoje sa\u00edram \u00e0 rua para protestar contra a atua\u00e7\u00e3o do Presidente da Rep\u00fablica, Jos\u00e9 M\u00e1rio Vaz, exigir o\u00a0 cumprimento do Acordo de Conakri e a demiss\u00e3o imediata do Governo liderado por Umaro Sissoco Embal\u00f3.<\/p>\n<p>Muito cedo, \u00e0s 7 horas da manh\u00e3, os manifestantes concentraram-se na Chapa de Bissau, centro de cidade, e \u00e0s 9 horas e 30 minutos tinham deixado o local em dire\u00e7\u00e3o \u00e0 Pra\u00e7a dos Her\u00f3is Nacionais, e quando chegaram \u00e0 sede de Sport Bissau Benfica encontraram dois cord\u00f5es de pol\u00edcias sem armas,\u00a0 nem g\u00e1s lacrimog\u00eanio.<\/p>\n<p><a href=\"http:\/\/www.odemocratagb.com\/wp-content\/uploads\/2017\/11\/8F0D437F-4170-4B5D-ABFA-A6CA71374814.jpeg\"><img loading=\"lazy\" decoding=\"async\" class=\"alignnone size-medium wp-image-14674\" src=\"http:\/\/www.odemocratagb.com\/wp-content\/uploads\/2017\/11\/8F0D437F-4170-4B5D-ABFA-A6CA71374814-300x169.jpeg\" alt=\"\" width=\"300\" height=\"169\" srcset=\"https:\/\/www.odemocratagb.com\/wp-content\/uploads\/2017\/11\/8F0D437F-4170-4B5D-ABFA-A6CA71374814-300x169.jpeg 300w, https:\/\/www.odemocratagb.com\/wp-content\/uploads\/2017\/11\/8F0D437F-4170-4B5D-ABFA-A6CA71374814-768x432.jpeg 768w, https:\/\/www.odemocratagb.com\/wp-content\/uploads\/2017\/11\/8F0D437F-4170-4B5D-ABFA-A6CA71374814-1024x576.jpeg 1024w, https:\/\/www.odemocratagb.com\/wp-content\/uploads\/2017\/11\/8F0D437F-4170-4B5D-ABFA-A6CA71374814.jpeg 2048w\" sizes=\"auto, (max-width: 300px) 100vw, 300px\" \/><\/a><\/p>\n<p>O Democrata constatou que atr\u00e1s dos dois cord\u00f5es policiais estava outro grupo equipado de escudos e bast\u00f5es. Mais adiante, encontrava-se o \u00faltimo grupo de retaguarda com armas autom\u00e1ticas de fogo.<\/p>\n<p><a href=\"http:\/\/www.odemocratagb.com\/wp-content\/uploads\/2017\/11\/8A97B667-B5E0-4F66-88CF-AAEFEAD8CA71.jpeg\"><img loading=\"lazy\" decoding=\"async\" class=\"alignnone size-medium wp-image-14675\" src=\"http:\/\/www.odemocratagb.com\/wp-content\/uploads\/2017\/11\/8A97B667-B5E0-4F66-88CF-AAEFEAD8CA71-300x169.jpeg\" alt=\"\" width=\"300\" height=\"169\" srcset=\"https:\/\/www.odemocratagb.com\/wp-content\/uploads\/2017\/11\/8A97B667-B5E0-4F66-88CF-AAEFEAD8CA71-300x169.jpeg 300w, https:\/\/www.odemocratagb.com\/wp-content\/uploads\/2017\/11\/8A97B667-B5E0-4F66-88CF-AAEFEAD8CA71-768x432.jpeg 768w, https:\/\/www.odemocratagb.com\/wp-content\/uploads\/2017\/11\/8A97B667-B5E0-4F66-88CF-AAEFEAD8CA71-1024x576.jpeg 1024w, https:\/\/www.odemocratagb.com\/wp-content\/uploads\/2017\/11\/8A97B667-B5E0-4F66-88CF-AAEFEAD8CA71.jpeg 2048w\" sizes=\"auto, (max-width: 300px) 100vw, 300px\" \/><\/a><\/p>\n<p>Depois de pouco menos de uma hora de paragem na sede de Benfica de Bissau a espera de uma autoriza\u00e7\u00e3o para seguirem at\u00e9 \u00e0 pra\u00e7a dos Her\u00f3is Nacionais, os manifestantes conseguiram escapar-se da vista dos agentes de seguran\u00e7a, chegaram \u00e0 Pra\u00e7a dos Her\u00f3is Nacionais pela via lateral da Embaixada da \u00c1frica de Sul.<\/p>\n<p>Apercebendo-se da t\u00e1ctica dos marchantes, a pol\u00edcia reagiu com g\u00e1s lacrimog\u00eanio e em resposta os manifestantes lan\u00e7aram pedras e garrafas contra as for\u00e7as de seguran\u00e7a. O ambiente \u00e9 de confus\u00e3o total.<\/p>\n<p><a href=\"http:\/\/www.odemocratagb.com\/wp-content\/uploads\/2017\/11\/E024A367-B017-4190-96A1-C9BB51351602.jpeg\"><img loading=\"lazy\" decoding=\"async\" class=\"alignnone size-medium wp-image-14663\" src=\"http:\/\/www.odemocratagb.com\/wp-content\/uploads\/2017\/11\/E024A367-B017-4190-96A1-C9BB51351602-300x169.jpeg\" alt=\"\" width=\"300\" height=\"169\" srcset=\"https:\/\/www.odemocratagb.com\/wp-content\/uploads\/2017\/11\/E024A367-B017-4190-96A1-C9BB51351602-300x169.jpeg 300w, https:\/\/www.odemocratagb.com\/wp-content\/uploads\/2017\/11\/E024A367-B017-4190-96A1-C9BB51351602-768x432.jpeg 768w, https:\/\/www.odemocratagb.com\/wp-content\/uploads\/2017\/11\/E024A367-B017-4190-96A1-C9BB51351602-1024x576.jpeg 1024w, https:\/\/www.odemocratagb.com\/wp-content\/uploads\/2017\/11\/E024A367-B017-4190-96A1-C9BB51351602.jpeg 2048w\" sizes=\"auto, (max-width: 300px) 100vw, 300px\" \/><\/a><\/p>\n<p>Minutos depois, pela segunda tentativa de penetrar \u00e0 pra\u00e7a, a pol\u00edcia respondeu fortemente e dispersou os manifestantes e seguiu-os um por um com pancadarias.<\/p>\n<p><a href=\"http:\/\/www.odemocratagb.com\/wp-content\/uploads\/2017\/11\/3D7B1701-0C5B-4E34-9C0D-76972D746C07.jpeg\"><img loading=\"lazy\" decoding=\"async\" class=\"alignnone size-medium wp-image-14666\" src=\"http:\/\/www.odemocratagb.com\/wp-content\/uploads\/2017\/11\/3D7B1701-0C5B-4E34-9C0D-76972D746C07-300x169.jpeg\" alt=\"\" width=\"300\" height=\"169\" srcset=\"https:\/\/www.odemocratagb.com\/wp-content\/uploads\/2017\/11\/3D7B1701-0C5B-4E34-9C0D-76972D746C07-300x169.jpeg 300w, https:\/\/www.odemocratagb.com\/wp-content\/uploads\/2017\/11\/3D7B1701-0C5B-4E34-9C0D-76972D746C07-768x432.jpeg 768w, https:\/\/www.odemocratagb.com\/wp-content\/uploads\/2017\/11\/3D7B1701-0C5B-4E34-9C0D-76972D746C07-1024x576.jpeg 1024w, https:\/\/www.odemocratagb.com\/wp-content\/uploads\/2017\/11\/3D7B1701-0C5B-4E34-9C0D-76972D746C07.jpeg 2048w\" sizes=\"auto, (max-width: 300px) 100vw, 300px\" \/><\/a><a href=\"http:\/\/www.odemocratagb.com\/wp-content\/uploads\/2017\/11\/E6CB092C-DF8F-4ADC-AF09-BC5B4645D8DD.jpeg\"><img loading=\"lazy\" decoding=\"async\" class=\"alignnone size-medium wp-image-14669\" src=\"http:\/\/www.odemocratagb.com\/wp-content\/uploads\/2017\/11\/E6CB092C-DF8F-4ADC-AF09-BC5B4645D8DD-300x169.jpeg\" alt=\"\" width=\"300\" height=\"169\" srcset=\"https:\/\/www.odemocratagb.com\/wp-content\/uploads\/2017\/11\/E6CB092C-DF8F-4ADC-AF09-BC5B4645D8DD-300x169.jpeg 300w, https:\/\/www.odemocratagb.com\/wp-content\/uploads\/2017\/11\/E6CB092C-DF8F-4ADC-AF09-BC5B4645D8DD-768x432.jpeg 768w, https:\/\/www.odemocratagb.com\/wp-content\/uploads\/2017\/11\/E6CB092C-DF8F-4ADC-AF09-BC5B4645D8DD-1024x576.jpeg 1024w, https:\/\/www.odemocratagb.com\/wp-content\/uploads\/2017\/11\/E6CB092C-DF8F-4ADC-AF09-BC5B4645D8DD.jpeg 2048w\" sizes=\"auto, (max-width: 300px) 100vw, 300px\" \/><\/a><\/p>\n<p>O l\u00edder do Partido Africana da Independ\u00eancia da Guin\u00e9 e Cabo-Verde, Domingos Sim\u00f5es Pereira, do Partido Jovem, Serifo Bald\u00e9, e do Partido da Converg\u00eancia Democr\u00e1tica, Vicente Fernandes se encontravam no local e tentaram apaziguar os \u00e2nimos entre pol\u00edcias e manifestantes.<\/p>\n<p><a href=\"http:\/\/www.odemocratagb.com\/wp-content\/uploads\/2017\/11\/73BE8164-15DB-425D-8781-D3D861AB2ECF.jpeg\"><img loading=\"lazy\" decoding=\"async\" class=\"alignnone size-medium wp-image-14665\" src=\"http:\/\/www.odemocratagb.com\/wp-content\/uploads\/2017\/11\/73BE8164-15DB-425D-8781-D3D861AB2ECF-300x169.jpeg\" alt=\"\" width=\"300\" height=\"169\" srcset=\"https:\/\/www.odemocratagb.com\/wp-content\/uploads\/2017\/11\/73BE8164-15DB-425D-8781-D3D861AB2ECF-300x169.jpeg 300w, https:\/\/www.odemocratagb.com\/wp-content\/uploads\/2017\/11\/73BE8164-15DB-425D-8781-D3D861AB2ECF-768x432.jpeg 768w, https:\/\/www.odemocratagb.com\/wp-content\/uploads\/2017\/11\/73BE8164-15DB-425D-8781-D3D861AB2ECF-1024x576.jpeg 1024w, https:\/\/www.odemocratagb.com\/wp-content\/uploads\/2017\/11\/73BE8164-15DB-425D-8781-D3D861AB2ECF.jpeg 2048w\" sizes=\"auto, (max-width: 300px) 100vw, 300px\" \/><\/a><\/p>\n<p>Na tentativa de fazer as partes se entenderem o corpo de seguran\u00e7a do presidente de PAIGC quase entrava em choque com for\u00e7as de seguran\u00e7a na pra\u00e7a dos Her\u00f3is Nacionais. Houve empurr\u00f5es\u00a0 de ambos os lados.<\/p>\n<p>Face \u00e0 resist\u00eancia dos marchantes que se seguiam em dire\u00e7\u00e3o \u00e0 Pra\u00e7a dos Her\u00f3is Nacionais, a equipa de escudos abandonou Avenida Osvaldo Vieira, sede de Sport Bissau Benfica, para refor\u00e7ar a posi\u00e7\u00e3o da Guarda Nacional e outras for\u00e7as policiais na periferia do \u201cImp\u00e9rio\u201d. A partir deste momento, o confronto se intensificou e os l\u00edderes do Colectivo foram retirados do local por raz\u00e3o da seguran\u00e7a.<\/p>\n<p><a href=\"http:\/\/www.odemocratagb.com\/wp-content\/uploads\/2017\/11\/7A1D6969-E1BB-48CE-9AF4-F080FB85539F.jpeg\"><img loading=\"lazy\" decoding=\"async\" class=\"alignnone size-medium wp-image-14667\" src=\"http:\/\/www.odemocratagb.com\/wp-content\/uploads\/2017\/11\/7A1D6969-E1BB-48CE-9AF4-F080FB85539F-300x169.jpeg\" alt=\"\" width=\"300\" height=\"169\" srcset=\"https:\/\/www.odemocratagb.com\/wp-content\/uploads\/2017\/11\/7A1D6969-E1BB-48CE-9AF4-F080FB85539F-300x169.jpeg 300w, https:\/\/www.odemocratagb.com\/wp-content\/uploads\/2017\/11\/7A1D6969-E1BB-48CE-9AF4-F080FB85539F-768x432.jpeg 768w, https:\/\/www.odemocratagb.com\/wp-content\/uploads\/2017\/11\/7A1D6969-E1BB-48CE-9AF4-F080FB85539F-1024x576.jpeg 1024w, https:\/\/www.odemocratagb.com\/wp-content\/uploads\/2017\/11\/7A1D6969-E1BB-48CE-9AF4-F080FB85539F.jpeg 2048w\" sizes=\"auto, (max-width: 300px) 100vw, 300px\" \/><\/a><\/p>\n<p>Ao largo das instala\u00e7\u00f5es da Uni\u00e3o Desportiva Internacional da Guin\u00e9 (UDIB) tudo estava calmo. A pol\u00edcia tinha tomada controlo do local, fechando todas as vias que d\u00e3o acesso \u00e0 pra\u00e7a do imp\u00e9rio.<\/p>\n<p>Contudo, depois dos marchantes aquecerem o ambiente o local ficou totalmente inundado entre pol\u00edcias e os manifestantes. Um aut\u00eantico ambiente de \u201cguerrilha\u201d no centro da cidade entre apoiantes do Coletivo e as for\u00e7as de ordem.<\/p>\n<p>Durante confrontos, alguns manifestantes foram feridos, detidos e levados para instala\u00e7\u00f5es policiais, em Bissau. Entre feridos se encontravam\u00a0 crian\u00e7as. Embora terem recebido os primeiros socorros da equipa da Cruz Vermelha da Guin\u00e9, um dos os menores atingido, provavelmente pela pol\u00edcia, no pesco\u00e7o, encontrava-se em estado cr\u00edtico antes de ser levado para Hospital Nacional Sim\u00e3o Mendes.<\/p>\n<p>A equipa da reportagem de O Democrata n\u00e3o conseguiu, pelo menos, registar a imagem de um \u00fanico pol\u00edcia ferido.<\/p>\n<p>Entretanto, o Minist\u00e9rio do Interior, em comunicado distribu\u00eddo \u00e0 imprensa, havia autorizado a marcha, mas horas depois reagiu atrav\u00e9s de uma nota, informando que os marchantes n\u00e3o podiam ultrapassar a sede de Benfica e nem ter acesso \u00e0 Pra\u00e7a dos Her\u00f3is Nacionais junto ao Pal\u00e1cio da Rep\u00fablica.<\/p>\n<p><strong>REPRESS\u00c3O POLICIAL DEIXA TREZE FERIDOS SOCORRIDOS NO HOSPITAL SIM\u00c3O MENDES<\/strong><\/p>\n<p><a href=\"http:\/\/www.odemocratagb.com\/wp-content\/uploads\/2017\/11\/4AEA9685-EFC3-48B5-A40B-E0E7D138ABAC.jpeg\"><img loading=\"lazy\" decoding=\"async\" class=\"alignnone size-medium wp-image-14670\" src=\"http:\/\/www.odemocratagb.com\/wp-content\/uploads\/2017\/11\/4AEA9685-EFC3-48B5-A40B-E0E7D138ABAC-300x169.jpeg\" alt=\"\" width=\"300\" height=\"169\" srcset=\"https:\/\/www.odemocratagb.com\/wp-content\/uploads\/2017\/11\/4AEA9685-EFC3-48B5-A40B-E0E7D138ABAC-300x169.jpeg 300w, https:\/\/www.odemocratagb.com\/wp-content\/uploads\/2017\/11\/4AEA9685-EFC3-48B5-A40B-E0E7D138ABAC-768x432.jpeg 768w, https:\/\/www.odemocratagb.com\/wp-content\/uploads\/2017\/11\/4AEA9685-EFC3-48B5-A40B-E0E7D138ABAC-1024x576.jpeg 1024w, https:\/\/www.odemocratagb.com\/wp-content\/uploads\/2017\/11\/4AEA9685-EFC3-48B5-A40B-E0E7D138ABAC.jpeg 2048w\" sizes=\"auto, (max-width: 300px) 100vw, 300px\" \/><\/a><\/p>\n<p>As For\u00e7as de seguran\u00e7a reprimiram brutalmente os marchantes que exigiam do Presidente Jos\u00e9 M\u00e1rio Vaz, o cumprimento do Acordo de Conacri. O Democrata testemunhou que 13 pessoas deram entrada ao servi\u00e7o de urg\u00eancia do Hospital Nacional Sim\u00e3o Mendes, com ferimentos corporais e outros no cr\u00e2nio. De acordo com a explica\u00e7\u00e3o do m\u00e9dico respons\u00e1vel do Servi\u00e7o de Urg\u00eancia daquele estabelecimento hospitalar, um n\u00famero de sete manifestantes foi atendido no servi\u00e7o de cirurgia geral, tr\u00eas no Ortopedia e restantes foram levados para observa\u00e7\u00e3o nos outros servi\u00e7os.<\/p>\n<p><a href=\"http:\/\/www.odemocratagb.com\/wp-content\/uploads\/2017\/11\/DC9B19D0-8E6F-486D-8625-8C5E4A61E08A.jpeg\"><img loading=\"lazy\" decoding=\"async\" class=\"alignnone size-medium wp-image-14668\" src=\"http:\/\/www.odemocratagb.com\/wp-content\/uploads\/2017\/11\/DC9B19D0-8E6F-486D-8625-8C5E4A61E08A-300x169.jpeg\" alt=\"\" width=\"300\" height=\"169\" srcset=\"https:\/\/www.odemocratagb.com\/wp-content\/uploads\/2017\/11\/DC9B19D0-8E6F-486D-8625-8C5E4A61E08A-300x169.jpeg 300w, https:\/\/www.odemocratagb.com\/wp-content\/uploads\/2017\/11\/DC9B19D0-8E6F-486D-8625-8C5E4A61E08A-768x432.jpeg 768w, https:\/\/www.odemocratagb.com\/wp-content\/uploads\/2017\/11\/DC9B19D0-8E6F-486D-8625-8C5E4A61E08A-1024x576.jpeg 1024w, https:\/\/www.odemocratagb.com\/wp-content\/uploads\/2017\/11\/DC9B19D0-8E6F-486D-8625-8C5E4A61E08A.jpeg 2048w\" sizes=\"auto, (max-width: 300px) 100vw, 300px\" \/><\/a><\/p>\n<p>Entretanto, aguarda-se para esta tarde a reac\u00e3o oficial do Coletivo, depois de uma concerta\u00e7\u00e3o agendada para o periodo da tarde.<\/p>\n<p>Fonte do Coletivo confirmou ao Democrata que a marcha de manha (Sexta-feira) ser\u00e1 realizada com o mesmo prop\u00f3sito de chegar \u00e0 Pra\u00e7a dos Her\u00f3is\u00a0 Nacionais &#8211; imedia\u00e7\u00f5es do pal\u00e1cio da rep\u00fablica, onde se pretende realizar um com\u00edcio para exigir o Chefe de Estado, Jos\u00e9 M\u00e1rio Vaz, o cumprimento do Acordo de Conacri.<\/p>\n<p>&nbsp;<\/p>\n<p>&nbsp;<\/p>\n<p>Por: Assana Sam\u00fa\u00a0 \u2044 Filomeno Samb\u00fa<\/p>\n<p>Fotos: Marcelo Na Ritche<\/p>\n<\/div>\n","protected":false},"excerpt":{"rendered":"<p>As for\u00e7as de seguran\u00e7a da Guin\u00e9-Bissau dispersaram esta quinta-feira, 16 de Novembro de 2017, milhares de manifestantes apoiantes do Coletivo&#8230;<\/p>\n","protected":false},"author":4,"featured_media":14671,"comment_status":"open","ping_status":"open","sticky":false,"template":"","format":"standard","meta":{"footnotes":""},"categories":[6,7],"tags":[],"class_list":["post-14662","post","type-post","status-publish","format-standard","has-post-thumbnail","hentry","category-inicio","category-politica","wpcat-6-id","wpcat-7-id"],"yoast_head":"<!-- This site is optimized with the Yoast SEO plugin v27.5 - https:\/\/yoast.com\/product\/yoast-seo-wordpress\/ -->\n<title>FOR\u00c7AS DE SEGURAN\u00c7A REPRIMEM BRUTALMENTE MANIFESTANTES DO COLETIVO\u00a0DOS PARTIDOS POL\u00cdTICOS - O Democrata GB<\/title>\n<meta name=\"robots\" content=\"index, follow, max-snippet:-1, max-image-preview:large, max-video-preview:-1\" \/>\n<link rel=\"canonical\" href=\"https:\/\/www.odemocratagb.com\/?p=14662\" \/>\n<meta property=\"og:locale\" content=\"pt_BR\" \/>\n<meta property=\"og:type\" content=\"article\" \/>\n<meta property=\"og:title\" content=\"FOR\u00c7AS DE SEGURAN\u00c7A REPRIMEM BRUTALMENTE MANIFESTANTES DO COLETIVO\u00a0DOS PARTIDOS POL\u00cdTICOS - O Democrata GB\" \/>\n<meta property=\"og:description\" content=\"As for\u00e7as de seguran\u00e7a da Guin\u00e9-Bissau dispersaram esta quinta-feira, 16 de Novembro de 2017, milhares de manifestantes apoiantes do Coletivo...\" \/>\n<meta property=\"og:url\" content=\"https:\/\/www.odemocratagb.com\/?p=14662\" \/>\n<meta property=\"og:site_name\" content=\"O Democrata GB\" \/>\n<meta property=\"article:publisher\" content=\"https:\/\/www.facebook.com\/jornaldaguinebissau\" \/>\n<meta property=\"article:published_time\" content=\"2017-11-16T16:34:27+00:00\" \/>\n<meta property=\"article:modified_time\" content=\"2017-11-16T16:41:23+00:00\" \/>\n<meta property=\"og:image\" content=\"https:\/\/www.odemocratagb.com\/wp-content\/uploads\/2017\/11\/51D340D1-1BCA-450F-A45D-1F8CCDEF86C0.jpeg\" \/>\n\t<meta property=\"og:image:width\" content=\"2048\" \/>\n\t<meta property=\"og:image:height\" content=\"1152\" \/>\n\t<meta property=\"og:image:type\" content=\"image\/jpeg\" \/>\n<meta name=\"author\" content=\"Jornal Odemocrata\" \/>\n<meta name=\"twitter:card\" content=\"summary_large_image\" \/>\n<meta name=\"twitter:label1\" content=\"Escrito por\" \/>\n\t<meta name=\"twitter:data1\" content=\"Jornal Odemocrata\" \/>\n\t<meta name=\"twitter:label2\" content=\"Est. tempo de leitura\" \/>\n\t<meta name=\"twitter:data2\" content=\"4 minutos\" \/>\n<script type=\"application\/ld+json\" class=\"yoast-schema-graph\">{\"@context\":\"https:\\\/\\\/schema.org\",\"@graph\":[{\"@type\":\"Article\",\"@id\":\"https:\\\/\\\/www.odemocratagb.com\\\/?p=14662#article\",\"isPartOf\":{\"@id\":\"https:\\\/\\\/www.odemocratagb.com\\\/?p=14662\"},\"author\":{\"name\":\"Jornal Odemocrata\",\"@id\":\"https:\\\/\\\/www.odemocratagb.com\\\/#\\\/schema\\\/person\\\/c5e683adeaf9b557e57cf1a8a591b0c0\"},\"headline\":\"FOR\u00c7AS DE SEGURAN\u00c7A REPRIMEM BRUTALMENTE MANIFESTANTES DO COLETIVO\u00a0DOS PARTIDOS POL\u00cdTICOS\",\"datePublished\":\"2017-11-16T16:34:27+00:00\",\"dateModified\":\"2017-11-16T16:41:23+00:00\",\"mainEntityOfPage\":{\"@id\":\"https:\\\/\\\/www.odemocratagb.com\\\/?p=14662\"},\"wordCount\":864,\"commentCount\":1,\"publisher\":{\"@id\":\"https:\\\/\\\/www.odemocratagb.com\\\/#organization\"},\"image\":{\"@id\":\"https:\\\/\\\/www.odemocratagb.com\\\/?p=14662#primaryimage\"},\"thumbnailUrl\":\"https:\\\/\\\/www.odemocratagb.com\\\/wp-content\\\/uploads\\\/2017\\\/11\\\/51D340D1-1BCA-450F-A45D-1F8CCDEF86C0.jpeg\",\"articleSection\":[\"Atualidade\",\"Pol\u00edtica\"],\"inLanguage\":\"pt-BR\",\"potentialAction\":[{\"@type\":\"CommentAction\",\"name\":\"Comment\",\"target\":[\"https:\\\/\\\/www.odemocratagb.com\\\/?p=14662#respond\"]}]},{\"@type\":\"WebPage\",\"@id\":\"https:\\\/\\\/www.odemocratagb.com\\\/?p=14662\",\"url\":\"https:\\\/\\\/www.odemocratagb.com\\\/?p=14662\",\"name\":\"FOR\u00c7AS DE SEGURAN\u00c7A REPRIMEM BRUTALMENTE MANIFESTANTES DO COLETIVO\u00a0DOS PARTIDOS POL\u00cdTICOS - O Democrata GB\",\"isPartOf\":{\"@id\":\"https:\\\/\\\/www.odemocratagb.com\\\/#website\"},\"primaryImageOfPage\":{\"@id\":\"https:\\\/\\\/www.odemocratagb.com\\\/?p=14662#primaryimage\"},\"image\":{\"@id\":\"https:\\\/\\\/www.odemocratagb.com\\\/?p=14662#primaryimage\"},\"thumbnailUrl\":\"https:\\\/\\\/www.odemocratagb.com\\\/wp-content\\\/uploads\\\/2017\\\/11\\\/51D340D1-1BCA-450F-A45D-1F8CCDEF86C0.jpeg\",\"datePublished\":\"2017-11-16T16:34:27+00:00\",\"dateModified\":\"2017-11-16T16:41:23+00:00\",\"breadcrumb\":{\"@id\":\"https:\\\/\\\/www.odemocratagb.com\\\/?p=14662#breadcrumb\"},\"inLanguage\":\"pt-BR\",\"potentialAction\":[{\"@type\":\"ReadAction\",\"target\":[\"https:\\\/\\\/www.odemocratagb.com\\\/?p=14662\"]}]},{\"@type\":\"ImageObject\",\"inLanguage\":\"pt-BR\",\"@id\":\"https:\\\/\\\/www.odemocratagb.com\\\/?p=14662#primaryimage\",\"url\":\"https:\\\/\\\/www.odemocratagb.com\\\/wp-content\\\/uploads\\\/2017\\\/11\\\/51D340D1-1BCA-450F-A45D-1F8CCDEF86C0.jpeg\",\"contentUrl\":\"https:\\\/\\\/www.odemocratagb.com\\\/wp-content\\\/uploads\\\/2017\\\/11\\\/51D340D1-1BCA-450F-A45D-1F8CCDEF86C0.jpeg\",\"width\":2048,\"height\":1152},{\"@type\":\"BreadcrumbList\",\"@id\":\"https:\\\/\\\/www.odemocratagb.com\\\/?p=14662#breadcrumb\",\"itemListElement\":[{\"@type\":\"ListItem\",\"position\":1,\"name\":\"In\u00edcio\",\"item\":\"https:\\\/\\\/www.odemocratagb.com\\\/\"},{\"@type\":\"ListItem\",\"position\":2,\"name\":\"FOR\u00c7AS DE SEGURAN\u00c7A REPRIMEM BRUTALMENTE MANIFESTANTES DO COLETIVO\u00a0DOS PARTIDOS POL\u00cdTICOS\"}]},{\"@type\":\"WebSite\",\"@id\":\"https:\\\/\\\/www.odemocratagb.com\\\/#website\",\"url\":\"https:\\\/\\\/www.odemocratagb.com\\\/\",\"name\":\"O Democrata GB\",\"description\":\"Jornal O Democrata GB\",\"publisher\":{\"@id\":\"https:\\\/\\\/www.odemocratagb.com\\\/#organization\"},\"potentialAction\":[{\"@type\":\"SearchAction\",\"target\":{\"@type\":\"EntryPoint\",\"urlTemplate\":\"https:\\\/\\\/www.odemocratagb.com\\\/?s={search_term_string}\"},\"query-input\":{\"@type\":\"PropertyValueSpecification\",\"valueRequired\":true,\"valueName\":\"search_term_string\"}}],\"inLanguage\":\"pt-BR\"},{\"@type\":\"Organization\",\"@id\":\"https:\\\/\\\/www.odemocratagb.com\\\/#organization\",\"name\":\"O Democrata GB\",\"url\":\"https:\\\/\\\/www.odemocratagb.com\\\/\",\"logo\":{\"@type\":\"ImageObject\",\"inLanguage\":\"pt-BR\",\"@id\":\"https:\\\/\\\/www.odemocratagb.com\\\/#\\\/schema\\\/logo\\\/image\\\/\",\"url\":\"https:\\\/\\\/www.odemocratagb.com\\\/wp-content\\\/uploads\\\/2026\\\/04\\\/logo-odemocratagb.png\",\"contentUrl\":\"https:\\\/\\\/www.odemocratagb.com\\\/wp-content\\\/uploads\\\/2026\\\/04\\\/logo-odemocratagb.png\",\"width\":1250,\"height\":327,\"caption\":\"O Democrata GB\"},\"image\":{\"@id\":\"https:\\\/\\\/www.odemocratagb.com\\\/#\\\/schema\\\/logo\\\/image\\\/\"},\"sameAs\":[\"https:\\\/\\\/www.facebook.com\\\/jornaldaguinebissau\",\"https:\\\/\\\/www.instagram.com\\\/odemocratagb\"]},{\"@type\":\"Person\",\"@id\":\"https:\\\/\\\/www.odemocratagb.com\\\/#\\\/schema\\\/person\\\/c5e683adeaf9b557e57cf1a8a591b0c0\",\"name\":\"Jornal Odemocrata\",\"image\":{\"@type\":\"ImageObject\",\"inLanguage\":\"pt-BR\",\"@id\":\"https:\\\/\\\/secure.gravatar.com\\\/avatar\\\/09cb6b76eee5612f7cfca9e0089e2f17141d417bd034905eee842945c87fd87f?s=96&d=mm&r=g\",\"url\":\"https:\\\/\\\/secure.gravatar.com\\\/avatar\\\/09cb6b76eee5612f7cfca9e0089e2f17141d417bd034905eee842945c87fd87f?s=96&d=mm&r=g\",\"contentUrl\":\"https:\\\/\\\/secure.gravatar.com\\\/avatar\\\/09cb6b76eee5612f7cfca9e0089e2f17141d417bd034905eee842945c87fd87f?s=96&d=mm&r=g\",\"caption\":\"Jornal Odemocrata\"},\"sameAs\":[\"http:\\\/\\\/odemocratagb.com\"],\"url\":\"https:\\\/\\\/www.odemocratagb.com\\\/?author=4\"}]}<\/script>\n<!-- \/ Yoast SEO plugin. -->","yoast_head_json":{"title":"FOR\u00c7AS DE SEGURAN\u00c7A REPRIMEM BRUTALMENTE MANIFESTANTES DO COLETIVO\u00a0DOS PARTIDOS POL\u00cdTICOS - O Democrata GB","robots":{"index":"index","follow":"follow","max-snippet":"max-snippet:-1","max-image-preview":"max-image-preview:large","max-video-preview":"max-video-preview:-1"},"canonical":"https:\/\/www.odemocratagb.com\/?p=14662","og_locale":"pt_BR","og_type":"article","og_title":"FOR\u00c7AS DE SEGURAN\u00c7A REPRIMEM BRUTALMENTE MANIFESTANTES DO COLETIVO\u00a0DOS PARTIDOS POL\u00cdTICOS - O Democrata GB","og_description":"As for\u00e7as de seguran\u00e7a da Guin\u00e9-Bissau dispersaram esta quinta-feira, 16 de Novembro de 2017, milhares de manifestantes apoiantes do Coletivo...","og_url":"https:\/\/www.odemocratagb.com\/?p=14662","og_site_name":"O Democrata GB","article_publisher":"https:\/\/www.facebook.com\/jornaldaguinebissau","article_published_time":"2017-11-16T16:34:27+00:00","article_modified_time":"2017-11-16T16:41:23+00:00","og_image":[{"width":2048,"height":1152,"url":"https:\/\/www.odemocratagb.com\/wp-content\/uploads\/2017\/11\/51D340D1-1BCA-450F-A45D-1F8CCDEF86C0.jpeg","type":"image\/jpeg"}],"author":"Jornal Odemocrata","twitter_card":"summary_large_image","twitter_misc":{"Escrito por":"Jornal Odemocrata","Est. tempo de leitura":"4 minutos"},"schema":{"@context":"https:\/\/schema.org","@graph":[{"@type":"Article","@id":"https:\/\/www.odemocratagb.com\/?p=14662#article","isPartOf":{"@id":"https:\/\/www.odemocratagb.com\/?p=14662"},"author":{"name":"Jornal Odemocrata","@id":"https:\/\/www.odemocratagb.com\/#\/schema\/person\/c5e683adeaf9b557e57cf1a8a591b0c0"},"headline":"FOR\u00c7AS DE SEGURAN\u00c7A REPRIMEM BRUTALMENTE MANIFESTANTES DO COLETIVO\u00a0DOS PARTIDOS POL\u00cdTICOS","datePublished":"2017-11-16T16:34:27+00:00","dateModified":"2017-11-16T16:41:23+00:00","mainEntityOfPage":{"@id":"https:\/\/www.odemocratagb.com\/?p=14662"},"wordCount":864,"commentCount":1,"publisher":{"@id":"https:\/\/www.odemocratagb.com\/#organization"},"image":{"@id":"https:\/\/www.odemocratagb.com\/?p=14662#primaryimage"},"thumbnailUrl":"https:\/\/www.odemocratagb.com\/wp-content\/uploads\/2017\/11\/51D340D1-1BCA-450F-A45D-1F8CCDEF86C0.jpeg","articleSection":["Atualidade","Pol\u00edtica"],"inLanguage":"pt-BR","potentialAction":[{"@type":"CommentAction","name":"Comment","target":["https:\/\/www.odemocratagb.com\/?p=14662#respond"]}]},{"@type":"WebPage","@id":"https:\/\/www.odemocratagb.com\/?p=14662","url":"https:\/\/www.odemocratagb.com\/?p=14662","name":"FOR\u00c7AS DE SEGURAN\u00c7A REPRIMEM BRUTALMENTE MANIFESTANTES DO COLETIVO\u00a0DOS PARTIDOS POL\u00cdTICOS - O Democrata GB","isPartOf":{"@id":"https:\/\/www.odemocratagb.com\/#website"},"primaryImageOfPage":{"@id":"https:\/\/www.odemocratagb.com\/?p=14662#primaryimage"},"image":{"@id":"https:\/\/www.odemocratagb.com\/?p=14662#primaryimage"},"thumbnailUrl":"https:\/\/www.odemocratagb.com\/wp-content\/uploads\/2017\/11\/51D340D1-1BCA-450F-A45D-1F8CCDEF86C0.jpeg","datePublished":"2017-11-16T16:34:27+00:00","dateModified":"2017-11-16T16:41:23+00:00","breadcrumb":{"@id":"https:\/\/www.odemocratagb.com\/?p=14662#breadcrumb"},"inLanguage":"pt-BR","potentialAction":[{"@type":"ReadAction","target":["https:\/\/www.odemocratagb.com\/?p=14662"]}]},{"@type":"ImageObject","inLanguage":"pt-BR","@id":"https:\/\/www.odemocratagb.com\/?p=14662#primaryimage","url":"https:\/\/www.odemocratagb.com\/wp-content\/uploads\/2017\/11\/51D340D1-1BCA-450F-A45D-1F8CCDEF86C0.jpeg","contentUrl":"https:\/\/www.odemocratagb.com\/wp-content\/uploads\/2017\/11\/51D340D1-1BCA-450F-A45D-1F8CCDEF86C0.jpeg","width":2048,"height":1152},{"@type":"BreadcrumbList","@id":"https:\/\/www.odemocratagb.com\/?p=14662#breadcrumb","itemListElement":[{"@type":"ListItem","position":1,"name":"In\u00edcio","item":"https:\/\/www.odemocratagb.com\/"},{"@type":"ListItem","position":2,"name":"FOR\u00c7AS DE SEGURAN\u00c7A REPRIMEM BRUTALMENTE MANIFESTANTES DO COLETIVO\u00a0DOS PARTIDOS POL\u00cdTICOS"}]},{"@type":"WebSite","@id":"https:\/\/www.odemocratagb.com\/#website","url":"https:\/\/www.odemocratagb.com\/","name":"O Democrata GB","description":"Jornal O Democrata GB","publisher":{"@id":"https:\/\/www.odemocratagb.com\/#organization"},"potentialAction":[{"@type":"SearchAction","target":{"@type":"EntryPoint","urlTemplate":"https:\/\/www.odemocratagb.com\/?s={search_term_string}"},"query-input":{"@type":"PropertyValueSpecification","valueRequired":true,"valueName":"search_term_string"}}],"inLanguage":"pt-BR"},{"@type":"Organization","@id":"https:\/\/www.odemocratagb.com\/#organization","name":"O Democrata GB","url":"https:\/\/www.odemocratagb.com\/","logo":{"@type":"ImageObject","inLanguage":"pt-BR","@id":"https:\/\/www.odemocratagb.com\/#\/schema\/logo\/image\/","url":"https:\/\/www.odemocratagb.com\/wp-content\/uploads\/2026\/04\/logo-odemocratagb.png","contentUrl":"https:\/\/www.odemocratagb.com\/wp-content\/uploads\/2026\/04\/logo-odemocratagb.png","width":1250,"height":327,"caption":"O Democrata GB"},"image":{"@id":"https:\/\/www.odemocratagb.com\/#\/schema\/logo\/image\/"},"sameAs":["https:\/\/www.facebook.com\/jornaldaguinebissau","https:\/\/www.instagram.com\/odemocratagb"]},{"@type":"Person","@id":"https:\/\/www.odemocratagb.com\/#\/schema\/person\/c5e683adeaf9b557e57cf1a8a591b0c0","name":"Jornal Odemocrata","image":{"@type":"ImageObject","inLanguage":"pt-BR","@id":"https:\/\/secure.gravatar.com\/avatar\/09cb6b76eee5612f7cfca9e0089e2f17141d417bd034905eee842945c87fd87f?s=96&d=mm&r=g","url":"https:\/\/secure.gravatar.com\/avatar\/09cb6b76eee5612f7cfca9e0089e2f17141d417bd034905eee842945c87fd87f?s=96&d=mm&r=g","contentUrl":"https:\/\/secure.gravatar.com\/avatar\/09cb6b76eee5612f7cfca9e0089e2f17141d417bd034905eee842945c87fd87f?s=96&d=mm&r=g","caption":"Jornal Odemocrata"},"sameAs":["http:\/\/odemocratagb.com"],"url":"https:\/\/www.odemocratagb.com\/?author=4"}]}},"_links":{"self":[{"href":"https:\/\/www.odemocratagb.com\/index.php?rest_route=\/wp\/v2\/posts\/14662","targetHints":{"allow":["GET"]}}],"collection":[{"href":"https:\/\/www.odemocratagb.com\/index.php?rest_route=\/wp\/v2\/posts"}],"about":[{"href":"https:\/\/www.odemocratagb.com\/index.php?rest_route=\/wp\/v2\/types\/post"}],"author":[{"embeddable":true,"href":"https:\/\/www.odemocratagb.com\/index.php?rest_route=\/wp\/v2\/users\/4"}],"replies":[{"embeddable":true,"href":"https:\/\/www.odemocratagb.com\/index.php?rest_route=%2Fwp%2Fv2%2Fcomments&post=14662"}],"version-history":[{"count":5,"href":"https:\/\/www.odemocratagb.com\/index.php?rest_route=\/wp\/v2\/posts\/14662\/revisions"}],"predecessor-version":[{"id":14680,"href":"https:\/\/www.odemocratagb.com\/index.php?rest_route=\/wp\/v2\/posts\/14662\/revisions\/14680"}],"wp:featuredmedia":[{"embeddable":true,"href":"https:\/\/www.odemocratagb.com\/index.php?rest_route=\/wp\/v2\/media\/14671"}],"wp:attachment":[{"href":"https:\/\/www.odemocratagb.com\/index.php?rest_route=%2Fwp%2Fv2%2Fmedia&parent=14662"}],"wp:term":[{"taxonomy":"category","embeddable":true,"href":"https:\/\/www.odemocratagb.com\/index.php?rest_route=%2Fwp%2Fv2%2Fcategories&post=14662"},{"taxonomy":"post_tag","embeddable":true,"href":"https:\/\/www.odemocratagb.com\/index.php?rest_route=%2Fwp%2Fv2%2Ftags&post=14662"}],"curies":[{"name":"wp","href":"https:\/\/api.w.org\/{rel}","templated":true}]}}