{"id":14684,"date":"2017-11-16T20:12:03","date_gmt":"2017-11-16T20:12:03","guid":{"rendered":"http:\/\/www.odemocratagb.com\/?p=14684"},"modified":"2017-11-16T20:19:41","modified_gmt":"2017-11-16T20:19:41","slug":"camponeses-de-bambadinca-aplaudem-apoio-do-chefe-de-estado","status":"publish","type":"post","link":"https:\/\/www.odemocratagb.com\/?p=14684","title":{"rendered":"CAMPONESES DE BAMBADINCA APLAUDEM APOIO DO CHEFE DE ESTADO GUINEENSE"},"content":{"rendered":"<p>Os agricultores de Bambadinca aplaudem a iniciativa do Presidente da Rep\u00fablica, em apoiar os camponeses daquele setor, no leste do pa\u00eds, na exporta\u00e7\u00e3o de batata-doce para um mercado que oferece melhor pre\u00e7o aos produtores de batata-doce da Guin\u00e9-Bissau.<\/p>\n<p>A satisfa\u00e7\u00e3o dos camponeses de Bambadinca foi transmitida ao Chefe de Estado pelo representante dos agricultores, Almamu Fati, quarta-feira, 15 de Novembro 2017, numa cerim\u00f3nia simb\u00f3lica de partida do primeiro cami\u00e3o de exporta\u00e7\u00e3o de batata-doce com destino \u00e0 Rep\u00fablica vizinha do Senegal, com 30 (Trinta) toneladas do produto agr\u00edcola.<\/p>\n<p><a href=\"http:\/\/www.odemocratagb.com\/wp-content\/uploads\/2017\/11\/camiao-batata-boce.jpg\"><img loading=\"lazy\" decoding=\"async\" class=\"alignnone size-medium wp-image-14686\" src=\"http:\/\/www.odemocratagb.com\/wp-content\/uploads\/2017\/11\/camiao-batata-boce-300x200.jpg\" alt=\"\" width=\"300\" height=\"200\" srcset=\"https:\/\/www.odemocratagb.com\/wp-content\/uploads\/2017\/11\/camiao-batata-boce-300x200.jpg 300w, https:\/\/www.odemocratagb.com\/wp-content\/uploads\/2017\/11\/camiao-batata-boce.jpg 720w\" sizes=\"auto, (max-width: 300px) 100vw, 300px\" \/><\/a><\/p>\n<p>A primeira exporta\u00e7\u00e3o que deixou o pa\u00eds resultou de contatos encetados pelo governo de Umaro Sissoco Embal\u00f3 com o Chefe de Estado nos mercados da sub-regi\u00e3o que oferecem melhores pre\u00e7os.<\/p>\n<p>Na mesma ocasi\u00e3o, os agricultores de Bambadinca pediram ao governo a mecaniza\u00e7\u00e3o da produ\u00e7\u00e3o agr\u00edcola com vista a aumentar as suas produ\u00e7\u00f5es de bata-doce e outros produtos agr\u00edcolas. Os agricultores exortaram igualmente ao executivo a instala\u00e7\u00e3o de ind\u00fastrias de transforma\u00e7\u00e3o de batata-doce, como meio para gerar mais empregos e\u00a0 rendimentos aos produtores.<\/p>\n<p>O presidente da C\u00e2mara do Com\u00e9rcio, Ind\u00fastria, Agricultura e Servi\u00e7os (CCIAS), Braima Camar\u00e1 assegurou que doravante os agricultores podem praticar os seus trabalhos sem medo, salientando que com a iniciativa do Chefe do Estado, os produtos agr\u00edcolas deixar\u00e3o de se estragar como acontecia dantes. No entanto, sustentou que o Presidente da Rep\u00fablica, Jos\u00e9 M\u00e1rio Vaz, est\u00e1 a criar condi\u00e7\u00f5es para que camponeses consigam um mercado eficaz depois da colheita.<\/p>\n<p>&#8220;\u00c9 a hora de elegermos agricultura como sendo a nossa prioridade, evitando assim que os jovens continuem a escolher a capital Bissau, como um campo de ref\u00fagio\u201d, nota Camar\u00e1.<\/p>\n<p>O governador da regi\u00e3o de Bafat\u00e1, Saido Embal\u00f3, afirmou que outrora os camponeses de Bambadinca vendia seus produtos no mercado senegal\u00eas num pre\u00e7o ris\u00f3rio.<\/p>\n<p><a href=\"http:\/\/www.odemocratagb.com\/wp-content\/uploads\/2017\/11\/jomav-bambadinca.jpg\"><img loading=\"lazy\" decoding=\"async\" class=\"alignnone size-medium wp-image-14681\" src=\"http:\/\/www.odemocratagb.com\/wp-content\/uploads\/2017\/11\/jomav-bambadinca-300x200.jpg\" alt=\"\" width=\"300\" height=\"200\" srcset=\"https:\/\/www.odemocratagb.com\/wp-content\/uploads\/2017\/11\/jomav-bambadinca-300x200.jpg 300w, https:\/\/www.odemocratagb.com\/wp-content\/uploads\/2017\/11\/jomav-bambadinca.jpg 720w\" sizes=\"auto, (max-width: 300px) 100vw, 300px\" \/><\/a><\/p>\n<p>O Ministro da Agricultura, Nicolau dos Santos, presente no ato, apelou aos camponeses de Bambadinca a se organizarem em associa\u00e7\u00f5es ou cooperativas como forma de facilitar a parceria com o seu Minist\u00e9rio.<\/p>\n<p>&#8220;N\u00f3s, agricultores, n\u00f3s somos donos desta terra, porque constitu\u00edmos mais de 80 por cento da popula\u00e7\u00e3o guineense. O Minist\u00e9rio est\u00e1 a trabalhar empenhadamente para mudar esta forma emp\u00edrica da agricultura para introduzir m\u00e1quinas\u201d, conta dos Santos.<\/p>\n<p>O Minist\u00e9rio da Agricultura prev\u00ea anualmente cerca de 100 (Cem) mil toneladas de batata-doce na regi\u00e3o de Bafat\u00e1, mas segundo Nicolau dos Santos, com a introdu\u00e7\u00e3o das m\u00e1quinas a atual previs\u00e3o seria ultrapassada, possibilitando desta forma a transforma\u00e7\u00e3o local do produto ao inv\u00e9s de se limitar na exporta\u00e7\u00e3o, evitando que os camponeses guineenses continuem a ser explorados pelos pa\u00edses vizinhos.<\/p>\n<p>&nbsp;<\/p>\n<p>&nbsp;<\/p>\n<p>Por: Sene Camar\u00e1<\/p>\n<p>Foto: Herickson Fada<\/p>\n","protected":false},"excerpt":{"rendered":"<p>Os agricultores de Bambadinca aplaudem a iniciativa do Presidente da Rep\u00fablica, em apoiar os camponeses daquele setor, no leste do&#8230;<\/p>\n","protected":false},"author":4,"featured_media":14683,"comment_status":"open","ping_status":"open","sticky":false,"template":"","format":"standard","meta":{"footnotes":""},"categories":[6,16],"tags":[],"class_list":["post-14684","post","type-post","status-publish","format-standard","has-post-thumbnail","hentry","category-inicio","category-sociedade","wpcat-6-id","wpcat-16-id"],"yoast_head":"<!-- This site is optimized with the Yoast SEO plugin v27.5 - https:\/\/yoast.com\/product\/yoast-seo-wordpress\/ -->\n<title>CAMPONESES DE BAMBADINCA APLAUDEM APOIO DO CHEFE DE ESTADO GUINEENSE - O Democrata GB<\/title>\n<meta name=\"robots\" content=\"index, follow, max-snippet:-1, max-image-preview:large, max-video-preview:-1\" \/>\n<link rel=\"canonical\" href=\"https:\/\/www.odemocratagb.com\/?p=14684\" \/>\n<meta property=\"og:locale\" content=\"pt_BR\" \/>\n<meta property=\"og:type\" content=\"article\" \/>\n<meta property=\"og:title\" content=\"CAMPONESES DE BAMBADINCA APLAUDEM APOIO DO CHEFE DE ESTADO GUINEENSE - O Democrata GB\" \/>\n<meta property=\"og:description\" content=\"Os agricultores de Bambadinca aplaudem a iniciativa do Presidente da Rep\u00fablica, em apoiar os camponeses daquele setor, no leste do...\" \/>\n<meta property=\"og:url\" content=\"https:\/\/www.odemocratagb.com\/?p=14684\" \/>\n<meta property=\"og:site_name\" content=\"O Democrata GB\" \/>\n<meta property=\"article:publisher\" content=\"https:\/\/www.facebook.com\/jornaldaguinebissau\" \/>\n<meta property=\"article:published_time\" content=\"2017-11-16T20:12:03+00:00\" \/>\n<meta property=\"article:modified_time\" content=\"2017-11-16T20:19:41+00:00\" \/>\n<meta property=\"og:image\" content=\"https:\/\/www.odemocratagb.com\/wp-content\/uploads\/2017\/11\/jomav-popula\u00e7ao-bambadinca.jpg\" \/>\n\t<meta property=\"og:image:width\" content=\"720\" \/>\n\t<meta property=\"og:image:height\" content=\"480\" \/>\n\t<meta property=\"og:image:type\" content=\"image\/jpeg\" \/>\n<meta name=\"author\" content=\"Jornal Odemocrata\" \/>\n<meta name=\"twitter:card\" content=\"summary_large_image\" \/>\n<meta name=\"twitter:label1\" content=\"Escrito por\" \/>\n\t<meta name=\"twitter:data1\" content=\"Jornal Odemocrata\" \/>\n\t<meta name=\"twitter:label2\" content=\"Est. tempo de leitura\" \/>\n\t<meta name=\"twitter:data2\" content=\"2 minutos\" \/>\n<script type=\"application\/ld+json\" class=\"yoast-schema-graph\">{\"@context\":\"https:\\\/\\\/schema.org\",\"@graph\":[{\"@type\":\"Article\",\"@id\":\"https:\\\/\\\/www.odemocratagb.com\\\/?p=14684#article\",\"isPartOf\":{\"@id\":\"https:\\\/\\\/www.odemocratagb.com\\\/?p=14684\"},\"author\":{\"name\":\"Jornal Odemocrata\",\"@id\":\"https:\\\/\\\/www.odemocratagb.com\\\/#\\\/schema\\\/person\\\/c5e683adeaf9b557e57cf1a8a591b0c0\"},\"headline\":\"CAMPONESES DE BAMBADINCA APLAUDEM APOIO DO CHEFE DE ESTADO GUINEENSE\",\"datePublished\":\"2017-11-16T20:12:03+00:00\",\"dateModified\":\"2017-11-16T20:19:41+00:00\",\"mainEntityOfPage\":{\"@id\":\"https:\\\/\\\/www.odemocratagb.com\\\/?p=14684\"},\"wordCount\":487,\"commentCount\":0,\"publisher\":{\"@id\":\"https:\\\/\\\/www.odemocratagb.com\\\/#organization\"},\"image\":{\"@id\":\"https:\\\/\\\/www.odemocratagb.com\\\/?p=14684#primaryimage\"},\"thumbnailUrl\":\"https:\\\/\\\/www.odemocratagb.com\\\/wp-content\\\/uploads\\\/2017\\\/11\\\/jomav-popula\u00e7ao-bambadinca.jpg\",\"articleSection\":[\"Atualidade\",\"Sociedade\"],\"inLanguage\":\"pt-BR\",\"potentialAction\":[{\"@type\":\"CommentAction\",\"name\":\"Comment\",\"target\":[\"https:\\\/\\\/www.odemocratagb.com\\\/?p=14684#respond\"]}]},{\"@type\":\"WebPage\",\"@id\":\"https:\\\/\\\/www.odemocratagb.com\\\/?p=14684\",\"url\":\"https:\\\/\\\/www.odemocratagb.com\\\/?p=14684\",\"name\":\"CAMPONESES DE BAMBADINCA APLAUDEM APOIO DO CHEFE DE ESTADO GUINEENSE - O Democrata GB\",\"isPartOf\":{\"@id\":\"https:\\\/\\\/www.odemocratagb.com\\\/#website\"},\"primaryImageOfPage\":{\"@id\":\"https:\\\/\\\/www.odemocratagb.com\\\/?p=14684#primaryimage\"},\"image\":{\"@id\":\"https:\\\/\\\/www.odemocratagb.com\\\/?p=14684#primaryimage\"},\"thumbnailUrl\":\"https:\\\/\\\/www.odemocratagb.com\\\/wp-content\\\/uploads\\\/2017\\\/11\\\/jomav-popula\u00e7ao-bambadinca.jpg\",\"datePublished\":\"2017-11-16T20:12:03+00:00\",\"dateModified\":\"2017-11-16T20:19:41+00:00\",\"breadcrumb\":{\"@id\":\"https:\\\/\\\/www.odemocratagb.com\\\/?p=14684#breadcrumb\"},\"inLanguage\":\"pt-BR\",\"potentialAction\":[{\"@type\":\"ReadAction\",\"target\":[\"https:\\\/\\\/www.odemocratagb.com\\\/?p=14684\"]}]},{\"@type\":\"ImageObject\",\"inLanguage\":\"pt-BR\",\"@id\":\"https:\\\/\\\/www.odemocratagb.com\\\/?p=14684#primaryimage\",\"url\":\"https:\\\/\\\/www.odemocratagb.com\\\/wp-content\\\/uploads\\\/2017\\\/11\\\/jomav-popula\u00e7ao-bambadinca.jpg\",\"contentUrl\":\"https:\\\/\\\/www.odemocratagb.com\\\/wp-content\\\/uploads\\\/2017\\\/11\\\/jomav-popula\u00e7ao-bambadinca.jpg\",\"width\":720,\"height\":480},{\"@type\":\"BreadcrumbList\",\"@id\":\"https:\\\/\\\/www.odemocratagb.com\\\/?p=14684#breadcrumb\",\"itemListElement\":[{\"@type\":\"ListItem\",\"position\":1,\"name\":\"In\u00edcio\",\"item\":\"https:\\\/\\\/www.odemocratagb.com\\\/\"},{\"@type\":\"ListItem\",\"position\":2,\"name\":\"CAMPONESES DE BAMBADINCA APLAUDEM APOIO DO CHEFE DE ESTADO GUINEENSE\"}]},{\"@type\":\"WebSite\",\"@id\":\"https:\\\/\\\/www.odemocratagb.com\\\/#website\",\"url\":\"https:\\\/\\\/www.odemocratagb.com\\\/\",\"name\":\"O Democrata GB\",\"description\":\"Jornal O Democrata GB\",\"publisher\":{\"@id\":\"https:\\\/\\\/www.odemocratagb.com\\\/#organization\"},\"potentialAction\":[{\"@type\":\"SearchAction\",\"target\":{\"@type\":\"EntryPoint\",\"urlTemplate\":\"https:\\\/\\\/www.odemocratagb.com\\\/?s={search_term_string}\"},\"query-input\":{\"@type\":\"PropertyValueSpecification\",\"valueRequired\":true,\"valueName\":\"search_term_string\"}}],\"inLanguage\":\"pt-BR\"},{\"@type\":\"Organization\",\"@id\":\"https:\\\/\\\/www.odemocratagb.com\\\/#organization\",\"name\":\"O Democrata GB\",\"url\":\"https:\\\/\\\/www.odemocratagb.com\\\/\",\"logo\":{\"@type\":\"ImageObject\",\"inLanguage\":\"pt-BR\",\"@id\":\"https:\\\/\\\/www.odemocratagb.com\\\/#\\\/schema\\\/logo\\\/image\\\/\",\"url\":\"https:\\\/\\\/www.odemocratagb.com\\\/wp-content\\\/uploads\\\/2026\\\/04\\\/logo-odemocratagb.png\",\"contentUrl\":\"https:\\\/\\\/www.odemocratagb.com\\\/wp-content\\\/uploads\\\/2026\\\/04\\\/logo-odemocratagb.png\",\"width\":1250,\"height\":327,\"caption\":\"O Democrata GB\"},\"image\":{\"@id\":\"https:\\\/\\\/www.odemocratagb.com\\\/#\\\/schema\\\/logo\\\/image\\\/\"},\"sameAs\":[\"https:\\\/\\\/www.facebook.com\\\/jornaldaguinebissau\",\"https:\\\/\\\/www.instagram.com\\\/odemocratagb\"]},{\"@type\":\"Person\",\"@id\":\"https:\\\/\\\/www.odemocratagb.com\\\/#\\\/schema\\\/person\\\/c5e683adeaf9b557e57cf1a8a591b0c0\",\"name\":\"Jornal Odemocrata\",\"image\":{\"@type\":\"ImageObject\",\"inLanguage\":\"pt-BR\",\"@id\":\"https:\\\/\\\/secure.gravatar.com\\\/avatar\\\/09cb6b76eee5612f7cfca9e0089e2f17141d417bd034905eee842945c87fd87f?s=96&d=mm&r=g\",\"url\":\"https:\\\/\\\/secure.gravatar.com\\\/avatar\\\/09cb6b76eee5612f7cfca9e0089e2f17141d417bd034905eee842945c87fd87f?s=96&d=mm&r=g\",\"contentUrl\":\"https:\\\/\\\/secure.gravatar.com\\\/avatar\\\/09cb6b76eee5612f7cfca9e0089e2f17141d417bd034905eee842945c87fd87f?s=96&d=mm&r=g\",\"caption\":\"Jornal Odemocrata\"},\"sameAs\":[\"http:\\\/\\\/odemocratagb.com\"],\"url\":\"https:\\\/\\\/www.odemocratagb.com\\\/?author=4\"}]}<\/script>\n<!-- \/ Yoast SEO plugin. -->","yoast_head_json":{"title":"CAMPONESES DE BAMBADINCA APLAUDEM APOIO DO CHEFE DE ESTADO GUINEENSE - O Democrata GB","robots":{"index":"index","follow":"follow","max-snippet":"max-snippet:-1","max-image-preview":"max-image-preview:large","max-video-preview":"max-video-preview:-1"},"canonical":"https:\/\/www.odemocratagb.com\/?p=14684","og_locale":"pt_BR","og_type":"article","og_title":"CAMPONESES DE BAMBADINCA APLAUDEM APOIO DO CHEFE DE ESTADO GUINEENSE - O Democrata GB","og_description":"Os agricultores de Bambadinca aplaudem a iniciativa do Presidente da Rep\u00fablica, em apoiar os camponeses daquele setor, no leste do...","og_url":"https:\/\/www.odemocratagb.com\/?p=14684","og_site_name":"O Democrata GB","article_publisher":"https:\/\/www.facebook.com\/jornaldaguinebissau","article_published_time":"2017-11-16T20:12:03+00:00","article_modified_time":"2017-11-16T20:19:41+00:00","og_image":[{"width":720,"height":480,"url":"https:\/\/www.odemocratagb.com\/wp-content\/uploads\/2017\/11\/jomav-popula\u00e7ao-bambadinca.jpg","type":"image\/jpeg"}],"author":"Jornal Odemocrata","twitter_card":"summary_large_image","twitter_misc":{"Escrito por":"Jornal Odemocrata","Est. tempo de leitura":"2 minutos"},"schema":{"@context":"https:\/\/schema.org","@graph":[{"@type":"Article","@id":"https:\/\/www.odemocratagb.com\/?p=14684#article","isPartOf":{"@id":"https:\/\/www.odemocratagb.com\/?p=14684"},"author":{"name":"Jornal Odemocrata","@id":"https:\/\/www.odemocratagb.com\/#\/schema\/person\/c5e683adeaf9b557e57cf1a8a591b0c0"},"headline":"CAMPONESES DE BAMBADINCA APLAUDEM APOIO DO CHEFE DE ESTADO GUINEENSE","datePublished":"2017-11-16T20:12:03+00:00","dateModified":"2017-11-16T20:19:41+00:00","mainEntityOfPage":{"@id":"https:\/\/www.odemocratagb.com\/?p=14684"},"wordCount":487,"commentCount":0,"publisher":{"@id":"https:\/\/www.odemocratagb.com\/#organization"},"image":{"@id":"https:\/\/www.odemocratagb.com\/?p=14684#primaryimage"},"thumbnailUrl":"https:\/\/www.odemocratagb.com\/wp-content\/uploads\/2017\/11\/jomav-popula\u00e7ao-bambadinca.jpg","articleSection":["Atualidade","Sociedade"],"inLanguage":"pt-BR","potentialAction":[{"@type":"CommentAction","name":"Comment","target":["https:\/\/www.odemocratagb.com\/?p=14684#respond"]}]},{"@type":"WebPage","@id":"https:\/\/www.odemocratagb.com\/?p=14684","url":"https:\/\/www.odemocratagb.com\/?p=14684","name":"CAMPONESES DE BAMBADINCA APLAUDEM APOIO DO CHEFE DE ESTADO GUINEENSE - O Democrata GB","isPartOf":{"@id":"https:\/\/www.odemocratagb.com\/#website"},"primaryImageOfPage":{"@id":"https:\/\/www.odemocratagb.com\/?p=14684#primaryimage"},"image":{"@id":"https:\/\/www.odemocratagb.com\/?p=14684#primaryimage"},"thumbnailUrl":"https:\/\/www.odemocratagb.com\/wp-content\/uploads\/2017\/11\/jomav-popula\u00e7ao-bambadinca.jpg","datePublished":"2017-11-16T20:12:03+00:00","dateModified":"2017-11-16T20:19:41+00:00","breadcrumb":{"@id":"https:\/\/www.odemocratagb.com\/?p=14684#breadcrumb"},"inLanguage":"pt-BR","potentialAction":[{"@type":"ReadAction","target":["https:\/\/www.odemocratagb.com\/?p=14684"]}]},{"@type":"ImageObject","inLanguage":"pt-BR","@id":"https:\/\/www.odemocratagb.com\/?p=14684#primaryimage","url":"https:\/\/www.odemocratagb.com\/wp-content\/uploads\/2017\/11\/jomav-popula\u00e7ao-bambadinca.jpg","contentUrl":"https:\/\/www.odemocratagb.com\/wp-content\/uploads\/2017\/11\/jomav-popula\u00e7ao-bambadinca.jpg","width":720,"height":480},{"@type":"BreadcrumbList","@id":"https:\/\/www.odemocratagb.com\/?p=14684#breadcrumb","itemListElement":[{"@type":"ListItem","position":1,"name":"In\u00edcio","item":"https:\/\/www.odemocratagb.com\/"},{"@type":"ListItem","position":2,"name":"CAMPONESES DE BAMBADINCA APLAUDEM APOIO DO CHEFE DE ESTADO GUINEENSE"}]},{"@type":"WebSite","@id":"https:\/\/www.odemocratagb.com\/#website","url":"https:\/\/www.odemocratagb.com\/","name":"O Democrata GB","description":"Jornal O Democrata GB","publisher":{"@id":"https:\/\/www.odemocratagb.com\/#organization"},"potentialAction":[{"@type":"SearchAction","target":{"@type":"EntryPoint","urlTemplate":"https:\/\/www.odemocratagb.com\/?s={search_term_string}"},"query-input":{"@type":"PropertyValueSpecification","valueRequired":true,"valueName":"search_term_string"}}],"inLanguage":"pt-BR"},{"@type":"Organization","@id":"https:\/\/www.odemocratagb.com\/#organization","name":"O Democrata GB","url":"https:\/\/www.odemocratagb.com\/","logo":{"@type":"ImageObject","inLanguage":"pt-BR","@id":"https:\/\/www.odemocratagb.com\/#\/schema\/logo\/image\/","url":"https:\/\/www.odemocratagb.com\/wp-content\/uploads\/2026\/04\/logo-odemocratagb.png","contentUrl":"https:\/\/www.odemocratagb.com\/wp-content\/uploads\/2026\/04\/logo-odemocratagb.png","width":1250,"height":327,"caption":"O Democrata GB"},"image":{"@id":"https:\/\/www.odemocratagb.com\/#\/schema\/logo\/image\/"},"sameAs":["https:\/\/www.facebook.com\/jornaldaguinebissau","https:\/\/www.instagram.com\/odemocratagb"]},{"@type":"Person","@id":"https:\/\/www.odemocratagb.com\/#\/schema\/person\/c5e683adeaf9b557e57cf1a8a591b0c0","name":"Jornal Odemocrata","image":{"@type":"ImageObject","inLanguage":"pt-BR","@id":"https:\/\/secure.gravatar.com\/avatar\/09cb6b76eee5612f7cfca9e0089e2f17141d417bd034905eee842945c87fd87f?s=96&d=mm&r=g","url":"https:\/\/secure.gravatar.com\/avatar\/09cb6b76eee5612f7cfca9e0089e2f17141d417bd034905eee842945c87fd87f?s=96&d=mm&r=g","contentUrl":"https:\/\/secure.gravatar.com\/avatar\/09cb6b76eee5612f7cfca9e0089e2f17141d417bd034905eee842945c87fd87f?s=96&d=mm&r=g","caption":"Jornal Odemocrata"},"sameAs":["http:\/\/odemocratagb.com"],"url":"https:\/\/www.odemocratagb.com\/?author=4"}]}},"_links":{"self":[{"href":"https:\/\/www.odemocratagb.com\/index.php?rest_route=\/wp\/v2\/posts\/14684","targetHints":{"allow":["GET"]}}],"collection":[{"href":"https:\/\/www.odemocratagb.com\/index.php?rest_route=\/wp\/v2\/posts"}],"about":[{"href":"https:\/\/www.odemocratagb.com\/index.php?rest_route=\/wp\/v2\/types\/post"}],"author":[{"embeddable":true,"href":"https:\/\/www.odemocratagb.com\/index.php?rest_route=\/wp\/v2\/users\/4"}],"replies":[{"embeddable":true,"href":"https:\/\/www.odemocratagb.com\/index.php?rest_route=%2Fwp%2Fv2%2Fcomments&post=14684"}],"version-history":[{"count":4,"href":"https:\/\/www.odemocratagb.com\/index.php?rest_route=\/wp\/v2\/posts\/14684\/revisions"}],"predecessor-version":[{"id":14689,"href":"https:\/\/www.odemocratagb.com\/index.php?rest_route=\/wp\/v2\/posts\/14684\/revisions\/14689"}],"wp:featuredmedia":[{"embeddable":true,"href":"https:\/\/www.odemocratagb.com\/index.php?rest_route=\/wp\/v2\/media\/14683"}],"wp:attachment":[{"href":"https:\/\/www.odemocratagb.com\/index.php?rest_route=%2Fwp%2Fv2%2Fmedia&parent=14684"}],"wp:term":[{"taxonomy":"category","embeddable":true,"href":"https:\/\/www.odemocratagb.com\/index.php?rest_route=%2Fwp%2Fv2%2Fcategories&post=14684"},{"taxonomy":"post_tag","embeddable":true,"href":"https:\/\/www.odemocratagb.com\/index.php?rest_route=%2Fwp%2Fv2%2Ftags&post=14684"}],"curies":[{"name":"wp","href":"https:\/\/api.w.org\/{rel}","templated":true}]}}