{"id":14765,"date":"2017-11-22T19:21:05","date_gmt":"2017-11-22T19:21:05","guid":{"rendered":"http:\/\/www.odemocratagb.com\/?p=14765"},"modified":"2017-11-22T19:21:05","modified_gmt":"2017-11-22T19:21:05","slug":"uniao-africana-pede-sentido-de-estado-a-lideres-politicos-guineenses","status":"publish","type":"post","link":"https:\/\/www.odemocratagb.com\/?p=14765","title":{"rendered":"UNI\u00c3O AFRICANA PEDE SENTIDO DE ESTADO A L\u00cdDERES POL\u00cdTICOS GUINEENSES"},"content":{"rendered":"<p>O Conselho de Paz e Seguran\u00e7a da Uni\u00e3o Africana pediu hoje, aos l\u00edderes pol\u00edticos guineenses, incluindo o presidente da Rep\u00fablica, para terem sentido de Estado e de responsabilidade para alcan\u00e7arem uma solu\u00e7\u00e3o para o atual impasse pol\u00edtico na Guin\u00e9-Bissau.<\/p>\n<p>&#8220;O Conselho convida todos os l\u00edderes pol\u00edticos da Guin\u00e9-Bissau, incluindo o Presidente da Rep\u00fablica, para terem sentido de Estado, responsabilidade e a respeitarem a Constitui\u00e7\u00e3o do pa\u00eds para alcan\u00e7arem uma solu\u00e7\u00e3o para o actual impasse pol\u00edtico&#8221;, refere um comunicado divulgado ter\u00e7a-feira \u00e0 imprensa pela representa\u00e7\u00e3o da Uni\u00e3o Africana (UA) em Bissau.<\/p>\n<p>O documento foi emitido na sequ\u00eancia da 734\u00aa reuni\u00e3o do Conselho de Paz e Seguran\u00e7a da Uni\u00e3o Africana realizada a 14 de Novembro e em que estiveram presentes o representante da organiza\u00e7\u00e3o em Bissau, embaixador Ov\u00eddeo Pequeno, e o ministro de Estado e dos Assuntos Parlamentares guineense, Soares Sambu.<\/p>\n<p>No comunicado, o Conselho de Seguran\u00e7a da UA sublinha tamb\u00e9m como &#8220;imperativo&#8221; que seja encontrada uma solu\u00e7\u00e3o &#8220;urgente e duradoura&#8221; para a crise existente no Partido Africano para a Independ\u00eancia da Guin\u00e9 e Cabo Verde (PAIGC), partido vencedor das legislativas de 2014.<\/p>\n<p>&#8220;O Conselho tamb\u00e9m destacou a import\u00e2ncia de organizar elei\u00e7\u00f5es livres, justas e cred\u00edveis dentro dos prazos previstos na Constitui\u00e7\u00e3o&#8221;, pode ler-se no comunicado.<\/p>\n<p>A Uni\u00e3o Africana instou todos os atores pol\u00edticos guineenses a colocarem os &#8220;interesses do pa\u00eds e do povo acima de tudo e a come\u00e7arem a criar condi\u00e7\u00f5es&#8221; para a realiza\u00e7\u00e3o de elei\u00e7\u00f5es legislativas em 2018.<\/p>\n<p>A organiza\u00e7\u00e3o mant\u00e9m a sua &#8220;profunda preocupa\u00e7\u00e3o&#8221; com a crise pol\u00edtica da Guin\u00e9-Bissau, particularmente marcada pelo recrudescimento das tens\u00f5es entre os principais actores pol\u00edticos e as institui\u00e7\u00f5es estatais&#8221;, apesar dos esfor\u00e7os de media\u00e7\u00e3o da Comunidade Econ\u00f3mica dos Estados da \u00c1frica Ocidental (CEDEAO), Comunidade dos Pa\u00edses de L\u00edngua Portuguesa (CPLP), UA, ONU e Uni\u00e3o Europeia.<\/p>\n<p>No comunicado, a Conselho de Seguran\u00e7a da Uni\u00e3o Africana volta a apelar \u00e0 comunidade internacional para mobilizar recursos financeiros para manter a miss\u00e3o militar da CEDEAO no pa\u00eds e a felicitar os militares guineenses pelo profissionalismo e respeito pela Constitui\u00e7\u00e3o que t\u00eam demonstrado ao absterem-se de envolvimento na actual situa\u00e7\u00e3o pol\u00edtica.<\/p>\n<p>O impasse pol\u00edtico na Guin\u00e9-Bissau tem levado v\u00e1rios pa\u00edses e institui\u00e7\u00f5es internacionais a apelarem a um consenso para a aplica\u00e7\u00e3o do Acordo de Conakry.<\/p>\n<p>O Acordo de Conakry, patrocinado pela CEDEAO, prev\u00ea a forma\u00e7\u00e3o de um governo consensual integrado por todos os partidos representados no parlamento e a nomea\u00e7\u00e3o de um primeiro-ministro de consenso e da confian\u00e7a do chefe de Estado, entre outros pontos.<\/p>\n<p>&nbsp;<\/p>\n<p>&nbsp;<\/p>\n<p><strong>In angop<\/strong><\/p>\n<p>&nbsp;<\/p>\n<p>&nbsp;<\/p>\n","protected":false},"excerpt":{"rendered":"<p>O Conselho de Paz e Seguran\u00e7a da Uni\u00e3o Africana pediu hoje, aos l\u00edderes pol\u00edticos guineenses, incluindo o presidente da Rep\u00fablica,&#8230;<\/p>\n","protected":false},"author":4,"featured_media":11762,"comment_status":"open","ping_status":"open","sticky":false,"template":"","format":"standard","meta":{"footnotes":""},"categories":[6,7],"tags":[],"class_list":["post-14765","post","type-post","status-publish","format-standard","has-post-thumbnail","hentry","category-inicio","category-politica","wpcat-6-id","wpcat-7-id"],"yoast_head":"<!-- This site is optimized with the Yoast SEO plugin v27.5 - https:\/\/yoast.com\/product\/yoast-seo-wordpress\/ -->\n<title>UNI\u00c3O AFRICANA PEDE SENTIDO DE ESTADO A L\u00cdDERES POL\u00cdTICOS GUINEENSES - O Democrata GB<\/title>\n<meta name=\"robots\" content=\"index, follow, max-snippet:-1, max-image-preview:large, max-video-preview:-1\" \/>\n<link rel=\"canonical\" href=\"https:\/\/www.odemocratagb.com\/?p=14765\" \/>\n<meta property=\"og:locale\" content=\"pt_BR\" \/>\n<meta property=\"og:type\" content=\"article\" \/>\n<meta property=\"og:title\" content=\"UNI\u00c3O AFRICANA PEDE SENTIDO DE ESTADO A L\u00cdDERES POL\u00cdTICOS GUINEENSES - O Democrata GB\" \/>\n<meta property=\"og:description\" content=\"O Conselho de Paz e Seguran\u00e7a da Uni\u00e3o Africana pediu hoje, aos l\u00edderes pol\u00edticos guineenses, incluindo o presidente da Rep\u00fablica,...\" \/>\n<meta property=\"og:url\" content=\"https:\/\/www.odemocratagb.com\/?p=14765\" \/>\n<meta property=\"og:site_name\" content=\"O Democrata GB\" \/>\n<meta property=\"article:publisher\" content=\"https:\/\/www.facebook.com\/jornaldaguinebissau\" \/>\n<meta property=\"article:published_time\" content=\"2017-11-22T19:21:05+00:00\" \/>\n<meta property=\"og:image\" content=\"https:\/\/www.odemocratagb.com\/wp-content\/uploads\/2017\/02\/sede-da-uniao-africana.jpg\" \/>\n\t<meta property=\"og:image:width\" content=\"748\" \/>\n\t<meta property=\"og:image:height\" content=\"498\" \/>\n\t<meta property=\"og:image:type\" content=\"image\/jpeg\" \/>\n<meta name=\"author\" content=\"Jornal Odemocrata\" \/>\n<meta name=\"twitter:card\" content=\"summary_large_image\" \/>\n<meta name=\"twitter:label1\" content=\"Escrito por\" \/>\n\t<meta name=\"twitter:data1\" content=\"Jornal Odemocrata\" \/>\n\t<meta name=\"twitter:label2\" content=\"Est. tempo de leitura\" \/>\n\t<meta name=\"twitter:data2\" content=\"2 minutos\" \/>\n<script type=\"application\/ld+json\" class=\"yoast-schema-graph\">{\"@context\":\"https:\\\/\\\/schema.org\",\"@graph\":[{\"@type\":\"Article\",\"@id\":\"https:\\\/\\\/www.odemocratagb.com\\\/?p=14765#article\",\"isPartOf\":{\"@id\":\"https:\\\/\\\/www.odemocratagb.com\\\/?p=14765\"},\"author\":{\"name\":\"Jornal Odemocrata\",\"@id\":\"https:\\\/\\\/www.odemocratagb.com\\\/#\\\/schema\\\/person\\\/c5e683adeaf9b557e57cf1a8a591b0c0\"},\"headline\":\"UNI\u00c3O AFRICANA PEDE SENTIDO DE ESTADO A L\u00cdDERES POL\u00cdTICOS GUINEENSES\",\"datePublished\":\"2017-11-22T19:21:05+00:00\",\"mainEntityOfPage\":{\"@id\":\"https:\\\/\\\/www.odemocratagb.com\\\/?p=14765\"},\"wordCount\":495,\"commentCount\":0,\"publisher\":{\"@id\":\"https:\\\/\\\/www.odemocratagb.com\\\/#organization\"},\"image\":{\"@id\":\"https:\\\/\\\/www.odemocratagb.com\\\/?p=14765#primaryimage\"},\"thumbnailUrl\":\"https:\\\/\\\/www.odemocratagb.com\\\/wp-content\\\/uploads\\\/2017\\\/02\\\/sede-da-uniao-africana.jpg\",\"articleSection\":[\"Atualidade\",\"Pol\u00edtica\"],\"inLanguage\":\"pt-BR\",\"potentialAction\":[{\"@type\":\"CommentAction\",\"name\":\"Comment\",\"target\":[\"https:\\\/\\\/www.odemocratagb.com\\\/?p=14765#respond\"]}]},{\"@type\":\"WebPage\",\"@id\":\"https:\\\/\\\/www.odemocratagb.com\\\/?p=14765\",\"url\":\"https:\\\/\\\/www.odemocratagb.com\\\/?p=14765\",\"name\":\"UNI\u00c3O AFRICANA PEDE SENTIDO DE ESTADO A L\u00cdDERES POL\u00cdTICOS GUINEENSES - O Democrata GB\",\"isPartOf\":{\"@id\":\"https:\\\/\\\/www.odemocratagb.com\\\/#website\"},\"primaryImageOfPage\":{\"@id\":\"https:\\\/\\\/www.odemocratagb.com\\\/?p=14765#primaryimage\"},\"image\":{\"@id\":\"https:\\\/\\\/www.odemocratagb.com\\\/?p=14765#primaryimage\"},\"thumbnailUrl\":\"https:\\\/\\\/www.odemocratagb.com\\\/wp-content\\\/uploads\\\/2017\\\/02\\\/sede-da-uniao-africana.jpg\",\"datePublished\":\"2017-11-22T19:21:05+00:00\",\"breadcrumb\":{\"@id\":\"https:\\\/\\\/www.odemocratagb.com\\\/?p=14765#breadcrumb\"},\"inLanguage\":\"pt-BR\",\"potentialAction\":[{\"@type\":\"ReadAction\",\"target\":[\"https:\\\/\\\/www.odemocratagb.com\\\/?p=14765\"]}]},{\"@type\":\"ImageObject\",\"inLanguage\":\"pt-BR\",\"@id\":\"https:\\\/\\\/www.odemocratagb.com\\\/?p=14765#primaryimage\",\"url\":\"https:\\\/\\\/www.odemocratagb.com\\\/wp-content\\\/uploads\\\/2017\\\/02\\\/sede-da-uniao-africana.jpg\",\"contentUrl\":\"https:\\\/\\\/www.odemocratagb.com\\\/wp-content\\\/uploads\\\/2017\\\/02\\\/sede-da-uniao-africana.jpg\",\"width\":748,\"height\":498},{\"@type\":\"BreadcrumbList\",\"@id\":\"https:\\\/\\\/www.odemocratagb.com\\\/?p=14765#breadcrumb\",\"itemListElement\":[{\"@type\":\"ListItem\",\"position\":1,\"name\":\"In\u00edcio\",\"item\":\"https:\\\/\\\/www.odemocratagb.com\\\/\"},{\"@type\":\"ListItem\",\"position\":2,\"name\":\"UNI\u00c3O AFRICANA PEDE SENTIDO DE ESTADO A L\u00cdDERES POL\u00cdTICOS GUINEENSES\"}]},{\"@type\":\"WebSite\",\"@id\":\"https:\\\/\\\/www.odemocratagb.com\\\/#website\",\"url\":\"https:\\\/\\\/www.odemocratagb.com\\\/\",\"name\":\"O Democrata GB\",\"description\":\"Jornal O Democrata GB\",\"publisher\":{\"@id\":\"https:\\\/\\\/www.odemocratagb.com\\\/#organization\"},\"potentialAction\":[{\"@type\":\"SearchAction\",\"target\":{\"@type\":\"EntryPoint\",\"urlTemplate\":\"https:\\\/\\\/www.odemocratagb.com\\\/?s={search_term_string}\"},\"query-input\":{\"@type\":\"PropertyValueSpecification\",\"valueRequired\":true,\"valueName\":\"search_term_string\"}}],\"inLanguage\":\"pt-BR\"},{\"@type\":\"Organization\",\"@id\":\"https:\\\/\\\/www.odemocratagb.com\\\/#organization\",\"name\":\"O Democrata GB\",\"url\":\"https:\\\/\\\/www.odemocratagb.com\\\/\",\"logo\":{\"@type\":\"ImageObject\",\"inLanguage\":\"pt-BR\",\"@id\":\"https:\\\/\\\/www.odemocratagb.com\\\/#\\\/schema\\\/logo\\\/image\\\/\",\"url\":\"https:\\\/\\\/www.odemocratagb.com\\\/wp-content\\\/uploads\\\/2026\\\/04\\\/logo-odemocratagb.png\",\"contentUrl\":\"https:\\\/\\\/www.odemocratagb.com\\\/wp-content\\\/uploads\\\/2026\\\/04\\\/logo-odemocratagb.png\",\"width\":1250,\"height\":327,\"caption\":\"O Democrata GB\"},\"image\":{\"@id\":\"https:\\\/\\\/www.odemocratagb.com\\\/#\\\/schema\\\/logo\\\/image\\\/\"},\"sameAs\":[\"https:\\\/\\\/www.facebook.com\\\/jornaldaguinebissau\",\"https:\\\/\\\/www.instagram.com\\\/odemocratagb\"]},{\"@type\":\"Person\",\"@id\":\"https:\\\/\\\/www.odemocratagb.com\\\/#\\\/schema\\\/person\\\/c5e683adeaf9b557e57cf1a8a591b0c0\",\"name\":\"Jornal Odemocrata\",\"image\":{\"@type\":\"ImageObject\",\"inLanguage\":\"pt-BR\",\"@id\":\"https:\\\/\\\/secure.gravatar.com\\\/avatar\\\/09cb6b76eee5612f7cfca9e0089e2f17141d417bd034905eee842945c87fd87f?s=96&d=mm&r=g\",\"url\":\"https:\\\/\\\/secure.gravatar.com\\\/avatar\\\/09cb6b76eee5612f7cfca9e0089e2f17141d417bd034905eee842945c87fd87f?s=96&d=mm&r=g\",\"contentUrl\":\"https:\\\/\\\/secure.gravatar.com\\\/avatar\\\/09cb6b76eee5612f7cfca9e0089e2f17141d417bd034905eee842945c87fd87f?s=96&d=mm&r=g\",\"caption\":\"Jornal Odemocrata\"},\"sameAs\":[\"http:\\\/\\\/odemocratagb.com\"],\"url\":\"https:\\\/\\\/www.odemocratagb.com\\\/?author=4\"}]}<\/script>\n<!-- \/ Yoast SEO plugin. -->","yoast_head_json":{"title":"UNI\u00c3O AFRICANA PEDE SENTIDO DE ESTADO A L\u00cdDERES POL\u00cdTICOS GUINEENSES - O Democrata GB","robots":{"index":"index","follow":"follow","max-snippet":"max-snippet:-1","max-image-preview":"max-image-preview:large","max-video-preview":"max-video-preview:-1"},"canonical":"https:\/\/www.odemocratagb.com\/?p=14765","og_locale":"pt_BR","og_type":"article","og_title":"UNI\u00c3O AFRICANA PEDE SENTIDO DE ESTADO A L\u00cdDERES POL\u00cdTICOS GUINEENSES - O Democrata GB","og_description":"O Conselho de Paz e Seguran\u00e7a da Uni\u00e3o Africana pediu hoje, aos l\u00edderes pol\u00edticos guineenses, incluindo o presidente da Rep\u00fablica,...","og_url":"https:\/\/www.odemocratagb.com\/?p=14765","og_site_name":"O Democrata GB","article_publisher":"https:\/\/www.facebook.com\/jornaldaguinebissau","article_published_time":"2017-11-22T19:21:05+00:00","og_image":[{"width":748,"height":498,"url":"https:\/\/www.odemocratagb.com\/wp-content\/uploads\/2017\/02\/sede-da-uniao-africana.jpg","type":"image\/jpeg"}],"author":"Jornal Odemocrata","twitter_card":"summary_large_image","twitter_misc":{"Escrito por":"Jornal Odemocrata","Est. tempo de leitura":"2 minutos"},"schema":{"@context":"https:\/\/schema.org","@graph":[{"@type":"Article","@id":"https:\/\/www.odemocratagb.com\/?p=14765#article","isPartOf":{"@id":"https:\/\/www.odemocratagb.com\/?p=14765"},"author":{"name":"Jornal Odemocrata","@id":"https:\/\/www.odemocratagb.com\/#\/schema\/person\/c5e683adeaf9b557e57cf1a8a591b0c0"},"headline":"UNI\u00c3O AFRICANA PEDE SENTIDO DE ESTADO A L\u00cdDERES POL\u00cdTICOS GUINEENSES","datePublished":"2017-11-22T19:21:05+00:00","mainEntityOfPage":{"@id":"https:\/\/www.odemocratagb.com\/?p=14765"},"wordCount":495,"commentCount":0,"publisher":{"@id":"https:\/\/www.odemocratagb.com\/#organization"},"image":{"@id":"https:\/\/www.odemocratagb.com\/?p=14765#primaryimage"},"thumbnailUrl":"https:\/\/www.odemocratagb.com\/wp-content\/uploads\/2017\/02\/sede-da-uniao-africana.jpg","articleSection":["Atualidade","Pol\u00edtica"],"inLanguage":"pt-BR","potentialAction":[{"@type":"CommentAction","name":"Comment","target":["https:\/\/www.odemocratagb.com\/?p=14765#respond"]}]},{"@type":"WebPage","@id":"https:\/\/www.odemocratagb.com\/?p=14765","url":"https:\/\/www.odemocratagb.com\/?p=14765","name":"UNI\u00c3O AFRICANA PEDE SENTIDO DE ESTADO A L\u00cdDERES POL\u00cdTICOS GUINEENSES - O Democrata GB","isPartOf":{"@id":"https:\/\/www.odemocratagb.com\/#website"},"primaryImageOfPage":{"@id":"https:\/\/www.odemocratagb.com\/?p=14765#primaryimage"},"image":{"@id":"https:\/\/www.odemocratagb.com\/?p=14765#primaryimage"},"thumbnailUrl":"https:\/\/www.odemocratagb.com\/wp-content\/uploads\/2017\/02\/sede-da-uniao-africana.jpg","datePublished":"2017-11-22T19:21:05+00:00","breadcrumb":{"@id":"https:\/\/www.odemocratagb.com\/?p=14765#breadcrumb"},"inLanguage":"pt-BR","potentialAction":[{"@type":"ReadAction","target":["https:\/\/www.odemocratagb.com\/?p=14765"]}]},{"@type":"ImageObject","inLanguage":"pt-BR","@id":"https:\/\/www.odemocratagb.com\/?p=14765#primaryimage","url":"https:\/\/www.odemocratagb.com\/wp-content\/uploads\/2017\/02\/sede-da-uniao-africana.jpg","contentUrl":"https:\/\/www.odemocratagb.com\/wp-content\/uploads\/2017\/02\/sede-da-uniao-africana.jpg","width":748,"height":498},{"@type":"BreadcrumbList","@id":"https:\/\/www.odemocratagb.com\/?p=14765#breadcrumb","itemListElement":[{"@type":"ListItem","position":1,"name":"In\u00edcio","item":"https:\/\/www.odemocratagb.com\/"},{"@type":"ListItem","position":2,"name":"UNI\u00c3O AFRICANA PEDE SENTIDO DE ESTADO A L\u00cdDERES POL\u00cdTICOS GUINEENSES"}]},{"@type":"WebSite","@id":"https:\/\/www.odemocratagb.com\/#website","url":"https:\/\/www.odemocratagb.com\/","name":"O Democrata GB","description":"Jornal O Democrata GB","publisher":{"@id":"https:\/\/www.odemocratagb.com\/#organization"},"potentialAction":[{"@type":"SearchAction","target":{"@type":"EntryPoint","urlTemplate":"https:\/\/www.odemocratagb.com\/?s={search_term_string}"},"query-input":{"@type":"PropertyValueSpecification","valueRequired":true,"valueName":"search_term_string"}}],"inLanguage":"pt-BR"},{"@type":"Organization","@id":"https:\/\/www.odemocratagb.com\/#organization","name":"O Democrata GB","url":"https:\/\/www.odemocratagb.com\/","logo":{"@type":"ImageObject","inLanguage":"pt-BR","@id":"https:\/\/www.odemocratagb.com\/#\/schema\/logo\/image\/","url":"https:\/\/www.odemocratagb.com\/wp-content\/uploads\/2026\/04\/logo-odemocratagb.png","contentUrl":"https:\/\/www.odemocratagb.com\/wp-content\/uploads\/2026\/04\/logo-odemocratagb.png","width":1250,"height":327,"caption":"O Democrata GB"},"image":{"@id":"https:\/\/www.odemocratagb.com\/#\/schema\/logo\/image\/"},"sameAs":["https:\/\/www.facebook.com\/jornaldaguinebissau","https:\/\/www.instagram.com\/odemocratagb"]},{"@type":"Person","@id":"https:\/\/www.odemocratagb.com\/#\/schema\/person\/c5e683adeaf9b557e57cf1a8a591b0c0","name":"Jornal Odemocrata","image":{"@type":"ImageObject","inLanguage":"pt-BR","@id":"https:\/\/secure.gravatar.com\/avatar\/09cb6b76eee5612f7cfca9e0089e2f17141d417bd034905eee842945c87fd87f?s=96&d=mm&r=g","url":"https:\/\/secure.gravatar.com\/avatar\/09cb6b76eee5612f7cfca9e0089e2f17141d417bd034905eee842945c87fd87f?s=96&d=mm&r=g","contentUrl":"https:\/\/secure.gravatar.com\/avatar\/09cb6b76eee5612f7cfca9e0089e2f17141d417bd034905eee842945c87fd87f?s=96&d=mm&r=g","caption":"Jornal Odemocrata"},"sameAs":["http:\/\/odemocratagb.com"],"url":"https:\/\/www.odemocratagb.com\/?author=4"}]}},"_links":{"self":[{"href":"https:\/\/www.odemocratagb.com\/index.php?rest_route=\/wp\/v2\/posts\/14765","targetHints":{"allow":["GET"]}}],"collection":[{"href":"https:\/\/www.odemocratagb.com\/index.php?rest_route=\/wp\/v2\/posts"}],"about":[{"href":"https:\/\/www.odemocratagb.com\/index.php?rest_route=\/wp\/v2\/types\/post"}],"author":[{"embeddable":true,"href":"https:\/\/www.odemocratagb.com\/index.php?rest_route=\/wp\/v2\/users\/4"}],"replies":[{"embeddable":true,"href":"https:\/\/www.odemocratagb.com\/index.php?rest_route=%2Fwp%2Fv2%2Fcomments&post=14765"}],"version-history":[{"count":1,"href":"https:\/\/www.odemocratagb.com\/index.php?rest_route=\/wp\/v2\/posts\/14765\/revisions"}],"predecessor-version":[{"id":14766,"href":"https:\/\/www.odemocratagb.com\/index.php?rest_route=\/wp\/v2\/posts\/14765\/revisions\/14766"}],"wp:featuredmedia":[{"embeddable":true,"href":"https:\/\/www.odemocratagb.com\/index.php?rest_route=\/wp\/v2\/media\/11762"}],"wp:attachment":[{"href":"https:\/\/www.odemocratagb.com\/index.php?rest_route=%2Fwp%2Fv2%2Fmedia&parent=14765"}],"wp:term":[{"taxonomy":"category","embeddable":true,"href":"https:\/\/www.odemocratagb.com\/index.php?rest_route=%2Fwp%2Fv2%2Fcategories&post=14765"},{"taxonomy":"post_tag","embeddable":true,"href":"https:\/\/www.odemocratagb.com\/index.php?rest_route=%2Fwp%2Fv2%2Ftags&post=14765"}],"curies":[{"name":"wp","href":"https:\/\/api.w.org\/{rel}","templated":true}]}}