{"id":14769,"date":"2017-11-22T20:27:20","date_gmt":"2017-11-22T20:27:20","guid":{"rendered":"http:\/\/www.odemocratagb.com\/?p=14769"},"modified":"2017-11-22T20:27:20","modified_gmt":"2017-11-22T20:27:20","slug":"sinaprof-e-sindeprof-anunciam-segunda-vaga-de-greve-com-duracao-de-tres-semanas","status":"publish","type":"post","link":"https:\/\/www.odemocratagb.com\/?p=14769","title":{"rendered":"SINAPROF E SINDEPROF ANUNCIAM\u00a0 SEGUNDA VAGA DE GREVE COM DURA\u00c7\u00c3O DE TR\u00caS SEMANAS"},"content":{"rendered":"<p>O presidente do Sindicato Nacional dos Professores (SINAPROF), Malam Ly Bald\u00e9, anunciou esta quarta-feira, 22 de Novembro de 2017, que os dois sindicatos dos professores (SINAPROF e SINDEPROF) entregaram hoje mais um pr\u00e9-aviso de greve ao executivo liderado por Umaro Sissoco Embal\u00f3, que decorrer\u00e1 de 27 de Novembro a 22 de Dezembro do ano em curso.<\/p>\n<p>Malam Ly Bald\u00e9 que falava ao O Democrata numa confer\u00eancia de imprensa conjunta dos dois sindicatos realizada na sede de SINAPROF, em Bissau, disse que a segunda vaga de greve ser\u00e1 acompanhada com sucessivas marchas dos professores a n\u00edvel nacional para exigir o cumprimento integral do &#8220;memorando de entendimento&#8221; assinado no dia 20 de Novembro de 2016, entre governo e os dois sindicatos.<\/p>\n<p>O sindicalista guineense questionou os motivos que levou o governo a n\u00e3o se dignar validar ainda a implementa\u00e7\u00e3o efetiva da carreira docente que est\u00e1 ser reivindicada pelos professores desde 29 de Mar\u00e7o de 2011, at\u00e9 data presente. Adianta ainda que as justifica\u00e7\u00f5es do atual executivo, em como a falta de implementa\u00e7\u00e3o da carreira docente ter\u00e1 a ver com a n\u00e3o aprova\u00e7\u00e3o do Or\u00e7amento Geral de Estado,\u00a0 n\u00e3o correspondem \u00e0 verdade.<\/p>\n<p>Face \u00e0 crescente atribui\u00e7\u00e3o de patentes no seio das for\u00e7as de seguran\u00e7a, Bald\u00e9 questiona se a mesma n\u00e3o reflita nas contas do Estado.<\/p>\n<p>&#8220;N\u00e3o \u00e9 poss\u00edvel ter ensino de qualidade na Guin\u00e9-Bissau, enquanto os professores continuam a receber sal\u00e1rio magro de 29 mil francos CFA. Esta situa\u00e7\u00e3o coloca o setor educativo guineense no \u00faltimo plano, enquanto os governantes ostentam riquezas, atrav\u00e9s dos seus subs\u00eddios, como se fossem melhores trabalhadores da Guin\u00e9-Bissau\u201d, lamentou o sindicalista.<\/p>\n<p>Denunciou na ocasi\u00e3o que alguns diretores das escolas p\u00fablicas do pa\u00eds ter\u00e3o rejeitado entregar hor\u00e1rios aos professores, alegando que estes professores aderiram \u00e0 greve decretada pelos dois sindicatos. Ly acrescenta ainda que cerca de 21 professores da regi\u00e3o de Cacheu, concretamente no setor de Canchungo n\u00e3o receberam os seus hor\u00e1rios pelos seus respetivos diretores.<\/p>\n<p><a href=\"http:\/\/www.odemocratagb.com\/wp-content\/uploads\/2017\/11\/SINAPROF-1.jpg\"><img loading=\"lazy\" decoding=\"async\" class=\"alignnone size-medium wp-image-14768\" src=\"http:\/\/www.odemocratagb.com\/wp-content\/uploads\/2017\/11\/SINAPROF-1-300x196.jpg\" alt=\"\" width=\"300\" height=\"196\" srcset=\"https:\/\/www.odemocratagb.com\/wp-content\/uploads\/2017\/11\/SINAPROF-1-300x196.jpg 300w, https:\/\/www.odemocratagb.com\/wp-content\/uploads\/2017\/11\/SINAPROF-1-768x502.jpg 768w, https:\/\/www.odemocratagb.com\/wp-content\/uploads\/2017\/11\/SINAPROF-1-1024x670.jpg 1024w\" sizes=\"auto, (max-width: 300px) 100vw, 300px\" \/><\/a><\/p>\n<p>&#8220;Maioria das escolas p\u00fablicas do pa\u00eds, n\u00e3o tem condi\u00e7\u00f5es para um bom funcionamento das aulas, mas h\u00e1 um fundo que \u00e9 retido nas escolas de 60 por cento resultante das cobran\u00e7as de matr\u00edculas para fazer manuten\u00e7\u00e3o dos estabelecimentos escolares. Infelizmente os diretores das escolas andam a ostentar riquezas com esse dinheiro, como respons\u00e1veis pela ger\u00eancia desse fundo escolar e ningu\u00e9m pergunta nada sobre este assunto. N\u00f3s vamos continuar a fazer o nosso trabalho, defendendo\u00a0 a dignidade da classe dos professores guineenses\u201d, assegurou.<\/p>\n<p>De recordar que desde abertura de ano letivo 2017\/2018 no m\u00eas de Outubro passado, as salas de aulas continuam enceradas por causa das greves decretadas pelas duas organiza\u00e7\u00f5es sindicais. A primeira onda de greve decretada de 6 a 15 do m\u00eas em curso. A segunda vaga de greve est\u00e1 prevista de 27 de Novembro a 22 de Dezembro.<\/p>\n<p>&nbsp;<\/p>\n<p>&nbsp;<\/p>\n<p>&nbsp;<\/p>\n<p>Por: Aguinaldo Ampa<\/p>\n<p>Foto: A.A<\/p>\n<p>&nbsp;<\/p>\n","protected":false},"excerpt":{"rendered":"<p>O presidente do Sindicato Nacional dos Professores (SINAPROF), Malam Ly Bald\u00e9, anunciou esta quarta-feira, 22 de Novembro de 2017, que&#8230;<\/p>\n","protected":false},"author":4,"featured_media":11807,"comment_status":"open","ping_status":"open","sticky":false,"template":"","format":"standard","meta":{"footnotes":""},"categories":[6,16],"tags":[],"class_list":["post-14769","post","type-post","status-publish","format-standard","has-post-thumbnail","hentry","category-inicio","category-sociedade","wpcat-6-id","wpcat-16-id"],"yoast_head":"<!-- This site is optimized with the Yoast SEO plugin v27.5 - https:\/\/yoast.com\/product\/yoast-seo-wordpress\/ -->\n<title>SINAPROF E SINDEPROF ANUNCIAM\u00a0 SEGUNDA VAGA DE GREVE COM DURA\u00c7\u00c3O DE TR\u00caS SEMANAS - O Democrata GB<\/title>\n<meta name=\"robots\" content=\"index, follow, max-snippet:-1, max-image-preview:large, max-video-preview:-1\" \/>\n<link rel=\"canonical\" href=\"https:\/\/www.odemocratagb.com\/?p=14769\" \/>\n<meta property=\"og:locale\" content=\"pt_BR\" \/>\n<meta property=\"og:type\" content=\"article\" \/>\n<meta property=\"og:title\" content=\"SINAPROF E SINDEPROF ANUNCIAM\u00a0 SEGUNDA VAGA DE GREVE COM DURA\u00c7\u00c3O DE TR\u00caS SEMANAS - O Democrata GB\" \/>\n<meta property=\"og:description\" content=\"O presidente do Sindicato Nacional dos Professores (SINAPROF), Malam Ly Bald\u00e9, anunciou esta quarta-feira, 22 de Novembro de 2017, que...\" \/>\n<meta property=\"og:url\" content=\"https:\/\/www.odemocratagb.com\/?p=14769\" \/>\n<meta property=\"og:site_name\" content=\"O Democrata GB\" \/>\n<meta property=\"article:publisher\" content=\"https:\/\/www.facebook.com\/jornaldaguinebissau\" \/>\n<meta property=\"article:published_time\" content=\"2017-11-22T20:27:20+00:00\" \/>\n<meta property=\"og:image\" content=\"https:\/\/www.odemocratagb.com\/wp-content\/uploads\/2017\/02\/Escola-Salvador-Allende-em-Bissau-Foto-Arquivo-1.jpg\" \/>\n\t<meta property=\"og:image:width\" content=\"400\" \/>\n\t<meta property=\"og:image:height\" content=\"300\" \/>\n\t<meta property=\"og:image:type\" content=\"image\/jpeg\" \/>\n<meta name=\"author\" content=\"Jornal Odemocrata\" \/>\n<meta name=\"twitter:card\" content=\"summary_large_image\" \/>\n<meta name=\"twitter:label1\" content=\"Escrito por\" \/>\n\t<meta name=\"twitter:data1\" content=\"Jornal Odemocrata\" \/>\n\t<meta name=\"twitter:label2\" content=\"Est. tempo de leitura\" \/>\n\t<meta name=\"twitter:data2\" content=\"2 minutos\" \/>\n<script type=\"application\/ld+json\" class=\"yoast-schema-graph\">{\"@context\":\"https:\\\/\\\/schema.org\",\"@graph\":[{\"@type\":\"Article\",\"@id\":\"https:\\\/\\\/www.odemocratagb.com\\\/?p=14769#article\",\"isPartOf\":{\"@id\":\"https:\\\/\\\/www.odemocratagb.com\\\/?p=14769\"},\"author\":{\"name\":\"Jornal Odemocrata\",\"@id\":\"https:\\\/\\\/www.odemocratagb.com\\\/#\\\/schema\\\/person\\\/c5e683adeaf9b557e57cf1a8a591b0c0\"},\"headline\":\"SINAPROF E SINDEPROF ANUNCIAM\u00a0 SEGUNDA VAGA DE GREVE COM DURA\u00c7\u00c3O DE TR\u00caS SEMANAS\",\"datePublished\":\"2017-11-22T20:27:20+00:00\",\"mainEntityOfPage\":{\"@id\":\"https:\\\/\\\/www.odemocratagb.com\\\/?p=14769\"},\"wordCount\":507,\"commentCount\":0,\"publisher\":{\"@id\":\"https:\\\/\\\/www.odemocratagb.com\\\/#organization\"},\"image\":{\"@id\":\"https:\\\/\\\/www.odemocratagb.com\\\/?p=14769#primaryimage\"},\"thumbnailUrl\":\"https:\\\/\\\/www.odemocratagb.com\\\/wp-content\\\/uploads\\\/2017\\\/02\\\/Escola-Salvador-Allende-em-Bissau-Foto-Arquivo-1.jpg\",\"articleSection\":[\"Atualidade\",\"Sociedade\"],\"inLanguage\":\"pt-BR\",\"potentialAction\":[{\"@type\":\"CommentAction\",\"name\":\"Comment\",\"target\":[\"https:\\\/\\\/www.odemocratagb.com\\\/?p=14769#respond\"]}]},{\"@type\":\"WebPage\",\"@id\":\"https:\\\/\\\/www.odemocratagb.com\\\/?p=14769\",\"url\":\"https:\\\/\\\/www.odemocratagb.com\\\/?p=14769\",\"name\":\"SINAPROF E SINDEPROF ANUNCIAM\u00a0 SEGUNDA VAGA DE GREVE COM DURA\u00c7\u00c3O DE TR\u00caS SEMANAS - O Democrata GB\",\"isPartOf\":{\"@id\":\"https:\\\/\\\/www.odemocratagb.com\\\/#website\"},\"primaryImageOfPage\":{\"@id\":\"https:\\\/\\\/www.odemocratagb.com\\\/?p=14769#primaryimage\"},\"image\":{\"@id\":\"https:\\\/\\\/www.odemocratagb.com\\\/?p=14769#primaryimage\"},\"thumbnailUrl\":\"https:\\\/\\\/www.odemocratagb.com\\\/wp-content\\\/uploads\\\/2017\\\/02\\\/Escola-Salvador-Allende-em-Bissau-Foto-Arquivo-1.jpg\",\"datePublished\":\"2017-11-22T20:27:20+00:00\",\"breadcrumb\":{\"@id\":\"https:\\\/\\\/www.odemocratagb.com\\\/?p=14769#breadcrumb\"},\"inLanguage\":\"pt-BR\",\"potentialAction\":[{\"@type\":\"ReadAction\",\"target\":[\"https:\\\/\\\/www.odemocratagb.com\\\/?p=14769\"]}]},{\"@type\":\"ImageObject\",\"inLanguage\":\"pt-BR\",\"@id\":\"https:\\\/\\\/www.odemocratagb.com\\\/?p=14769#primaryimage\",\"url\":\"https:\\\/\\\/www.odemocratagb.com\\\/wp-content\\\/uploads\\\/2017\\\/02\\\/Escola-Salvador-Allende-em-Bissau-Foto-Arquivo-1.jpg\",\"contentUrl\":\"https:\\\/\\\/www.odemocratagb.com\\\/wp-content\\\/uploads\\\/2017\\\/02\\\/Escola-Salvador-Allende-em-Bissau-Foto-Arquivo-1.jpg\",\"width\":400,\"height\":300},{\"@type\":\"BreadcrumbList\",\"@id\":\"https:\\\/\\\/www.odemocratagb.com\\\/?p=14769#breadcrumb\",\"itemListElement\":[{\"@type\":\"ListItem\",\"position\":1,\"name\":\"In\u00edcio\",\"item\":\"https:\\\/\\\/www.odemocratagb.com\\\/\"},{\"@type\":\"ListItem\",\"position\":2,\"name\":\"SINAPROF E SINDEPROF ANUNCIAM\u00a0 SEGUNDA VAGA DE GREVE COM DURA\u00c7\u00c3O DE TR\u00caS SEMANAS\"}]},{\"@type\":\"WebSite\",\"@id\":\"https:\\\/\\\/www.odemocratagb.com\\\/#website\",\"url\":\"https:\\\/\\\/www.odemocratagb.com\\\/\",\"name\":\"O Democrata GB\",\"description\":\"Jornal O Democrata GB\",\"publisher\":{\"@id\":\"https:\\\/\\\/www.odemocratagb.com\\\/#organization\"},\"potentialAction\":[{\"@type\":\"SearchAction\",\"target\":{\"@type\":\"EntryPoint\",\"urlTemplate\":\"https:\\\/\\\/www.odemocratagb.com\\\/?s={search_term_string}\"},\"query-input\":{\"@type\":\"PropertyValueSpecification\",\"valueRequired\":true,\"valueName\":\"search_term_string\"}}],\"inLanguage\":\"pt-BR\"},{\"@type\":\"Organization\",\"@id\":\"https:\\\/\\\/www.odemocratagb.com\\\/#organization\",\"name\":\"O Democrata GB\",\"url\":\"https:\\\/\\\/www.odemocratagb.com\\\/\",\"logo\":{\"@type\":\"ImageObject\",\"inLanguage\":\"pt-BR\",\"@id\":\"https:\\\/\\\/www.odemocratagb.com\\\/#\\\/schema\\\/logo\\\/image\\\/\",\"url\":\"https:\\\/\\\/www.odemocratagb.com\\\/wp-content\\\/uploads\\\/2026\\\/04\\\/logo-odemocratagb.png\",\"contentUrl\":\"https:\\\/\\\/www.odemocratagb.com\\\/wp-content\\\/uploads\\\/2026\\\/04\\\/logo-odemocratagb.png\",\"width\":1250,\"height\":327,\"caption\":\"O Democrata GB\"},\"image\":{\"@id\":\"https:\\\/\\\/www.odemocratagb.com\\\/#\\\/schema\\\/logo\\\/image\\\/\"},\"sameAs\":[\"https:\\\/\\\/www.facebook.com\\\/jornaldaguinebissau\",\"https:\\\/\\\/www.instagram.com\\\/odemocratagb\"]},{\"@type\":\"Person\",\"@id\":\"https:\\\/\\\/www.odemocratagb.com\\\/#\\\/schema\\\/person\\\/c5e683adeaf9b557e57cf1a8a591b0c0\",\"name\":\"Jornal Odemocrata\",\"image\":{\"@type\":\"ImageObject\",\"inLanguage\":\"pt-BR\",\"@id\":\"https:\\\/\\\/secure.gravatar.com\\\/avatar\\\/09cb6b76eee5612f7cfca9e0089e2f17141d417bd034905eee842945c87fd87f?s=96&d=mm&r=g\",\"url\":\"https:\\\/\\\/secure.gravatar.com\\\/avatar\\\/09cb6b76eee5612f7cfca9e0089e2f17141d417bd034905eee842945c87fd87f?s=96&d=mm&r=g\",\"contentUrl\":\"https:\\\/\\\/secure.gravatar.com\\\/avatar\\\/09cb6b76eee5612f7cfca9e0089e2f17141d417bd034905eee842945c87fd87f?s=96&d=mm&r=g\",\"caption\":\"Jornal Odemocrata\"},\"sameAs\":[\"http:\\\/\\\/odemocratagb.com\"],\"url\":\"https:\\\/\\\/www.odemocratagb.com\\\/?author=4\"}]}<\/script>\n<!-- \/ Yoast SEO plugin. -->","yoast_head_json":{"title":"SINAPROF E SINDEPROF ANUNCIAM\u00a0 SEGUNDA VAGA DE GREVE COM DURA\u00c7\u00c3O DE TR\u00caS SEMANAS - O Democrata GB","robots":{"index":"index","follow":"follow","max-snippet":"max-snippet:-1","max-image-preview":"max-image-preview:large","max-video-preview":"max-video-preview:-1"},"canonical":"https:\/\/www.odemocratagb.com\/?p=14769","og_locale":"pt_BR","og_type":"article","og_title":"SINAPROF E SINDEPROF ANUNCIAM\u00a0 SEGUNDA VAGA DE GREVE COM DURA\u00c7\u00c3O DE TR\u00caS SEMANAS - O Democrata GB","og_description":"O presidente do Sindicato Nacional dos Professores (SINAPROF), Malam Ly Bald\u00e9, anunciou esta quarta-feira, 22 de Novembro de 2017, que...","og_url":"https:\/\/www.odemocratagb.com\/?p=14769","og_site_name":"O Democrata GB","article_publisher":"https:\/\/www.facebook.com\/jornaldaguinebissau","article_published_time":"2017-11-22T20:27:20+00:00","og_image":[{"width":400,"height":300,"url":"https:\/\/www.odemocratagb.com\/wp-content\/uploads\/2017\/02\/Escola-Salvador-Allende-em-Bissau-Foto-Arquivo-1.jpg","type":"image\/jpeg"}],"author":"Jornal Odemocrata","twitter_card":"summary_large_image","twitter_misc":{"Escrito por":"Jornal Odemocrata","Est. tempo de leitura":"2 minutos"},"schema":{"@context":"https:\/\/schema.org","@graph":[{"@type":"Article","@id":"https:\/\/www.odemocratagb.com\/?p=14769#article","isPartOf":{"@id":"https:\/\/www.odemocratagb.com\/?p=14769"},"author":{"name":"Jornal Odemocrata","@id":"https:\/\/www.odemocratagb.com\/#\/schema\/person\/c5e683adeaf9b557e57cf1a8a591b0c0"},"headline":"SINAPROF E SINDEPROF ANUNCIAM\u00a0 SEGUNDA VAGA DE GREVE COM DURA\u00c7\u00c3O DE TR\u00caS SEMANAS","datePublished":"2017-11-22T20:27:20+00:00","mainEntityOfPage":{"@id":"https:\/\/www.odemocratagb.com\/?p=14769"},"wordCount":507,"commentCount":0,"publisher":{"@id":"https:\/\/www.odemocratagb.com\/#organization"},"image":{"@id":"https:\/\/www.odemocratagb.com\/?p=14769#primaryimage"},"thumbnailUrl":"https:\/\/www.odemocratagb.com\/wp-content\/uploads\/2017\/02\/Escola-Salvador-Allende-em-Bissau-Foto-Arquivo-1.jpg","articleSection":["Atualidade","Sociedade"],"inLanguage":"pt-BR","potentialAction":[{"@type":"CommentAction","name":"Comment","target":["https:\/\/www.odemocratagb.com\/?p=14769#respond"]}]},{"@type":"WebPage","@id":"https:\/\/www.odemocratagb.com\/?p=14769","url":"https:\/\/www.odemocratagb.com\/?p=14769","name":"SINAPROF E SINDEPROF ANUNCIAM\u00a0 SEGUNDA VAGA DE GREVE COM DURA\u00c7\u00c3O DE TR\u00caS SEMANAS - O Democrata GB","isPartOf":{"@id":"https:\/\/www.odemocratagb.com\/#website"},"primaryImageOfPage":{"@id":"https:\/\/www.odemocratagb.com\/?p=14769#primaryimage"},"image":{"@id":"https:\/\/www.odemocratagb.com\/?p=14769#primaryimage"},"thumbnailUrl":"https:\/\/www.odemocratagb.com\/wp-content\/uploads\/2017\/02\/Escola-Salvador-Allende-em-Bissau-Foto-Arquivo-1.jpg","datePublished":"2017-11-22T20:27:20+00:00","breadcrumb":{"@id":"https:\/\/www.odemocratagb.com\/?p=14769#breadcrumb"},"inLanguage":"pt-BR","potentialAction":[{"@type":"ReadAction","target":["https:\/\/www.odemocratagb.com\/?p=14769"]}]},{"@type":"ImageObject","inLanguage":"pt-BR","@id":"https:\/\/www.odemocratagb.com\/?p=14769#primaryimage","url":"https:\/\/www.odemocratagb.com\/wp-content\/uploads\/2017\/02\/Escola-Salvador-Allende-em-Bissau-Foto-Arquivo-1.jpg","contentUrl":"https:\/\/www.odemocratagb.com\/wp-content\/uploads\/2017\/02\/Escola-Salvador-Allende-em-Bissau-Foto-Arquivo-1.jpg","width":400,"height":300},{"@type":"BreadcrumbList","@id":"https:\/\/www.odemocratagb.com\/?p=14769#breadcrumb","itemListElement":[{"@type":"ListItem","position":1,"name":"In\u00edcio","item":"https:\/\/www.odemocratagb.com\/"},{"@type":"ListItem","position":2,"name":"SINAPROF E SINDEPROF ANUNCIAM\u00a0 SEGUNDA VAGA DE GREVE COM DURA\u00c7\u00c3O DE TR\u00caS SEMANAS"}]},{"@type":"WebSite","@id":"https:\/\/www.odemocratagb.com\/#website","url":"https:\/\/www.odemocratagb.com\/","name":"O Democrata GB","description":"Jornal O Democrata GB","publisher":{"@id":"https:\/\/www.odemocratagb.com\/#organization"},"potentialAction":[{"@type":"SearchAction","target":{"@type":"EntryPoint","urlTemplate":"https:\/\/www.odemocratagb.com\/?s={search_term_string}"},"query-input":{"@type":"PropertyValueSpecification","valueRequired":true,"valueName":"search_term_string"}}],"inLanguage":"pt-BR"},{"@type":"Organization","@id":"https:\/\/www.odemocratagb.com\/#organization","name":"O Democrata GB","url":"https:\/\/www.odemocratagb.com\/","logo":{"@type":"ImageObject","inLanguage":"pt-BR","@id":"https:\/\/www.odemocratagb.com\/#\/schema\/logo\/image\/","url":"https:\/\/www.odemocratagb.com\/wp-content\/uploads\/2026\/04\/logo-odemocratagb.png","contentUrl":"https:\/\/www.odemocratagb.com\/wp-content\/uploads\/2026\/04\/logo-odemocratagb.png","width":1250,"height":327,"caption":"O Democrata GB"},"image":{"@id":"https:\/\/www.odemocratagb.com\/#\/schema\/logo\/image\/"},"sameAs":["https:\/\/www.facebook.com\/jornaldaguinebissau","https:\/\/www.instagram.com\/odemocratagb"]},{"@type":"Person","@id":"https:\/\/www.odemocratagb.com\/#\/schema\/person\/c5e683adeaf9b557e57cf1a8a591b0c0","name":"Jornal Odemocrata","image":{"@type":"ImageObject","inLanguage":"pt-BR","@id":"https:\/\/secure.gravatar.com\/avatar\/09cb6b76eee5612f7cfca9e0089e2f17141d417bd034905eee842945c87fd87f?s=96&d=mm&r=g","url":"https:\/\/secure.gravatar.com\/avatar\/09cb6b76eee5612f7cfca9e0089e2f17141d417bd034905eee842945c87fd87f?s=96&d=mm&r=g","contentUrl":"https:\/\/secure.gravatar.com\/avatar\/09cb6b76eee5612f7cfca9e0089e2f17141d417bd034905eee842945c87fd87f?s=96&d=mm&r=g","caption":"Jornal Odemocrata"},"sameAs":["http:\/\/odemocratagb.com"],"url":"https:\/\/www.odemocratagb.com\/?author=4"}]}},"_links":{"self":[{"href":"https:\/\/www.odemocratagb.com\/index.php?rest_route=\/wp\/v2\/posts\/14769","targetHints":{"allow":["GET"]}}],"collection":[{"href":"https:\/\/www.odemocratagb.com\/index.php?rest_route=\/wp\/v2\/posts"}],"about":[{"href":"https:\/\/www.odemocratagb.com\/index.php?rest_route=\/wp\/v2\/types\/post"}],"author":[{"embeddable":true,"href":"https:\/\/www.odemocratagb.com\/index.php?rest_route=\/wp\/v2\/users\/4"}],"replies":[{"embeddable":true,"href":"https:\/\/www.odemocratagb.com\/index.php?rest_route=%2Fwp%2Fv2%2Fcomments&post=14769"}],"version-history":[{"count":1,"href":"https:\/\/www.odemocratagb.com\/index.php?rest_route=\/wp\/v2\/posts\/14769\/revisions"}],"predecessor-version":[{"id":14770,"href":"https:\/\/www.odemocratagb.com\/index.php?rest_route=\/wp\/v2\/posts\/14769\/revisions\/14770"}],"wp:featuredmedia":[{"embeddable":true,"href":"https:\/\/www.odemocratagb.com\/index.php?rest_route=\/wp\/v2\/media\/11807"}],"wp:attachment":[{"href":"https:\/\/www.odemocratagb.com\/index.php?rest_route=%2Fwp%2Fv2%2Fmedia&parent=14769"}],"wp:term":[{"taxonomy":"category","embeddable":true,"href":"https:\/\/www.odemocratagb.com\/index.php?rest_route=%2Fwp%2Fv2%2Fcategories&post=14769"},{"taxonomy":"post_tag","embeddable":true,"href":"https:\/\/www.odemocratagb.com\/index.php?rest_route=%2Fwp%2Fv2%2Ftags&post=14769"}],"curies":[{"name":"wp","href":"https:\/\/api.w.org\/{rel}","templated":true}]}}