{"id":14783,"date":"2017-11-25T12:56:47","date_gmt":"2017-11-25T12:56:47","guid":{"rendered":"http:\/\/www.odemocratagb.com\/?p=14783"},"modified":"2017-11-25T12:56:47","modified_gmt":"2017-11-25T12:56:47","slug":"cronica-a-mania-e-a-mitomania","status":"publish","type":"post","link":"https:\/\/www.odemocratagb.com\/?p=14783","title":{"rendered":"Cr\u00f4nica: A MANIA E A MITOMANIA"},"content":{"rendered":"<p>\u00c0s vezes pensando c\u00e1 com os meus bot\u00f5es, sinto-me de tal forma at\u00f3nito tal como sentira Sartre ao escrever um dos livros mais c\u00e9lebres da Filosofia universal, <em>A N\u00e1usea<\/em>. N\u00e3o se trata da n\u00e1usea propriamente dita sobre a situa\u00e7\u00e3o sociopol\u00edtica que estamos a atravessar que tem, sobremaneira, impacto muito forte sobre a nossa economia que, para uns, \u00e9 uma economia resiliente, enquanto que para outros, \u00e9 uma economia deveras inst\u00e1vel, porque desorganizada.<\/p>\n<p>No entanto, gostaria de tecer alguns coment\u00e1rios sobre as marchas pela liberdade e pela democracia que aconteceram na semana passada entre os dias 16 e 17 do m\u00eas em curso.<\/p>\n<p>Para dizer apenas que se tratou, a meu ver, de uma excelente iniciativa de cidad\u00e3os ativos, conscientes e com elevado esp\u00edrito de patriotismo e civismo, ainda que militantes de partidos que constituem o espa\u00e7o de concerta\u00e7\u00e3o pol\u00edtica.<\/p>\n<p>Para dizer ainda que, esgotados todos os recursos de di\u00e1logo, na medida em que os Chefes da M\u00e1fia nacional fizeram ouvidos de moucos, desrespeitando \u00e0s leis da Rep\u00fablica, ignorando os documentos assinados tanto em Bissau quanto em Conakry. Por pura incompet\u00eancia. S\u00e3o todos eles, reles cidad\u00e3os que insistem a todo o custo manter o exerc\u00edcio s\u00e3o da pr\u00e1xis pol\u00edtica \u2013 sendo este um ato essencial para a promo\u00e7\u00e3o do bem estar comum.<\/p>\n<p>Pode parecer tarde. Mas n\u00e3o o \u00e9. Pois acredit\u00e1vamos, inclusivamente eu, que a pessoa que elegemos para o mais alto cargo fosse junto com a sua malta tomarem consci\u00eancia de terem empreendido o caminho errado. Afinal, enganamo-nos a todos.<\/p>\n<p>Fato \u00e9 que, no fundo, n\u00e3o \u00e9 que recusaram a seguir os ditames da Constitui\u00e7\u00e3o, muito menos cumprir com os dois Acordos rubricados em Bissau (10 de setembro de 2016) e em Conakry (14 de outubro de 2016). N\u00e3o se trata de recusa, ou, qui\u00e7\u00e1, da defesa de interesses escusos. Nada disso. Mas sim, e isto \u00e9 verdade, n\u00e3o sabem mesmo nada. S\u00e3o todos eles, ou analfabetos, ou analfabetos funcionais. N\u00e3o entendem patavina nenhuma de pol\u00edtica, e nem de administra\u00e7\u00e3o p\u00fablica. O que se dir\u00e1 de servir o Estado e ao seu povo?<\/p>\n<p>Tentou-se a marcha. E tudo parecia que ia falhar com o uso da viol\u00eancia t\u00edpicos de Estados de exce\u00e7\u00e3o. Por\u00e9m deu certo. Um oceano de pessoas a dizer basta de mentiras, basta de intrigas e futricas contra o povo, motivados pela l\u00f3gica perversa de \u201cdividir para reinar\u201d desse governo de grupo.<\/p>\n<p>Diz o vulgo: \u201cbu pudi torkia kalsa, bu torkia camisa, ma ma\u00f1a, kila? Ninguin k ata torkial\u201d. O homem revelou a sua personalidade.<\/p>\n<p>De referir, outrossim, que em vez de, n\u00f3s guineenses, passarmos o tempo a ver a vida passar, seria bom que tent\u00e1ssemos, e estamos tentando com isso, caminhar, marchar do que ficar em casa escondidos em protestos de nossos quartos de dormir ou em bancadas refugiar.<\/p>\n<ol>\n<li><strong><em>Depois do g\u00e1s lacrimog\u00e9nio, a grande manifesta\u00e7\u00e3o<\/em><\/strong><\/li>\n<\/ol>\n<p>\u00c9 um dia de Kunfentu, mas n\u00e3o est\u00e1vamos na praia. Muita gente passa, outros param, outros olham, mas n\u00e3o percebem nada. Uns temiam que a viol\u00eancia policial do dia anterior se repetisse. E com for\u00e7a. E talvez mesmo a mais bruta das for\u00e7as, j\u00e1 que os \u201chomens das m\u00e1scaras pretas\u201d desfilavam-se pelas art\u00e9rias de Bissau.<\/p>\n<p>Um horror. Espet\u00e1culo de mau gosto. Outros cidad\u00e3os pagos pelo regime clientelista das bancadas que algu\u00e9m prometera em campanha das \u00faltimas elei\u00e7\u00f5es substituir por postos de emprego passam o dia todo bebendo, ou vinho ou warga, sem pegar sol ou cair na \u00e1gua. Outros, estavam na Avenida dos Combatentes da Liberdade da P\u00e1tria, em busca de liberdade e de democracia, marchando em protesto pela sua clara usurpa\u00e7\u00e3o.<\/p>\n<p><strong><em>Eram duas avenidas. Numa margem da Cidade, a Avenida da Liberdade, na esquerda, estava o Vale das L\u00e1grimas. Dois c\u00f3rregos. Dois muros. Duas travessias.<\/em><\/strong><\/p>\n<p>Cada um podia escolher que caminho seguir. <strong><em>\u00a0<\/em><\/strong><\/p>\n<p>Apesar de tudo isso, os atuais detentores do poder dizem ser democratas. Pois seguem a lei da selva. \u201cSou, mando, posso\u201d. Do lado dos que lutam efetivamente pela democracia e a afirma\u00e7\u00e3o do Estado de Direito, eles s\u00e3o apenas um bando de marginais, metidos a intelectuais de \u00ednfima categoria.<\/p>\n<p>Aos poucos, fito um doente que passa pelos manifestantes. Fito-o. E tal como dissera o \u00fanico Nobel de Literatura em L\u00edngua Portuguesa, Jos\u00e9 Saramago, no livro <em>Ensaio Sobre a Cegueira<\/em>:<\/p>\n<p>Se podes olhar, v\u00ea.<\/p>\n<p>Se podes ver, repara.<\/p>\n<p><em>Comecei ent\u00e3o a criar a seguinte ideia: o Chefe dos delinquentes criou em torno de si um manto de fantasia, que o faz ser o primeiro a acreditar n\u00e3o ter problemas de governa\u00e7\u00e3o. Tudo est\u00e1 nos conformes. Pois est\u00e1 a seguir escrupulosamente o que manada da Constitui\u00e7\u00e3o do Grande Iran lhe diz.<\/em><\/p>\n<p><em>Ora, para o espanto nacional, o povo saiu \u00e0s ruas para dizer \u00e0 gangue nacional que preferimos a felicidade das pedradas e de gases lacrimog\u00e9nios importados sei l\u00e1 donde do que continuarmos a assistir, imp\u00e1vidos e parvos, este show de horrores em que se est\u00e1 a exibir o filme da irresponsabilidade e da incompet\u00eancia sem limites.<\/em><\/p>\n<p><em>E, assim sendo, sei tal como voc\u00ea que participou da marcha que a realidade se impor\u00e1 de alguma forma, mas sempre de maneira organizada. E civilizada. \u00c9 a civiliza\u00e7\u00e3o a lutar contra a barb\u00e1rie.<\/em><\/p>\n<ol start=\"2\">\n<li><strong><em>T\u00e1tica do avestruz <\/em><\/strong><\/li>\n<\/ol>\n<p>Decorridos mais de tr\u00eas anos de mandato, supostamente presidencial s\u00f3 uma palavra desfila exuberante e elegantemente na boca da cidad\u00e3 e do cidad\u00e3o guineense: crise pol\u00edtica. Crise essa que paralisou todos os setores da atividade econ\u00f3mica do pa\u00eds.<\/p>\n<p>Depois da vit\u00f3ria eleitoral em maio do ano de 2017, o homem que prometera ser o melhor Chefe de Estado est\u00e1 empacado \u2013 como dizem os brasileiros \u2013 e continuar\u00e1 a avan\u00e7ar, sem prumo nem rumo, sem que a ele seja aplicada qualquer medida mais efetiva, como \u00e9 crucial numa crise desta natureza, para que se comece a reverter o quadro tenebroso de maneira consistente a que ele e o seu grupo de malfeitores criaram, e qui\u00e7\u00e1, pintaram. Arte nefasta.<\/p>\n<p>E a comunidade internacional? Nem pio, nem mio.<\/p>\n<p>A sua a\u00e7\u00e3o pol\u00edtica, justific\u00e1vel, pois ele tem desmentido na pr\u00e1tica o que dissera nos palanques durante a campanha em todas as regi\u00f5es do pa\u00eds \u2014 mas, pelo sim e pelo n\u00e3o, o tempo provou o que os advers\u00e1rios e pessoas que conheciam a sua \u00edndole previam. N\u00e3o est\u00e1 preparado para dirigir o Estado nem t\u00e3o pouco para consertar o desastre que ele mesmo patrocinou.<\/p>\n<p>Sen\u00e3o vejamos:<\/p>\n<ol>\n<li>Destro\u00e7ou a economia nacional;<\/li>\n<li>Estrangulou o pa\u00eds agravando a j\u00e1 m\u00e1 situa\u00e7\u00e3o social, tornando-a p\u00e9ssima, e o povo a viver na mis\u00e9ria;<\/li>\n<li>Transformou-se num Chefe dirigista, e n\u00e3o num l\u00edder. Os gastos p\u00fablicos foram elevados ao extremo, com viagens desnecess\u00e1rias, pois Governo de pa\u00eds nenhum vai celebrar acordos de coopera\u00e7\u00e3o com um governo ileg\u00edtimo, inconstitucional, fruto de acordos secretos entre a m\u00e1fia nacional e um grupo de delinquentes;<\/li>\n<li>Tenta silenciar vozes cr\u00edticas porque n\u00e3o concorda, prefere criar mais tens\u00f5es, e se descuidarmos, levar\u00e1 toda a riqueza para o ex\u00edlio, caso venha a ser for\u00e7ado a isto;<\/li>\n<li>N\u00e3o ata nem desata. Pior que isso, nada faz para desfazer o imbr\u00f3glio, de causas estruturais, que ele e seu grupo de delinquentes criaram. Come\u00e7ou a sobrepor-se a figura do empres\u00e1rio sobre a figura do pol\u00edtico.<\/li>\n<\/ol>\n<p>Dizem que a mitomania \u00e9 um transtorno psicol\u00f3gico ou, at\u00e9 mesmo, uma patologia. Ora, em tempos que correm fica dif\u00edcil distinguir a verdade da mentira relativamente \u00e0 situa\u00e7\u00e3o pol\u00edtica nacional. Pois, h\u00e1 uma dupla de mentirosos compulsivos que mentem com tanta convic\u00e7\u00e3o querendo a todo o custo fazer-nos acreditar que \u00e9 mentira a verdade de n\u00e3o ter existido um nome de consenso em Conakry. S\u00f3 eles mesmos s\u00e3o capazes de crer na pr\u00f3pria mentira.<\/p>\n<p>Mas, como se sabe, quem faz da mentira sua principal qualidade, acaba um dia, mais cedo ou mais tarde, a ter necessidade de mentir. S\u00e3o tipos de pessoas que criam promessas ut\u00f3picas para conseguir ludibriar, ou fazer com que todo o povo guineense acredite nesse suposto l\u00edder e seu grupelho.<\/p>\n<p><strong><em>\u00c9, assim, a cl\u00e1ssica t\u00e1tica do avestruz. Pois, prefere enfiar a cabe\u00e7a no projeto \u201cP\u00e9s no Pot-Pot\u201d do que seguir a evolu\u00e7\u00e3o dos fatos como \u00e1rbitro, e n\u00e3o como \u00e1rbitro-jogador. Isso, na verdade, at\u00e9 piora a crise, porque pela degrada\u00e7\u00e3o das nossas condi\u00e7\u00f5es de vida a temperatura pode vir a subir. Ou seja, o c\u00e1lice pode entornar.<\/em><\/strong><\/p>\n<p>N\u00e3o preciso dizer mais nada, caro leitor d\u2019<strong>O Democrata<\/strong>, at\u00e9 a pr\u00f3xima, que <em>o cronista precisa dormir para tentar esquecer o desassossego p\u00e1trio.<\/em><\/p>\n<p>&nbsp;<\/p>\n<p>&nbsp;<\/p>\n<p>&nbsp;<\/p>\n<p>Por: Jorge Otinta, Poeta, ensa\u00edsta e cr\u00edtico liter\u00e1rio guineense.<\/p>\n<p>&nbsp;<\/p>\n","protected":false},"excerpt":{"rendered":"<p>\u00c0s vezes pensando c\u00e1 com os meus bot\u00f5es, sinto-me de tal forma at\u00f3nito tal como sentira Sartre ao escrever um&#8230;<\/p>\n","protected":false},"author":4,"featured_media":10273,"comment_status":"open","ping_status":"open","sticky":false,"template":"","format":"standard","meta":{"footnotes":""},"categories":[6,25],"tags":[],"class_list":["post-14783","post","type-post","status-publish","format-standard","has-post-thumbnail","hentry","category-inicio","category-opinioes","wpcat-6-id","wpcat-25-id"],"yoast_head":"<!-- This site is optimized with the Yoast SEO plugin v27.5 - https:\/\/yoast.com\/product\/yoast-seo-wordpress\/ -->\n<title>Cr\u00f4nica: A MANIA E A MITOMANIA - O Democrata GB<\/title>\n<meta name=\"robots\" content=\"index, follow, max-snippet:-1, max-image-preview:large, max-video-preview:-1\" \/>\n<link rel=\"canonical\" href=\"https:\/\/www.odemocratagb.com\/?p=14783\" \/>\n<meta property=\"og:locale\" content=\"pt_BR\" \/>\n<meta property=\"og:type\" content=\"article\" \/>\n<meta property=\"og:title\" content=\"Cr\u00f4nica: A MANIA E A MITOMANIA - O Democrata GB\" \/>\n<meta property=\"og:description\" content=\"\u00c0s vezes pensando c\u00e1 com os meus bot\u00f5es, sinto-me de tal forma at\u00f3nito tal como sentira Sartre ao escrever um...\" \/>\n<meta property=\"og:url\" content=\"https:\/\/www.odemocratagb.com\/?p=14783\" \/>\n<meta property=\"og:site_name\" content=\"O Democrata GB\" \/>\n<meta property=\"article:publisher\" content=\"https:\/\/www.facebook.com\/jornaldaguinebissau\" \/>\n<meta property=\"article:published_time\" content=\"2017-11-25T12:56:47+00:00\" \/>\n<meta property=\"og:image\" content=\"https:\/\/www.odemocratagb.com\/wp-content\/uploads\/2016\/09\/Otinta-AGE.jpg\" \/>\n\t<meta property=\"og:image:width\" content=\"218\" \/>\n\t<meta property=\"og:image:height\" content=\"246\" \/>\n\t<meta property=\"og:image:type\" content=\"image\/jpeg\" \/>\n<meta name=\"author\" content=\"Jornal Odemocrata\" \/>\n<meta name=\"twitter:card\" content=\"summary_large_image\" \/>\n<meta name=\"twitter:label1\" content=\"Escrito por\" \/>\n\t<meta name=\"twitter:data1\" content=\"Jornal Odemocrata\" \/>\n\t<meta name=\"twitter:label2\" content=\"Est. tempo de leitura\" \/>\n\t<meta name=\"twitter:data2\" content=\"8 minutos\" \/>\n<script type=\"application\/ld+json\" class=\"yoast-schema-graph\">{\"@context\":\"https:\\\/\\\/schema.org\",\"@graph\":[{\"@type\":\"Article\",\"@id\":\"https:\\\/\\\/www.odemocratagb.com\\\/?p=14783#article\",\"isPartOf\":{\"@id\":\"https:\\\/\\\/www.odemocratagb.com\\\/?p=14783\"},\"author\":{\"name\":\"Jornal Odemocrata\",\"@id\":\"https:\\\/\\\/www.odemocratagb.com\\\/#\\\/schema\\\/person\\\/c5e683adeaf9b557e57cf1a8a591b0c0\"},\"headline\":\"Cr\u00f4nica: A MANIA E A MITOMANIA\",\"datePublished\":\"2017-11-25T12:56:47+00:00\",\"mainEntityOfPage\":{\"@id\":\"https:\\\/\\\/www.odemocratagb.com\\\/?p=14783\"},\"wordCount\":1525,\"commentCount\":0,\"publisher\":{\"@id\":\"https:\\\/\\\/www.odemocratagb.com\\\/#organization\"},\"image\":{\"@id\":\"https:\\\/\\\/www.odemocratagb.com\\\/?p=14783#primaryimage\"},\"thumbnailUrl\":\"https:\\\/\\\/www.odemocratagb.com\\\/wp-content\\\/uploads\\\/2016\\\/09\\\/Otinta-AGE.jpg\",\"articleSection\":[\"Atualidade\",\"Opini\u00f5es\"],\"inLanguage\":\"pt-BR\",\"potentialAction\":[{\"@type\":\"CommentAction\",\"name\":\"Comment\",\"target\":[\"https:\\\/\\\/www.odemocratagb.com\\\/?p=14783#respond\"]}]},{\"@type\":\"WebPage\",\"@id\":\"https:\\\/\\\/www.odemocratagb.com\\\/?p=14783\",\"url\":\"https:\\\/\\\/www.odemocratagb.com\\\/?p=14783\",\"name\":\"Cr\u00f4nica: A MANIA E A MITOMANIA - O Democrata GB\",\"isPartOf\":{\"@id\":\"https:\\\/\\\/www.odemocratagb.com\\\/#website\"},\"primaryImageOfPage\":{\"@id\":\"https:\\\/\\\/www.odemocratagb.com\\\/?p=14783#primaryimage\"},\"image\":{\"@id\":\"https:\\\/\\\/www.odemocratagb.com\\\/?p=14783#primaryimage\"},\"thumbnailUrl\":\"https:\\\/\\\/www.odemocratagb.com\\\/wp-content\\\/uploads\\\/2016\\\/09\\\/Otinta-AGE.jpg\",\"datePublished\":\"2017-11-25T12:56:47+00:00\",\"breadcrumb\":{\"@id\":\"https:\\\/\\\/www.odemocratagb.com\\\/?p=14783#breadcrumb\"},\"inLanguage\":\"pt-BR\",\"potentialAction\":[{\"@type\":\"ReadAction\",\"target\":[\"https:\\\/\\\/www.odemocratagb.com\\\/?p=14783\"]}]},{\"@type\":\"ImageObject\",\"inLanguage\":\"pt-BR\",\"@id\":\"https:\\\/\\\/www.odemocratagb.com\\\/?p=14783#primaryimage\",\"url\":\"https:\\\/\\\/www.odemocratagb.com\\\/wp-content\\\/uploads\\\/2016\\\/09\\\/Otinta-AGE.jpg\",\"contentUrl\":\"https:\\\/\\\/www.odemocratagb.com\\\/wp-content\\\/uploads\\\/2016\\\/09\\\/Otinta-AGE.jpg\",\"width\":218,\"height\":246},{\"@type\":\"BreadcrumbList\",\"@id\":\"https:\\\/\\\/www.odemocratagb.com\\\/?p=14783#breadcrumb\",\"itemListElement\":[{\"@type\":\"ListItem\",\"position\":1,\"name\":\"In\u00edcio\",\"item\":\"https:\\\/\\\/www.odemocratagb.com\\\/\"},{\"@type\":\"ListItem\",\"position\":2,\"name\":\"Cr\u00f4nica: A MANIA E A MITOMANIA\"}]},{\"@type\":\"WebSite\",\"@id\":\"https:\\\/\\\/www.odemocratagb.com\\\/#website\",\"url\":\"https:\\\/\\\/www.odemocratagb.com\\\/\",\"name\":\"O Democrata GB\",\"description\":\"Jornal O Democrata GB\",\"publisher\":{\"@id\":\"https:\\\/\\\/www.odemocratagb.com\\\/#organization\"},\"potentialAction\":[{\"@type\":\"SearchAction\",\"target\":{\"@type\":\"EntryPoint\",\"urlTemplate\":\"https:\\\/\\\/www.odemocratagb.com\\\/?s={search_term_string}\"},\"query-input\":{\"@type\":\"PropertyValueSpecification\",\"valueRequired\":true,\"valueName\":\"search_term_string\"}}],\"inLanguage\":\"pt-BR\"},{\"@type\":\"Organization\",\"@id\":\"https:\\\/\\\/www.odemocratagb.com\\\/#organization\",\"name\":\"O Democrata GB\",\"url\":\"https:\\\/\\\/www.odemocratagb.com\\\/\",\"logo\":{\"@type\":\"ImageObject\",\"inLanguage\":\"pt-BR\",\"@id\":\"https:\\\/\\\/www.odemocratagb.com\\\/#\\\/schema\\\/logo\\\/image\\\/\",\"url\":\"https:\\\/\\\/www.odemocratagb.com\\\/wp-content\\\/uploads\\\/2026\\\/04\\\/logo-odemocratagb.png\",\"contentUrl\":\"https:\\\/\\\/www.odemocratagb.com\\\/wp-content\\\/uploads\\\/2026\\\/04\\\/logo-odemocratagb.png\",\"width\":1250,\"height\":327,\"caption\":\"O Democrata GB\"},\"image\":{\"@id\":\"https:\\\/\\\/www.odemocratagb.com\\\/#\\\/schema\\\/logo\\\/image\\\/\"},\"sameAs\":[\"https:\\\/\\\/www.facebook.com\\\/jornaldaguinebissau\",\"https:\\\/\\\/www.instagram.com\\\/odemocratagb\"]},{\"@type\":\"Person\",\"@id\":\"https:\\\/\\\/www.odemocratagb.com\\\/#\\\/schema\\\/person\\\/c5e683adeaf9b557e57cf1a8a591b0c0\",\"name\":\"Jornal Odemocrata\",\"image\":{\"@type\":\"ImageObject\",\"inLanguage\":\"pt-BR\",\"@id\":\"https:\\\/\\\/secure.gravatar.com\\\/avatar\\\/09cb6b76eee5612f7cfca9e0089e2f17141d417bd034905eee842945c87fd87f?s=96&d=mm&r=g\",\"url\":\"https:\\\/\\\/secure.gravatar.com\\\/avatar\\\/09cb6b76eee5612f7cfca9e0089e2f17141d417bd034905eee842945c87fd87f?s=96&d=mm&r=g\",\"contentUrl\":\"https:\\\/\\\/secure.gravatar.com\\\/avatar\\\/09cb6b76eee5612f7cfca9e0089e2f17141d417bd034905eee842945c87fd87f?s=96&d=mm&r=g\",\"caption\":\"Jornal Odemocrata\"},\"sameAs\":[\"http:\\\/\\\/odemocratagb.com\"],\"url\":\"https:\\\/\\\/www.odemocratagb.com\\\/?author=4\"}]}<\/script>\n<!-- \/ Yoast SEO plugin. -->","yoast_head_json":{"title":"Cr\u00f4nica: A MANIA E A MITOMANIA - O Democrata GB","robots":{"index":"index","follow":"follow","max-snippet":"max-snippet:-1","max-image-preview":"max-image-preview:large","max-video-preview":"max-video-preview:-1"},"canonical":"https:\/\/www.odemocratagb.com\/?p=14783","og_locale":"pt_BR","og_type":"article","og_title":"Cr\u00f4nica: A MANIA E A MITOMANIA - O Democrata GB","og_description":"\u00c0s vezes pensando c\u00e1 com os meus bot\u00f5es, sinto-me de tal forma at\u00f3nito tal como sentira Sartre ao escrever um...","og_url":"https:\/\/www.odemocratagb.com\/?p=14783","og_site_name":"O Democrata GB","article_publisher":"https:\/\/www.facebook.com\/jornaldaguinebissau","article_published_time":"2017-11-25T12:56:47+00:00","og_image":[{"width":218,"height":246,"url":"https:\/\/www.odemocratagb.com\/wp-content\/uploads\/2016\/09\/Otinta-AGE.jpg","type":"image\/jpeg"}],"author":"Jornal Odemocrata","twitter_card":"summary_large_image","twitter_misc":{"Escrito por":"Jornal Odemocrata","Est. tempo de leitura":"8 minutos"},"schema":{"@context":"https:\/\/schema.org","@graph":[{"@type":"Article","@id":"https:\/\/www.odemocratagb.com\/?p=14783#article","isPartOf":{"@id":"https:\/\/www.odemocratagb.com\/?p=14783"},"author":{"name":"Jornal Odemocrata","@id":"https:\/\/www.odemocratagb.com\/#\/schema\/person\/c5e683adeaf9b557e57cf1a8a591b0c0"},"headline":"Cr\u00f4nica: A MANIA E A MITOMANIA","datePublished":"2017-11-25T12:56:47+00:00","mainEntityOfPage":{"@id":"https:\/\/www.odemocratagb.com\/?p=14783"},"wordCount":1525,"commentCount":0,"publisher":{"@id":"https:\/\/www.odemocratagb.com\/#organization"},"image":{"@id":"https:\/\/www.odemocratagb.com\/?p=14783#primaryimage"},"thumbnailUrl":"https:\/\/www.odemocratagb.com\/wp-content\/uploads\/2016\/09\/Otinta-AGE.jpg","articleSection":["Atualidade","Opini\u00f5es"],"inLanguage":"pt-BR","potentialAction":[{"@type":"CommentAction","name":"Comment","target":["https:\/\/www.odemocratagb.com\/?p=14783#respond"]}]},{"@type":"WebPage","@id":"https:\/\/www.odemocratagb.com\/?p=14783","url":"https:\/\/www.odemocratagb.com\/?p=14783","name":"Cr\u00f4nica: A MANIA E A MITOMANIA - O Democrata GB","isPartOf":{"@id":"https:\/\/www.odemocratagb.com\/#website"},"primaryImageOfPage":{"@id":"https:\/\/www.odemocratagb.com\/?p=14783#primaryimage"},"image":{"@id":"https:\/\/www.odemocratagb.com\/?p=14783#primaryimage"},"thumbnailUrl":"https:\/\/www.odemocratagb.com\/wp-content\/uploads\/2016\/09\/Otinta-AGE.jpg","datePublished":"2017-11-25T12:56:47+00:00","breadcrumb":{"@id":"https:\/\/www.odemocratagb.com\/?p=14783#breadcrumb"},"inLanguage":"pt-BR","potentialAction":[{"@type":"ReadAction","target":["https:\/\/www.odemocratagb.com\/?p=14783"]}]},{"@type":"ImageObject","inLanguage":"pt-BR","@id":"https:\/\/www.odemocratagb.com\/?p=14783#primaryimage","url":"https:\/\/www.odemocratagb.com\/wp-content\/uploads\/2016\/09\/Otinta-AGE.jpg","contentUrl":"https:\/\/www.odemocratagb.com\/wp-content\/uploads\/2016\/09\/Otinta-AGE.jpg","width":218,"height":246},{"@type":"BreadcrumbList","@id":"https:\/\/www.odemocratagb.com\/?p=14783#breadcrumb","itemListElement":[{"@type":"ListItem","position":1,"name":"In\u00edcio","item":"https:\/\/www.odemocratagb.com\/"},{"@type":"ListItem","position":2,"name":"Cr\u00f4nica: A MANIA E A MITOMANIA"}]},{"@type":"WebSite","@id":"https:\/\/www.odemocratagb.com\/#website","url":"https:\/\/www.odemocratagb.com\/","name":"O Democrata GB","description":"Jornal O Democrata GB","publisher":{"@id":"https:\/\/www.odemocratagb.com\/#organization"},"potentialAction":[{"@type":"SearchAction","target":{"@type":"EntryPoint","urlTemplate":"https:\/\/www.odemocratagb.com\/?s={search_term_string}"},"query-input":{"@type":"PropertyValueSpecification","valueRequired":true,"valueName":"search_term_string"}}],"inLanguage":"pt-BR"},{"@type":"Organization","@id":"https:\/\/www.odemocratagb.com\/#organization","name":"O Democrata GB","url":"https:\/\/www.odemocratagb.com\/","logo":{"@type":"ImageObject","inLanguage":"pt-BR","@id":"https:\/\/www.odemocratagb.com\/#\/schema\/logo\/image\/","url":"https:\/\/www.odemocratagb.com\/wp-content\/uploads\/2026\/04\/logo-odemocratagb.png","contentUrl":"https:\/\/www.odemocratagb.com\/wp-content\/uploads\/2026\/04\/logo-odemocratagb.png","width":1250,"height":327,"caption":"O Democrata GB"},"image":{"@id":"https:\/\/www.odemocratagb.com\/#\/schema\/logo\/image\/"},"sameAs":["https:\/\/www.facebook.com\/jornaldaguinebissau","https:\/\/www.instagram.com\/odemocratagb"]},{"@type":"Person","@id":"https:\/\/www.odemocratagb.com\/#\/schema\/person\/c5e683adeaf9b557e57cf1a8a591b0c0","name":"Jornal Odemocrata","image":{"@type":"ImageObject","inLanguage":"pt-BR","@id":"https:\/\/secure.gravatar.com\/avatar\/09cb6b76eee5612f7cfca9e0089e2f17141d417bd034905eee842945c87fd87f?s=96&d=mm&r=g","url":"https:\/\/secure.gravatar.com\/avatar\/09cb6b76eee5612f7cfca9e0089e2f17141d417bd034905eee842945c87fd87f?s=96&d=mm&r=g","contentUrl":"https:\/\/secure.gravatar.com\/avatar\/09cb6b76eee5612f7cfca9e0089e2f17141d417bd034905eee842945c87fd87f?s=96&d=mm&r=g","caption":"Jornal Odemocrata"},"sameAs":["http:\/\/odemocratagb.com"],"url":"https:\/\/www.odemocratagb.com\/?author=4"}]}},"_links":{"self":[{"href":"https:\/\/www.odemocratagb.com\/index.php?rest_route=\/wp\/v2\/posts\/14783","targetHints":{"allow":["GET"]}}],"collection":[{"href":"https:\/\/www.odemocratagb.com\/index.php?rest_route=\/wp\/v2\/posts"}],"about":[{"href":"https:\/\/www.odemocratagb.com\/index.php?rest_route=\/wp\/v2\/types\/post"}],"author":[{"embeddable":true,"href":"https:\/\/www.odemocratagb.com\/index.php?rest_route=\/wp\/v2\/users\/4"}],"replies":[{"embeddable":true,"href":"https:\/\/www.odemocratagb.com\/index.php?rest_route=%2Fwp%2Fv2%2Fcomments&post=14783"}],"version-history":[{"count":1,"href":"https:\/\/www.odemocratagb.com\/index.php?rest_route=\/wp\/v2\/posts\/14783\/revisions"}],"predecessor-version":[{"id":14784,"href":"https:\/\/www.odemocratagb.com\/index.php?rest_route=\/wp\/v2\/posts\/14783\/revisions\/14784"}],"wp:featuredmedia":[{"embeddable":true,"href":"https:\/\/www.odemocratagb.com\/index.php?rest_route=\/wp\/v2\/media\/10273"}],"wp:attachment":[{"href":"https:\/\/www.odemocratagb.com\/index.php?rest_route=%2Fwp%2Fv2%2Fmedia&parent=14783"}],"wp:term":[{"taxonomy":"category","embeddable":true,"href":"https:\/\/www.odemocratagb.com\/index.php?rest_route=%2Fwp%2Fv2%2Fcategories&post=14783"},{"taxonomy":"post_tag","embeddable":true,"href":"https:\/\/www.odemocratagb.com\/index.php?rest_route=%2Fwp%2Fv2%2Ftags&post=14783"}],"curies":[{"name":"wp","href":"https:\/\/api.w.org\/{rel}","templated":true}]}}