{"id":16078,"date":"2018-03-08T09:43:01","date_gmt":"2018-03-08T09:43:01","guid":{"rendered":"http:\/\/www.odemocratagb.com\/?p=16078"},"modified":"2018-03-08T09:43:28","modified_gmt":"2018-03-08T09:43:28","slug":"braima-camara-resgate-financeiro-e-operacao-mais-corrupta-deste-pais-cometido-por-domingos-simoes-pereira","status":"publish","type":"post","link":"https:\/\/www.odemocratagb.com\/?p=16078","title":{"rendered":"Braima Camar\u00e1: &#8220;RESGATE FINANCEIRO \u00c9 OPERA\u00c7\u00c3O MAIS CORRUPTA DESTE PA\u00cdS COMETIDO POR DOMINGOS SIM\u00d5ES PEREIRA&#8221;"},"content":{"rendered":"<p><strong>[ENTREVISTA 2\/2]<\/strong> O Coordenador do Grupo dos 15 deputados expulsos da fileira do Partido Africado da Independ\u00eancia da Guin\u00e9 e Cabo Verde (PAIGC), Braima Camar\u00e1, afirmou que o &#8220;resgate financeiro \u00e9 a opera\u00e7\u00e3o mais corrupta na hist\u00f3ria deste pa\u00eds cometido por Domingos Sim\u00f5es Pereira e Geraldo Martins&#8221;, quando tiraram, de acordo com o pol\u00edtico e empres\u00e1rio, bilh\u00f5es de francos CFA nas costas dos filhos desta terra. O deputado assumiu na entrevista ao nosso seman\u00e1rio, que \u00e9 um dos maiores devedores dos bancos da Guin\u00e9-Bissau, mas garantiu que n\u00e3o precisa de ajuda do executivo daquela forma.<\/p>\n<p>&#8220;Eu Braima Camar\u00e1, sou maior devedor dos bancos. Contraio as minhas d\u00edvidas entregando o meu patrim\u00f3nio. O banco n\u00e3o d\u00e1 dinheiro \u00e0 ningu\u00e9m, apenas por gostar dele. O Governo de Domingos Sim\u00f5es Pereira, com a cumplicidade corrupta de Geraldo Martins, decidiu substituir o sector privado, com o intuito de passar a imagem de que est\u00e3o a ajudar o sector, mas isso n\u00e3o corresponde \u00e0 verdade. Fizeram essa opera\u00e7\u00e3o desastrosa, porque foram buscar tr\u00eas bilh\u00f5es e meio de francos CFA, que corresponde a cinco milh\u00f5es de Euros e dividiram o dinheiro entre si&#8221;, assegurou.<\/p>\n<p>Sobre as san\u00e7\u00f5es aplicadas pela CEDEAO, revelou que as pessoas fizeram quest\u00e3o de colocar o nome de atual Procurador-Geral da Rep\u00fablica na lista de san\u00e7\u00f5es apenas para bloque\u00e1-lo e impedindo-lhe de avan\u00e7ar ou investigar o caso de resgate financeiro, que envolve Domingos Sim\u00f5es Pereira e membros do seu governo.<\/p>\n<p>Relativamente as informa\u00e7\u00f5es veiculadas que Cipriano Cassam\u00e1 poder\u00e1 vir a apresentar-se como candidato do partido libertador ao cargo do Presidente da Rep\u00fablica, Braima Camar\u00e1 diz que o atual presidente do parlamento guineense n\u00e3o tem condi\u00e7\u00f5es para exercer a fun\u00e7\u00e3o do Chefe de Estado da Guin\u00e9-Bissau.<\/p>\n<p>&#8220;Cipriano Cassam\u00e1, algum dia como o Presidente da Rep\u00fablica! Cipriano? Nem sequer chegaria a um por cento de votos, se concorrer. Bom, no atual estatuto do PAIGC \u00e9 o Domingos quem vai indicar o nome de quem ser\u00e1 o candidato do partido \u00e0s elei\u00e7\u00f5es presidenciais\u201d, lembrou o deputado, que entretanto avan\u00e7ou que \u201cDomingos Sim\u00f5es Pereira \u00e9 o novo dono do PAIGC, ele conseguiu ter o poder que nem o &#8216;Nino&#8217; Vieira, que era chefe da guerra, tinha&#8221;, criticou.<\/p>\n<p><strong>O Democrata (OD): O programa<\/strong><strong>\u00a0maior teorizado por Am\u00edlcar Cabral continua a ser uma mera\u00a0miragem. O pa\u00eds\u00a0continua a fazer parte da lista dos pa\u00edses mais pobres do\u00a0mundo. Entre v\u00e1rios factores desse recuo, muitos apontam o falhan\u00e7o \u00e9tico e\u00a0moral da classe\u00a0pol\u00edtica. Concorda?<\/strong><\/p>\n<p><strong>Braima Camar\u00e1 (BC): <\/strong>N\u00e3o\u2026 nem tudo foi mau, como se pode notar. O programa menor que era a luta pela independ\u00eancia foi cumprido. \u00c9 uma conquista que orgulha todos os guineenses, mas custou vida, sangue e suor dos nossos combatentes. Hoje, eu, Braima Camar\u00e1, sou empres\u00e1rio de sucesso gra\u00e7as aos esfor\u00e7os desses combatentes que lutaram pela liberdade do pa\u00eds e permitir-nos viver tranquilamente.<\/p>\n<p>\u00c9 verdade que o programa maior que \u00e9 o desenvolvimento n\u00e3o foi ainda cumprido. N\u00e3o podemos dizer que depois da independ\u00eancia foi tudo mau, n\u00e3o! Isso n\u00e3o corresponde \u00e0 verdade, porque conseguimos dar muitos passos importantes. Concordo que h\u00e1 muita coisa para fazer no sentido de desenvolver este pa\u00eds, mas \u00e9 necess\u00e1rio que fa\u00e7amos um trabalho s\u00e9rio com pessoas honestas nas r\u00e9deas do poder e que pensam no bem-estar do povo e da Guin\u00e9-Bissau, sobretudo pessoas que j\u00e1 serviram o pa\u00eds em diferentes sectores e que j\u00e1 deram provas das suas capacidades.<\/p>\n<p>Temos um Estado muito virgem que ainda nem sequer chegou aos 50 anos. Por isso devemos acreditar na nossa capacidade do que podemos desenvolver este pa\u00eds com trabalho e seriedade.<\/p>\n<p><strong>OD: A luta constante pela lideran\u00e7a do PAIGC e consequentemente controlar o pa\u00eds deixa o pa\u00eds de rastos\u2026<\/strong><\/p>\n<p><strong>BC: <\/strong>A Guin\u00e9-Bissau n\u00e3o pode ser ref\u00e9m do PAIGC! Cabe aos guineenses encontrar uma alternativa do poder ao PAIGC nesta terra\u2026<\/p>\n<p><strong>OD: Reconhece que cada vez que o PAIGC tem problemas e a mesma crise interna acaba por atingir as institui\u00e7\u00f5es do pa\u00eds?<\/strong><\/p>\n<p><strong>BC: <\/strong>Isso \u00e9 uma teoria de que todos n\u00f3s falamos, mas n\u00e3o deve ser assim, porque realmente o pa\u00eds n\u00e3o pode e nem deve ficar ref\u00e9m do PAIGC. Agora depende dos guineenses, porque agora felizmente, estamos a boca das urnas.<\/p>\n<p><strong>OD: Botche Cand\u00e9 \u00e9 respons\u00e1vel pela sua derrota em Cacheu?<\/strong><\/p>\n<p><strong>BC: <\/strong>N\u00e3o foi Botche Cand\u00e9, mas sim Deus! Ningu\u00e9m podia fazer-me vencer ou perder Congresso de Cacheu, se Deus n\u00e3o quisesse. O Botche n\u00e3o foi respons\u00e1vel pela minha derrota no VII Congresso Ordin\u00e1rio de Cacheu, foi sim culpado pela vit\u00f3ria de Domingos Sim\u00f5es Pereira.<\/p>\n<p>Eu dei um grande contributo para a democracia guineense. Vou ficar ligado \u00e0 hist\u00f3ria pela positiva, porque consegui provocar pela primeira vez na hist\u00f3ria da Guin\u00e9-Bissau, uma mudan\u00e7a geracional na classe pol\u00edtica interna no PAIGC. Aquilo para mim foi um ganho grande, mas infelizmente o Domingos n\u00e3o soube traduzir isso em ganhos reais para o bem do nosso partido.<\/p>\n<p><strong>OD: N\u00e3o est\u00e1 arrependido hoje?<\/strong><\/p>\n<p><strong>BC: <\/strong>Eu n\u00e3o me arrependo! Porque agi de consci\u00eancia tranquila. Penso antes de agir ou tomar qualquer decis\u00e3o. Eu n\u00e3o estou arrependido de nada que fiz dentro do PAIGC. Estou orgulhoso e feliz, porque dei a minha contribui\u00e7\u00e3o\u2026<\/p>\n<p><strong>OD: Braima Camar\u00e1 consegue ver mesmo o PAIGC na oposi\u00e7\u00e3o?<\/strong><\/p>\n<p><strong>BC:<\/strong> Sim\u2026 \u00e9 bom que fique claro, n\u00e3o \u00e9 o PAIGC, mas sim o Domingos. Porque eu, esteja onde estiver, vou sempre defender os valores do PAIGC. Quem vou ver na oposi\u00e7\u00e3o \u00e9 o Domingos Sim\u00f5es Pereira, como ele est\u00e1 agora. Ele vai continuar na oposi\u00e7\u00e3o eternamente.<\/p>\n<p><strong>OD: Como pensa defender os valores do PAIGC, se agora n\u00e3o est\u00e1 no partido?<\/strong><\/p>\n<p><strong>BC: <\/strong>Acha que o Domingos representa os valores do PAIGC mais do que o Comandante Manuel Saturnino da Costa? Acha que o Domingos se fosse um homem minimamente decente, iria expulsar Manuel Saturnino do PAIGC, Lu\u00eds Sanca, Hadja Satu Camar\u00e1!? Temos uma cultura de respeitar os mais velhos nesta terra, sobretudo as pessoas que deram as suas vidas para o partido e que lutaram para a liberta\u00e7\u00e3o do pa\u00eds.<\/p>\n<p>N\u00e3o consigo entender at\u00e9 agora a atitude de Domingos Sim\u00f5es Pereira. Ele mostrou claramente que n\u00e3o tem esse valor de respeitar os mais velhos. \u00c9 bom que fique claro que o PAIGC unido \u00e9 mais forte. Um PAIGC dividido n\u00e3o vale, mas se algu\u00e9m assim o quiser, ent\u00e3o que assuma a sua responsabilidade perante o povo e a hist\u00f3ria.<\/p>\n<p><strong>OD: Braima Camar\u00e1 \u00e9 tido como um advers\u00e1rio\u00a0pol\u00edtico feroz de Sim\u00f5es Pereira. A que se deve a vossa\u00a0disputa?<\/strong><\/p>\n<p><strong>BC: <\/strong>A nossa vis\u00e3o \u00e9 completamente diferente! Eu defendo a ideologia pol\u00edtica da esquerda. Eu sou socialista e filho de um revolucion\u00e1rio, um veterano de guerra de luta de liberta\u00e7\u00e3o nacional. Sou revolucion\u00e1rio de esquerda, portanto nasci e cresci com o sentido de patriotismo. Domingos \u00e9 da direita, \u00e9 fascista e capitalista\u2026<\/p>\n<p>Neste momento correu com todos os antigos combatentes da liberdade da p\u00e1tria das estruturas do partido. Foi importar quadros para meter na dire\u00e7\u00e3o superior do PAIGC! Domingos n\u00e3o aceita o contradit\u00f3rio. N\u00e3o aceita o debate de ideologia pol\u00edtica no seio do partido. \u00c9 debate interno que ele chama de indisciplina partid\u00e1ria!<\/p>\n<p>As nossas vis\u00f5es ou maneiras de fazer pol\u00edtica, de estar na pol\u00edtica s\u00e3o completamente diferentes. Eu defendo a democracia interna no partido, que as pessoas sentem-se a vontade para debater mat\u00e9rias ou projetos pol\u00edticos para o bem do PAIGC e da pr\u00f3pria Guin\u00e9-Bissau. Infelizmente, ele n\u00e3o suporta o debate de projetos pol\u00edticos e por isso correu com os dirigentes que jamais aceitariam submeter-se ou deix\u00e1-lo instalar a ditadura e tornar-se num super-homem no PAIGC.<\/p>\n<p><strong>OD: Quem s\u00e3o os quadros importados para as estruturas do partido?<\/strong><\/p>\n<p><strong>BC: <\/strong>Vai pedir a lista dos \u00f3rg\u00e3os do partido, designadamente do Bureau Pol\u00edtico e Comit\u00e9 Central e ai ver\u00e1 quantas pessoas entraram para aqueles \u00f3rg\u00e3os\u2026<\/p>\n<p><strong>OD: \u00c9 verdade que a quest\u00e3o do terreno da lagoa de &#8220;N\u2019batonha&#8221; \u00e9 uma das causas do diferendo entre Braima Camar\u00e1 e Domingos Sim\u00f5es Pereira\u2026<\/strong><\/p>\n<p><strong>BC: <\/strong>Se calhar o Domingos ficou com certa inveja do meu sucesso empresarial. Sente-se incomodado com o meu sucesso, mas eu sempre dei-lhe oportunidades. Ele confiscou-me esse terreno, que eu comprei em hasta p\u00fablica em 1999, numa soma estimada em 120 milh\u00f5es de Francos CFA, junto da C\u00e2mara Municipal de Bissau. Comprei esse terreno \u00e0 Empresa Arezki e de outros empres\u00e1rios que tamb\u00e9m queriam aquele terreno.<\/p>\n<p>Eu era na altura o cliente do Banco \u201cSantander TOTA\u201d. Tinha uma conta corrente de cinco milh\u00f5es de d\u00f3lares. O Banco disse-me, Braima vai l\u00e1 e mesmo se custar um milh\u00e3o de d\u00f3lares, vai pagar e fica com o dinheiro. Foi assim que comprei esse terreno, mas o Domingos roubou-me e colocou o pilar no terreno e nem sequer informaram-me alguma coisa da decis\u00e3o de quererem ficar com o terreno.<\/p>\n<p><strong>OD N\u00e3o foi \u00e0 justi\u00e7a para reclam\u00e1-lo de volta?<\/strong><\/p>\n<p><strong>BC: <\/strong>At\u00e9 hoje n\u00e3o fui \u00e0 justi\u00e7a. Eu n\u00e3o falei nada, nem p\u00f3, nem pedra, sobre este assunto. A certeza que tenho \u00e9 que o Estado da Guin\u00e9-Bissau vai pagar-me at\u00e9 cair de lado. Estamos no estado de direito democr\u00e1tico. O terreno \u00e9 meu. Comprei-o em hasta p\u00fablica, portanto ningu\u00e9m pode roubar-mo daquela forma, sem me informar de nada. Querem humilhar-me!&#8230;<\/p>\n<p>Sou um cidad\u00e3o nacional, ciente daquilo que se pode fazer. Mesmo este hotel, se o Estado o quiser ou quer este espa\u00e7o, basta comunicar-me e explicar a raz\u00e3o, depois fazemos as contas para me indemnizar. Mesmo que o Estado queira a casa onde moro, a \u00fanica coisa \u00e9 comunicar-me para negociarmos e mais nada. Agora roubar-me o terreno daquela forma, \u00e9 simplesmente uma humilha\u00e7\u00e3o. \u00a0\u00a0\u00a0\u00a0\u00a0\u00a0\u00a0\u00a0\u00a0\u00a0\u00a0\u00a0\u00a0\u00a0<strong>\u00a0<\/strong><\/p>\n<p><strong>OD: Ent\u00e3o, a disputa\u00a0com Domingos Sim\u00f5es Pereira era para o controlo do partido. Ou\u00a0tem a ver com a\u00a0quest\u00e3o do dinheiro do FUNPI, como se diz?<\/strong><\/p>\n<p><strong>BC: <\/strong>Eu sou o promotor do projeto denominado do Fundo Nacional de Promo\u00e7\u00e3o Industrial (FUNPI). N\u00e3o h\u00e1 mais ningu\u00e9m na Guin\u00e9-Bissau que tenha a legitimidade moral e pol\u00edtica de falar desse fundo, porque \u00e9 meu projeto. Eu fui eleito na C\u00e2mara do Comercio, Ind\u00fastria Agricultura e Servi\u00e7os, j\u00e1 com o FUNPI elaborado como projeto. N\u00e3o \u00e9 nada de dinheiros\u2026<\/p>\n<p>Aquando do levantamento militar de 12 de Abril de 2012, eu era o co-assinante das contas do FUNPI. Eu e o atual Presidente da Rep\u00fablica, Jos\u00e9 M\u00e1rio Vaz, que na altura exercia a fun\u00e7\u00e3o de ministro das Finan\u00e7as. T\u00ednhamos na conta mais de oito bilh\u00f5es de Francos CFA. Foi gra\u00e7as ao dinheiro do FUNPI que o Governo de Transi\u00e7\u00e3o conseguiu pagar todas as d\u00edvidas aos professores naquele per\u00edodo.<\/p>\n<p>Conseguiu ainda manter o funcionamento dos hospitais e pagar todas as d\u00edvidas externas da Guin\u00e9-Bissau na altura. Se eu realmente quisesse aquele dinheiro, tinha a possibilidade de levant\u00e1-lo todo, porque era eu e Jos\u00e9 M\u00e1rio Vaz. N\u00e3o mexemos em nenhum franco\u2026<\/p>\n<p>O General Ant\u00f3nio Indjai, que era Chefe de Estado-Maior General das For\u00e7as Armadas, est\u00e1 de vida e pode confirmar essa informa\u00e7\u00e3o. Ant\u00f3nio Indjai chamou-me uma vez com o meu vice-presidente, o falecido Abel Incada, na presen\u00e7a do Ex-primeiro-ministro, Rui Duarte de Barros. Pediu-nos que levant\u00e1ssemos o dinheiro e que o entreg\u00e1ssemos ao governo para pagar o sal\u00e1rio dos funcion\u00e1rios p\u00fablicos. Recusamos categoricamente e dissemos aos militares que o dinheiro era para o investimento em projetos de desenvolvimento do setor privado.<\/p>\n<p>Quero esclarecer aqui uma coisa. Quando candidatei-me \u00e0 lideran\u00e7a do partido (PAIGC), suspendi a minha assinatura e indigitei o meu primeiro vice-presidente, Abel Incada. Depois do congresso de Cacheu e com o PAIGC no poder, Domingos disse que o dinheiro do FUNPI era dinheiro de Estado e que a C\u00e2mara do Com\u00e9rcio n\u00e3o podia fazer parte das assinaturas.<\/p>\n<p>Revogou a assinatura junto do BCEAO e o seu ministro das Finan\u00e7as, Geraldo Martins e o Secret\u00e1rio do Estado na altura, passaram a assinar os documentos que autorizavam os movimentos do fundo e levantaram o dinheiro todo. A C\u00e2mara de Com\u00e9rcio tinha o direito de ficar com 30 por cento do valor total, mas foi o governo de transi\u00e7\u00e3o quem nos deu algumas presta\u00e7\u00f5es.<\/p>\n<p>A C\u00e2mara de Com\u00e9rcio estava \u00e0 espera de dois bilh\u00f5es e meio de Francos Cfa da parte do executivo de Domingos Sim\u00f5es Pereira, atrav\u00e9s do FUNPI, de forma a materializar os projetos. O objectivo era usar esse dinheiro para transformar o Banco Internacional da Guin\u00e9-Bissau (BIGB) que compr\u00e1mos, num banco de investimento. Infelizmente, Domingos disse que a C\u00e2mara de Com\u00e9rcio j\u00e1 n\u00e3o tinha o direito de receber nenhum dinheiro do fundo e deu-nos apenas 400 milh\u00f5es de Francos CFA, que nem cobria o or\u00e7amento do funcionamento da C\u00e2mara por um ano.<\/p>\n<p><strong>OD: O seu nome \u00e9 sempre associado ao FUNPI, como explica isso?<\/strong><\/p>\n<p><strong>BC:<\/strong> Isso \u00e9 normal e n\u00e3o me preocupa minimamente, porque eu sou o pai do FUNPI. Esse fundo teve um impacto enorme no processo de desenvolvimento da Guin\u00e9-Bissau. Foi nesse fundo que o Domingos Sim\u00f5es Pereira foi buscar um bilh\u00e3o para entregar ao Califa Seidi [atual 3\u00b0 vice-presidente do PAIGC], apenas para que esse continuasse a apoi\u00e1-lo cegamente como est\u00e1 a fazer at\u00e9 agora.<\/p>\n<p>Domingos entregou ao Califa Seidi uma soma de um bilh\u00e3o de francos CFA para a sua institui\u00e7\u00e3o, a FUNDEI. Califa era o Secret\u00e1rio Executivo desta institui\u00e7\u00e3o.<\/p>\n<p><strong>OD: Geraldo<\/strong><strong>\u00a0Martins, ex-ministro das Finan\u00e7as, disse numa\u00a0entrevista\u00a0ao\u00a0nosso jornal que a\u00a0CCIAS fez um\u00a0\u201cfestival\u201d de levantamentos de dinheiro do FUNPI no per\u00edodo de\u00a0transi\u00e7\u00e3o. \u00c9 verdade que em\u00a02013 a CCIAS levantou uma soma de dois bilh\u00f5es e setecentos\u00a0milh\u00f5es de francos\u00a0CFA em diferentes ocasi\u00f5es para o seu uso, sem apresentar\u00a0nenhuma justifica\u00e7\u00e3o?<\/strong><\/p>\n<p><strong>BC: <\/strong>Essa informa\u00e7\u00e3o n\u00e3o corresponde \u00e0 verdade. Se o Geraldo diz isso, falta \u00e0 verdade. Que apresente uma \u00fanica prova dos levantamentos dessas somas dos bancos e que nos envolve diretamente! Afinal, quanto \u00e9 o dinheiro do FUNP?I! Quantos bilh\u00f5es s\u00e3o? Se s\u00e3o oito bilh\u00f5es e meio de Francos CFA que n\u00f3s deixamos na conta. Que Geraldo Martins apresente as provas de que a C\u00e2mara levantou aquela soma de mais de dois bilh\u00f5es de FCFA. Falar \u00e9 f\u00e1cil, mas que apresente as provas\u2026<\/p>\n<p>Eu apresentei uma queixa no Minist\u00e9rio P\u00fablico e exigi que o Estado da Guin\u00e9-Bissau, ou seja, as d\u00edvidas contra\u00eddas deste fundo da parte de sucessivos governos sejam pagos. Incluindo os devedores, que paguem as d\u00edvidas. Havia uma comiss\u00e3o parit\u00e1ria que geria o fundo. N\u00e3o foi a C\u00e2mara de Com\u00e9rcio.<\/p>\n<p><strong>OD: A C\u00e2mara de Com\u00e9rcio fazia parte desta comiss\u00e3o parit\u00e1ria e desconhecia tudo?<\/strong><\/p>\n<p><strong>BC:<\/strong> Sim, t\u00ednhamos um representante na Comiss\u00e3o e o Governo era quem coordenava a Comiss\u00e3o Parit\u00e1ria, atrav\u00e9s do Secret\u00e1rio-geral do Minist\u00e9rio da Economia e Finan\u00e7as, que \u00e9 amigo de Domingos Sim\u00f5es Pereira e Geraldo Martins. Foi a Comiss\u00e3o Parit\u00e1ria que geriu esse fundo e n\u00e3o a C\u00e2mara.<\/p>\n<p>Eu estou \u00e0 vontade. N\u00e3o v\u00e3o encontrar um \u00fanico cheque com a minha assinatura, em como levantei dinheiro. N\u00e3o v\u00e3o ver o nome da minha empresa \u201cGrupo Malaika\u201d como devedor do FUNPI. Eu tenho car\u00e1ter! H\u00e1 princ\u00edpios e valores que defendo!<\/p>\n<p><strong>OD: Nunca trabalhou com o dinheiro do FUNPI na sua empresa \u201cMALAIKA\u00a0TRADING\u201d?\u00a0 <\/strong><\/p>\n<p><strong>BC: <\/strong>N\u00e3o usei um franco CFA daquele fundo. H\u00e1 empres\u00e1rios que beneficiaram, mas o Grupo Malaika n\u00e3o tomou nenhum franco CFA. Eu desafio qualquer pessoa a confirmar o meu envolvimento nesse fundo, em benef\u00edcio da minha empresa.<\/p>\n<p><strong>OD: Em rela\u00e7\u00e3o ao BIGB. Diz-se que a C\u00e2mara de Com\u00e9rcio levantou uma soma de 500 milh\u00f5es de Francos CFA das consta do FUNPI para a compra desse banco, sem cumprir as formalidades que eram exigidas\u2026<\/strong><\/p>\n<p><strong>BC: <\/strong>Lembro-me que desde a \u00e9poca em que era vendedor ambulante ou pequeno comerciante no mercado de pra\u00e7a, fui sempre uma pessoa organizada que gostava de deixar as coisas ou as contas sempre organizadas. Se algu\u00e9m lhe disser que n\u00e3o cumprimos as formalidades necess\u00e1rias para o levantamento de dinheiro para a compra do BIG, mente.<\/p>\n<p>Esse banco \u00e9 da C\u00e2mara de Com\u00e9rcio. N\u00f3s hipotecamos o BIGB ao Banco da \u00c1frica Ocidental (BAO), como uma das garantias reais para podermos ter uma conta corrente caucionada. Para termos as nossas rela\u00e7\u00f5es com o BAO. Eu sou empres\u00e1rio\u2026<\/p>\n<p><strong>OD: Qual foi o valor exato que a C\u00e2mara de Com\u00e9rcio levantou da conta do FUNPI para essa opera\u00e7\u00e3o?<\/strong><\/p>\n<p><strong>BC: <\/strong>N\u00e3o levantamos do fundo FUNPI. N\u00f3s pedimos um avan\u00e7o no valor de 500 milh\u00f5es de Francos CFA para pagar ao Estado da Guin\u00e9-Bissau para que fic\u00e1ssemos com o BIGB. Foi o que fizemos. Naquela altura o ministro das Finan\u00e7as era o falecido Abubacar Demba Dahaba. Aceitou avan\u00e7ar-nos o dinheiro a que t\u00ednhamos direito (FUNPI) para pagar a opera\u00e7\u00e3o, atrav\u00e9s do tesouro p\u00fablico.<\/p>\n<p><strong>OD: Disse aqui que a CCIAS tem direito a 30 por cento do valor total do dinheiro recolhido pelo FUNPI. Desde a cria\u00e7\u00e3o deste fundo at\u00e9 a data presente, qual \u00e9 o valor exato levantado pela C\u00e2mara de Com\u00e9rcio?<\/strong><\/p>\n<p><strong>BC: <\/strong>Desde a sua institucionaliza\u00e7\u00e3o, apenas tr\u00eas anos \u00e9 que se cobrou esse fundo aos empres\u00e1rios exportadores da castanha de caju. A C\u00e2mara de Com\u00e9rcio tinha que receber 30 por cento do valor total recolhido, de acordo com o documento assinado com as autoridades. Aquilo que n\u00f3s recebemos do fundo n\u00e3o chega aos 10 por cento. E lembra que suspendi o meu mandato como presidente da CCIAS, quando ia concorrer \u00e0 lideran\u00e7a do PAIGC e deixei tudo com o vice-presidente. Mas todos os documentos est\u00e3o na C\u00e2mara de Com\u00e9rcio. Podem confirmar\u2026<\/p>\n<p><strong>OD: Diz que o valor levantado deste fundo n\u00e3o chega aos dez por cento no seu mandato, ou seja, antes de deixar a C\u00e2mara. Podia traduzir esse dez por cento em valores reais, em dinheiro?<\/strong><\/p>\n<p><strong>BC: <\/strong>Antes de deixar a C\u00e2mara de Com\u00e9rcio para ir ao congresso de Cacheu, t\u00ednhamos recebido uma soma estimada em 250 milh\u00f5es de Francos CFA, proveniente do FUNPI. Depois das elei\u00e7\u00f5es do PAIGC em 2014, Geraldo Martins, ministro da Economia e Finan\u00e7as, voltou a avan\u00e7ar-nos mais 400 milh\u00f5es.<\/p>\n<p>A verdade \u00e9 que n\u00e3o devia ser assim, porqu\u00ea? Porque na realidade, 30 por cento do valor total do FUNPI deveria vir sempre para o sector privado atrav\u00e9s da CCIAS e 70 por cento ficava para o financiamento de projetos.<\/p>\n<p>Em fun\u00e7\u00e3o dos projetos \u00e9 que o dinheiro seria desbloqueado, conforme o acordo que os interessados (empres\u00e1rios) teriam com a Comiss\u00e3o Parit\u00e1ria e os bancos locais, que s\u00e3o: o BAO, o BDU e o ECOBANK. Cada empres\u00e1rio interessado teria que negociar com o seu banco para conseguir uma garantia de poder ter acesso ao fundo.<\/p>\n<p>Felizmente nunca fui, porque nunca precisei, gra\u00e7as a Deus. Os meus bancos confiam em mim, por isso n\u00e3o precisei. Quando preciso de dinheiro vou negociar com os bancos directamente, porque tenho as garantias que levam os bancos a acreditarem em mim.<\/p>\n<p><strong>OD: Diz-se que os sucessivos governos\u00a0usaram o dinheiro do FUNPI para pagamento de sal\u00e1rios. Pode confirmar essa\u00a0informa\u00e7\u00e3o, dado que a CCIAS fazia parte da Comiss\u00e3o Parit\u00e1ria criada para gerir\u00a0o fundo?<\/strong><\/p>\n<p><strong>BC: <\/strong>Confirmo essa informa\u00e7\u00e3o. O governo liderado por Domingos Sim\u00f5es Pereira usou o dinheiro do FUNPI para pagar sal\u00e1rios.<\/p>\n<p><strong>OD: Pode precisar o valor levantado pelo executivo dirigido por Sim\u00f5es Pereira? <\/strong><\/p>\n<p><strong>BC: <\/strong>Neste momento n\u00e3o sei precisar, mas confirmo\u2026<\/p>\n<p><strong>OD: Uma\u00a0empresa de auditoria senegalesa<\/strong><strong>\u00a0contratada para auditar as contas do FUNPI concluiu,\u00a0depois de trabalho\u00a0junto com algumas institui\u00e7\u00f5es, que houve m\u00e1 gest\u00e3o desse fundo. A empresa afirmou na\u00a0altura que a CCIAS recusara colaborar. A CCIAS teme que seja\u00a0descoberto o seu\u00a0envolvimento na m\u00e1 gest\u00e3o do fundo?<\/strong><\/p>\n<p><strong>BC: <\/strong>Isso n\u00e3o corresponde \u00e0 verdade, porque a CCIAS n\u00e3o geriu o FUNPI. Quem o geriu foi a Comiss\u00e3o Parit\u00e1ria. O FUNPI n\u00e3o \u00e9 do Governo. \u00c9 uma iniciativa privada promulgada pelo Governo. \u00c9 um fundo de parceria p\u00fablico-privada. N\u00e3o posso decidir unilateralmente sobre esta garrafa de \u00e1gua nossa e fazer o que quero com ela, sem vos consultar previamente. <strong>\u00a0\u00a0<\/strong><\/p>\n<p>Antes de o governo contratar qualquer empresa de auditoria, tinha que chamar a outra parte (CCIAS) para vermos os seus termos de refer\u00eancia. Assim seria, se o governo tivesse boas inten\u00e7\u00f5es. Dev\u00edamos ser informados para ver as condi\u00e7\u00f5es em que a empresa foi contratada e se n\u00e3o passa de uma encomenda de Geraldo Martins, com o prop\u00f3sito de branquear os roubos, as corrup\u00e7\u00f5es, mentiras e os desvios que fizeram na gest\u00e3o do FUNPI.<\/p>\n<p><strong>OD: Essa \u00e9 a raz\u00e3o que levou a C\u00e2mara de Com\u00e9rcio a n\u00e3o colaborar com a empresa de auditoria?<\/strong><\/p>\n<p><strong>BC: <\/strong>N\u00e3o podemos colaborar, porque havia ind\u00edcios de corrup\u00e7\u00e3o. A empresa j\u00e1 tinha sido manipulada. A C\u00e2mara de Com\u00e9rcio tinha que ser envolvida na contrata\u00e7\u00e3o dessa empresa de auditoria, porque \u00e9 parte e tinha que participar.<\/p>\n<p><b>OD: A C\u00e2mara de Com\u00e9rcio estaria dispon\u00edvel\u00a0a colaborar numa auditoria feita por um gabinete independente?<\/b><\/p>\n<p><strong>BC: <\/strong>Se n\u00e3o fosse, a C\u00e2mara n\u00e3o apresentaria uma queixa-crime no Minist\u00e9rio P\u00fablico sobre a m\u00e1 gest\u00e3o do FUNPI. Quando da minha tomada de posse como presidente da C\u00e2mara de Com\u00e9rcio, eu exigi uma auditoria internacional, feita por um Gabinete independente, para apurar as minhas responsabilidades na gest\u00e3o do fundo.\u00a0\u00a0 <strong>\u00a0<\/strong>\u00a0\u00a0\u00a0<strong>\u00a0<\/strong><\/p>\n<p><strong>OD: O resgate financeiro \u2013 \u00a0a compra de carteiras de d\u00edvidas\u00a0de empres\u00e1rios guineenses junto de dois bancos comerciais\u00a0na ordem de 34\u00a0bilh\u00f5es de francos CFA \u00e9 considerado o maior esc\u00e2ndalo\u00a0financeiro do pa\u00eds. A\u00a0CCIAS foi ouvida pelo executivo, dado que a opera\u00e7\u00e3o\u00a0visava ajudar os\u00a0empres\u00e1rios\u00a0nacionais?<\/strong><\/p>\n<p><strong>BC: <\/strong>O resgate financeiro foi uma opera\u00e7\u00e3o corrupta, de banditismo e de roubo! Sou contra esse tipo de neg\u00f3cios sujos e jamais me envolveria nisso. Sou um empres\u00e1rio. Quando vou ao banco, apresento sempre as minhas garantias banc\u00e1rias. Se o governo de Domingos Sim\u00f5es Pereira estivesse de boa-f\u00e9, tinha que chamar o sector privado, testemunh\u00e1-lo ou envolve-lo.<\/p>\n<p><strong>OD: O sector privado n\u00e3o foi ouvido?<\/strong><\/p>\n<p><strong>BC: <\/strong>Permita-me concluir. Na Guin\u00e9 \u00e9 s\u00f3 aos \u201cpapagaios\u201d que voc\u00eas d\u00e3o raz\u00e3o! Eu n\u00e3o sou um papagaio, n\u00e3o falo f\u00e1cil. Apenas quando \u00e9 necess\u00e1rio\u2026<\/p>\n<p>Se um governo s\u00e9rio e transparente quiser ajudar o sector privado, tem que, em primeiro lugar, chamar o sector privado e apresent\u00e1-lo o plano ou as formas, condi\u00e7\u00f5es e termos em que pretende ajudar os empres\u00e1rios. Eu sou um dos maiores devedores dos bancos da Guin\u00e9-Bissau, eu Braima Camar\u00e1, sou maior devedor dos bancos. Contraio as minhas d\u00edvidas entregando o meu patrim\u00f3nio. O banco n\u00e3o d\u00e1 dinheiro a ningu\u00e9m, apenas por gostar dele.<\/p>\n<p>O Governo de Domingos Sim\u00f5es Pereira, com a cumplicidade corrupta de Geraldo Martins, decidiu substituir o sector privado, com o intuito de passar a imagem de que est\u00e3o a ajudar o sector, mas isso n\u00e3o corresponde \u00e0 verdade. Fizeram essa opera\u00e7\u00e3o desastrosa, porque foram buscar tr\u00eas bilh\u00f5es e meio de francos CFA, que corresponde a cinco milh\u00f5es de Euros e dividiram o dinheiro entre si.<\/p>\n<p>Como \u00e9 que um governo que quer ajudar o sector privado vai aumentar em dez por cento as d\u00edvidas dos empres\u00e1rios? Ainda pede esses dez por cento aos bancos antecipadamente, para depois vir cobr\u00e1-los aos empres\u00e1rios?! Tomaram esse dinheiro e dividiram-no entre si, designadamente: Domingos Sim\u00f5es Pereira, Geraldo Martins e o advogado deles, Carlos Pinto Pereira, vulgo Ca\u00eda. O resgate financeiro foi a opera\u00e7\u00e3o mais corrupta na hist\u00f3ria deste pa\u00eds cometido por Domingos Sim\u00f5es Pereira e Geraldo Martins. Estamos a falar de bilh\u00f5es de francos CFA tirados nas costas de filhos desta terra.<\/p>\n<p>Eu sou liminarmente contra essa opera\u00e7\u00e3o, porque \u00e9 banditismo. Eu dispenso essa ajuda das pessoas que querem enriquecer-se nas minhas costas. Resolvo diretamente com os bancos apresentando as minhas garantias. O governo, se tivesse bom senso, teria uma atitude de baixar a d\u00edvida dos empres\u00e1rios e n\u00e3o agrav\u00e1-la.<\/p>\n<p>Aumentar em dez por cento as d\u00edvidas \u00e9 agrav\u00e1-las. N\u00e3o \u00e9 ajuda. \u00c9 por isso que puseram o nome do Procurador-Geral da Rep\u00fablica na lista de san\u00e7\u00f5es, como forma de pression\u00e1-lo ou amedront\u00e1-lo para n\u00e3o levar as pessoas \u00e0 justi\u00e7a por crimes de corrup\u00e7\u00e3o.<\/p>\n<p><strong>OD:<\/strong> <strong>Quem s\u00e3o os empres\u00e1rios que fizeram parte desta lista\u00a0de devedores\u00a0ou benefici\u00e1rios desta opera\u00e7\u00e3o, como um dos\u00a0respons\u00e1veis da CCIAS?<\/strong><\/p>\n<p><strong>BC:<\/strong> Eu s\u00f3 falo por mim, porque eticamente n\u00e3o fica bem falar dos outros. O meu investimento no pa\u00eds est\u00e1 acima de 50 milh\u00f5es de d\u00f3lares americanos. Portanto, uma d\u00edvida de 10 milh\u00f5es de d\u00f3lares para mim \u00e9 uma gota de \u00e1gua no oceano e n\u00e3o representa nada, porque tenho os meus investimentos.<\/p>\n<p><strong>OD: Braima Camar\u00e1 foi um dos benefici\u00e1rios desta\u00a0opera\u00e7\u00e3o?<\/strong><\/p>\n<p><strong>BC: <\/strong>Eu n\u00e3o estou interessado nisso. O Estado meteu l\u00e1 o meu nome, mas eu n\u00e3o estou interessado, porqu\u00ea? Porque foram buscar na minha costa 350 milh\u00f5es de Francos CFA. Por exemplo, eu trabalho com os bancos diretamente e dispenso ajuda do governo neste sentido. Que devolvam o dinheiro que tomaram nas minhas costas. \u00c9 corrup\u00e7\u00e3o. Eu dispenso essa ajuda. Estou contra o resgate e se eu tiver problemas com os bancos, \u00e9 da minha responsabilidade. Se n\u00e3o puder pagar, o banco que venha confiscar o hotel \u201cMalaika\u201d.<\/p>\n<p>As pessoas com narrativas, ret\u00f3rica e sem\u00e2ntica \u00e9 que s\u00e3o consideradas ou chamadas aqui de intelectuais. Esses s\u00e3o bandidos e ladr\u00f5es diplomatas\u2026<\/p>\n<p><strong>OD: Disse h\u00e1 bocado que o nome de atual Procurador-Geral foi colocado na lista para bloque\u00e1-lo?<\/strong><\/p>\n<p><strong>BC: <\/strong>Sim \u00e9 verdade. Querem bloquear a justi\u00e7a, ou seja, ilibar o Domingos Sim\u00f5es Pereira e companhia limitada, porque t\u00eam muitos processos nesta terra para responder, em particular, o processo de resgate financeiro. \u00c9 por isso que meteram o nome do Procurador-Geral na lista para condicion\u00e1-lo! Isso n\u00e3o pode ser\u2026<\/p>\n<p>O Domingos Sim\u00f5es Pereira, antes de irmos ao congresso de Cacheu em 2014, n\u00e3o tinha 20 milh\u00f5es de Francos CFA. Depois de mais de um ano de governa\u00e7\u00e3o, tem um apartamento em Portugal que custa mais de 600 mil Euros, correspondentes a mais de 390 milh\u00f5es de francos cfa. Onde ganhou esse dinheiro? Trabalhou onde para consegui-lo?<\/p>\n<p>Antes do congresso de Cacheu, n\u00e3o tinha nada. Depois de um ano de governa\u00e7\u00e3o tem parque de autom\u00f3veis! Est\u00e3o a brincar com este povo\u2026<\/p>\n<p>Eu tenho dinheiro, n\u00e3o escondo nada. Porque sou trabalhador. Fui considerado o maior exportador de caj\u00fa de todos os tempos da hist\u00f3ria da \u00c1frica. Consegui exportar 25 mil toneladas de caj\u00fa nesta terra. Eu n\u00e3o falo, porque quando falo, digo as coisas conforme elas s\u00e3o.<\/p>\n<p><strong>\u00a0<\/strong><\/p>\n<p><strong>OD: O Braima Camar\u00e1 estaria por detr\u00e1s de regresso de Carlos Gomes J\u00fanior como uma das formas de bloquear a dire\u00e7\u00e3o de Domingos Sim\u00f5es Pereira?<\/strong><\/p>\n<p><strong>BC: <\/strong>N\u00e3o. Isso n\u00e3o corresponde \u00e0 verdade. \u00c9 bom que se saiba que o Carlos Gomes J\u00fanior nunca apoiou Braima Camar\u00e1. O Braima Camar\u00e1 sempre apoiou Carlos Gomes J\u00fanior. E devem saber que Carlos Gomes J\u00fanior foi um dos respons\u00e1veis pela vit\u00f3ria de Domingos Sim\u00f5es Pereira no congresso de Cacheu. Eu n\u00e3o odeio Carlos Gomes J\u00fanior por isso. Para mim a pol\u00edtica n\u00e3o \u00e9 um combate de vida ou morte, porque n\u00e3o vivo da pol\u00edtica.\u00a0\u00a0 <strong>\u00a0\u00a0<\/strong><\/p>\n<p>Estou a apoiar uma iniciativa na minha regi\u00e3o (Bafat\u00e1), de reabilita\u00e7\u00e3o das vias urbanas da cidade que vai custar-me 47 milh\u00f5es de francos CFA. Entreguei uma garantia banc\u00e1ria no BAO para obter o dinheiro e fazer a obra. Imaginem quanto \u00e9 que um deputado ganha! Eu gosto deste pa\u00eds e por isso estou a investir o meu dinheiro aqui.<\/p>\n<p><strong>OD: J\u00e1 est\u00e1 a preparar para a campanha eleitoral com essas iniciativas?<\/strong><\/p>\n<p><strong>BC: <\/strong>Nada! Estou apenas a servir o meu pa\u00eds. J\u00e1 servi a capital Bissau e fiz v\u00e1rias constru\u00e7\u00f5es aqui. \u00c9 chegada a hora de fazer alguma coisa para a minha regi\u00e3o. Vou instalar uma f\u00e1brica de gelo para ajudar as mulheres vendedoras e fazer outros investimentos. <strong>\u00a0<\/strong><\/p>\n<p><strong>OD: Qual \u00e9 a sua rela\u00e7\u00e3o neste momento com o Carlos Gomes J\u00fanior?<\/strong><\/p>\n<p><strong>BC: <\/strong>Maravilhosa e espetacular. Eu n\u00e3o tenho problemas com ningu\u00e9m e procuro estabelecer um bom relacionamento com toda a gente. <strong>\u00a0<\/strong><\/p>\n<p><strong>OD:<\/strong> <strong>Diz-se que influenciou muito o Presidente JOMAV para nomear\u00a0Umaro\u00a0Sissoco. Diz-se que indicou v\u00e1rios nomes para o Governo<\/strong><strong>\u00a0de Sissoco. Em\u00a0troca recebia &#8220;cadeau &#8211; prendas. Quer fazer um coment\u00e1rio sobre\u00a0isso?<\/strong><\/p>\n<p><strong>BC:<\/strong> Essas informa\u00e7\u00f5es s\u00e3o todas falsas. N\u00e3o correspondem \u00e0 verdade. Quem colocou Umaro Sissoco Embal\u00f3 no cargo de Primeiro-ministro foi o Presidente da Rep\u00fablica, Jos\u00e9 M\u00e1rio Vaz.<\/p>\n<p>Voc\u00eas s\u00e3o da imprensa podem rever a primeira entrevista de Umaro Sissoco Embal\u00f3, onde diz que ele deve uma vida ao Jos\u00e9 M\u00e1rio Vaz, sendo a \u00fanica pessoa com quem tem uma d\u00edvida eterna neste mundo. Portanto, tudo est\u00e1 claro que n\u00e3o fui eu a influenciar a sua nomea\u00e7\u00e3o.<\/p>\n<p><strong>OD:<\/strong> <strong>Braima Camar\u00e1, olhando para o PAIGC e tentando abstrair-se um pouco, quais s\u00e3o as figuras que acha que podem concorrer \u00e0s pr\u00f3ximas elei\u00e7\u00f5es presidenciais no PAIGC?<\/strong><\/p>\n<p><strong>BC:<\/strong> \u00c9 com muita tristeza e enormes dificuldades que abordo a atual dire\u00e7\u00e3o do PAIGC, que foi destru\u00edda por Domingos Sim\u00f5es Pereira. Hoje n\u00e3o h\u00e1 uma figura emblem\u00e1tica dentro do partido! N\u00e3o h\u00e1 uma figura carism\u00e1tica na dire\u00e7\u00e3o do partido. Quem \u00e9 o l\u00edder ou a figura carism\u00e1tica que arrasta as pessoas dentro do partido? Uma pessoa que toda agente aceita e sem animosidades?\u2026<\/p>\n<p>Cipriano Cassam\u00e1 algum dia como o Presidente da Rep\u00fablica?! Cipriano? Nem sequer chegaria a um por cento de votos. Bom, no atual estatuto do PAIGC, \u00e9 o Domingos quem vai indicar o nome de quem ser\u00e1 candidato do partido \u00e0s elei\u00e7\u00f5es\u2026se Domingos n\u00e3o concordar com o nome de uma pessoa, ent\u00e3o ela n\u00e3o ser\u00e1 membro do governo. Sem a indica\u00e7\u00e3o dele, voc\u00ea n\u00e3o ser\u00e1 cabe\u00e7a de lista para o cargo do deputado na lista do PAIGC.<\/p>\n<p>Domingos Sim\u00f5es Pereira \u00e9 o novo dono do PAIGC, ele conseguiu ter o poder que nem tinha o \u201cNino\u201d Vieira, que era chefe da guerra. Algum dia se viu a Isabel Vieira no partido ou assumir alguma fun\u00e7\u00e3o ou os irm\u00e3os e primos dele?! E Domingos colocou o irm\u00e3o, a mulher, a cunhada e a \u201ccasa dois\u201d, todos nas estruturas do PAIGC. Acha que eu, Braima Camar\u00e1, vou apadrinhar isso?<\/p>\n<p>Eu tenho que morrer em paz. Para morrer em paz tenho que defender as minhas convic\u00e7\u00f5es e os valores em que eu acredito. O que est\u00e1 no PAIGC neste momento \u00e9 uma salada russa\u2026<\/p>\n<p><strong>OD: Como viu o presidium do partido?<\/strong><\/p>\n<p><strong>BC:<\/strong> Um fiasco!<\/p>\n<p>&nbsp;<\/p>\n<p>&nbsp;<\/p>\n<p><strong>Por: Assana Samb\u00fa, Ant\u00f3nio Nhaga e Sene Camar\u00e1\u00a0 <\/strong><\/p>\n<p style=\"text-align: left\"><strong>FIM <\/strong>[segunda e \u00fbltima parte da entrevista realizada em fevereiro 2018\u00a0 &#8211; O DEMOCRATA]<\/p>\n<p>&nbsp;<\/p>\n<p><strong>\u00a0<\/strong><\/p>\n<p><strong>\u00a0<\/strong><\/p>\n<p><strong>\u00a0<\/strong><\/p>\n<p><strong>\u00a0<\/strong>\u00a0<strong>\u00a0<\/strong><\/p>\n<p>&nbsp;<\/p>\n<p>&nbsp;<\/p>\n","protected":false},"excerpt":{"rendered":"<p>[ENTREVISTA 2\/2] O Coordenador do Grupo dos 15 deputados expulsos da fileira do Partido Africado da Independ\u00eancia da Guin\u00e9 e&#8230;<\/p>\n","protected":false},"author":4,"featured_media":16010,"comment_status":"open","ping_status":"open","sticky":false,"template":"","format":"standard","meta":{"footnotes":""},"categories":[6,7],"tags":[],"class_list":["post-16078","post","type-post","status-publish","format-standard","has-post-thumbnail","hentry","category-inicio","category-politica","wpcat-6-id","wpcat-7-id"],"yoast_head":"<!-- This site is optimized with the Yoast SEO plugin v27.5 - https:\/\/yoast.com\/product\/yoast-seo-wordpress\/ -->\n<title>Braima Camar\u00e1: &quot;RESGATE FINANCEIRO \u00c9 OPERA\u00c7\u00c3O MAIS CORRUPTA DESTE PA\u00cdS COMETIDO POR DOMINGOS SIM\u00d5ES PEREIRA&quot; - O Democrata GB<\/title>\n<meta name=\"robots\" content=\"index, follow, max-snippet:-1, max-image-preview:large, max-video-preview:-1\" \/>\n<link rel=\"canonical\" href=\"https:\/\/www.odemocratagb.com\/?p=16078\" \/>\n<meta property=\"og:locale\" content=\"pt_BR\" \/>\n<meta property=\"og:type\" content=\"article\" \/>\n<meta property=\"og:title\" content=\"Braima Camar\u00e1: &quot;RESGATE FINANCEIRO \u00c9 OPERA\u00c7\u00c3O MAIS CORRUPTA DESTE PA\u00cdS COMETIDO POR DOMINGOS SIM\u00d5ES PEREIRA&quot; - O Democrata GB\" \/>\n<meta property=\"og:description\" content=\"[ENTREVISTA 2\/2] O Coordenador do Grupo dos 15 deputados expulsos da fileira do Partido Africado da Independ\u00eancia da Guin\u00e9 e...\" \/>\n<meta property=\"og:url\" content=\"https:\/\/www.odemocratagb.com\/?p=16078\" \/>\n<meta property=\"og:site_name\" content=\"O Democrata GB\" \/>\n<meta property=\"article:publisher\" content=\"https:\/\/www.facebook.com\/jornaldaguinebissau\" \/>\n<meta property=\"article:published_time\" content=\"2018-03-08T09:43:01+00:00\" \/>\n<meta property=\"article:modified_time\" content=\"2018-03-08T09:43:28+00:00\" \/>\n<meta property=\"og:image\" content=\"https:\/\/www.odemocratagb.com\/wp-content\/uploads\/2018\/03\/Braima-Camar\u00e1-Coordenador-do-Grupo-15-1.jpg\" \/>\n\t<meta property=\"og:image:width\" content=\"2927\" \/>\n\t<meta property=\"og:image:height\" content=\"2448\" \/>\n\t<meta property=\"og:image:type\" content=\"image\/jpeg\" \/>\n<meta name=\"author\" content=\"Jornal Odemocrata\" \/>\n<meta name=\"twitter:card\" content=\"summary_large_image\" \/>\n<meta name=\"twitter:label1\" content=\"Escrito por\" \/>\n\t<meta name=\"twitter:data1\" content=\"Jornal Odemocrata\" \/>\n\t<meta name=\"twitter:label2\" content=\"Est. tempo de leitura\" \/>\n\t<meta name=\"twitter:data2\" content=\"27 minutos\" \/>\n<script type=\"application\/ld+json\" class=\"yoast-schema-graph\">{\"@context\":\"https:\\\/\\\/schema.org\",\"@graph\":[{\"@type\":\"Article\",\"@id\":\"https:\\\/\\\/www.odemocratagb.com\\\/?p=16078#article\",\"isPartOf\":{\"@id\":\"https:\\\/\\\/www.odemocratagb.com\\\/?p=16078\"},\"author\":{\"name\":\"Jornal Odemocrata\",\"@id\":\"https:\\\/\\\/www.odemocratagb.com\\\/#\\\/schema\\\/person\\\/c5e683adeaf9b557e57cf1a8a591b0c0\"},\"headline\":\"Braima Camar\u00e1: &#8220;RESGATE FINANCEIRO \u00c9 OPERA\u00c7\u00c3O MAIS CORRUPTA DESTE PA\u00cdS COMETIDO POR DOMINGOS SIM\u00d5ES PEREIRA&#8221;\",\"datePublished\":\"2018-03-08T09:43:01+00:00\",\"dateModified\":\"2018-03-08T09:43:28+00:00\",\"mainEntityOfPage\":{\"@id\":\"https:\\\/\\\/www.odemocratagb.com\\\/?p=16078\"},\"wordCount\":5447,\"commentCount\":5,\"publisher\":{\"@id\":\"https:\\\/\\\/www.odemocratagb.com\\\/#organization\"},\"image\":{\"@id\":\"https:\\\/\\\/www.odemocratagb.com\\\/?p=16078#primaryimage\"},\"thumbnailUrl\":\"https:\\\/\\\/www.odemocratagb.com\\\/wp-content\\\/uploads\\\/2018\\\/03\\\/Braima-Camar\u00e1-Coordenador-do-Grupo-15-1.jpg\",\"articleSection\":[\"Atualidade\",\"Pol\u00edtica\"],\"inLanguage\":\"pt-BR\",\"potentialAction\":[{\"@type\":\"CommentAction\",\"name\":\"Comment\",\"target\":[\"https:\\\/\\\/www.odemocratagb.com\\\/?p=16078#respond\"]}]},{\"@type\":\"WebPage\",\"@id\":\"https:\\\/\\\/www.odemocratagb.com\\\/?p=16078\",\"url\":\"https:\\\/\\\/www.odemocratagb.com\\\/?p=16078\",\"name\":\"Braima Camar\u00e1: \\\"RESGATE FINANCEIRO \u00c9 OPERA\u00c7\u00c3O MAIS CORRUPTA DESTE PA\u00cdS COMETIDO POR DOMINGOS SIM\u00d5ES PEREIRA\\\" - O Democrata GB\",\"isPartOf\":{\"@id\":\"https:\\\/\\\/www.odemocratagb.com\\\/#website\"},\"primaryImageOfPage\":{\"@id\":\"https:\\\/\\\/www.odemocratagb.com\\\/?p=16078#primaryimage\"},\"image\":{\"@id\":\"https:\\\/\\\/www.odemocratagb.com\\\/?p=16078#primaryimage\"},\"thumbnailUrl\":\"https:\\\/\\\/www.odemocratagb.com\\\/wp-content\\\/uploads\\\/2018\\\/03\\\/Braima-Camar\u00e1-Coordenador-do-Grupo-15-1.jpg\",\"datePublished\":\"2018-03-08T09:43:01+00:00\",\"dateModified\":\"2018-03-08T09:43:28+00:00\",\"breadcrumb\":{\"@id\":\"https:\\\/\\\/www.odemocratagb.com\\\/?p=16078#breadcrumb\"},\"inLanguage\":\"pt-BR\",\"potentialAction\":[{\"@type\":\"ReadAction\",\"target\":[\"https:\\\/\\\/www.odemocratagb.com\\\/?p=16078\"]}]},{\"@type\":\"ImageObject\",\"inLanguage\":\"pt-BR\",\"@id\":\"https:\\\/\\\/www.odemocratagb.com\\\/?p=16078#primaryimage\",\"url\":\"https:\\\/\\\/www.odemocratagb.com\\\/wp-content\\\/uploads\\\/2018\\\/03\\\/Braima-Camar\u00e1-Coordenador-do-Grupo-15-1.jpg\",\"contentUrl\":\"https:\\\/\\\/www.odemocratagb.com\\\/wp-content\\\/uploads\\\/2018\\\/03\\\/Braima-Camar\u00e1-Coordenador-do-Grupo-15-1.jpg\",\"width\":2927,\"height\":2448},{\"@type\":\"BreadcrumbList\",\"@id\":\"https:\\\/\\\/www.odemocratagb.com\\\/?p=16078#breadcrumb\",\"itemListElement\":[{\"@type\":\"ListItem\",\"position\":1,\"name\":\"In\u00edcio\",\"item\":\"https:\\\/\\\/www.odemocratagb.com\\\/\"},{\"@type\":\"ListItem\",\"position\":2,\"name\":\"Braima Camar\u00e1: &#8220;RESGATE FINANCEIRO \u00c9 OPERA\u00c7\u00c3O MAIS CORRUPTA DESTE PA\u00cdS COMETIDO POR DOMINGOS SIM\u00d5ES PEREIRA&#8221;\"}]},{\"@type\":\"WebSite\",\"@id\":\"https:\\\/\\\/www.odemocratagb.com\\\/#website\",\"url\":\"https:\\\/\\\/www.odemocratagb.com\\\/\",\"name\":\"O Democrata GB\",\"description\":\"Jornal O Democrata GB\",\"publisher\":{\"@id\":\"https:\\\/\\\/www.odemocratagb.com\\\/#organization\"},\"potentialAction\":[{\"@type\":\"SearchAction\",\"target\":{\"@type\":\"EntryPoint\",\"urlTemplate\":\"https:\\\/\\\/www.odemocratagb.com\\\/?s={search_term_string}\"},\"query-input\":{\"@type\":\"PropertyValueSpecification\",\"valueRequired\":true,\"valueName\":\"search_term_string\"}}],\"inLanguage\":\"pt-BR\"},{\"@type\":\"Organization\",\"@id\":\"https:\\\/\\\/www.odemocratagb.com\\\/#organization\",\"name\":\"O Democrata GB\",\"url\":\"https:\\\/\\\/www.odemocratagb.com\\\/\",\"logo\":{\"@type\":\"ImageObject\",\"inLanguage\":\"pt-BR\",\"@id\":\"https:\\\/\\\/www.odemocratagb.com\\\/#\\\/schema\\\/logo\\\/image\\\/\",\"url\":\"https:\\\/\\\/www.odemocratagb.com\\\/wp-content\\\/uploads\\\/2026\\\/04\\\/logo-odemocratagb.png\",\"contentUrl\":\"https:\\\/\\\/www.odemocratagb.com\\\/wp-content\\\/uploads\\\/2026\\\/04\\\/logo-odemocratagb.png\",\"width\":1250,\"height\":327,\"caption\":\"O Democrata GB\"},\"image\":{\"@id\":\"https:\\\/\\\/www.odemocratagb.com\\\/#\\\/schema\\\/logo\\\/image\\\/\"},\"sameAs\":[\"https:\\\/\\\/www.facebook.com\\\/jornaldaguinebissau\",\"https:\\\/\\\/www.instagram.com\\\/odemocratagb\"]},{\"@type\":\"Person\",\"@id\":\"https:\\\/\\\/www.odemocratagb.com\\\/#\\\/schema\\\/person\\\/c5e683adeaf9b557e57cf1a8a591b0c0\",\"name\":\"Jornal Odemocrata\",\"image\":{\"@type\":\"ImageObject\",\"inLanguage\":\"pt-BR\",\"@id\":\"https:\\\/\\\/secure.gravatar.com\\\/avatar\\\/09cb6b76eee5612f7cfca9e0089e2f17141d417bd034905eee842945c87fd87f?s=96&d=mm&r=g\",\"url\":\"https:\\\/\\\/secure.gravatar.com\\\/avatar\\\/09cb6b76eee5612f7cfca9e0089e2f17141d417bd034905eee842945c87fd87f?s=96&d=mm&r=g\",\"contentUrl\":\"https:\\\/\\\/secure.gravatar.com\\\/avatar\\\/09cb6b76eee5612f7cfca9e0089e2f17141d417bd034905eee842945c87fd87f?s=96&d=mm&r=g\",\"caption\":\"Jornal Odemocrata\"},\"sameAs\":[\"http:\\\/\\\/odemocratagb.com\"],\"url\":\"https:\\\/\\\/www.odemocratagb.com\\\/?author=4\"}]}<\/script>\n<!-- \/ Yoast SEO plugin. -->","yoast_head_json":{"title":"Braima Camar\u00e1: \"RESGATE FINANCEIRO \u00c9 OPERA\u00c7\u00c3O MAIS CORRUPTA DESTE PA\u00cdS COMETIDO POR DOMINGOS SIM\u00d5ES PEREIRA\" - O Democrata GB","robots":{"index":"index","follow":"follow","max-snippet":"max-snippet:-1","max-image-preview":"max-image-preview:large","max-video-preview":"max-video-preview:-1"},"canonical":"https:\/\/www.odemocratagb.com\/?p=16078","og_locale":"pt_BR","og_type":"article","og_title":"Braima Camar\u00e1: \"RESGATE FINANCEIRO \u00c9 OPERA\u00c7\u00c3O MAIS CORRUPTA DESTE PA\u00cdS COMETIDO POR DOMINGOS SIM\u00d5ES PEREIRA\" - O Democrata GB","og_description":"[ENTREVISTA 2\/2] O Coordenador do Grupo dos 15 deputados expulsos da fileira do Partido Africado da Independ\u00eancia da Guin\u00e9 e...","og_url":"https:\/\/www.odemocratagb.com\/?p=16078","og_site_name":"O Democrata GB","article_publisher":"https:\/\/www.facebook.com\/jornaldaguinebissau","article_published_time":"2018-03-08T09:43:01+00:00","article_modified_time":"2018-03-08T09:43:28+00:00","og_image":[{"width":2927,"height":2448,"url":"https:\/\/www.odemocratagb.com\/wp-content\/uploads\/2018\/03\/Braima-Camar\u00e1-Coordenador-do-Grupo-15-1.jpg","type":"image\/jpeg"}],"author":"Jornal Odemocrata","twitter_card":"summary_large_image","twitter_misc":{"Escrito por":"Jornal Odemocrata","Est. tempo de leitura":"27 minutos"},"schema":{"@context":"https:\/\/schema.org","@graph":[{"@type":"Article","@id":"https:\/\/www.odemocratagb.com\/?p=16078#article","isPartOf":{"@id":"https:\/\/www.odemocratagb.com\/?p=16078"},"author":{"name":"Jornal Odemocrata","@id":"https:\/\/www.odemocratagb.com\/#\/schema\/person\/c5e683adeaf9b557e57cf1a8a591b0c0"},"headline":"Braima Camar\u00e1: &#8220;RESGATE FINANCEIRO \u00c9 OPERA\u00c7\u00c3O MAIS CORRUPTA DESTE PA\u00cdS COMETIDO POR DOMINGOS SIM\u00d5ES PEREIRA&#8221;","datePublished":"2018-03-08T09:43:01+00:00","dateModified":"2018-03-08T09:43:28+00:00","mainEntityOfPage":{"@id":"https:\/\/www.odemocratagb.com\/?p=16078"},"wordCount":5447,"commentCount":5,"publisher":{"@id":"https:\/\/www.odemocratagb.com\/#organization"},"image":{"@id":"https:\/\/www.odemocratagb.com\/?p=16078#primaryimage"},"thumbnailUrl":"https:\/\/www.odemocratagb.com\/wp-content\/uploads\/2018\/03\/Braima-Camar\u00e1-Coordenador-do-Grupo-15-1.jpg","articleSection":["Atualidade","Pol\u00edtica"],"inLanguage":"pt-BR","potentialAction":[{"@type":"CommentAction","name":"Comment","target":["https:\/\/www.odemocratagb.com\/?p=16078#respond"]}]},{"@type":"WebPage","@id":"https:\/\/www.odemocratagb.com\/?p=16078","url":"https:\/\/www.odemocratagb.com\/?p=16078","name":"Braima Camar\u00e1: \"RESGATE FINANCEIRO \u00c9 OPERA\u00c7\u00c3O MAIS CORRUPTA DESTE PA\u00cdS COMETIDO POR DOMINGOS SIM\u00d5ES PEREIRA\" - O Democrata GB","isPartOf":{"@id":"https:\/\/www.odemocratagb.com\/#website"},"primaryImageOfPage":{"@id":"https:\/\/www.odemocratagb.com\/?p=16078#primaryimage"},"image":{"@id":"https:\/\/www.odemocratagb.com\/?p=16078#primaryimage"},"thumbnailUrl":"https:\/\/www.odemocratagb.com\/wp-content\/uploads\/2018\/03\/Braima-Camar\u00e1-Coordenador-do-Grupo-15-1.jpg","datePublished":"2018-03-08T09:43:01+00:00","dateModified":"2018-03-08T09:43:28+00:00","breadcrumb":{"@id":"https:\/\/www.odemocratagb.com\/?p=16078#breadcrumb"},"inLanguage":"pt-BR","potentialAction":[{"@type":"ReadAction","target":["https:\/\/www.odemocratagb.com\/?p=16078"]}]},{"@type":"ImageObject","inLanguage":"pt-BR","@id":"https:\/\/www.odemocratagb.com\/?p=16078#primaryimage","url":"https:\/\/www.odemocratagb.com\/wp-content\/uploads\/2018\/03\/Braima-Camar\u00e1-Coordenador-do-Grupo-15-1.jpg","contentUrl":"https:\/\/www.odemocratagb.com\/wp-content\/uploads\/2018\/03\/Braima-Camar\u00e1-Coordenador-do-Grupo-15-1.jpg","width":2927,"height":2448},{"@type":"BreadcrumbList","@id":"https:\/\/www.odemocratagb.com\/?p=16078#breadcrumb","itemListElement":[{"@type":"ListItem","position":1,"name":"In\u00edcio","item":"https:\/\/www.odemocratagb.com\/"},{"@type":"ListItem","position":2,"name":"Braima Camar\u00e1: &#8220;RESGATE FINANCEIRO \u00c9 OPERA\u00c7\u00c3O MAIS CORRUPTA DESTE PA\u00cdS COMETIDO POR DOMINGOS SIM\u00d5ES PEREIRA&#8221;"}]},{"@type":"WebSite","@id":"https:\/\/www.odemocratagb.com\/#website","url":"https:\/\/www.odemocratagb.com\/","name":"O Democrata GB","description":"Jornal O Democrata GB","publisher":{"@id":"https:\/\/www.odemocratagb.com\/#organization"},"potentialAction":[{"@type":"SearchAction","target":{"@type":"EntryPoint","urlTemplate":"https:\/\/www.odemocratagb.com\/?s={search_term_string}"},"query-input":{"@type":"PropertyValueSpecification","valueRequired":true,"valueName":"search_term_string"}}],"inLanguage":"pt-BR"},{"@type":"Organization","@id":"https:\/\/www.odemocratagb.com\/#organization","name":"O Democrata GB","url":"https:\/\/www.odemocratagb.com\/","logo":{"@type":"ImageObject","inLanguage":"pt-BR","@id":"https:\/\/www.odemocratagb.com\/#\/schema\/logo\/image\/","url":"https:\/\/www.odemocratagb.com\/wp-content\/uploads\/2026\/04\/logo-odemocratagb.png","contentUrl":"https:\/\/www.odemocratagb.com\/wp-content\/uploads\/2026\/04\/logo-odemocratagb.png","width":1250,"height":327,"caption":"O Democrata GB"},"image":{"@id":"https:\/\/www.odemocratagb.com\/#\/schema\/logo\/image\/"},"sameAs":["https:\/\/www.facebook.com\/jornaldaguinebissau","https:\/\/www.instagram.com\/odemocratagb"]},{"@type":"Person","@id":"https:\/\/www.odemocratagb.com\/#\/schema\/person\/c5e683adeaf9b557e57cf1a8a591b0c0","name":"Jornal Odemocrata","image":{"@type":"ImageObject","inLanguage":"pt-BR","@id":"https:\/\/secure.gravatar.com\/avatar\/09cb6b76eee5612f7cfca9e0089e2f17141d417bd034905eee842945c87fd87f?s=96&d=mm&r=g","url":"https:\/\/secure.gravatar.com\/avatar\/09cb6b76eee5612f7cfca9e0089e2f17141d417bd034905eee842945c87fd87f?s=96&d=mm&r=g","contentUrl":"https:\/\/secure.gravatar.com\/avatar\/09cb6b76eee5612f7cfca9e0089e2f17141d417bd034905eee842945c87fd87f?s=96&d=mm&r=g","caption":"Jornal Odemocrata"},"sameAs":["http:\/\/odemocratagb.com"],"url":"https:\/\/www.odemocratagb.com\/?author=4"}]}},"_links":{"self":[{"href":"https:\/\/www.odemocratagb.com\/index.php?rest_route=\/wp\/v2\/posts\/16078","targetHints":{"allow":["GET"]}}],"collection":[{"href":"https:\/\/www.odemocratagb.com\/index.php?rest_route=\/wp\/v2\/posts"}],"about":[{"href":"https:\/\/www.odemocratagb.com\/index.php?rest_route=\/wp\/v2\/types\/post"}],"author":[{"embeddable":true,"href":"https:\/\/www.odemocratagb.com\/index.php?rest_route=\/wp\/v2\/users\/4"}],"replies":[{"embeddable":true,"href":"https:\/\/www.odemocratagb.com\/index.php?rest_route=%2Fwp%2Fv2%2Fcomments&post=16078"}],"version-history":[{"count":2,"href":"https:\/\/www.odemocratagb.com\/index.php?rest_route=\/wp\/v2\/posts\/16078\/revisions"}],"predecessor-version":[{"id":16080,"href":"https:\/\/www.odemocratagb.com\/index.php?rest_route=\/wp\/v2\/posts\/16078\/revisions\/16080"}],"wp:featuredmedia":[{"embeddable":true,"href":"https:\/\/www.odemocratagb.com\/index.php?rest_route=\/wp\/v2\/media\/16010"}],"wp:attachment":[{"href":"https:\/\/www.odemocratagb.com\/index.php?rest_route=%2Fwp%2Fv2%2Fmedia&parent=16078"}],"wp:term":[{"taxonomy":"category","embeddable":true,"href":"https:\/\/www.odemocratagb.com\/index.php?rest_route=%2Fwp%2Fv2%2Fcategories&post=16078"},{"taxonomy":"post_tag","embeddable":true,"href":"https:\/\/www.odemocratagb.com\/index.php?rest_route=%2Fwp%2Fv2%2Ftags&post=16078"}],"curies":[{"name":"wp","href":"https:\/\/api.w.org\/{rel}","templated":true}]}}