{"id":17536,"date":"2018-07-05T21:08:27","date_gmt":"2018-07-05T21:08:27","guid":{"rendered":"http:\/\/www.odemocratagb.com\/?p=17536"},"modified":"2018-07-05T21:08:27","modified_gmt":"2018-07-05T21:08:27","slug":"presidente-sociedade-civil-povo-nao-deve-permitir-que-titulares-dos-orgaos-de-soberania-usem-imprensa-para-tratar-assuntos-de-estado","status":"publish","type":"post","link":"https:\/\/www.odemocratagb.com\/?p=17536","title":{"rendered":"Presidente Sociedade Civil: \u201cPOVO N\u00c3O DEVE PERMITIR QUE TITULARES DOS \u00d3RG\u00c3OS DE SOBERANIA USEM  IMPRENSA PARA TRATAR ASSUNTOS DE ESTADO\u201d"},"content":{"rendered":"<p class=\"s3\"><span lang=\"PT\">O presidente do Movimento da Sociedade Civil, Fod\u00e9 Caramba Sanh\u00e1, afirmou esta quinta-feira, 05 de julho 2018, que os guineenses n\u00e3o devem permitir que os titulares dos \u00f3rg\u00e3os da soberania usem a comunica\u00e7\u00e3o social para tratamento dos assuntos de Estado.<\/span><\/p>\n<p><span lang=\"PT\">No opini\u00e3o do l\u00edder do Movimento da Sociedade Civil guineense, os assuntos ligado \u00e0 gest\u00e3o de Estado devem ser resolvidos administrativa e diplomaticamente.<\/span><\/p>\n<p><span lang=\"PT\">Em rea\u00e7\u00e3o \u00e0s recentes trocas de correspond\u00eancias entre os titulares dos \u00f3rg\u00e3os da soberania, nomeadamente a Assembleia Nacional Popular, a Procuradoria Geral da Rep\u00fablica.<\/span><\/p>\n<p><span lang=\"PT\">Ap\u00f3s um encontro hoje no Pal\u00e1cio de Justi\u00e7a com o Procurador Geral da Rep\u00fablica, Fod\u00e9 Caramba Sanh\u00e1 afirmou que os \u00faltimos acontecimentos p\u00f5em em causa o Estado da Guin\u00e9-Bissau.<\/span><\/p>\n<p><span lang=\"PT\">\u201cNos \u00faltimos tempos, assistimos nos \u00f3rg\u00e3os da comunica\u00e7\u00e3o social e blogs troca de correspond\u00eancias entre ANP e PGR sobre pedido de levantamento de imunidade a alguns deputados da na\u00e7\u00e3o, entre os quais figura o l\u00edder do PAIGC. Achamos que essa troca de correspond\u00eancias entre as duas institui\u00e7\u00f5es nos \u00f3rg\u00e3os da comunica\u00e7\u00e3o social pode provocar uma crise no relacionamento que acabar\u00e1 por fragilizar ainda mais a sociedade guineense, raz\u00e3o pela qual come\u00e7amos este encontro com Procurador e seguiremos para a ANP, no sentido de cada institui\u00e7\u00e3o assumir a sua responsabilidade para com o Estado guineense\u201d, notou Fod\u00e9 Caramba Sanh\u00e1.<\/span><\/p>\n<p><span lang=\"PT\">O presidente do Movimento Nacional da Sociedade Civil para a Paz, Democracia e Desenvolvimento disse ter recebido garantias do Procurador em como as correspond\u00eancias tenham sido tratadas de forma administrativa com a ANP. Segundo Sanh\u00e1, o Procurador Bacari Biai alegou ter agido em resposta ao comunicado da Comiss\u00e3o Permanente da ANP.<\/span><\/p>\n<p><span lang=\"PT\">Em rela\u00e7\u00e3o \u00e0 quarta ronda de greve na fun\u00e7\u00e3o p\u00fablica decretada pela Uni\u00e3o Nacional dos Trabalhadores da Guin\u00e9 (UNTG), Fod\u00e9 Caramba Sanh\u00e1 disse que a organiza\u00e7\u00e3o que dirige est\u00e1 bastante preocupada com comportamento do governo em particular, atitude do Primeiro-ministro sobre a paralisa\u00e7\u00e3o na fun\u00e7\u00e3o p\u00fablica.<\/span><\/p>\n<p><span lang=\"PT\">\u201cSabemos que greve \u00e9 um direito adquirido, sendo assim, o Chefe do governo deve assumir a sua responsabilidade e n\u00e3o banalizar o assunto. Temos estado a assistir a banaliza\u00e7\u00e3o da responsabilidade do Primeiro-ministro sobre as posi\u00e7\u00f5es que est\u00e1 a tomar tanto em rela\u00e7\u00e3o \u00e0 greve como no tratamento de certos assuntos de Estado. Portanto, queremos pedir ao Aristides Gomes para se sentar \u00e0 mesma mesa com a Central Sindical a fim de procurar uma solu\u00e7\u00e3o definitiva \u00e0 greve\u201d, exortou Fod\u00e9 Caramba Sanh\u00e1.<\/span><\/p>\n<p><span lang=\"PT\">\u00a0<\/span><\/p>\n<p><span lang=\"PT\">\u00a0<\/span><\/p>\n<p><span lang=\"PT\">\u00a0<\/span><\/p>\n<p>Por: Aguinaldo Ampa<\/p>\n<p>Foto: AA<\/p>\n","protected":false},"excerpt":{"rendered":"<p>O presidente do Movimento da Sociedade Civil, Fod\u00e9 Caramba Sanh\u00e1, afirmou esta quinta-feira, 05 de julho 2018, que os guineenses&#8230;<\/p>\n","protected":false},"author":4,"featured_media":17532,"comment_status":"open","ping_status":"open","sticky":false,"template":"","format":"standard","meta":{"footnotes":""},"categories":[6,16],"tags":[],"class_list":["post-17536","post","type-post","status-publish","format-standard","has-post-thumbnail","hentry","category-inicio","category-sociedade","wpcat-6-id","wpcat-16-id"],"yoast_head":"<!-- This site is optimized with the Yoast SEO plugin v27.5 - https:\/\/yoast.com\/product\/yoast-seo-wordpress\/ -->\n<title>Presidente Sociedade Civil: \u201cPOVO N\u00c3O DEVE PERMITIR QUE TITULARES DOS \u00d3RG\u00c3OS DE SOBERANIA USEM IMPRENSA PARA TRATAR ASSUNTOS DE ESTADO\u201d - O Democrata GB<\/title>\n<meta name=\"robots\" content=\"index, follow, max-snippet:-1, max-image-preview:large, max-video-preview:-1\" \/>\n<link rel=\"canonical\" href=\"https:\/\/www.odemocratagb.com\/?p=17536\" \/>\n<meta property=\"og:locale\" content=\"pt_BR\" \/>\n<meta property=\"og:type\" content=\"article\" \/>\n<meta property=\"og:title\" content=\"Presidente Sociedade Civil: \u201cPOVO N\u00c3O DEVE PERMITIR QUE TITULARES DOS \u00d3RG\u00c3OS DE SOBERANIA USEM IMPRENSA PARA TRATAR ASSUNTOS DE ESTADO\u201d - O Democrata GB\" \/>\n<meta property=\"og:description\" content=\"O presidente do Movimento da Sociedade Civil, Fod\u00e9 Caramba Sanh\u00e1, afirmou esta quinta-feira, 05 de julho 2018, que os guineenses...\" \/>\n<meta property=\"og:url\" content=\"https:\/\/www.odemocratagb.com\/?p=17536\" \/>\n<meta property=\"og:site_name\" content=\"O Democrata GB\" \/>\n<meta property=\"article:publisher\" content=\"https:\/\/www.facebook.com\/jornaldaguinebissau\" \/>\n<meta property=\"article:published_time\" content=\"2018-07-05T21:08:27+00:00\" \/>\n<meta property=\"og:image\" content=\"https:\/\/www.odemocratagb.com\/wp-content\/uploads\/2018\/07\/8A7D6218-2AD3-4B6A-A199-6F3497035BD1-1024x684.jpeg\" \/>\n\t<meta property=\"og:image:width\" content=\"1024\" \/>\n\t<meta property=\"og:image:height\" content=\"684\" \/>\n\t<meta property=\"og:image:type\" content=\"image\/jpeg\" \/>\n<meta name=\"author\" content=\"Jornal Odemocrata\" \/>\n<meta name=\"twitter:card\" content=\"summary_large_image\" \/>\n<meta name=\"twitter:label1\" content=\"Escrito por\" \/>\n\t<meta name=\"twitter:data1\" content=\"Jornal Odemocrata\" \/>\n\t<meta name=\"twitter:label2\" content=\"Est. tempo de leitura\" \/>\n\t<meta name=\"twitter:data2\" content=\"2 minutos\" \/>\n<script type=\"application\/ld+json\" class=\"yoast-schema-graph\">{\"@context\":\"https:\\\/\\\/schema.org\",\"@graph\":[{\"@type\":\"Article\",\"@id\":\"https:\\\/\\\/www.odemocratagb.com\\\/?p=17536#article\",\"isPartOf\":{\"@id\":\"https:\\\/\\\/www.odemocratagb.com\\\/?p=17536\"},\"author\":{\"name\":\"Jornal Odemocrata\",\"@id\":\"https:\\\/\\\/www.odemocratagb.com\\\/#\\\/schema\\\/person\\\/c5e683adeaf9b557e57cf1a8a591b0c0\"},\"headline\":\"Presidente Sociedade Civil: \u201cPOVO N\u00c3O DEVE PERMITIR QUE TITULARES DOS \u00d3RG\u00c3OS DE SOBERANIA USEM IMPRENSA PARA TRATAR ASSUNTOS DE ESTADO\u201d\",\"datePublished\":\"2018-07-05T21:08:27+00:00\",\"mainEntityOfPage\":{\"@id\":\"https:\\\/\\\/www.odemocratagb.com\\\/?p=17536\"},\"wordCount\":455,\"commentCount\":0,\"publisher\":{\"@id\":\"https:\\\/\\\/www.odemocratagb.com\\\/#organization\"},\"image\":{\"@id\":\"https:\\\/\\\/www.odemocratagb.com\\\/?p=17536#primaryimage\"},\"thumbnailUrl\":\"https:\\\/\\\/www.odemocratagb.com\\\/wp-content\\\/uploads\\\/2018\\\/07\\\/8A7D6218-2AD3-4B6A-A199-6F3497035BD1.jpeg\",\"articleSection\":[\"Atualidade\",\"Sociedade\"],\"inLanguage\":\"pt-BR\",\"potentialAction\":[{\"@type\":\"CommentAction\",\"name\":\"Comment\",\"target\":[\"https:\\\/\\\/www.odemocratagb.com\\\/?p=17536#respond\"]}]},{\"@type\":\"WebPage\",\"@id\":\"https:\\\/\\\/www.odemocratagb.com\\\/?p=17536\",\"url\":\"https:\\\/\\\/www.odemocratagb.com\\\/?p=17536\",\"name\":\"Presidente Sociedade Civil: \u201cPOVO N\u00c3O DEVE PERMITIR QUE TITULARES DOS \u00d3RG\u00c3OS DE SOBERANIA USEM IMPRENSA PARA TRATAR ASSUNTOS DE ESTADO\u201d - O Democrata GB\",\"isPartOf\":{\"@id\":\"https:\\\/\\\/www.odemocratagb.com\\\/#website\"},\"primaryImageOfPage\":{\"@id\":\"https:\\\/\\\/www.odemocratagb.com\\\/?p=17536#primaryimage\"},\"image\":{\"@id\":\"https:\\\/\\\/www.odemocratagb.com\\\/?p=17536#primaryimage\"},\"thumbnailUrl\":\"https:\\\/\\\/www.odemocratagb.com\\\/wp-content\\\/uploads\\\/2018\\\/07\\\/8A7D6218-2AD3-4B6A-A199-6F3497035BD1.jpeg\",\"datePublished\":\"2018-07-05T21:08:27+00:00\",\"breadcrumb\":{\"@id\":\"https:\\\/\\\/www.odemocratagb.com\\\/?p=17536#breadcrumb\"},\"inLanguage\":\"pt-BR\",\"potentialAction\":[{\"@type\":\"ReadAction\",\"target\":[\"https:\\\/\\\/www.odemocratagb.com\\\/?p=17536\"]}]},{\"@type\":\"ImageObject\",\"inLanguage\":\"pt-BR\",\"@id\":\"https:\\\/\\\/www.odemocratagb.com\\\/?p=17536#primaryimage\",\"url\":\"https:\\\/\\\/www.odemocratagb.com\\\/wp-content\\\/uploads\\\/2018\\\/07\\\/8A7D6218-2AD3-4B6A-A199-6F3497035BD1.jpeg\",\"contentUrl\":\"https:\\\/\\\/www.odemocratagb.com\\\/wp-content\\\/uploads\\\/2018\\\/07\\\/8A7D6218-2AD3-4B6A-A199-6F3497035BD1.jpeg\",\"width\":1971,\"height\":1316},{\"@type\":\"BreadcrumbList\",\"@id\":\"https:\\\/\\\/www.odemocratagb.com\\\/?p=17536#breadcrumb\",\"itemListElement\":[{\"@type\":\"ListItem\",\"position\":1,\"name\":\"In\u00edcio\",\"item\":\"https:\\\/\\\/www.odemocratagb.com\\\/\"},{\"@type\":\"ListItem\",\"position\":2,\"name\":\"Presidente Sociedade Civil: \u201cPOVO N\u00c3O DEVE PERMITIR QUE TITULARES DOS \u00d3RG\u00c3OS DE SOBERANIA USEM IMPRENSA PARA TRATAR ASSUNTOS DE ESTADO\u201d\"}]},{\"@type\":\"WebSite\",\"@id\":\"https:\\\/\\\/www.odemocratagb.com\\\/#website\",\"url\":\"https:\\\/\\\/www.odemocratagb.com\\\/\",\"name\":\"O Democrata GB\",\"description\":\"Jornal O Democrata GB\",\"publisher\":{\"@id\":\"https:\\\/\\\/www.odemocratagb.com\\\/#organization\"},\"potentialAction\":[{\"@type\":\"SearchAction\",\"target\":{\"@type\":\"EntryPoint\",\"urlTemplate\":\"https:\\\/\\\/www.odemocratagb.com\\\/?s={search_term_string}\"},\"query-input\":{\"@type\":\"PropertyValueSpecification\",\"valueRequired\":true,\"valueName\":\"search_term_string\"}}],\"inLanguage\":\"pt-BR\"},{\"@type\":\"Organization\",\"@id\":\"https:\\\/\\\/www.odemocratagb.com\\\/#organization\",\"name\":\"O Democrata GB\",\"url\":\"https:\\\/\\\/www.odemocratagb.com\\\/\",\"logo\":{\"@type\":\"ImageObject\",\"inLanguage\":\"pt-BR\",\"@id\":\"https:\\\/\\\/www.odemocratagb.com\\\/#\\\/schema\\\/logo\\\/image\\\/\",\"url\":\"https:\\\/\\\/www.odemocratagb.com\\\/wp-content\\\/uploads\\\/2026\\\/04\\\/logo-odemocratagb.png\",\"contentUrl\":\"https:\\\/\\\/www.odemocratagb.com\\\/wp-content\\\/uploads\\\/2026\\\/04\\\/logo-odemocratagb.png\",\"width\":1250,\"height\":327,\"caption\":\"O Democrata GB\"},\"image\":{\"@id\":\"https:\\\/\\\/www.odemocratagb.com\\\/#\\\/schema\\\/logo\\\/image\\\/\"},\"sameAs\":[\"https:\\\/\\\/www.facebook.com\\\/jornaldaguinebissau\",\"https:\\\/\\\/www.instagram.com\\\/odemocratagb\"]},{\"@type\":\"Person\",\"@id\":\"https:\\\/\\\/www.odemocratagb.com\\\/#\\\/schema\\\/person\\\/c5e683adeaf9b557e57cf1a8a591b0c0\",\"name\":\"Jornal Odemocrata\",\"image\":{\"@type\":\"ImageObject\",\"inLanguage\":\"pt-BR\",\"@id\":\"https:\\\/\\\/secure.gravatar.com\\\/avatar\\\/09cb6b76eee5612f7cfca9e0089e2f17141d417bd034905eee842945c87fd87f?s=96&d=mm&r=g\",\"url\":\"https:\\\/\\\/secure.gravatar.com\\\/avatar\\\/09cb6b76eee5612f7cfca9e0089e2f17141d417bd034905eee842945c87fd87f?s=96&d=mm&r=g\",\"contentUrl\":\"https:\\\/\\\/secure.gravatar.com\\\/avatar\\\/09cb6b76eee5612f7cfca9e0089e2f17141d417bd034905eee842945c87fd87f?s=96&d=mm&r=g\",\"caption\":\"Jornal Odemocrata\"},\"sameAs\":[\"http:\\\/\\\/odemocratagb.com\"],\"url\":\"https:\\\/\\\/www.odemocratagb.com\\\/?author=4\"}]}<\/script>\n<!-- \/ Yoast SEO plugin. -->","yoast_head_json":{"title":"Presidente Sociedade Civil: \u201cPOVO N\u00c3O DEVE PERMITIR QUE TITULARES DOS \u00d3RG\u00c3OS DE SOBERANIA USEM IMPRENSA PARA TRATAR ASSUNTOS DE ESTADO\u201d - O Democrata GB","robots":{"index":"index","follow":"follow","max-snippet":"max-snippet:-1","max-image-preview":"max-image-preview:large","max-video-preview":"max-video-preview:-1"},"canonical":"https:\/\/www.odemocratagb.com\/?p=17536","og_locale":"pt_BR","og_type":"article","og_title":"Presidente Sociedade Civil: \u201cPOVO N\u00c3O DEVE PERMITIR QUE TITULARES DOS \u00d3RG\u00c3OS DE SOBERANIA USEM IMPRENSA PARA TRATAR ASSUNTOS DE ESTADO\u201d - O Democrata GB","og_description":"O presidente do Movimento da Sociedade Civil, Fod\u00e9 Caramba Sanh\u00e1, afirmou esta quinta-feira, 05 de julho 2018, que os guineenses...","og_url":"https:\/\/www.odemocratagb.com\/?p=17536","og_site_name":"O Democrata GB","article_publisher":"https:\/\/www.facebook.com\/jornaldaguinebissau","article_published_time":"2018-07-05T21:08:27+00:00","og_image":[{"width":1024,"height":684,"url":"https:\/\/www.odemocratagb.com\/wp-content\/uploads\/2018\/07\/8A7D6218-2AD3-4B6A-A199-6F3497035BD1-1024x684.jpeg","type":"image\/jpeg"}],"author":"Jornal Odemocrata","twitter_card":"summary_large_image","twitter_misc":{"Escrito por":"Jornal Odemocrata","Est. tempo de leitura":"2 minutos"},"schema":{"@context":"https:\/\/schema.org","@graph":[{"@type":"Article","@id":"https:\/\/www.odemocratagb.com\/?p=17536#article","isPartOf":{"@id":"https:\/\/www.odemocratagb.com\/?p=17536"},"author":{"name":"Jornal Odemocrata","@id":"https:\/\/www.odemocratagb.com\/#\/schema\/person\/c5e683adeaf9b557e57cf1a8a591b0c0"},"headline":"Presidente Sociedade Civil: \u201cPOVO N\u00c3O DEVE PERMITIR QUE TITULARES DOS \u00d3RG\u00c3OS DE SOBERANIA USEM IMPRENSA PARA TRATAR ASSUNTOS DE ESTADO\u201d","datePublished":"2018-07-05T21:08:27+00:00","mainEntityOfPage":{"@id":"https:\/\/www.odemocratagb.com\/?p=17536"},"wordCount":455,"commentCount":0,"publisher":{"@id":"https:\/\/www.odemocratagb.com\/#organization"},"image":{"@id":"https:\/\/www.odemocratagb.com\/?p=17536#primaryimage"},"thumbnailUrl":"https:\/\/www.odemocratagb.com\/wp-content\/uploads\/2018\/07\/8A7D6218-2AD3-4B6A-A199-6F3497035BD1.jpeg","articleSection":["Atualidade","Sociedade"],"inLanguage":"pt-BR","potentialAction":[{"@type":"CommentAction","name":"Comment","target":["https:\/\/www.odemocratagb.com\/?p=17536#respond"]}]},{"@type":"WebPage","@id":"https:\/\/www.odemocratagb.com\/?p=17536","url":"https:\/\/www.odemocratagb.com\/?p=17536","name":"Presidente Sociedade Civil: \u201cPOVO N\u00c3O DEVE PERMITIR QUE TITULARES DOS \u00d3RG\u00c3OS DE SOBERANIA USEM IMPRENSA PARA TRATAR ASSUNTOS DE ESTADO\u201d - O Democrata GB","isPartOf":{"@id":"https:\/\/www.odemocratagb.com\/#website"},"primaryImageOfPage":{"@id":"https:\/\/www.odemocratagb.com\/?p=17536#primaryimage"},"image":{"@id":"https:\/\/www.odemocratagb.com\/?p=17536#primaryimage"},"thumbnailUrl":"https:\/\/www.odemocratagb.com\/wp-content\/uploads\/2018\/07\/8A7D6218-2AD3-4B6A-A199-6F3497035BD1.jpeg","datePublished":"2018-07-05T21:08:27+00:00","breadcrumb":{"@id":"https:\/\/www.odemocratagb.com\/?p=17536#breadcrumb"},"inLanguage":"pt-BR","potentialAction":[{"@type":"ReadAction","target":["https:\/\/www.odemocratagb.com\/?p=17536"]}]},{"@type":"ImageObject","inLanguage":"pt-BR","@id":"https:\/\/www.odemocratagb.com\/?p=17536#primaryimage","url":"https:\/\/www.odemocratagb.com\/wp-content\/uploads\/2018\/07\/8A7D6218-2AD3-4B6A-A199-6F3497035BD1.jpeg","contentUrl":"https:\/\/www.odemocratagb.com\/wp-content\/uploads\/2018\/07\/8A7D6218-2AD3-4B6A-A199-6F3497035BD1.jpeg","width":1971,"height":1316},{"@type":"BreadcrumbList","@id":"https:\/\/www.odemocratagb.com\/?p=17536#breadcrumb","itemListElement":[{"@type":"ListItem","position":1,"name":"In\u00edcio","item":"https:\/\/www.odemocratagb.com\/"},{"@type":"ListItem","position":2,"name":"Presidente Sociedade Civil: \u201cPOVO N\u00c3O DEVE PERMITIR QUE TITULARES DOS \u00d3RG\u00c3OS DE SOBERANIA USEM IMPRENSA PARA TRATAR ASSUNTOS DE ESTADO\u201d"}]},{"@type":"WebSite","@id":"https:\/\/www.odemocratagb.com\/#website","url":"https:\/\/www.odemocratagb.com\/","name":"O Democrata GB","description":"Jornal O Democrata GB","publisher":{"@id":"https:\/\/www.odemocratagb.com\/#organization"},"potentialAction":[{"@type":"SearchAction","target":{"@type":"EntryPoint","urlTemplate":"https:\/\/www.odemocratagb.com\/?s={search_term_string}"},"query-input":{"@type":"PropertyValueSpecification","valueRequired":true,"valueName":"search_term_string"}}],"inLanguage":"pt-BR"},{"@type":"Organization","@id":"https:\/\/www.odemocratagb.com\/#organization","name":"O Democrata GB","url":"https:\/\/www.odemocratagb.com\/","logo":{"@type":"ImageObject","inLanguage":"pt-BR","@id":"https:\/\/www.odemocratagb.com\/#\/schema\/logo\/image\/","url":"https:\/\/www.odemocratagb.com\/wp-content\/uploads\/2026\/04\/logo-odemocratagb.png","contentUrl":"https:\/\/www.odemocratagb.com\/wp-content\/uploads\/2026\/04\/logo-odemocratagb.png","width":1250,"height":327,"caption":"O Democrata GB"},"image":{"@id":"https:\/\/www.odemocratagb.com\/#\/schema\/logo\/image\/"},"sameAs":["https:\/\/www.facebook.com\/jornaldaguinebissau","https:\/\/www.instagram.com\/odemocratagb"]},{"@type":"Person","@id":"https:\/\/www.odemocratagb.com\/#\/schema\/person\/c5e683adeaf9b557e57cf1a8a591b0c0","name":"Jornal Odemocrata","image":{"@type":"ImageObject","inLanguage":"pt-BR","@id":"https:\/\/secure.gravatar.com\/avatar\/09cb6b76eee5612f7cfca9e0089e2f17141d417bd034905eee842945c87fd87f?s=96&d=mm&r=g","url":"https:\/\/secure.gravatar.com\/avatar\/09cb6b76eee5612f7cfca9e0089e2f17141d417bd034905eee842945c87fd87f?s=96&d=mm&r=g","contentUrl":"https:\/\/secure.gravatar.com\/avatar\/09cb6b76eee5612f7cfca9e0089e2f17141d417bd034905eee842945c87fd87f?s=96&d=mm&r=g","caption":"Jornal Odemocrata"},"sameAs":["http:\/\/odemocratagb.com"],"url":"https:\/\/www.odemocratagb.com\/?author=4"}]}},"_links":{"self":[{"href":"https:\/\/www.odemocratagb.com\/index.php?rest_route=\/wp\/v2\/posts\/17536","targetHints":{"allow":["GET"]}}],"collection":[{"href":"https:\/\/www.odemocratagb.com\/index.php?rest_route=\/wp\/v2\/posts"}],"about":[{"href":"https:\/\/www.odemocratagb.com\/index.php?rest_route=\/wp\/v2\/types\/post"}],"author":[{"embeddable":true,"href":"https:\/\/www.odemocratagb.com\/index.php?rest_route=\/wp\/v2\/users\/4"}],"replies":[{"embeddable":true,"href":"https:\/\/www.odemocratagb.com\/index.php?rest_route=%2Fwp%2Fv2%2Fcomments&post=17536"}],"version-history":[{"count":1,"href":"https:\/\/www.odemocratagb.com\/index.php?rest_route=\/wp\/v2\/posts\/17536\/revisions"}],"predecessor-version":[{"id":17537,"href":"https:\/\/www.odemocratagb.com\/index.php?rest_route=\/wp\/v2\/posts\/17536\/revisions\/17537"}],"wp:featuredmedia":[{"embeddable":true,"href":"https:\/\/www.odemocratagb.com\/index.php?rest_route=\/wp\/v2\/media\/17532"}],"wp:attachment":[{"href":"https:\/\/www.odemocratagb.com\/index.php?rest_route=%2Fwp%2Fv2%2Fmedia&parent=17536"}],"wp:term":[{"taxonomy":"category","embeddable":true,"href":"https:\/\/www.odemocratagb.com\/index.php?rest_route=%2Fwp%2Fv2%2Fcategories&post=17536"},{"taxonomy":"post_tag","embeddable":true,"href":"https:\/\/www.odemocratagb.com\/index.php?rest_route=%2Fwp%2Fv2%2Ftags&post=17536"}],"curies":[{"name":"wp","href":"https:\/\/api.w.org\/{rel}","templated":true}]}}