{"id":19084,"date":"2018-12-22T14:47:27","date_gmt":"2018-12-22T14:47:27","guid":{"rendered":"http:\/\/www.odemocratagb.com\/?p=19084"},"modified":"2018-12-22T14:47:27","modified_gmt":"2018-12-22T14:47:27","slug":"editorial-vamos-deixar-de-lado-os-kits-nigerianos-e-contar-a-mao-os-votos-eleitorais","status":"publish","type":"post","link":"https:\/\/www.odemocratagb.com\/?p=19084","title":{"rendered":"Editorial: VAMOS DEIXAR DE LADO OS KITS NIGERIANOS E CONTAR A M\u00c3O OS VOTOS ELEITORAIS"},"content":{"rendered":"<p class=\"s5\"><span class=\"s6\">A delimita\u00e7\u00e3o das fronteiras\u00a0<\/span><span class=\"s6\">do<\/span><span class=\"s6\">\u00a0discurso pol\u00edtico medi\u00e1tico na Guin\u00e9-Bissau \u00e9 uma tarefa muito complexa em virtude da sua fluidez e\u00a0<\/span><span class=\"s6\">da\u00a0<\/span><span class=\"s6\">heterogeneidade da sua natureza multifacetada e polim\u00f3rfic<\/span><span class=\"s6\">a<\/span><span class=\"s6\">. Quando olhamos para o discurso pol\u00edtico medi\u00e1tico da nossa sociedade pol\u00edtica\u00a0<\/span><span class=\"s6\">relativo ao<\/span><span class=\"s6\">\u00a0processo de recenseamento eleitoral em curso ou que\u00a0<\/span><span class=\"s6\">terminou<\/span><span class=\"s6\">\u00a0<\/span><span class=\"s6\">\u201c<\/span><span class=\"s6\">com desconhecimento do conhecimento<\/span><span class=\"s6\">\u201d<\/span><span class=\"s6\">\u00a0do seu fim em todo o territ\u00f3rio nacional e na di\u00e1spora<\/span><span class=\"s6\">,\u00a0<\/span><span class=\"s6\">compreendemos melhor a capacidade de circula\u00e7\u00e3o e de penetra\u00e7\u00e3o do discurso pol\u00edtico medi\u00e1tico nas institui\u00e7\u00f5es da sociedade civil e na nossa esfera p\u00fablica nacional.<\/span><\/p>\n<div><span class=\"s6\">\u00c9 precisamente esta capacidade de discurso pol\u00edtico medi\u00e1tico nacional de contaminar a nossa esfera p\u00fablica e as institui\u00e7\u00f5es da sociedade c\u00edvil que agora lan\u00e7ou os ingredientes necess\u00e1rios para excluirmos do nosso processo eleitoral qualquer verdade ou resultado tecnol\u00f3gico que adv<\/span><span class=\"s6\">enha<\/span><span class=\"s6\">\u00a0dos kits nigerianos.<\/span><\/div>\n<div><\/div>\n<p class=\"s7\"><span class=\"s6\">Enquanto o discurso pol\u00edtico medi\u00e1tico nacional continua a ter marcas de contamina\u00e7\u00e3o social na nossa esfera p\u00fablica e nas institui\u00e7\u00f5es da sociedade c\u00edvil nacional, a \u00fanica sa\u00edda airosa para obtermos um processo eleitoral livre, justo e transparente \u00e9 deixarmos de lado os famosos kits nigerianos e recorrermos a contagem manual dos votos eleitorais.<\/span><\/p>\n<p class=\"s7\"><span class=\"s6\">No discurso pol\u00edtico medi\u00e1tico nacional reina<\/span><span class=\"s6\">m<\/span><span class=\"s6\">\u00a0os interesses leg\u00edtimos e divergentes da nossa sociedade pol\u00edtica cujas contradi\u00e7\u00f5es quotidianas para a imposi\u00e7\u00e3o do seu ponto de vista social e pol\u00edtica precisam ser compatibilizadas. Esta deveria ser tarefa do chamado P5 que revela claramente\u00a0<\/span><span class=\"s6\">um<\/span><span class=\"s6\">\u00a0assumir<\/span><span class=\"s6\">\u00a0de<\/span><span class=\"s6\">\u00a0posi\u00e7\u00f5es em fun\u00e7<\/span><span class=\"s6\">\u00e3o<\/span><span class=\"s6\">\u00a0dos interesses leg\u00edtimos e divergentes da nossa sociedade pol\u00edtica.<\/span><\/p>\n<div><span class=\"s6\">\u00c9 necess\u00e1rio e urgente que o P5, em particular, a Comunidade Econ\u00f3mica dos Estados de \u00c1frica Ocidental (CEDEAO)<\/span><span class=\"s6\">,<\/span><span class=\"s6\">\u00a0assuma a sua responsabilidade de compatibilizar os interesses pol\u00edticos leg\u00edtimos e divergentes da nossa sociedade pol\u00edtica, elaborando um argumento de real pol\u00edtica nacional destinado a esvaziar o discurso pol\u00edtico medi\u00e1tico de confronta\u00e7\u00e3o\u00a0<\/span><span class=\"s6\">de<\/span><span class=\"s6\">\u00a0interesses leg\u00edtimos e divergentes da nossa sociedade pol\u00edtica.<\/span><\/div>\n<p class=\"s7\"><span class=\"s6\">\u00c9 o<\/span><span class=\"s6\">\u00a0esvaziamento\u00a0<\/span><span class=\"s6\">da<\/span><span class=\"s6\">\u00a0conflitualidade dos interesses leg\u00edtimos e divergentes na nossa sociedade pol\u00edtica que conferir\u00e1\u00a0<\/span><span class=\"s6\">a<\/span><span class=\"s6\">o discurso medi\u00e1tico do P5, sobretudo\u00a0<\/span><span class=\"s6\">\u00e0<\/span><span class=\"s6\">\u00a0CEDEAO, a credibilidade na nossa esfera p\u00fablica. Ali\u00e1s<\/span><span class=\"s6\">,<\/span><span class=\"s6\">n\u00e3o somente esvaziar a conflitualidade de interesses leg\u00edtimos e divergentes da nossa classe pol\u00edtica mas tamb\u00e9m os homens do P5 devem colocar<\/span><span class=\"s6\">-se<\/span><span class=\"s6\">\u00a0<\/span><span class=\"s6\">\u00e0<\/span><span class=\"s6\">\u00a0margem\u00a0<\/span><span class=\"s6\">de<\/span><span class=\"s6\">\u00a0vis\u00f5es pol\u00edticas e partid\u00e1rias dos nossos pol\u00edticos.<\/span><\/p>\n<p class=\"s7\"><span class=\"s6\">Na verdade nunca, na nossa esfera p\u00fablica, a CEDEAO apresentou de forma clara<\/span><span class=\"s6\">\u00a0e<\/span><span class=\"s6\">\u00a0inequ\u00edvoca a sua vis\u00e3o de compatibiliza\u00e7\u00e3o\u00a0<\/span><span class=\"s6\">da<\/span><span class=\"s6\">\u00a0conflitualidade de interesses leg\u00edtimos e divergentes da nossa sociedade pol\u00edtica. O que assistimos permanentemente s\u00e3o conjunto<\/span><span class=\"s6\">s<\/span><span class=\"s6\">\u00a0de discurso<\/span><span class=\"s6\">s<\/span><span class=\"s6\">\u00a0pol\u00edtico<\/span><span class=\"s6\">s<\/span><span class=\"s6\">\u00a0medi\u00e1tico<\/span><span class=\"s6\">s<\/span><span class=\"s6\">\u00a0dos governantes da CEDEAO, tamb\u00e9m ele sem apresenta\u00e7\u00e3o clara de um argumento de compatibiliza\u00e7\u00e3o das pretens\u00f5es legitimas e divergentes da nossa sociedade pol\u00edtica.<\/span><\/p>\n<div><span class=\"s6\">O Discurso medi\u00e1tico do P5, em particular\u00a0<\/span><span class=\"s6\">d<\/span><span class=\"s6\">a CEDEAO, deveria assegurar a<\/span><span class=\"s6\">\u00a0a<\/span><span class=\"s6\">celera\u00e7\u00e3o do ritmo e da intensidade do funcionamento das institui\u00e7\u00f5es da Rep\u00fablica e n\u00e3o\u00a0<\/span><span class=\"s6\">a sua<\/span><span class=\"s6\">\u00a0desacelera\u00e7\u00e3o<\/span><span class=\"s6\">,<\/span><span class=\"s6\">\u00a0causando\u00a0<\/span><span class=\"s6\">um<\/span><span class=\"s6\">a infla\u00e7\u00e3o na interpreta\u00e7\u00e3o do discurso pol\u00edtico medi\u00e1tico e politiza\u00e7\u00e3o dos Tribunais nacionais. Um dos grande problemas da CEDEAO tem a ver com a necessidade dela avaliar o real grau do problema dos enunciados\u00a0<\/span><span class=\"s6\">do<\/span><span class=\"s6\">\u00a0discurso pol\u00edtico medi\u00e1tico da nossa sociedade pol\u00edtica cuja capacidade de circular e de contaminar a mente dos governantes da CEDEAO para n\u00e3<\/span><a name=\"_GoBack\"><\/a><span class=\"s6\">o produzir<\/span><span class=\"s6\">em<\/span><span class=\"s6\">\u00a0argumentos de compatibiliza\u00e7\u00e3o dos interesses pol\u00edticos leg\u00edtimos e divergentes da classe pol\u00edtica no nosso pa\u00eds \u00e9 enorme. O que faz com que os governantes da CEDEAO percam os argumentos necess\u00e1rios para\u00a0<\/span><span class=\"s6\">compatibilizar os discursos pol\u00edticos medi\u00e1ticos de interesses leg\u00edtimos e divergentes da nossa sociedade pol\u00edtica.<\/span><\/div>\n<p class=\"s7\">\n<p>&nbsp;<\/p>\n<p>&nbsp;<\/p>\n<p>&nbsp;<\/p>\n<p class=\"s3\"><span class=\"s8\">Ant\u00f3nio Nhaga<\/span><\/p>\n<p class=\"s3\"><span class=\"s8\">Diretor-Geral<\/span><\/p>\n<p class=\"s3\"><a href=\"mailto:angloria.nhaga@gmail.com\"><span class=\"s9\">angloria.nhaga@gmail.com<\/span><\/a><\/p>\n<p class=\"s10\">\n<p class=\"s10\">\n","protected":false},"excerpt":{"rendered":"<p>A delimita\u00e7\u00e3o das fronteiras\u00a0do\u00a0discurso pol\u00edtico medi\u00e1tico na Guin\u00e9-Bissau \u00e9 uma tarefa muito complexa em virtude da sua fluidez e\u00a0da\u00a0heterogeneidade da&#8230;<\/p>\n","protected":false},"author":4,"featured_media":19077,"comment_status":"open","ping_status":"open","sticky":false,"template":"","format":"standard","meta":{"footnotes":""},"categories":[6,25],"tags":[],"class_list":["post-19084","post","type-post","status-publish","format-standard","has-post-thumbnail","hentry","category-inicio","category-opinioes","wpcat-6-id","wpcat-25-id"],"yoast_head":"<!-- This site is optimized with the Yoast SEO plugin v27.5 - https:\/\/yoast.com\/product\/yoast-seo-wordpress\/ -->\n<title>Editorial: VAMOS DEIXAR DE LADO OS KITS NIGERIANOS E CONTAR A M\u00c3O OS VOTOS ELEITORAIS - O Democrata GB<\/title>\n<meta name=\"robots\" content=\"index, follow, max-snippet:-1, max-image-preview:large, max-video-preview:-1\" \/>\n<link rel=\"canonical\" href=\"https:\/\/www.odemocratagb.com\/?p=19084\" \/>\n<meta property=\"og:locale\" content=\"pt_BR\" \/>\n<meta property=\"og:type\" content=\"article\" \/>\n<meta property=\"og:title\" content=\"Editorial: VAMOS DEIXAR DE LADO OS KITS NIGERIANOS E CONTAR A M\u00c3O OS VOTOS ELEITORAIS - O Democrata GB\" \/>\n<meta property=\"og:description\" content=\"A delimita\u00e7\u00e3o das fronteiras\u00a0do\u00a0discurso pol\u00edtico medi\u00e1tico na Guin\u00e9-Bissau \u00e9 uma tarefa muito complexa em virtude da sua fluidez e\u00a0da\u00a0heterogeneidade da...\" \/>\n<meta property=\"og:url\" content=\"https:\/\/www.odemocratagb.com\/?p=19084\" \/>\n<meta property=\"og:site_name\" content=\"O Democrata GB\" \/>\n<meta property=\"article:publisher\" content=\"https:\/\/www.facebook.com\/jornaldaguinebissau\" \/>\n<meta property=\"article:published_time\" content=\"2018-12-22T14:47:27+00:00\" \/>\n<meta property=\"og:image\" content=\"https:\/\/www.odemocratagb.com\/wp-content\/uploads\/2018\/12\/430435CF-F538-4C16-865A-1163818CAAA1.jpeg\" \/>\n\t<meta property=\"og:image:width\" content=\"1432\" \/>\n\t<meta property=\"og:image:height\" content=\"1980\" \/>\n\t<meta property=\"og:image:type\" content=\"image\/jpeg\" \/>\n<meta name=\"author\" content=\"Jornal Odemocrata\" \/>\n<meta name=\"twitter:card\" content=\"summary_large_image\" \/>\n<meta name=\"twitter:label1\" content=\"Escrito por\" \/>\n\t<meta name=\"twitter:data1\" content=\"Jornal Odemocrata\" \/>\n\t<meta name=\"twitter:label2\" content=\"Est. tempo de leitura\" \/>\n\t<meta name=\"twitter:data2\" content=\"3 minutos\" \/>\n<script type=\"application\/ld+json\" class=\"yoast-schema-graph\">{\"@context\":\"https:\\\/\\\/schema.org\",\"@graph\":[{\"@type\":\"Article\",\"@id\":\"https:\\\/\\\/www.odemocratagb.com\\\/?p=19084#article\",\"isPartOf\":{\"@id\":\"https:\\\/\\\/www.odemocratagb.com\\\/?p=19084\"},\"author\":{\"name\":\"Jornal Odemocrata\",\"@id\":\"https:\\\/\\\/www.odemocratagb.com\\\/#\\\/schema\\\/person\\\/c5e683adeaf9b557e57cf1a8a591b0c0\"},\"headline\":\"Editorial: VAMOS DEIXAR DE LADO OS KITS NIGERIANOS E CONTAR A M\u00c3O OS VOTOS ELEITORAIS\",\"datePublished\":\"2018-12-22T14:47:27+00:00\",\"mainEntityOfPage\":{\"@id\":\"https:\\\/\\\/www.odemocratagb.com\\\/?p=19084\"},\"wordCount\":699,\"commentCount\":0,\"publisher\":{\"@id\":\"https:\\\/\\\/www.odemocratagb.com\\\/#organization\"},\"image\":{\"@id\":\"https:\\\/\\\/www.odemocratagb.com\\\/?p=19084#primaryimage\"},\"thumbnailUrl\":\"https:\\\/\\\/www.odemocratagb.com\\\/wp-content\\\/uploads\\\/2018\\\/12\\\/430435CF-F538-4C16-865A-1163818CAAA1.jpeg\",\"articleSection\":[\"Atualidade\",\"Opini\u00f5es\"],\"inLanguage\":\"pt-BR\",\"potentialAction\":[{\"@type\":\"CommentAction\",\"name\":\"Comment\",\"target\":[\"https:\\\/\\\/www.odemocratagb.com\\\/?p=19084#respond\"]}]},{\"@type\":\"WebPage\",\"@id\":\"https:\\\/\\\/www.odemocratagb.com\\\/?p=19084\",\"url\":\"https:\\\/\\\/www.odemocratagb.com\\\/?p=19084\",\"name\":\"Editorial: VAMOS DEIXAR DE LADO OS KITS NIGERIANOS E CONTAR A M\u00c3O OS VOTOS ELEITORAIS - O Democrata GB\",\"isPartOf\":{\"@id\":\"https:\\\/\\\/www.odemocratagb.com\\\/#website\"},\"primaryImageOfPage\":{\"@id\":\"https:\\\/\\\/www.odemocratagb.com\\\/?p=19084#primaryimage\"},\"image\":{\"@id\":\"https:\\\/\\\/www.odemocratagb.com\\\/?p=19084#primaryimage\"},\"thumbnailUrl\":\"https:\\\/\\\/www.odemocratagb.com\\\/wp-content\\\/uploads\\\/2018\\\/12\\\/430435CF-F538-4C16-865A-1163818CAAA1.jpeg\",\"datePublished\":\"2018-12-22T14:47:27+00:00\",\"breadcrumb\":{\"@id\":\"https:\\\/\\\/www.odemocratagb.com\\\/?p=19084#breadcrumb\"},\"inLanguage\":\"pt-BR\",\"potentialAction\":[{\"@type\":\"ReadAction\",\"target\":[\"https:\\\/\\\/www.odemocratagb.com\\\/?p=19084\"]}]},{\"@type\":\"ImageObject\",\"inLanguage\":\"pt-BR\",\"@id\":\"https:\\\/\\\/www.odemocratagb.com\\\/?p=19084#primaryimage\",\"url\":\"https:\\\/\\\/www.odemocratagb.com\\\/wp-content\\\/uploads\\\/2018\\\/12\\\/430435CF-F538-4C16-865A-1163818CAAA1.jpeg\",\"contentUrl\":\"https:\\\/\\\/www.odemocratagb.com\\\/wp-content\\\/uploads\\\/2018\\\/12\\\/430435CF-F538-4C16-865A-1163818CAAA1.jpeg\",\"width\":1432,\"height\":1980},{\"@type\":\"BreadcrumbList\",\"@id\":\"https:\\\/\\\/www.odemocratagb.com\\\/?p=19084#breadcrumb\",\"itemListElement\":[{\"@type\":\"ListItem\",\"position\":1,\"name\":\"In\u00edcio\",\"item\":\"https:\\\/\\\/www.odemocratagb.com\\\/\"},{\"@type\":\"ListItem\",\"position\":2,\"name\":\"Editorial: VAMOS DEIXAR DE LADO OS KITS NIGERIANOS E CONTAR A M\u00c3O OS VOTOS ELEITORAIS\"}]},{\"@type\":\"WebSite\",\"@id\":\"https:\\\/\\\/www.odemocratagb.com\\\/#website\",\"url\":\"https:\\\/\\\/www.odemocratagb.com\\\/\",\"name\":\"O Democrata GB\",\"description\":\"Jornal O Democrata GB\",\"publisher\":{\"@id\":\"https:\\\/\\\/www.odemocratagb.com\\\/#organization\"},\"potentialAction\":[{\"@type\":\"SearchAction\",\"target\":{\"@type\":\"EntryPoint\",\"urlTemplate\":\"https:\\\/\\\/www.odemocratagb.com\\\/?s={search_term_string}\"},\"query-input\":{\"@type\":\"PropertyValueSpecification\",\"valueRequired\":true,\"valueName\":\"search_term_string\"}}],\"inLanguage\":\"pt-BR\"},{\"@type\":\"Organization\",\"@id\":\"https:\\\/\\\/www.odemocratagb.com\\\/#organization\",\"name\":\"O Democrata GB\",\"url\":\"https:\\\/\\\/www.odemocratagb.com\\\/\",\"logo\":{\"@type\":\"ImageObject\",\"inLanguage\":\"pt-BR\",\"@id\":\"https:\\\/\\\/www.odemocratagb.com\\\/#\\\/schema\\\/logo\\\/image\\\/\",\"url\":\"https:\\\/\\\/www.odemocratagb.com\\\/wp-content\\\/uploads\\\/2026\\\/04\\\/logo-odemocratagb.png\",\"contentUrl\":\"https:\\\/\\\/www.odemocratagb.com\\\/wp-content\\\/uploads\\\/2026\\\/04\\\/logo-odemocratagb.png\",\"width\":1250,\"height\":327,\"caption\":\"O Democrata GB\"},\"image\":{\"@id\":\"https:\\\/\\\/www.odemocratagb.com\\\/#\\\/schema\\\/logo\\\/image\\\/\"},\"sameAs\":[\"https:\\\/\\\/www.facebook.com\\\/jornaldaguinebissau\",\"https:\\\/\\\/www.instagram.com\\\/odemocratagb\"]},{\"@type\":\"Person\",\"@id\":\"https:\\\/\\\/www.odemocratagb.com\\\/#\\\/schema\\\/person\\\/c5e683adeaf9b557e57cf1a8a591b0c0\",\"name\":\"Jornal Odemocrata\",\"image\":{\"@type\":\"ImageObject\",\"inLanguage\":\"pt-BR\",\"@id\":\"https:\\\/\\\/secure.gravatar.com\\\/avatar\\\/09cb6b76eee5612f7cfca9e0089e2f17141d417bd034905eee842945c87fd87f?s=96&d=mm&r=g\",\"url\":\"https:\\\/\\\/secure.gravatar.com\\\/avatar\\\/09cb6b76eee5612f7cfca9e0089e2f17141d417bd034905eee842945c87fd87f?s=96&d=mm&r=g\",\"contentUrl\":\"https:\\\/\\\/secure.gravatar.com\\\/avatar\\\/09cb6b76eee5612f7cfca9e0089e2f17141d417bd034905eee842945c87fd87f?s=96&d=mm&r=g\",\"caption\":\"Jornal Odemocrata\"},\"sameAs\":[\"http:\\\/\\\/odemocratagb.com\"],\"url\":\"https:\\\/\\\/www.odemocratagb.com\\\/?author=4\"}]}<\/script>\n<!-- \/ Yoast SEO plugin. -->","yoast_head_json":{"title":"Editorial: VAMOS DEIXAR DE LADO OS KITS NIGERIANOS E CONTAR A M\u00c3O OS VOTOS ELEITORAIS - O Democrata GB","robots":{"index":"index","follow":"follow","max-snippet":"max-snippet:-1","max-image-preview":"max-image-preview:large","max-video-preview":"max-video-preview:-1"},"canonical":"https:\/\/www.odemocratagb.com\/?p=19084","og_locale":"pt_BR","og_type":"article","og_title":"Editorial: VAMOS DEIXAR DE LADO OS KITS NIGERIANOS E CONTAR A M\u00c3O OS VOTOS ELEITORAIS - O Democrata GB","og_description":"A delimita\u00e7\u00e3o das fronteiras\u00a0do\u00a0discurso pol\u00edtico medi\u00e1tico na Guin\u00e9-Bissau \u00e9 uma tarefa muito complexa em virtude da sua fluidez e\u00a0da\u00a0heterogeneidade da...","og_url":"https:\/\/www.odemocratagb.com\/?p=19084","og_site_name":"O Democrata GB","article_publisher":"https:\/\/www.facebook.com\/jornaldaguinebissau","article_published_time":"2018-12-22T14:47:27+00:00","og_image":[{"width":1432,"height":1980,"url":"https:\/\/www.odemocratagb.com\/wp-content\/uploads\/2018\/12\/430435CF-F538-4C16-865A-1163818CAAA1.jpeg","type":"image\/jpeg"}],"author":"Jornal Odemocrata","twitter_card":"summary_large_image","twitter_misc":{"Escrito por":"Jornal Odemocrata","Est. tempo de leitura":"3 minutos"},"schema":{"@context":"https:\/\/schema.org","@graph":[{"@type":"Article","@id":"https:\/\/www.odemocratagb.com\/?p=19084#article","isPartOf":{"@id":"https:\/\/www.odemocratagb.com\/?p=19084"},"author":{"name":"Jornal Odemocrata","@id":"https:\/\/www.odemocratagb.com\/#\/schema\/person\/c5e683adeaf9b557e57cf1a8a591b0c0"},"headline":"Editorial: VAMOS DEIXAR DE LADO OS KITS NIGERIANOS E CONTAR A M\u00c3O OS VOTOS ELEITORAIS","datePublished":"2018-12-22T14:47:27+00:00","mainEntityOfPage":{"@id":"https:\/\/www.odemocratagb.com\/?p=19084"},"wordCount":699,"commentCount":0,"publisher":{"@id":"https:\/\/www.odemocratagb.com\/#organization"},"image":{"@id":"https:\/\/www.odemocratagb.com\/?p=19084#primaryimage"},"thumbnailUrl":"https:\/\/www.odemocratagb.com\/wp-content\/uploads\/2018\/12\/430435CF-F538-4C16-865A-1163818CAAA1.jpeg","articleSection":["Atualidade","Opini\u00f5es"],"inLanguage":"pt-BR","potentialAction":[{"@type":"CommentAction","name":"Comment","target":["https:\/\/www.odemocratagb.com\/?p=19084#respond"]}]},{"@type":"WebPage","@id":"https:\/\/www.odemocratagb.com\/?p=19084","url":"https:\/\/www.odemocratagb.com\/?p=19084","name":"Editorial: VAMOS DEIXAR DE LADO OS KITS NIGERIANOS E CONTAR A M\u00c3O OS VOTOS ELEITORAIS - O Democrata GB","isPartOf":{"@id":"https:\/\/www.odemocratagb.com\/#website"},"primaryImageOfPage":{"@id":"https:\/\/www.odemocratagb.com\/?p=19084#primaryimage"},"image":{"@id":"https:\/\/www.odemocratagb.com\/?p=19084#primaryimage"},"thumbnailUrl":"https:\/\/www.odemocratagb.com\/wp-content\/uploads\/2018\/12\/430435CF-F538-4C16-865A-1163818CAAA1.jpeg","datePublished":"2018-12-22T14:47:27+00:00","breadcrumb":{"@id":"https:\/\/www.odemocratagb.com\/?p=19084#breadcrumb"},"inLanguage":"pt-BR","potentialAction":[{"@type":"ReadAction","target":["https:\/\/www.odemocratagb.com\/?p=19084"]}]},{"@type":"ImageObject","inLanguage":"pt-BR","@id":"https:\/\/www.odemocratagb.com\/?p=19084#primaryimage","url":"https:\/\/www.odemocratagb.com\/wp-content\/uploads\/2018\/12\/430435CF-F538-4C16-865A-1163818CAAA1.jpeg","contentUrl":"https:\/\/www.odemocratagb.com\/wp-content\/uploads\/2018\/12\/430435CF-F538-4C16-865A-1163818CAAA1.jpeg","width":1432,"height":1980},{"@type":"BreadcrumbList","@id":"https:\/\/www.odemocratagb.com\/?p=19084#breadcrumb","itemListElement":[{"@type":"ListItem","position":1,"name":"In\u00edcio","item":"https:\/\/www.odemocratagb.com\/"},{"@type":"ListItem","position":2,"name":"Editorial: VAMOS DEIXAR DE LADO OS KITS NIGERIANOS E CONTAR A M\u00c3O OS VOTOS ELEITORAIS"}]},{"@type":"WebSite","@id":"https:\/\/www.odemocratagb.com\/#website","url":"https:\/\/www.odemocratagb.com\/","name":"O Democrata GB","description":"Jornal O Democrata GB","publisher":{"@id":"https:\/\/www.odemocratagb.com\/#organization"},"potentialAction":[{"@type":"SearchAction","target":{"@type":"EntryPoint","urlTemplate":"https:\/\/www.odemocratagb.com\/?s={search_term_string}"},"query-input":{"@type":"PropertyValueSpecification","valueRequired":true,"valueName":"search_term_string"}}],"inLanguage":"pt-BR"},{"@type":"Organization","@id":"https:\/\/www.odemocratagb.com\/#organization","name":"O Democrata GB","url":"https:\/\/www.odemocratagb.com\/","logo":{"@type":"ImageObject","inLanguage":"pt-BR","@id":"https:\/\/www.odemocratagb.com\/#\/schema\/logo\/image\/","url":"https:\/\/www.odemocratagb.com\/wp-content\/uploads\/2026\/04\/logo-odemocratagb.png","contentUrl":"https:\/\/www.odemocratagb.com\/wp-content\/uploads\/2026\/04\/logo-odemocratagb.png","width":1250,"height":327,"caption":"O Democrata GB"},"image":{"@id":"https:\/\/www.odemocratagb.com\/#\/schema\/logo\/image\/"},"sameAs":["https:\/\/www.facebook.com\/jornaldaguinebissau","https:\/\/www.instagram.com\/odemocratagb"]},{"@type":"Person","@id":"https:\/\/www.odemocratagb.com\/#\/schema\/person\/c5e683adeaf9b557e57cf1a8a591b0c0","name":"Jornal Odemocrata","image":{"@type":"ImageObject","inLanguage":"pt-BR","@id":"https:\/\/secure.gravatar.com\/avatar\/09cb6b76eee5612f7cfca9e0089e2f17141d417bd034905eee842945c87fd87f?s=96&d=mm&r=g","url":"https:\/\/secure.gravatar.com\/avatar\/09cb6b76eee5612f7cfca9e0089e2f17141d417bd034905eee842945c87fd87f?s=96&d=mm&r=g","contentUrl":"https:\/\/secure.gravatar.com\/avatar\/09cb6b76eee5612f7cfca9e0089e2f17141d417bd034905eee842945c87fd87f?s=96&d=mm&r=g","caption":"Jornal Odemocrata"},"sameAs":["http:\/\/odemocratagb.com"],"url":"https:\/\/www.odemocratagb.com\/?author=4"}]}},"_links":{"self":[{"href":"https:\/\/www.odemocratagb.com\/index.php?rest_route=\/wp\/v2\/posts\/19084","targetHints":{"allow":["GET"]}}],"collection":[{"href":"https:\/\/www.odemocratagb.com\/index.php?rest_route=\/wp\/v2\/posts"}],"about":[{"href":"https:\/\/www.odemocratagb.com\/index.php?rest_route=\/wp\/v2\/types\/post"}],"author":[{"embeddable":true,"href":"https:\/\/www.odemocratagb.com\/index.php?rest_route=\/wp\/v2\/users\/4"}],"replies":[{"embeddable":true,"href":"https:\/\/www.odemocratagb.com\/index.php?rest_route=%2Fwp%2Fv2%2Fcomments&post=19084"}],"version-history":[{"count":1,"href":"https:\/\/www.odemocratagb.com\/index.php?rest_route=\/wp\/v2\/posts\/19084\/revisions"}],"predecessor-version":[{"id":19085,"href":"https:\/\/www.odemocratagb.com\/index.php?rest_route=\/wp\/v2\/posts\/19084\/revisions\/19085"}],"wp:featuredmedia":[{"embeddable":true,"href":"https:\/\/www.odemocratagb.com\/index.php?rest_route=\/wp\/v2\/media\/19077"}],"wp:attachment":[{"href":"https:\/\/www.odemocratagb.com\/index.php?rest_route=%2Fwp%2Fv2%2Fmedia&parent=19084"}],"wp:term":[{"taxonomy":"category","embeddable":true,"href":"https:\/\/www.odemocratagb.com\/index.php?rest_route=%2Fwp%2Fv2%2Fcategories&post=19084"},{"taxonomy":"post_tag","embeddable":true,"href":"https:\/\/www.odemocratagb.com\/index.php?rest_route=%2Fwp%2Fv2%2Ftags&post=19084"}],"curies":[{"name":"wp","href":"https:\/\/api.w.org\/{rel}","templated":true}]}}