{"id":19126,"date":"2018-12-26T18:21:12","date_gmt":"2018-12-26T18:21:12","guid":{"rendered":"http:\/\/www.odemocratagb.com\/?p=19126"},"modified":"2018-12-26T18:21:35","modified_gmt":"2018-12-26T18:21:35","slug":"de-visita-a-bissau-top-model-internacional-angolana-afirma-que-africanos-sao-criadores-da-moda","status":"publish","type":"post","link":"https:\/\/www.odemocratagb.com\/?p=19126","title":{"rendered":"De visita a Bissau: TOP MODEL INTERNACIONAL ANGOLANA AFIRMA QUE AFRICANOS S\u00c3O CRIADORES DA MODA"},"content":{"rendered":"<p>A Top Model Internacional Angolana, Maria Borges, afirmou esta quarta-feira, 26 de dezembro de 2018, que a moda nasceu em \u00c1frica e os africanos s\u00e3o criadores da moda. Assim, a avalia\u00e7\u00e3o do continente africano nessa \u00e1rea \u00e9 boa devido \u00e0 utiliza\u00e7\u00e3o excessiva dos padr\u00f5es de express\u00e3o africana nas marcas mundiais.<\/p>\n<p>Maria Borges falava numa confer\u00eancia de imprensa realizada num dos hot\u00e9is de Bissau para falar da sua visita de quatro dias ao pa\u00eds a convite da empresa \u201cNight Vision Company Events\u201d em parceria com governo da Guin\u00e9-Bissau, durante a qual participar\u00e1 como convidada de honra no evento \u201cMiss Turismo 2018\u201d, a realizar-se a 28 do m\u00eas em curso.<\/p>\n<p>Na ocasi\u00e3o, a modelo afirmou que o continente africano \u00e9 jovem e est\u00e1 a crescer cada vez mais no dom\u00ednio da moda, citando a Nig\u00e9ria e \u00c1frica do Sul como pa\u00edses apontados com mais desenvolvimento na moda a n\u00edvel da \u00c1frica. Acrescentou que a Guin\u00e9-Bissau, Angola e o Senegal est\u00e3o a subir cada vez mais neste dom\u00ednio. Maria Borges assegurou que o seu objetivo principal \u00e9 conhecer todos os cantos da \u00c1frica, passando assim a mensagem e os seus conhecimentos sobre a moda, que s\u00e3o poucos, mas fant\u00e1sticos.<\/p>\n<p>&#8220;Ouve-se falar tanto da Guin\u00e9-Bissau ao ponto de n\u00e3o acreditarmos em algumas informa\u00e7\u00f5es. Hoje estou aqui de corpo e alma e vi que a realidade \u00e9 outra. O meu noivo \u00e9 guineense e tenho muitos amigos da Guin\u00e9-Bissau. Portanto, quero conhecer as ilhas, a gastronomia que \u00e9 muito rica. Vou lev\u00e1-la comigo a fim de promover a imagem do pa\u00eds\u201d, confessou Maria Borges.<\/p>\n<p>Importa recordar que a \u00edcone da moda internacional angolana, Maria Borges, \u00e9 mais conhecida por participar nos desfiles da \u201cVictoria&#8217;s Secret\u201d, onde desfilou de 2013 a 2017 e onde fez hist\u00f3ria por ser a primeira modelo negra a usar cabelo natural, transformando-se na \u00fanica modelo a desfilar 5 vezes consecutivas no Vitoria&#8217;s Secret Fashion Show. Tamb\u00e9m foi designada pela Forbes \u00c1frica Magazine&#8217;s como a \u201cTop model de 2013 e em 2018 entrou na lista de 50 pessoas mais influentes da \u00c1frica pela \u201cJeune Afrique\u201d.<\/p>\n<p><strong>\u00a0<\/strong><\/p>\n<p><strong>\u00a0<\/strong><\/p>\n<p>&nbsp;<\/p>\n<p><strong>Por: Aguinaldo Ampa<\/strong><\/p>\n<p><strong>Foto: Marcelo Na Ritche<\/strong><\/p>\n<p>&nbsp;<\/p>\n<p>&nbsp;<\/p>\n","protected":false},"excerpt":{"rendered":"<p>A Top Model Internacional Angolana, Maria Borges, afirmou esta quarta-feira, 26 de dezembro de 2018, que a moda nasceu em&#8230;<\/p>\n","protected":false},"author":4,"featured_media":19121,"comment_status":"open","ping_status":"open","sticky":false,"template":"","format":"standard","meta":{"footnotes":""},"categories":[6,27],"tags":[],"class_list":["post-19126","post","type-post","status-publish","format-standard","has-post-thumbnail","hentry","category-inicio","category-cultura","wpcat-6-id","wpcat-27-id"],"yoast_head":"<!-- This site is optimized with the Yoast SEO plugin v27.5 - https:\/\/yoast.com\/product\/yoast-seo-wordpress\/ -->\n<title>De visita a Bissau: TOP MODEL INTERNACIONAL ANGOLANA AFIRMA QUE AFRICANOS S\u00c3O CRIADORES DA MODA - O Democrata GB<\/title>\n<meta name=\"robots\" content=\"index, follow, max-snippet:-1, max-image-preview:large, max-video-preview:-1\" \/>\n<link rel=\"canonical\" href=\"https:\/\/www.odemocratagb.com\/?p=19126\" \/>\n<meta property=\"og:locale\" content=\"pt_BR\" \/>\n<meta property=\"og:type\" content=\"article\" \/>\n<meta property=\"og:title\" content=\"De visita a Bissau: TOP MODEL INTERNACIONAL ANGOLANA AFIRMA QUE AFRICANOS S\u00c3O CRIADORES DA MODA - O Democrata GB\" \/>\n<meta property=\"og:description\" content=\"A Top Model Internacional Angolana, Maria Borges, afirmou esta quarta-feira, 26 de dezembro de 2018, que a moda nasceu em...\" \/>\n<meta property=\"og:url\" content=\"https:\/\/www.odemocratagb.com\/?p=19126\" \/>\n<meta property=\"og:site_name\" content=\"O Democrata GB\" \/>\n<meta property=\"article:publisher\" content=\"https:\/\/www.facebook.com\/jornaldaguinebissau\" \/>\n<meta property=\"article:published_time\" content=\"2018-12-26T18:21:12+00:00\" \/>\n<meta property=\"article:modified_time\" content=\"2018-12-26T18:21:35+00:00\" \/>\n<meta property=\"og:image\" content=\"https:\/\/www.odemocratagb.com\/wp-content\/uploads\/2018\/12\/Maria-Borges-Top-Model-Internacional-683x1024.jpg\" \/>\n\t<meta property=\"og:image:width\" content=\"683\" \/>\n\t<meta property=\"og:image:height\" content=\"1024\" \/>\n\t<meta property=\"og:image:type\" content=\"image\/jpeg\" \/>\n<meta name=\"author\" content=\"Jornal Odemocrata\" \/>\n<meta name=\"twitter:card\" content=\"summary_large_image\" \/>\n<meta name=\"twitter:label1\" content=\"Escrito por\" \/>\n\t<meta name=\"twitter:data1\" content=\"Jornal Odemocrata\" \/>\n\t<meta name=\"twitter:label2\" content=\"Est. tempo de leitura\" \/>\n\t<meta name=\"twitter:data2\" content=\"2 minutos\" \/>\n<script type=\"application\/ld+json\" class=\"yoast-schema-graph\">{\"@context\":\"https:\\\/\\\/schema.org\",\"@graph\":[{\"@type\":\"Article\",\"@id\":\"https:\\\/\\\/www.odemocratagb.com\\\/?p=19126#article\",\"isPartOf\":{\"@id\":\"https:\\\/\\\/www.odemocratagb.com\\\/?p=19126\"},\"author\":{\"name\":\"Jornal Odemocrata\",\"@id\":\"https:\\\/\\\/www.odemocratagb.com\\\/#\\\/schema\\\/person\\\/c5e683adeaf9b557e57cf1a8a591b0c0\"},\"headline\":\"De visita a Bissau: TOP MODEL INTERNACIONAL ANGOLANA AFIRMA QUE AFRICANOS S\u00c3O CRIADORES DA MODA\",\"datePublished\":\"2018-12-26T18:21:12+00:00\",\"dateModified\":\"2018-12-26T18:21:35+00:00\",\"mainEntityOfPage\":{\"@id\":\"https:\\\/\\\/www.odemocratagb.com\\\/?p=19126\"},\"wordCount\":382,\"commentCount\":0,\"publisher\":{\"@id\":\"https:\\\/\\\/www.odemocratagb.com\\\/#organization\"},\"image\":{\"@id\":\"https:\\\/\\\/www.odemocratagb.com\\\/?p=19126#primaryimage\"},\"thumbnailUrl\":\"https:\\\/\\\/www.odemocratagb.com\\\/wp-content\\\/uploads\\\/2018\\\/12\\\/Maria-Borges-Top-Model-Internacional.jpg\",\"articleSection\":[\"Atualidade\",\"Cultura\"],\"inLanguage\":\"pt-BR\",\"potentialAction\":[{\"@type\":\"CommentAction\",\"name\":\"Comment\",\"target\":[\"https:\\\/\\\/www.odemocratagb.com\\\/?p=19126#respond\"]}]},{\"@type\":\"WebPage\",\"@id\":\"https:\\\/\\\/www.odemocratagb.com\\\/?p=19126\",\"url\":\"https:\\\/\\\/www.odemocratagb.com\\\/?p=19126\",\"name\":\"De visita a Bissau: TOP MODEL INTERNACIONAL ANGOLANA AFIRMA QUE AFRICANOS S\u00c3O CRIADORES DA MODA - O Democrata GB\",\"isPartOf\":{\"@id\":\"https:\\\/\\\/www.odemocratagb.com\\\/#website\"},\"primaryImageOfPage\":{\"@id\":\"https:\\\/\\\/www.odemocratagb.com\\\/?p=19126#primaryimage\"},\"image\":{\"@id\":\"https:\\\/\\\/www.odemocratagb.com\\\/?p=19126#primaryimage\"},\"thumbnailUrl\":\"https:\\\/\\\/www.odemocratagb.com\\\/wp-content\\\/uploads\\\/2018\\\/12\\\/Maria-Borges-Top-Model-Internacional.jpg\",\"datePublished\":\"2018-12-26T18:21:12+00:00\",\"dateModified\":\"2018-12-26T18:21:35+00:00\",\"breadcrumb\":{\"@id\":\"https:\\\/\\\/www.odemocratagb.com\\\/?p=19126#breadcrumb\"},\"inLanguage\":\"pt-BR\",\"potentialAction\":[{\"@type\":\"ReadAction\",\"target\":[\"https:\\\/\\\/www.odemocratagb.com\\\/?p=19126\"]}]},{\"@type\":\"ImageObject\",\"inLanguage\":\"pt-BR\",\"@id\":\"https:\\\/\\\/www.odemocratagb.com\\\/?p=19126#primaryimage\",\"url\":\"https:\\\/\\\/www.odemocratagb.com\\\/wp-content\\\/uploads\\\/2018\\\/12\\\/Maria-Borges-Top-Model-Internacional.jpg\",\"contentUrl\":\"https:\\\/\\\/www.odemocratagb.com\\\/wp-content\\\/uploads\\\/2018\\\/12\\\/Maria-Borges-Top-Model-Internacional.jpg\",\"width\":2656,\"height\":3984},{\"@type\":\"BreadcrumbList\",\"@id\":\"https:\\\/\\\/www.odemocratagb.com\\\/?p=19126#breadcrumb\",\"itemListElement\":[{\"@type\":\"ListItem\",\"position\":1,\"name\":\"In\u00edcio\",\"item\":\"https:\\\/\\\/www.odemocratagb.com\\\/\"},{\"@type\":\"ListItem\",\"position\":2,\"name\":\"De visita a Bissau: TOP MODEL INTERNACIONAL ANGOLANA AFIRMA QUE AFRICANOS S\u00c3O CRIADORES DA MODA\"}]},{\"@type\":\"WebSite\",\"@id\":\"https:\\\/\\\/www.odemocratagb.com\\\/#website\",\"url\":\"https:\\\/\\\/www.odemocratagb.com\\\/\",\"name\":\"O Democrata GB\",\"description\":\"Jornal O Democrata GB\",\"publisher\":{\"@id\":\"https:\\\/\\\/www.odemocratagb.com\\\/#organization\"},\"potentialAction\":[{\"@type\":\"SearchAction\",\"target\":{\"@type\":\"EntryPoint\",\"urlTemplate\":\"https:\\\/\\\/www.odemocratagb.com\\\/?s={search_term_string}\"},\"query-input\":{\"@type\":\"PropertyValueSpecification\",\"valueRequired\":true,\"valueName\":\"search_term_string\"}}],\"inLanguage\":\"pt-BR\"},{\"@type\":\"Organization\",\"@id\":\"https:\\\/\\\/www.odemocratagb.com\\\/#organization\",\"name\":\"O Democrata GB\",\"url\":\"https:\\\/\\\/www.odemocratagb.com\\\/\",\"logo\":{\"@type\":\"ImageObject\",\"inLanguage\":\"pt-BR\",\"@id\":\"https:\\\/\\\/www.odemocratagb.com\\\/#\\\/schema\\\/logo\\\/image\\\/\",\"url\":\"https:\\\/\\\/www.odemocratagb.com\\\/wp-content\\\/uploads\\\/2026\\\/04\\\/logo-odemocratagb.png\",\"contentUrl\":\"https:\\\/\\\/www.odemocratagb.com\\\/wp-content\\\/uploads\\\/2026\\\/04\\\/logo-odemocratagb.png\",\"width\":1250,\"height\":327,\"caption\":\"O Democrata GB\"},\"image\":{\"@id\":\"https:\\\/\\\/www.odemocratagb.com\\\/#\\\/schema\\\/logo\\\/image\\\/\"},\"sameAs\":[\"https:\\\/\\\/www.facebook.com\\\/jornaldaguinebissau\",\"https:\\\/\\\/www.instagram.com\\\/odemocratagb\"]},{\"@type\":\"Person\",\"@id\":\"https:\\\/\\\/www.odemocratagb.com\\\/#\\\/schema\\\/person\\\/c5e683adeaf9b557e57cf1a8a591b0c0\",\"name\":\"Jornal Odemocrata\",\"image\":{\"@type\":\"ImageObject\",\"inLanguage\":\"pt-BR\",\"@id\":\"https:\\\/\\\/secure.gravatar.com\\\/avatar\\\/09cb6b76eee5612f7cfca9e0089e2f17141d417bd034905eee842945c87fd87f?s=96&d=mm&r=g\",\"url\":\"https:\\\/\\\/secure.gravatar.com\\\/avatar\\\/09cb6b76eee5612f7cfca9e0089e2f17141d417bd034905eee842945c87fd87f?s=96&d=mm&r=g\",\"contentUrl\":\"https:\\\/\\\/secure.gravatar.com\\\/avatar\\\/09cb6b76eee5612f7cfca9e0089e2f17141d417bd034905eee842945c87fd87f?s=96&d=mm&r=g\",\"caption\":\"Jornal Odemocrata\"},\"sameAs\":[\"http:\\\/\\\/odemocratagb.com\"],\"url\":\"https:\\\/\\\/www.odemocratagb.com\\\/?author=4\"}]}<\/script>\n<!-- \/ Yoast SEO plugin. -->","yoast_head_json":{"title":"De visita a Bissau: TOP MODEL INTERNACIONAL ANGOLANA AFIRMA QUE AFRICANOS S\u00c3O CRIADORES DA MODA - O Democrata GB","robots":{"index":"index","follow":"follow","max-snippet":"max-snippet:-1","max-image-preview":"max-image-preview:large","max-video-preview":"max-video-preview:-1"},"canonical":"https:\/\/www.odemocratagb.com\/?p=19126","og_locale":"pt_BR","og_type":"article","og_title":"De visita a Bissau: TOP MODEL INTERNACIONAL ANGOLANA AFIRMA QUE AFRICANOS S\u00c3O CRIADORES DA MODA - O Democrata GB","og_description":"A Top Model Internacional Angolana, Maria Borges, afirmou esta quarta-feira, 26 de dezembro de 2018, que a moda nasceu em...","og_url":"https:\/\/www.odemocratagb.com\/?p=19126","og_site_name":"O Democrata GB","article_publisher":"https:\/\/www.facebook.com\/jornaldaguinebissau","article_published_time":"2018-12-26T18:21:12+00:00","article_modified_time":"2018-12-26T18:21:35+00:00","og_image":[{"width":683,"height":1024,"url":"https:\/\/www.odemocratagb.com\/wp-content\/uploads\/2018\/12\/Maria-Borges-Top-Model-Internacional-683x1024.jpg","type":"image\/jpeg"}],"author":"Jornal Odemocrata","twitter_card":"summary_large_image","twitter_misc":{"Escrito por":"Jornal Odemocrata","Est. tempo de leitura":"2 minutos"},"schema":{"@context":"https:\/\/schema.org","@graph":[{"@type":"Article","@id":"https:\/\/www.odemocratagb.com\/?p=19126#article","isPartOf":{"@id":"https:\/\/www.odemocratagb.com\/?p=19126"},"author":{"name":"Jornal Odemocrata","@id":"https:\/\/www.odemocratagb.com\/#\/schema\/person\/c5e683adeaf9b557e57cf1a8a591b0c0"},"headline":"De visita a Bissau: TOP MODEL INTERNACIONAL ANGOLANA AFIRMA QUE AFRICANOS S\u00c3O CRIADORES DA MODA","datePublished":"2018-12-26T18:21:12+00:00","dateModified":"2018-12-26T18:21:35+00:00","mainEntityOfPage":{"@id":"https:\/\/www.odemocratagb.com\/?p=19126"},"wordCount":382,"commentCount":0,"publisher":{"@id":"https:\/\/www.odemocratagb.com\/#organization"},"image":{"@id":"https:\/\/www.odemocratagb.com\/?p=19126#primaryimage"},"thumbnailUrl":"https:\/\/www.odemocratagb.com\/wp-content\/uploads\/2018\/12\/Maria-Borges-Top-Model-Internacional.jpg","articleSection":["Atualidade","Cultura"],"inLanguage":"pt-BR","potentialAction":[{"@type":"CommentAction","name":"Comment","target":["https:\/\/www.odemocratagb.com\/?p=19126#respond"]}]},{"@type":"WebPage","@id":"https:\/\/www.odemocratagb.com\/?p=19126","url":"https:\/\/www.odemocratagb.com\/?p=19126","name":"De visita a Bissau: TOP MODEL INTERNACIONAL ANGOLANA AFIRMA QUE AFRICANOS S\u00c3O CRIADORES DA MODA - O Democrata GB","isPartOf":{"@id":"https:\/\/www.odemocratagb.com\/#website"},"primaryImageOfPage":{"@id":"https:\/\/www.odemocratagb.com\/?p=19126#primaryimage"},"image":{"@id":"https:\/\/www.odemocratagb.com\/?p=19126#primaryimage"},"thumbnailUrl":"https:\/\/www.odemocratagb.com\/wp-content\/uploads\/2018\/12\/Maria-Borges-Top-Model-Internacional.jpg","datePublished":"2018-12-26T18:21:12+00:00","dateModified":"2018-12-26T18:21:35+00:00","breadcrumb":{"@id":"https:\/\/www.odemocratagb.com\/?p=19126#breadcrumb"},"inLanguage":"pt-BR","potentialAction":[{"@type":"ReadAction","target":["https:\/\/www.odemocratagb.com\/?p=19126"]}]},{"@type":"ImageObject","inLanguage":"pt-BR","@id":"https:\/\/www.odemocratagb.com\/?p=19126#primaryimage","url":"https:\/\/www.odemocratagb.com\/wp-content\/uploads\/2018\/12\/Maria-Borges-Top-Model-Internacional.jpg","contentUrl":"https:\/\/www.odemocratagb.com\/wp-content\/uploads\/2018\/12\/Maria-Borges-Top-Model-Internacional.jpg","width":2656,"height":3984},{"@type":"BreadcrumbList","@id":"https:\/\/www.odemocratagb.com\/?p=19126#breadcrumb","itemListElement":[{"@type":"ListItem","position":1,"name":"In\u00edcio","item":"https:\/\/www.odemocratagb.com\/"},{"@type":"ListItem","position":2,"name":"De visita a Bissau: TOP MODEL INTERNACIONAL ANGOLANA AFIRMA QUE AFRICANOS S\u00c3O CRIADORES DA MODA"}]},{"@type":"WebSite","@id":"https:\/\/www.odemocratagb.com\/#website","url":"https:\/\/www.odemocratagb.com\/","name":"O Democrata GB","description":"Jornal O Democrata GB","publisher":{"@id":"https:\/\/www.odemocratagb.com\/#organization"},"potentialAction":[{"@type":"SearchAction","target":{"@type":"EntryPoint","urlTemplate":"https:\/\/www.odemocratagb.com\/?s={search_term_string}"},"query-input":{"@type":"PropertyValueSpecification","valueRequired":true,"valueName":"search_term_string"}}],"inLanguage":"pt-BR"},{"@type":"Organization","@id":"https:\/\/www.odemocratagb.com\/#organization","name":"O Democrata GB","url":"https:\/\/www.odemocratagb.com\/","logo":{"@type":"ImageObject","inLanguage":"pt-BR","@id":"https:\/\/www.odemocratagb.com\/#\/schema\/logo\/image\/","url":"https:\/\/www.odemocratagb.com\/wp-content\/uploads\/2026\/04\/logo-odemocratagb.png","contentUrl":"https:\/\/www.odemocratagb.com\/wp-content\/uploads\/2026\/04\/logo-odemocratagb.png","width":1250,"height":327,"caption":"O Democrata GB"},"image":{"@id":"https:\/\/www.odemocratagb.com\/#\/schema\/logo\/image\/"},"sameAs":["https:\/\/www.facebook.com\/jornaldaguinebissau","https:\/\/www.instagram.com\/odemocratagb"]},{"@type":"Person","@id":"https:\/\/www.odemocratagb.com\/#\/schema\/person\/c5e683adeaf9b557e57cf1a8a591b0c0","name":"Jornal Odemocrata","image":{"@type":"ImageObject","inLanguage":"pt-BR","@id":"https:\/\/secure.gravatar.com\/avatar\/09cb6b76eee5612f7cfca9e0089e2f17141d417bd034905eee842945c87fd87f?s=96&d=mm&r=g","url":"https:\/\/secure.gravatar.com\/avatar\/09cb6b76eee5612f7cfca9e0089e2f17141d417bd034905eee842945c87fd87f?s=96&d=mm&r=g","contentUrl":"https:\/\/secure.gravatar.com\/avatar\/09cb6b76eee5612f7cfca9e0089e2f17141d417bd034905eee842945c87fd87f?s=96&d=mm&r=g","caption":"Jornal Odemocrata"},"sameAs":["http:\/\/odemocratagb.com"],"url":"https:\/\/www.odemocratagb.com\/?author=4"}]}},"_links":{"self":[{"href":"https:\/\/www.odemocratagb.com\/index.php?rest_route=\/wp\/v2\/posts\/19126","targetHints":{"allow":["GET"]}}],"collection":[{"href":"https:\/\/www.odemocratagb.com\/index.php?rest_route=\/wp\/v2\/posts"}],"about":[{"href":"https:\/\/www.odemocratagb.com\/index.php?rest_route=\/wp\/v2\/types\/post"}],"author":[{"embeddable":true,"href":"https:\/\/www.odemocratagb.com\/index.php?rest_route=\/wp\/v2\/users\/4"}],"replies":[{"embeddable":true,"href":"https:\/\/www.odemocratagb.com\/index.php?rest_route=%2Fwp%2Fv2%2Fcomments&post=19126"}],"version-history":[{"count":2,"href":"https:\/\/www.odemocratagb.com\/index.php?rest_route=\/wp\/v2\/posts\/19126\/revisions"}],"predecessor-version":[{"id":19128,"href":"https:\/\/www.odemocratagb.com\/index.php?rest_route=\/wp\/v2\/posts\/19126\/revisions\/19128"}],"wp:featuredmedia":[{"embeddable":true,"href":"https:\/\/www.odemocratagb.com\/index.php?rest_route=\/wp\/v2\/media\/19121"}],"wp:attachment":[{"href":"https:\/\/www.odemocratagb.com\/index.php?rest_route=%2Fwp%2Fv2%2Fmedia&parent=19126"}],"wp:term":[{"taxonomy":"category","embeddable":true,"href":"https:\/\/www.odemocratagb.com\/index.php?rest_route=%2Fwp%2Fv2%2Fcategories&post=19126"},{"taxonomy":"post_tag","embeddable":true,"href":"https:\/\/www.odemocratagb.com\/index.php?rest_route=%2Fwp%2Fv2%2Ftags&post=19126"}],"curies":[{"name":"wp","href":"https:\/\/api.w.org\/{rel}","templated":true}]}}