{"id":20153,"date":"2019-04-05T19:25:01","date_gmt":"2019-04-05T19:25:01","guid":{"rendered":"http:\/\/www.odemocratagb.com\/?p=20153"},"modified":"2019-04-08T11:26:05","modified_gmt":"2019-04-08T11:26:05","slug":"arroz-doado-pela-china-pj-confirma-venda-de-arroz-e-revela-que-ministro-de-agricultura-apropriou-se-de-uma-tonelada%ef%bb%bf","status":"publish","type":"post","link":"https:\/\/www.odemocratagb.com\/?p=20153","title":{"rendered":"Arroz doado pela China: PJ CONFIRMA VENDA DE ARROZ E REVELA QUE MINISTRO DE AGRICULTURA APROPRIOU-SE DE UMA TONELADA\ufeff"},"content":{"rendered":"\n<p class=\"wp-block-paragraph\">O Inspetor Coordenador da Pol\u00edcia Judici\u00e1ria guineense, Fernando Jorge Barreto, confirmou esta sexta-feira, 05 de abril, que foram apreendidas algumas dezenas de toneladas de arroz doado pela Rep\u00fablica Popular da China ao governo guineense e que estava a ser vendido. O inspetor coordenador revelou ainda que tamb\u00e9m o ministro da Agricultura e Desenvolvimento Rural, Niculau dos Santos, ter\u00e1 se apropriado de uma tonelada (20 sacos) do mesmo arroz destinado a fam\u00edlias guineenses carenciadas e que ainda ordenou a entrega de dezenas de sacos aos membros do seu gabinete e aos seus pr\u00f3ximos.<\/p>\n\n\n\n<p class=\"wp-block-paragraph\">O inspetor\nfez esta den\u00fancia durante uma confer\u00eancia de imprensa realizada na sede\nnacional da Pol\u00edcia Judici\u00e1ria para esclarecer \u00e0 opini\u00e3o p\u00fablica dos trabalhos\nrealizados no \u00e2mbito da primeira fase da &#8220;Opera\u00e7\u00e3o Arruz di Povo \u2013 Arroz\ndo Povo&#8221;, levada a cabo por aquela corpora\u00e7\u00e3o policial, na seq\u00fc\u00eancia da\nqual detiveram tr\u00eas pessoas&nbsp;entre elas o delegado regional da agricultura\nna regi\u00e3o de Bafat\u00e1, por suspeita de envolvimento no caso.<\/p>\n\n\n\n<p class=\"wp-block-paragraph\">Explicou\naos jornalistas que a PJ apreendeu, no dia 03 do m\u00eas em curso, 1260 (mil\nduzentos e sessenta) sacos de arroz no armaz\u00e9m da Empresa &#8220;Cuba Lda&#8221;\ne ontem (04 de mar\u00e7o) voltaram a apreender 859 sacos de arroz no mesmo armaz\u00e9m.\nAcrescentou que s\u00e3o no total 2119 (dois mil e centos de dezanove) sacos de\narroz que estavam guardados naquele armaz\u00e9m na cidade de Bafat\u00e1 e que pertence\nao cidad\u00e3o Botche Cand\u00e9&nbsp;[Conselheiro do Presidente Jos\u00e9 M\u00e1rio Vaz para\n\u00e1rea da Defesa e Seguran\u00e7a Interna e Externa].&nbsp;<\/p>\n\n\n\n<p class=\"wp-block-paragraph\">Fica inc\u00f3gnito\no paradeiro da parte do mesmo lote de arroz, j\u00e1 que o ministro da agricultura\ndeclarou ontem (quinta-feira) em confer\u00eancia de imprensa que colocaram quatro\nmil sacos de arroz no mesmo armaz\u00e9m.<\/p>\n\n\n\n<p class=\"wp-block-paragraph\">&#8220;Quando\nchegamos \u00e0 cidade de Bafat\u00e1, ontem, vimos um cami\u00e3o estacionado a frente do\narmaz\u00e9m e que carregava 540 sacos de arroz, de acordo com o termo de entrega\nque o condutor&nbsp; entregara aos respons\u00e1veis do armaz\u00e9m. Durante a opera\u00e7\u00e3o\nem Bafat\u00e1, fomos confrontados com uma informa\u00e7\u00e3o que havia uma certa quantidade\nde arroz guardada numa casa privada. Quando chegamos ao local, vimos o arroz\nnuma viatura dupla, propriedade de um jovem de nome Mussa Cand\u00e9. Constatamos\nque era o mesmo arroz oferecido pela China, mas&nbsp; colocado num saco\ndiferente dos sacos originais que a China entregou, ou seja, naquela casa\nestavam a fazer a mudan\u00e7a do arroz do saco original para outro de marca\ndiferente, com o prop\u00f3sito de camuflar a origem do arroz&#8221;, espelhou.<\/p>\n\n\n\n<p class=\"wp-block-paragraph\">Barreto\nassegurou ainda que a pol\u00edcia deteve a viatura dupla cabine que transportava 12\nsacos e alguns sacos vazios que seriam usados para substituir o saco original,\ncomo tamb\u00e9m apreenderam duas pessoas que seguiam na viatura, mas o propriet\u00e1rio\nda viatura (Mussa Cand\u00e9) fugiu. Enfantizou que o propriet\u00e1rio da casa onde se\nprocedia a troca de sacos de arroz fugiu, mas acabaram por arrombar as portas\nda casa e conseguiram apreender 60 sacos de arroz e 101 sacos vazios da outra\nmarca que usavam para substituir os sacos originais.<\/p>\n\n\n\n<p class=\"wp-block-paragraph\"><\/p>\n\n\n\n<p class=\"wp-block-paragraph\"><\/p>\n\n\n\n<p class=\"wp-block-paragraph\"><strong>Por: Assana Samb\u00fa<\/strong><\/p>\n\n\n\n<p class=\"wp-block-paragraph\"><strong>Foto: A.S&nbsp; &nbsp;&nbsp;<\/strong><\/p>\n","protected":false},"excerpt":{"rendered":"<p>O Inspetor Coordenador da Pol\u00edcia Judici\u00e1ria guineense, Fernando Jorge Barreto, confirmou esta sexta-feira, 05 de abril, que foram apreendidas algumas&#8230;<\/p>\n","protected":false},"author":4,"featured_media":20152,"comment_status":"open","ping_status":"open","sticky":false,"template":"","format":"standard","meta":{"footnotes":""},"categories":[6,16],"tags":[],"class_list":["post-20153","post","type-post","status-publish","format-standard","has-post-thumbnail","hentry","category-inicio","category-sociedade","wpcat-6-id","wpcat-16-id"],"yoast_head":"<!-- This site is optimized with the Yoast SEO plugin v27.5 - https:\/\/yoast.com\/product\/yoast-seo-wordpress\/ -->\n<title>Arroz doado pela China: PJ CONFIRMA VENDA DE ARROZ E REVELA QUE MINISTRO DE AGRICULTURA APROPRIOU-SE DE UMA TONELADA\ufeff - O Democrata GB<\/title>\n<meta name=\"robots\" content=\"index, follow, max-snippet:-1, max-image-preview:large, max-video-preview:-1\" \/>\n<link rel=\"canonical\" href=\"https:\/\/www.odemocratagb.com\/?p=20153\" \/>\n<meta property=\"og:locale\" content=\"pt_BR\" \/>\n<meta property=\"og:type\" content=\"article\" \/>\n<meta property=\"og:title\" content=\"Arroz doado pela China: PJ CONFIRMA VENDA DE ARROZ E REVELA QUE MINISTRO DE AGRICULTURA APROPRIOU-SE DE UMA TONELADA\ufeff - O Democrata GB\" \/>\n<meta property=\"og:description\" content=\"O Inspetor Coordenador da Pol\u00edcia Judici\u00e1ria guineense, Fernando Jorge Barreto, confirmou esta sexta-feira, 05 de abril, que foram apreendidas algumas...\" \/>\n<meta property=\"og:url\" content=\"https:\/\/www.odemocratagb.com\/?p=20153\" \/>\n<meta property=\"og:site_name\" content=\"O Democrata GB\" \/>\n<meta property=\"article:publisher\" content=\"https:\/\/www.facebook.com\/jornaldaguinebissau\" \/>\n<meta property=\"article:published_time\" content=\"2019-04-05T19:25:01+00:00\" \/>\n<meta property=\"article:modified_time\" content=\"2019-04-08T11:26:05+00:00\" \/>\n<meta property=\"og:image\" content=\"https:\/\/www.odemocratagb.com\/wp-content\/uploads\/2019\/04\/Fernando-Jorge-PJ-1024x678.jpg\" \/>\n\t<meta property=\"og:image:width\" content=\"1024\" \/>\n\t<meta property=\"og:image:height\" content=\"678\" \/>\n\t<meta property=\"og:image:type\" content=\"image\/jpeg\" \/>\n<meta name=\"author\" content=\"Jornal Odemocrata\" \/>\n<meta name=\"twitter:card\" content=\"summary_large_image\" \/>\n<meta name=\"twitter:label1\" content=\"Escrito por\" \/>\n\t<meta name=\"twitter:data1\" content=\"Jornal Odemocrata\" \/>\n\t<meta name=\"twitter:label2\" content=\"Est. tempo de leitura\" \/>\n\t<meta name=\"twitter:data2\" content=\"3 minutos\" \/>\n<script type=\"application\/ld+json\" class=\"yoast-schema-graph\">{\"@context\":\"https:\\\/\\\/schema.org\",\"@graph\":[{\"@type\":\"Article\",\"@id\":\"https:\\\/\\\/www.odemocratagb.com\\\/?p=20153#article\",\"isPartOf\":{\"@id\":\"https:\\\/\\\/www.odemocratagb.com\\\/?p=20153\"},\"author\":{\"name\":\"Jornal Odemocrata\",\"@id\":\"https:\\\/\\\/www.odemocratagb.com\\\/#\\\/schema\\\/person\\\/c5e683adeaf9b557e57cf1a8a591b0c0\"},\"headline\":\"Arroz doado pela China: PJ CONFIRMA VENDA DE ARROZ E REVELA QUE MINISTRO DE AGRICULTURA APROPRIOU-SE DE UMA TONELADA\ufeff\",\"datePublished\":\"2019-04-05T19:25:01+00:00\",\"dateModified\":\"2019-04-08T11:26:05+00:00\",\"mainEntityOfPage\":{\"@id\":\"https:\\\/\\\/www.odemocratagb.com\\\/?p=20153\"},\"wordCount\":560,\"commentCount\":1,\"publisher\":{\"@id\":\"https:\\\/\\\/www.odemocratagb.com\\\/#organization\"},\"image\":{\"@id\":\"https:\\\/\\\/www.odemocratagb.com\\\/?p=20153#primaryimage\"},\"thumbnailUrl\":\"https:\\\/\\\/www.odemocratagb.com\\\/wp-content\\\/uploads\\\/2019\\\/04\\\/Fernando-Jorge-PJ.jpg\",\"articleSection\":[\"Atualidade\",\"Sociedade\"],\"inLanguage\":\"pt-BR\",\"potentialAction\":[{\"@type\":\"CommentAction\",\"name\":\"Comment\",\"target\":[\"https:\\\/\\\/www.odemocratagb.com\\\/?p=20153#respond\"]}]},{\"@type\":\"WebPage\",\"@id\":\"https:\\\/\\\/www.odemocratagb.com\\\/?p=20153\",\"url\":\"https:\\\/\\\/www.odemocratagb.com\\\/?p=20153\",\"name\":\"Arroz doado pela China: PJ CONFIRMA VENDA DE ARROZ E REVELA QUE MINISTRO DE AGRICULTURA APROPRIOU-SE DE UMA TONELADA\ufeff - O Democrata GB\",\"isPartOf\":{\"@id\":\"https:\\\/\\\/www.odemocratagb.com\\\/#website\"},\"primaryImageOfPage\":{\"@id\":\"https:\\\/\\\/www.odemocratagb.com\\\/?p=20153#primaryimage\"},\"image\":{\"@id\":\"https:\\\/\\\/www.odemocratagb.com\\\/?p=20153#primaryimage\"},\"thumbnailUrl\":\"https:\\\/\\\/www.odemocratagb.com\\\/wp-content\\\/uploads\\\/2019\\\/04\\\/Fernando-Jorge-PJ.jpg\",\"datePublished\":\"2019-04-05T19:25:01+00:00\",\"dateModified\":\"2019-04-08T11:26:05+00:00\",\"breadcrumb\":{\"@id\":\"https:\\\/\\\/www.odemocratagb.com\\\/?p=20153#breadcrumb\"},\"inLanguage\":\"pt-BR\",\"potentialAction\":[{\"@type\":\"ReadAction\",\"target\":[\"https:\\\/\\\/www.odemocratagb.com\\\/?p=20153\"]}]},{\"@type\":\"ImageObject\",\"inLanguage\":\"pt-BR\",\"@id\":\"https:\\\/\\\/www.odemocratagb.com\\\/?p=20153#primaryimage\",\"url\":\"https:\\\/\\\/www.odemocratagb.com\\\/wp-content\\\/uploads\\\/2019\\\/04\\\/Fernando-Jorge-PJ.jpg\",\"contentUrl\":\"https:\\\/\\\/www.odemocratagb.com\\\/wp-content\\\/uploads\\\/2019\\\/04\\\/Fernando-Jorge-PJ.jpg\",\"width\":3696,\"height\":2448},{\"@type\":\"BreadcrumbList\",\"@id\":\"https:\\\/\\\/www.odemocratagb.com\\\/?p=20153#breadcrumb\",\"itemListElement\":[{\"@type\":\"ListItem\",\"position\":1,\"name\":\"In\u00edcio\",\"item\":\"https:\\\/\\\/www.odemocratagb.com\\\/\"},{\"@type\":\"ListItem\",\"position\":2,\"name\":\"Arroz doado pela China: PJ CONFIRMA VENDA DE ARROZ E REVELA QUE MINISTRO DE AGRICULTURA APROPRIOU-SE DE UMA TONELADA\ufeff\"}]},{\"@type\":\"WebSite\",\"@id\":\"https:\\\/\\\/www.odemocratagb.com\\\/#website\",\"url\":\"https:\\\/\\\/www.odemocratagb.com\\\/\",\"name\":\"O Democrata GB\",\"description\":\"Jornal O Democrata GB\",\"publisher\":{\"@id\":\"https:\\\/\\\/www.odemocratagb.com\\\/#organization\"},\"potentialAction\":[{\"@type\":\"SearchAction\",\"target\":{\"@type\":\"EntryPoint\",\"urlTemplate\":\"https:\\\/\\\/www.odemocratagb.com\\\/?s={search_term_string}\"},\"query-input\":{\"@type\":\"PropertyValueSpecification\",\"valueRequired\":true,\"valueName\":\"search_term_string\"}}],\"inLanguage\":\"pt-BR\"},{\"@type\":\"Organization\",\"@id\":\"https:\\\/\\\/www.odemocratagb.com\\\/#organization\",\"name\":\"O Democrata GB\",\"url\":\"https:\\\/\\\/www.odemocratagb.com\\\/\",\"logo\":{\"@type\":\"ImageObject\",\"inLanguage\":\"pt-BR\",\"@id\":\"https:\\\/\\\/www.odemocratagb.com\\\/#\\\/schema\\\/logo\\\/image\\\/\",\"url\":\"https:\\\/\\\/www.odemocratagb.com\\\/wp-content\\\/uploads\\\/2026\\\/04\\\/logo-odemocratagb.png\",\"contentUrl\":\"https:\\\/\\\/www.odemocratagb.com\\\/wp-content\\\/uploads\\\/2026\\\/04\\\/logo-odemocratagb.png\",\"width\":1250,\"height\":327,\"caption\":\"O Democrata GB\"},\"image\":{\"@id\":\"https:\\\/\\\/www.odemocratagb.com\\\/#\\\/schema\\\/logo\\\/image\\\/\"},\"sameAs\":[\"https:\\\/\\\/www.facebook.com\\\/jornaldaguinebissau\",\"https:\\\/\\\/www.instagram.com\\\/odemocratagb\"]},{\"@type\":\"Person\",\"@id\":\"https:\\\/\\\/www.odemocratagb.com\\\/#\\\/schema\\\/person\\\/c5e683adeaf9b557e57cf1a8a591b0c0\",\"name\":\"Jornal Odemocrata\",\"image\":{\"@type\":\"ImageObject\",\"inLanguage\":\"pt-BR\",\"@id\":\"https:\\\/\\\/secure.gravatar.com\\\/avatar\\\/09cb6b76eee5612f7cfca9e0089e2f17141d417bd034905eee842945c87fd87f?s=96&d=mm&r=g\",\"url\":\"https:\\\/\\\/secure.gravatar.com\\\/avatar\\\/09cb6b76eee5612f7cfca9e0089e2f17141d417bd034905eee842945c87fd87f?s=96&d=mm&r=g\",\"contentUrl\":\"https:\\\/\\\/secure.gravatar.com\\\/avatar\\\/09cb6b76eee5612f7cfca9e0089e2f17141d417bd034905eee842945c87fd87f?s=96&d=mm&r=g\",\"caption\":\"Jornal Odemocrata\"},\"sameAs\":[\"http:\\\/\\\/odemocratagb.com\"],\"url\":\"https:\\\/\\\/www.odemocratagb.com\\\/?author=4\"}]}<\/script>\n<!-- \/ Yoast SEO plugin. -->","yoast_head_json":{"title":"Arroz doado pela China: PJ CONFIRMA VENDA DE ARROZ E REVELA QUE MINISTRO DE AGRICULTURA APROPRIOU-SE DE UMA TONELADA\ufeff - O Democrata GB","robots":{"index":"index","follow":"follow","max-snippet":"max-snippet:-1","max-image-preview":"max-image-preview:large","max-video-preview":"max-video-preview:-1"},"canonical":"https:\/\/www.odemocratagb.com\/?p=20153","og_locale":"pt_BR","og_type":"article","og_title":"Arroz doado pela China: PJ CONFIRMA VENDA DE ARROZ E REVELA QUE MINISTRO DE AGRICULTURA APROPRIOU-SE DE UMA TONELADA\ufeff - O Democrata GB","og_description":"O Inspetor Coordenador da Pol\u00edcia Judici\u00e1ria guineense, Fernando Jorge Barreto, confirmou esta sexta-feira, 05 de abril, que foram apreendidas algumas...","og_url":"https:\/\/www.odemocratagb.com\/?p=20153","og_site_name":"O Democrata GB","article_publisher":"https:\/\/www.facebook.com\/jornaldaguinebissau","article_published_time":"2019-04-05T19:25:01+00:00","article_modified_time":"2019-04-08T11:26:05+00:00","og_image":[{"width":1024,"height":678,"url":"https:\/\/www.odemocratagb.com\/wp-content\/uploads\/2019\/04\/Fernando-Jorge-PJ-1024x678.jpg","type":"image\/jpeg"}],"author":"Jornal Odemocrata","twitter_card":"summary_large_image","twitter_misc":{"Escrito por":"Jornal Odemocrata","Est. tempo de leitura":"3 minutos"},"schema":{"@context":"https:\/\/schema.org","@graph":[{"@type":"Article","@id":"https:\/\/www.odemocratagb.com\/?p=20153#article","isPartOf":{"@id":"https:\/\/www.odemocratagb.com\/?p=20153"},"author":{"name":"Jornal Odemocrata","@id":"https:\/\/www.odemocratagb.com\/#\/schema\/person\/c5e683adeaf9b557e57cf1a8a591b0c0"},"headline":"Arroz doado pela China: PJ CONFIRMA VENDA DE ARROZ E REVELA QUE MINISTRO DE AGRICULTURA APROPRIOU-SE DE UMA TONELADA\ufeff","datePublished":"2019-04-05T19:25:01+00:00","dateModified":"2019-04-08T11:26:05+00:00","mainEntityOfPage":{"@id":"https:\/\/www.odemocratagb.com\/?p=20153"},"wordCount":560,"commentCount":1,"publisher":{"@id":"https:\/\/www.odemocratagb.com\/#organization"},"image":{"@id":"https:\/\/www.odemocratagb.com\/?p=20153#primaryimage"},"thumbnailUrl":"https:\/\/www.odemocratagb.com\/wp-content\/uploads\/2019\/04\/Fernando-Jorge-PJ.jpg","articleSection":["Atualidade","Sociedade"],"inLanguage":"pt-BR","potentialAction":[{"@type":"CommentAction","name":"Comment","target":["https:\/\/www.odemocratagb.com\/?p=20153#respond"]}]},{"@type":"WebPage","@id":"https:\/\/www.odemocratagb.com\/?p=20153","url":"https:\/\/www.odemocratagb.com\/?p=20153","name":"Arroz doado pela China: PJ CONFIRMA VENDA DE ARROZ E REVELA QUE MINISTRO DE AGRICULTURA APROPRIOU-SE DE UMA TONELADA\ufeff - O Democrata GB","isPartOf":{"@id":"https:\/\/www.odemocratagb.com\/#website"},"primaryImageOfPage":{"@id":"https:\/\/www.odemocratagb.com\/?p=20153#primaryimage"},"image":{"@id":"https:\/\/www.odemocratagb.com\/?p=20153#primaryimage"},"thumbnailUrl":"https:\/\/www.odemocratagb.com\/wp-content\/uploads\/2019\/04\/Fernando-Jorge-PJ.jpg","datePublished":"2019-04-05T19:25:01+00:00","dateModified":"2019-04-08T11:26:05+00:00","breadcrumb":{"@id":"https:\/\/www.odemocratagb.com\/?p=20153#breadcrumb"},"inLanguage":"pt-BR","potentialAction":[{"@type":"ReadAction","target":["https:\/\/www.odemocratagb.com\/?p=20153"]}]},{"@type":"ImageObject","inLanguage":"pt-BR","@id":"https:\/\/www.odemocratagb.com\/?p=20153#primaryimage","url":"https:\/\/www.odemocratagb.com\/wp-content\/uploads\/2019\/04\/Fernando-Jorge-PJ.jpg","contentUrl":"https:\/\/www.odemocratagb.com\/wp-content\/uploads\/2019\/04\/Fernando-Jorge-PJ.jpg","width":3696,"height":2448},{"@type":"BreadcrumbList","@id":"https:\/\/www.odemocratagb.com\/?p=20153#breadcrumb","itemListElement":[{"@type":"ListItem","position":1,"name":"In\u00edcio","item":"https:\/\/www.odemocratagb.com\/"},{"@type":"ListItem","position":2,"name":"Arroz doado pela China: PJ CONFIRMA VENDA DE ARROZ E REVELA QUE MINISTRO DE AGRICULTURA APROPRIOU-SE DE UMA TONELADA\ufeff"}]},{"@type":"WebSite","@id":"https:\/\/www.odemocratagb.com\/#website","url":"https:\/\/www.odemocratagb.com\/","name":"O Democrata GB","description":"Jornal O Democrata GB","publisher":{"@id":"https:\/\/www.odemocratagb.com\/#organization"},"potentialAction":[{"@type":"SearchAction","target":{"@type":"EntryPoint","urlTemplate":"https:\/\/www.odemocratagb.com\/?s={search_term_string}"},"query-input":{"@type":"PropertyValueSpecification","valueRequired":true,"valueName":"search_term_string"}}],"inLanguage":"pt-BR"},{"@type":"Organization","@id":"https:\/\/www.odemocratagb.com\/#organization","name":"O Democrata GB","url":"https:\/\/www.odemocratagb.com\/","logo":{"@type":"ImageObject","inLanguage":"pt-BR","@id":"https:\/\/www.odemocratagb.com\/#\/schema\/logo\/image\/","url":"https:\/\/www.odemocratagb.com\/wp-content\/uploads\/2026\/04\/logo-odemocratagb.png","contentUrl":"https:\/\/www.odemocratagb.com\/wp-content\/uploads\/2026\/04\/logo-odemocratagb.png","width":1250,"height":327,"caption":"O Democrata GB"},"image":{"@id":"https:\/\/www.odemocratagb.com\/#\/schema\/logo\/image\/"},"sameAs":["https:\/\/www.facebook.com\/jornaldaguinebissau","https:\/\/www.instagram.com\/odemocratagb"]},{"@type":"Person","@id":"https:\/\/www.odemocratagb.com\/#\/schema\/person\/c5e683adeaf9b557e57cf1a8a591b0c0","name":"Jornal Odemocrata","image":{"@type":"ImageObject","inLanguage":"pt-BR","@id":"https:\/\/secure.gravatar.com\/avatar\/09cb6b76eee5612f7cfca9e0089e2f17141d417bd034905eee842945c87fd87f?s=96&d=mm&r=g","url":"https:\/\/secure.gravatar.com\/avatar\/09cb6b76eee5612f7cfca9e0089e2f17141d417bd034905eee842945c87fd87f?s=96&d=mm&r=g","contentUrl":"https:\/\/secure.gravatar.com\/avatar\/09cb6b76eee5612f7cfca9e0089e2f17141d417bd034905eee842945c87fd87f?s=96&d=mm&r=g","caption":"Jornal Odemocrata"},"sameAs":["http:\/\/odemocratagb.com"],"url":"https:\/\/www.odemocratagb.com\/?author=4"}]}},"_links":{"self":[{"href":"https:\/\/www.odemocratagb.com\/index.php?rest_route=\/wp\/v2\/posts\/20153","targetHints":{"allow":["GET"]}}],"collection":[{"href":"https:\/\/www.odemocratagb.com\/index.php?rest_route=\/wp\/v2\/posts"}],"about":[{"href":"https:\/\/www.odemocratagb.com\/index.php?rest_route=\/wp\/v2\/types\/post"}],"author":[{"embeddable":true,"href":"https:\/\/www.odemocratagb.com\/index.php?rest_route=\/wp\/v2\/users\/4"}],"replies":[{"embeddable":true,"href":"https:\/\/www.odemocratagb.com\/index.php?rest_route=%2Fwp%2Fv2%2Fcomments&post=20153"}],"version-history":[{"count":2,"href":"https:\/\/www.odemocratagb.com\/index.php?rest_route=\/wp\/v2\/posts\/20153\/revisions"}],"predecessor-version":[{"id":20170,"href":"https:\/\/www.odemocratagb.com\/index.php?rest_route=\/wp\/v2\/posts\/20153\/revisions\/20170"}],"wp:featuredmedia":[{"embeddable":true,"href":"https:\/\/www.odemocratagb.com\/index.php?rest_route=\/wp\/v2\/media\/20152"}],"wp:attachment":[{"href":"https:\/\/www.odemocratagb.com\/index.php?rest_route=%2Fwp%2Fv2%2Fmedia&parent=20153"}],"wp:term":[{"taxonomy":"category","embeddable":true,"href":"https:\/\/www.odemocratagb.com\/index.php?rest_route=%2Fwp%2Fv2%2Fcategories&post=20153"},{"taxonomy":"post_tag","embeddable":true,"href":"https:\/\/www.odemocratagb.com\/index.php?rest_route=%2Fwp%2Fv2%2Ftags&post=20153"}],"curies":[{"name":"wp","href":"https:\/\/api.w.org\/{rel}","templated":true}]}}