{"id":20853,"date":"2019-06-17T21:28:26","date_gmt":"2019-06-17T21:28:26","guid":{"rendered":"http:\/\/www.odemocratagb.com\/?p=20853"},"modified":"2019-06-17T21:28:29","modified_gmt":"2019-06-17T21:28:29","slug":"lider-de-bancada-do-prs-paigc-assaltou-indevidamente-o-lugar-de-primeiro-secretario-da-mesa","status":"publish","type":"post","link":"https:\/\/www.odemocratagb.com\/?p=20853","title":{"rendered":"L\u00edder de bancada do PRS: &#8220;PAIGC ASSALTOU INDEVIDAMENTE O LUGAR DE PRIMEIRO SECRET\u00c1RIO DA MESA&#8221;"},"content":{"rendered":"\n<p class=\"wp-block-paragraph\">O l\u00edder de bancada parlamentar do Partido da Renova\u00e7\u00e3o Social (PRS), Sola N&#8217;quilim Na Bitchita, disse que a dire\u00e7\u00e3o do PAIGC assaltou indevidamente o lugar de primeiro secret\u00e1rio da Mesa da Assembleia Nacional Popular que, de acordo com a lei, pertence ao seu partido na qualidade da terceira maior for\u00e7a pol\u00edtica no Parlamento.<\/p>\n\n\n\n<p class=\"wp-block-paragraph\">Na Bitchita falava aos jornalistas depois da reuni\u00e3o mantida com a delega\u00e7\u00e3o do Conselho da Paz e Seguran\u00e7a da Uni\u00e3o Africana na sede da representa\u00e7\u00e3o da UA, em Bissau.<\/p>\n\n\n\n<p class=\"wp-block-paragraph\">A delega\u00e7\u00e3o do Conselho da Paz e Seguran\u00e7a da Uni\u00e3o Africana chefiada pelo Embaixador da Serra-Leoa junto daquela organiza\u00e7\u00e3o regional, Brima Patrick Kapuwa, est\u00e1 no pa\u00eds desde ontem (domingo, 16 de junho) com o intuito de encontrar uma solu\u00e7\u00e3o ao impasse que se regista no Parlamento.<\/p>\n\n\n\n<p class=\"wp-block-paragraph\">No per\u00edodo da manh\u00e3 desta segunda-feira, 17 de junho, a delega\u00e7\u00e3o reuniu-se com os elementos da comunidade internacional agrupados no chamado &#8220;P&#8217;5&#8221; e foi recebida pelo Chefe de Estado guineense. Esta tarde reuniu-se com os respons\u00e1veis dos seis partidos que det\u00eam assento no Parlamento, designadamente: PAIGC, MADEM-G15, PRS, APU-PDGB, UM e PND.<\/p>\n\n\n\n<p class=\"wp-block-paragraph\">Sola N&#8217;quilim Na Bitchita explicou na sua declara\u00e7\u00e3o que informaram \u00e0 delega\u00e7\u00e3o da Uni\u00e3o Africana que neste momento a \u00fanica sa\u00edda \u00e0 crise que se regista \u00e9 a composi\u00e7\u00e3o da Mesa da Assembleia Nacional Popular.<\/p>\n\n\n\n<p class=\"wp-block-paragraph\">&#8220;A Mesa da ANP est\u00e1 ainda inconclusiva. Como sabem, o candidao do MADEM foi chumbado na vota\u00e7\u00e3o do dia 18 de abril, aquando da constitui\u00e7\u00e3o da Mesa. E como sabem, o PAIGC assaltou indevidamente o lugar do primeiro secret\u00e1rio na mesa do Parlamento, que por lei pertence ao PRS. E s\u00e3o essas duas pequenas quest\u00f5es que levaram o pa\u00eds ao impasse&#8221;, contou.<\/p>\n\n\n\n<p class=\"wp-block-paragraph\">Critica ainda as vozes que alegam que a composi\u00e7\u00e3o da mesa n\u00e3o tem nada a ver com o governo, tendo considerado absurdas tais declara\u00e7\u00f5es. Refor\u00e7ou neste particular que \u201co governo \u00e9 a emana\u00e7\u00e3o da Assembleia Nacional Popular\u201d.<\/p>\n\n\n\n<p class=\"wp-block-paragraph\"><\/p>\n\n\n\n<p class=\"wp-block-paragraph\"><\/p>\n\n\n\n<p class=\"wp-block-paragraph\"><\/p>\n\n\n\n<p class=\"wp-block-paragraph\"><strong>Por: Assana Samb\u00fa \u00a0 \u00a0 \u00a0 \u00a0<\/strong><\/p>\n","protected":false},"excerpt":{"rendered":"<p>O l\u00edder de bancada parlamentar do Partido da Renova\u00e7\u00e3o Social (PRS), Sola N&#8217;quilim Na Bitchita, disse que a dire\u00e7\u00e3o do&#8230;<\/p>\n","protected":false},"author":4,"featured_media":20843,"comment_status":"open","ping_status":"open","sticky":false,"template":"","format":"standard","meta":{"footnotes":""},"categories":[6,7],"tags":[],"class_list":["post-20853","post","type-post","status-publish","format-standard","has-post-thumbnail","hentry","category-inicio","category-politica","wpcat-6-id","wpcat-7-id"],"yoast_head":"<!-- This site is optimized with the Yoast SEO plugin v27.5 - https:\/\/yoast.com\/product\/yoast-seo-wordpress\/ -->\n<title>L\u00edder de bancada do PRS: &quot;PAIGC ASSALTOU INDEVIDAMENTE O LUGAR DE PRIMEIRO SECRET\u00c1RIO DA MESA&quot; - O Democrata GB<\/title>\n<meta name=\"robots\" content=\"index, follow, max-snippet:-1, max-image-preview:large, max-video-preview:-1\" \/>\n<link rel=\"canonical\" href=\"https:\/\/www.odemocratagb.com\/?p=20853\" \/>\n<meta property=\"og:locale\" content=\"pt_BR\" \/>\n<meta property=\"og:type\" content=\"article\" \/>\n<meta property=\"og:title\" content=\"L\u00edder de bancada do PRS: &quot;PAIGC ASSALTOU INDEVIDAMENTE O LUGAR DE PRIMEIRO SECRET\u00c1RIO DA MESA&quot; - O Democrata GB\" \/>\n<meta property=\"og:description\" content=\"O l\u00edder de bancada parlamentar do Partido da Renova\u00e7\u00e3o Social (PRS), Sola N&#8217;quilim Na Bitchita, disse que a dire\u00e7\u00e3o do...\" \/>\n<meta property=\"og:url\" content=\"https:\/\/www.odemocratagb.com\/?p=20853\" \/>\n<meta property=\"og:site_name\" content=\"O Democrata GB\" \/>\n<meta property=\"article:publisher\" content=\"https:\/\/www.facebook.com\/jornaldaguinebissau\" \/>\n<meta property=\"article:published_time\" content=\"2019-06-17T21:28:26+00:00\" \/>\n<meta property=\"article:modified_time\" content=\"2019-06-17T21:28:29+00:00\" \/>\n<meta property=\"og:image\" content=\"https:\/\/www.odemocratagb.com\/wp-content\/uploads\/2019\/06\/sola-1.jpg\" \/>\n\t<meta property=\"og:image:width\" content=\"960\" \/>\n\t<meta property=\"og:image:height\" content=\"720\" \/>\n\t<meta property=\"og:image:type\" content=\"image\/jpeg\" \/>\n<meta name=\"author\" content=\"Jornal Odemocrata\" \/>\n<meta name=\"twitter:card\" content=\"summary_large_image\" \/>\n<meta name=\"twitter:label1\" content=\"Escrito por\" \/>\n\t<meta name=\"twitter:data1\" content=\"Jornal Odemocrata\" \/>\n\t<meta name=\"twitter:label2\" content=\"Est. tempo de leitura\" \/>\n\t<meta name=\"twitter:data2\" content=\"2 minutos\" \/>\n<script type=\"application\/ld+json\" class=\"yoast-schema-graph\">{\"@context\":\"https:\\\/\\\/schema.org\",\"@graph\":[{\"@type\":\"Article\",\"@id\":\"https:\\\/\\\/www.odemocratagb.com\\\/?p=20853#article\",\"isPartOf\":{\"@id\":\"https:\\\/\\\/www.odemocratagb.com\\\/?p=20853\"},\"author\":{\"name\":\"Jornal Odemocrata\",\"@id\":\"https:\\\/\\\/www.odemocratagb.com\\\/#\\\/schema\\\/person\\\/c5e683adeaf9b557e57cf1a8a591b0c0\"},\"headline\":\"L\u00edder de bancada do PRS: &#8220;PAIGC ASSALTOU INDEVIDAMENTE O LUGAR DE PRIMEIRO SECRET\u00c1RIO DA MESA&#8221;\",\"datePublished\":\"2019-06-17T21:28:26+00:00\",\"dateModified\":\"2019-06-17T21:28:29+00:00\",\"mainEntityOfPage\":{\"@id\":\"https:\\\/\\\/www.odemocratagb.com\\\/?p=20853\"},\"wordCount\":366,\"commentCount\":0,\"publisher\":{\"@id\":\"https:\\\/\\\/www.odemocratagb.com\\\/#organization\"},\"image\":{\"@id\":\"https:\\\/\\\/www.odemocratagb.com\\\/?p=20853#primaryimage\"},\"thumbnailUrl\":\"https:\\\/\\\/www.odemocratagb.com\\\/wp-content\\\/uploads\\\/2019\\\/06\\\/sola-1.jpg\",\"articleSection\":[\"Atualidade\",\"Pol\u00edtica\"],\"inLanguage\":\"pt-BR\",\"potentialAction\":[{\"@type\":\"CommentAction\",\"name\":\"Comment\",\"target\":[\"https:\\\/\\\/www.odemocratagb.com\\\/?p=20853#respond\"]}]},{\"@type\":\"WebPage\",\"@id\":\"https:\\\/\\\/www.odemocratagb.com\\\/?p=20853\",\"url\":\"https:\\\/\\\/www.odemocratagb.com\\\/?p=20853\",\"name\":\"L\u00edder de bancada do PRS: \\\"PAIGC ASSALTOU INDEVIDAMENTE O LUGAR DE PRIMEIRO SECRET\u00c1RIO DA MESA\\\" - O Democrata GB\",\"isPartOf\":{\"@id\":\"https:\\\/\\\/www.odemocratagb.com\\\/#website\"},\"primaryImageOfPage\":{\"@id\":\"https:\\\/\\\/www.odemocratagb.com\\\/?p=20853#primaryimage\"},\"image\":{\"@id\":\"https:\\\/\\\/www.odemocratagb.com\\\/?p=20853#primaryimage\"},\"thumbnailUrl\":\"https:\\\/\\\/www.odemocratagb.com\\\/wp-content\\\/uploads\\\/2019\\\/06\\\/sola-1.jpg\",\"datePublished\":\"2019-06-17T21:28:26+00:00\",\"dateModified\":\"2019-06-17T21:28:29+00:00\",\"breadcrumb\":{\"@id\":\"https:\\\/\\\/www.odemocratagb.com\\\/?p=20853#breadcrumb\"},\"inLanguage\":\"pt-BR\",\"potentialAction\":[{\"@type\":\"ReadAction\",\"target\":[\"https:\\\/\\\/www.odemocratagb.com\\\/?p=20853\"]}]},{\"@type\":\"ImageObject\",\"inLanguage\":\"pt-BR\",\"@id\":\"https:\\\/\\\/www.odemocratagb.com\\\/?p=20853#primaryimage\",\"url\":\"https:\\\/\\\/www.odemocratagb.com\\\/wp-content\\\/uploads\\\/2019\\\/06\\\/sola-1.jpg\",\"contentUrl\":\"https:\\\/\\\/www.odemocratagb.com\\\/wp-content\\\/uploads\\\/2019\\\/06\\\/sola-1.jpg\",\"width\":960,\"height\":720},{\"@type\":\"BreadcrumbList\",\"@id\":\"https:\\\/\\\/www.odemocratagb.com\\\/?p=20853#breadcrumb\",\"itemListElement\":[{\"@type\":\"ListItem\",\"position\":1,\"name\":\"In\u00edcio\",\"item\":\"https:\\\/\\\/www.odemocratagb.com\\\/\"},{\"@type\":\"ListItem\",\"position\":2,\"name\":\"L\u00edder de bancada do PRS: &#8220;PAIGC ASSALTOU INDEVIDAMENTE O LUGAR DE PRIMEIRO SECRET\u00c1RIO DA MESA&#8221;\"}]},{\"@type\":\"WebSite\",\"@id\":\"https:\\\/\\\/www.odemocratagb.com\\\/#website\",\"url\":\"https:\\\/\\\/www.odemocratagb.com\\\/\",\"name\":\"O Democrata GB\",\"description\":\"Jornal O Democrata GB\",\"publisher\":{\"@id\":\"https:\\\/\\\/www.odemocratagb.com\\\/#organization\"},\"potentialAction\":[{\"@type\":\"SearchAction\",\"target\":{\"@type\":\"EntryPoint\",\"urlTemplate\":\"https:\\\/\\\/www.odemocratagb.com\\\/?s={search_term_string}\"},\"query-input\":{\"@type\":\"PropertyValueSpecification\",\"valueRequired\":true,\"valueName\":\"search_term_string\"}}],\"inLanguage\":\"pt-BR\"},{\"@type\":\"Organization\",\"@id\":\"https:\\\/\\\/www.odemocratagb.com\\\/#organization\",\"name\":\"O Democrata GB\",\"url\":\"https:\\\/\\\/www.odemocratagb.com\\\/\",\"logo\":{\"@type\":\"ImageObject\",\"inLanguage\":\"pt-BR\",\"@id\":\"https:\\\/\\\/www.odemocratagb.com\\\/#\\\/schema\\\/logo\\\/image\\\/\",\"url\":\"https:\\\/\\\/www.odemocratagb.com\\\/wp-content\\\/uploads\\\/2026\\\/04\\\/logo-odemocratagb.png\",\"contentUrl\":\"https:\\\/\\\/www.odemocratagb.com\\\/wp-content\\\/uploads\\\/2026\\\/04\\\/logo-odemocratagb.png\",\"width\":1250,\"height\":327,\"caption\":\"O Democrata GB\"},\"image\":{\"@id\":\"https:\\\/\\\/www.odemocratagb.com\\\/#\\\/schema\\\/logo\\\/image\\\/\"},\"sameAs\":[\"https:\\\/\\\/www.facebook.com\\\/jornaldaguinebissau\",\"https:\\\/\\\/www.instagram.com\\\/odemocratagb\"]},{\"@type\":\"Person\",\"@id\":\"https:\\\/\\\/www.odemocratagb.com\\\/#\\\/schema\\\/person\\\/c5e683adeaf9b557e57cf1a8a591b0c0\",\"name\":\"Jornal Odemocrata\",\"image\":{\"@type\":\"ImageObject\",\"inLanguage\":\"pt-BR\",\"@id\":\"https:\\\/\\\/secure.gravatar.com\\\/avatar\\\/09cb6b76eee5612f7cfca9e0089e2f17141d417bd034905eee842945c87fd87f?s=96&d=mm&r=g\",\"url\":\"https:\\\/\\\/secure.gravatar.com\\\/avatar\\\/09cb6b76eee5612f7cfca9e0089e2f17141d417bd034905eee842945c87fd87f?s=96&d=mm&r=g\",\"contentUrl\":\"https:\\\/\\\/secure.gravatar.com\\\/avatar\\\/09cb6b76eee5612f7cfca9e0089e2f17141d417bd034905eee842945c87fd87f?s=96&d=mm&r=g\",\"caption\":\"Jornal Odemocrata\"},\"sameAs\":[\"http:\\\/\\\/odemocratagb.com\"],\"url\":\"https:\\\/\\\/www.odemocratagb.com\\\/?author=4\"}]}<\/script>\n<!-- \/ Yoast SEO plugin. -->","yoast_head_json":{"title":"L\u00edder de bancada do PRS: \"PAIGC ASSALTOU INDEVIDAMENTE O LUGAR DE PRIMEIRO SECRET\u00c1RIO DA MESA\" - O Democrata GB","robots":{"index":"index","follow":"follow","max-snippet":"max-snippet:-1","max-image-preview":"max-image-preview:large","max-video-preview":"max-video-preview:-1"},"canonical":"https:\/\/www.odemocratagb.com\/?p=20853","og_locale":"pt_BR","og_type":"article","og_title":"L\u00edder de bancada do PRS: \"PAIGC ASSALTOU INDEVIDAMENTE O LUGAR DE PRIMEIRO SECRET\u00c1RIO DA MESA\" - O Democrata GB","og_description":"O l\u00edder de bancada parlamentar do Partido da Renova\u00e7\u00e3o Social (PRS), Sola N&#8217;quilim Na Bitchita, disse que a dire\u00e7\u00e3o do...","og_url":"https:\/\/www.odemocratagb.com\/?p=20853","og_site_name":"O Democrata GB","article_publisher":"https:\/\/www.facebook.com\/jornaldaguinebissau","article_published_time":"2019-06-17T21:28:26+00:00","article_modified_time":"2019-06-17T21:28:29+00:00","og_image":[{"width":960,"height":720,"url":"https:\/\/www.odemocratagb.com\/wp-content\/uploads\/2019\/06\/sola-1.jpg","type":"image\/jpeg"}],"author":"Jornal Odemocrata","twitter_card":"summary_large_image","twitter_misc":{"Escrito por":"Jornal Odemocrata","Est. tempo de leitura":"2 minutos"},"schema":{"@context":"https:\/\/schema.org","@graph":[{"@type":"Article","@id":"https:\/\/www.odemocratagb.com\/?p=20853#article","isPartOf":{"@id":"https:\/\/www.odemocratagb.com\/?p=20853"},"author":{"name":"Jornal Odemocrata","@id":"https:\/\/www.odemocratagb.com\/#\/schema\/person\/c5e683adeaf9b557e57cf1a8a591b0c0"},"headline":"L\u00edder de bancada do PRS: &#8220;PAIGC ASSALTOU INDEVIDAMENTE O LUGAR DE PRIMEIRO SECRET\u00c1RIO DA MESA&#8221;","datePublished":"2019-06-17T21:28:26+00:00","dateModified":"2019-06-17T21:28:29+00:00","mainEntityOfPage":{"@id":"https:\/\/www.odemocratagb.com\/?p=20853"},"wordCount":366,"commentCount":0,"publisher":{"@id":"https:\/\/www.odemocratagb.com\/#organization"},"image":{"@id":"https:\/\/www.odemocratagb.com\/?p=20853#primaryimage"},"thumbnailUrl":"https:\/\/www.odemocratagb.com\/wp-content\/uploads\/2019\/06\/sola-1.jpg","articleSection":["Atualidade","Pol\u00edtica"],"inLanguage":"pt-BR","potentialAction":[{"@type":"CommentAction","name":"Comment","target":["https:\/\/www.odemocratagb.com\/?p=20853#respond"]}]},{"@type":"WebPage","@id":"https:\/\/www.odemocratagb.com\/?p=20853","url":"https:\/\/www.odemocratagb.com\/?p=20853","name":"L\u00edder de bancada do PRS: \"PAIGC ASSALTOU INDEVIDAMENTE O LUGAR DE PRIMEIRO SECRET\u00c1RIO DA MESA\" - O Democrata GB","isPartOf":{"@id":"https:\/\/www.odemocratagb.com\/#website"},"primaryImageOfPage":{"@id":"https:\/\/www.odemocratagb.com\/?p=20853#primaryimage"},"image":{"@id":"https:\/\/www.odemocratagb.com\/?p=20853#primaryimage"},"thumbnailUrl":"https:\/\/www.odemocratagb.com\/wp-content\/uploads\/2019\/06\/sola-1.jpg","datePublished":"2019-06-17T21:28:26+00:00","dateModified":"2019-06-17T21:28:29+00:00","breadcrumb":{"@id":"https:\/\/www.odemocratagb.com\/?p=20853#breadcrumb"},"inLanguage":"pt-BR","potentialAction":[{"@type":"ReadAction","target":["https:\/\/www.odemocratagb.com\/?p=20853"]}]},{"@type":"ImageObject","inLanguage":"pt-BR","@id":"https:\/\/www.odemocratagb.com\/?p=20853#primaryimage","url":"https:\/\/www.odemocratagb.com\/wp-content\/uploads\/2019\/06\/sola-1.jpg","contentUrl":"https:\/\/www.odemocratagb.com\/wp-content\/uploads\/2019\/06\/sola-1.jpg","width":960,"height":720},{"@type":"BreadcrumbList","@id":"https:\/\/www.odemocratagb.com\/?p=20853#breadcrumb","itemListElement":[{"@type":"ListItem","position":1,"name":"In\u00edcio","item":"https:\/\/www.odemocratagb.com\/"},{"@type":"ListItem","position":2,"name":"L\u00edder de bancada do PRS: &#8220;PAIGC ASSALTOU INDEVIDAMENTE O LUGAR DE PRIMEIRO SECRET\u00c1RIO DA MESA&#8221;"}]},{"@type":"WebSite","@id":"https:\/\/www.odemocratagb.com\/#website","url":"https:\/\/www.odemocratagb.com\/","name":"O Democrata GB","description":"Jornal O Democrata GB","publisher":{"@id":"https:\/\/www.odemocratagb.com\/#organization"},"potentialAction":[{"@type":"SearchAction","target":{"@type":"EntryPoint","urlTemplate":"https:\/\/www.odemocratagb.com\/?s={search_term_string}"},"query-input":{"@type":"PropertyValueSpecification","valueRequired":true,"valueName":"search_term_string"}}],"inLanguage":"pt-BR"},{"@type":"Organization","@id":"https:\/\/www.odemocratagb.com\/#organization","name":"O Democrata GB","url":"https:\/\/www.odemocratagb.com\/","logo":{"@type":"ImageObject","inLanguage":"pt-BR","@id":"https:\/\/www.odemocratagb.com\/#\/schema\/logo\/image\/","url":"https:\/\/www.odemocratagb.com\/wp-content\/uploads\/2026\/04\/logo-odemocratagb.png","contentUrl":"https:\/\/www.odemocratagb.com\/wp-content\/uploads\/2026\/04\/logo-odemocratagb.png","width":1250,"height":327,"caption":"O Democrata GB"},"image":{"@id":"https:\/\/www.odemocratagb.com\/#\/schema\/logo\/image\/"},"sameAs":["https:\/\/www.facebook.com\/jornaldaguinebissau","https:\/\/www.instagram.com\/odemocratagb"]},{"@type":"Person","@id":"https:\/\/www.odemocratagb.com\/#\/schema\/person\/c5e683adeaf9b557e57cf1a8a591b0c0","name":"Jornal Odemocrata","image":{"@type":"ImageObject","inLanguage":"pt-BR","@id":"https:\/\/secure.gravatar.com\/avatar\/09cb6b76eee5612f7cfca9e0089e2f17141d417bd034905eee842945c87fd87f?s=96&d=mm&r=g","url":"https:\/\/secure.gravatar.com\/avatar\/09cb6b76eee5612f7cfca9e0089e2f17141d417bd034905eee842945c87fd87f?s=96&d=mm&r=g","contentUrl":"https:\/\/secure.gravatar.com\/avatar\/09cb6b76eee5612f7cfca9e0089e2f17141d417bd034905eee842945c87fd87f?s=96&d=mm&r=g","caption":"Jornal Odemocrata"},"sameAs":["http:\/\/odemocratagb.com"],"url":"https:\/\/www.odemocratagb.com\/?author=4"}]}},"_links":{"self":[{"href":"https:\/\/www.odemocratagb.com\/index.php?rest_route=\/wp\/v2\/posts\/20853","targetHints":{"allow":["GET"]}}],"collection":[{"href":"https:\/\/www.odemocratagb.com\/index.php?rest_route=\/wp\/v2\/posts"}],"about":[{"href":"https:\/\/www.odemocratagb.com\/index.php?rest_route=\/wp\/v2\/types\/post"}],"author":[{"embeddable":true,"href":"https:\/\/www.odemocratagb.com\/index.php?rest_route=\/wp\/v2\/users\/4"}],"replies":[{"embeddable":true,"href":"https:\/\/www.odemocratagb.com\/index.php?rest_route=%2Fwp%2Fv2%2Fcomments&post=20853"}],"version-history":[{"count":1,"href":"https:\/\/www.odemocratagb.com\/index.php?rest_route=\/wp\/v2\/posts\/20853\/revisions"}],"predecessor-version":[{"id":20854,"href":"https:\/\/www.odemocratagb.com\/index.php?rest_route=\/wp\/v2\/posts\/20853\/revisions\/20854"}],"wp:featuredmedia":[{"embeddable":true,"href":"https:\/\/www.odemocratagb.com\/index.php?rest_route=\/wp\/v2\/media\/20843"}],"wp:attachment":[{"href":"https:\/\/www.odemocratagb.com\/index.php?rest_route=%2Fwp%2Fv2%2Fmedia&parent=20853"}],"wp:term":[{"taxonomy":"category","embeddable":true,"href":"https:\/\/www.odemocratagb.com\/index.php?rest_route=%2Fwp%2Fv2%2Fcategories&post=20853"},{"taxonomy":"post_tag","embeddable":true,"href":"https:\/\/www.odemocratagb.com\/index.php?rest_route=%2Fwp%2Fv2%2Ftags&post=20853"}],"curies":[{"name":"wp","href":"https:\/\/api.w.org\/{rel}","templated":true}]}}