{"id":22072,"date":"2019-10-06T12:12:15","date_gmt":"2019-10-06T12:12:15","guid":{"rendered":"http:\/\/www.odemocratagb.com\/?p=22072"},"modified":"2019-10-06T12:12:21","modified_gmt":"2019-10-06T12:12:21","slug":"figura-da-semana-avancado-guineense-mama-balde-no-onze-da-8a-jornada-de-primeira-liga-francesa","status":"publish","type":"post","link":"https:\/\/www.odemocratagb.com\/?p=22072","title":{"rendered":"Figura da Semana: AVAN\u00c7ADO GUINEENSE MAMA BALD\u00c9 NO ONZE DA 8\u00aa JORNADA DE PRIMEIRA LIGA FRANCESA"},"content":{"rendered":"\n<p class=\"wp-block-paragraph\">[SEMANA 40_2019] O atacante guineense de Dijon da Primeira Liga Francesa de futebol, Mama Bald\u00e9, figura no onze da 8\u00aa jornada da Ligue 1, numa escolha feita pelo conceituado jornal franc\u00eas L&#8217;\u00c9quipe. A equipa do di\u00e1rio desportivo gaul\u00eas atribuiu 7 pontos ao internacional guineense, numa pontua\u00e7\u00e3o m\u00e1xima de dez valores.<\/p>\n\n\n\n<p class=\"wp-block-paragraph\">Na oitava jornada\nda Ligue 1, Mama Bald\u00e9 teve uma brilhante exibi\u00e7\u00e3o frente ao Stade de Reims,\nonde fez assist\u00eancia para o primeiro golo do Dijon e mais tarde apontou o\nsegundo tento [o primeiro na sua conta pessoal] que garantiu a primeira vit\u00f3ria\nda sua equipa na presente edi\u00e7\u00e3o da primeira Liga Francesa de futebol.<\/p>\n\n\n\n<figure class=\"wp-block-image\"><img loading=\"lazy\" decoding=\"async\" width=\"665\" height=\"887\" src=\"http:\/\/www.odemocratagb.com\/wp-content\/uploads\/2019\/10\/AD4EDAF7-0FF1-4499-BB6F-19F151A59A6F.png\" alt=\"\" class=\"wp-image-22076\" srcset=\"https:\/\/www.odemocratagb.com\/wp-content\/uploads\/2019\/10\/AD4EDAF7-0FF1-4499-BB6F-19F151A59A6F.png 665w, https:\/\/www.odemocratagb.com\/wp-content\/uploads\/2019\/10\/AD4EDAF7-0FF1-4499-BB6F-19F151A59A6F-225x300.png 225w\" sizes=\"auto, (max-width: 665px) 100vw, 665px\" \/><\/figure>\n\n\n\n<p class=\"wp-block-paragraph\"><strong>BIOGRAFIA&nbsp;<\/strong><br>\n<br>\nMama\nSamba Bald\u00e9 nasceu no dia 06 de novembro de 1995 em Bissau, capital da\nGuin\u00e9-Bissau, tem 23 anos de idade. Venceu uma Ta\u00e7a de Portugal pelo Desportivo\ndas Aves na temporada 2017\/2018. Bald\u00e9 foi o grande refor\u00e7o dos Djurtus no\nCAN&#8217;2019 disputado no Egito.<\/p>\n\n\n\n<p class=\"wp-block-paragraph\">Mama Bald\u00e9 iniciou\no sua forma\u00e7\u00e3o futebol\u00edstica no Algueir\u00e3o na \u00e9poca 2006\/2007 nos Juniores D\nsub&#8217;13, depois mudou-se para o Sintrense, onde esteve durante seis \u00e9pocas de\n2007\/2008 at\u00e9 2012\/2013, num percurso que come\u00e7ou em sub&#8217;13 nos Juniores D at\u00e9\naos sub&#8217;19 Juniores A. Rumou-se para o Sporting Clube de Portugal em 2013\/2014,\npara ingressar na equipa B, antes jogar na temporada 2014\/2015 no Benfica do\nCastelo Branco por empr\u00e9stimo dos Le\u00f5es.<\/p>\n\n\n\n<p class=\"wp-block-paragraph\">Regressou \u00e0 equipa\nB leonina em 2015\/2016, onde permaneceu em 2016\/2017, antes de ser novamente\ncedido ao Desportivo das Aves, clube pelo qual realizou 17 jogos na \u00e9poca de\nestreia, marcando 3 golos. J\u00e1 na sua segunda \u00e9poca nos Avenses disputou 35\npartidas e marcou 10 golos.<\/p>\n\n\n\n<p class=\"wp-block-paragraph\"><\/p>\n\n\n\n<p class=\"wp-block-paragraph\"><\/p>\n\n\n\n<p class=\"wp-block-paragraph\"><strong>Por: Sene Camar\u00e1<\/strong><\/p>\n","protected":false},"excerpt":{"rendered":"<p>[SEMANA 40_2019] O atacante guineense de Dijon da Primeira Liga Francesa de futebol, Mama Bald\u00e9, figura no onze da 8\u00aa&#8230;<\/p>\n","protected":false},"author":4,"featured_media":22077,"comment_status":"open","ping_status":"open","sticky":false,"template":"","format":"standard","meta":{"footnotes":""},"categories":[6,36],"tags":[],"class_list":["post-22072","post","type-post","status-publish","format-standard","has-post-thumbnail","hentry","category-inicio","category-desporto","wpcat-6-id","wpcat-36-id"],"yoast_head":"<!-- This site is optimized with the Yoast SEO plugin v27.5 - https:\/\/yoast.com\/product\/yoast-seo-wordpress\/ -->\n<title>Figura da Semana: AVAN\u00c7ADO GUINEENSE MAMA BALD\u00c9 NO ONZE DA 8\u00aa JORNADA DE PRIMEIRA LIGA FRANCESA - O Democrata GB<\/title>\n<meta name=\"robots\" content=\"index, follow, max-snippet:-1, max-image-preview:large, max-video-preview:-1\" \/>\n<link rel=\"canonical\" href=\"https:\/\/www.odemocratagb.com\/?p=22072\" \/>\n<meta property=\"og:locale\" content=\"pt_BR\" \/>\n<meta property=\"og:type\" content=\"article\" \/>\n<meta property=\"og:title\" content=\"Figura da Semana: AVAN\u00c7ADO GUINEENSE MAMA BALD\u00c9 NO ONZE DA 8\u00aa JORNADA DE PRIMEIRA LIGA FRANCESA - O Democrata GB\" \/>\n<meta property=\"og:description\" content=\"[SEMANA 40_2019] O atacante guineense de Dijon da Primeira Liga Francesa de futebol, Mama Bald\u00e9, figura no onze da 8\u00aa...\" \/>\n<meta property=\"og:url\" content=\"https:\/\/www.odemocratagb.com\/?p=22072\" \/>\n<meta property=\"og:site_name\" content=\"O Democrata GB\" \/>\n<meta property=\"article:publisher\" content=\"https:\/\/www.facebook.com\/jornaldaguinebissau\" \/>\n<meta property=\"article:published_time\" content=\"2019-10-06T12:12:15+00:00\" \/>\n<meta property=\"article:modified_time\" content=\"2019-10-06T12:12:21+00:00\" \/>\n<meta property=\"og:image\" content=\"https:\/\/www.odemocratagb.com\/wp-content\/uploads\/2019\/10\/55829BDF-5E50-4C18-A6DB-AC18E734D4A6.jpeg\" \/>\n\t<meta property=\"og:image:width\" content=\"247\" \/>\n\t<meta property=\"og:image:height\" content=\"386\" \/>\n\t<meta property=\"og:image:type\" content=\"image\/jpeg\" \/>\n<meta name=\"author\" content=\"Jornal Odemocrata\" \/>\n<meta name=\"twitter:card\" content=\"summary_large_image\" \/>\n<meta name=\"twitter:label1\" content=\"Escrito por\" \/>\n\t<meta name=\"twitter:data1\" content=\"Jornal Odemocrata\" \/>\n\t<meta name=\"twitter:label2\" content=\"Est. tempo de leitura\" \/>\n\t<meta name=\"twitter:data2\" content=\"1 minuto\" \/>\n<script type=\"application\/ld+json\" class=\"yoast-schema-graph\">{\"@context\":\"https:\\\/\\\/schema.org\",\"@graph\":[{\"@type\":\"Article\",\"@id\":\"https:\\\/\\\/www.odemocratagb.com\\\/?p=22072#article\",\"isPartOf\":{\"@id\":\"https:\\\/\\\/www.odemocratagb.com\\\/?p=22072\"},\"author\":{\"name\":\"Jornal Odemocrata\",\"@id\":\"https:\\\/\\\/www.odemocratagb.com\\\/#\\\/schema\\\/person\\\/c5e683adeaf9b557e57cf1a8a591b0c0\"},\"headline\":\"Figura da Semana: AVAN\u00c7ADO GUINEENSE MAMA BALD\u00c9 NO ONZE DA 8\u00aa JORNADA DE PRIMEIRA LIGA FRANCESA\",\"datePublished\":\"2019-10-06T12:12:15+00:00\",\"dateModified\":\"2019-10-06T12:12:21+00:00\",\"mainEntityOfPage\":{\"@id\":\"https:\\\/\\\/www.odemocratagb.com\\\/?p=22072\"},\"wordCount\":289,\"commentCount\":0,\"publisher\":{\"@id\":\"https:\\\/\\\/www.odemocratagb.com\\\/#organization\"},\"image\":{\"@id\":\"https:\\\/\\\/www.odemocratagb.com\\\/?p=22072#primaryimage\"},\"thumbnailUrl\":\"https:\\\/\\\/www.odemocratagb.com\\\/wp-content\\\/uploads\\\/2019\\\/10\\\/55829BDF-5E50-4C18-A6DB-AC18E734D4A6.jpeg\",\"articleSection\":[\"Atualidade\",\"Desporto\"],\"inLanguage\":\"pt-BR\",\"potentialAction\":[{\"@type\":\"CommentAction\",\"name\":\"Comment\",\"target\":[\"https:\\\/\\\/www.odemocratagb.com\\\/?p=22072#respond\"]}]},{\"@type\":\"WebPage\",\"@id\":\"https:\\\/\\\/www.odemocratagb.com\\\/?p=22072\",\"url\":\"https:\\\/\\\/www.odemocratagb.com\\\/?p=22072\",\"name\":\"Figura da Semana: AVAN\u00c7ADO GUINEENSE MAMA BALD\u00c9 NO ONZE DA 8\u00aa JORNADA DE PRIMEIRA LIGA FRANCESA - O Democrata GB\",\"isPartOf\":{\"@id\":\"https:\\\/\\\/www.odemocratagb.com\\\/#website\"},\"primaryImageOfPage\":{\"@id\":\"https:\\\/\\\/www.odemocratagb.com\\\/?p=22072#primaryimage\"},\"image\":{\"@id\":\"https:\\\/\\\/www.odemocratagb.com\\\/?p=22072#primaryimage\"},\"thumbnailUrl\":\"https:\\\/\\\/www.odemocratagb.com\\\/wp-content\\\/uploads\\\/2019\\\/10\\\/55829BDF-5E50-4C18-A6DB-AC18E734D4A6.jpeg\",\"datePublished\":\"2019-10-06T12:12:15+00:00\",\"dateModified\":\"2019-10-06T12:12:21+00:00\",\"breadcrumb\":{\"@id\":\"https:\\\/\\\/www.odemocratagb.com\\\/?p=22072#breadcrumb\"},\"inLanguage\":\"pt-BR\",\"potentialAction\":[{\"@type\":\"ReadAction\",\"target\":[\"https:\\\/\\\/www.odemocratagb.com\\\/?p=22072\"]}]},{\"@type\":\"ImageObject\",\"inLanguage\":\"pt-BR\",\"@id\":\"https:\\\/\\\/www.odemocratagb.com\\\/?p=22072#primaryimage\",\"url\":\"https:\\\/\\\/www.odemocratagb.com\\\/wp-content\\\/uploads\\\/2019\\\/10\\\/55829BDF-5E50-4C18-A6DB-AC18E734D4A6.jpeg\",\"contentUrl\":\"https:\\\/\\\/www.odemocratagb.com\\\/wp-content\\\/uploads\\\/2019\\\/10\\\/55829BDF-5E50-4C18-A6DB-AC18E734D4A6.jpeg\",\"width\":247,\"height\":386},{\"@type\":\"BreadcrumbList\",\"@id\":\"https:\\\/\\\/www.odemocratagb.com\\\/?p=22072#breadcrumb\",\"itemListElement\":[{\"@type\":\"ListItem\",\"position\":1,\"name\":\"In\u00edcio\",\"item\":\"https:\\\/\\\/www.odemocratagb.com\\\/\"},{\"@type\":\"ListItem\",\"position\":2,\"name\":\"Figura da Semana: AVAN\u00c7ADO GUINEENSE MAMA BALD\u00c9 NO ONZE DA 8\u00aa JORNADA DE PRIMEIRA LIGA FRANCESA\"}]},{\"@type\":\"WebSite\",\"@id\":\"https:\\\/\\\/www.odemocratagb.com\\\/#website\",\"url\":\"https:\\\/\\\/www.odemocratagb.com\\\/\",\"name\":\"O Democrata GB\",\"description\":\"Jornal O Democrata GB\",\"publisher\":{\"@id\":\"https:\\\/\\\/www.odemocratagb.com\\\/#organization\"},\"potentialAction\":[{\"@type\":\"SearchAction\",\"target\":{\"@type\":\"EntryPoint\",\"urlTemplate\":\"https:\\\/\\\/www.odemocratagb.com\\\/?s={search_term_string}\"},\"query-input\":{\"@type\":\"PropertyValueSpecification\",\"valueRequired\":true,\"valueName\":\"search_term_string\"}}],\"inLanguage\":\"pt-BR\"},{\"@type\":\"Organization\",\"@id\":\"https:\\\/\\\/www.odemocratagb.com\\\/#organization\",\"name\":\"O Democrata GB\",\"url\":\"https:\\\/\\\/www.odemocratagb.com\\\/\",\"logo\":{\"@type\":\"ImageObject\",\"inLanguage\":\"pt-BR\",\"@id\":\"https:\\\/\\\/www.odemocratagb.com\\\/#\\\/schema\\\/logo\\\/image\\\/\",\"url\":\"https:\\\/\\\/www.odemocratagb.com\\\/wp-content\\\/uploads\\\/2026\\\/04\\\/logo-odemocratagb.png\",\"contentUrl\":\"https:\\\/\\\/www.odemocratagb.com\\\/wp-content\\\/uploads\\\/2026\\\/04\\\/logo-odemocratagb.png\",\"width\":1250,\"height\":327,\"caption\":\"O Democrata GB\"},\"image\":{\"@id\":\"https:\\\/\\\/www.odemocratagb.com\\\/#\\\/schema\\\/logo\\\/image\\\/\"},\"sameAs\":[\"https:\\\/\\\/www.facebook.com\\\/jornaldaguinebissau\",\"https:\\\/\\\/www.instagram.com\\\/odemocratagb\"]},{\"@type\":\"Person\",\"@id\":\"https:\\\/\\\/www.odemocratagb.com\\\/#\\\/schema\\\/person\\\/c5e683adeaf9b557e57cf1a8a591b0c0\",\"name\":\"Jornal Odemocrata\",\"image\":{\"@type\":\"ImageObject\",\"inLanguage\":\"pt-BR\",\"@id\":\"https:\\\/\\\/secure.gravatar.com\\\/avatar\\\/09cb6b76eee5612f7cfca9e0089e2f17141d417bd034905eee842945c87fd87f?s=96&d=mm&r=g\",\"url\":\"https:\\\/\\\/secure.gravatar.com\\\/avatar\\\/09cb6b76eee5612f7cfca9e0089e2f17141d417bd034905eee842945c87fd87f?s=96&d=mm&r=g\",\"contentUrl\":\"https:\\\/\\\/secure.gravatar.com\\\/avatar\\\/09cb6b76eee5612f7cfca9e0089e2f17141d417bd034905eee842945c87fd87f?s=96&d=mm&r=g\",\"caption\":\"Jornal Odemocrata\"},\"sameAs\":[\"http:\\\/\\\/odemocratagb.com\"],\"url\":\"https:\\\/\\\/www.odemocratagb.com\\\/?author=4\"}]}<\/script>\n<!-- \/ Yoast SEO plugin. -->","yoast_head_json":{"title":"Figura da Semana: AVAN\u00c7ADO GUINEENSE MAMA BALD\u00c9 NO ONZE DA 8\u00aa JORNADA DE PRIMEIRA LIGA FRANCESA - O Democrata GB","robots":{"index":"index","follow":"follow","max-snippet":"max-snippet:-1","max-image-preview":"max-image-preview:large","max-video-preview":"max-video-preview:-1"},"canonical":"https:\/\/www.odemocratagb.com\/?p=22072","og_locale":"pt_BR","og_type":"article","og_title":"Figura da Semana: AVAN\u00c7ADO GUINEENSE MAMA BALD\u00c9 NO ONZE DA 8\u00aa JORNADA DE PRIMEIRA LIGA FRANCESA - O Democrata GB","og_description":"[SEMANA 40_2019] O atacante guineense de Dijon da Primeira Liga Francesa de futebol, Mama Bald\u00e9, figura no onze da 8\u00aa...","og_url":"https:\/\/www.odemocratagb.com\/?p=22072","og_site_name":"O Democrata GB","article_publisher":"https:\/\/www.facebook.com\/jornaldaguinebissau","article_published_time":"2019-10-06T12:12:15+00:00","article_modified_time":"2019-10-06T12:12:21+00:00","og_image":[{"width":247,"height":386,"url":"https:\/\/www.odemocratagb.com\/wp-content\/uploads\/2019\/10\/55829BDF-5E50-4C18-A6DB-AC18E734D4A6.jpeg","type":"image\/jpeg"}],"author":"Jornal Odemocrata","twitter_card":"summary_large_image","twitter_misc":{"Escrito por":"Jornal Odemocrata","Est. tempo de leitura":"1 minuto"},"schema":{"@context":"https:\/\/schema.org","@graph":[{"@type":"Article","@id":"https:\/\/www.odemocratagb.com\/?p=22072#article","isPartOf":{"@id":"https:\/\/www.odemocratagb.com\/?p=22072"},"author":{"name":"Jornal Odemocrata","@id":"https:\/\/www.odemocratagb.com\/#\/schema\/person\/c5e683adeaf9b557e57cf1a8a591b0c0"},"headline":"Figura da Semana: AVAN\u00c7ADO GUINEENSE MAMA BALD\u00c9 NO ONZE DA 8\u00aa JORNADA DE PRIMEIRA LIGA FRANCESA","datePublished":"2019-10-06T12:12:15+00:00","dateModified":"2019-10-06T12:12:21+00:00","mainEntityOfPage":{"@id":"https:\/\/www.odemocratagb.com\/?p=22072"},"wordCount":289,"commentCount":0,"publisher":{"@id":"https:\/\/www.odemocratagb.com\/#organization"},"image":{"@id":"https:\/\/www.odemocratagb.com\/?p=22072#primaryimage"},"thumbnailUrl":"https:\/\/www.odemocratagb.com\/wp-content\/uploads\/2019\/10\/55829BDF-5E50-4C18-A6DB-AC18E734D4A6.jpeg","articleSection":["Atualidade","Desporto"],"inLanguage":"pt-BR","potentialAction":[{"@type":"CommentAction","name":"Comment","target":["https:\/\/www.odemocratagb.com\/?p=22072#respond"]}]},{"@type":"WebPage","@id":"https:\/\/www.odemocratagb.com\/?p=22072","url":"https:\/\/www.odemocratagb.com\/?p=22072","name":"Figura da Semana: AVAN\u00c7ADO GUINEENSE MAMA BALD\u00c9 NO ONZE DA 8\u00aa JORNADA DE PRIMEIRA LIGA FRANCESA - O Democrata GB","isPartOf":{"@id":"https:\/\/www.odemocratagb.com\/#website"},"primaryImageOfPage":{"@id":"https:\/\/www.odemocratagb.com\/?p=22072#primaryimage"},"image":{"@id":"https:\/\/www.odemocratagb.com\/?p=22072#primaryimage"},"thumbnailUrl":"https:\/\/www.odemocratagb.com\/wp-content\/uploads\/2019\/10\/55829BDF-5E50-4C18-A6DB-AC18E734D4A6.jpeg","datePublished":"2019-10-06T12:12:15+00:00","dateModified":"2019-10-06T12:12:21+00:00","breadcrumb":{"@id":"https:\/\/www.odemocratagb.com\/?p=22072#breadcrumb"},"inLanguage":"pt-BR","potentialAction":[{"@type":"ReadAction","target":["https:\/\/www.odemocratagb.com\/?p=22072"]}]},{"@type":"ImageObject","inLanguage":"pt-BR","@id":"https:\/\/www.odemocratagb.com\/?p=22072#primaryimage","url":"https:\/\/www.odemocratagb.com\/wp-content\/uploads\/2019\/10\/55829BDF-5E50-4C18-A6DB-AC18E734D4A6.jpeg","contentUrl":"https:\/\/www.odemocratagb.com\/wp-content\/uploads\/2019\/10\/55829BDF-5E50-4C18-A6DB-AC18E734D4A6.jpeg","width":247,"height":386},{"@type":"BreadcrumbList","@id":"https:\/\/www.odemocratagb.com\/?p=22072#breadcrumb","itemListElement":[{"@type":"ListItem","position":1,"name":"In\u00edcio","item":"https:\/\/www.odemocratagb.com\/"},{"@type":"ListItem","position":2,"name":"Figura da Semana: AVAN\u00c7ADO GUINEENSE MAMA BALD\u00c9 NO ONZE DA 8\u00aa JORNADA DE PRIMEIRA LIGA FRANCESA"}]},{"@type":"WebSite","@id":"https:\/\/www.odemocratagb.com\/#website","url":"https:\/\/www.odemocratagb.com\/","name":"O Democrata GB","description":"Jornal O Democrata GB","publisher":{"@id":"https:\/\/www.odemocratagb.com\/#organization"},"potentialAction":[{"@type":"SearchAction","target":{"@type":"EntryPoint","urlTemplate":"https:\/\/www.odemocratagb.com\/?s={search_term_string}"},"query-input":{"@type":"PropertyValueSpecification","valueRequired":true,"valueName":"search_term_string"}}],"inLanguage":"pt-BR"},{"@type":"Organization","@id":"https:\/\/www.odemocratagb.com\/#organization","name":"O Democrata GB","url":"https:\/\/www.odemocratagb.com\/","logo":{"@type":"ImageObject","inLanguage":"pt-BR","@id":"https:\/\/www.odemocratagb.com\/#\/schema\/logo\/image\/","url":"https:\/\/www.odemocratagb.com\/wp-content\/uploads\/2026\/04\/logo-odemocratagb.png","contentUrl":"https:\/\/www.odemocratagb.com\/wp-content\/uploads\/2026\/04\/logo-odemocratagb.png","width":1250,"height":327,"caption":"O Democrata GB"},"image":{"@id":"https:\/\/www.odemocratagb.com\/#\/schema\/logo\/image\/"},"sameAs":["https:\/\/www.facebook.com\/jornaldaguinebissau","https:\/\/www.instagram.com\/odemocratagb"]},{"@type":"Person","@id":"https:\/\/www.odemocratagb.com\/#\/schema\/person\/c5e683adeaf9b557e57cf1a8a591b0c0","name":"Jornal Odemocrata","image":{"@type":"ImageObject","inLanguage":"pt-BR","@id":"https:\/\/secure.gravatar.com\/avatar\/09cb6b76eee5612f7cfca9e0089e2f17141d417bd034905eee842945c87fd87f?s=96&d=mm&r=g","url":"https:\/\/secure.gravatar.com\/avatar\/09cb6b76eee5612f7cfca9e0089e2f17141d417bd034905eee842945c87fd87f?s=96&d=mm&r=g","contentUrl":"https:\/\/secure.gravatar.com\/avatar\/09cb6b76eee5612f7cfca9e0089e2f17141d417bd034905eee842945c87fd87f?s=96&d=mm&r=g","caption":"Jornal Odemocrata"},"sameAs":["http:\/\/odemocratagb.com"],"url":"https:\/\/www.odemocratagb.com\/?author=4"}]}},"_links":{"self":[{"href":"https:\/\/www.odemocratagb.com\/index.php?rest_route=\/wp\/v2\/posts\/22072","targetHints":{"allow":["GET"]}}],"collection":[{"href":"https:\/\/www.odemocratagb.com\/index.php?rest_route=\/wp\/v2\/posts"}],"about":[{"href":"https:\/\/www.odemocratagb.com\/index.php?rest_route=\/wp\/v2\/types\/post"}],"author":[{"embeddable":true,"href":"https:\/\/www.odemocratagb.com\/index.php?rest_route=\/wp\/v2\/users\/4"}],"replies":[{"embeddable":true,"href":"https:\/\/www.odemocratagb.com\/index.php?rest_route=%2Fwp%2Fv2%2Fcomments&post=22072"}],"version-history":[{"count":1,"href":"https:\/\/www.odemocratagb.com\/index.php?rest_route=\/wp\/v2\/posts\/22072\/revisions"}],"predecessor-version":[{"id":22078,"href":"https:\/\/www.odemocratagb.com\/index.php?rest_route=\/wp\/v2\/posts\/22072\/revisions\/22078"}],"wp:featuredmedia":[{"embeddable":true,"href":"https:\/\/www.odemocratagb.com\/index.php?rest_route=\/wp\/v2\/media\/22077"}],"wp:attachment":[{"href":"https:\/\/www.odemocratagb.com\/index.php?rest_route=%2Fwp%2Fv2%2Fmedia&parent=22072"}],"wp:term":[{"taxonomy":"category","embeddable":true,"href":"https:\/\/www.odemocratagb.com\/index.php?rest_route=%2Fwp%2Fv2%2Fcategories&post=22072"},{"taxonomy":"post_tag","embeddable":true,"href":"https:\/\/www.odemocratagb.com\/index.php?rest_route=%2Fwp%2Fv2%2Ftags&post=22072"}],"curies":[{"name":"wp","href":"https:\/\/api.w.org\/{rel}","templated":true}]}}