{"id":22086,"date":"2019-10-07T14:59:47","date_gmt":"2019-10-07T14:59:47","guid":{"rendered":"http:\/\/www.odemocratagb.com\/?p=22086"},"modified":"2019-10-07T14:59:56","modified_gmt":"2019-10-07T14:59:56","slug":"sindicato-de-professores-defende-nulidade-do-ano-letivo-transato-nas-escolas-publicas-do-pais","status":"publish","type":"post","link":"https:\/\/www.odemocratagb.com\/?p=22086","title":{"rendered":"SINDICATO DE PROFESSORES DEFENDE NULIDADE DO ANO LETIVO  TRANSATO NAS ESCOLAS P\u00daBLICAS DO PA\u00cdS"},"content":{"rendered":"\n<p class=\"wp-block-paragraph\">O vice-presidente do Sindicato Democr\u00e1tico dos Professores (SINDEPROF), Eus\u00e9bio C\u00f3, afirmou no passado dia 30 de setembro de 2019, que, enquanto t\u00e9cnico ligado ao setor,\u00e9 de opini\u00e3o que o ano letivo transato\u00a02018\/2019\u00a0deveria ser invalidado e assim permitir que o executivo, em colabora\u00e7\u00e3o com todos os parceiros que atuam no sector educativo,\u00a0 trabalhem\u00a0 no novo ano letivo, iniciando no m\u00eas de setembro de forma segura para ter um ano letivo 2019\/2020 completo.\u00a0\u00a0<br><\/p>\n\n\n\n<p class=\"wp-block-paragraph\">Eus\u00e9bio C\u00f3 fez esta observa\u00e7\u00e3o numa entrevista exclusiva ao seman\u00e1rio O Democrata para falar da reabertura do ano escolar 2018\/2019 que havia sido interrompido devido \u00e0s sucessivas paralisa\u00e7\u00f5es dos dois sindicatos da classe, mas que por decis\u00e3o do governo dever\u00e1 agora estender-se\u00a0 at\u00e9 dezembro do ano em curso.\u00a0<br><\/p>\n\n\n\n<p class=\"wp-block-paragraph\">Segundo Eus\u00e9bio C\u00f3, os sindicatos dos professores decidiram envolver-se seriamente e estarem mais\u00a0 benevolentes, porque a \u00fanica coisa que governo conseguiu\u00a0 fazer foi pagar dois meses\u00a0 de sal\u00e1rios aos professores novo ingresso e dois meses aos contratados e a implementa\u00e7\u00e3o da careira docente a partir de\u00a0 setembro, mas de acordo com Eus\u00e9bio C\u00f3,\u00a0 at\u00e9 \u00e0 produ\u00e7\u00e3o deste artigo, o processo n\u00e3o tinha come\u00e7ado, ou seja, n\u00e3o estava a ser\u00a0 uma realidade.<\/p>\n\n\n\n<p class=\"wp-block-paragraph\">\u201cOs professores realmente responderam ao apelo dos sindicatos e voltaram \u00e0s salas de aulas para fazerem os seus trabalhos. Apenas os alunos n\u00e3o est\u00e3o a comparecer em massa nas escolas p\u00fablicas. Mas mesmo assim vamos continuar com a mesma\u00a0 din\u00e2mica, marcando as nossas presen\u00e7as e esperar o evoluir da negocia\u00e7\u00e3o entre sindicatos e o patronato, neste caso, o minist\u00e9rio da educa\u00e7\u00e3o, para se n\u00e3o dizer depois que somos radicais, portanto abrimos a porta para negociar\u201d, indicou.<br><\/p>\n\n\n\n<p class=\"wp-block-paragraph\">Por\u00e9m, apesar das\u00a0 posi\u00e7\u00f5es tomadas em diversos momentos, Eus\u00e9bio C\u00f3 afirmou que o sindicato que representa est\u00e1 muito preocupado com a situa\u00e7\u00e3o do ensino na Guin\u00e9-Bissau na medida em que as escolas p\u00fablicas est\u00e3o a perder alunos cada dia que passa e teme que no futuro os estabelecimentos do ensino p\u00fablico fiquem desertos se a situa\u00e7\u00e3o que duraj\u00e1 h\u00e1 uma eternidade se mantiver.<br><\/p>\n\n\n\n<p class=\"wp-block-paragraph\">Para Eus\u00e9bio C\u00f3, o cumprimento cabal do memorando de entendimento assinado entre governo e sindicatos e falta de compar\u00eancia dos alunos nas escolas n\u00e3o ser\u00e1 motivo para sua organiza\u00e7\u00e3o voltar a paralisar as escolas p\u00fablicas e defende que os professores n\u00e3o s\u00e3o culpados por tudo o que se passa nas escolas p\u00fablicas e responsabiliza o governo por n\u00e3o ter criado a motiva\u00e7\u00e3o para os alunos voltarem \u00e0s salas de aulas.<br><\/p>\n\n\n\n<p class=\"wp-block-paragraph\">\u201cO governo viu que a situa\u00e7\u00e3o de ensino est\u00e1 muito degradada e n\u00e3o fez nada para evitar essa situa\u00e7\u00e3o. N\u00f3s estamos aqui\u00a0 apenas para lecionar e n\u00e3o vamos atirar paus \u00e0 vaca moribunda, porque acabamos por ser cumplices de uma situa\u00e7\u00e3o que n\u00e3o \u00e9 da nossa responsabilidade, portanto a melhor forma de evitar essa complica\u00e7\u00e3o \u00e9 n\u00e3o tocar na vaca\u201d, enfatizou.\u00a0<br><\/p>\n\n\n\n<p class=\"wp-block-paragraph\">Eus\u00e9bio C\u00f3\u00a0 informou ainda\u00a0ao jornal O Democrata que neste momento em todo o territ\u00f3rio nacional os professores participam em massa nas salas de aulas, apesar de nem todas as escolas reunirem as condi\u00e7\u00f5es necess\u00e1rias para funcionar nesta \u00e9poca chuvosa, uma situa\u00e7\u00e3o\u00a0 associada \u00e0 falta de presen\u00e7a dos alunos nas escolas, com exce\u00e7\u00e3o dos\u00a0 do 12\u00ba ano que\u00a0 est\u00e3o apenas preocupados em concluir o ano letivo e prosseguir os seus estudos superiores\u00a0 tanto no pa\u00eds como no estrangeiro, deixando de lado a componente mais importante, que \u00e9 a qualidade do ensino que est\u00e3o a ter.<\/p>\n\n\n\n<p class=\"wp-block-paragraph\"><\/p>\n\n\n\n<p class=\"wp-block-paragraph\"><\/p>\n\n\n\n<p class=\"wp-block-paragraph\"><\/p>\n\n\n\n<p class=\"wp-block-paragraph\">Por: Aguinaldo Ampa<\/p>\n\n\n\n<p class=\"wp-block-paragraph\">Foto: A.A\u00a0 \u00a0 \u00a0\u00a0<\/p>\n","protected":false},"excerpt":{"rendered":"<p>O vice-presidente do Sindicato Democr\u00e1tico dos Professores (SINDEPROF), Eus\u00e9bio C\u00f3, afirmou no passado dia 30 de setembro de 2019, que,&#8230;<\/p>\n","protected":false},"author":4,"featured_media":22085,"comment_status":"open","ping_status":"open","sticky":false,"template":"","format":"standard","meta":{"footnotes":""},"categories":[6,16],"tags":[],"class_list":["post-22086","post","type-post","status-publish","format-standard","has-post-thumbnail","hentry","category-inicio","category-sociedade","wpcat-6-id","wpcat-16-id"],"yoast_head":"<!-- This site is optimized with the Yoast SEO plugin v27.5 - https:\/\/yoast.com\/product\/yoast-seo-wordpress\/ -->\n<title>SINDICATO DE PROFESSORES DEFENDE NULIDADE DO ANO LETIVO TRANSATO NAS ESCOLAS P\u00daBLICAS DO PA\u00cdS - O Democrata GB<\/title>\n<meta name=\"robots\" content=\"index, follow, max-snippet:-1, max-image-preview:large, max-video-preview:-1\" \/>\n<link rel=\"canonical\" href=\"https:\/\/www.odemocratagb.com\/?p=22086\" \/>\n<meta property=\"og:locale\" content=\"pt_BR\" \/>\n<meta property=\"og:type\" content=\"article\" \/>\n<meta property=\"og:title\" content=\"SINDICATO DE PROFESSORES DEFENDE NULIDADE DO ANO LETIVO TRANSATO NAS ESCOLAS P\u00daBLICAS DO PA\u00cdS - O Democrata GB\" \/>\n<meta property=\"og:description\" content=\"O vice-presidente do Sindicato Democr\u00e1tico dos Professores (SINDEPROF), Eus\u00e9bio C\u00f3, afirmou no passado dia 30 de setembro de 2019, que,...\" \/>\n<meta property=\"og:url\" content=\"https:\/\/www.odemocratagb.com\/?p=22086\" \/>\n<meta property=\"og:site_name\" content=\"O Democrata GB\" \/>\n<meta property=\"article:publisher\" content=\"https:\/\/www.facebook.com\/jornaldaguinebissau\" \/>\n<meta property=\"article:published_time\" content=\"2019-10-07T14:59:47+00:00\" \/>\n<meta property=\"article:modified_time\" content=\"2019-10-07T14:59:56+00:00\" \/>\n<meta property=\"og:image\" content=\"https:\/\/www.odemocratagb.com\/wp-content\/uploads\/2019\/10\/EA4EB40A-2EAE-4334-BF48-CBD0DAB4D7AB.jpeg\" \/>\n\t<meta property=\"og:image:width\" content=\"1136\" \/>\n\t<meta property=\"og:image:height\" content=\"1219\" \/>\n\t<meta property=\"og:image:type\" content=\"image\/jpeg\" \/>\n<meta name=\"author\" content=\"Jornal Odemocrata\" \/>\n<meta name=\"twitter:card\" content=\"summary_large_image\" \/>\n<meta name=\"twitter:label1\" content=\"Escrito por\" \/>\n\t<meta name=\"twitter:data1\" content=\"Jornal Odemocrata\" \/>\n\t<meta name=\"twitter:label2\" content=\"Est. tempo de leitura\" \/>\n\t<meta name=\"twitter:data2\" content=\"3 minutos\" \/>\n<script type=\"application\/ld+json\" class=\"yoast-schema-graph\">{\"@context\":\"https:\\\/\\\/schema.org\",\"@graph\":[{\"@type\":\"Article\",\"@id\":\"https:\\\/\\\/www.odemocratagb.com\\\/?p=22086#article\",\"isPartOf\":{\"@id\":\"https:\\\/\\\/www.odemocratagb.com\\\/?p=22086\"},\"author\":{\"name\":\"Jornal Odemocrata\",\"@id\":\"https:\\\/\\\/www.odemocratagb.com\\\/#\\\/schema\\\/person\\\/c5e683adeaf9b557e57cf1a8a591b0c0\"},\"headline\":\"SINDICATO DE PROFESSORES DEFENDE NULIDADE DO ANO LETIVO TRANSATO NAS ESCOLAS P\u00daBLICAS DO PA\u00cdS\",\"datePublished\":\"2019-10-07T14:59:47+00:00\",\"dateModified\":\"2019-10-07T14:59:56+00:00\",\"mainEntityOfPage\":{\"@id\":\"https:\\\/\\\/www.odemocratagb.com\\\/?p=22086\"},\"wordCount\":633,\"commentCount\":0,\"publisher\":{\"@id\":\"https:\\\/\\\/www.odemocratagb.com\\\/#organization\"},\"image\":{\"@id\":\"https:\\\/\\\/www.odemocratagb.com\\\/?p=22086#primaryimage\"},\"thumbnailUrl\":\"https:\\\/\\\/www.odemocratagb.com\\\/wp-content\\\/uploads\\\/2019\\\/10\\\/EA4EB40A-2EAE-4334-BF48-CBD0DAB4D7AB.jpeg\",\"articleSection\":[\"Atualidade\",\"Sociedade\"],\"inLanguage\":\"pt-BR\",\"potentialAction\":[{\"@type\":\"CommentAction\",\"name\":\"Comment\",\"target\":[\"https:\\\/\\\/www.odemocratagb.com\\\/?p=22086#respond\"]}]},{\"@type\":\"WebPage\",\"@id\":\"https:\\\/\\\/www.odemocratagb.com\\\/?p=22086\",\"url\":\"https:\\\/\\\/www.odemocratagb.com\\\/?p=22086\",\"name\":\"SINDICATO DE PROFESSORES DEFENDE NULIDADE DO ANO LETIVO TRANSATO NAS ESCOLAS P\u00daBLICAS DO PA\u00cdS - O Democrata GB\",\"isPartOf\":{\"@id\":\"https:\\\/\\\/www.odemocratagb.com\\\/#website\"},\"primaryImageOfPage\":{\"@id\":\"https:\\\/\\\/www.odemocratagb.com\\\/?p=22086#primaryimage\"},\"image\":{\"@id\":\"https:\\\/\\\/www.odemocratagb.com\\\/?p=22086#primaryimage\"},\"thumbnailUrl\":\"https:\\\/\\\/www.odemocratagb.com\\\/wp-content\\\/uploads\\\/2019\\\/10\\\/EA4EB40A-2EAE-4334-BF48-CBD0DAB4D7AB.jpeg\",\"datePublished\":\"2019-10-07T14:59:47+00:00\",\"dateModified\":\"2019-10-07T14:59:56+00:00\",\"breadcrumb\":{\"@id\":\"https:\\\/\\\/www.odemocratagb.com\\\/?p=22086#breadcrumb\"},\"inLanguage\":\"pt-BR\",\"potentialAction\":[{\"@type\":\"ReadAction\",\"target\":[\"https:\\\/\\\/www.odemocratagb.com\\\/?p=22086\"]}]},{\"@type\":\"ImageObject\",\"inLanguage\":\"pt-BR\",\"@id\":\"https:\\\/\\\/www.odemocratagb.com\\\/?p=22086#primaryimage\",\"url\":\"https:\\\/\\\/www.odemocratagb.com\\\/wp-content\\\/uploads\\\/2019\\\/10\\\/EA4EB40A-2EAE-4334-BF48-CBD0DAB4D7AB.jpeg\",\"contentUrl\":\"https:\\\/\\\/www.odemocratagb.com\\\/wp-content\\\/uploads\\\/2019\\\/10\\\/EA4EB40A-2EAE-4334-BF48-CBD0DAB4D7AB.jpeg\",\"width\":1136,\"height\":1219},{\"@type\":\"BreadcrumbList\",\"@id\":\"https:\\\/\\\/www.odemocratagb.com\\\/?p=22086#breadcrumb\",\"itemListElement\":[{\"@type\":\"ListItem\",\"position\":1,\"name\":\"In\u00edcio\",\"item\":\"https:\\\/\\\/www.odemocratagb.com\\\/\"},{\"@type\":\"ListItem\",\"position\":2,\"name\":\"SINDICATO DE PROFESSORES DEFENDE NULIDADE DO ANO LETIVO TRANSATO NAS ESCOLAS P\u00daBLICAS DO PA\u00cdS\"}]},{\"@type\":\"WebSite\",\"@id\":\"https:\\\/\\\/www.odemocratagb.com\\\/#website\",\"url\":\"https:\\\/\\\/www.odemocratagb.com\\\/\",\"name\":\"O Democrata GB\",\"description\":\"Jornal O Democrata GB\",\"publisher\":{\"@id\":\"https:\\\/\\\/www.odemocratagb.com\\\/#organization\"},\"potentialAction\":[{\"@type\":\"SearchAction\",\"target\":{\"@type\":\"EntryPoint\",\"urlTemplate\":\"https:\\\/\\\/www.odemocratagb.com\\\/?s={search_term_string}\"},\"query-input\":{\"@type\":\"PropertyValueSpecification\",\"valueRequired\":true,\"valueName\":\"search_term_string\"}}],\"inLanguage\":\"pt-BR\"},{\"@type\":\"Organization\",\"@id\":\"https:\\\/\\\/www.odemocratagb.com\\\/#organization\",\"name\":\"O Democrata GB\",\"url\":\"https:\\\/\\\/www.odemocratagb.com\\\/\",\"logo\":{\"@type\":\"ImageObject\",\"inLanguage\":\"pt-BR\",\"@id\":\"https:\\\/\\\/www.odemocratagb.com\\\/#\\\/schema\\\/logo\\\/image\\\/\",\"url\":\"https:\\\/\\\/www.odemocratagb.com\\\/wp-content\\\/uploads\\\/2026\\\/04\\\/logo-odemocratagb.png\",\"contentUrl\":\"https:\\\/\\\/www.odemocratagb.com\\\/wp-content\\\/uploads\\\/2026\\\/04\\\/logo-odemocratagb.png\",\"width\":1250,\"height\":327,\"caption\":\"O Democrata GB\"},\"image\":{\"@id\":\"https:\\\/\\\/www.odemocratagb.com\\\/#\\\/schema\\\/logo\\\/image\\\/\"},\"sameAs\":[\"https:\\\/\\\/www.facebook.com\\\/jornaldaguinebissau\",\"https:\\\/\\\/www.instagram.com\\\/odemocratagb\"]},{\"@type\":\"Person\",\"@id\":\"https:\\\/\\\/www.odemocratagb.com\\\/#\\\/schema\\\/person\\\/c5e683adeaf9b557e57cf1a8a591b0c0\",\"name\":\"Jornal Odemocrata\",\"image\":{\"@type\":\"ImageObject\",\"inLanguage\":\"pt-BR\",\"@id\":\"https:\\\/\\\/secure.gravatar.com\\\/avatar\\\/09cb6b76eee5612f7cfca9e0089e2f17141d417bd034905eee842945c87fd87f?s=96&d=mm&r=g\",\"url\":\"https:\\\/\\\/secure.gravatar.com\\\/avatar\\\/09cb6b76eee5612f7cfca9e0089e2f17141d417bd034905eee842945c87fd87f?s=96&d=mm&r=g\",\"contentUrl\":\"https:\\\/\\\/secure.gravatar.com\\\/avatar\\\/09cb6b76eee5612f7cfca9e0089e2f17141d417bd034905eee842945c87fd87f?s=96&d=mm&r=g\",\"caption\":\"Jornal Odemocrata\"},\"sameAs\":[\"http:\\\/\\\/odemocratagb.com\"],\"url\":\"https:\\\/\\\/www.odemocratagb.com\\\/?author=4\"}]}<\/script>\n<!-- \/ Yoast SEO plugin. -->","yoast_head_json":{"title":"SINDICATO DE PROFESSORES DEFENDE NULIDADE DO ANO LETIVO TRANSATO NAS ESCOLAS P\u00daBLICAS DO PA\u00cdS - O Democrata GB","robots":{"index":"index","follow":"follow","max-snippet":"max-snippet:-1","max-image-preview":"max-image-preview:large","max-video-preview":"max-video-preview:-1"},"canonical":"https:\/\/www.odemocratagb.com\/?p=22086","og_locale":"pt_BR","og_type":"article","og_title":"SINDICATO DE PROFESSORES DEFENDE NULIDADE DO ANO LETIVO TRANSATO NAS ESCOLAS P\u00daBLICAS DO PA\u00cdS - O Democrata GB","og_description":"O vice-presidente do Sindicato Democr\u00e1tico dos Professores (SINDEPROF), Eus\u00e9bio C\u00f3, afirmou no passado dia 30 de setembro de 2019, que,...","og_url":"https:\/\/www.odemocratagb.com\/?p=22086","og_site_name":"O Democrata GB","article_publisher":"https:\/\/www.facebook.com\/jornaldaguinebissau","article_published_time":"2019-10-07T14:59:47+00:00","article_modified_time":"2019-10-07T14:59:56+00:00","og_image":[{"width":1136,"height":1219,"url":"https:\/\/www.odemocratagb.com\/wp-content\/uploads\/2019\/10\/EA4EB40A-2EAE-4334-BF48-CBD0DAB4D7AB.jpeg","type":"image\/jpeg"}],"author":"Jornal Odemocrata","twitter_card":"summary_large_image","twitter_misc":{"Escrito por":"Jornal Odemocrata","Est. tempo de leitura":"3 minutos"},"schema":{"@context":"https:\/\/schema.org","@graph":[{"@type":"Article","@id":"https:\/\/www.odemocratagb.com\/?p=22086#article","isPartOf":{"@id":"https:\/\/www.odemocratagb.com\/?p=22086"},"author":{"name":"Jornal Odemocrata","@id":"https:\/\/www.odemocratagb.com\/#\/schema\/person\/c5e683adeaf9b557e57cf1a8a591b0c0"},"headline":"SINDICATO DE PROFESSORES DEFENDE NULIDADE DO ANO LETIVO TRANSATO NAS ESCOLAS P\u00daBLICAS DO PA\u00cdS","datePublished":"2019-10-07T14:59:47+00:00","dateModified":"2019-10-07T14:59:56+00:00","mainEntityOfPage":{"@id":"https:\/\/www.odemocratagb.com\/?p=22086"},"wordCount":633,"commentCount":0,"publisher":{"@id":"https:\/\/www.odemocratagb.com\/#organization"},"image":{"@id":"https:\/\/www.odemocratagb.com\/?p=22086#primaryimage"},"thumbnailUrl":"https:\/\/www.odemocratagb.com\/wp-content\/uploads\/2019\/10\/EA4EB40A-2EAE-4334-BF48-CBD0DAB4D7AB.jpeg","articleSection":["Atualidade","Sociedade"],"inLanguage":"pt-BR","potentialAction":[{"@type":"CommentAction","name":"Comment","target":["https:\/\/www.odemocratagb.com\/?p=22086#respond"]}]},{"@type":"WebPage","@id":"https:\/\/www.odemocratagb.com\/?p=22086","url":"https:\/\/www.odemocratagb.com\/?p=22086","name":"SINDICATO DE PROFESSORES DEFENDE NULIDADE DO ANO LETIVO TRANSATO NAS ESCOLAS P\u00daBLICAS DO PA\u00cdS - O Democrata GB","isPartOf":{"@id":"https:\/\/www.odemocratagb.com\/#website"},"primaryImageOfPage":{"@id":"https:\/\/www.odemocratagb.com\/?p=22086#primaryimage"},"image":{"@id":"https:\/\/www.odemocratagb.com\/?p=22086#primaryimage"},"thumbnailUrl":"https:\/\/www.odemocratagb.com\/wp-content\/uploads\/2019\/10\/EA4EB40A-2EAE-4334-BF48-CBD0DAB4D7AB.jpeg","datePublished":"2019-10-07T14:59:47+00:00","dateModified":"2019-10-07T14:59:56+00:00","breadcrumb":{"@id":"https:\/\/www.odemocratagb.com\/?p=22086#breadcrumb"},"inLanguage":"pt-BR","potentialAction":[{"@type":"ReadAction","target":["https:\/\/www.odemocratagb.com\/?p=22086"]}]},{"@type":"ImageObject","inLanguage":"pt-BR","@id":"https:\/\/www.odemocratagb.com\/?p=22086#primaryimage","url":"https:\/\/www.odemocratagb.com\/wp-content\/uploads\/2019\/10\/EA4EB40A-2EAE-4334-BF48-CBD0DAB4D7AB.jpeg","contentUrl":"https:\/\/www.odemocratagb.com\/wp-content\/uploads\/2019\/10\/EA4EB40A-2EAE-4334-BF48-CBD0DAB4D7AB.jpeg","width":1136,"height":1219},{"@type":"BreadcrumbList","@id":"https:\/\/www.odemocratagb.com\/?p=22086#breadcrumb","itemListElement":[{"@type":"ListItem","position":1,"name":"In\u00edcio","item":"https:\/\/www.odemocratagb.com\/"},{"@type":"ListItem","position":2,"name":"SINDICATO DE PROFESSORES DEFENDE NULIDADE DO ANO LETIVO TRANSATO NAS ESCOLAS P\u00daBLICAS DO PA\u00cdS"}]},{"@type":"WebSite","@id":"https:\/\/www.odemocratagb.com\/#website","url":"https:\/\/www.odemocratagb.com\/","name":"O Democrata GB","description":"Jornal O Democrata GB","publisher":{"@id":"https:\/\/www.odemocratagb.com\/#organization"},"potentialAction":[{"@type":"SearchAction","target":{"@type":"EntryPoint","urlTemplate":"https:\/\/www.odemocratagb.com\/?s={search_term_string}"},"query-input":{"@type":"PropertyValueSpecification","valueRequired":true,"valueName":"search_term_string"}}],"inLanguage":"pt-BR"},{"@type":"Organization","@id":"https:\/\/www.odemocratagb.com\/#organization","name":"O Democrata GB","url":"https:\/\/www.odemocratagb.com\/","logo":{"@type":"ImageObject","inLanguage":"pt-BR","@id":"https:\/\/www.odemocratagb.com\/#\/schema\/logo\/image\/","url":"https:\/\/www.odemocratagb.com\/wp-content\/uploads\/2026\/04\/logo-odemocratagb.png","contentUrl":"https:\/\/www.odemocratagb.com\/wp-content\/uploads\/2026\/04\/logo-odemocratagb.png","width":1250,"height":327,"caption":"O Democrata GB"},"image":{"@id":"https:\/\/www.odemocratagb.com\/#\/schema\/logo\/image\/"},"sameAs":["https:\/\/www.facebook.com\/jornaldaguinebissau","https:\/\/www.instagram.com\/odemocratagb"]},{"@type":"Person","@id":"https:\/\/www.odemocratagb.com\/#\/schema\/person\/c5e683adeaf9b557e57cf1a8a591b0c0","name":"Jornal Odemocrata","image":{"@type":"ImageObject","inLanguage":"pt-BR","@id":"https:\/\/secure.gravatar.com\/avatar\/09cb6b76eee5612f7cfca9e0089e2f17141d417bd034905eee842945c87fd87f?s=96&d=mm&r=g","url":"https:\/\/secure.gravatar.com\/avatar\/09cb6b76eee5612f7cfca9e0089e2f17141d417bd034905eee842945c87fd87f?s=96&d=mm&r=g","contentUrl":"https:\/\/secure.gravatar.com\/avatar\/09cb6b76eee5612f7cfca9e0089e2f17141d417bd034905eee842945c87fd87f?s=96&d=mm&r=g","caption":"Jornal Odemocrata"},"sameAs":["http:\/\/odemocratagb.com"],"url":"https:\/\/www.odemocratagb.com\/?author=4"}]}},"_links":{"self":[{"href":"https:\/\/www.odemocratagb.com\/index.php?rest_route=\/wp\/v2\/posts\/22086","targetHints":{"allow":["GET"]}}],"collection":[{"href":"https:\/\/www.odemocratagb.com\/index.php?rest_route=\/wp\/v2\/posts"}],"about":[{"href":"https:\/\/www.odemocratagb.com\/index.php?rest_route=\/wp\/v2\/types\/post"}],"author":[{"embeddable":true,"href":"https:\/\/www.odemocratagb.com\/index.php?rest_route=\/wp\/v2\/users\/4"}],"replies":[{"embeddable":true,"href":"https:\/\/www.odemocratagb.com\/index.php?rest_route=%2Fwp%2Fv2%2Fcomments&post=22086"}],"version-history":[{"count":1,"href":"https:\/\/www.odemocratagb.com\/index.php?rest_route=\/wp\/v2\/posts\/22086\/revisions"}],"predecessor-version":[{"id":22087,"href":"https:\/\/www.odemocratagb.com\/index.php?rest_route=\/wp\/v2\/posts\/22086\/revisions\/22087"}],"wp:featuredmedia":[{"embeddable":true,"href":"https:\/\/www.odemocratagb.com\/index.php?rest_route=\/wp\/v2\/media\/22085"}],"wp:attachment":[{"href":"https:\/\/www.odemocratagb.com\/index.php?rest_route=%2Fwp%2Fv2%2Fmedia&parent=22086"}],"wp:term":[{"taxonomy":"category","embeddable":true,"href":"https:\/\/www.odemocratagb.com\/index.php?rest_route=%2Fwp%2Fv2%2Fcategories&post=22086"},{"taxonomy":"post_tag","embeddable":true,"href":"https:\/\/www.odemocratagb.com\/index.php?rest_route=%2Fwp%2Fv2%2Ftags&post=22086"}],"curies":[{"name":"wp","href":"https:\/\/api.w.org\/{rel}","templated":true}]}}