{"id":22091,"date":"2019-10-07T21:28:50","date_gmt":"2019-10-07T21:28:50","guid":{"rendered":"http:\/\/www.odemocratagb.com\/?p=22091"},"modified":"2019-10-07T21:28:53","modified_gmt":"2019-10-07T21:28:53","slug":"vigilia-tecnicos-de-saude-recem-colocados-exigem-pagamento-de-11-meses-de-salarios","status":"publish","type":"post","link":"https:\/\/www.odemocratagb.com\/?p=22091","title":{"rendered":"Vig\u00edlia: T\u00c9CNICOS DE SA\u00daDE REC\u00c9M-COLOCADOS EXIGEM PAGAMENTO DE 11 MESES DE SAL\u00c1RIOS"},"content":{"rendered":"\n<p class=\"wp-block-paragraph\">O Coletivo de cerca de mil e noventa t\u00e9cnicos de sa\u00fade rec\u00e9m-colocados exigiu pagamento de 11 meses de sal\u00e1rios. A exig\u00eancia foi tornada p\u00fablica esta segunda-feira, 07 de outubro de 2019, durante uma vig\u00edlia promovida junto do Minist\u00e9rio da Sa\u00fade P\u00fablica. Os t\u00e9cnicos revoltados impediram a circula\u00e7\u00e3o das viaturas frente ao Minist\u00e9rio [avenida Unidade Africana]. Exibiam cartazes onde se podia ler as frases como: \u201ccom o sal\u00e1rio voltamos a trabalhar! Bo dano no dinheiro! Um ano sem sal\u00e1rio, mas servindo com sacrif\u00edcio a popula\u00e7\u00e3o! \u00a0ku dinheiro na conta pa riba tarbadju\u201d!\u00a0<\/p>\n\n\n\n<p class=\"wp-block-paragraph\">Almame Siss\u00e9, porta-voz do coletivo, disse ao jornal O Democrata que n\u00e3o est\u00e3o de acordo com a proposta do executivo em pagar apenas dois meses, no entanto, d\u00e3o &nbsp;ao governo at\u00e9 dia&nbsp;18 de outubro&nbsp;para liquidar as d\u00edvidas que tem para com os t\u00e9cnicos&nbsp; de sa\u00fade rec\u00e9m-colocados e garantem que n\u00e3o v\u00e3o voltar ao posto de trabalho se a presente situa\u00e7\u00e3o n\u00e3o evoluir.<\/p>\n\n\n\n<p class=\"wp-block-paragraph\">Segundo o coletivo os 1089 agentes de sa\u00fade em quest\u00e3o (m\u00e9dicos, farmac\u00eauticos, enfermeiros, bi\u00f3logos, t\u00e9cnicos de r\u00e1dio e laborat\u00f3rios, parteiras) representam uma boa parte de t\u00e9cnicos ativos nos centros de sa\u00fade espalhados por todo o pa\u00eds. A \u00faltima efetiva\u00e7\u00e3o (coloca\u00e7\u00e3o) dos agentes de sa\u00fade antes deste grupo data-se de 2015. &nbsp;<\/p>\n\n\n\n<figure class=\"wp-block-image\"><img loading=\"lazy\" decoding=\"async\" width=\"1024\" height=\"685\" src=\"http:\/\/www.odemocratagb.com\/wp-content\/uploads\/2019\/10\/C5E197AD-36FE-4CD0-8752-BA64DAAA8BC7-1024x685.jpeg\" alt=\"\" class=\"wp-image-22090\" srcset=\"https:\/\/www.odemocratagb.com\/wp-content\/uploads\/2019\/10\/C5E197AD-36FE-4CD0-8752-BA64DAAA8BC7-1024x685.jpeg 1024w, https:\/\/www.odemocratagb.com\/wp-content\/uploads\/2019\/10\/C5E197AD-36FE-4CD0-8752-BA64DAAA8BC7-300x201.jpeg 300w, https:\/\/www.odemocratagb.com\/wp-content\/uploads\/2019\/10\/C5E197AD-36FE-4CD0-8752-BA64DAAA8BC7-768x514.jpeg 768w, https:\/\/www.odemocratagb.com\/wp-content\/uploads\/2019\/10\/C5E197AD-36FE-4CD0-8752-BA64DAAA8BC7.jpeg 1199w\" sizes=\"auto, (max-width: 1024px) 100vw, 1024px\" \/><\/figure>\n\n\n\n<p class=\"wp-block-paragraph\">\u201cTrabalhamos onze meses sem sal\u00e1rios e temos d\u00edvidas acumuladas, sobretudo os colegas que foram colocados nas zonas mais distantes, ou seja, no interior do pa\u00eds, com d\u00edvidas de renda por pagar, pelo que n\u00e3o faz sentido o governo avan\u00e7ar apenas com o pagamento de dois meses\u201d, lamentou.<\/p>\n\n\n\n<p class=\"wp-block-paragraph\"><\/p>\n\n\n\n<p class=\"wp-block-paragraph\"><\/p>\n\n\n\n<p class=\"wp-block-paragraph\"><strong>Por: Carolina Djem\u00e9<\/strong><\/p>\n\n\n\n<p class=\"wp-block-paragraph\"><strong>Fotos: Marcelo Na Ritche&nbsp;<\/strong><\/p>\n","protected":false},"excerpt":{"rendered":"<p>O Coletivo de cerca de mil e noventa t\u00e9cnicos de sa\u00fade rec\u00e9m-colocados exigiu pagamento de 11 meses de sal\u00e1rios. A&#8230;<\/p>\n","protected":false},"author":4,"featured_media":22088,"comment_status":"open","ping_status":"open","sticky":false,"template":"","format":"standard","meta":{"footnotes":""},"categories":[6,16],"tags":[],"class_list":["post-22091","post","type-post","status-publish","format-standard","has-post-thumbnail","hentry","category-inicio","category-sociedade","wpcat-6-id","wpcat-16-id"],"yoast_head":"<!-- This site is optimized with the Yoast SEO plugin v27.5 - https:\/\/yoast.com\/product\/yoast-seo-wordpress\/ -->\n<title>Vig\u00edlia: T\u00c9CNICOS DE SA\u00daDE REC\u00c9M-COLOCADOS EXIGEM PAGAMENTO DE 11 MESES DE SAL\u00c1RIOS - O Democrata GB<\/title>\n<meta name=\"robots\" content=\"index, follow, max-snippet:-1, max-image-preview:large, max-video-preview:-1\" \/>\n<link rel=\"canonical\" href=\"https:\/\/www.odemocratagb.com\/?p=22091\" \/>\n<meta property=\"og:locale\" content=\"pt_BR\" \/>\n<meta property=\"og:type\" content=\"article\" \/>\n<meta property=\"og:title\" content=\"Vig\u00edlia: T\u00c9CNICOS DE SA\u00daDE REC\u00c9M-COLOCADOS EXIGEM PAGAMENTO DE 11 MESES DE SAL\u00c1RIOS - O Democrata GB\" \/>\n<meta property=\"og:description\" content=\"O Coletivo de cerca de mil e noventa t\u00e9cnicos de sa\u00fade rec\u00e9m-colocados exigiu pagamento de 11 meses de sal\u00e1rios. A...\" \/>\n<meta property=\"og:url\" content=\"https:\/\/www.odemocratagb.com\/?p=22091\" \/>\n<meta property=\"og:site_name\" content=\"O Democrata GB\" \/>\n<meta property=\"article:publisher\" content=\"https:\/\/www.facebook.com\/jornaldaguinebissau\" \/>\n<meta property=\"article:published_time\" content=\"2019-10-07T21:28:50+00:00\" \/>\n<meta property=\"article:modified_time\" content=\"2019-10-07T21:28:53+00:00\" \/>\n<meta property=\"og:image\" content=\"https:\/\/www.odemocratagb.com\/wp-content\/uploads\/2019\/10\/795F2776-1EF7-477B-BD0D-527155FE51E7.jpeg\" \/>\n\t<meta property=\"og:image:width\" content=\"1219\" \/>\n\t<meta property=\"og:image:height\" content=\"804\" \/>\n\t<meta property=\"og:image:type\" content=\"image\/jpeg\" \/>\n<meta name=\"author\" content=\"Jornal Odemocrata\" \/>\n<meta name=\"twitter:card\" content=\"summary_large_image\" \/>\n<meta name=\"twitter:label1\" content=\"Escrito por\" \/>\n\t<meta name=\"twitter:data1\" content=\"Jornal Odemocrata\" \/>\n\t<meta name=\"twitter:label2\" content=\"Est. tempo de leitura\" \/>\n\t<meta name=\"twitter:data2\" content=\"2 minutos\" \/>\n<script type=\"application\/ld+json\" class=\"yoast-schema-graph\">{\"@context\":\"https:\\\/\\\/schema.org\",\"@graph\":[{\"@type\":\"Article\",\"@id\":\"https:\\\/\\\/www.odemocratagb.com\\\/?p=22091#article\",\"isPartOf\":{\"@id\":\"https:\\\/\\\/www.odemocratagb.com\\\/?p=22091\"},\"author\":{\"name\":\"Jornal Odemocrata\",\"@id\":\"https:\\\/\\\/www.odemocratagb.com\\\/#\\\/schema\\\/person\\\/c5e683adeaf9b557e57cf1a8a591b0c0\"},\"headline\":\"Vig\u00edlia: T\u00c9CNICOS DE SA\u00daDE REC\u00c9M-COLOCADOS EXIGEM PAGAMENTO DE 11 MESES DE SAL\u00c1RIOS\",\"datePublished\":\"2019-10-07T21:28:50+00:00\",\"dateModified\":\"2019-10-07T21:28:53+00:00\",\"mainEntityOfPage\":{\"@id\":\"https:\\\/\\\/www.odemocratagb.com\\\/?p=22091\"},\"wordCount\":323,\"commentCount\":0,\"publisher\":{\"@id\":\"https:\\\/\\\/www.odemocratagb.com\\\/#organization\"},\"image\":{\"@id\":\"https:\\\/\\\/www.odemocratagb.com\\\/?p=22091#primaryimage\"},\"thumbnailUrl\":\"https:\\\/\\\/www.odemocratagb.com\\\/wp-content\\\/uploads\\\/2019\\\/10\\\/795F2776-1EF7-477B-BD0D-527155FE51E7.jpeg\",\"articleSection\":[\"Atualidade\",\"Sociedade\"],\"inLanguage\":\"pt-BR\",\"potentialAction\":[{\"@type\":\"CommentAction\",\"name\":\"Comment\",\"target\":[\"https:\\\/\\\/www.odemocratagb.com\\\/?p=22091#respond\"]}]},{\"@type\":\"WebPage\",\"@id\":\"https:\\\/\\\/www.odemocratagb.com\\\/?p=22091\",\"url\":\"https:\\\/\\\/www.odemocratagb.com\\\/?p=22091\",\"name\":\"Vig\u00edlia: T\u00c9CNICOS DE SA\u00daDE REC\u00c9M-COLOCADOS EXIGEM PAGAMENTO DE 11 MESES DE SAL\u00c1RIOS - O Democrata GB\",\"isPartOf\":{\"@id\":\"https:\\\/\\\/www.odemocratagb.com\\\/#website\"},\"primaryImageOfPage\":{\"@id\":\"https:\\\/\\\/www.odemocratagb.com\\\/?p=22091#primaryimage\"},\"image\":{\"@id\":\"https:\\\/\\\/www.odemocratagb.com\\\/?p=22091#primaryimage\"},\"thumbnailUrl\":\"https:\\\/\\\/www.odemocratagb.com\\\/wp-content\\\/uploads\\\/2019\\\/10\\\/795F2776-1EF7-477B-BD0D-527155FE51E7.jpeg\",\"datePublished\":\"2019-10-07T21:28:50+00:00\",\"dateModified\":\"2019-10-07T21:28:53+00:00\",\"breadcrumb\":{\"@id\":\"https:\\\/\\\/www.odemocratagb.com\\\/?p=22091#breadcrumb\"},\"inLanguage\":\"pt-BR\",\"potentialAction\":[{\"@type\":\"ReadAction\",\"target\":[\"https:\\\/\\\/www.odemocratagb.com\\\/?p=22091\"]}]},{\"@type\":\"ImageObject\",\"inLanguage\":\"pt-BR\",\"@id\":\"https:\\\/\\\/www.odemocratagb.com\\\/?p=22091#primaryimage\",\"url\":\"https:\\\/\\\/www.odemocratagb.com\\\/wp-content\\\/uploads\\\/2019\\\/10\\\/795F2776-1EF7-477B-BD0D-527155FE51E7.jpeg\",\"contentUrl\":\"https:\\\/\\\/www.odemocratagb.com\\\/wp-content\\\/uploads\\\/2019\\\/10\\\/795F2776-1EF7-477B-BD0D-527155FE51E7.jpeg\",\"width\":1219,\"height\":804},{\"@type\":\"BreadcrumbList\",\"@id\":\"https:\\\/\\\/www.odemocratagb.com\\\/?p=22091#breadcrumb\",\"itemListElement\":[{\"@type\":\"ListItem\",\"position\":1,\"name\":\"In\u00edcio\",\"item\":\"https:\\\/\\\/www.odemocratagb.com\\\/\"},{\"@type\":\"ListItem\",\"position\":2,\"name\":\"Vig\u00edlia: T\u00c9CNICOS DE SA\u00daDE REC\u00c9M-COLOCADOS EXIGEM PAGAMENTO DE 11 MESES DE SAL\u00c1RIOS\"}]},{\"@type\":\"WebSite\",\"@id\":\"https:\\\/\\\/www.odemocratagb.com\\\/#website\",\"url\":\"https:\\\/\\\/www.odemocratagb.com\\\/\",\"name\":\"O Democrata GB\",\"description\":\"Jornal O Democrata GB\",\"publisher\":{\"@id\":\"https:\\\/\\\/www.odemocratagb.com\\\/#organization\"},\"potentialAction\":[{\"@type\":\"SearchAction\",\"target\":{\"@type\":\"EntryPoint\",\"urlTemplate\":\"https:\\\/\\\/www.odemocratagb.com\\\/?s={search_term_string}\"},\"query-input\":{\"@type\":\"PropertyValueSpecification\",\"valueRequired\":true,\"valueName\":\"search_term_string\"}}],\"inLanguage\":\"pt-BR\"},{\"@type\":\"Organization\",\"@id\":\"https:\\\/\\\/www.odemocratagb.com\\\/#organization\",\"name\":\"O Democrata GB\",\"url\":\"https:\\\/\\\/www.odemocratagb.com\\\/\",\"logo\":{\"@type\":\"ImageObject\",\"inLanguage\":\"pt-BR\",\"@id\":\"https:\\\/\\\/www.odemocratagb.com\\\/#\\\/schema\\\/logo\\\/image\\\/\",\"url\":\"https:\\\/\\\/www.odemocratagb.com\\\/wp-content\\\/uploads\\\/2026\\\/04\\\/logo-odemocratagb.png\",\"contentUrl\":\"https:\\\/\\\/www.odemocratagb.com\\\/wp-content\\\/uploads\\\/2026\\\/04\\\/logo-odemocratagb.png\",\"width\":1250,\"height\":327,\"caption\":\"O Democrata GB\"},\"image\":{\"@id\":\"https:\\\/\\\/www.odemocratagb.com\\\/#\\\/schema\\\/logo\\\/image\\\/\"},\"sameAs\":[\"https:\\\/\\\/www.facebook.com\\\/jornaldaguinebissau\",\"https:\\\/\\\/www.instagram.com\\\/odemocratagb\"]},{\"@type\":\"Person\",\"@id\":\"https:\\\/\\\/www.odemocratagb.com\\\/#\\\/schema\\\/person\\\/c5e683adeaf9b557e57cf1a8a591b0c0\",\"name\":\"Jornal Odemocrata\",\"image\":{\"@type\":\"ImageObject\",\"inLanguage\":\"pt-BR\",\"@id\":\"https:\\\/\\\/secure.gravatar.com\\\/avatar\\\/09cb6b76eee5612f7cfca9e0089e2f17141d417bd034905eee842945c87fd87f?s=96&d=mm&r=g\",\"url\":\"https:\\\/\\\/secure.gravatar.com\\\/avatar\\\/09cb6b76eee5612f7cfca9e0089e2f17141d417bd034905eee842945c87fd87f?s=96&d=mm&r=g\",\"contentUrl\":\"https:\\\/\\\/secure.gravatar.com\\\/avatar\\\/09cb6b76eee5612f7cfca9e0089e2f17141d417bd034905eee842945c87fd87f?s=96&d=mm&r=g\",\"caption\":\"Jornal Odemocrata\"},\"sameAs\":[\"http:\\\/\\\/odemocratagb.com\"],\"url\":\"https:\\\/\\\/www.odemocratagb.com\\\/?author=4\"}]}<\/script>\n<!-- \/ Yoast SEO plugin. -->","yoast_head_json":{"title":"Vig\u00edlia: T\u00c9CNICOS DE SA\u00daDE REC\u00c9M-COLOCADOS EXIGEM PAGAMENTO DE 11 MESES DE SAL\u00c1RIOS - O Democrata GB","robots":{"index":"index","follow":"follow","max-snippet":"max-snippet:-1","max-image-preview":"max-image-preview:large","max-video-preview":"max-video-preview:-1"},"canonical":"https:\/\/www.odemocratagb.com\/?p=22091","og_locale":"pt_BR","og_type":"article","og_title":"Vig\u00edlia: T\u00c9CNICOS DE SA\u00daDE REC\u00c9M-COLOCADOS EXIGEM PAGAMENTO DE 11 MESES DE SAL\u00c1RIOS - O Democrata GB","og_description":"O Coletivo de cerca de mil e noventa t\u00e9cnicos de sa\u00fade rec\u00e9m-colocados exigiu pagamento de 11 meses de sal\u00e1rios. A...","og_url":"https:\/\/www.odemocratagb.com\/?p=22091","og_site_name":"O Democrata GB","article_publisher":"https:\/\/www.facebook.com\/jornaldaguinebissau","article_published_time":"2019-10-07T21:28:50+00:00","article_modified_time":"2019-10-07T21:28:53+00:00","og_image":[{"width":1219,"height":804,"url":"https:\/\/www.odemocratagb.com\/wp-content\/uploads\/2019\/10\/795F2776-1EF7-477B-BD0D-527155FE51E7.jpeg","type":"image\/jpeg"}],"author":"Jornal Odemocrata","twitter_card":"summary_large_image","twitter_misc":{"Escrito por":"Jornal Odemocrata","Est. tempo de leitura":"2 minutos"},"schema":{"@context":"https:\/\/schema.org","@graph":[{"@type":"Article","@id":"https:\/\/www.odemocratagb.com\/?p=22091#article","isPartOf":{"@id":"https:\/\/www.odemocratagb.com\/?p=22091"},"author":{"name":"Jornal Odemocrata","@id":"https:\/\/www.odemocratagb.com\/#\/schema\/person\/c5e683adeaf9b557e57cf1a8a591b0c0"},"headline":"Vig\u00edlia: T\u00c9CNICOS DE SA\u00daDE REC\u00c9M-COLOCADOS EXIGEM PAGAMENTO DE 11 MESES DE SAL\u00c1RIOS","datePublished":"2019-10-07T21:28:50+00:00","dateModified":"2019-10-07T21:28:53+00:00","mainEntityOfPage":{"@id":"https:\/\/www.odemocratagb.com\/?p=22091"},"wordCount":323,"commentCount":0,"publisher":{"@id":"https:\/\/www.odemocratagb.com\/#organization"},"image":{"@id":"https:\/\/www.odemocratagb.com\/?p=22091#primaryimage"},"thumbnailUrl":"https:\/\/www.odemocratagb.com\/wp-content\/uploads\/2019\/10\/795F2776-1EF7-477B-BD0D-527155FE51E7.jpeg","articleSection":["Atualidade","Sociedade"],"inLanguage":"pt-BR","potentialAction":[{"@type":"CommentAction","name":"Comment","target":["https:\/\/www.odemocratagb.com\/?p=22091#respond"]}]},{"@type":"WebPage","@id":"https:\/\/www.odemocratagb.com\/?p=22091","url":"https:\/\/www.odemocratagb.com\/?p=22091","name":"Vig\u00edlia: T\u00c9CNICOS DE SA\u00daDE REC\u00c9M-COLOCADOS EXIGEM PAGAMENTO DE 11 MESES DE SAL\u00c1RIOS - O Democrata GB","isPartOf":{"@id":"https:\/\/www.odemocratagb.com\/#website"},"primaryImageOfPage":{"@id":"https:\/\/www.odemocratagb.com\/?p=22091#primaryimage"},"image":{"@id":"https:\/\/www.odemocratagb.com\/?p=22091#primaryimage"},"thumbnailUrl":"https:\/\/www.odemocratagb.com\/wp-content\/uploads\/2019\/10\/795F2776-1EF7-477B-BD0D-527155FE51E7.jpeg","datePublished":"2019-10-07T21:28:50+00:00","dateModified":"2019-10-07T21:28:53+00:00","breadcrumb":{"@id":"https:\/\/www.odemocratagb.com\/?p=22091#breadcrumb"},"inLanguage":"pt-BR","potentialAction":[{"@type":"ReadAction","target":["https:\/\/www.odemocratagb.com\/?p=22091"]}]},{"@type":"ImageObject","inLanguage":"pt-BR","@id":"https:\/\/www.odemocratagb.com\/?p=22091#primaryimage","url":"https:\/\/www.odemocratagb.com\/wp-content\/uploads\/2019\/10\/795F2776-1EF7-477B-BD0D-527155FE51E7.jpeg","contentUrl":"https:\/\/www.odemocratagb.com\/wp-content\/uploads\/2019\/10\/795F2776-1EF7-477B-BD0D-527155FE51E7.jpeg","width":1219,"height":804},{"@type":"BreadcrumbList","@id":"https:\/\/www.odemocratagb.com\/?p=22091#breadcrumb","itemListElement":[{"@type":"ListItem","position":1,"name":"In\u00edcio","item":"https:\/\/www.odemocratagb.com\/"},{"@type":"ListItem","position":2,"name":"Vig\u00edlia: T\u00c9CNICOS DE SA\u00daDE REC\u00c9M-COLOCADOS EXIGEM PAGAMENTO DE 11 MESES DE SAL\u00c1RIOS"}]},{"@type":"WebSite","@id":"https:\/\/www.odemocratagb.com\/#website","url":"https:\/\/www.odemocratagb.com\/","name":"O Democrata GB","description":"Jornal O Democrata GB","publisher":{"@id":"https:\/\/www.odemocratagb.com\/#organization"},"potentialAction":[{"@type":"SearchAction","target":{"@type":"EntryPoint","urlTemplate":"https:\/\/www.odemocratagb.com\/?s={search_term_string}"},"query-input":{"@type":"PropertyValueSpecification","valueRequired":true,"valueName":"search_term_string"}}],"inLanguage":"pt-BR"},{"@type":"Organization","@id":"https:\/\/www.odemocratagb.com\/#organization","name":"O Democrata GB","url":"https:\/\/www.odemocratagb.com\/","logo":{"@type":"ImageObject","inLanguage":"pt-BR","@id":"https:\/\/www.odemocratagb.com\/#\/schema\/logo\/image\/","url":"https:\/\/www.odemocratagb.com\/wp-content\/uploads\/2026\/04\/logo-odemocratagb.png","contentUrl":"https:\/\/www.odemocratagb.com\/wp-content\/uploads\/2026\/04\/logo-odemocratagb.png","width":1250,"height":327,"caption":"O Democrata GB"},"image":{"@id":"https:\/\/www.odemocratagb.com\/#\/schema\/logo\/image\/"},"sameAs":["https:\/\/www.facebook.com\/jornaldaguinebissau","https:\/\/www.instagram.com\/odemocratagb"]},{"@type":"Person","@id":"https:\/\/www.odemocratagb.com\/#\/schema\/person\/c5e683adeaf9b557e57cf1a8a591b0c0","name":"Jornal Odemocrata","image":{"@type":"ImageObject","inLanguage":"pt-BR","@id":"https:\/\/secure.gravatar.com\/avatar\/09cb6b76eee5612f7cfca9e0089e2f17141d417bd034905eee842945c87fd87f?s=96&d=mm&r=g","url":"https:\/\/secure.gravatar.com\/avatar\/09cb6b76eee5612f7cfca9e0089e2f17141d417bd034905eee842945c87fd87f?s=96&d=mm&r=g","contentUrl":"https:\/\/secure.gravatar.com\/avatar\/09cb6b76eee5612f7cfca9e0089e2f17141d417bd034905eee842945c87fd87f?s=96&d=mm&r=g","caption":"Jornal Odemocrata"},"sameAs":["http:\/\/odemocratagb.com"],"url":"https:\/\/www.odemocratagb.com\/?author=4"}]}},"_links":{"self":[{"href":"https:\/\/www.odemocratagb.com\/index.php?rest_route=\/wp\/v2\/posts\/22091","targetHints":{"allow":["GET"]}}],"collection":[{"href":"https:\/\/www.odemocratagb.com\/index.php?rest_route=\/wp\/v2\/posts"}],"about":[{"href":"https:\/\/www.odemocratagb.com\/index.php?rest_route=\/wp\/v2\/types\/post"}],"author":[{"embeddable":true,"href":"https:\/\/www.odemocratagb.com\/index.php?rest_route=\/wp\/v2\/users\/4"}],"replies":[{"embeddable":true,"href":"https:\/\/www.odemocratagb.com\/index.php?rest_route=%2Fwp%2Fv2%2Fcomments&post=22091"}],"version-history":[{"count":1,"href":"https:\/\/www.odemocratagb.com\/index.php?rest_route=\/wp\/v2\/posts\/22091\/revisions"}],"predecessor-version":[{"id":22092,"href":"https:\/\/www.odemocratagb.com\/index.php?rest_route=\/wp\/v2\/posts\/22091\/revisions\/22092"}],"wp:featuredmedia":[{"embeddable":true,"href":"https:\/\/www.odemocratagb.com\/index.php?rest_route=\/wp\/v2\/media\/22088"}],"wp:attachment":[{"href":"https:\/\/www.odemocratagb.com\/index.php?rest_route=%2Fwp%2Fv2%2Fmedia&parent=22091"}],"wp:term":[{"taxonomy":"category","embeddable":true,"href":"https:\/\/www.odemocratagb.com\/index.php?rest_route=%2Fwp%2Fv2%2Fcategories&post=22091"},{"taxonomy":"post_tag","embeddable":true,"href":"https:\/\/www.odemocratagb.com\/index.php?rest_route=%2Fwp%2Fv2%2Ftags&post=22091"}],"curies":[{"name":"wp","href":"https:\/\/api.w.org\/{rel}","templated":true}]}}