{"id":22539,"date":"2019-11-13T18:10:47","date_gmt":"2019-11-13T18:10:47","guid":{"rendered":"http:\/\/www.odemocratagb.com\/?p=22539"},"modified":"2019-11-13T18:10:50","modified_gmt":"2019-11-13T18:10:50","slug":"campanha-eleitoral-gabriel-indi-exorta-candidatos-a-evitarem-uso-de-discursos-incendiarios","status":"publish","type":"post","link":"https:\/\/www.odemocratagb.com\/?p=22539","title":{"rendered":"Campanha Eleitoral: GABRIEL INDI EXORTA CANDIDATOS A EVITAREM USO DE DISCURSOS INCENDI\u00c1RIOS"},"content":{"rendered":"\n<p class=\"wp-block-paragraph\">O Candidato do Partido Unido Social Democr\u00e1tico (PUSD), Gabriel Fernandes Indi, exortou na quarta-feira, 13 de novembro de 2019, os candidatos que perfilam na corrida \u00e0s elei\u00e7\u00f5es presidenciais do pr\u00f3ximo dia 24 do m\u00eas em curso a evitarem o uso de discursos incendi\u00e1rios e \u00e9tnico-religiosos ou mensagens suscet\u00edveis de provocar divis\u00e3o na sociedade guineense.\u00a0\u00a0<\/p>\n\n\n\n<p class=\"wp-block-paragraph\">Apelo feito durante um com\u00edcio popular realizado na se\u00e7\u00e3o de Quessete, sector de Pr\u00e1bis, regi\u00e3o de Biombo no norte do pa\u00eds, no qual Gabriel Fernandes Indi chama ainda aten\u00e7\u00e3o no sentido de todos os candidatos concorrentes absterem-se de discursos enganadores, faltando \u00e0 verdade ao povo atrav\u00e9s de promessas fora das suas compet\u00eancias.<\/p>\n\n\n\n<p class=\"wp-block-paragraph\">Gabriel pediu votos aos populares de Quessete para que possa jogar sua influ\u00eancia junto do governo para fazer face aos problemas relatados pelos populares, particularmente problemas ligados aos sectores de sa\u00fade, educa\u00e7\u00e3o e infraestruturas rodovi\u00e1rias. Tamb\u00e9m n\u00e3o a falta de \u00e1gua pot\u00e1vel, eletricidade, escolas do ensino secund\u00e1rio, m\u00e1s condi\u00e7\u00f5es das estradas para escoamento dos produtos da popula\u00e7\u00e3o para a cidade e, consequentemente, influenciar na cria\u00e7\u00e3o de condi\u00e7\u00f5es para evacua\u00e7\u00e3o de doentes em estado grave e mulheres gr\u00e1vidas.&nbsp;<\/p>\n\n\n\n<p class=\"wp-block-paragraph\">Candidato suportado pelo Partido Unido Social Democr\u00e1tico (PUSD) considerou na vila de Quessete ser desumano as condi\u00e7\u00f5es de vida da popula\u00e7\u00e3o guineense, sobretudo os populares do interior do pa\u00eds. Indi teceu ainda duras cr\u00edticas \u00e0 atua\u00e7\u00e3o da classe pol\u00edtica dirigente do pa\u00eds, que acusa igualmente de transformar a Guin\u00e9-Bissau uma empresa.<\/p>\n\n\n\n<figure class=\"wp-block-image\"><img loading=\"lazy\" decoding=\"async\" width=\"1024\" height=\"768\" src=\"http:\/\/www.odemocratagb.com\/wp-content\/uploads\/2019\/11\/632800FB-68EE-48F8-85B5-93EC3AB3E40A-1024x768.jpeg\" alt=\"\" class=\"wp-image-22535\" srcset=\"https:\/\/www.odemocratagb.com\/wp-content\/uploads\/2019\/11\/632800FB-68EE-48F8-85B5-93EC3AB3E40A-1024x768.jpeg 1024w, https:\/\/www.odemocratagb.com\/wp-content\/uploads\/2019\/11\/632800FB-68EE-48F8-85B5-93EC3AB3E40A-300x225.jpeg 300w, https:\/\/www.odemocratagb.com\/wp-content\/uploads\/2019\/11\/632800FB-68EE-48F8-85B5-93EC3AB3E40A-768x576.jpeg 768w, https:\/\/www.odemocratagb.com\/wp-content\/uploads\/2019\/11\/632800FB-68EE-48F8-85B5-93EC3AB3E40A.jpeg 1040w\" sizes=\"auto, (max-width: 1024px) 100vw, 1024px\" \/><\/figure>\n\n\n\n<p class=\"wp-block-paragraph\">\u201cO pa\u00eds est\u00e1 a ser dirigido pelos comerciantes, n\u00e3o pol\u00edticos\u201d, acusa, espelhando, no entanto, que papel de um chefe de Estado n\u00e3o se deve resumir apenas aos interesses do grupo de cidad\u00e3os que o apoia para a manuten\u00e7\u00e3o ou hipotecar os destinos do pa\u00eds e colocar permanentemente a Guin\u00e9-Bissau na situa\u00e7\u00e3o de ingovernabilidade em que se encontra e j\u00e1 dura eternidade.&nbsp;<\/p>\n\n\n\n<p class=\"wp-block-paragraph\">Neste sentido, promete, caso ven\u00e7a as presidenciais de 24 novembro, unir a sociedade guineense e promover o equil\u00edbrio em todas as esferas sociais, religiosa, cultural e pol\u00edtica. Ou seja, servir de s\u00edmbolo de uni\u00e3o nacional, n\u00e3o provocar instabilidade, exonerar ou interferir recorrentemente nas a\u00e7\u00f5es do governo.&nbsp;<\/p>\n\n\n\n<p class=\"wp-block-paragraph\">Gabriel Fernando Indi garantiu ainda jogar sua influ\u00eancia para que sejam reabilitadas as bolanhas e campos agr\u00edcolas, que atualmente se encontram em condi\u00e7\u00f5es degrad\u00e1veis.&nbsp;<\/p>\n\n\n\n<p class=\"wp-block-paragraph\"><\/p>\n\n\n\n<p class=\"wp-block-paragraph\"><\/p>\n\n\n\n<p class=\"wp-block-paragraph\"><\/p>\n\n\n\n<p class=\"wp-block-paragraph\"><strong>Por: Epifania Mendon\u00e7a<\/strong><\/p>\n\n\n\n<p class=\"wp-block-paragraph\"><strong>Foto: E.M&nbsp;<\/strong><\/p>\n","protected":false},"excerpt":{"rendered":"<p>O Candidato do Partido Unido Social Democr\u00e1tico (PUSD), Gabriel Fernandes Indi, exortou na quarta-feira, 13 de novembro de 2019, os&#8230;<\/p>\n","protected":false},"author":4,"featured_media":22536,"comment_status":"open","ping_status":"open","sticky":false,"template":"","format":"standard","meta":{"footnotes":""},"categories":[6,7],"tags":[],"class_list":["post-22539","post","type-post","status-publish","format-standard","has-post-thumbnail","hentry","category-inicio","category-politica","wpcat-6-id","wpcat-7-id"],"yoast_head":"<!-- This site is optimized with the Yoast SEO plugin v27.5 - https:\/\/yoast.com\/product\/yoast-seo-wordpress\/ -->\n<title>Campanha Eleitoral: GABRIEL INDI EXORTA CANDIDATOS A EVITAREM USO DE DISCURSOS INCENDI\u00c1RIOS - O Democrata GB<\/title>\n<meta name=\"robots\" content=\"index, follow, max-snippet:-1, max-image-preview:large, max-video-preview:-1\" \/>\n<link rel=\"canonical\" href=\"https:\/\/www.odemocratagb.com\/?p=22539\" \/>\n<meta property=\"og:locale\" content=\"pt_BR\" \/>\n<meta property=\"og:type\" content=\"article\" \/>\n<meta property=\"og:title\" content=\"Campanha Eleitoral: GABRIEL INDI EXORTA CANDIDATOS A EVITAREM USO DE DISCURSOS INCENDI\u00c1RIOS - O Democrata GB\" \/>\n<meta property=\"og:description\" content=\"O Candidato do Partido Unido Social Democr\u00e1tico (PUSD), Gabriel Fernandes Indi, exortou na quarta-feira, 13 de novembro de 2019, os...\" \/>\n<meta property=\"og:url\" content=\"https:\/\/www.odemocratagb.com\/?p=22539\" \/>\n<meta property=\"og:site_name\" content=\"O Democrata GB\" \/>\n<meta property=\"article:publisher\" content=\"https:\/\/www.facebook.com\/jornaldaguinebissau\" \/>\n<meta property=\"article:published_time\" content=\"2019-11-13T18:10:47+00:00\" \/>\n<meta property=\"article:modified_time\" content=\"2019-11-13T18:10:50+00:00\" \/>\n<meta property=\"og:image\" content=\"https:\/\/www.odemocratagb.com\/wp-content\/uploads\/2019\/11\/57C82AE3-5C87-40B0-B50E-8E5A803395D9.jpeg\" \/>\n\t<meta property=\"og:image:width\" content=\"1040\" \/>\n\t<meta property=\"og:image:height\" content=\"780\" \/>\n\t<meta property=\"og:image:type\" content=\"image\/jpeg\" \/>\n<meta name=\"author\" content=\"Jornal Odemocrata\" \/>\n<meta name=\"twitter:card\" content=\"summary_large_image\" \/>\n<meta name=\"twitter:label1\" content=\"Escrito por\" \/>\n\t<meta name=\"twitter:data1\" content=\"Jornal Odemocrata\" \/>\n\t<meta name=\"twitter:label2\" content=\"Est. tempo de leitura\" \/>\n\t<meta name=\"twitter:data2\" content=\"2 minutos\" \/>\n<script type=\"application\/ld+json\" class=\"yoast-schema-graph\">{\"@context\":\"https:\\\/\\\/schema.org\",\"@graph\":[{\"@type\":\"Article\",\"@id\":\"https:\\\/\\\/www.odemocratagb.com\\\/?p=22539#article\",\"isPartOf\":{\"@id\":\"https:\\\/\\\/www.odemocratagb.com\\\/?p=22539\"},\"author\":{\"name\":\"Jornal Odemocrata\",\"@id\":\"https:\\\/\\\/www.odemocratagb.com\\\/#\\\/schema\\\/person\\\/c5e683adeaf9b557e57cf1a8a591b0c0\"},\"headline\":\"Campanha Eleitoral: GABRIEL INDI EXORTA CANDIDATOS A EVITAREM USO DE DISCURSOS INCENDI\u00c1RIOS\",\"datePublished\":\"2019-11-13T18:10:47+00:00\",\"dateModified\":\"2019-11-13T18:10:50+00:00\",\"mainEntityOfPage\":{\"@id\":\"https:\\\/\\\/www.odemocratagb.com\\\/?p=22539\"},\"wordCount\":443,\"commentCount\":0,\"publisher\":{\"@id\":\"https:\\\/\\\/www.odemocratagb.com\\\/#organization\"},\"image\":{\"@id\":\"https:\\\/\\\/www.odemocratagb.com\\\/?p=22539#primaryimage\"},\"thumbnailUrl\":\"https:\\\/\\\/www.odemocratagb.com\\\/wp-content\\\/uploads\\\/2019\\\/11\\\/57C82AE3-5C87-40B0-B50E-8E5A803395D9.jpeg\",\"articleSection\":[\"Atualidade\",\"Pol\u00edtica\"],\"inLanguage\":\"pt-BR\",\"potentialAction\":[{\"@type\":\"CommentAction\",\"name\":\"Comment\",\"target\":[\"https:\\\/\\\/www.odemocratagb.com\\\/?p=22539#respond\"]}]},{\"@type\":\"WebPage\",\"@id\":\"https:\\\/\\\/www.odemocratagb.com\\\/?p=22539\",\"url\":\"https:\\\/\\\/www.odemocratagb.com\\\/?p=22539\",\"name\":\"Campanha Eleitoral: GABRIEL INDI EXORTA CANDIDATOS A EVITAREM USO DE DISCURSOS INCENDI\u00c1RIOS - O Democrata GB\",\"isPartOf\":{\"@id\":\"https:\\\/\\\/www.odemocratagb.com\\\/#website\"},\"primaryImageOfPage\":{\"@id\":\"https:\\\/\\\/www.odemocratagb.com\\\/?p=22539#primaryimage\"},\"image\":{\"@id\":\"https:\\\/\\\/www.odemocratagb.com\\\/?p=22539#primaryimage\"},\"thumbnailUrl\":\"https:\\\/\\\/www.odemocratagb.com\\\/wp-content\\\/uploads\\\/2019\\\/11\\\/57C82AE3-5C87-40B0-B50E-8E5A803395D9.jpeg\",\"datePublished\":\"2019-11-13T18:10:47+00:00\",\"dateModified\":\"2019-11-13T18:10:50+00:00\",\"breadcrumb\":{\"@id\":\"https:\\\/\\\/www.odemocratagb.com\\\/?p=22539#breadcrumb\"},\"inLanguage\":\"pt-BR\",\"potentialAction\":[{\"@type\":\"ReadAction\",\"target\":[\"https:\\\/\\\/www.odemocratagb.com\\\/?p=22539\"]}]},{\"@type\":\"ImageObject\",\"inLanguage\":\"pt-BR\",\"@id\":\"https:\\\/\\\/www.odemocratagb.com\\\/?p=22539#primaryimage\",\"url\":\"https:\\\/\\\/www.odemocratagb.com\\\/wp-content\\\/uploads\\\/2019\\\/11\\\/57C82AE3-5C87-40B0-B50E-8E5A803395D9.jpeg\",\"contentUrl\":\"https:\\\/\\\/www.odemocratagb.com\\\/wp-content\\\/uploads\\\/2019\\\/11\\\/57C82AE3-5C87-40B0-B50E-8E5A803395D9.jpeg\",\"width\":1040,\"height\":780},{\"@type\":\"BreadcrumbList\",\"@id\":\"https:\\\/\\\/www.odemocratagb.com\\\/?p=22539#breadcrumb\",\"itemListElement\":[{\"@type\":\"ListItem\",\"position\":1,\"name\":\"In\u00edcio\",\"item\":\"https:\\\/\\\/www.odemocratagb.com\\\/\"},{\"@type\":\"ListItem\",\"position\":2,\"name\":\"Campanha Eleitoral: GABRIEL INDI EXORTA CANDIDATOS A EVITAREM USO DE DISCURSOS INCENDI\u00c1RIOS\"}]},{\"@type\":\"WebSite\",\"@id\":\"https:\\\/\\\/www.odemocratagb.com\\\/#website\",\"url\":\"https:\\\/\\\/www.odemocratagb.com\\\/\",\"name\":\"O Democrata GB\",\"description\":\"Jornal O Democrata GB\",\"publisher\":{\"@id\":\"https:\\\/\\\/www.odemocratagb.com\\\/#organization\"},\"potentialAction\":[{\"@type\":\"SearchAction\",\"target\":{\"@type\":\"EntryPoint\",\"urlTemplate\":\"https:\\\/\\\/www.odemocratagb.com\\\/?s={search_term_string}\"},\"query-input\":{\"@type\":\"PropertyValueSpecification\",\"valueRequired\":true,\"valueName\":\"search_term_string\"}}],\"inLanguage\":\"pt-BR\"},{\"@type\":\"Organization\",\"@id\":\"https:\\\/\\\/www.odemocratagb.com\\\/#organization\",\"name\":\"O Democrata GB\",\"url\":\"https:\\\/\\\/www.odemocratagb.com\\\/\",\"logo\":{\"@type\":\"ImageObject\",\"inLanguage\":\"pt-BR\",\"@id\":\"https:\\\/\\\/www.odemocratagb.com\\\/#\\\/schema\\\/logo\\\/image\\\/\",\"url\":\"https:\\\/\\\/www.odemocratagb.com\\\/wp-content\\\/uploads\\\/2026\\\/04\\\/logo-odemocratagb.png\",\"contentUrl\":\"https:\\\/\\\/www.odemocratagb.com\\\/wp-content\\\/uploads\\\/2026\\\/04\\\/logo-odemocratagb.png\",\"width\":1250,\"height\":327,\"caption\":\"O Democrata GB\"},\"image\":{\"@id\":\"https:\\\/\\\/www.odemocratagb.com\\\/#\\\/schema\\\/logo\\\/image\\\/\"},\"sameAs\":[\"https:\\\/\\\/www.facebook.com\\\/jornaldaguinebissau\",\"https:\\\/\\\/www.instagram.com\\\/odemocratagb\"]},{\"@type\":\"Person\",\"@id\":\"https:\\\/\\\/www.odemocratagb.com\\\/#\\\/schema\\\/person\\\/c5e683adeaf9b557e57cf1a8a591b0c0\",\"name\":\"Jornal Odemocrata\",\"image\":{\"@type\":\"ImageObject\",\"inLanguage\":\"pt-BR\",\"@id\":\"https:\\\/\\\/secure.gravatar.com\\\/avatar\\\/09cb6b76eee5612f7cfca9e0089e2f17141d417bd034905eee842945c87fd87f?s=96&d=mm&r=g\",\"url\":\"https:\\\/\\\/secure.gravatar.com\\\/avatar\\\/09cb6b76eee5612f7cfca9e0089e2f17141d417bd034905eee842945c87fd87f?s=96&d=mm&r=g\",\"contentUrl\":\"https:\\\/\\\/secure.gravatar.com\\\/avatar\\\/09cb6b76eee5612f7cfca9e0089e2f17141d417bd034905eee842945c87fd87f?s=96&d=mm&r=g\",\"caption\":\"Jornal Odemocrata\"},\"sameAs\":[\"http:\\\/\\\/odemocratagb.com\"],\"url\":\"https:\\\/\\\/www.odemocratagb.com\\\/?author=4\"}]}<\/script>\n<!-- \/ Yoast SEO plugin. -->","yoast_head_json":{"title":"Campanha Eleitoral: GABRIEL INDI EXORTA CANDIDATOS A EVITAREM USO DE DISCURSOS INCENDI\u00c1RIOS - O Democrata GB","robots":{"index":"index","follow":"follow","max-snippet":"max-snippet:-1","max-image-preview":"max-image-preview:large","max-video-preview":"max-video-preview:-1"},"canonical":"https:\/\/www.odemocratagb.com\/?p=22539","og_locale":"pt_BR","og_type":"article","og_title":"Campanha Eleitoral: GABRIEL INDI EXORTA CANDIDATOS A EVITAREM USO DE DISCURSOS INCENDI\u00c1RIOS - O Democrata GB","og_description":"O Candidato do Partido Unido Social Democr\u00e1tico (PUSD), Gabriel Fernandes Indi, exortou na quarta-feira, 13 de novembro de 2019, os...","og_url":"https:\/\/www.odemocratagb.com\/?p=22539","og_site_name":"O Democrata GB","article_publisher":"https:\/\/www.facebook.com\/jornaldaguinebissau","article_published_time":"2019-11-13T18:10:47+00:00","article_modified_time":"2019-11-13T18:10:50+00:00","og_image":[{"width":1040,"height":780,"url":"https:\/\/www.odemocratagb.com\/wp-content\/uploads\/2019\/11\/57C82AE3-5C87-40B0-B50E-8E5A803395D9.jpeg","type":"image\/jpeg"}],"author":"Jornal Odemocrata","twitter_card":"summary_large_image","twitter_misc":{"Escrito por":"Jornal Odemocrata","Est. tempo de leitura":"2 minutos"},"schema":{"@context":"https:\/\/schema.org","@graph":[{"@type":"Article","@id":"https:\/\/www.odemocratagb.com\/?p=22539#article","isPartOf":{"@id":"https:\/\/www.odemocratagb.com\/?p=22539"},"author":{"name":"Jornal Odemocrata","@id":"https:\/\/www.odemocratagb.com\/#\/schema\/person\/c5e683adeaf9b557e57cf1a8a591b0c0"},"headline":"Campanha Eleitoral: GABRIEL INDI EXORTA CANDIDATOS A EVITAREM USO DE DISCURSOS INCENDI\u00c1RIOS","datePublished":"2019-11-13T18:10:47+00:00","dateModified":"2019-11-13T18:10:50+00:00","mainEntityOfPage":{"@id":"https:\/\/www.odemocratagb.com\/?p=22539"},"wordCount":443,"commentCount":0,"publisher":{"@id":"https:\/\/www.odemocratagb.com\/#organization"},"image":{"@id":"https:\/\/www.odemocratagb.com\/?p=22539#primaryimage"},"thumbnailUrl":"https:\/\/www.odemocratagb.com\/wp-content\/uploads\/2019\/11\/57C82AE3-5C87-40B0-B50E-8E5A803395D9.jpeg","articleSection":["Atualidade","Pol\u00edtica"],"inLanguage":"pt-BR","potentialAction":[{"@type":"CommentAction","name":"Comment","target":["https:\/\/www.odemocratagb.com\/?p=22539#respond"]}]},{"@type":"WebPage","@id":"https:\/\/www.odemocratagb.com\/?p=22539","url":"https:\/\/www.odemocratagb.com\/?p=22539","name":"Campanha Eleitoral: GABRIEL INDI EXORTA CANDIDATOS A EVITAREM USO DE DISCURSOS INCENDI\u00c1RIOS - O Democrata GB","isPartOf":{"@id":"https:\/\/www.odemocratagb.com\/#website"},"primaryImageOfPage":{"@id":"https:\/\/www.odemocratagb.com\/?p=22539#primaryimage"},"image":{"@id":"https:\/\/www.odemocratagb.com\/?p=22539#primaryimage"},"thumbnailUrl":"https:\/\/www.odemocratagb.com\/wp-content\/uploads\/2019\/11\/57C82AE3-5C87-40B0-B50E-8E5A803395D9.jpeg","datePublished":"2019-11-13T18:10:47+00:00","dateModified":"2019-11-13T18:10:50+00:00","breadcrumb":{"@id":"https:\/\/www.odemocratagb.com\/?p=22539#breadcrumb"},"inLanguage":"pt-BR","potentialAction":[{"@type":"ReadAction","target":["https:\/\/www.odemocratagb.com\/?p=22539"]}]},{"@type":"ImageObject","inLanguage":"pt-BR","@id":"https:\/\/www.odemocratagb.com\/?p=22539#primaryimage","url":"https:\/\/www.odemocratagb.com\/wp-content\/uploads\/2019\/11\/57C82AE3-5C87-40B0-B50E-8E5A803395D9.jpeg","contentUrl":"https:\/\/www.odemocratagb.com\/wp-content\/uploads\/2019\/11\/57C82AE3-5C87-40B0-B50E-8E5A803395D9.jpeg","width":1040,"height":780},{"@type":"BreadcrumbList","@id":"https:\/\/www.odemocratagb.com\/?p=22539#breadcrumb","itemListElement":[{"@type":"ListItem","position":1,"name":"In\u00edcio","item":"https:\/\/www.odemocratagb.com\/"},{"@type":"ListItem","position":2,"name":"Campanha Eleitoral: GABRIEL INDI EXORTA CANDIDATOS A EVITAREM USO DE DISCURSOS INCENDI\u00c1RIOS"}]},{"@type":"WebSite","@id":"https:\/\/www.odemocratagb.com\/#website","url":"https:\/\/www.odemocratagb.com\/","name":"O Democrata GB","description":"Jornal O Democrata GB","publisher":{"@id":"https:\/\/www.odemocratagb.com\/#organization"},"potentialAction":[{"@type":"SearchAction","target":{"@type":"EntryPoint","urlTemplate":"https:\/\/www.odemocratagb.com\/?s={search_term_string}"},"query-input":{"@type":"PropertyValueSpecification","valueRequired":true,"valueName":"search_term_string"}}],"inLanguage":"pt-BR"},{"@type":"Organization","@id":"https:\/\/www.odemocratagb.com\/#organization","name":"O Democrata GB","url":"https:\/\/www.odemocratagb.com\/","logo":{"@type":"ImageObject","inLanguage":"pt-BR","@id":"https:\/\/www.odemocratagb.com\/#\/schema\/logo\/image\/","url":"https:\/\/www.odemocratagb.com\/wp-content\/uploads\/2026\/04\/logo-odemocratagb.png","contentUrl":"https:\/\/www.odemocratagb.com\/wp-content\/uploads\/2026\/04\/logo-odemocratagb.png","width":1250,"height":327,"caption":"O Democrata GB"},"image":{"@id":"https:\/\/www.odemocratagb.com\/#\/schema\/logo\/image\/"},"sameAs":["https:\/\/www.facebook.com\/jornaldaguinebissau","https:\/\/www.instagram.com\/odemocratagb"]},{"@type":"Person","@id":"https:\/\/www.odemocratagb.com\/#\/schema\/person\/c5e683adeaf9b557e57cf1a8a591b0c0","name":"Jornal Odemocrata","image":{"@type":"ImageObject","inLanguage":"pt-BR","@id":"https:\/\/secure.gravatar.com\/avatar\/09cb6b76eee5612f7cfca9e0089e2f17141d417bd034905eee842945c87fd87f?s=96&d=mm&r=g","url":"https:\/\/secure.gravatar.com\/avatar\/09cb6b76eee5612f7cfca9e0089e2f17141d417bd034905eee842945c87fd87f?s=96&d=mm&r=g","contentUrl":"https:\/\/secure.gravatar.com\/avatar\/09cb6b76eee5612f7cfca9e0089e2f17141d417bd034905eee842945c87fd87f?s=96&d=mm&r=g","caption":"Jornal Odemocrata"},"sameAs":["http:\/\/odemocratagb.com"],"url":"https:\/\/www.odemocratagb.com\/?author=4"}]}},"_links":{"self":[{"href":"https:\/\/www.odemocratagb.com\/index.php?rest_route=\/wp\/v2\/posts\/22539","targetHints":{"allow":["GET"]}}],"collection":[{"href":"https:\/\/www.odemocratagb.com\/index.php?rest_route=\/wp\/v2\/posts"}],"about":[{"href":"https:\/\/www.odemocratagb.com\/index.php?rest_route=\/wp\/v2\/types\/post"}],"author":[{"embeddable":true,"href":"https:\/\/www.odemocratagb.com\/index.php?rest_route=\/wp\/v2\/users\/4"}],"replies":[{"embeddable":true,"href":"https:\/\/www.odemocratagb.com\/index.php?rest_route=%2Fwp%2Fv2%2Fcomments&post=22539"}],"version-history":[{"count":1,"href":"https:\/\/www.odemocratagb.com\/index.php?rest_route=\/wp\/v2\/posts\/22539\/revisions"}],"predecessor-version":[{"id":22540,"href":"https:\/\/www.odemocratagb.com\/index.php?rest_route=\/wp\/v2\/posts\/22539\/revisions\/22540"}],"wp:featuredmedia":[{"embeddable":true,"href":"https:\/\/www.odemocratagb.com\/index.php?rest_route=\/wp\/v2\/media\/22536"}],"wp:attachment":[{"href":"https:\/\/www.odemocratagb.com\/index.php?rest_route=%2Fwp%2Fv2%2Fmedia&parent=22539"}],"wp:term":[{"taxonomy":"category","embeddable":true,"href":"https:\/\/www.odemocratagb.com\/index.php?rest_route=%2Fwp%2Fv2%2Fcategories&post=22539"},{"taxonomy":"post_tag","embeddable":true,"href":"https:\/\/www.odemocratagb.com\/index.php?rest_route=%2Fwp%2Fv2%2Ftags&post=22539"}],"curies":[{"name":"wp","href":"https:\/\/api.w.org\/{rel}","templated":true}]}}