{"id":22738,"date":"2019-11-27T19:29:32","date_gmt":"2019-11-27T19:29:32","guid":{"rendered":"http:\/\/www.odemocratagb.com\/?p=22738"},"modified":"2019-11-27T19:29:40","modified_gmt":"2019-11-27T19:29:40","slug":"carlos-gomes-junior-reconhece-resultados-eleitorais-de-24-de-novembro","status":"publish","type":"post","link":"https:\/\/www.odemocratagb.com\/?p=22738","title":{"rendered":"CARLOS GOMES J\u00daNIOR RECONHECE RESULTADOS ELEITORAIS DE 24 DE NOVEMBRO"},"content":{"rendered":"\n<p class=\"wp-block-paragraph\">Carlos Gomes J\u00fanior, candidato independente na primeira volta das presidenciais de\u00a0\u00a024 de novembro de 2019, reconheceu\u00a0\u00a0os\u00a0resultados eleitorais provis\u00f3rios\u00a0anunciados\u00a0esta quarta-feira, 27 de novembro de 2019, pela Comiss\u00e3o Nacional de Elei\u00e7\u00f5es (CNE).<\/p>\n\n\n\n<p class=\"wp-block-paragraph\">Rea\u00e7\u00e3o de Carlos Gomes n\u00e3o demorou e foi conhecida logo depois da divulga\u00e7\u00e3o dos resultados provis\u00f3rios que d\u00e3o vit\u00f3ria relativa a Domingos Sim\u00f5es Pereira do PAIGC, que dever\u00e1 agora disputar a segunda volta com \u00damaro Sissoco Embal\u00f3 apoiado pelo MADEM-G15. Carlos Gomes J\u00fanior que&nbsp;&nbsp;figura&nbsp;&nbsp;na quinta posi\u00e7\u00e3o&nbsp;&nbsp;com 14.766 correspondentes a 2,66% , j\u00e1 assegurou&nbsp;que estar\u00e1 sempre dispon\u00edvel para colocar na pr\u00e1tica a sua experi\u00eancia ao servi\u00e7o dos guineenses, assim que&nbsp;&nbsp;for necess\u00e1rio.<\/p>\n\n\n\n<p class=\"wp-block-paragraph\">Aos jornalistas para pronunciar sobre o resultado vindo das urnas, &#8220;Cadogo&#8221;, como \u00e9 conhecido, felicitou&nbsp; o povo guineense por mais uma miss\u00e3o de maturidade e civismo a semelhan\u00e7a do que j\u00e1 habituou em todos os atos eleitorais na Guin\u00e9-Bissau.<\/p>\n\n\n\n<p class=\"wp-block-paragraph\">Gomes J\u00fanior sublinhou que na democracia o povo \u00e9 o detentor da decis\u00e3o e diz aceitar o veredicto das urnas e aproveita para felicitar os candidatos que passaram a segunda volta da vota\u00e7\u00e3o.<\/p>\n\n\n\n<p class=\"wp-block-paragraph\">Questionado sobre o seu eventual apoio a um dos candidatos a segunda volta, o tamb\u00e9m&nbsp;&nbsp;antigo primeiro-ministro n\u00e3o se pronunciou nada. Por\u00e9m, promete fazer&nbsp;&nbsp;uma declara\u00e7\u00e3o pol\u00edtica&nbsp;&nbsp;sobre esse assunto.<\/p>\n\n\n\n<p class=\"wp-block-paragraph\"><br><\/p>\n\n\n\n<p class=\"wp-block-paragraph\"><\/p>\n\n\n\n<p class=\"wp-block-paragraph\"><strong>Por: Cadidjatu Djamila da Silva\u00a0<\/strong><\/p>\n","protected":false},"excerpt":{"rendered":"<p>Carlos Gomes J\u00fanior, candidato independente na primeira volta das presidenciais de\u00a0\u00a024 de novembro de 2019, reconheceu\u00a0\u00a0os\u00a0resultados eleitorais provis\u00f3rios\u00a0anunciados\u00a0esta quarta-feira, 27&#8230;<\/p>\n","protected":false},"author":4,"featured_media":22739,"comment_status":"open","ping_status":"open","sticky":false,"template":"","format":"standard","meta":{"footnotes":""},"categories":[6,7],"tags":[],"class_list":["post-22738","post","type-post","status-publish","format-standard","has-post-thumbnail","hentry","category-inicio","category-politica","wpcat-6-id","wpcat-7-id"],"yoast_head":"<!-- This site is optimized with the Yoast SEO plugin v27.5 - https:\/\/yoast.com\/product\/yoast-seo-wordpress\/ -->\n<title>CARLOS GOMES J\u00daNIOR RECONHECE RESULTADOS ELEITORAIS DE 24 DE NOVEMBRO - O Democrata GB<\/title>\n<meta name=\"robots\" content=\"index, follow, max-snippet:-1, max-image-preview:large, max-video-preview:-1\" \/>\n<link rel=\"canonical\" href=\"https:\/\/www.odemocratagb.com\/?p=22738\" \/>\n<meta property=\"og:locale\" content=\"pt_BR\" \/>\n<meta property=\"og:type\" content=\"article\" \/>\n<meta property=\"og:title\" content=\"CARLOS GOMES J\u00daNIOR RECONHECE RESULTADOS ELEITORAIS DE 24 DE NOVEMBRO - O Democrata GB\" \/>\n<meta property=\"og:description\" content=\"Carlos Gomes J\u00fanior, candidato independente na primeira volta das presidenciais de\u00a0\u00a024 de novembro de 2019, reconheceu\u00a0\u00a0os\u00a0resultados eleitorais provis\u00f3rios\u00a0anunciados\u00a0esta quarta-feira, 27...\" \/>\n<meta property=\"og:url\" content=\"https:\/\/www.odemocratagb.com\/?p=22738\" \/>\n<meta property=\"og:site_name\" content=\"O Democrata GB\" \/>\n<meta property=\"article:publisher\" content=\"https:\/\/www.facebook.com\/jornaldaguinebissau\" \/>\n<meta property=\"article:published_time\" content=\"2019-11-27T19:29:32+00:00\" \/>\n<meta property=\"article:modified_time\" content=\"2019-11-27T19:29:40+00:00\" \/>\n<meta property=\"og:image\" content=\"https:\/\/www.odemocratagb.com\/wp-content\/uploads\/2019\/11\/0DECC3A3-C505-4DFF-955B-2F7EA33DFC66.jpeg\" \/>\n\t<meta property=\"og:image:width\" content=\"474\" \/>\n\t<meta property=\"og:image:height\" content=\"474\" \/>\n\t<meta property=\"og:image:type\" content=\"image\/jpeg\" \/>\n<meta name=\"author\" content=\"Jornal Odemocrata\" \/>\n<meta name=\"twitter:card\" content=\"summary_large_image\" \/>\n<meta name=\"twitter:label1\" content=\"Escrito por\" \/>\n\t<meta name=\"twitter:data1\" content=\"Jornal Odemocrata\" \/>\n\t<meta name=\"twitter:label2\" content=\"Est. tempo de leitura\" \/>\n\t<meta name=\"twitter:data2\" content=\"1 minuto\" \/>\n<script type=\"application\/ld+json\" class=\"yoast-schema-graph\">{\"@context\":\"https:\\\/\\\/schema.org\",\"@graph\":[{\"@type\":\"Article\",\"@id\":\"https:\\\/\\\/www.odemocratagb.com\\\/?p=22738#article\",\"isPartOf\":{\"@id\":\"https:\\\/\\\/www.odemocratagb.com\\\/?p=22738\"},\"author\":{\"name\":\"Jornal Odemocrata\",\"@id\":\"https:\\\/\\\/www.odemocratagb.com\\\/#\\\/schema\\\/person\\\/c5e683adeaf9b557e57cf1a8a591b0c0\"},\"headline\":\"CARLOS GOMES J\u00daNIOR RECONHECE RESULTADOS ELEITORAIS DE 24 DE NOVEMBRO\",\"datePublished\":\"2019-11-27T19:29:32+00:00\",\"dateModified\":\"2019-11-27T19:29:40+00:00\",\"mainEntityOfPage\":{\"@id\":\"https:\\\/\\\/www.odemocratagb.com\\\/?p=22738\"},\"wordCount\":263,\"commentCount\":0,\"publisher\":{\"@id\":\"https:\\\/\\\/www.odemocratagb.com\\\/#organization\"},\"image\":{\"@id\":\"https:\\\/\\\/www.odemocratagb.com\\\/?p=22738#primaryimage\"},\"thumbnailUrl\":\"https:\\\/\\\/www.odemocratagb.com\\\/wp-content\\\/uploads\\\/2019\\\/11\\\/0DECC3A3-C505-4DFF-955B-2F7EA33DFC66.jpeg\",\"articleSection\":[\"Atualidade\",\"Pol\u00edtica\"],\"inLanguage\":\"pt-BR\",\"potentialAction\":[{\"@type\":\"CommentAction\",\"name\":\"Comment\",\"target\":[\"https:\\\/\\\/www.odemocratagb.com\\\/?p=22738#respond\"]}]},{\"@type\":\"WebPage\",\"@id\":\"https:\\\/\\\/www.odemocratagb.com\\\/?p=22738\",\"url\":\"https:\\\/\\\/www.odemocratagb.com\\\/?p=22738\",\"name\":\"CARLOS GOMES J\u00daNIOR RECONHECE RESULTADOS ELEITORAIS DE 24 DE NOVEMBRO - O Democrata GB\",\"isPartOf\":{\"@id\":\"https:\\\/\\\/www.odemocratagb.com\\\/#website\"},\"primaryImageOfPage\":{\"@id\":\"https:\\\/\\\/www.odemocratagb.com\\\/?p=22738#primaryimage\"},\"image\":{\"@id\":\"https:\\\/\\\/www.odemocratagb.com\\\/?p=22738#primaryimage\"},\"thumbnailUrl\":\"https:\\\/\\\/www.odemocratagb.com\\\/wp-content\\\/uploads\\\/2019\\\/11\\\/0DECC3A3-C505-4DFF-955B-2F7EA33DFC66.jpeg\",\"datePublished\":\"2019-11-27T19:29:32+00:00\",\"dateModified\":\"2019-11-27T19:29:40+00:00\",\"breadcrumb\":{\"@id\":\"https:\\\/\\\/www.odemocratagb.com\\\/?p=22738#breadcrumb\"},\"inLanguage\":\"pt-BR\",\"potentialAction\":[{\"@type\":\"ReadAction\",\"target\":[\"https:\\\/\\\/www.odemocratagb.com\\\/?p=22738\"]}]},{\"@type\":\"ImageObject\",\"inLanguage\":\"pt-BR\",\"@id\":\"https:\\\/\\\/www.odemocratagb.com\\\/?p=22738#primaryimage\",\"url\":\"https:\\\/\\\/www.odemocratagb.com\\\/wp-content\\\/uploads\\\/2019\\\/11\\\/0DECC3A3-C505-4DFF-955B-2F7EA33DFC66.jpeg\",\"contentUrl\":\"https:\\\/\\\/www.odemocratagb.com\\\/wp-content\\\/uploads\\\/2019\\\/11\\\/0DECC3A3-C505-4DFF-955B-2F7EA33DFC66.jpeg\",\"width\":474,\"height\":474},{\"@type\":\"BreadcrumbList\",\"@id\":\"https:\\\/\\\/www.odemocratagb.com\\\/?p=22738#breadcrumb\",\"itemListElement\":[{\"@type\":\"ListItem\",\"position\":1,\"name\":\"In\u00edcio\",\"item\":\"https:\\\/\\\/www.odemocratagb.com\\\/\"},{\"@type\":\"ListItem\",\"position\":2,\"name\":\"CARLOS GOMES J\u00daNIOR RECONHECE RESULTADOS ELEITORAIS DE 24 DE NOVEMBRO\"}]},{\"@type\":\"WebSite\",\"@id\":\"https:\\\/\\\/www.odemocratagb.com\\\/#website\",\"url\":\"https:\\\/\\\/www.odemocratagb.com\\\/\",\"name\":\"O Democrata GB\",\"description\":\"Jornal O Democrata GB\",\"publisher\":{\"@id\":\"https:\\\/\\\/www.odemocratagb.com\\\/#organization\"},\"potentialAction\":[{\"@type\":\"SearchAction\",\"target\":{\"@type\":\"EntryPoint\",\"urlTemplate\":\"https:\\\/\\\/www.odemocratagb.com\\\/?s={search_term_string}\"},\"query-input\":{\"@type\":\"PropertyValueSpecification\",\"valueRequired\":true,\"valueName\":\"search_term_string\"}}],\"inLanguage\":\"pt-BR\"},{\"@type\":\"Organization\",\"@id\":\"https:\\\/\\\/www.odemocratagb.com\\\/#organization\",\"name\":\"O Democrata GB\",\"url\":\"https:\\\/\\\/www.odemocratagb.com\\\/\",\"logo\":{\"@type\":\"ImageObject\",\"inLanguage\":\"pt-BR\",\"@id\":\"https:\\\/\\\/www.odemocratagb.com\\\/#\\\/schema\\\/logo\\\/image\\\/\",\"url\":\"https:\\\/\\\/www.odemocratagb.com\\\/wp-content\\\/uploads\\\/2026\\\/04\\\/logo-odemocratagb.png\",\"contentUrl\":\"https:\\\/\\\/www.odemocratagb.com\\\/wp-content\\\/uploads\\\/2026\\\/04\\\/logo-odemocratagb.png\",\"width\":1250,\"height\":327,\"caption\":\"O Democrata GB\"},\"image\":{\"@id\":\"https:\\\/\\\/www.odemocratagb.com\\\/#\\\/schema\\\/logo\\\/image\\\/\"},\"sameAs\":[\"https:\\\/\\\/www.facebook.com\\\/jornaldaguinebissau\",\"https:\\\/\\\/www.instagram.com\\\/odemocratagb\"]},{\"@type\":\"Person\",\"@id\":\"https:\\\/\\\/www.odemocratagb.com\\\/#\\\/schema\\\/person\\\/c5e683adeaf9b557e57cf1a8a591b0c0\",\"name\":\"Jornal Odemocrata\",\"image\":{\"@type\":\"ImageObject\",\"inLanguage\":\"pt-BR\",\"@id\":\"https:\\\/\\\/secure.gravatar.com\\\/avatar\\\/09cb6b76eee5612f7cfca9e0089e2f17141d417bd034905eee842945c87fd87f?s=96&d=mm&r=g\",\"url\":\"https:\\\/\\\/secure.gravatar.com\\\/avatar\\\/09cb6b76eee5612f7cfca9e0089e2f17141d417bd034905eee842945c87fd87f?s=96&d=mm&r=g\",\"contentUrl\":\"https:\\\/\\\/secure.gravatar.com\\\/avatar\\\/09cb6b76eee5612f7cfca9e0089e2f17141d417bd034905eee842945c87fd87f?s=96&d=mm&r=g\",\"caption\":\"Jornal Odemocrata\"},\"sameAs\":[\"http:\\\/\\\/odemocratagb.com\"],\"url\":\"https:\\\/\\\/www.odemocratagb.com\\\/?author=4\"}]}<\/script>\n<!-- \/ Yoast SEO plugin. -->","yoast_head_json":{"title":"CARLOS GOMES J\u00daNIOR RECONHECE RESULTADOS ELEITORAIS DE 24 DE NOVEMBRO - O Democrata GB","robots":{"index":"index","follow":"follow","max-snippet":"max-snippet:-1","max-image-preview":"max-image-preview:large","max-video-preview":"max-video-preview:-1"},"canonical":"https:\/\/www.odemocratagb.com\/?p=22738","og_locale":"pt_BR","og_type":"article","og_title":"CARLOS GOMES J\u00daNIOR RECONHECE RESULTADOS ELEITORAIS DE 24 DE NOVEMBRO - O Democrata GB","og_description":"Carlos Gomes J\u00fanior, candidato independente na primeira volta das presidenciais de\u00a0\u00a024 de novembro de 2019, reconheceu\u00a0\u00a0os\u00a0resultados eleitorais provis\u00f3rios\u00a0anunciados\u00a0esta quarta-feira, 27...","og_url":"https:\/\/www.odemocratagb.com\/?p=22738","og_site_name":"O Democrata GB","article_publisher":"https:\/\/www.facebook.com\/jornaldaguinebissau","article_published_time":"2019-11-27T19:29:32+00:00","article_modified_time":"2019-11-27T19:29:40+00:00","og_image":[{"width":474,"height":474,"url":"https:\/\/www.odemocratagb.com\/wp-content\/uploads\/2019\/11\/0DECC3A3-C505-4DFF-955B-2F7EA33DFC66.jpeg","type":"image\/jpeg"}],"author":"Jornal Odemocrata","twitter_card":"summary_large_image","twitter_misc":{"Escrito por":"Jornal Odemocrata","Est. tempo de leitura":"1 minuto"},"schema":{"@context":"https:\/\/schema.org","@graph":[{"@type":"Article","@id":"https:\/\/www.odemocratagb.com\/?p=22738#article","isPartOf":{"@id":"https:\/\/www.odemocratagb.com\/?p=22738"},"author":{"name":"Jornal Odemocrata","@id":"https:\/\/www.odemocratagb.com\/#\/schema\/person\/c5e683adeaf9b557e57cf1a8a591b0c0"},"headline":"CARLOS GOMES J\u00daNIOR RECONHECE RESULTADOS ELEITORAIS DE 24 DE NOVEMBRO","datePublished":"2019-11-27T19:29:32+00:00","dateModified":"2019-11-27T19:29:40+00:00","mainEntityOfPage":{"@id":"https:\/\/www.odemocratagb.com\/?p=22738"},"wordCount":263,"commentCount":0,"publisher":{"@id":"https:\/\/www.odemocratagb.com\/#organization"},"image":{"@id":"https:\/\/www.odemocratagb.com\/?p=22738#primaryimage"},"thumbnailUrl":"https:\/\/www.odemocratagb.com\/wp-content\/uploads\/2019\/11\/0DECC3A3-C505-4DFF-955B-2F7EA33DFC66.jpeg","articleSection":["Atualidade","Pol\u00edtica"],"inLanguage":"pt-BR","potentialAction":[{"@type":"CommentAction","name":"Comment","target":["https:\/\/www.odemocratagb.com\/?p=22738#respond"]}]},{"@type":"WebPage","@id":"https:\/\/www.odemocratagb.com\/?p=22738","url":"https:\/\/www.odemocratagb.com\/?p=22738","name":"CARLOS GOMES J\u00daNIOR RECONHECE RESULTADOS ELEITORAIS DE 24 DE NOVEMBRO - O Democrata GB","isPartOf":{"@id":"https:\/\/www.odemocratagb.com\/#website"},"primaryImageOfPage":{"@id":"https:\/\/www.odemocratagb.com\/?p=22738#primaryimage"},"image":{"@id":"https:\/\/www.odemocratagb.com\/?p=22738#primaryimage"},"thumbnailUrl":"https:\/\/www.odemocratagb.com\/wp-content\/uploads\/2019\/11\/0DECC3A3-C505-4DFF-955B-2F7EA33DFC66.jpeg","datePublished":"2019-11-27T19:29:32+00:00","dateModified":"2019-11-27T19:29:40+00:00","breadcrumb":{"@id":"https:\/\/www.odemocratagb.com\/?p=22738#breadcrumb"},"inLanguage":"pt-BR","potentialAction":[{"@type":"ReadAction","target":["https:\/\/www.odemocratagb.com\/?p=22738"]}]},{"@type":"ImageObject","inLanguage":"pt-BR","@id":"https:\/\/www.odemocratagb.com\/?p=22738#primaryimage","url":"https:\/\/www.odemocratagb.com\/wp-content\/uploads\/2019\/11\/0DECC3A3-C505-4DFF-955B-2F7EA33DFC66.jpeg","contentUrl":"https:\/\/www.odemocratagb.com\/wp-content\/uploads\/2019\/11\/0DECC3A3-C505-4DFF-955B-2F7EA33DFC66.jpeg","width":474,"height":474},{"@type":"BreadcrumbList","@id":"https:\/\/www.odemocratagb.com\/?p=22738#breadcrumb","itemListElement":[{"@type":"ListItem","position":1,"name":"In\u00edcio","item":"https:\/\/www.odemocratagb.com\/"},{"@type":"ListItem","position":2,"name":"CARLOS GOMES J\u00daNIOR RECONHECE RESULTADOS ELEITORAIS DE 24 DE NOVEMBRO"}]},{"@type":"WebSite","@id":"https:\/\/www.odemocratagb.com\/#website","url":"https:\/\/www.odemocratagb.com\/","name":"O Democrata GB","description":"Jornal O Democrata GB","publisher":{"@id":"https:\/\/www.odemocratagb.com\/#organization"},"potentialAction":[{"@type":"SearchAction","target":{"@type":"EntryPoint","urlTemplate":"https:\/\/www.odemocratagb.com\/?s={search_term_string}"},"query-input":{"@type":"PropertyValueSpecification","valueRequired":true,"valueName":"search_term_string"}}],"inLanguage":"pt-BR"},{"@type":"Organization","@id":"https:\/\/www.odemocratagb.com\/#organization","name":"O Democrata GB","url":"https:\/\/www.odemocratagb.com\/","logo":{"@type":"ImageObject","inLanguage":"pt-BR","@id":"https:\/\/www.odemocratagb.com\/#\/schema\/logo\/image\/","url":"https:\/\/www.odemocratagb.com\/wp-content\/uploads\/2026\/04\/logo-odemocratagb.png","contentUrl":"https:\/\/www.odemocratagb.com\/wp-content\/uploads\/2026\/04\/logo-odemocratagb.png","width":1250,"height":327,"caption":"O Democrata GB"},"image":{"@id":"https:\/\/www.odemocratagb.com\/#\/schema\/logo\/image\/"},"sameAs":["https:\/\/www.facebook.com\/jornaldaguinebissau","https:\/\/www.instagram.com\/odemocratagb"]},{"@type":"Person","@id":"https:\/\/www.odemocratagb.com\/#\/schema\/person\/c5e683adeaf9b557e57cf1a8a591b0c0","name":"Jornal Odemocrata","image":{"@type":"ImageObject","inLanguage":"pt-BR","@id":"https:\/\/secure.gravatar.com\/avatar\/09cb6b76eee5612f7cfca9e0089e2f17141d417bd034905eee842945c87fd87f?s=96&d=mm&r=g","url":"https:\/\/secure.gravatar.com\/avatar\/09cb6b76eee5612f7cfca9e0089e2f17141d417bd034905eee842945c87fd87f?s=96&d=mm&r=g","contentUrl":"https:\/\/secure.gravatar.com\/avatar\/09cb6b76eee5612f7cfca9e0089e2f17141d417bd034905eee842945c87fd87f?s=96&d=mm&r=g","caption":"Jornal Odemocrata"},"sameAs":["http:\/\/odemocratagb.com"],"url":"https:\/\/www.odemocratagb.com\/?author=4"}]}},"_links":{"self":[{"href":"https:\/\/www.odemocratagb.com\/index.php?rest_route=\/wp\/v2\/posts\/22738","targetHints":{"allow":["GET"]}}],"collection":[{"href":"https:\/\/www.odemocratagb.com\/index.php?rest_route=\/wp\/v2\/posts"}],"about":[{"href":"https:\/\/www.odemocratagb.com\/index.php?rest_route=\/wp\/v2\/types\/post"}],"author":[{"embeddable":true,"href":"https:\/\/www.odemocratagb.com\/index.php?rest_route=\/wp\/v2\/users\/4"}],"replies":[{"embeddable":true,"href":"https:\/\/www.odemocratagb.com\/index.php?rest_route=%2Fwp%2Fv2%2Fcomments&post=22738"}],"version-history":[{"count":1,"href":"https:\/\/www.odemocratagb.com\/index.php?rest_route=\/wp\/v2\/posts\/22738\/revisions"}],"predecessor-version":[{"id":22740,"href":"https:\/\/www.odemocratagb.com\/index.php?rest_route=\/wp\/v2\/posts\/22738\/revisions\/22740"}],"wp:featuredmedia":[{"embeddable":true,"href":"https:\/\/www.odemocratagb.com\/index.php?rest_route=\/wp\/v2\/media\/22739"}],"wp:attachment":[{"href":"https:\/\/www.odemocratagb.com\/index.php?rest_route=%2Fwp%2Fv2%2Fmedia&parent=22738"}],"wp:term":[{"taxonomy":"category","embeddable":true,"href":"https:\/\/www.odemocratagb.com\/index.php?rest_route=%2Fwp%2Fv2%2Fcategories&post=22738"},{"taxonomy":"post_tag","embeddable":true,"href":"https:\/\/www.odemocratagb.com\/index.php?rest_route=%2Fwp%2Fv2%2Ftags&post=22738"}],"curies":[{"name":"wp","href":"https:\/\/api.w.org\/{rel}","templated":true}]}}