{"id":22817,"date":"2019-12-05T16:54:46","date_gmt":"2019-12-05T16:54:46","guid":{"rendered":"http:\/\/www.odemocratagb.com\/?p=22817"},"modified":"2019-12-05T16:54:52","modified_gmt":"2019-12-05T16:54:52","slug":"sindicatos-do-setor-do-ensino-retiram-confianca-ao-governo-de-aristides-gomes","status":"publish","type":"post","link":"https:\/\/www.odemocratagb.com\/?p=22817","title":{"rendered":"SINDICATOS DO SETOR DO ENSINO RETIRAM CONFIAN\u00c7A AO GOVERNO DE ARISTIDES GOMES"},"content":{"rendered":"\n<p class=\"wp-block-paragraph\">Duarte Bunghoma Sanh\u00e1, presidente de Comiss\u00e3o Negocial da greve dos quatro sindicatos do setor do ensino p\u00fablico da Guin\u00e9-Bissau, afirmou que as organiza\u00e7\u00f5es sindicais\u00a0\u00a0j\u00e1 n\u00e3o t\u00eam confian\u00e7a tanto na pessoa de Aristides Gomes quanto em nenhum dos membros do seu governo e amea\u00e7am desencadear nos pr\u00f3ximos dias uma paralisa\u00e7\u00e3o de cinco dias, no fim da qual, de acordo com o sindicalista, ser\u00e1 entregue ao governo um novo pr\u00e9-aviso de greve de sessenta dias (janeiro e fevereiro) de 2020.<\/p>\n\n\n\n<p class=\"wp-block-paragraph\">A posi\u00e7\u00e3o dos sindicatos foi tornada p\u00fablica esta quinta-feira,\n05 de dezembro de 2019, por Duarte Bunghoma Sanh\u00e1, membro do Sindicato Nacional\ndos Professores e presidente da Comiss\u00e3o Negocial da greve dos quatro\nsindicatos da classe.<\/p>\n\n\n\n<p class=\"wp-block-paragraph\">O posicionamento dos professores vem na sequ\u00eancia do\nincumprimento do acordo assinado com o governo, sob media\u00e7\u00e3o dos l\u00edderes\nreligiosos guineenses e a \u00faltima medida tomada pelo executivo de Aristides\nGomes, que mandou, segundo documentos exibidos \u00e0 imprensa, retirar carga\nhor\u00e1ria aos professores e, consequentemente, cortar alguns dos subs\u00eddios que\nusufru\u00edam da carga hor\u00e1ria. A interven\u00e7\u00e3o dos l\u00edderes religiosos evitou a\nparalisa\u00e7\u00e3o que teria seu in\u00edcio a 11 de novembro \u00faltimo.<\/p>\n\n\n\n<p class=\"wp-block-paragraph\">Em rea\u00e7\u00e3o a decis\u00e3o do governo, Duarte Bunghoma exigiu que os\ndescontos fossem extens\u00edveis a outros setores e a&nbsp; organiza\u00e7\u00f5es sindicais\nde outros setores da vida social do pa\u00eds e lamenta por isso o fato de os\nprofessores terem sido,&nbsp;recorrentemente, \u201cvitimas dessa\natitude de descontos pelos sucessivos governantes que passaram na administra\u00e7\u00e3o\nda Guin\u00e9-Bissau\u201d.<\/p>\n\n\n\n<p class=\"wp-block-paragraph\">&#8220;Se houvesse a necessidade de tomar essa decis\u00e3o, o governo\nteria que produzir outro despacho para revogar a anterior e n\u00e3o desta forma, do\ngabinete a revogar um documento aprovado pelo governo e publicado no boletim\noficial\u201d, criticou, lamentando que o professor \u00e9, sistematicamente, v\u00edtima\ndessas jogadas porque os processos dos governantes n\u00e3o possam nas suas\nm\u00e3os.&nbsp;&nbsp;<\/p>\n\n\n\n<p class=\"wp-block-paragraph\">\u201cQuando tudo se relaciona com professor, \u00e9 bicho de sete cabe\u00e7as\ne tem que haver mexida, mas gostar\u00edamos de tomar conhecimento tamb\u00e9m pelos \u00f3rg\u00e3os\nde comunica\u00e7\u00e3o social que aos magistrados foram descontados na sequ\u00eancia da\ngreve que paralisou as suas atividades antes da realiza\u00e7\u00e3o da primeira volta\ndas presidenciais de 24 de novembro\u201d, recomendou.<\/p>\n\n\n\n<p class=\"wp-block-paragraph\">&nbsp;\u201cDe igual modo gostar\u00edamos de ouvir a mesma coisa a\nacontecer com&nbsp; aos funcion\u00e1rios da Assembleia Nacional Popular, porque a\ncaracteirista da lei \u00e9 assente justamente nisso, isto \u00e9, \u00e9 geral e abstrato\u201d,\nrefor\u00e7ou o sindicalista para de seguida, lembrar que quando aos militares foram\nretiradas as patentes, \u201cum direito adquirido\u201d, revoltaram-se.<\/p>\n\n\n\n<p class=\"wp-block-paragraph\">\u201cAcreditem&nbsp;&nbsp;que se estiv\u00e9ssemos nessa posi\u00e7\u00e3o dos\nmilitares algu\u00e9m pagaria a fatura cara\u201d, avisou.&nbsp;&nbsp;<\/p>\n\n\n\n<p class=\"wp-block-paragraph\">Duarte Bunghoma denunciou igualmente um plano em execu\u00e7\u00e3o pelo\ngoverno, em conluio com os inspetores e dire\u00e7\u00f5es das escolas p\u00fablicas da regi\u00e3o\nde Bafat\u00e1, leste do pa\u00eds,&nbsp;&nbsp;de&nbsp; bloquear&nbsp; os sal\u00e1rios de um\ngrupo de professores que haviam aderido a greves dos professores, tal como\naconteceu no passado e que levou a classe a paralisar as aulas nas escolas\npublicas durante cinco meses.<\/p>\n\n\n\n<p class=\"wp-block-paragraph\">Os sindicatos, atrav\u00e9s de Bunghoma, deixaram claro na sua\nposi\u00e7\u00e3o de que n\u00e3o v\u00e3o ceder os 15 dias solicitados pelos l\u00edderes religiosos\npara encontrar solu\u00e7\u00f5es consent\u00e2neas e elogiam a inten\u00e7\u00e3o do executivo de\nretirar todos os professores das escolas p\u00fablicas das&nbsp;&nbsp;escolas\nprivadas.<\/p>\n\n\n\n<p class=\"wp-block-paragraph\">\u201cNo final veremos quem vai chorar com a decis\u00e3o. N\u00e3o h\u00e1 segredo\nnenhum para ningu\u00e9m que todos os professores das escolas privadas s\u00e3o das\nescolas p\u00fablicas\u201d, sublinhou, revelando que o diploma de carreira docente\naprovado pela ANP foi trocado, porque um deputado disse que se o verdadeiro\ndiploma fosse publicado no boletim oficial daria muito dinheiro ao professor.<\/p>\n\n\n\n<p class=\"wp-block-paragraph\">Apesar da sua posi\u00e7\u00e3o, Duarte Bunghoma apela aos professores a\nentregarem as fichas de avalia\u00e7\u00e3o, aguardando pelos sindicatos, porque,&nbsp;\n\u201cs\u00e3o nota de \u201cabota\u201d &#8211; notas verticais\u201d e lembra que quando decidiram levantar\na paralisa\u00e7\u00e3o foram agredidos f\u00edsica e verbalmente pelos\nseus&nbsp;&nbsp;associados. Por\u00e9m, avan\u00e7aram com a decis\u00e3o por respeito aos\nl\u00edderes religiosos e nega qualquer coniv\u00eancia pol\u00edtica na decis\u00e3o dos\nsindicatos.<\/p>\n\n\n\n<p class=\"wp-block-paragraph\"><\/p>\n\n\n\n<p class=\"wp-block-paragraph\"><\/p>\n\n\n\n<p class=\"wp-block-paragraph\"><\/p>\n\n\n\n<p class=\"wp-block-paragraph\"><strong>Por: Filomeno Samb\u00fa<\/strong><\/p>\n\n\n\n<p class=\"wp-block-paragraph\"><strong>Foto: F.S<\/strong><\/p>\n","protected":false},"excerpt":{"rendered":"<p>Duarte Bunghoma Sanh\u00e1, presidente de Comiss\u00e3o Negocial da greve dos quatro sindicatos do setor do ensino p\u00fablico da Guin\u00e9-Bissau, afirmou&#8230;<\/p>\n","protected":false},"author":4,"featured_media":22816,"comment_status":"open","ping_status":"open","sticky":false,"template":"","format":"standard","meta":{"footnotes":""},"categories":[6,16],"tags":[],"class_list":["post-22817","post","type-post","status-publish","format-standard","has-post-thumbnail","hentry","category-inicio","category-sociedade","wpcat-6-id","wpcat-16-id"],"yoast_head":"<!-- This site is optimized with the Yoast SEO plugin v27.5 - https:\/\/yoast.com\/product\/yoast-seo-wordpress\/ -->\n<title>SINDICATOS DO SETOR DO ENSINO RETIRAM CONFIAN\u00c7A AO GOVERNO DE ARISTIDES GOMES - O Democrata GB<\/title>\n<meta name=\"robots\" content=\"index, follow, max-snippet:-1, max-image-preview:large, max-video-preview:-1\" \/>\n<link rel=\"canonical\" href=\"https:\/\/www.odemocratagb.com\/?p=22817\" \/>\n<meta property=\"og:locale\" content=\"pt_BR\" \/>\n<meta property=\"og:type\" content=\"article\" \/>\n<meta property=\"og:title\" content=\"SINDICATOS DO SETOR DO ENSINO RETIRAM CONFIAN\u00c7A AO GOVERNO DE ARISTIDES GOMES - O Democrata GB\" \/>\n<meta property=\"og:description\" content=\"Duarte Bunghoma Sanh\u00e1, presidente de Comiss\u00e3o Negocial da greve dos quatro sindicatos do setor do ensino p\u00fablico da Guin\u00e9-Bissau, afirmou...\" \/>\n<meta property=\"og:url\" content=\"https:\/\/www.odemocratagb.com\/?p=22817\" \/>\n<meta property=\"og:site_name\" content=\"O Democrata GB\" \/>\n<meta property=\"article:publisher\" content=\"https:\/\/www.facebook.com\/jornaldaguinebissau\" \/>\n<meta property=\"article:published_time\" content=\"2019-12-05T16:54:46+00:00\" \/>\n<meta property=\"article:modified_time\" content=\"2019-12-05T16:54:52+00:00\" \/>\n<meta property=\"og:image\" content=\"https:\/\/www.odemocratagb.com\/wp-content\/uploads\/2019\/12\/B75EB87F-37AC-4A6F-8FE6-0AFBA2B697AB.jpeg\" \/>\n\t<meta property=\"og:image:width\" content=\"1170\" \/>\n\t<meta property=\"og:image:height\" content=\"1560\" \/>\n\t<meta property=\"og:image:type\" content=\"image\/jpeg\" \/>\n<meta name=\"author\" content=\"Jornal Odemocrata\" \/>\n<meta name=\"twitter:card\" content=\"summary_large_image\" \/>\n<meta name=\"twitter:label1\" content=\"Escrito por\" \/>\n\t<meta name=\"twitter:data1\" content=\"Jornal Odemocrata\" \/>\n\t<meta name=\"twitter:label2\" content=\"Est. tempo de leitura\" \/>\n\t<meta name=\"twitter:data2\" content=\"4 minutos\" \/>\n<script type=\"application\/ld+json\" class=\"yoast-schema-graph\">{\"@context\":\"https:\\\/\\\/schema.org\",\"@graph\":[{\"@type\":\"Article\",\"@id\":\"https:\\\/\\\/www.odemocratagb.com\\\/?p=22817#article\",\"isPartOf\":{\"@id\":\"https:\\\/\\\/www.odemocratagb.com\\\/?p=22817\"},\"author\":{\"name\":\"Jornal Odemocrata\",\"@id\":\"https:\\\/\\\/www.odemocratagb.com\\\/#\\\/schema\\\/person\\\/c5e683adeaf9b557e57cf1a8a591b0c0\"},\"headline\":\"SINDICATOS DO SETOR DO ENSINO RETIRAM CONFIAN\u00c7A AO GOVERNO DE ARISTIDES GOMES\",\"datePublished\":\"2019-12-05T16:54:46+00:00\",\"dateModified\":\"2019-12-05T16:54:52+00:00\",\"mainEntityOfPage\":{\"@id\":\"https:\\\/\\\/www.odemocratagb.com\\\/?p=22817\"},\"wordCount\":751,\"commentCount\":1,\"publisher\":{\"@id\":\"https:\\\/\\\/www.odemocratagb.com\\\/#organization\"},\"image\":{\"@id\":\"https:\\\/\\\/www.odemocratagb.com\\\/?p=22817#primaryimage\"},\"thumbnailUrl\":\"https:\\\/\\\/www.odemocratagb.com\\\/wp-content\\\/uploads\\\/2019\\\/12\\\/B75EB87F-37AC-4A6F-8FE6-0AFBA2B697AB.jpeg\",\"articleSection\":[\"Atualidade\",\"Sociedade\"],\"inLanguage\":\"pt-BR\",\"potentialAction\":[{\"@type\":\"CommentAction\",\"name\":\"Comment\",\"target\":[\"https:\\\/\\\/www.odemocratagb.com\\\/?p=22817#respond\"]}]},{\"@type\":\"WebPage\",\"@id\":\"https:\\\/\\\/www.odemocratagb.com\\\/?p=22817\",\"url\":\"https:\\\/\\\/www.odemocratagb.com\\\/?p=22817\",\"name\":\"SINDICATOS DO SETOR DO ENSINO RETIRAM CONFIAN\u00c7A AO GOVERNO DE ARISTIDES GOMES - O Democrata GB\",\"isPartOf\":{\"@id\":\"https:\\\/\\\/www.odemocratagb.com\\\/#website\"},\"primaryImageOfPage\":{\"@id\":\"https:\\\/\\\/www.odemocratagb.com\\\/?p=22817#primaryimage\"},\"image\":{\"@id\":\"https:\\\/\\\/www.odemocratagb.com\\\/?p=22817#primaryimage\"},\"thumbnailUrl\":\"https:\\\/\\\/www.odemocratagb.com\\\/wp-content\\\/uploads\\\/2019\\\/12\\\/B75EB87F-37AC-4A6F-8FE6-0AFBA2B697AB.jpeg\",\"datePublished\":\"2019-12-05T16:54:46+00:00\",\"dateModified\":\"2019-12-05T16:54:52+00:00\",\"breadcrumb\":{\"@id\":\"https:\\\/\\\/www.odemocratagb.com\\\/?p=22817#breadcrumb\"},\"inLanguage\":\"pt-BR\",\"potentialAction\":[{\"@type\":\"ReadAction\",\"target\":[\"https:\\\/\\\/www.odemocratagb.com\\\/?p=22817\"]}]},{\"@type\":\"ImageObject\",\"inLanguage\":\"pt-BR\",\"@id\":\"https:\\\/\\\/www.odemocratagb.com\\\/?p=22817#primaryimage\",\"url\":\"https:\\\/\\\/www.odemocratagb.com\\\/wp-content\\\/uploads\\\/2019\\\/12\\\/B75EB87F-37AC-4A6F-8FE6-0AFBA2B697AB.jpeg\",\"contentUrl\":\"https:\\\/\\\/www.odemocratagb.com\\\/wp-content\\\/uploads\\\/2019\\\/12\\\/B75EB87F-37AC-4A6F-8FE6-0AFBA2B697AB.jpeg\",\"width\":1170,\"height\":1560},{\"@type\":\"BreadcrumbList\",\"@id\":\"https:\\\/\\\/www.odemocratagb.com\\\/?p=22817#breadcrumb\",\"itemListElement\":[{\"@type\":\"ListItem\",\"position\":1,\"name\":\"In\u00edcio\",\"item\":\"https:\\\/\\\/www.odemocratagb.com\\\/\"},{\"@type\":\"ListItem\",\"position\":2,\"name\":\"SINDICATOS DO SETOR DO ENSINO RETIRAM CONFIAN\u00c7A AO GOVERNO DE ARISTIDES GOMES\"}]},{\"@type\":\"WebSite\",\"@id\":\"https:\\\/\\\/www.odemocratagb.com\\\/#website\",\"url\":\"https:\\\/\\\/www.odemocratagb.com\\\/\",\"name\":\"O Democrata GB\",\"description\":\"Jornal O Democrata GB\",\"publisher\":{\"@id\":\"https:\\\/\\\/www.odemocratagb.com\\\/#organization\"},\"potentialAction\":[{\"@type\":\"SearchAction\",\"target\":{\"@type\":\"EntryPoint\",\"urlTemplate\":\"https:\\\/\\\/www.odemocratagb.com\\\/?s={search_term_string}\"},\"query-input\":{\"@type\":\"PropertyValueSpecification\",\"valueRequired\":true,\"valueName\":\"search_term_string\"}}],\"inLanguage\":\"pt-BR\"},{\"@type\":\"Organization\",\"@id\":\"https:\\\/\\\/www.odemocratagb.com\\\/#organization\",\"name\":\"O Democrata GB\",\"url\":\"https:\\\/\\\/www.odemocratagb.com\\\/\",\"logo\":{\"@type\":\"ImageObject\",\"inLanguage\":\"pt-BR\",\"@id\":\"https:\\\/\\\/www.odemocratagb.com\\\/#\\\/schema\\\/logo\\\/image\\\/\",\"url\":\"https:\\\/\\\/www.odemocratagb.com\\\/wp-content\\\/uploads\\\/2026\\\/04\\\/logo-odemocratagb.png\",\"contentUrl\":\"https:\\\/\\\/www.odemocratagb.com\\\/wp-content\\\/uploads\\\/2026\\\/04\\\/logo-odemocratagb.png\",\"width\":1250,\"height\":327,\"caption\":\"O Democrata GB\"},\"image\":{\"@id\":\"https:\\\/\\\/www.odemocratagb.com\\\/#\\\/schema\\\/logo\\\/image\\\/\"},\"sameAs\":[\"https:\\\/\\\/www.facebook.com\\\/jornaldaguinebissau\",\"https:\\\/\\\/www.instagram.com\\\/odemocratagb\"]},{\"@type\":\"Person\",\"@id\":\"https:\\\/\\\/www.odemocratagb.com\\\/#\\\/schema\\\/person\\\/c5e683adeaf9b557e57cf1a8a591b0c0\",\"name\":\"Jornal Odemocrata\",\"image\":{\"@type\":\"ImageObject\",\"inLanguage\":\"pt-BR\",\"@id\":\"https:\\\/\\\/secure.gravatar.com\\\/avatar\\\/09cb6b76eee5612f7cfca9e0089e2f17141d417bd034905eee842945c87fd87f?s=96&d=mm&r=g\",\"url\":\"https:\\\/\\\/secure.gravatar.com\\\/avatar\\\/09cb6b76eee5612f7cfca9e0089e2f17141d417bd034905eee842945c87fd87f?s=96&d=mm&r=g\",\"contentUrl\":\"https:\\\/\\\/secure.gravatar.com\\\/avatar\\\/09cb6b76eee5612f7cfca9e0089e2f17141d417bd034905eee842945c87fd87f?s=96&d=mm&r=g\",\"caption\":\"Jornal Odemocrata\"},\"sameAs\":[\"http:\\\/\\\/odemocratagb.com\"],\"url\":\"https:\\\/\\\/www.odemocratagb.com\\\/?author=4\"}]}<\/script>\n<!-- \/ Yoast SEO plugin. -->","yoast_head_json":{"title":"SINDICATOS DO SETOR DO ENSINO RETIRAM CONFIAN\u00c7A AO GOVERNO DE ARISTIDES GOMES - O Democrata GB","robots":{"index":"index","follow":"follow","max-snippet":"max-snippet:-1","max-image-preview":"max-image-preview:large","max-video-preview":"max-video-preview:-1"},"canonical":"https:\/\/www.odemocratagb.com\/?p=22817","og_locale":"pt_BR","og_type":"article","og_title":"SINDICATOS DO SETOR DO ENSINO RETIRAM CONFIAN\u00c7A AO GOVERNO DE ARISTIDES GOMES - O Democrata GB","og_description":"Duarte Bunghoma Sanh\u00e1, presidente de Comiss\u00e3o Negocial da greve dos quatro sindicatos do setor do ensino p\u00fablico da Guin\u00e9-Bissau, afirmou...","og_url":"https:\/\/www.odemocratagb.com\/?p=22817","og_site_name":"O Democrata GB","article_publisher":"https:\/\/www.facebook.com\/jornaldaguinebissau","article_published_time":"2019-12-05T16:54:46+00:00","article_modified_time":"2019-12-05T16:54:52+00:00","og_image":[{"width":1170,"height":1560,"url":"https:\/\/www.odemocratagb.com\/wp-content\/uploads\/2019\/12\/B75EB87F-37AC-4A6F-8FE6-0AFBA2B697AB.jpeg","type":"image\/jpeg"}],"author":"Jornal Odemocrata","twitter_card":"summary_large_image","twitter_misc":{"Escrito por":"Jornal Odemocrata","Est. tempo de leitura":"4 minutos"},"schema":{"@context":"https:\/\/schema.org","@graph":[{"@type":"Article","@id":"https:\/\/www.odemocratagb.com\/?p=22817#article","isPartOf":{"@id":"https:\/\/www.odemocratagb.com\/?p=22817"},"author":{"name":"Jornal Odemocrata","@id":"https:\/\/www.odemocratagb.com\/#\/schema\/person\/c5e683adeaf9b557e57cf1a8a591b0c0"},"headline":"SINDICATOS DO SETOR DO ENSINO RETIRAM CONFIAN\u00c7A AO GOVERNO DE ARISTIDES GOMES","datePublished":"2019-12-05T16:54:46+00:00","dateModified":"2019-12-05T16:54:52+00:00","mainEntityOfPage":{"@id":"https:\/\/www.odemocratagb.com\/?p=22817"},"wordCount":751,"commentCount":1,"publisher":{"@id":"https:\/\/www.odemocratagb.com\/#organization"},"image":{"@id":"https:\/\/www.odemocratagb.com\/?p=22817#primaryimage"},"thumbnailUrl":"https:\/\/www.odemocratagb.com\/wp-content\/uploads\/2019\/12\/B75EB87F-37AC-4A6F-8FE6-0AFBA2B697AB.jpeg","articleSection":["Atualidade","Sociedade"],"inLanguage":"pt-BR","potentialAction":[{"@type":"CommentAction","name":"Comment","target":["https:\/\/www.odemocratagb.com\/?p=22817#respond"]}]},{"@type":"WebPage","@id":"https:\/\/www.odemocratagb.com\/?p=22817","url":"https:\/\/www.odemocratagb.com\/?p=22817","name":"SINDICATOS DO SETOR DO ENSINO RETIRAM CONFIAN\u00c7A AO GOVERNO DE ARISTIDES GOMES - O Democrata GB","isPartOf":{"@id":"https:\/\/www.odemocratagb.com\/#website"},"primaryImageOfPage":{"@id":"https:\/\/www.odemocratagb.com\/?p=22817#primaryimage"},"image":{"@id":"https:\/\/www.odemocratagb.com\/?p=22817#primaryimage"},"thumbnailUrl":"https:\/\/www.odemocratagb.com\/wp-content\/uploads\/2019\/12\/B75EB87F-37AC-4A6F-8FE6-0AFBA2B697AB.jpeg","datePublished":"2019-12-05T16:54:46+00:00","dateModified":"2019-12-05T16:54:52+00:00","breadcrumb":{"@id":"https:\/\/www.odemocratagb.com\/?p=22817#breadcrumb"},"inLanguage":"pt-BR","potentialAction":[{"@type":"ReadAction","target":["https:\/\/www.odemocratagb.com\/?p=22817"]}]},{"@type":"ImageObject","inLanguage":"pt-BR","@id":"https:\/\/www.odemocratagb.com\/?p=22817#primaryimage","url":"https:\/\/www.odemocratagb.com\/wp-content\/uploads\/2019\/12\/B75EB87F-37AC-4A6F-8FE6-0AFBA2B697AB.jpeg","contentUrl":"https:\/\/www.odemocratagb.com\/wp-content\/uploads\/2019\/12\/B75EB87F-37AC-4A6F-8FE6-0AFBA2B697AB.jpeg","width":1170,"height":1560},{"@type":"BreadcrumbList","@id":"https:\/\/www.odemocratagb.com\/?p=22817#breadcrumb","itemListElement":[{"@type":"ListItem","position":1,"name":"In\u00edcio","item":"https:\/\/www.odemocratagb.com\/"},{"@type":"ListItem","position":2,"name":"SINDICATOS DO SETOR DO ENSINO RETIRAM CONFIAN\u00c7A AO GOVERNO DE ARISTIDES GOMES"}]},{"@type":"WebSite","@id":"https:\/\/www.odemocratagb.com\/#website","url":"https:\/\/www.odemocratagb.com\/","name":"O Democrata GB","description":"Jornal O Democrata GB","publisher":{"@id":"https:\/\/www.odemocratagb.com\/#organization"},"potentialAction":[{"@type":"SearchAction","target":{"@type":"EntryPoint","urlTemplate":"https:\/\/www.odemocratagb.com\/?s={search_term_string}"},"query-input":{"@type":"PropertyValueSpecification","valueRequired":true,"valueName":"search_term_string"}}],"inLanguage":"pt-BR"},{"@type":"Organization","@id":"https:\/\/www.odemocratagb.com\/#organization","name":"O Democrata GB","url":"https:\/\/www.odemocratagb.com\/","logo":{"@type":"ImageObject","inLanguage":"pt-BR","@id":"https:\/\/www.odemocratagb.com\/#\/schema\/logo\/image\/","url":"https:\/\/www.odemocratagb.com\/wp-content\/uploads\/2026\/04\/logo-odemocratagb.png","contentUrl":"https:\/\/www.odemocratagb.com\/wp-content\/uploads\/2026\/04\/logo-odemocratagb.png","width":1250,"height":327,"caption":"O Democrata GB"},"image":{"@id":"https:\/\/www.odemocratagb.com\/#\/schema\/logo\/image\/"},"sameAs":["https:\/\/www.facebook.com\/jornaldaguinebissau","https:\/\/www.instagram.com\/odemocratagb"]},{"@type":"Person","@id":"https:\/\/www.odemocratagb.com\/#\/schema\/person\/c5e683adeaf9b557e57cf1a8a591b0c0","name":"Jornal Odemocrata","image":{"@type":"ImageObject","inLanguage":"pt-BR","@id":"https:\/\/secure.gravatar.com\/avatar\/09cb6b76eee5612f7cfca9e0089e2f17141d417bd034905eee842945c87fd87f?s=96&d=mm&r=g","url":"https:\/\/secure.gravatar.com\/avatar\/09cb6b76eee5612f7cfca9e0089e2f17141d417bd034905eee842945c87fd87f?s=96&d=mm&r=g","contentUrl":"https:\/\/secure.gravatar.com\/avatar\/09cb6b76eee5612f7cfca9e0089e2f17141d417bd034905eee842945c87fd87f?s=96&d=mm&r=g","caption":"Jornal Odemocrata"},"sameAs":["http:\/\/odemocratagb.com"],"url":"https:\/\/www.odemocratagb.com\/?author=4"}]}},"_links":{"self":[{"href":"https:\/\/www.odemocratagb.com\/index.php?rest_route=\/wp\/v2\/posts\/22817","targetHints":{"allow":["GET"]}}],"collection":[{"href":"https:\/\/www.odemocratagb.com\/index.php?rest_route=\/wp\/v2\/posts"}],"about":[{"href":"https:\/\/www.odemocratagb.com\/index.php?rest_route=\/wp\/v2\/types\/post"}],"author":[{"embeddable":true,"href":"https:\/\/www.odemocratagb.com\/index.php?rest_route=\/wp\/v2\/users\/4"}],"replies":[{"embeddable":true,"href":"https:\/\/www.odemocratagb.com\/index.php?rest_route=%2Fwp%2Fv2%2Fcomments&post=22817"}],"version-history":[{"count":1,"href":"https:\/\/www.odemocratagb.com\/index.php?rest_route=\/wp\/v2\/posts\/22817\/revisions"}],"predecessor-version":[{"id":22818,"href":"https:\/\/www.odemocratagb.com\/index.php?rest_route=\/wp\/v2\/posts\/22817\/revisions\/22818"}],"wp:featuredmedia":[{"embeddable":true,"href":"https:\/\/www.odemocratagb.com\/index.php?rest_route=\/wp\/v2\/media\/22816"}],"wp:attachment":[{"href":"https:\/\/www.odemocratagb.com\/index.php?rest_route=%2Fwp%2Fv2%2Fmedia&parent=22817"}],"wp:term":[{"taxonomy":"category","embeddable":true,"href":"https:\/\/www.odemocratagb.com\/index.php?rest_route=%2Fwp%2Fv2%2Fcategories&post=22817"},{"taxonomy":"post_tag","embeddable":true,"href":"https:\/\/www.odemocratagb.com\/index.php?rest_route=%2Fwp%2Fv2%2Ftags&post=22817"}],"curies":[{"name":"wp","href":"https:\/\/api.w.org\/{rel}","templated":true}]}}