{"id":23894,"date":"2020-03-05T20:53:29","date_gmt":"2020-03-05T20:53:29","guid":{"rendered":"http:\/\/www.odemocratagb.com\/?p=23894"},"modified":"2020-03-05T20:53:35","modified_gmt":"2020-03-05T20:53:35","slug":"partidos-que-apoiam-novo-governo-acusam-supremo-tribunal-de-fantasia-e-caprichos","status":"publish","type":"post","link":"https:\/\/www.odemocratagb.com\/?p=23894","title":{"rendered":"PARTIDOS QUE APOIAM NOVO GOVERNO ACUSAM SUPREMO TRIBUNAL DE \u201cFANTASIA E CAPRICHOS\u201d"},"content":{"rendered":"\n<p class=\"wp-block-paragraph\">Um porta-voz dos partidos que apoiam o novo Governo da Guin\u00e9-Bissau, investido pelo autoproclamado Presidente, afirmou esta quinta-feira, 05 de mar\u00e7o de 2020, que os guineenses n\u00e3o podiam ficar \u00e0 espera dos caprichos e fantasias do Supremo Tribunal \u00e0 volta dos resultados das presidenciais<\/p>\n\n\n\n<p class=\"wp-block-paragraph\">Victor Pereira, que falava pelo Partido da Renova\u00e7\u00e3o Social (PRS), em confer\u00eancia de imprensa, defendeu que mau para a Guin\u00e9-Bissau seria ficar &#8220;\u00e0 espera das fantasias e caprichos do Supremo Tribunal de Justi\u00e7a&#8221;.<\/p>\n\n\n\n<p class=\"wp-block-paragraph\">O Supremo Tribunal est\u00e1 a analisar um recurso interposto por Domingos Sim\u00f5es Pereira, candidato dado como derrotado pela Comiss\u00e3o Nacional de Elei\u00e7\u00f5es (CNE) na segunda volta das elei\u00e7\u00f5es presidenciais realizadas em\u00a029 de dezembro.<\/p>\n\n\n\n<p class=\"wp-block-paragraph\">De acordo com Victor Pereira, a CNE deu Umaro Sissoco Embal\u00f3 como o vencedor do escrut\u00ednio, os observadores internacionais confirmaram que as elei\u00e7\u00f5es decorreram de forma justa e transparente, mas o Supremo Tribunal de Justi\u00e7a &#8220;estava a tentar trazer uma outra leitura dos factos&#8221;.<\/p>\n\n\n\n<p class=\"wp-block-paragraph\">Victor Pereira afirmou que v\u00e1rios ju\u00edzes do Supremo Tribunal de Justi\u00e7a (STJ), inclusive o presidente do \u00f3rg\u00e3o, Paulo Sanha, viajaram para o exterior, mesmo tendo em m\u00e3os o recurso contencioso, dando entender que n\u00e3o o queriam apreciar &#8220;para j\u00e1&#8221;.<\/p>\n\n\n\n<p class=\"wp-block-paragraph\">Sobre a interven\u00e7\u00e3o dos militares, no movimento a que se seguiu no pa\u00eds, ap\u00f3s a decis\u00e3o de Umaro Sissoco Embal\u00f3 de demitir o Governo eleito, liderado por Aristides Gomes, pondo no seu lugar Nuno Nabian, Victor Pereira disse que a Guin\u00e9-Bissau \u00e9 um pa\u00eds democr\u00e1tico e que ningu\u00e9m foi amea\u00e7ado por soldados.<\/p>\n\n\n\n<p class=\"wp-block-paragraph\">Questionado sobre se n\u00e3o acha normal que Sissoco Embal\u00f3, ao demitir o Governo de Aristides Gomes, decorrente das \u00faltimas elei\u00e7\u00f5es legislativas, teria que, segundo a Constitui\u00e7\u00e3o, de pedir ao Partido Africano da Independ\u00eancia da Guin\u00e9 e Cabo Verde (PAIGC) que apontasse o nome do novo primeiro-ministro, Tcherno Cali Bald\u00e9, do Movimento para a Altern\u00e2ncia Democr\u00e1tica (Madem G-15) defendeu que Embal\u00f3 agiu de acordo com a lei.<\/p>\n\n\n\n<p class=\"wp-block-paragraph\">&#8220;At\u00e9 porque a maioria parlamentar do PAIGC n\u00e3o resultou da vota\u00e7\u00e3o, mas sim de um acordo que firmou com o partido APU-PDGB, mas que j\u00e1 n\u00e3o existe&#8221;, observou Cali Bald\u00e9.<\/p>\n\n\n\n<p class=\"wp-block-paragraph\">Sobre o facto de os militares estarem a retirar, \u00e0 for\u00e7a, segundo Aristides Gomes, viaturas aos membros do seu Governo, Victor Pereira, deu o exemplo da sua pr\u00f3pria pessoa, afirmando que quando deixou de ser ministro, imediatamente entregou os pertences do Estado.<\/p>\n\n\n\n<p class=\"wp-block-paragraph\">Victor Pereira admitiu que a pol\u00edcia possa estar a recuperar os bens do Estado na posse dos dirigentes demitidos, mas n\u00e3o disp\u00f5e de informa\u00e7\u00f5es que apontem para a interven\u00e7\u00e3o dos militares naquelas opera\u00e7\u00f5es.<\/p>\n\n\n\n<p class=\"wp-block-paragraph\">Al\u00e9m do PRS e do Madem G-15, sustentam o atual Governo guineense a Resist\u00eancia da Guin\u00e9-Bissau e movimentos de apoios de figuras pol\u00edticas como o antigo primeiro-ministro, Carlos Gomes J\u00fanior, e o Presidente cessante, Jos\u00e9 M\u00e1rio Vaz.<\/p>\n\n\n\n<p class=\"wp-block-paragraph\">A Guin\u00e9-Bissau vive mais um momento de tens\u00e3o pol\u00edtica, depois de Umaro Sissoco Embal\u00f3, dado como vencedor das elei\u00e7\u00f5es presidenciais pela CNE, ter tomado posse h\u00e1 uma semana como Presidente, quando ainda decorre um recurso de contencioso eleitoral no STJ, com Domingos Sim\u00f5es Pereira a alegar graves irregularidades no processo.<\/p>\n\n\n\n<p class=\"wp-block-paragraph\">Na sequ\u00eancia da tomada de posse, Umaro Sissoco Embal\u00f3 demitiu Aristides Gomes, que lidera o Governo que saiu das legislativas e que tem a maioria no parlamento do pa\u00eds, e nomeou Nuno Nabian para o cargo.<\/p>\n\n\n\n<p class=\"wp-block-paragraph\">Ap\u00f3s estas decis\u00f5es, os militares guineenses ocuparam e encerraram as institui\u00e7\u00f5es do Estado guineense, impedindo Aristides Gomes e o seu Governo de continuar em fun\u00e7\u00f5es.<\/p>\n\n\n\n<p class=\"wp-block-paragraph\">O presidente da Assembleia Nacional Popular, Ciprinao Cassam\u00e1, que tinha tomado posse na sexta-feira como Presidente interino, com base no artigo da Constitui\u00e7\u00e3o que prev\u00ea que a segunda figura do Estado tome posse em caso de vacatura na chefia do Estado, renunciou no domingo ao cargo por raz\u00f5es de seguran\u00e7a, referindo que recebeu amea\u00e7as de morte.<\/p>\n\n\n\n<p class=\"wp-block-paragraph\">Umaro Sissoco Embal\u00f3 afirmou que n\u00e3o h\u00e1 nenhum golpe de Estado em curso no pa\u00eds e que n\u00e3o foi imposta nenhuma restri\u00e7\u00e3o aos direitos e liberdades dos cidad\u00e3os.<\/p>\n\n\n\n<p class=\"wp-block-paragraph\">Mediadora da crise guineense, a Comunidade Econ\u00f3mica de Estados da \u00c1frica Ocidental (CEDEAO) voltou a amea\u00e7ar impor san\u00e7\u00f5es a quem atente contra a ordem constitucional estabelecida na Guin\u00e9-Bissau e acusou os militares de se imiscu\u00edrem nos assuntos pol\u00edticos.<\/p>\n\n\n\n<p class=\"wp-block-paragraph\">As Na\u00e7\u00f5es Unidas, a Uni\u00e3o Europeia e a Comunidades dos Pa\u00edses de L\u00edngua Portuguesa (CPLP) apelaram ao di\u00e1logo e \u00e0 resolu\u00e7\u00e3o da crise pol\u00edtica com base no cumprimento das leis e da Constitui\u00e7\u00e3o do pa\u00eds.<\/p>\n\n\n\n<p class=\"wp-block-paragraph\"><br><\/p>\n\n\n\n<p class=\"wp-block-paragraph\">In lusa<\/p>\n\n\n\n<p class=\"wp-block-paragraph\"><\/p>\n","protected":false},"excerpt":{"rendered":"<p>Um porta-voz dos partidos que apoiam o novo Governo da Guin\u00e9-Bissau, investido pelo autoproclamado Presidente, afirmou esta quinta-feira, 05 de&#8230;<\/p>\n","protected":false},"author":4,"featured_media":23895,"comment_status":"open","ping_status":"open","sticky":false,"template":"","format":"standard","meta":{"footnotes":""},"categories":[6,7],"tags":[],"class_list":["post-23894","post","type-post","status-publish","format-standard","has-post-thumbnail","hentry","category-inicio","category-politica","wpcat-6-id","wpcat-7-id"],"yoast_head":"<!-- This site is optimized with the Yoast SEO plugin v27.5 - https:\/\/yoast.com\/product\/yoast-seo-wordpress\/ -->\n<title>PARTIDOS QUE APOIAM NOVO GOVERNO ACUSAM SUPREMO TRIBUNAL DE \u201cFANTASIA E CAPRICHOS\u201d - O Democrata GB<\/title>\n<meta name=\"robots\" content=\"index, follow, max-snippet:-1, max-image-preview:large, max-video-preview:-1\" \/>\n<link rel=\"canonical\" href=\"https:\/\/www.odemocratagb.com\/?p=23894\" \/>\n<meta property=\"og:locale\" content=\"pt_BR\" \/>\n<meta property=\"og:type\" content=\"article\" \/>\n<meta property=\"og:title\" content=\"PARTIDOS QUE APOIAM NOVO GOVERNO ACUSAM SUPREMO TRIBUNAL DE \u201cFANTASIA E CAPRICHOS\u201d - O Democrata GB\" \/>\n<meta property=\"og:description\" content=\"Um porta-voz dos partidos que apoiam o novo Governo da Guin\u00e9-Bissau, investido pelo autoproclamado Presidente, afirmou esta quinta-feira, 05 de...\" \/>\n<meta property=\"og:url\" content=\"https:\/\/www.odemocratagb.com\/?p=23894\" \/>\n<meta property=\"og:site_name\" content=\"O Democrata GB\" \/>\n<meta property=\"article:publisher\" content=\"https:\/\/www.facebook.com\/jornaldaguinebissau\" \/>\n<meta property=\"article:published_time\" content=\"2020-03-05T20:53:29+00:00\" \/>\n<meta property=\"article:modified_time\" content=\"2020-03-05T20:53:35+00:00\" \/>\n<meta property=\"og:image\" content=\"https:\/\/www.odemocratagb.com\/wp-content\/uploads\/2020\/03\/4123D30C-9343-478B-96AD-67C53FB739F6.jpeg\" \/>\n\t<meta property=\"og:image:width\" content=\"960\" \/>\n\t<meta property=\"og:image:height\" content=\"720\" \/>\n\t<meta property=\"og:image:type\" content=\"image\/jpeg\" \/>\n<meta name=\"author\" content=\"Jornal Odemocrata\" \/>\n<meta name=\"twitter:card\" content=\"summary_large_image\" \/>\n<meta name=\"twitter:label1\" content=\"Escrito por\" \/>\n\t<meta name=\"twitter:data1\" content=\"Jornal Odemocrata\" \/>\n\t<meta name=\"twitter:label2\" content=\"Est. tempo de leitura\" \/>\n\t<meta name=\"twitter:data2\" content=\"4 minutos\" \/>\n<script type=\"application\/ld+json\" class=\"yoast-schema-graph\">{\"@context\":\"https:\\\/\\\/schema.org\",\"@graph\":[{\"@type\":\"Article\",\"@id\":\"https:\\\/\\\/www.odemocratagb.com\\\/?p=23894#article\",\"isPartOf\":{\"@id\":\"https:\\\/\\\/www.odemocratagb.com\\\/?p=23894\"},\"author\":{\"name\":\"Jornal Odemocrata\",\"@id\":\"https:\\\/\\\/www.odemocratagb.com\\\/#\\\/schema\\\/person\\\/c5e683adeaf9b557e57cf1a8a591b0c0\"},\"headline\":\"PARTIDOS QUE APOIAM NOVO GOVERNO ACUSAM SUPREMO TRIBUNAL DE \u201cFANTASIA E CAPRICHOS\u201d\",\"datePublished\":\"2020-03-05T20:53:29+00:00\",\"dateModified\":\"2020-03-05T20:53:35+00:00\",\"mainEntityOfPage\":{\"@id\":\"https:\\\/\\\/www.odemocratagb.com\\\/?p=23894\"},\"wordCount\":814,\"commentCount\":0,\"publisher\":{\"@id\":\"https:\\\/\\\/www.odemocratagb.com\\\/#organization\"},\"image\":{\"@id\":\"https:\\\/\\\/www.odemocratagb.com\\\/?p=23894#primaryimage\"},\"thumbnailUrl\":\"https:\\\/\\\/www.odemocratagb.com\\\/wp-content\\\/uploads\\\/2020\\\/03\\\/4123D30C-9343-478B-96AD-67C53FB739F6.jpeg\",\"articleSection\":[\"Atualidade\",\"Pol\u00edtica\"],\"inLanguage\":\"pt-BR\",\"potentialAction\":[{\"@type\":\"CommentAction\",\"name\":\"Comment\",\"target\":[\"https:\\\/\\\/www.odemocratagb.com\\\/?p=23894#respond\"]}]},{\"@type\":\"WebPage\",\"@id\":\"https:\\\/\\\/www.odemocratagb.com\\\/?p=23894\",\"url\":\"https:\\\/\\\/www.odemocratagb.com\\\/?p=23894\",\"name\":\"PARTIDOS QUE APOIAM NOVO GOVERNO ACUSAM SUPREMO TRIBUNAL DE \u201cFANTASIA E CAPRICHOS\u201d - O Democrata GB\",\"isPartOf\":{\"@id\":\"https:\\\/\\\/www.odemocratagb.com\\\/#website\"},\"primaryImageOfPage\":{\"@id\":\"https:\\\/\\\/www.odemocratagb.com\\\/?p=23894#primaryimage\"},\"image\":{\"@id\":\"https:\\\/\\\/www.odemocratagb.com\\\/?p=23894#primaryimage\"},\"thumbnailUrl\":\"https:\\\/\\\/www.odemocratagb.com\\\/wp-content\\\/uploads\\\/2020\\\/03\\\/4123D30C-9343-478B-96AD-67C53FB739F6.jpeg\",\"datePublished\":\"2020-03-05T20:53:29+00:00\",\"dateModified\":\"2020-03-05T20:53:35+00:00\",\"breadcrumb\":{\"@id\":\"https:\\\/\\\/www.odemocratagb.com\\\/?p=23894#breadcrumb\"},\"inLanguage\":\"pt-BR\",\"potentialAction\":[{\"@type\":\"ReadAction\",\"target\":[\"https:\\\/\\\/www.odemocratagb.com\\\/?p=23894\"]}]},{\"@type\":\"ImageObject\",\"inLanguage\":\"pt-BR\",\"@id\":\"https:\\\/\\\/www.odemocratagb.com\\\/?p=23894#primaryimage\",\"url\":\"https:\\\/\\\/www.odemocratagb.com\\\/wp-content\\\/uploads\\\/2020\\\/03\\\/4123D30C-9343-478B-96AD-67C53FB739F6.jpeg\",\"contentUrl\":\"https:\\\/\\\/www.odemocratagb.com\\\/wp-content\\\/uploads\\\/2020\\\/03\\\/4123D30C-9343-478B-96AD-67C53FB739F6.jpeg\",\"width\":960,\"height\":720},{\"@type\":\"BreadcrumbList\",\"@id\":\"https:\\\/\\\/www.odemocratagb.com\\\/?p=23894#breadcrumb\",\"itemListElement\":[{\"@type\":\"ListItem\",\"position\":1,\"name\":\"In\u00edcio\",\"item\":\"https:\\\/\\\/www.odemocratagb.com\\\/\"},{\"@type\":\"ListItem\",\"position\":2,\"name\":\"PARTIDOS QUE APOIAM NOVO GOVERNO ACUSAM SUPREMO TRIBUNAL DE \u201cFANTASIA E CAPRICHOS\u201d\"}]},{\"@type\":\"WebSite\",\"@id\":\"https:\\\/\\\/www.odemocratagb.com\\\/#website\",\"url\":\"https:\\\/\\\/www.odemocratagb.com\\\/\",\"name\":\"O Democrata GB\",\"description\":\"Jornal O Democrata GB\",\"publisher\":{\"@id\":\"https:\\\/\\\/www.odemocratagb.com\\\/#organization\"},\"potentialAction\":[{\"@type\":\"SearchAction\",\"target\":{\"@type\":\"EntryPoint\",\"urlTemplate\":\"https:\\\/\\\/www.odemocratagb.com\\\/?s={search_term_string}\"},\"query-input\":{\"@type\":\"PropertyValueSpecification\",\"valueRequired\":true,\"valueName\":\"search_term_string\"}}],\"inLanguage\":\"pt-BR\"},{\"@type\":\"Organization\",\"@id\":\"https:\\\/\\\/www.odemocratagb.com\\\/#organization\",\"name\":\"O Democrata GB\",\"url\":\"https:\\\/\\\/www.odemocratagb.com\\\/\",\"logo\":{\"@type\":\"ImageObject\",\"inLanguage\":\"pt-BR\",\"@id\":\"https:\\\/\\\/www.odemocratagb.com\\\/#\\\/schema\\\/logo\\\/image\\\/\",\"url\":\"https:\\\/\\\/www.odemocratagb.com\\\/wp-content\\\/uploads\\\/2026\\\/04\\\/logo-odemocratagb.png\",\"contentUrl\":\"https:\\\/\\\/www.odemocratagb.com\\\/wp-content\\\/uploads\\\/2026\\\/04\\\/logo-odemocratagb.png\",\"width\":1250,\"height\":327,\"caption\":\"O Democrata GB\"},\"image\":{\"@id\":\"https:\\\/\\\/www.odemocratagb.com\\\/#\\\/schema\\\/logo\\\/image\\\/\"},\"sameAs\":[\"https:\\\/\\\/www.facebook.com\\\/jornaldaguinebissau\",\"https:\\\/\\\/www.instagram.com\\\/odemocratagb\"]},{\"@type\":\"Person\",\"@id\":\"https:\\\/\\\/www.odemocratagb.com\\\/#\\\/schema\\\/person\\\/c5e683adeaf9b557e57cf1a8a591b0c0\",\"name\":\"Jornal Odemocrata\",\"image\":{\"@type\":\"ImageObject\",\"inLanguage\":\"pt-BR\",\"@id\":\"https:\\\/\\\/secure.gravatar.com\\\/avatar\\\/09cb6b76eee5612f7cfca9e0089e2f17141d417bd034905eee842945c87fd87f?s=96&d=mm&r=g\",\"url\":\"https:\\\/\\\/secure.gravatar.com\\\/avatar\\\/09cb6b76eee5612f7cfca9e0089e2f17141d417bd034905eee842945c87fd87f?s=96&d=mm&r=g\",\"contentUrl\":\"https:\\\/\\\/secure.gravatar.com\\\/avatar\\\/09cb6b76eee5612f7cfca9e0089e2f17141d417bd034905eee842945c87fd87f?s=96&d=mm&r=g\",\"caption\":\"Jornal Odemocrata\"},\"sameAs\":[\"http:\\\/\\\/odemocratagb.com\"],\"url\":\"https:\\\/\\\/www.odemocratagb.com\\\/?author=4\"}]}<\/script>\n<!-- \/ Yoast SEO plugin. -->","yoast_head_json":{"title":"PARTIDOS QUE APOIAM NOVO GOVERNO ACUSAM SUPREMO TRIBUNAL DE \u201cFANTASIA E CAPRICHOS\u201d - O Democrata GB","robots":{"index":"index","follow":"follow","max-snippet":"max-snippet:-1","max-image-preview":"max-image-preview:large","max-video-preview":"max-video-preview:-1"},"canonical":"https:\/\/www.odemocratagb.com\/?p=23894","og_locale":"pt_BR","og_type":"article","og_title":"PARTIDOS QUE APOIAM NOVO GOVERNO ACUSAM SUPREMO TRIBUNAL DE \u201cFANTASIA E CAPRICHOS\u201d - O Democrata GB","og_description":"Um porta-voz dos partidos que apoiam o novo Governo da Guin\u00e9-Bissau, investido pelo autoproclamado Presidente, afirmou esta quinta-feira, 05 de...","og_url":"https:\/\/www.odemocratagb.com\/?p=23894","og_site_name":"O Democrata GB","article_publisher":"https:\/\/www.facebook.com\/jornaldaguinebissau","article_published_time":"2020-03-05T20:53:29+00:00","article_modified_time":"2020-03-05T20:53:35+00:00","og_image":[{"width":960,"height":720,"url":"https:\/\/www.odemocratagb.com\/wp-content\/uploads\/2020\/03\/4123D30C-9343-478B-96AD-67C53FB739F6.jpeg","type":"image\/jpeg"}],"author":"Jornal Odemocrata","twitter_card":"summary_large_image","twitter_misc":{"Escrito por":"Jornal Odemocrata","Est. tempo de leitura":"4 minutos"},"schema":{"@context":"https:\/\/schema.org","@graph":[{"@type":"Article","@id":"https:\/\/www.odemocratagb.com\/?p=23894#article","isPartOf":{"@id":"https:\/\/www.odemocratagb.com\/?p=23894"},"author":{"name":"Jornal Odemocrata","@id":"https:\/\/www.odemocratagb.com\/#\/schema\/person\/c5e683adeaf9b557e57cf1a8a591b0c0"},"headline":"PARTIDOS QUE APOIAM NOVO GOVERNO ACUSAM SUPREMO TRIBUNAL DE \u201cFANTASIA E CAPRICHOS\u201d","datePublished":"2020-03-05T20:53:29+00:00","dateModified":"2020-03-05T20:53:35+00:00","mainEntityOfPage":{"@id":"https:\/\/www.odemocratagb.com\/?p=23894"},"wordCount":814,"commentCount":0,"publisher":{"@id":"https:\/\/www.odemocratagb.com\/#organization"},"image":{"@id":"https:\/\/www.odemocratagb.com\/?p=23894#primaryimage"},"thumbnailUrl":"https:\/\/www.odemocratagb.com\/wp-content\/uploads\/2020\/03\/4123D30C-9343-478B-96AD-67C53FB739F6.jpeg","articleSection":["Atualidade","Pol\u00edtica"],"inLanguage":"pt-BR","potentialAction":[{"@type":"CommentAction","name":"Comment","target":["https:\/\/www.odemocratagb.com\/?p=23894#respond"]}]},{"@type":"WebPage","@id":"https:\/\/www.odemocratagb.com\/?p=23894","url":"https:\/\/www.odemocratagb.com\/?p=23894","name":"PARTIDOS QUE APOIAM NOVO GOVERNO ACUSAM SUPREMO TRIBUNAL DE \u201cFANTASIA E CAPRICHOS\u201d - O Democrata GB","isPartOf":{"@id":"https:\/\/www.odemocratagb.com\/#website"},"primaryImageOfPage":{"@id":"https:\/\/www.odemocratagb.com\/?p=23894#primaryimage"},"image":{"@id":"https:\/\/www.odemocratagb.com\/?p=23894#primaryimage"},"thumbnailUrl":"https:\/\/www.odemocratagb.com\/wp-content\/uploads\/2020\/03\/4123D30C-9343-478B-96AD-67C53FB739F6.jpeg","datePublished":"2020-03-05T20:53:29+00:00","dateModified":"2020-03-05T20:53:35+00:00","breadcrumb":{"@id":"https:\/\/www.odemocratagb.com\/?p=23894#breadcrumb"},"inLanguage":"pt-BR","potentialAction":[{"@type":"ReadAction","target":["https:\/\/www.odemocratagb.com\/?p=23894"]}]},{"@type":"ImageObject","inLanguage":"pt-BR","@id":"https:\/\/www.odemocratagb.com\/?p=23894#primaryimage","url":"https:\/\/www.odemocratagb.com\/wp-content\/uploads\/2020\/03\/4123D30C-9343-478B-96AD-67C53FB739F6.jpeg","contentUrl":"https:\/\/www.odemocratagb.com\/wp-content\/uploads\/2020\/03\/4123D30C-9343-478B-96AD-67C53FB739F6.jpeg","width":960,"height":720},{"@type":"BreadcrumbList","@id":"https:\/\/www.odemocratagb.com\/?p=23894#breadcrumb","itemListElement":[{"@type":"ListItem","position":1,"name":"In\u00edcio","item":"https:\/\/www.odemocratagb.com\/"},{"@type":"ListItem","position":2,"name":"PARTIDOS QUE APOIAM NOVO GOVERNO ACUSAM SUPREMO TRIBUNAL DE \u201cFANTASIA E CAPRICHOS\u201d"}]},{"@type":"WebSite","@id":"https:\/\/www.odemocratagb.com\/#website","url":"https:\/\/www.odemocratagb.com\/","name":"O Democrata GB","description":"Jornal O Democrata GB","publisher":{"@id":"https:\/\/www.odemocratagb.com\/#organization"},"potentialAction":[{"@type":"SearchAction","target":{"@type":"EntryPoint","urlTemplate":"https:\/\/www.odemocratagb.com\/?s={search_term_string}"},"query-input":{"@type":"PropertyValueSpecification","valueRequired":true,"valueName":"search_term_string"}}],"inLanguage":"pt-BR"},{"@type":"Organization","@id":"https:\/\/www.odemocratagb.com\/#organization","name":"O Democrata GB","url":"https:\/\/www.odemocratagb.com\/","logo":{"@type":"ImageObject","inLanguage":"pt-BR","@id":"https:\/\/www.odemocratagb.com\/#\/schema\/logo\/image\/","url":"https:\/\/www.odemocratagb.com\/wp-content\/uploads\/2026\/04\/logo-odemocratagb.png","contentUrl":"https:\/\/www.odemocratagb.com\/wp-content\/uploads\/2026\/04\/logo-odemocratagb.png","width":1250,"height":327,"caption":"O Democrata GB"},"image":{"@id":"https:\/\/www.odemocratagb.com\/#\/schema\/logo\/image\/"},"sameAs":["https:\/\/www.facebook.com\/jornaldaguinebissau","https:\/\/www.instagram.com\/odemocratagb"]},{"@type":"Person","@id":"https:\/\/www.odemocratagb.com\/#\/schema\/person\/c5e683adeaf9b557e57cf1a8a591b0c0","name":"Jornal Odemocrata","image":{"@type":"ImageObject","inLanguage":"pt-BR","@id":"https:\/\/secure.gravatar.com\/avatar\/09cb6b76eee5612f7cfca9e0089e2f17141d417bd034905eee842945c87fd87f?s=96&d=mm&r=g","url":"https:\/\/secure.gravatar.com\/avatar\/09cb6b76eee5612f7cfca9e0089e2f17141d417bd034905eee842945c87fd87f?s=96&d=mm&r=g","contentUrl":"https:\/\/secure.gravatar.com\/avatar\/09cb6b76eee5612f7cfca9e0089e2f17141d417bd034905eee842945c87fd87f?s=96&d=mm&r=g","caption":"Jornal Odemocrata"},"sameAs":["http:\/\/odemocratagb.com"],"url":"https:\/\/www.odemocratagb.com\/?author=4"}]}},"_links":{"self":[{"href":"https:\/\/www.odemocratagb.com\/index.php?rest_route=\/wp\/v2\/posts\/23894","targetHints":{"allow":["GET"]}}],"collection":[{"href":"https:\/\/www.odemocratagb.com\/index.php?rest_route=\/wp\/v2\/posts"}],"about":[{"href":"https:\/\/www.odemocratagb.com\/index.php?rest_route=\/wp\/v2\/types\/post"}],"author":[{"embeddable":true,"href":"https:\/\/www.odemocratagb.com\/index.php?rest_route=\/wp\/v2\/users\/4"}],"replies":[{"embeddable":true,"href":"https:\/\/www.odemocratagb.com\/index.php?rest_route=%2Fwp%2Fv2%2Fcomments&post=23894"}],"version-history":[{"count":1,"href":"https:\/\/www.odemocratagb.com\/index.php?rest_route=\/wp\/v2\/posts\/23894\/revisions"}],"predecessor-version":[{"id":23896,"href":"https:\/\/www.odemocratagb.com\/index.php?rest_route=\/wp\/v2\/posts\/23894\/revisions\/23896"}],"wp:featuredmedia":[{"embeddable":true,"href":"https:\/\/www.odemocratagb.com\/index.php?rest_route=\/wp\/v2\/media\/23895"}],"wp:attachment":[{"href":"https:\/\/www.odemocratagb.com\/index.php?rest_route=%2Fwp%2Fv2%2Fmedia&parent=23894"}],"wp:term":[{"taxonomy":"category","embeddable":true,"href":"https:\/\/www.odemocratagb.com\/index.php?rest_route=%2Fwp%2Fv2%2Fcategories&post=23894"},{"taxonomy":"post_tag","embeddable":true,"href":"https:\/\/www.odemocratagb.com\/index.php?rest_route=%2Fwp%2Fv2%2Ftags&post=23894"}],"curies":[{"name":"wp","href":"https:\/\/api.w.org\/{rel}","templated":true}]}}