{"id":24452,"date":"2020-04-20T07:29:07","date_gmt":"2020-04-20T07:29:07","guid":{"rendered":"http:\/\/www.odemocratagb.com\/?p=24452"},"modified":"2020-04-20T08:33:23","modified_gmt":"2020-04-20T08:33:23","slug":"covid-19-associacao-juvenil-denuncia-a-detencao-de-mais-de-200-pessoas-em-bissau","status":"publish","type":"post","link":"https:\/\/www.odemocratagb.com\/?p=24452","title":{"rendered":"Covid-19: ASSOCIA\u00c7\u00c3O JUVENIL DENUNCIA A DETEN\u00c7\u00c3O DE MAIS DE 200 PESSOAS EM BISSAU"},"content":{"rendered":"\n<p class=\"wp-block-paragraph\">Mais de 200 pessoas foram detidas no in\u00edcio do fim de semana em Bissau pelas for\u00e7as de seguran\u00e7a por circularem na via p\u00fablica e algumas foram agredidas, denunciou hoje a Associa\u00e7\u00e3o Juvenil para a Promo\u00e7\u00e3o e Defesa dos Direitos Humanos.<br><\/p>\n\n\n\n<p class=\"wp-block-paragraph\">&#8220;A Guarda Nacional e a Pol\u00edcia de Ordem P\u00fablica da Guin\u00e9-Bissau detiveram, na noite de ontem para hoje mais de 200 indiv\u00edduos por circularem nas vias p\u00fablicas, entre eles, uma crian\u00e7a, que acabou por ser solta&#8221;, refere, numa mensagem na sua p\u00e1gina da rede social (Facebook), a associa\u00e7\u00e3o juvenil de direitos humanos.<\/p>\n\n\n\n<p class=\"wp-block-paragraph\">A associa\u00e7\u00e3o indica tamb\u00e9m ter &#8220;recebido relatos de que alguns foram agredidos f\u00edsica e verbalmente, sobretudo no Minist\u00e9rio da Defesa, onde mais de 50 indiv\u00edduos dormiram na rua, sem prote\u00e7\u00e3o alguma, num campo ao lado da institui\u00e7\u00e3o&#8221;.<\/p>\n\n\n\n<p class=\"wp-block-paragraph\">Segundo a associa\u00e7\u00e3o, as pessoas estiveram detidas nos minist\u00e9rios do Interior e da Defesa cerca de 12 horas.<\/p>\n\n\n\n<p class=\"wp-block-paragraph\">&#8220;A Associa\u00e7\u00e3o Juvenil para Promo\u00e7\u00e3o e Defesa dos Direitos Humanos tem vindo a receber v\u00e1rias den\u00fancias sobre a atua\u00e7\u00e3o das for\u00e7as de ordem e continua a seguir a situa\u00e7\u00e3o&#8221;, salienta.<\/p>\n\n\n\n<p class=\"wp-block-paragraph\">No \u00e2mbito das medidas de combate e preven\u00e7\u00e3o \u00e0 pandemia provocada pelo novo coronav\u00edrus, as autoridades no poder na Guin\u00e9-Bissau, que declararam estado de emerg\u00eancia at\u00e9\u00a026 de abril, impuseram uma restri\u00e7\u00e3o de circula\u00e7\u00e3o no pa\u00eds, que apenas permite que as pessoas circulem nas vias p\u00fablicas\u00a0entre 07:00\u00a0e\u00a0as 12:00, sendo que os \u00faltimos 60 minutos devem ser utilizados para o regresso ao domic\u00edlio.<\/p>\n\n\n\n<p class=\"wp-block-paragraph\">A Guin\u00e9-Bissau tem at\u00e9 hoje 50 casos confirmados de covid-19, tr\u00eas dos quais curados, distribu\u00eddos pelo setor aut\u00f3nomo de Bissau (32), Canchungo (13) e Biombo (5).<\/p>\n\n\n\n<p class=\"wp-block-paragraph\">A pandemia de covid-19 j\u00e1 matou pelo menos 164 mil pessoas e infetou mais de 2,3 milh\u00f5es em todo o mundo desde dezembro, segundo o balan\u00e7o da ag\u00eancia AFP, junto de fontes oficiais, at\u00e9\u00a0\u00e0s 19:00de hoje.<\/p>\n\n\n\n<p class=\"wp-block-paragraph\">A doen\u00e7a \u00e9 transmitida por um novo coronav\u00edrus detetado no final de dezembro, em Wuhan, uma cidade do centro da China.<\/p>\n\n\n\n<p class=\"wp-block-paragraph\">Para combater a pandemia, os governos mandaram para casa quatro mil milh\u00f5es de pessoas (mais de metade da popula\u00e7\u00e3o do planeta), encerraram o com\u00e9rcio n\u00e3o essencial e reduziram drasticamente o tr\u00e1fego a\u00e9reo, paralisando setores inteiros da economia mundial.<\/p>\n\n\n\n<p class=\"wp-block-paragraph\"><\/p>\n\n\n\n<p class=\"wp-block-paragraph\"><\/p>\n\n\n\n<p class=\"wp-block-paragraph\">Fonte: In lusa<\/p>\n\n\n\n<p class=\"wp-block-paragraph\">Foto: arquivo de O DEMOCRATA<\/p>\n\n\n\n<p class=\"wp-block-paragraph\"><\/p>\n","protected":false},"excerpt":{"rendered":"<p>Mais de 200 pessoas foram detidas no in\u00edcio do fim de semana em Bissau pelas for\u00e7as de seguran\u00e7a por circularem&#8230;<\/p>\n","protected":false},"author":4,"featured_media":22277,"comment_status":"open","ping_status":"open","sticky":false,"template":"","format":"standard","meta":{"footnotes":""},"categories":[6,16],"tags":[],"class_list":["post-24452","post","type-post","status-publish","format-standard","has-post-thumbnail","hentry","category-inicio","category-sociedade","wpcat-6-id","wpcat-16-id"],"yoast_head":"<!-- This site is optimized with the Yoast SEO plugin v27.5 - https:\/\/yoast.com\/product\/yoast-seo-wordpress\/ -->\n<title>Covid-19: ASSOCIA\u00c7\u00c3O JUVENIL DENUNCIA A DETEN\u00c7\u00c3O DE MAIS DE 200 PESSOAS EM BISSAU - O Democrata GB<\/title>\n<meta name=\"robots\" content=\"index, follow, max-snippet:-1, max-image-preview:large, max-video-preview:-1\" \/>\n<link rel=\"canonical\" href=\"https:\/\/www.odemocratagb.com\/?p=24452\" \/>\n<meta property=\"og:locale\" content=\"pt_BR\" \/>\n<meta property=\"og:type\" content=\"article\" \/>\n<meta property=\"og:title\" content=\"Covid-19: ASSOCIA\u00c7\u00c3O JUVENIL DENUNCIA A DETEN\u00c7\u00c3O DE MAIS DE 200 PESSOAS EM BISSAU - O Democrata GB\" \/>\n<meta property=\"og:description\" content=\"Mais de 200 pessoas foram detidas no in\u00edcio do fim de semana em Bissau pelas for\u00e7as de seguran\u00e7a por circularem...\" \/>\n<meta property=\"og:url\" content=\"https:\/\/www.odemocratagb.com\/?p=24452\" \/>\n<meta property=\"og:site_name\" content=\"O Democrata GB\" \/>\n<meta property=\"article:publisher\" content=\"https:\/\/www.facebook.com\/jornaldaguinebissau\" \/>\n<meta property=\"article:published_time\" content=\"2020-04-20T07:29:07+00:00\" \/>\n<meta property=\"article:modified_time\" content=\"2020-04-20T08:33:23+00:00\" \/>\n<meta property=\"og:image\" content=\"https:\/\/www.odemocratagb.com\/wp-content\/uploads\/2019\/10\/630F2271-4A05-4FE2-AE5B-204090A9E404.jpeg\" \/>\n\t<meta property=\"og:image:width\" content=\"1560\" \/>\n\t<meta property=\"og:image:height\" content=\"1170\" \/>\n\t<meta property=\"og:image:type\" content=\"image\/jpeg\" \/>\n<meta name=\"author\" content=\"Jornal Odemocrata\" \/>\n<meta name=\"twitter:card\" content=\"summary_large_image\" \/>\n<meta name=\"twitter:label1\" content=\"Escrito por\" \/>\n\t<meta name=\"twitter:data1\" content=\"Jornal Odemocrata\" \/>\n\t<meta name=\"twitter:label2\" content=\"Est. tempo de leitura\" \/>\n\t<meta name=\"twitter:data2\" content=\"2 minutos\" \/>\n<script type=\"application\/ld+json\" class=\"yoast-schema-graph\">{\"@context\":\"https:\\\/\\\/schema.org\",\"@graph\":[{\"@type\":\"Article\",\"@id\":\"https:\\\/\\\/www.odemocratagb.com\\\/?p=24452#article\",\"isPartOf\":{\"@id\":\"https:\\\/\\\/www.odemocratagb.com\\\/?p=24452\"},\"author\":{\"name\":\"Jornal Odemocrata\",\"@id\":\"https:\\\/\\\/www.odemocratagb.com\\\/#\\\/schema\\\/person\\\/c5e683adeaf9b557e57cf1a8a591b0c0\"},\"headline\":\"Covid-19: ASSOCIA\u00c7\u00c3O JUVENIL DENUNCIA A DETEN\u00c7\u00c3O DE MAIS DE 200 PESSOAS EM BISSAU\",\"datePublished\":\"2020-04-20T07:29:07+00:00\",\"dateModified\":\"2020-04-20T08:33:23+00:00\",\"mainEntityOfPage\":{\"@id\":\"https:\\\/\\\/www.odemocratagb.com\\\/?p=24452\"},\"wordCount\":424,\"commentCount\":0,\"publisher\":{\"@id\":\"https:\\\/\\\/www.odemocratagb.com\\\/#organization\"},\"image\":{\"@id\":\"https:\\\/\\\/www.odemocratagb.com\\\/?p=24452#primaryimage\"},\"thumbnailUrl\":\"https:\\\/\\\/www.odemocratagb.com\\\/wp-content\\\/uploads\\\/2019\\\/10\\\/630F2271-4A05-4FE2-AE5B-204090A9E404.jpeg\",\"articleSection\":[\"Atualidade\",\"Sociedade\"],\"inLanguage\":\"pt-BR\",\"potentialAction\":[{\"@type\":\"CommentAction\",\"name\":\"Comment\",\"target\":[\"https:\\\/\\\/www.odemocratagb.com\\\/?p=24452#respond\"]}]},{\"@type\":\"WebPage\",\"@id\":\"https:\\\/\\\/www.odemocratagb.com\\\/?p=24452\",\"url\":\"https:\\\/\\\/www.odemocratagb.com\\\/?p=24452\",\"name\":\"Covid-19: ASSOCIA\u00c7\u00c3O JUVENIL DENUNCIA A DETEN\u00c7\u00c3O DE MAIS DE 200 PESSOAS EM BISSAU - O Democrata GB\",\"isPartOf\":{\"@id\":\"https:\\\/\\\/www.odemocratagb.com\\\/#website\"},\"primaryImageOfPage\":{\"@id\":\"https:\\\/\\\/www.odemocratagb.com\\\/?p=24452#primaryimage\"},\"image\":{\"@id\":\"https:\\\/\\\/www.odemocratagb.com\\\/?p=24452#primaryimage\"},\"thumbnailUrl\":\"https:\\\/\\\/www.odemocratagb.com\\\/wp-content\\\/uploads\\\/2019\\\/10\\\/630F2271-4A05-4FE2-AE5B-204090A9E404.jpeg\",\"datePublished\":\"2020-04-20T07:29:07+00:00\",\"dateModified\":\"2020-04-20T08:33:23+00:00\",\"breadcrumb\":{\"@id\":\"https:\\\/\\\/www.odemocratagb.com\\\/?p=24452#breadcrumb\"},\"inLanguage\":\"pt-BR\",\"potentialAction\":[{\"@type\":\"ReadAction\",\"target\":[\"https:\\\/\\\/www.odemocratagb.com\\\/?p=24452\"]}]},{\"@type\":\"ImageObject\",\"inLanguage\":\"pt-BR\",\"@id\":\"https:\\\/\\\/www.odemocratagb.com\\\/?p=24452#primaryimage\",\"url\":\"https:\\\/\\\/www.odemocratagb.com\\\/wp-content\\\/uploads\\\/2019\\\/10\\\/630F2271-4A05-4FE2-AE5B-204090A9E404.jpeg\",\"contentUrl\":\"https:\\\/\\\/www.odemocratagb.com\\\/wp-content\\\/uploads\\\/2019\\\/10\\\/630F2271-4A05-4FE2-AE5B-204090A9E404.jpeg\",\"width\":1560,\"height\":1170},{\"@type\":\"BreadcrumbList\",\"@id\":\"https:\\\/\\\/www.odemocratagb.com\\\/?p=24452#breadcrumb\",\"itemListElement\":[{\"@type\":\"ListItem\",\"position\":1,\"name\":\"In\u00edcio\",\"item\":\"https:\\\/\\\/www.odemocratagb.com\\\/\"},{\"@type\":\"ListItem\",\"position\":2,\"name\":\"Covid-19: ASSOCIA\u00c7\u00c3O JUVENIL DENUNCIA A DETEN\u00c7\u00c3O DE MAIS DE 200 PESSOAS EM BISSAU\"}]},{\"@type\":\"WebSite\",\"@id\":\"https:\\\/\\\/www.odemocratagb.com\\\/#website\",\"url\":\"https:\\\/\\\/www.odemocratagb.com\\\/\",\"name\":\"O Democrata GB\",\"description\":\"Jornal O Democrata GB\",\"publisher\":{\"@id\":\"https:\\\/\\\/www.odemocratagb.com\\\/#organization\"},\"potentialAction\":[{\"@type\":\"SearchAction\",\"target\":{\"@type\":\"EntryPoint\",\"urlTemplate\":\"https:\\\/\\\/www.odemocratagb.com\\\/?s={search_term_string}\"},\"query-input\":{\"@type\":\"PropertyValueSpecification\",\"valueRequired\":true,\"valueName\":\"search_term_string\"}}],\"inLanguage\":\"pt-BR\"},{\"@type\":\"Organization\",\"@id\":\"https:\\\/\\\/www.odemocratagb.com\\\/#organization\",\"name\":\"O Democrata GB\",\"url\":\"https:\\\/\\\/www.odemocratagb.com\\\/\",\"logo\":{\"@type\":\"ImageObject\",\"inLanguage\":\"pt-BR\",\"@id\":\"https:\\\/\\\/www.odemocratagb.com\\\/#\\\/schema\\\/logo\\\/image\\\/\",\"url\":\"https:\\\/\\\/www.odemocratagb.com\\\/wp-content\\\/uploads\\\/2026\\\/04\\\/logo-odemocratagb.png\",\"contentUrl\":\"https:\\\/\\\/www.odemocratagb.com\\\/wp-content\\\/uploads\\\/2026\\\/04\\\/logo-odemocratagb.png\",\"width\":1250,\"height\":327,\"caption\":\"O Democrata GB\"},\"image\":{\"@id\":\"https:\\\/\\\/www.odemocratagb.com\\\/#\\\/schema\\\/logo\\\/image\\\/\"},\"sameAs\":[\"https:\\\/\\\/www.facebook.com\\\/jornaldaguinebissau\",\"https:\\\/\\\/www.instagram.com\\\/odemocratagb\"]},{\"@type\":\"Person\",\"@id\":\"https:\\\/\\\/www.odemocratagb.com\\\/#\\\/schema\\\/person\\\/c5e683adeaf9b557e57cf1a8a591b0c0\",\"name\":\"Jornal Odemocrata\",\"image\":{\"@type\":\"ImageObject\",\"inLanguage\":\"pt-BR\",\"@id\":\"https:\\\/\\\/secure.gravatar.com\\\/avatar\\\/09cb6b76eee5612f7cfca9e0089e2f17141d417bd034905eee842945c87fd87f?s=96&d=mm&r=g\",\"url\":\"https:\\\/\\\/secure.gravatar.com\\\/avatar\\\/09cb6b76eee5612f7cfca9e0089e2f17141d417bd034905eee842945c87fd87f?s=96&d=mm&r=g\",\"contentUrl\":\"https:\\\/\\\/secure.gravatar.com\\\/avatar\\\/09cb6b76eee5612f7cfca9e0089e2f17141d417bd034905eee842945c87fd87f?s=96&d=mm&r=g\",\"caption\":\"Jornal Odemocrata\"},\"sameAs\":[\"http:\\\/\\\/odemocratagb.com\"],\"url\":\"https:\\\/\\\/www.odemocratagb.com\\\/?author=4\"}]}<\/script>\n<!-- \/ Yoast SEO plugin. -->","yoast_head_json":{"title":"Covid-19: ASSOCIA\u00c7\u00c3O JUVENIL DENUNCIA A DETEN\u00c7\u00c3O DE MAIS DE 200 PESSOAS EM BISSAU - O Democrata GB","robots":{"index":"index","follow":"follow","max-snippet":"max-snippet:-1","max-image-preview":"max-image-preview:large","max-video-preview":"max-video-preview:-1"},"canonical":"https:\/\/www.odemocratagb.com\/?p=24452","og_locale":"pt_BR","og_type":"article","og_title":"Covid-19: ASSOCIA\u00c7\u00c3O JUVENIL DENUNCIA A DETEN\u00c7\u00c3O DE MAIS DE 200 PESSOAS EM BISSAU - O Democrata GB","og_description":"Mais de 200 pessoas foram detidas no in\u00edcio do fim de semana em Bissau pelas for\u00e7as de seguran\u00e7a por circularem...","og_url":"https:\/\/www.odemocratagb.com\/?p=24452","og_site_name":"O Democrata GB","article_publisher":"https:\/\/www.facebook.com\/jornaldaguinebissau","article_published_time":"2020-04-20T07:29:07+00:00","article_modified_time":"2020-04-20T08:33:23+00:00","og_image":[{"width":1560,"height":1170,"url":"https:\/\/www.odemocratagb.com\/wp-content\/uploads\/2019\/10\/630F2271-4A05-4FE2-AE5B-204090A9E404.jpeg","type":"image\/jpeg"}],"author":"Jornal Odemocrata","twitter_card":"summary_large_image","twitter_misc":{"Escrito por":"Jornal Odemocrata","Est. tempo de leitura":"2 minutos"},"schema":{"@context":"https:\/\/schema.org","@graph":[{"@type":"Article","@id":"https:\/\/www.odemocratagb.com\/?p=24452#article","isPartOf":{"@id":"https:\/\/www.odemocratagb.com\/?p=24452"},"author":{"name":"Jornal Odemocrata","@id":"https:\/\/www.odemocratagb.com\/#\/schema\/person\/c5e683adeaf9b557e57cf1a8a591b0c0"},"headline":"Covid-19: ASSOCIA\u00c7\u00c3O JUVENIL DENUNCIA A DETEN\u00c7\u00c3O DE MAIS DE 200 PESSOAS EM BISSAU","datePublished":"2020-04-20T07:29:07+00:00","dateModified":"2020-04-20T08:33:23+00:00","mainEntityOfPage":{"@id":"https:\/\/www.odemocratagb.com\/?p=24452"},"wordCount":424,"commentCount":0,"publisher":{"@id":"https:\/\/www.odemocratagb.com\/#organization"},"image":{"@id":"https:\/\/www.odemocratagb.com\/?p=24452#primaryimage"},"thumbnailUrl":"https:\/\/www.odemocratagb.com\/wp-content\/uploads\/2019\/10\/630F2271-4A05-4FE2-AE5B-204090A9E404.jpeg","articleSection":["Atualidade","Sociedade"],"inLanguage":"pt-BR","potentialAction":[{"@type":"CommentAction","name":"Comment","target":["https:\/\/www.odemocratagb.com\/?p=24452#respond"]}]},{"@type":"WebPage","@id":"https:\/\/www.odemocratagb.com\/?p=24452","url":"https:\/\/www.odemocratagb.com\/?p=24452","name":"Covid-19: ASSOCIA\u00c7\u00c3O JUVENIL DENUNCIA A DETEN\u00c7\u00c3O DE MAIS DE 200 PESSOAS EM BISSAU - O Democrata GB","isPartOf":{"@id":"https:\/\/www.odemocratagb.com\/#website"},"primaryImageOfPage":{"@id":"https:\/\/www.odemocratagb.com\/?p=24452#primaryimage"},"image":{"@id":"https:\/\/www.odemocratagb.com\/?p=24452#primaryimage"},"thumbnailUrl":"https:\/\/www.odemocratagb.com\/wp-content\/uploads\/2019\/10\/630F2271-4A05-4FE2-AE5B-204090A9E404.jpeg","datePublished":"2020-04-20T07:29:07+00:00","dateModified":"2020-04-20T08:33:23+00:00","breadcrumb":{"@id":"https:\/\/www.odemocratagb.com\/?p=24452#breadcrumb"},"inLanguage":"pt-BR","potentialAction":[{"@type":"ReadAction","target":["https:\/\/www.odemocratagb.com\/?p=24452"]}]},{"@type":"ImageObject","inLanguage":"pt-BR","@id":"https:\/\/www.odemocratagb.com\/?p=24452#primaryimage","url":"https:\/\/www.odemocratagb.com\/wp-content\/uploads\/2019\/10\/630F2271-4A05-4FE2-AE5B-204090A9E404.jpeg","contentUrl":"https:\/\/www.odemocratagb.com\/wp-content\/uploads\/2019\/10\/630F2271-4A05-4FE2-AE5B-204090A9E404.jpeg","width":1560,"height":1170},{"@type":"BreadcrumbList","@id":"https:\/\/www.odemocratagb.com\/?p=24452#breadcrumb","itemListElement":[{"@type":"ListItem","position":1,"name":"In\u00edcio","item":"https:\/\/www.odemocratagb.com\/"},{"@type":"ListItem","position":2,"name":"Covid-19: ASSOCIA\u00c7\u00c3O JUVENIL DENUNCIA A DETEN\u00c7\u00c3O DE MAIS DE 200 PESSOAS EM BISSAU"}]},{"@type":"WebSite","@id":"https:\/\/www.odemocratagb.com\/#website","url":"https:\/\/www.odemocratagb.com\/","name":"O Democrata GB","description":"Jornal O Democrata GB","publisher":{"@id":"https:\/\/www.odemocratagb.com\/#organization"},"potentialAction":[{"@type":"SearchAction","target":{"@type":"EntryPoint","urlTemplate":"https:\/\/www.odemocratagb.com\/?s={search_term_string}"},"query-input":{"@type":"PropertyValueSpecification","valueRequired":true,"valueName":"search_term_string"}}],"inLanguage":"pt-BR"},{"@type":"Organization","@id":"https:\/\/www.odemocratagb.com\/#organization","name":"O Democrata GB","url":"https:\/\/www.odemocratagb.com\/","logo":{"@type":"ImageObject","inLanguage":"pt-BR","@id":"https:\/\/www.odemocratagb.com\/#\/schema\/logo\/image\/","url":"https:\/\/www.odemocratagb.com\/wp-content\/uploads\/2026\/04\/logo-odemocratagb.png","contentUrl":"https:\/\/www.odemocratagb.com\/wp-content\/uploads\/2026\/04\/logo-odemocratagb.png","width":1250,"height":327,"caption":"O Democrata GB"},"image":{"@id":"https:\/\/www.odemocratagb.com\/#\/schema\/logo\/image\/"},"sameAs":["https:\/\/www.facebook.com\/jornaldaguinebissau","https:\/\/www.instagram.com\/odemocratagb"]},{"@type":"Person","@id":"https:\/\/www.odemocratagb.com\/#\/schema\/person\/c5e683adeaf9b557e57cf1a8a591b0c0","name":"Jornal Odemocrata","image":{"@type":"ImageObject","inLanguage":"pt-BR","@id":"https:\/\/secure.gravatar.com\/avatar\/09cb6b76eee5612f7cfca9e0089e2f17141d417bd034905eee842945c87fd87f?s=96&d=mm&r=g","url":"https:\/\/secure.gravatar.com\/avatar\/09cb6b76eee5612f7cfca9e0089e2f17141d417bd034905eee842945c87fd87f?s=96&d=mm&r=g","contentUrl":"https:\/\/secure.gravatar.com\/avatar\/09cb6b76eee5612f7cfca9e0089e2f17141d417bd034905eee842945c87fd87f?s=96&d=mm&r=g","caption":"Jornal Odemocrata"},"sameAs":["http:\/\/odemocratagb.com"],"url":"https:\/\/www.odemocratagb.com\/?author=4"}]}},"_links":{"self":[{"href":"https:\/\/www.odemocratagb.com\/index.php?rest_route=\/wp\/v2\/posts\/24452","targetHints":{"allow":["GET"]}}],"collection":[{"href":"https:\/\/www.odemocratagb.com\/index.php?rest_route=\/wp\/v2\/posts"}],"about":[{"href":"https:\/\/www.odemocratagb.com\/index.php?rest_route=\/wp\/v2\/types\/post"}],"author":[{"embeddable":true,"href":"https:\/\/www.odemocratagb.com\/index.php?rest_route=\/wp\/v2\/users\/4"}],"replies":[{"embeddable":true,"href":"https:\/\/www.odemocratagb.com\/index.php?rest_route=%2Fwp%2Fv2%2Fcomments&post=24452"}],"version-history":[{"count":2,"href":"https:\/\/www.odemocratagb.com\/index.php?rest_route=\/wp\/v2\/posts\/24452\/revisions"}],"predecessor-version":[{"id":24454,"href":"https:\/\/www.odemocratagb.com\/index.php?rest_route=\/wp\/v2\/posts\/24452\/revisions\/24454"}],"wp:featuredmedia":[{"embeddable":true,"href":"https:\/\/www.odemocratagb.com\/index.php?rest_route=\/wp\/v2\/media\/22277"}],"wp:attachment":[{"href":"https:\/\/www.odemocratagb.com\/index.php?rest_route=%2Fwp%2Fv2%2Fmedia&parent=24452"}],"wp:term":[{"taxonomy":"category","embeddable":true,"href":"https:\/\/www.odemocratagb.com\/index.php?rest_route=%2Fwp%2Fv2%2Fcategories&post=24452"},{"taxonomy":"post_tag","embeddable":true,"href":"https:\/\/www.odemocratagb.com\/index.php?rest_route=%2Fwp%2Fv2%2Ftags&post=24452"}],"curies":[{"name":"wp","href":"https:\/\/api.w.org\/{rel}","templated":true}]}}