{"id":24492,"date":"2020-04-23T15:06:15","date_gmt":"2020-04-23T15:06:15","guid":{"rendered":"http:\/\/www.odemocratagb.com\/?p=24492"},"modified":"2020-04-23T15:06:18","modified_gmt":"2020-04-23T15:06:18","slug":"pm-nabian-entrega-programa-do-governo-a-segunda-vice-presidente-do-parlamento","status":"publish","type":"post","link":"https:\/\/www.odemocratagb.com\/?p=24492","title":{"rendered":"PM NABIAN ENTREGA PROGRAMA DO GOVERNO \u00c0 SEGUNDA VICE-PRESIDENTE DO PARLAMENTO"},"content":{"rendered":"\n<p class=\"wp-block-paragraph\">O governo de Nuno Gomes Nabiam entregou esta quinta-feira, 23 de abril de 2020, o programa de governa\u00e7\u00e3o \u00e0 segunda vice-presidente da Assembleia Nacional Popular (ANP), Adja Satu Camar\u00e1 Pinto, que posteriormente dever\u00e1 remet\u00ea-lo ao presidente do hemiciclo guineense, Cipriano Cassam\u00e1, para que seja dado um encaminhamento legal, de acordo com o regimento da ANP.<\/p>\n\n\n\n<p class=\"wp-block-paragraph\">A agenda pessoal do presidente da ANP\nimpediu-o de estar presente na entrega do documento, indicou Nabiam aos\njornalistas, que, entretanto, disse estar confiante de que os prazos legais\nser\u00e3o respeitados, incluindo a marca\u00e7\u00e3o da data para discuss\u00e3o do programa e,\nconsequentemente, a sua eventual aprova\u00e7\u00e3o pelos deputados da na\u00e7\u00e3o.<\/p>\n\n\n\n<p class=\"wp-block-paragraph\">&#8220;O presidente da ANP n\u00e3o esteve\npresente na entrega devido \u00e0 sua agenda pessoal, mas instruiu a segunda\nvice-presidente a receber o programa e acreditamos que \u00e9 um documento exequ\u00edvel\ne que merecer\u00e1 a aten\u00e7\u00e3o dos deputados&#8221;, assinalou.<\/p>\n\n\n\n<p class=\"wp-block-paragraph\">Nuno Gomes Nabiam reconheceu que o\nprograma foi elaborado num contexto dif\u00edcil em que o pa\u00eds enfrenta o problema\nde novo Coronav\u00edrus (Covid-19) que abalou o mundo e a Guin\u00e9-Bissau, mas prometeu\ntrabalhar para ultrapassar a pandemia.<\/p>\n\n\n\n<p class=\"wp-block-paragraph\">&#8220;O governo tomou medidas\nrestritivas de movimenta\u00e7\u00e3o que afetar\u00e3o todos os cidad\u00e3os e a nossa economia.\nOutro desafio est\u00e1 relacionado com a campanha de comercializa\u00e7\u00e3o da castanha de\ncaju, portanto Covid-19 provocar\u00e1 uma queda grande no concernente \u00e0 receita da\npopula\u00e7\u00e3o urbana&#8221;, sublinhou.<\/p>\n\n\n\n<figure class=\"wp-block-image\"><img loading=\"lazy\" decoding=\"async\" width=\"780\" height=\"585\" src=\"http:\/\/www.odemocratagb.com\/wp-content\/uploads\/2020\/04\/2A4CBEC7-679C-4D1E-83B2-D7B46508B5B6.jpeg\" alt=\"\" class=\"wp-image-24490\" srcset=\"https:\/\/www.odemocratagb.com\/wp-content\/uploads\/2020\/04\/2A4CBEC7-679C-4D1E-83B2-D7B46508B5B6.jpeg 780w, https:\/\/www.odemocratagb.com\/wp-content\/uploads\/2020\/04\/2A4CBEC7-679C-4D1E-83B2-D7B46508B5B6-300x225.jpeg 300w, https:\/\/www.odemocratagb.com\/wp-content\/uploads\/2020\/04\/2A4CBEC7-679C-4D1E-83B2-D7B46508B5B6-768x576.jpeg 768w\" sizes=\"auto, (max-width: 780px) 100vw, 780px\" \/><\/figure>\n\n\n\n<p class=\"wp-block-paragraph\">O chefe de governo frisou que tanto\nesse desafio como stock de arroz, a\u00e7\u00facar, \u00f3leo alimentar, etc&#8230; &#8221; s\u00e3o\ngrandes imperativos&#8221; do executivo guineense, pelo que est\u00e1 a trabalhar\nneste sentido para garantir que, quando a doen\u00e7a atingir os picos mais altos, o\npa\u00eds n\u00e3o tenha rotura de arroz, a\u00e7\u00facar e nem de \u00f3leo alimentar.<\/p>\n\n\n\n<p class=\"wp-block-paragraph\">Nuno Gomes Nabiam informou que o seu\ngovernou herdou uma d\u00edvida acima de 9,5 milh\u00f5es de d\u00f3lares a pagar \u00e0 empresa\nque fornece a luz el\u00e9trica a cidade de Bissau, acima de cento e trinta e dois\nbilh\u00f5es de francos CFA com os bancos comerciais do pa\u00eds a liquidar e uma d\u00edvida\ncom institui\u00e7\u00f5es financeiras internacionais.<\/p>\n\n\n\n<p class=\"wp-block-paragraph\">&#8220;S\u00f3 para terem a ideia, nos\n\u00faltimos tr\u00eas anos essa d\u00edvida com as institui\u00e7\u00f5es financeiras internacionais\ncresceu num valor de sessenta bili\u00f5es de francos CFA e esse valor inclui tamb\u00e9m\na empresa que fornece a luz \u00e0 Bissau. Corremos o risco de a empresa cortar o\nfornecimento da luz&#8221;, alertou Nabiam.<\/p>\n\n\n\n<p class=\"wp-block-paragraph\"><\/p>\n\n\n\n<p class=\"wp-block-paragraph\"><\/p>\n\n\n\n<p class=\"wp-block-paragraph\"><strong>Por: Filomeno Samb\u00fa<\/strong><\/p>\n\n\n\n<p class=\"wp-block-paragraph\"><strong>Foto: F.S\u00a0\u00a0\u00a0\u00a0 \u00a0\u00a0\u00a0\u00a0\u00a0e Gabinete de PM\u00a0\u00a0<\/strong><\/p>\n","protected":false},"excerpt":{"rendered":"<p>O governo de Nuno Gomes Nabiam entregou esta quinta-feira, 23 de abril de 2020, o programa de governa\u00e7\u00e3o \u00e0 segunda&#8230;<\/p>\n","protected":false},"author":4,"featured_media":24491,"comment_status":"open","ping_status":"open","sticky":false,"template":"","format":"standard","meta":{"footnotes":""},"categories":[6,7],"tags":[],"class_list":["post-24492","post","type-post","status-publish","format-standard","has-post-thumbnail","hentry","category-inicio","category-politica","wpcat-6-id","wpcat-7-id"],"yoast_head":"<!-- This site is optimized with the Yoast SEO plugin v27.5 - https:\/\/yoast.com\/product\/yoast-seo-wordpress\/ -->\n<title>PM NABIAN ENTREGA PROGRAMA DO GOVERNO \u00c0 SEGUNDA VICE-PRESIDENTE DO PARLAMENTO - O Democrata GB<\/title>\n<meta name=\"robots\" content=\"index, follow, max-snippet:-1, max-image-preview:large, max-video-preview:-1\" \/>\n<link rel=\"canonical\" href=\"https:\/\/www.odemocratagb.com\/?p=24492\" \/>\n<meta property=\"og:locale\" content=\"pt_BR\" \/>\n<meta property=\"og:type\" content=\"article\" \/>\n<meta property=\"og:title\" content=\"PM NABIAN ENTREGA PROGRAMA DO GOVERNO \u00c0 SEGUNDA VICE-PRESIDENTE DO PARLAMENTO - O Democrata GB\" \/>\n<meta property=\"og:description\" content=\"O governo de Nuno Gomes Nabiam entregou esta quinta-feira, 23 de abril de 2020, o programa de governa\u00e7\u00e3o \u00e0 segunda...\" \/>\n<meta property=\"og:url\" content=\"https:\/\/www.odemocratagb.com\/?p=24492\" \/>\n<meta property=\"og:site_name\" content=\"O Democrata GB\" \/>\n<meta property=\"article:publisher\" content=\"https:\/\/www.facebook.com\/jornaldaguinebissau\" \/>\n<meta property=\"article:published_time\" content=\"2020-04-23T15:06:15+00:00\" \/>\n<meta property=\"article:modified_time\" content=\"2020-04-23T15:06:18+00:00\" \/>\n<meta property=\"og:image\" content=\"https:\/\/www.odemocratagb.com\/wp-content\/uploads\/2020\/04\/EDAE76D8-3102-49AE-8CFB-AB2444C7B896.jpeg\" \/>\n\t<meta property=\"og:image:width\" content=\"960\" \/>\n\t<meta property=\"og:image:height\" content=\"720\" \/>\n\t<meta property=\"og:image:type\" content=\"image\/jpeg\" \/>\n<meta name=\"author\" content=\"Jornal Odemocrata\" \/>\n<meta name=\"twitter:card\" content=\"summary_large_image\" \/>\n<meta name=\"twitter:label1\" content=\"Escrito por\" \/>\n\t<meta name=\"twitter:data1\" content=\"Jornal Odemocrata\" \/>\n\t<meta name=\"twitter:label2\" content=\"Est. tempo de leitura\" \/>\n\t<meta name=\"twitter:data2\" content=\"2 minutos\" \/>\n<script type=\"application\/ld+json\" class=\"yoast-schema-graph\">{\"@context\":\"https:\\\/\\\/schema.org\",\"@graph\":[{\"@type\":\"Article\",\"@id\":\"https:\\\/\\\/www.odemocratagb.com\\\/?p=24492#article\",\"isPartOf\":{\"@id\":\"https:\\\/\\\/www.odemocratagb.com\\\/?p=24492\"},\"author\":{\"name\":\"Jornal Odemocrata\",\"@id\":\"https:\\\/\\\/www.odemocratagb.com\\\/#\\\/schema\\\/person\\\/c5e683adeaf9b557e57cf1a8a591b0c0\"},\"headline\":\"PM NABIAN ENTREGA PROGRAMA DO GOVERNO \u00c0 SEGUNDA VICE-PRESIDENTE DO PARLAMENTO\",\"datePublished\":\"2020-04-23T15:06:15+00:00\",\"dateModified\":\"2020-04-23T15:06:18+00:00\",\"mainEntityOfPage\":{\"@id\":\"https:\\\/\\\/www.odemocratagb.com\\\/?p=24492\"},\"wordCount\":433,\"commentCount\":0,\"publisher\":{\"@id\":\"https:\\\/\\\/www.odemocratagb.com\\\/#organization\"},\"image\":{\"@id\":\"https:\\\/\\\/www.odemocratagb.com\\\/?p=24492#primaryimage\"},\"thumbnailUrl\":\"https:\\\/\\\/www.odemocratagb.com\\\/wp-content\\\/uploads\\\/2020\\\/04\\\/EDAE76D8-3102-49AE-8CFB-AB2444C7B896.jpeg\",\"articleSection\":[\"Atualidade\",\"Pol\u00edtica\"],\"inLanguage\":\"pt-BR\",\"potentialAction\":[{\"@type\":\"CommentAction\",\"name\":\"Comment\",\"target\":[\"https:\\\/\\\/www.odemocratagb.com\\\/?p=24492#respond\"]}]},{\"@type\":\"WebPage\",\"@id\":\"https:\\\/\\\/www.odemocratagb.com\\\/?p=24492\",\"url\":\"https:\\\/\\\/www.odemocratagb.com\\\/?p=24492\",\"name\":\"PM NABIAN ENTREGA PROGRAMA DO GOVERNO \u00c0 SEGUNDA VICE-PRESIDENTE DO PARLAMENTO - O Democrata GB\",\"isPartOf\":{\"@id\":\"https:\\\/\\\/www.odemocratagb.com\\\/#website\"},\"primaryImageOfPage\":{\"@id\":\"https:\\\/\\\/www.odemocratagb.com\\\/?p=24492#primaryimage\"},\"image\":{\"@id\":\"https:\\\/\\\/www.odemocratagb.com\\\/?p=24492#primaryimage\"},\"thumbnailUrl\":\"https:\\\/\\\/www.odemocratagb.com\\\/wp-content\\\/uploads\\\/2020\\\/04\\\/EDAE76D8-3102-49AE-8CFB-AB2444C7B896.jpeg\",\"datePublished\":\"2020-04-23T15:06:15+00:00\",\"dateModified\":\"2020-04-23T15:06:18+00:00\",\"breadcrumb\":{\"@id\":\"https:\\\/\\\/www.odemocratagb.com\\\/?p=24492#breadcrumb\"},\"inLanguage\":\"pt-BR\",\"potentialAction\":[{\"@type\":\"ReadAction\",\"target\":[\"https:\\\/\\\/www.odemocratagb.com\\\/?p=24492\"]}]},{\"@type\":\"ImageObject\",\"inLanguage\":\"pt-BR\",\"@id\":\"https:\\\/\\\/www.odemocratagb.com\\\/?p=24492#primaryimage\",\"url\":\"https:\\\/\\\/www.odemocratagb.com\\\/wp-content\\\/uploads\\\/2020\\\/04\\\/EDAE76D8-3102-49AE-8CFB-AB2444C7B896.jpeg\",\"contentUrl\":\"https:\\\/\\\/www.odemocratagb.com\\\/wp-content\\\/uploads\\\/2020\\\/04\\\/EDAE76D8-3102-49AE-8CFB-AB2444C7B896.jpeg\",\"width\":960,\"height\":720},{\"@type\":\"BreadcrumbList\",\"@id\":\"https:\\\/\\\/www.odemocratagb.com\\\/?p=24492#breadcrumb\",\"itemListElement\":[{\"@type\":\"ListItem\",\"position\":1,\"name\":\"In\u00edcio\",\"item\":\"https:\\\/\\\/www.odemocratagb.com\\\/\"},{\"@type\":\"ListItem\",\"position\":2,\"name\":\"PM NABIAN ENTREGA PROGRAMA DO GOVERNO \u00c0 SEGUNDA VICE-PRESIDENTE DO PARLAMENTO\"}]},{\"@type\":\"WebSite\",\"@id\":\"https:\\\/\\\/www.odemocratagb.com\\\/#website\",\"url\":\"https:\\\/\\\/www.odemocratagb.com\\\/\",\"name\":\"O Democrata GB\",\"description\":\"Jornal O Democrata GB\",\"publisher\":{\"@id\":\"https:\\\/\\\/www.odemocratagb.com\\\/#organization\"},\"potentialAction\":[{\"@type\":\"SearchAction\",\"target\":{\"@type\":\"EntryPoint\",\"urlTemplate\":\"https:\\\/\\\/www.odemocratagb.com\\\/?s={search_term_string}\"},\"query-input\":{\"@type\":\"PropertyValueSpecification\",\"valueRequired\":true,\"valueName\":\"search_term_string\"}}],\"inLanguage\":\"pt-BR\"},{\"@type\":\"Organization\",\"@id\":\"https:\\\/\\\/www.odemocratagb.com\\\/#organization\",\"name\":\"O Democrata GB\",\"url\":\"https:\\\/\\\/www.odemocratagb.com\\\/\",\"logo\":{\"@type\":\"ImageObject\",\"inLanguage\":\"pt-BR\",\"@id\":\"https:\\\/\\\/www.odemocratagb.com\\\/#\\\/schema\\\/logo\\\/image\\\/\",\"url\":\"https:\\\/\\\/www.odemocratagb.com\\\/wp-content\\\/uploads\\\/2026\\\/04\\\/logo-odemocratagb.png\",\"contentUrl\":\"https:\\\/\\\/www.odemocratagb.com\\\/wp-content\\\/uploads\\\/2026\\\/04\\\/logo-odemocratagb.png\",\"width\":1250,\"height\":327,\"caption\":\"O Democrata GB\"},\"image\":{\"@id\":\"https:\\\/\\\/www.odemocratagb.com\\\/#\\\/schema\\\/logo\\\/image\\\/\"},\"sameAs\":[\"https:\\\/\\\/www.facebook.com\\\/jornaldaguinebissau\",\"https:\\\/\\\/www.instagram.com\\\/odemocratagb\"]},{\"@type\":\"Person\",\"@id\":\"https:\\\/\\\/www.odemocratagb.com\\\/#\\\/schema\\\/person\\\/c5e683adeaf9b557e57cf1a8a591b0c0\",\"name\":\"Jornal Odemocrata\",\"image\":{\"@type\":\"ImageObject\",\"inLanguage\":\"pt-BR\",\"@id\":\"https:\\\/\\\/secure.gravatar.com\\\/avatar\\\/09cb6b76eee5612f7cfca9e0089e2f17141d417bd034905eee842945c87fd87f?s=96&d=mm&r=g\",\"url\":\"https:\\\/\\\/secure.gravatar.com\\\/avatar\\\/09cb6b76eee5612f7cfca9e0089e2f17141d417bd034905eee842945c87fd87f?s=96&d=mm&r=g\",\"contentUrl\":\"https:\\\/\\\/secure.gravatar.com\\\/avatar\\\/09cb6b76eee5612f7cfca9e0089e2f17141d417bd034905eee842945c87fd87f?s=96&d=mm&r=g\",\"caption\":\"Jornal Odemocrata\"},\"sameAs\":[\"http:\\\/\\\/odemocratagb.com\"],\"url\":\"https:\\\/\\\/www.odemocratagb.com\\\/?author=4\"}]}<\/script>\n<!-- \/ Yoast SEO plugin. -->","yoast_head_json":{"title":"PM NABIAN ENTREGA PROGRAMA DO GOVERNO \u00c0 SEGUNDA VICE-PRESIDENTE DO PARLAMENTO - O Democrata GB","robots":{"index":"index","follow":"follow","max-snippet":"max-snippet:-1","max-image-preview":"max-image-preview:large","max-video-preview":"max-video-preview:-1"},"canonical":"https:\/\/www.odemocratagb.com\/?p=24492","og_locale":"pt_BR","og_type":"article","og_title":"PM NABIAN ENTREGA PROGRAMA DO GOVERNO \u00c0 SEGUNDA VICE-PRESIDENTE DO PARLAMENTO - O Democrata GB","og_description":"O governo de Nuno Gomes Nabiam entregou esta quinta-feira, 23 de abril de 2020, o programa de governa\u00e7\u00e3o \u00e0 segunda...","og_url":"https:\/\/www.odemocratagb.com\/?p=24492","og_site_name":"O Democrata GB","article_publisher":"https:\/\/www.facebook.com\/jornaldaguinebissau","article_published_time":"2020-04-23T15:06:15+00:00","article_modified_time":"2020-04-23T15:06:18+00:00","og_image":[{"width":960,"height":720,"url":"https:\/\/www.odemocratagb.com\/wp-content\/uploads\/2020\/04\/EDAE76D8-3102-49AE-8CFB-AB2444C7B896.jpeg","type":"image\/jpeg"}],"author":"Jornal Odemocrata","twitter_card":"summary_large_image","twitter_misc":{"Escrito por":"Jornal Odemocrata","Est. tempo de leitura":"2 minutos"},"schema":{"@context":"https:\/\/schema.org","@graph":[{"@type":"Article","@id":"https:\/\/www.odemocratagb.com\/?p=24492#article","isPartOf":{"@id":"https:\/\/www.odemocratagb.com\/?p=24492"},"author":{"name":"Jornal Odemocrata","@id":"https:\/\/www.odemocratagb.com\/#\/schema\/person\/c5e683adeaf9b557e57cf1a8a591b0c0"},"headline":"PM NABIAN ENTREGA PROGRAMA DO GOVERNO \u00c0 SEGUNDA VICE-PRESIDENTE DO PARLAMENTO","datePublished":"2020-04-23T15:06:15+00:00","dateModified":"2020-04-23T15:06:18+00:00","mainEntityOfPage":{"@id":"https:\/\/www.odemocratagb.com\/?p=24492"},"wordCount":433,"commentCount":0,"publisher":{"@id":"https:\/\/www.odemocratagb.com\/#organization"},"image":{"@id":"https:\/\/www.odemocratagb.com\/?p=24492#primaryimage"},"thumbnailUrl":"https:\/\/www.odemocratagb.com\/wp-content\/uploads\/2020\/04\/EDAE76D8-3102-49AE-8CFB-AB2444C7B896.jpeg","articleSection":["Atualidade","Pol\u00edtica"],"inLanguage":"pt-BR","potentialAction":[{"@type":"CommentAction","name":"Comment","target":["https:\/\/www.odemocratagb.com\/?p=24492#respond"]}]},{"@type":"WebPage","@id":"https:\/\/www.odemocratagb.com\/?p=24492","url":"https:\/\/www.odemocratagb.com\/?p=24492","name":"PM NABIAN ENTREGA PROGRAMA DO GOVERNO \u00c0 SEGUNDA VICE-PRESIDENTE DO PARLAMENTO - O Democrata GB","isPartOf":{"@id":"https:\/\/www.odemocratagb.com\/#website"},"primaryImageOfPage":{"@id":"https:\/\/www.odemocratagb.com\/?p=24492#primaryimage"},"image":{"@id":"https:\/\/www.odemocratagb.com\/?p=24492#primaryimage"},"thumbnailUrl":"https:\/\/www.odemocratagb.com\/wp-content\/uploads\/2020\/04\/EDAE76D8-3102-49AE-8CFB-AB2444C7B896.jpeg","datePublished":"2020-04-23T15:06:15+00:00","dateModified":"2020-04-23T15:06:18+00:00","breadcrumb":{"@id":"https:\/\/www.odemocratagb.com\/?p=24492#breadcrumb"},"inLanguage":"pt-BR","potentialAction":[{"@type":"ReadAction","target":["https:\/\/www.odemocratagb.com\/?p=24492"]}]},{"@type":"ImageObject","inLanguage":"pt-BR","@id":"https:\/\/www.odemocratagb.com\/?p=24492#primaryimage","url":"https:\/\/www.odemocratagb.com\/wp-content\/uploads\/2020\/04\/EDAE76D8-3102-49AE-8CFB-AB2444C7B896.jpeg","contentUrl":"https:\/\/www.odemocratagb.com\/wp-content\/uploads\/2020\/04\/EDAE76D8-3102-49AE-8CFB-AB2444C7B896.jpeg","width":960,"height":720},{"@type":"BreadcrumbList","@id":"https:\/\/www.odemocratagb.com\/?p=24492#breadcrumb","itemListElement":[{"@type":"ListItem","position":1,"name":"In\u00edcio","item":"https:\/\/www.odemocratagb.com\/"},{"@type":"ListItem","position":2,"name":"PM NABIAN ENTREGA PROGRAMA DO GOVERNO \u00c0 SEGUNDA VICE-PRESIDENTE DO PARLAMENTO"}]},{"@type":"WebSite","@id":"https:\/\/www.odemocratagb.com\/#website","url":"https:\/\/www.odemocratagb.com\/","name":"O Democrata GB","description":"Jornal O Democrata GB","publisher":{"@id":"https:\/\/www.odemocratagb.com\/#organization"},"potentialAction":[{"@type":"SearchAction","target":{"@type":"EntryPoint","urlTemplate":"https:\/\/www.odemocratagb.com\/?s={search_term_string}"},"query-input":{"@type":"PropertyValueSpecification","valueRequired":true,"valueName":"search_term_string"}}],"inLanguage":"pt-BR"},{"@type":"Organization","@id":"https:\/\/www.odemocratagb.com\/#organization","name":"O Democrata GB","url":"https:\/\/www.odemocratagb.com\/","logo":{"@type":"ImageObject","inLanguage":"pt-BR","@id":"https:\/\/www.odemocratagb.com\/#\/schema\/logo\/image\/","url":"https:\/\/www.odemocratagb.com\/wp-content\/uploads\/2026\/04\/logo-odemocratagb.png","contentUrl":"https:\/\/www.odemocratagb.com\/wp-content\/uploads\/2026\/04\/logo-odemocratagb.png","width":1250,"height":327,"caption":"O Democrata GB"},"image":{"@id":"https:\/\/www.odemocratagb.com\/#\/schema\/logo\/image\/"},"sameAs":["https:\/\/www.facebook.com\/jornaldaguinebissau","https:\/\/www.instagram.com\/odemocratagb"]},{"@type":"Person","@id":"https:\/\/www.odemocratagb.com\/#\/schema\/person\/c5e683adeaf9b557e57cf1a8a591b0c0","name":"Jornal Odemocrata","image":{"@type":"ImageObject","inLanguage":"pt-BR","@id":"https:\/\/secure.gravatar.com\/avatar\/09cb6b76eee5612f7cfca9e0089e2f17141d417bd034905eee842945c87fd87f?s=96&d=mm&r=g","url":"https:\/\/secure.gravatar.com\/avatar\/09cb6b76eee5612f7cfca9e0089e2f17141d417bd034905eee842945c87fd87f?s=96&d=mm&r=g","contentUrl":"https:\/\/secure.gravatar.com\/avatar\/09cb6b76eee5612f7cfca9e0089e2f17141d417bd034905eee842945c87fd87f?s=96&d=mm&r=g","caption":"Jornal Odemocrata"},"sameAs":["http:\/\/odemocratagb.com"],"url":"https:\/\/www.odemocratagb.com\/?author=4"}]}},"_links":{"self":[{"href":"https:\/\/www.odemocratagb.com\/index.php?rest_route=\/wp\/v2\/posts\/24492","targetHints":{"allow":["GET"]}}],"collection":[{"href":"https:\/\/www.odemocratagb.com\/index.php?rest_route=\/wp\/v2\/posts"}],"about":[{"href":"https:\/\/www.odemocratagb.com\/index.php?rest_route=\/wp\/v2\/types\/post"}],"author":[{"embeddable":true,"href":"https:\/\/www.odemocratagb.com\/index.php?rest_route=\/wp\/v2\/users\/4"}],"replies":[{"embeddable":true,"href":"https:\/\/www.odemocratagb.com\/index.php?rest_route=%2Fwp%2Fv2%2Fcomments&post=24492"}],"version-history":[{"count":1,"href":"https:\/\/www.odemocratagb.com\/index.php?rest_route=\/wp\/v2\/posts\/24492\/revisions"}],"predecessor-version":[{"id":24493,"href":"https:\/\/www.odemocratagb.com\/index.php?rest_route=\/wp\/v2\/posts\/24492\/revisions\/24493"}],"wp:featuredmedia":[{"embeddable":true,"href":"https:\/\/www.odemocratagb.com\/index.php?rest_route=\/wp\/v2\/media\/24491"}],"wp:attachment":[{"href":"https:\/\/www.odemocratagb.com\/index.php?rest_route=%2Fwp%2Fv2%2Fmedia&parent=24492"}],"wp:term":[{"taxonomy":"category","embeddable":true,"href":"https:\/\/www.odemocratagb.com\/index.php?rest_route=%2Fwp%2Fv2%2Fcategories&post=24492"},{"taxonomy":"post_tag","embeddable":true,"href":"https:\/\/www.odemocratagb.com\/index.php?rest_route=%2Fwp%2Fv2%2Ftags&post=24492"}],"curies":[{"name":"wp","href":"https:\/\/api.w.org\/{rel}","templated":true}]}}