{"id":25678,"date":"2020-07-16T22:23:53","date_gmt":"2020-07-16T22:23:53","guid":{"rendered":"http:\/\/www.odemocratagb.com\/?p=25678"},"modified":"2020-07-16T22:24:37","modified_gmt":"2020-07-16T22:24:37","slug":"funcionarios-do-ministerio-da-economia-exigem-do-governo-a-devolucao-de-subsidios-de-dois-meses","status":"publish","type":"post","link":"https:\/\/www.odemocratagb.com\/?p=25678","title":{"rendered":"FUNCION\u00c1RIOS DO MINIST\u00c9RIO DA ECONOMIA EXIGEM DO GOVERNO A DEVOLU\u00c7\u00c3O DE SUBS\u00cdDIOS DE DOIS MESES"},"content":{"rendered":"\n<p class=\"wp-block-paragraph\">O sindicato de base do minist\u00e9rio da Economia, Plano e Integra\u00e7\u00e3o Regional exigiu ao ministro das Finan\u00e7as a devolu\u00e7\u00e3o\u00a0do\u00a0subs\u00eddio de dois meses de Adiantamento de Condi\u00e7\u00e3o Industrial (ACI) a cerca de duzentos trabalhadores daquela institui\u00e7\u00e3o.<\/p>\n\n\n\n<p class=\"wp-block-paragraph\">A exig\u00eancia foi tornada p\u00fablica, em confer\u00eancia de imprensa esta quinta-feira, 16 de julho de 2020, por&nbsp;Mamadu&nbsp;Iaia&nbsp;Djal\u00f3, presidente da comiss\u00e3o negocial&nbsp;dos funcion\u00e1rios. Aos jornalistas, o sindicalista alertou que,&nbsp;se a exig\u00eancia dos trabalhadores n\u00e3o for atendida,&nbsp;ser\u00e3o obrigados a paralisar,&nbsp;novamente, as atividades laborais daquela institui\u00e7\u00e3o. Contudo, n\u00e3o indicou nenhuma data espec\u00edfica para a pr\u00f3xima greve, mas deixou claro que ser\u00e1 um dos pr\u00f3ximos passos dos funcion\u00e1rios em causa,&nbsp;para&nbsp;fazerem&nbsp;valer os seus direitos. &nbsp;<\/p>\n\n\n\n<figure class=\"wp-block-image size-large\"><img loading=\"lazy\" decoding=\"async\" width=\"1024\" height=\"769\" src=\"http:\/\/www.odemocratagb.com\/wp-content\/uploads\/2020\/07\/296791CC-757B-48CB-B2CD-DAA3A6F7393D-1024x769.jpeg\" alt=\"\" class=\"wp-image-25680\" srcset=\"https:\/\/www.odemocratagb.com\/wp-content\/uploads\/2020\/07\/296791CC-757B-48CB-B2CD-DAA3A6F7393D-1024x769.jpeg 1024w, https:\/\/www.odemocratagb.com\/wp-content\/uploads\/2020\/07\/296791CC-757B-48CB-B2CD-DAA3A6F7393D-300x225.jpeg 300w, https:\/\/www.odemocratagb.com\/wp-content\/uploads\/2020\/07\/296791CC-757B-48CB-B2CD-DAA3A6F7393D-768x577.jpeg 768w, https:\/\/www.odemocratagb.com\/wp-content\/uploads\/2020\/07\/296791CC-757B-48CB-B2CD-DAA3A6F7393D.jpeg 1242w\" sizes=\"auto, (max-width: 1024px) 100vw, 1024px\" \/><\/figure>\n\n\n\n<p class=\"wp-block-paragraph\">Mamadu&nbsp;Iaia&nbsp;Djal\u00f3&nbsp;sublinhou que a alega\u00e7\u00e3o apresentada pelo ministro da Economia,&nbsp;Plano e Integra\u00e7\u00e3o Regional foi de que ter\u00e1&nbsp;sido alvo de&nbsp;press\u00e3o de trabalhadores do minist\u00e9rio das Finan\u00e7as para&nbsp;cancelar&nbsp;o&nbsp;subs\u00eddio,&nbsp;e que&nbsp;tamb\u00e9m houve trai\u00e7\u00e3o interna a n\u00edvel da pr\u00f3pria institui\u00e7\u00e3o.<\/p>\n\n\n\n<p class=\"wp-block-paragraph\">Iaia&nbsp;Djal\u00f3&nbsp;acusou o ministro das Finan\u00e7as, Jo\u00e3o&nbsp;Alage Mamadu&nbsp;Fadia, de ter desobedecido&nbsp;\u00e0s&nbsp;orienta\u00e7\u00f5es do Conselho de Ministro que o recomendou a resolver essa quest\u00e3o, tendo avisado que&nbsp;\u201co&nbsp;passo&nbsp;seguinte&nbsp;da reivindica\u00e7\u00e3o ser\u00e1 mais&nbsp;duro\u201d. &nbsp;<\/p>\n\n\n\n<p class=\"wp-block-paragraph\">\u201cJ\u00e1 realizamos duas rondas de paralisa\u00e7\u00f5es e a terceira acabou, hoje, 16 de julho, mas n\u00e3o fomos&nbsp;convocados, nem pelo ministro das Finan\u00e7as&nbsp;nem&nbsp;pelo&nbsp;ministro da Economia, Plano e Integra\u00e7\u00e3o Regional,&nbsp;nem&nbsp;pelo primeiro-ministro\u201d, indicou.<\/p>\n\n\n\n<p class=\"wp-block-paragraph\">Djal\u00f3&nbsp;disse que o despacho&nbsp;divulgado no dia 08 do ano corrente pelo ministro das Finan\u00e7as, Jo\u00e3o&nbsp;Alage Fadia, violou o&nbsp;preceituado&nbsp;de&nbsp;que, em pleno estado de emerg\u00eancia, n\u00e3o podem&nbsp;ser retirados os&nbsp;direitos&nbsp;aos funcion\u00e1rios.<\/p>\n\n\n\n<p class=\"wp-block-paragraph\">\u201cN\u00e3o entendemos at\u00e9 que ponto tudo isso aconteceu, s\u00f3 podemos concluir que existe alguma m\u00e1-f\u00e9, porque j\u00e1 trabalhamos com o ministro\u201d, assinalou.<\/p>\n\n\n\n<p class=\"wp-block-paragraph\"><br><\/p>\n\n\n\n<p class=\"wp-block-paragraph\">Por: Djamila da Silva<\/p>\n\n\n\n<p class=\"wp-block-paragraph\">Foto: D. S<\/p>\n","protected":false},"excerpt":{"rendered":"<p>O sindicato de base do minist\u00e9rio da Economia, Plano e Integra\u00e7\u00e3o Regional exigiu ao ministro das Finan\u00e7as a devolu\u00e7\u00e3o\u00a0do\u00a0subs\u00eddio de&#8230;<\/p>\n","protected":false},"author":4,"featured_media":8710,"comment_status":"open","ping_status":"open","sticky":false,"template":"","format":"standard","meta":{"footnotes":""},"categories":[6,16],"tags":[],"class_list":["post-25678","post","type-post","status-publish","format-standard","has-post-thumbnail","hentry","category-inicio","category-sociedade","wpcat-6-id","wpcat-16-id"],"yoast_head":"<!-- This site is optimized with the Yoast SEO plugin v27.5 - https:\/\/yoast.com\/product\/yoast-seo-wordpress\/ -->\n<title>FUNCION\u00c1RIOS DO MINIST\u00c9RIO DA ECONOMIA EXIGEM DO GOVERNO A DEVOLU\u00c7\u00c3O DE SUBS\u00cdDIOS DE DOIS MESES - O Democrata GB<\/title>\n<meta name=\"robots\" content=\"index, follow, max-snippet:-1, max-image-preview:large, max-video-preview:-1\" \/>\n<link rel=\"canonical\" href=\"https:\/\/www.odemocratagb.com\/?p=25678\" \/>\n<meta property=\"og:locale\" content=\"pt_BR\" \/>\n<meta property=\"og:type\" content=\"article\" \/>\n<meta property=\"og:title\" content=\"FUNCION\u00c1RIOS DO MINIST\u00c9RIO DA ECONOMIA EXIGEM DO GOVERNO A DEVOLU\u00c7\u00c3O DE SUBS\u00cdDIOS DE DOIS MESES - O Democrata GB\" \/>\n<meta property=\"og:description\" content=\"O sindicato de base do minist\u00e9rio da Economia, Plano e Integra\u00e7\u00e3o Regional exigiu ao ministro das Finan\u00e7as a devolu\u00e7\u00e3o\u00a0do\u00a0subs\u00eddio de...\" \/>\n<meta property=\"og:url\" content=\"https:\/\/www.odemocratagb.com\/?p=25678\" \/>\n<meta property=\"og:site_name\" content=\"O Democrata GB\" \/>\n<meta property=\"article:publisher\" content=\"https:\/\/www.facebook.com\/jornaldaguinebissau\" \/>\n<meta property=\"article:published_time\" content=\"2020-07-16T22:23:53+00:00\" \/>\n<meta property=\"article:modified_time\" content=\"2020-07-16T22:24:37+00:00\" \/>\n<meta property=\"og:image\" content=\"https:\/\/www.odemocratagb.com\/wp-content\/uploads\/2016\/04\/Instala\u00e7\u00f5es-do-Minist\u00e9rio-da-Economia-e-das-Finan\u00e7as.jpg\" \/>\n\t<meta property=\"og:image:width\" content=\"2896\" \/>\n\t<meta property=\"og:image:height\" content=\"1944\" \/>\n\t<meta property=\"og:image:type\" content=\"image\/jpeg\" \/>\n<meta name=\"author\" content=\"Jornal Odemocrata\" \/>\n<meta name=\"twitter:card\" content=\"summary_large_image\" \/>\n<meta name=\"twitter:label1\" content=\"Escrito por\" \/>\n\t<meta name=\"twitter:data1\" content=\"Jornal Odemocrata\" \/>\n\t<meta name=\"twitter:label2\" content=\"Est. tempo de leitura\" \/>\n\t<meta name=\"twitter:data2\" content=\"2 minutos\" \/>\n<script type=\"application\/ld+json\" class=\"yoast-schema-graph\">{\"@context\":\"https:\\\/\\\/schema.org\",\"@graph\":[{\"@type\":\"Article\",\"@id\":\"https:\\\/\\\/www.odemocratagb.com\\\/?p=25678#article\",\"isPartOf\":{\"@id\":\"https:\\\/\\\/www.odemocratagb.com\\\/?p=25678\"},\"author\":{\"name\":\"Jornal Odemocrata\",\"@id\":\"https:\\\/\\\/www.odemocratagb.com\\\/#\\\/schema\\\/person\\\/c5e683adeaf9b557e57cf1a8a591b0c0\"},\"headline\":\"FUNCION\u00c1RIOS DO MINIST\u00c9RIO DA ECONOMIA EXIGEM DO GOVERNO A DEVOLU\u00c7\u00c3O DE SUBS\u00cdDIOS DE DOIS MESES\",\"datePublished\":\"2020-07-16T22:23:53+00:00\",\"dateModified\":\"2020-07-16T22:24:37+00:00\",\"mainEntityOfPage\":{\"@id\":\"https:\\\/\\\/www.odemocratagb.com\\\/?p=25678\"},\"wordCount\":413,\"commentCount\":0,\"publisher\":{\"@id\":\"https:\\\/\\\/www.odemocratagb.com\\\/#organization\"},\"image\":{\"@id\":\"https:\\\/\\\/www.odemocratagb.com\\\/?p=25678#primaryimage\"},\"thumbnailUrl\":\"https:\\\/\\\/www.odemocratagb.com\\\/wp-content\\\/uploads\\\/2016\\\/04\\\/Instala\u00e7\u00f5es-do-Minist\u00e9rio-da-Economia-e-das-Finan\u00e7as.jpg\",\"articleSection\":[\"Atualidade\",\"Sociedade\"],\"inLanguage\":\"pt-BR\",\"potentialAction\":[{\"@type\":\"CommentAction\",\"name\":\"Comment\",\"target\":[\"https:\\\/\\\/www.odemocratagb.com\\\/?p=25678#respond\"]}]},{\"@type\":\"WebPage\",\"@id\":\"https:\\\/\\\/www.odemocratagb.com\\\/?p=25678\",\"url\":\"https:\\\/\\\/www.odemocratagb.com\\\/?p=25678\",\"name\":\"FUNCION\u00c1RIOS DO MINIST\u00c9RIO DA ECONOMIA EXIGEM DO GOVERNO A DEVOLU\u00c7\u00c3O DE SUBS\u00cdDIOS DE DOIS MESES - O Democrata GB\",\"isPartOf\":{\"@id\":\"https:\\\/\\\/www.odemocratagb.com\\\/#website\"},\"primaryImageOfPage\":{\"@id\":\"https:\\\/\\\/www.odemocratagb.com\\\/?p=25678#primaryimage\"},\"image\":{\"@id\":\"https:\\\/\\\/www.odemocratagb.com\\\/?p=25678#primaryimage\"},\"thumbnailUrl\":\"https:\\\/\\\/www.odemocratagb.com\\\/wp-content\\\/uploads\\\/2016\\\/04\\\/Instala\u00e7\u00f5es-do-Minist\u00e9rio-da-Economia-e-das-Finan\u00e7as.jpg\",\"datePublished\":\"2020-07-16T22:23:53+00:00\",\"dateModified\":\"2020-07-16T22:24:37+00:00\",\"breadcrumb\":{\"@id\":\"https:\\\/\\\/www.odemocratagb.com\\\/?p=25678#breadcrumb\"},\"inLanguage\":\"pt-BR\",\"potentialAction\":[{\"@type\":\"ReadAction\",\"target\":[\"https:\\\/\\\/www.odemocratagb.com\\\/?p=25678\"]}]},{\"@type\":\"ImageObject\",\"inLanguage\":\"pt-BR\",\"@id\":\"https:\\\/\\\/www.odemocratagb.com\\\/?p=25678#primaryimage\",\"url\":\"https:\\\/\\\/www.odemocratagb.com\\\/wp-content\\\/uploads\\\/2016\\\/04\\\/Instala\u00e7\u00f5es-do-Minist\u00e9rio-da-Economia-e-das-Finan\u00e7as.jpg\",\"contentUrl\":\"https:\\\/\\\/www.odemocratagb.com\\\/wp-content\\\/uploads\\\/2016\\\/04\\\/Instala\u00e7\u00f5es-do-Minist\u00e9rio-da-Economia-e-das-Finan\u00e7as.jpg\",\"width\":2896,\"height\":1944},{\"@type\":\"BreadcrumbList\",\"@id\":\"https:\\\/\\\/www.odemocratagb.com\\\/?p=25678#breadcrumb\",\"itemListElement\":[{\"@type\":\"ListItem\",\"position\":1,\"name\":\"In\u00edcio\",\"item\":\"https:\\\/\\\/www.odemocratagb.com\\\/\"},{\"@type\":\"ListItem\",\"position\":2,\"name\":\"FUNCION\u00c1RIOS DO MINIST\u00c9RIO DA ECONOMIA EXIGEM DO GOVERNO A DEVOLU\u00c7\u00c3O DE SUBS\u00cdDIOS DE DOIS MESES\"}]},{\"@type\":\"WebSite\",\"@id\":\"https:\\\/\\\/www.odemocratagb.com\\\/#website\",\"url\":\"https:\\\/\\\/www.odemocratagb.com\\\/\",\"name\":\"O Democrata GB\",\"description\":\"Jornal O Democrata GB\",\"publisher\":{\"@id\":\"https:\\\/\\\/www.odemocratagb.com\\\/#organization\"},\"potentialAction\":[{\"@type\":\"SearchAction\",\"target\":{\"@type\":\"EntryPoint\",\"urlTemplate\":\"https:\\\/\\\/www.odemocratagb.com\\\/?s={search_term_string}\"},\"query-input\":{\"@type\":\"PropertyValueSpecification\",\"valueRequired\":true,\"valueName\":\"search_term_string\"}}],\"inLanguage\":\"pt-BR\"},{\"@type\":\"Organization\",\"@id\":\"https:\\\/\\\/www.odemocratagb.com\\\/#organization\",\"name\":\"O Democrata GB\",\"url\":\"https:\\\/\\\/www.odemocratagb.com\\\/\",\"logo\":{\"@type\":\"ImageObject\",\"inLanguage\":\"pt-BR\",\"@id\":\"https:\\\/\\\/www.odemocratagb.com\\\/#\\\/schema\\\/logo\\\/image\\\/\",\"url\":\"https:\\\/\\\/www.odemocratagb.com\\\/wp-content\\\/uploads\\\/2026\\\/04\\\/logo-odemocratagb.png\",\"contentUrl\":\"https:\\\/\\\/www.odemocratagb.com\\\/wp-content\\\/uploads\\\/2026\\\/04\\\/logo-odemocratagb.png\",\"width\":1250,\"height\":327,\"caption\":\"O Democrata GB\"},\"image\":{\"@id\":\"https:\\\/\\\/www.odemocratagb.com\\\/#\\\/schema\\\/logo\\\/image\\\/\"},\"sameAs\":[\"https:\\\/\\\/www.facebook.com\\\/jornaldaguinebissau\",\"https:\\\/\\\/www.instagram.com\\\/odemocratagb\"]},{\"@type\":\"Person\",\"@id\":\"https:\\\/\\\/www.odemocratagb.com\\\/#\\\/schema\\\/person\\\/c5e683adeaf9b557e57cf1a8a591b0c0\",\"name\":\"Jornal Odemocrata\",\"image\":{\"@type\":\"ImageObject\",\"inLanguage\":\"pt-BR\",\"@id\":\"https:\\\/\\\/secure.gravatar.com\\\/avatar\\\/09cb6b76eee5612f7cfca9e0089e2f17141d417bd034905eee842945c87fd87f?s=96&d=mm&r=g\",\"url\":\"https:\\\/\\\/secure.gravatar.com\\\/avatar\\\/09cb6b76eee5612f7cfca9e0089e2f17141d417bd034905eee842945c87fd87f?s=96&d=mm&r=g\",\"contentUrl\":\"https:\\\/\\\/secure.gravatar.com\\\/avatar\\\/09cb6b76eee5612f7cfca9e0089e2f17141d417bd034905eee842945c87fd87f?s=96&d=mm&r=g\",\"caption\":\"Jornal Odemocrata\"},\"sameAs\":[\"http:\\\/\\\/odemocratagb.com\"],\"url\":\"https:\\\/\\\/www.odemocratagb.com\\\/?author=4\"}]}<\/script>\n<!-- \/ Yoast SEO plugin. -->","yoast_head_json":{"title":"FUNCION\u00c1RIOS DO MINIST\u00c9RIO DA ECONOMIA EXIGEM DO GOVERNO A DEVOLU\u00c7\u00c3O DE SUBS\u00cdDIOS DE DOIS MESES - O Democrata GB","robots":{"index":"index","follow":"follow","max-snippet":"max-snippet:-1","max-image-preview":"max-image-preview:large","max-video-preview":"max-video-preview:-1"},"canonical":"https:\/\/www.odemocratagb.com\/?p=25678","og_locale":"pt_BR","og_type":"article","og_title":"FUNCION\u00c1RIOS DO MINIST\u00c9RIO DA ECONOMIA EXIGEM DO GOVERNO A DEVOLU\u00c7\u00c3O DE SUBS\u00cdDIOS DE DOIS MESES - O Democrata GB","og_description":"O sindicato de base do minist\u00e9rio da Economia, Plano e Integra\u00e7\u00e3o Regional exigiu ao ministro das Finan\u00e7as a devolu\u00e7\u00e3o\u00a0do\u00a0subs\u00eddio de...","og_url":"https:\/\/www.odemocratagb.com\/?p=25678","og_site_name":"O Democrata GB","article_publisher":"https:\/\/www.facebook.com\/jornaldaguinebissau","article_published_time":"2020-07-16T22:23:53+00:00","article_modified_time":"2020-07-16T22:24:37+00:00","og_image":[{"width":2896,"height":1944,"url":"https:\/\/www.odemocratagb.com\/wp-content\/uploads\/2016\/04\/Instala\u00e7\u00f5es-do-Minist\u00e9rio-da-Economia-e-das-Finan\u00e7as.jpg","type":"image\/jpeg"}],"author":"Jornal Odemocrata","twitter_card":"summary_large_image","twitter_misc":{"Escrito por":"Jornal Odemocrata","Est. tempo de leitura":"2 minutos"},"schema":{"@context":"https:\/\/schema.org","@graph":[{"@type":"Article","@id":"https:\/\/www.odemocratagb.com\/?p=25678#article","isPartOf":{"@id":"https:\/\/www.odemocratagb.com\/?p=25678"},"author":{"name":"Jornal Odemocrata","@id":"https:\/\/www.odemocratagb.com\/#\/schema\/person\/c5e683adeaf9b557e57cf1a8a591b0c0"},"headline":"FUNCION\u00c1RIOS DO MINIST\u00c9RIO DA ECONOMIA EXIGEM DO GOVERNO A DEVOLU\u00c7\u00c3O DE SUBS\u00cdDIOS DE DOIS MESES","datePublished":"2020-07-16T22:23:53+00:00","dateModified":"2020-07-16T22:24:37+00:00","mainEntityOfPage":{"@id":"https:\/\/www.odemocratagb.com\/?p=25678"},"wordCount":413,"commentCount":0,"publisher":{"@id":"https:\/\/www.odemocratagb.com\/#organization"},"image":{"@id":"https:\/\/www.odemocratagb.com\/?p=25678#primaryimage"},"thumbnailUrl":"https:\/\/www.odemocratagb.com\/wp-content\/uploads\/2016\/04\/Instala\u00e7\u00f5es-do-Minist\u00e9rio-da-Economia-e-das-Finan\u00e7as.jpg","articleSection":["Atualidade","Sociedade"],"inLanguage":"pt-BR","potentialAction":[{"@type":"CommentAction","name":"Comment","target":["https:\/\/www.odemocratagb.com\/?p=25678#respond"]}]},{"@type":"WebPage","@id":"https:\/\/www.odemocratagb.com\/?p=25678","url":"https:\/\/www.odemocratagb.com\/?p=25678","name":"FUNCION\u00c1RIOS DO MINIST\u00c9RIO DA ECONOMIA EXIGEM DO GOVERNO A DEVOLU\u00c7\u00c3O DE SUBS\u00cdDIOS DE DOIS MESES - O Democrata GB","isPartOf":{"@id":"https:\/\/www.odemocratagb.com\/#website"},"primaryImageOfPage":{"@id":"https:\/\/www.odemocratagb.com\/?p=25678#primaryimage"},"image":{"@id":"https:\/\/www.odemocratagb.com\/?p=25678#primaryimage"},"thumbnailUrl":"https:\/\/www.odemocratagb.com\/wp-content\/uploads\/2016\/04\/Instala\u00e7\u00f5es-do-Minist\u00e9rio-da-Economia-e-das-Finan\u00e7as.jpg","datePublished":"2020-07-16T22:23:53+00:00","dateModified":"2020-07-16T22:24:37+00:00","breadcrumb":{"@id":"https:\/\/www.odemocratagb.com\/?p=25678#breadcrumb"},"inLanguage":"pt-BR","potentialAction":[{"@type":"ReadAction","target":["https:\/\/www.odemocratagb.com\/?p=25678"]}]},{"@type":"ImageObject","inLanguage":"pt-BR","@id":"https:\/\/www.odemocratagb.com\/?p=25678#primaryimage","url":"https:\/\/www.odemocratagb.com\/wp-content\/uploads\/2016\/04\/Instala\u00e7\u00f5es-do-Minist\u00e9rio-da-Economia-e-das-Finan\u00e7as.jpg","contentUrl":"https:\/\/www.odemocratagb.com\/wp-content\/uploads\/2016\/04\/Instala\u00e7\u00f5es-do-Minist\u00e9rio-da-Economia-e-das-Finan\u00e7as.jpg","width":2896,"height":1944},{"@type":"BreadcrumbList","@id":"https:\/\/www.odemocratagb.com\/?p=25678#breadcrumb","itemListElement":[{"@type":"ListItem","position":1,"name":"In\u00edcio","item":"https:\/\/www.odemocratagb.com\/"},{"@type":"ListItem","position":2,"name":"FUNCION\u00c1RIOS DO MINIST\u00c9RIO DA ECONOMIA EXIGEM DO GOVERNO A DEVOLU\u00c7\u00c3O DE SUBS\u00cdDIOS DE DOIS MESES"}]},{"@type":"WebSite","@id":"https:\/\/www.odemocratagb.com\/#website","url":"https:\/\/www.odemocratagb.com\/","name":"O Democrata GB","description":"Jornal O Democrata GB","publisher":{"@id":"https:\/\/www.odemocratagb.com\/#organization"},"potentialAction":[{"@type":"SearchAction","target":{"@type":"EntryPoint","urlTemplate":"https:\/\/www.odemocratagb.com\/?s={search_term_string}"},"query-input":{"@type":"PropertyValueSpecification","valueRequired":true,"valueName":"search_term_string"}}],"inLanguage":"pt-BR"},{"@type":"Organization","@id":"https:\/\/www.odemocratagb.com\/#organization","name":"O Democrata GB","url":"https:\/\/www.odemocratagb.com\/","logo":{"@type":"ImageObject","inLanguage":"pt-BR","@id":"https:\/\/www.odemocratagb.com\/#\/schema\/logo\/image\/","url":"https:\/\/www.odemocratagb.com\/wp-content\/uploads\/2026\/04\/logo-odemocratagb.png","contentUrl":"https:\/\/www.odemocratagb.com\/wp-content\/uploads\/2026\/04\/logo-odemocratagb.png","width":1250,"height":327,"caption":"O Democrata GB"},"image":{"@id":"https:\/\/www.odemocratagb.com\/#\/schema\/logo\/image\/"},"sameAs":["https:\/\/www.facebook.com\/jornaldaguinebissau","https:\/\/www.instagram.com\/odemocratagb"]},{"@type":"Person","@id":"https:\/\/www.odemocratagb.com\/#\/schema\/person\/c5e683adeaf9b557e57cf1a8a591b0c0","name":"Jornal Odemocrata","image":{"@type":"ImageObject","inLanguage":"pt-BR","@id":"https:\/\/secure.gravatar.com\/avatar\/09cb6b76eee5612f7cfca9e0089e2f17141d417bd034905eee842945c87fd87f?s=96&d=mm&r=g","url":"https:\/\/secure.gravatar.com\/avatar\/09cb6b76eee5612f7cfca9e0089e2f17141d417bd034905eee842945c87fd87f?s=96&d=mm&r=g","contentUrl":"https:\/\/secure.gravatar.com\/avatar\/09cb6b76eee5612f7cfca9e0089e2f17141d417bd034905eee842945c87fd87f?s=96&d=mm&r=g","caption":"Jornal Odemocrata"},"sameAs":["http:\/\/odemocratagb.com"],"url":"https:\/\/www.odemocratagb.com\/?author=4"}]}},"_links":{"self":[{"href":"https:\/\/www.odemocratagb.com\/index.php?rest_route=\/wp\/v2\/posts\/25678","targetHints":{"allow":["GET"]}}],"collection":[{"href":"https:\/\/www.odemocratagb.com\/index.php?rest_route=\/wp\/v2\/posts"}],"about":[{"href":"https:\/\/www.odemocratagb.com\/index.php?rest_route=\/wp\/v2\/types\/post"}],"author":[{"embeddable":true,"href":"https:\/\/www.odemocratagb.com\/index.php?rest_route=\/wp\/v2\/users\/4"}],"replies":[{"embeddable":true,"href":"https:\/\/www.odemocratagb.com\/index.php?rest_route=%2Fwp%2Fv2%2Fcomments&post=25678"}],"version-history":[{"count":2,"href":"https:\/\/www.odemocratagb.com\/index.php?rest_route=\/wp\/v2\/posts\/25678\/revisions"}],"predecessor-version":[{"id":25681,"href":"https:\/\/www.odemocratagb.com\/index.php?rest_route=\/wp\/v2\/posts\/25678\/revisions\/25681"}],"wp:featuredmedia":[{"embeddable":true,"href":"https:\/\/www.odemocratagb.com\/index.php?rest_route=\/wp\/v2\/media\/8710"}],"wp:attachment":[{"href":"https:\/\/www.odemocratagb.com\/index.php?rest_route=%2Fwp%2Fv2%2Fmedia&parent=25678"}],"wp:term":[{"taxonomy":"category","embeddable":true,"href":"https:\/\/www.odemocratagb.com\/index.php?rest_route=%2Fwp%2Fv2%2Fcategories&post=25678"},{"taxonomy":"post_tag","embeddable":true,"href":"https:\/\/www.odemocratagb.com\/index.php?rest_route=%2Fwp%2Fv2%2Ftags&post=25678"}],"curies":[{"name":"wp","href":"https:\/\/api.w.org\/{rel}","templated":true}]}}