{"id":25768,"date":"2020-07-25T21:35:57","date_gmt":"2020-07-25T21:35:57","guid":{"rendered":"http:\/\/www.odemocratagb.com\/?p=25768"},"modified":"2020-07-27T10:20:48","modified_gmt":"2020-07-27T10:20:48","slug":"covid-19-alta-comissaria-afirma-que-o-numero-de-recuperados-de-coronavirus-sobe-para-quase-novecentos","status":"publish","type":"post","link":"https:\/\/www.odemocratagb.com\/?p=25768","title":{"rendered":"Covid-19: ALTA COMISS\u00c1RIA AFIRMA QUE O N\u00daMERO DE RECUPERADOS DE CORONAV\u00cdRUS SOBIU PARA QUASE NOVECENTOS"},"content":{"rendered":"\n<p class=\"wp-block-paragraph\">A Alta Comiss\u00e1ria \u00a0para o combate \u00e0 pandemia do novo coronav\u00edrus (Covid-19) na Guin\u00e9-Bissau, Magda Robalo, afirmou que o n\u00famero de pessoas recuperadas (curadas) da infe\u00e7\u00e3o da Covid-19 subiu de 803 para 893 na \u00faltima semana (at\u00e9 24 de julho de 2020), e \u00a0assegurou que durante a semana finda, registaram-se 28 novos casos de infe\u00e7\u00e3o elevando o n\u00famero acumulado de infetados para 1981 desde a declara\u00e7\u00e3o dos primeiros casos no pa\u00eds.<\/p>\n\n\n\n<p class=\"wp-block-paragraph\">A antiga ministra da Sa\u00fade P\u00fablica que agora dirige o Alto Comissariado para a Covid-19, falava hoje aos jornalistas na apresenta\u00e7\u00e3o dos dados epidemiol\u00f3gico sobre a doen\u00e7a. Acrescentou que das 1981 pessoas infetadas por Covid-19, registaram-se 26 \u00f3bitos.<\/p>\n\n\n\n<p class=\"wp-block-paragraph\">Magda Robalo explicou que o laborat\u00f3rio da Universiade Jean Piaget analisou na \u00faltima semana 860\u00a0amostras, das quais, 694 eram de pessoas que pretendem viajar para exterior e as restantes 166 \u00a0do seguimento epidemiol\u00f3gico.<\/p>\n\n\n\n<p class=\"wp-block-paragraph\">Assegurou que das 860 amostras, 28 deram positivo e est\u00e3o sob investiga\u00e7\u00e3o sanit\u00e1ria. Enfatizou que h\u00e1 seis \u00f3bitos por confirmar, se realmente foram v\u00edtimas de Covid-19.<\/p>\n\n\n\n<p class=\"wp-block-paragraph\">Lembrou ainda que foram usados no total oito mil testes do qual apenas neste m\u00eas (julho) representa  a metade (quatro mil), o que se deve, segundo a sua explica\u00e7\u00e3o,  aos requerimentos de viajantes.\u00a0<\/p>\n\n\n\n<p class=\"wp-block-paragraph\">Magda Robalo frisou que desde o an\u00fancio da pandemia na Guin\u00e9-Bissau em mar\u00e7o deste ano, a maior taxa da infe\u00e7\u00e3o foi registada no m\u00eas de maio em que se verificou maior n\u00famero de casos positivos. Sublinhou que a infe\u00e7\u00e3o atingiu mais a camada jovem em particular a do sexo masculino que na sua maioria s\u00e3o assintom\u00e1ticos.<\/p>\n\n\n\n<p class=\"wp-block-paragraph\">De recordar que na \u00faltima atualiza\u00e7\u00e3o feita pelo Centro de Opera\u00e7\u00f5es \u00a0de Emerg\u00eancias em Sa\u00fade (COES) no dia 18 deste m\u00eas, a Guin\u00e9-Bissau tinha 1949 acumulados, dos quais, 803 recuperados, 26 \u00f3bitos e 1120 ativos.<\/p>\n\n\n\n<p class=\"wp-block-paragraph\"><br><\/p>\n\n\n\n<p class=\"wp-block-paragraph\"><strong>Por: Epif\u00e2nia Mendon\u00e7a<\/strong><\/p>\n\n\n\n<p class=\"wp-block-paragraph\"><strong>Foto: E.M &nbsp; &nbsp;<\/strong><\/p>\n","protected":false},"excerpt":{"rendered":"<p>A Alta Comiss\u00e1ria \u00a0para o combate \u00e0 pandemia do novo coronav\u00edrus (Covid-19) na Guin\u00e9-Bissau, Magda Robalo, afirmou que o n\u00famero&#8230;<\/p>\n","protected":false},"author":4,"featured_media":25769,"comment_status":"open","ping_status":"open","sticky":false,"template":"","format":"standard","meta":{"footnotes":""},"categories":[6,16],"tags":[],"class_list":["post-25768","post","type-post","status-publish","format-standard","has-post-thumbnail","hentry","category-inicio","category-sociedade","wpcat-6-id","wpcat-16-id"],"yoast_head":"<!-- This site is optimized with the Yoast SEO plugin v27.5 - https:\/\/yoast.com\/product\/yoast-seo-wordpress\/ -->\n<title>Covid-19: ALTA COMISS\u00c1RIA AFIRMA QUE O N\u00daMERO DE RECUPERADOS DE CORONAV\u00cdRUS SOBIU PARA QUASE NOVECENTOS - O Democrata GB<\/title>\n<meta name=\"robots\" content=\"index, follow, max-snippet:-1, max-image-preview:large, max-video-preview:-1\" \/>\n<link rel=\"canonical\" href=\"https:\/\/www.odemocratagb.com\/?p=25768\" \/>\n<meta property=\"og:locale\" content=\"pt_BR\" \/>\n<meta property=\"og:type\" content=\"article\" \/>\n<meta property=\"og:title\" content=\"Covid-19: ALTA COMISS\u00c1RIA AFIRMA QUE O N\u00daMERO DE RECUPERADOS DE CORONAV\u00cdRUS SOBIU PARA QUASE NOVECENTOS - O Democrata GB\" \/>\n<meta property=\"og:description\" content=\"A Alta Comiss\u00e1ria \u00a0para o combate \u00e0 pandemia do novo coronav\u00edrus (Covid-19) na Guin\u00e9-Bissau, Magda Robalo, afirmou que o n\u00famero...\" \/>\n<meta property=\"og:url\" content=\"https:\/\/www.odemocratagb.com\/?p=25768\" \/>\n<meta property=\"og:site_name\" content=\"O Democrata GB\" \/>\n<meta property=\"article:publisher\" content=\"https:\/\/www.facebook.com\/jornaldaguinebissau\" \/>\n<meta property=\"article:published_time\" content=\"2020-07-25T21:35:57+00:00\" \/>\n<meta property=\"article:modified_time\" content=\"2020-07-27T10:20:48+00:00\" \/>\n<meta property=\"og:image\" content=\"https:\/\/www.odemocratagb.com\/wp-content\/uploads\/2020\/07\/ED3FA5E2-30C7-4AE6-9EE5-C39F7039C670.jpeg\" \/>\n\t<meta property=\"og:image:width\" content=\"720\" \/>\n\t<meta property=\"og:image:height\" content=\"1080\" \/>\n\t<meta property=\"og:image:type\" content=\"image\/jpeg\" \/>\n<meta name=\"author\" content=\"Jornal Odemocrata\" \/>\n<meta name=\"twitter:card\" content=\"summary_large_image\" \/>\n<meta name=\"twitter:label1\" content=\"Escrito por\" \/>\n\t<meta name=\"twitter:data1\" content=\"Jornal Odemocrata\" \/>\n\t<meta name=\"twitter:label2\" content=\"Est. tempo de leitura\" \/>\n\t<meta name=\"twitter:data2\" content=\"2 minutos\" \/>\n<script type=\"application\/ld+json\" class=\"yoast-schema-graph\">{\"@context\":\"https:\\\/\\\/schema.org\",\"@graph\":[{\"@type\":\"Article\",\"@id\":\"https:\\\/\\\/www.odemocratagb.com\\\/?p=25768#article\",\"isPartOf\":{\"@id\":\"https:\\\/\\\/www.odemocratagb.com\\\/?p=25768\"},\"author\":{\"name\":\"Jornal Odemocrata\",\"@id\":\"https:\\\/\\\/www.odemocratagb.com\\\/#\\\/schema\\\/person\\\/c5e683adeaf9b557e57cf1a8a591b0c0\"},\"headline\":\"Covid-19: ALTA COMISS\u00c1RIA AFIRMA QUE O N\u00daMERO DE RECUPERADOS DE CORONAV\u00cdRUS SOBIU PARA QUASE NOVECENTOS\",\"datePublished\":\"2020-07-25T21:35:57+00:00\",\"dateModified\":\"2020-07-27T10:20:48+00:00\",\"mainEntityOfPage\":{\"@id\":\"https:\\\/\\\/www.odemocratagb.com\\\/?p=25768\"},\"wordCount\":339,\"commentCount\":0,\"publisher\":{\"@id\":\"https:\\\/\\\/www.odemocratagb.com\\\/#organization\"},\"image\":{\"@id\":\"https:\\\/\\\/www.odemocratagb.com\\\/?p=25768#primaryimage\"},\"thumbnailUrl\":\"https:\\\/\\\/www.odemocratagb.com\\\/wp-content\\\/uploads\\\/2020\\\/07\\\/ED3FA5E2-30C7-4AE6-9EE5-C39F7039C670.jpeg\",\"articleSection\":[\"Atualidade\",\"Sociedade\"],\"inLanguage\":\"pt-BR\",\"potentialAction\":[{\"@type\":\"CommentAction\",\"name\":\"Comment\",\"target\":[\"https:\\\/\\\/www.odemocratagb.com\\\/?p=25768#respond\"]}]},{\"@type\":\"WebPage\",\"@id\":\"https:\\\/\\\/www.odemocratagb.com\\\/?p=25768\",\"url\":\"https:\\\/\\\/www.odemocratagb.com\\\/?p=25768\",\"name\":\"Covid-19: ALTA COMISS\u00c1RIA AFIRMA QUE O N\u00daMERO DE RECUPERADOS DE CORONAV\u00cdRUS SOBIU PARA QUASE NOVECENTOS - O Democrata GB\",\"isPartOf\":{\"@id\":\"https:\\\/\\\/www.odemocratagb.com\\\/#website\"},\"primaryImageOfPage\":{\"@id\":\"https:\\\/\\\/www.odemocratagb.com\\\/?p=25768#primaryimage\"},\"image\":{\"@id\":\"https:\\\/\\\/www.odemocratagb.com\\\/?p=25768#primaryimage\"},\"thumbnailUrl\":\"https:\\\/\\\/www.odemocratagb.com\\\/wp-content\\\/uploads\\\/2020\\\/07\\\/ED3FA5E2-30C7-4AE6-9EE5-C39F7039C670.jpeg\",\"datePublished\":\"2020-07-25T21:35:57+00:00\",\"dateModified\":\"2020-07-27T10:20:48+00:00\",\"breadcrumb\":{\"@id\":\"https:\\\/\\\/www.odemocratagb.com\\\/?p=25768#breadcrumb\"},\"inLanguage\":\"pt-BR\",\"potentialAction\":[{\"@type\":\"ReadAction\",\"target\":[\"https:\\\/\\\/www.odemocratagb.com\\\/?p=25768\"]}]},{\"@type\":\"ImageObject\",\"inLanguage\":\"pt-BR\",\"@id\":\"https:\\\/\\\/www.odemocratagb.com\\\/?p=25768#primaryimage\",\"url\":\"https:\\\/\\\/www.odemocratagb.com\\\/wp-content\\\/uploads\\\/2020\\\/07\\\/ED3FA5E2-30C7-4AE6-9EE5-C39F7039C670.jpeg\",\"contentUrl\":\"https:\\\/\\\/www.odemocratagb.com\\\/wp-content\\\/uploads\\\/2020\\\/07\\\/ED3FA5E2-30C7-4AE6-9EE5-C39F7039C670.jpeg\",\"width\":720,\"height\":1080},{\"@type\":\"BreadcrumbList\",\"@id\":\"https:\\\/\\\/www.odemocratagb.com\\\/?p=25768#breadcrumb\",\"itemListElement\":[{\"@type\":\"ListItem\",\"position\":1,\"name\":\"In\u00edcio\",\"item\":\"https:\\\/\\\/www.odemocratagb.com\\\/\"},{\"@type\":\"ListItem\",\"position\":2,\"name\":\"Covid-19: ALTA COMISS\u00c1RIA AFIRMA QUE O N\u00daMERO DE RECUPERADOS DE CORONAV\u00cdRUS SOBIU PARA QUASE NOVECENTOS\"}]},{\"@type\":\"WebSite\",\"@id\":\"https:\\\/\\\/www.odemocratagb.com\\\/#website\",\"url\":\"https:\\\/\\\/www.odemocratagb.com\\\/\",\"name\":\"O Democrata GB\",\"description\":\"Jornal O Democrata GB\",\"publisher\":{\"@id\":\"https:\\\/\\\/www.odemocratagb.com\\\/#organization\"},\"potentialAction\":[{\"@type\":\"SearchAction\",\"target\":{\"@type\":\"EntryPoint\",\"urlTemplate\":\"https:\\\/\\\/www.odemocratagb.com\\\/?s={search_term_string}\"},\"query-input\":{\"@type\":\"PropertyValueSpecification\",\"valueRequired\":true,\"valueName\":\"search_term_string\"}}],\"inLanguage\":\"pt-BR\"},{\"@type\":\"Organization\",\"@id\":\"https:\\\/\\\/www.odemocratagb.com\\\/#organization\",\"name\":\"O Democrata GB\",\"url\":\"https:\\\/\\\/www.odemocratagb.com\\\/\",\"logo\":{\"@type\":\"ImageObject\",\"inLanguage\":\"pt-BR\",\"@id\":\"https:\\\/\\\/www.odemocratagb.com\\\/#\\\/schema\\\/logo\\\/image\\\/\",\"url\":\"https:\\\/\\\/www.odemocratagb.com\\\/wp-content\\\/uploads\\\/2026\\\/04\\\/logo-odemocratagb.png\",\"contentUrl\":\"https:\\\/\\\/www.odemocratagb.com\\\/wp-content\\\/uploads\\\/2026\\\/04\\\/logo-odemocratagb.png\",\"width\":1250,\"height\":327,\"caption\":\"O Democrata GB\"},\"image\":{\"@id\":\"https:\\\/\\\/www.odemocratagb.com\\\/#\\\/schema\\\/logo\\\/image\\\/\"},\"sameAs\":[\"https:\\\/\\\/www.facebook.com\\\/jornaldaguinebissau\",\"https:\\\/\\\/www.instagram.com\\\/odemocratagb\"]},{\"@type\":\"Person\",\"@id\":\"https:\\\/\\\/www.odemocratagb.com\\\/#\\\/schema\\\/person\\\/c5e683adeaf9b557e57cf1a8a591b0c0\",\"name\":\"Jornal Odemocrata\",\"image\":{\"@type\":\"ImageObject\",\"inLanguage\":\"pt-BR\",\"@id\":\"https:\\\/\\\/secure.gravatar.com\\\/avatar\\\/09cb6b76eee5612f7cfca9e0089e2f17141d417bd034905eee842945c87fd87f?s=96&d=mm&r=g\",\"url\":\"https:\\\/\\\/secure.gravatar.com\\\/avatar\\\/09cb6b76eee5612f7cfca9e0089e2f17141d417bd034905eee842945c87fd87f?s=96&d=mm&r=g\",\"contentUrl\":\"https:\\\/\\\/secure.gravatar.com\\\/avatar\\\/09cb6b76eee5612f7cfca9e0089e2f17141d417bd034905eee842945c87fd87f?s=96&d=mm&r=g\",\"caption\":\"Jornal Odemocrata\"},\"sameAs\":[\"http:\\\/\\\/odemocratagb.com\"],\"url\":\"https:\\\/\\\/www.odemocratagb.com\\\/?author=4\"}]}<\/script>\n<!-- \/ Yoast SEO plugin. -->","yoast_head_json":{"title":"Covid-19: ALTA COMISS\u00c1RIA AFIRMA QUE O N\u00daMERO DE RECUPERADOS DE CORONAV\u00cdRUS SOBIU PARA QUASE NOVECENTOS - O Democrata GB","robots":{"index":"index","follow":"follow","max-snippet":"max-snippet:-1","max-image-preview":"max-image-preview:large","max-video-preview":"max-video-preview:-1"},"canonical":"https:\/\/www.odemocratagb.com\/?p=25768","og_locale":"pt_BR","og_type":"article","og_title":"Covid-19: ALTA COMISS\u00c1RIA AFIRMA QUE O N\u00daMERO DE RECUPERADOS DE CORONAV\u00cdRUS SOBIU PARA QUASE NOVECENTOS - O Democrata GB","og_description":"A Alta Comiss\u00e1ria \u00a0para o combate \u00e0 pandemia do novo coronav\u00edrus (Covid-19) na Guin\u00e9-Bissau, Magda Robalo, afirmou que o n\u00famero...","og_url":"https:\/\/www.odemocratagb.com\/?p=25768","og_site_name":"O Democrata GB","article_publisher":"https:\/\/www.facebook.com\/jornaldaguinebissau","article_published_time":"2020-07-25T21:35:57+00:00","article_modified_time":"2020-07-27T10:20:48+00:00","og_image":[{"width":720,"height":1080,"url":"https:\/\/www.odemocratagb.com\/wp-content\/uploads\/2020\/07\/ED3FA5E2-30C7-4AE6-9EE5-C39F7039C670.jpeg","type":"image\/jpeg"}],"author":"Jornal Odemocrata","twitter_card":"summary_large_image","twitter_misc":{"Escrito por":"Jornal Odemocrata","Est. tempo de leitura":"2 minutos"},"schema":{"@context":"https:\/\/schema.org","@graph":[{"@type":"Article","@id":"https:\/\/www.odemocratagb.com\/?p=25768#article","isPartOf":{"@id":"https:\/\/www.odemocratagb.com\/?p=25768"},"author":{"name":"Jornal Odemocrata","@id":"https:\/\/www.odemocratagb.com\/#\/schema\/person\/c5e683adeaf9b557e57cf1a8a591b0c0"},"headline":"Covid-19: ALTA COMISS\u00c1RIA AFIRMA QUE O N\u00daMERO DE RECUPERADOS DE CORONAV\u00cdRUS SOBIU PARA QUASE NOVECENTOS","datePublished":"2020-07-25T21:35:57+00:00","dateModified":"2020-07-27T10:20:48+00:00","mainEntityOfPage":{"@id":"https:\/\/www.odemocratagb.com\/?p=25768"},"wordCount":339,"commentCount":0,"publisher":{"@id":"https:\/\/www.odemocratagb.com\/#organization"},"image":{"@id":"https:\/\/www.odemocratagb.com\/?p=25768#primaryimage"},"thumbnailUrl":"https:\/\/www.odemocratagb.com\/wp-content\/uploads\/2020\/07\/ED3FA5E2-30C7-4AE6-9EE5-C39F7039C670.jpeg","articleSection":["Atualidade","Sociedade"],"inLanguage":"pt-BR","potentialAction":[{"@type":"CommentAction","name":"Comment","target":["https:\/\/www.odemocratagb.com\/?p=25768#respond"]}]},{"@type":"WebPage","@id":"https:\/\/www.odemocratagb.com\/?p=25768","url":"https:\/\/www.odemocratagb.com\/?p=25768","name":"Covid-19: ALTA COMISS\u00c1RIA AFIRMA QUE O N\u00daMERO DE RECUPERADOS DE CORONAV\u00cdRUS SOBIU PARA QUASE NOVECENTOS - O Democrata GB","isPartOf":{"@id":"https:\/\/www.odemocratagb.com\/#website"},"primaryImageOfPage":{"@id":"https:\/\/www.odemocratagb.com\/?p=25768#primaryimage"},"image":{"@id":"https:\/\/www.odemocratagb.com\/?p=25768#primaryimage"},"thumbnailUrl":"https:\/\/www.odemocratagb.com\/wp-content\/uploads\/2020\/07\/ED3FA5E2-30C7-4AE6-9EE5-C39F7039C670.jpeg","datePublished":"2020-07-25T21:35:57+00:00","dateModified":"2020-07-27T10:20:48+00:00","breadcrumb":{"@id":"https:\/\/www.odemocratagb.com\/?p=25768#breadcrumb"},"inLanguage":"pt-BR","potentialAction":[{"@type":"ReadAction","target":["https:\/\/www.odemocratagb.com\/?p=25768"]}]},{"@type":"ImageObject","inLanguage":"pt-BR","@id":"https:\/\/www.odemocratagb.com\/?p=25768#primaryimage","url":"https:\/\/www.odemocratagb.com\/wp-content\/uploads\/2020\/07\/ED3FA5E2-30C7-4AE6-9EE5-C39F7039C670.jpeg","contentUrl":"https:\/\/www.odemocratagb.com\/wp-content\/uploads\/2020\/07\/ED3FA5E2-30C7-4AE6-9EE5-C39F7039C670.jpeg","width":720,"height":1080},{"@type":"BreadcrumbList","@id":"https:\/\/www.odemocratagb.com\/?p=25768#breadcrumb","itemListElement":[{"@type":"ListItem","position":1,"name":"In\u00edcio","item":"https:\/\/www.odemocratagb.com\/"},{"@type":"ListItem","position":2,"name":"Covid-19: ALTA COMISS\u00c1RIA AFIRMA QUE O N\u00daMERO DE RECUPERADOS DE CORONAV\u00cdRUS SOBIU PARA QUASE NOVECENTOS"}]},{"@type":"WebSite","@id":"https:\/\/www.odemocratagb.com\/#website","url":"https:\/\/www.odemocratagb.com\/","name":"O Democrata GB","description":"Jornal O Democrata GB","publisher":{"@id":"https:\/\/www.odemocratagb.com\/#organization"},"potentialAction":[{"@type":"SearchAction","target":{"@type":"EntryPoint","urlTemplate":"https:\/\/www.odemocratagb.com\/?s={search_term_string}"},"query-input":{"@type":"PropertyValueSpecification","valueRequired":true,"valueName":"search_term_string"}}],"inLanguage":"pt-BR"},{"@type":"Organization","@id":"https:\/\/www.odemocratagb.com\/#organization","name":"O Democrata GB","url":"https:\/\/www.odemocratagb.com\/","logo":{"@type":"ImageObject","inLanguage":"pt-BR","@id":"https:\/\/www.odemocratagb.com\/#\/schema\/logo\/image\/","url":"https:\/\/www.odemocratagb.com\/wp-content\/uploads\/2026\/04\/logo-odemocratagb.png","contentUrl":"https:\/\/www.odemocratagb.com\/wp-content\/uploads\/2026\/04\/logo-odemocratagb.png","width":1250,"height":327,"caption":"O Democrata GB"},"image":{"@id":"https:\/\/www.odemocratagb.com\/#\/schema\/logo\/image\/"},"sameAs":["https:\/\/www.facebook.com\/jornaldaguinebissau","https:\/\/www.instagram.com\/odemocratagb"]},{"@type":"Person","@id":"https:\/\/www.odemocratagb.com\/#\/schema\/person\/c5e683adeaf9b557e57cf1a8a591b0c0","name":"Jornal Odemocrata","image":{"@type":"ImageObject","inLanguage":"pt-BR","@id":"https:\/\/secure.gravatar.com\/avatar\/09cb6b76eee5612f7cfca9e0089e2f17141d417bd034905eee842945c87fd87f?s=96&d=mm&r=g","url":"https:\/\/secure.gravatar.com\/avatar\/09cb6b76eee5612f7cfca9e0089e2f17141d417bd034905eee842945c87fd87f?s=96&d=mm&r=g","contentUrl":"https:\/\/secure.gravatar.com\/avatar\/09cb6b76eee5612f7cfca9e0089e2f17141d417bd034905eee842945c87fd87f?s=96&d=mm&r=g","caption":"Jornal Odemocrata"},"sameAs":["http:\/\/odemocratagb.com"],"url":"https:\/\/www.odemocratagb.com\/?author=4"}]}},"_links":{"self":[{"href":"https:\/\/www.odemocratagb.com\/index.php?rest_route=\/wp\/v2\/posts\/25768","targetHints":{"allow":["GET"]}}],"collection":[{"href":"https:\/\/www.odemocratagb.com\/index.php?rest_route=\/wp\/v2\/posts"}],"about":[{"href":"https:\/\/www.odemocratagb.com\/index.php?rest_route=\/wp\/v2\/types\/post"}],"author":[{"embeddable":true,"href":"https:\/\/www.odemocratagb.com\/index.php?rest_route=\/wp\/v2\/users\/4"}],"replies":[{"embeddable":true,"href":"https:\/\/www.odemocratagb.com\/index.php?rest_route=%2Fwp%2Fv2%2Fcomments&post=25768"}],"version-history":[{"count":2,"href":"https:\/\/www.odemocratagb.com\/index.php?rest_route=\/wp\/v2\/posts\/25768\/revisions"}],"predecessor-version":[{"id":25781,"href":"https:\/\/www.odemocratagb.com\/index.php?rest_route=\/wp\/v2\/posts\/25768\/revisions\/25781"}],"wp:featuredmedia":[{"embeddable":true,"href":"https:\/\/www.odemocratagb.com\/index.php?rest_route=\/wp\/v2\/media\/25769"}],"wp:attachment":[{"href":"https:\/\/www.odemocratagb.com\/index.php?rest_route=%2Fwp%2Fv2%2Fmedia&parent=25768"}],"wp:term":[{"taxonomy":"category","embeddable":true,"href":"https:\/\/www.odemocratagb.com\/index.php?rest_route=%2Fwp%2Fv2%2Fcategories&post=25768"},{"taxonomy":"post_tag","embeddable":true,"href":"https:\/\/www.odemocratagb.com\/index.php?rest_route=%2Fwp%2Fv2%2Ftags&post=25768"}],"curies":[{"name":"wp","href":"https:\/\/api.w.org\/{rel}","templated":true}]}}