{"id":25865,"date":"2020-08-04T09:23:44","date_gmt":"2020-08-04T09:23:44","guid":{"rendered":"https:\/\/www.odemocratagb.com\/?p=25865"},"modified":"2020-08-04T09:23:57","modified_gmt":"2020-08-04T09:23:57","slug":"secretario-geral-da-untg-pais-precisa-de-governantes-com-visao-de-desenvolvimento-nao-os-que-agem-contra-as-leis","status":"publish","type":"post","link":"https:\/\/www.odemocratagb.com\/?p=25865","title":{"rendered":"Secret\u00e1rio-geral da UNTG: \u201cPA\u00cdS PRECISA DE GOVERNANTES COM VIS\u00c3O DE DESENVOLVIMENTO, N\u00c3O OS QUE AGEM CONTRA AS LEIS&#8221;"},"content":{"rendered":"\n<p class=\"wp-block-paragraph\">O secret\u00e1rio-geral da Uni\u00e3o Nacional dos Trabalhadores da Guin\u00e9 (UNTG), J\u00falio Mendon\u00e7a, afirmou esta segunda-feira, 03 de agosto de 2020, que o pa\u00eds precisa de governantes com vis\u00e3o de desenvolvimento e que sabem conformar as suas atua\u00e7\u00f5es com\u00a0<strong>os <\/strong>princ\u00edpios\u00a0da legalidade, e n\u00e3o de dirigentes que s\u00f3 sabem agir\u00a0\u00e0 margem das leis e decretos emanados pelo pr\u00f3prio Estado.<\/p>\n\n\n\n<p class=\"wp-block-paragraph\">J\u00falio Mendon\u00e7a falava\u00a0\u00e0\u00a0margem da comemora\u00e7\u00e3o de 03 de agosto,\u00a0dia<strong> <\/strong>do<strong>\u00a0<\/strong>massacre de\u00a0Pindjiguiti, que vitimou mais de 50 pessoas em protesto\u00a0pela\u00a0melhoria salarial na ent\u00e3o administra\u00e7\u00e3o colonial.<\/p>\n\n\n\n<p class=\"wp-block-paragraph\">Lembrou que todos os trabalhadores efetivos t\u00eam direito \u00e0 progress\u00e3o e que a iniciativa de avalia\u00e7\u00e3o do desempenho n\u00e3o deve ser da responsabilidade do trabalhador, mas do executivo. Por isso, defendeu que ningu\u00e9m deve ser v\u00edtima da in\u00e9rcia do Estado.<\/p>\n\n\n\n<p class=\"wp-block-paragraph\">J\u00falio Mendon\u00e7a disse que a UNTG decidiu colaborar com essa iniciativa para garantir maior efici\u00eancia\u00a0racionaliza\u00e7\u00e3o\u00a0nas\u00a0despesas do Estado, com o pessoal administrativo, garantir o reajuste de pens\u00e3o dos aposentados e dignifica\u00e7\u00e3o dos servidores p\u00fablicos, atrav\u00e9s do aumento salarial com o horizonte m\u00ednimo de cem mil francos Cfa na Fun\u00e7\u00e3o P\u00fablica.<\/p>\n\n\n\n<p class=\"wp-block-paragraph\">O sindicalista alertou o governo que a paci\u00eancia dos sindicatos est\u00e1 no limite e que n\u00e3o permitir\u00e3o jamais que os princ\u00edpios da legalidade sejam violados, por isso v\u00e3o lutar e proteger o bem comum dos guineenses, combater\u00a0\u00e0 corrup\u00e7\u00e3o, o nepotismo no aparelho de Estado e promover a justi\u00e7a, n\u00e3o apenas a n\u00edvel dos tribunais, como\u00a0tamb\u00e9m\u00a0na administra\u00e7\u00e3o p\u00fablica, apelando aos deputados da na\u00e7\u00e3o a aprovar o novo c\u00f3digo de trabalho, \u201ccumprindo assim a miss\u00e3o que a Constitui\u00e7\u00e3o da Rep\u00fablica lhes conferiu\u201d.<\/p>\n\n\n\n<p class=\"wp-block-paragraph\">O secret\u00e1rio-geral da UNTG assinalou que, enquanto representantes dos trabalhadores guineenses, o seu objetivo resume-se apenas na promo\u00e7\u00e3o dos direitos e na defesa dos interesses leg\u00edtimos de todos que prestam servi\u00e7o, com dignidade ao Estado e os que pagam impostos na Guin\u00e9-Bissau.<\/p>\n\n\n\n<p class=\"wp-block-paragraph\">Por isso nunca aceitar\u00e3o o discurso que persiste na manuten\u00e7\u00e3o do sofrimento daquelas pessoas que serviram o Estado nas empresas p\u00fablicas e por motivos inerentes \u00e0 m\u00e1 gest\u00e3o dos pol\u00edticos, colocaram essas empresas p\u00fablicas em dificuldades financeiras.<\/p>\n\n\n\n<p class=\"wp-block-paragraph\">\u201cAssim, exigimos ao governo que comece o mais breve poss\u00edvel, o pagamento faseado das d\u00edvidas contra\u00eddas com o pessoal afeto a essas empresas. As manobras dilat\u00f3rias que estamos a assistir entre os minist\u00e9rios das Finan\u00e7as e o da Economia n\u00e3o ser\u00e3o toleradas e brevemente sentir\u00e3o a nossa f\u00faria\u201d, alertou.<\/p>\n\n\n\n<p class=\"wp-block-paragraph\">\u201cFicou evidente que n\u00e3o teremos um Estado modernizado administrativamente, se os pr\u00f3prios servidores p\u00fablicos honestos e trabalhadores em geral n\u00e3o convergirem \u00e0 volta das suas estruturas sindicais e lutar com base nos instrumentos legais e garantir o bem-estar almejado\u201d, assinalou para de seguida acrescentar que a pandemia que assola o mundo permitiu a todos perceber o quanto \u00e9 fr\u00e1gil e desorganizado o Estado e as institui\u00e7\u00f5es administrativas da Guin\u00e9-Bissau.<\/p>\n\n\n\n<p class=\"wp-block-paragraph\">Segundo Mendon\u00e7a, houve viola\u00e7\u00f5es grav\u00edssimas dos direitos laborais das pessoas que pagam o imposto ao Estado e contribuem para que o sistema de seguran\u00e7a social funcione. Por\u00e9m, lamentavelmente o Instituto Nacional de Seguran\u00e7a Social n\u00e3o foi digno do nome e objetivos que nortearam a sua institucionaliza\u00e7\u00e3o. Disse que n\u00e3o \u00e9 justo os trabalhadores contribuintes serem esquecidos ou abandonados a sua sorte por parte de uma institui\u00e7\u00e3o que recebe todos os meses os descontos desses mesmos funcion\u00e1rios.<\/p>\n\n\n\n<p class=\"wp-block-paragraph\"><br><\/p>\n\n\n\n<p class=\"wp-block-paragraph\"><\/p>\n\n\n\n<p class=\"wp-block-paragraph\"><strong>Por: Filomeno Samb\u00fa<\/strong><\/p>\n\n\n\n<p class=\"wp-block-paragraph\"><strong>Foto: Marcelo Na Ritche &nbsp;<\/strong><\/p>\n","protected":false},"excerpt":{"rendered":"<p>O secret\u00e1rio-geral da Uni\u00e3o Nacional dos Trabalhadores da Guin\u00e9 (UNTG), J\u00falio Mendon\u00e7a, afirmou esta segunda-feira, 03 de agosto de 2020,&#8230;<\/p>\n","protected":false},"author":4,"featured_media":19309,"comment_status":"open","ping_status":"open","sticky":false,"template":"","format":"standard","meta":{"footnotes":""},"categories":[6,16],"tags":[],"class_list":["post-25865","post","type-post","status-publish","format-standard","has-post-thumbnail","hentry","category-inicio","category-sociedade","wpcat-6-id","wpcat-16-id"],"yoast_head":"<!-- This site is optimized with the Yoast SEO plugin v27.5 - https:\/\/yoast.com\/product\/yoast-seo-wordpress\/ -->\n<title>Secret\u00e1rio-geral da UNTG: \u201cPA\u00cdS PRECISA DE GOVERNANTES COM VIS\u00c3O DE DESENVOLVIMENTO, N\u00c3O OS QUE AGEM CONTRA AS LEIS&quot; - O Democrata GB<\/title>\n<meta name=\"robots\" content=\"index, follow, max-snippet:-1, max-image-preview:large, max-video-preview:-1\" \/>\n<link rel=\"canonical\" href=\"https:\/\/www.odemocratagb.com\/?p=25865\" \/>\n<meta property=\"og:locale\" content=\"pt_BR\" \/>\n<meta property=\"og:type\" content=\"article\" \/>\n<meta property=\"og:title\" content=\"Secret\u00e1rio-geral da UNTG: \u201cPA\u00cdS PRECISA DE GOVERNANTES COM VIS\u00c3O DE DESENVOLVIMENTO, N\u00c3O OS QUE AGEM CONTRA AS LEIS&quot; - O Democrata GB\" \/>\n<meta property=\"og:description\" content=\"O secret\u00e1rio-geral da Uni\u00e3o Nacional dos Trabalhadores da Guin\u00e9 (UNTG), J\u00falio Mendon\u00e7a, afirmou esta segunda-feira, 03 de agosto de 2020,...\" \/>\n<meta property=\"og:url\" content=\"https:\/\/www.odemocratagb.com\/?p=25865\" \/>\n<meta property=\"og:site_name\" content=\"O Democrata GB\" \/>\n<meta property=\"article:publisher\" content=\"https:\/\/www.facebook.com\/jornaldaguinebissau\" \/>\n<meta property=\"article:published_time\" content=\"2020-08-04T09:23:44+00:00\" \/>\n<meta property=\"article:modified_time\" content=\"2020-08-04T09:23:57+00:00\" \/>\n<meta property=\"og:image\" content=\"https:\/\/www.odemocratagb.com\/wp-content\/uploads\/2019\/01\/J\u00falio-Ant\u00f3nio-Mendon\u00e7a-Secret\u00e1rio-Geral-da-UNTG.jpg\" \/>\n\t<meta property=\"og:image:width\" content=\"720\" \/>\n\t<meta property=\"og:image:height\" content=\"721\" \/>\n\t<meta property=\"og:image:type\" content=\"image\/jpeg\" \/>\n<meta name=\"author\" content=\"Jornal Odemocrata\" \/>\n<meta name=\"twitter:card\" content=\"summary_large_image\" \/>\n<meta name=\"twitter:label1\" content=\"Escrito por\" \/>\n\t<meta name=\"twitter:data1\" content=\"Jornal Odemocrata\" \/>\n\t<meta name=\"twitter:label2\" content=\"Est. tempo de leitura\" \/>\n\t<meta name=\"twitter:data2\" content=\"3 minutos\" \/>\n<script type=\"application\/ld+json\" class=\"yoast-schema-graph\">{\"@context\":\"https:\\\/\\\/schema.org\",\"@graph\":[{\"@type\":\"Article\",\"@id\":\"https:\\\/\\\/www.odemocratagb.com\\\/?p=25865#article\",\"isPartOf\":{\"@id\":\"https:\\\/\\\/www.odemocratagb.com\\\/?p=25865\"},\"author\":{\"name\":\"Jornal Odemocrata\",\"@id\":\"https:\\\/\\\/www.odemocratagb.com\\\/#\\\/schema\\\/person\\\/c5e683adeaf9b557e57cf1a8a591b0c0\"},\"headline\":\"Secret\u00e1rio-geral da UNTG: \u201cPA\u00cdS PRECISA DE GOVERNANTES COM VIS\u00c3O DE DESENVOLVIMENTO, N\u00c3O OS QUE AGEM CONTRA AS LEIS&#8221;\",\"datePublished\":\"2020-08-04T09:23:44+00:00\",\"dateModified\":\"2020-08-04T09:23:57+00:00\",\"mainEntityOfPage\":{\"@id\":\"https:\\\/\\\/www.odemocratagb.com\\\/?p=25865\"},\"wordCount\":646,\"commentCount\":0,\"publisher\":{\"@id\":\"https:\\\/\\\/www.odemocratagb.com\\\/#organization\"},\"image\":{\"@id\":\"https:\\\/\\\/www.odemocratagb.com\\\/?p=25865#primaryimage\"},\"thumbnailUrl\":\"https:\\\/\\\/www.odemocratagb.com\\\/wp-content\\\/uploads\\\/2019\\\/01\\\/J\u00falio-Ant\u00f3nio-Mendon\u00e7a-Secret\u00e1rio-Geral-da-UNTG.jpg\",\"articleSection\":[\"Atualidade\",\"Sociedade\"],\"inLanguage\":\"pt-BR\",\"potentialAction\":[{\"@type\":\"CommentAction\",\"name\":\"Comment\",\"target\":[\"https:\\\/\\\/www.odemocratagb.com\\\/?p=25865#respond\"]}]},{\"@type\":\"WebPage\",\"@id\":\"https:\\\/\\\/www.odemocratagb.com\\\/?p=25865\",\"url\":\"https:\\\/\\\/www.odemocratagb.com\\\/?p=25865\",\"name\":\"Secret\u00e1rio-geral da UNTG: \u201cPA\u00cdS PRECISA DE GOVERNANTES COM VIS\u00c3O DE DESENVOLVIMENTO, N\u00c3O OS QUE AGEM CONTRA AS LEIS\\\" - O Democrata GB\",\"isPartOf\":{\"@id\":\"https:\\\/\\\/www.odemocratagb.com\\\/#website\"},\"primaryImageOfPage\":{\"@id\":\"https:\\\/\\\/www.odemocratagb.com\\\/?p=25865#primaryimage\"},\"image\":{\"@id\":\"https:\\\/\\\/www.odemocratagb.com\\\/?p=25865#primaryimage\"},\"thumbnailUrl\":\"https:\\\/\\\/www.odemocratagb.com\\\/wp-content\\\/uploads\\\/2019\\\/01\\\/J\u00falio-Ant\u00f3nio-Mendon\u00e7a-Secret\u00e1rio-Geral-da-UNTG.jpg\",\"datePublished\":\"2020-08-04T09:23:44+00:00\",\"dateModified\":\"2020-08-04T09:23:57+00:00\",\"breadcrumb\":{\"@id\":\"https:\\\/\\\/www.odemocratagb.com\\\/?p=25865#breadcrumb\"},\"inLanguage\":\"pt-BR\",\"potentialAction\":[{\"@type\":\"ReadAction\",\"target\":[\"https:\\\/\\\/www.odemocratagb.com\\\/?p=25865\"]}]},{\"@type\":\"ImageObject\",\"inLanguage\":\"pt-BR\",\"@id\":\"https:\\\/\\\/www.odemocratagb.com\\\/?p=25865#primaryimage\",\"url\":\"https:\\\/\\\/www.odemocratagb.com\\\/wp-content\\\/uploads\\\/2019\\\/01\\\/J\u00falio-Ant\u00f3nio-Mendon\u00e7a-Secret\u00e1rio-Geral-da-UNTG.jpg\",\"contentUrl\":\"https:\\\/\\\/www.odemocratagb.com\\\/wp-content\\\/uploads\\\/2019\\\/01\\\/J\u00falio-Ant\u00f3nio-Mendon\u00e7a-Secret\u00e1rio-Geral-da-UNTG.jpg\",\"width\":720,\"height\":721},{\"@type\":\"BreadcrumbList\",\"@id\":\"https:\\\/\\\/www.odemocratagb.com\\\/?p=25865#breadcrumb\",\"itemListElement\":[{\"@type\":\"ListItem\",\"position\":1,\"name\":\"In\u00edcio\",\"item\":\"https:\\\/\\\/www.odemocratagb.com\\\/\"},{\"@type\":\"ListItem\",\"position\":2,\"name\":\"Secret\u00e1rio-geral da UNTG: \u201cPA\u00cdS PRECISA DE GOVERNANTES COM VIS\u00c3O DE DESENVOLVIMENTO, N\u00c3O OS QUE AGEM CONTRA AS LEIS&#8221;\"}]},{\"@type\":\"WebSite\",\"@id\":\"https:\\\/\\\/www.odemocratagb.com\\\/#website\",\"url\":\"https:\\\/\\\/www.odemocratagb.com\\\/\",\"name\":\"O Democrata GB\",\"description\":\"Jornal O Democrata GB\",\"publisher\":{\"@id\":\"https:\\\/\\\/www.odemocratagb.com\\\/#organization\"},\"potentialAction\":[{\"@type\":\"SearchAction\",\"target\":{\"@type\":\"EntryPoint\",\"urlTemplate\":\"https:\\\/\\\/www.odemocratagb.com\\\/?s={search_term_string}\"},\"query-input\":{\"@type\":\"PropertyValueSpecification\",\"valueRequired\":true,\"valueName\":\"search_term_string\"}}],\"inLanguage\":\"pt-BR\"},{\"@type\":\"Organization\",\"@id\":\"https:\\\/\\\/www.odemocratagb.com\\\/#organization\",\"name\":\"O Democrata GB\",\"url\":\"https:\\\/\\\/www.odemocratagb.com\\\/\",\"logo\":{\"@type\":\"ImageObject\",\"inLanguage\":\"pt-BR\",\"@id\":\"https:\\\/\\\/www.odemocratagb.com\\\/#\\\/schema\\\/logo\\\/image\\\/\",\"url\":\"https:\\\/\\\/www.odemocratagb.com\\\/wp-content\\\/uploads\\\/2026\\\/04\\\/logo-odemocratagb.png\",\"contentUrl\":\"https:\\\/\\\/www.odemocratagb.com\\\/wp-content\\\/uploads\\\/2026\\\/04\\\/logo-odemocratagb.png\",\"width\":1250,\"height\":327,\"caption\":\"O Democrata GB\"},\"image\":{\"@id\":\"https:\\\/\\\/www.odemocratagb.com\\\/#\\\/schema\\\/logo\\\/image\\\/\"},\"sameAs\":[\"https:\\\/\\\/www.facebook.com\\\/jornaldaguinebissau\",\"https:\\\/\\\/www.instagram.com\\\/odemocratagb\"]},{\"@type\":\"Person\",\"@id\":\"https:\\\/\\\/www.odemocratagb.com\\\/#\\\/schema\\\/person\\\/c5e683adeaf9b557e57cf1a8a591b0c0\",\"name\":\"Jornal Odemocrata\",\"image\":{\"@type\":\"ImageObject\",\"inLanguage\":\"pt-BR\",\"@id\":\"https:\\\/\\\/secure.gravatar.com\\\/avatar\\\/09cb6b76eee5612f7cfca9e0089e2f17141d417bd034905eee842945c87fd87f?s=96&d=mm&r=g\",\"url\":\"https:\\\/\\\/secure.gravatar.com\\\/avatar\\\/09cb6b76eee5612f7cfca9e0089e2f17141d417bd034905eee842945c87fd87f?s=96&d=mm&r=g\",\"contentUrl\":\"https:\\\/\\\/secure.gravatar.com\\\/avatar\\\/09cb6b76eee5612f7cfca9e0089e2f17141d417bd034905eee842945c87fd87f?s=96&d=mm&r=g\",\"caption\":\"Jornal Odemocrata\"},\"sameAs\":[\"http:\\\/\\\/odemocratagb.com\"],\"url\":\"https:\\\/\\\/www.odemocratagb.com\\\/?author=4\"}]}<\/script>\n<!-- \/ Yoast SEO plugin. -->","yoast_head_json":{"title":"Secret\u00e1rio-geral da UNTG: \u201cPA\u00cdS PRECISA DE GOVERNANTES COM VIS\u00c3O DE DESENVOLVIMENTO, N\u00c3O OS QUE AGEM CONTRA AS LEIS\" - O Democrata GB","robots":{"index":"index","follow":"follow","max-snippet":"max-snippet:-1","max-image-preview":"max-image-preview:large","max-video-preview":"max-video-preview:-1"},"canonical":"https:\/\/www.odemocratagb.com\/?p=25865","og_locale":"pt_BR","og_type":"article","og_title":"Secret\u00e1rio-geral da UNTG: \u201cPA\u00cdS PRECISA DE GOVERNANTES COM VIS\u00c3O DE DESENVOLVIMENTO, N\u00c3O OS QUE AGEM CONTRA AS LEIS\" - O Democrata GB","og_description":"O secret\u00e1rio-geral da Uni\u00e3o Nacional dos Trabalhadores da Guin\u00e9 (UNTG), J\u00falio Mendon\u00e7a, afirmou esta segunda-feira, 03 de agosto de 2020,...","og_url":"https:\/\/www.odemocratagb.com\/?p=25865","og_site_name":"O Democrata GB","article_publisher":"https:\/\/www.facebook.com\/jornaldaguinebissau","article_published_time":"2020-08-04T09:23:44+00:00","article_modified_time":"2020-08-04T09:23:57+00:00","og_image":[{"width":720,"height":721,"url":"https:\/\/www.odemocratagb.com\/wp-content\/uploads\/2019\/01\/J\u00falio-Ant\u00f3nio-Mendon\u00e7a-Secret\u00e1rio-Geral-da-UNTG.jpg","type":"image\/jpeg"}],"author":"Jornal Odemocrata","twitter_card":"summary_large_image","twitter_misc":{"Escrito por":"Jornal Odemocrata","Est. tempo de leitura":"3 minutos"},"schema":{"@context":"https:\/\/schema.org","@graph":[{"@type":"Article","@id":"https:\/\/www.odemocratagb.com\/?p=25865#article","isPartOf":{"@id":"https:\/\/www.odemocratagb.com\/?p=25865"},"author":{"name":"Jornal Odemocrata","@id":"https:\/\/www.odemocratagb.com\/#\/schema\/person\/c5e683adeaf9b557e57cf1a8a591b0c0"},"headline":"Secret\u00e1rio-geral da UNTG: \u201cPA\u00cdS PRECISA DE GOVERNANTES COM VIS\u00c3O DE DESENVOLVIMENTO, N\u00c3O OS QUE AGEM CONTRA AS LEIS&#8221;","datePublished":"2020-08-04T09:23:44+00:00","dateModified":"2020-08-04T09:23:57+00:00","mainEntityOfPage":{"@id":"https:\/\/www.odemocratagb.com\/?p=25865"},"wordCount":646,"commentCount":0,"publisher":{"@id":"https:\/\/www.odemocratagb.com\/#organization"},"image":{"@id":"https:\/\/www.odemocratagb.com\/?p=25865#primaryimage"},"thumbnailUrl":"https:\/\/www.odemocratagb.com\/wp-content\/uploads\/2019\/01\/J\u00falio-Ant\u00f3nio-Mendon\u00e7a-Secret\u00e1rio-Geral-da-UNTG.jpg","articleSection":["Atualidade","Sociedade"],"inLanguage":"pt-BR","potentialAction":[{"@type":"CommentAction","name":"Comment","target":["https:\/\/www.odemocratagb.com\/?p=25865#respond"]}]},{"@type":"WebPage","@id":"https:\/\/www.odemocratagb.com\/?p=25865","url":"https:\/\/www.odemocratagb.com\/?p=25865","name":"Secret\u00e1rio-geral da UNTG: \u201cPA\u00cdS PRECISA DE GOVERNANTES COM VIS\u00c3O DE DESENVOLVIMENTO, N\u00c3O OS QUE AGEM CONTRA AS LEIS\" - O Democrata GB","isPartOf":{"@id":"https:\/\/www.odemocratagb.com\/#website"},"primaryImageOfPage":{"@id":"https:\/\/www.odemocratagb.com\/?p=25865#primaryimage"},"image":{"@id":"https:\/\/www.odemocratagb.com\/?p=25865#primaryimage"},"thumbnailUrl":"https:\/\/www.odemocratagb.com\/wp-content\/uploads\/2019\/01\/J\u00falio-Ant\u00f3nio-Mendon\u00e7a-Secret\u00e1rio-Geral-da-UNTG.jpg","datePublished":"2020-08-04T09:23:44+00:00","dateModified":"2020-08-04T09:23:57+00:00","breadcrumb":{"@id":"https:\/\/www.odemocratagb.com\/?p=25865#breadcrumb"},"inLanguage":"pt-BR","potentialAction":[{"@type":"ReadAction","target":["https:\/\/www.odemocratagb.com\/?p=25865"]}]},{"@type":"ImageObject","inLanguage":"pt-BR","@id":"https:\/\/www.odemocratagb.com\/?p=25865#primaryimage","url":"https:\/\/www.odemocratagb.com\/wp-content\/uploads\/2019\/01\/J\u00falio-Ant\u00f3nio-Mendon\u00e7a-Secret\u00e1rio-Geral-da-UNTG.jpg","contentUrl":"https:\/\/www.odemocratagb.com\/wp-content\/uploads\/2019\/01\/J\u00falio-Ant\u00f3nio-Mendon\u00e7a-Secret\u00e1rio-Geral-da-UNTG.jpg","width":720,"height":721},{"@type":"BreadcrumbList","@id":"https:\/\/www.odemocratagb.com\/?p=25865#breadcrumb","itemListElement":[{"@type":"ListItem","position":1,"name":"In\u00edcio","item":"https:\/\/www.odemocratagb.com\/"},{"@type":"ListItem","position":2,"name":"Secret\u00e1rio-geral da UNTG: \u201cPA\u00cdS PRECISA DE GOVERNANTES COM VIS\u00c3O DE DESENVOLVIMENTO, N\u00c3O OS QUE AGEM CONTRA AS LEIS&#8221;"}]},{"@type":"WebSite","@id":"https:\/\/www.odemocratagb.com\/#website","url":"https:\/\/www.odemocratagb.com\/","name":"O Democrata GB","description":"Jornal O Democrata GB","publisher":{"@id":"https:\/\/www.odemocratagb.com\/#organization"},"potentialAction":[{"@type":"SearchAction","target":{"@type":"EntryPoint","urlTemplate":"https:\/\/www.odemocratagb.com\/?s={search_term_string}"},"query-input":{"@type":"PropertyValueSpecification","valueRequired":true,"valueName":"search_term_string"}}],"inLanguage":"pt-BR"},{"@type":"Organization","@id":"https:\/\/www.odemocratagb.com\/#organization","name":"O Democrata GB","url":"https:\/\/www.odemocratagb.com\/","logo":{"@type":"ImageObject","inLanguage":"pt-BR","@id":"https:\/\/www.odemocratagb.com\/#\/schema\/logo\/image\/","url":"https:\/\/www.odemocratagb.com\/wp-content\/uploads\/2026\/04\/logo-odemocratagb.png","contentUrl":"https:\/\/www.odemocratagb.com\/wp-content\/uploads\/2026\/04\/logo-odemocratagb.png","width":1250,"height":327,"caption":"O Democrata GB"},"image":{"@id":"https:\/\/www.odemocratagb.com\/#\/schema\/logo\/image\/"},"sameAs":["https:\/\/www.facebook.com\/jornaldaguinebissau","https:\/\/www.instagram.com\/odemocratagb"]},{"@type":"Person","@id":"https:\/\/www.odemocratagb.com\/#\/schema\/person\/c5e683adeaf9b557e57cf1a8a591b0c0","name":"Jornal Odemocrata","image":{"@type":"ImageObject","inLanguage":"pt-BR","@id":"https:\/\/secure.gravatar.com\/avatar\/09cb6b76eee5612f7cfca9e0089e2f17141d417bd034905eee842945c87fd87f?s=96&d=mm&r=g","url":"https:\/\/secure.gravatar.com\/avatar\/09cb6b76eee5612f7cfca9e0089e2f17141d417bd034905eee842945c87fd87f?s=96&d=mm&r=g","contentUrl":"https:\/\/secure.gravatar.com\/avatar\/09cb6b76eee5612f7cfca9e0089e2f17141d417bd034905eee842945c87fd87f?s=96&d=mm&r=g","caption":"Jornal Odemocrata"},"sameAs":["http:\/\/odemocratagb.com"],"url":"https:\/\/www.odemocratagb.com\/?author=4"}]}},"_links":{"self":[{"href":"https:\/\/www.odemocratagb.com\/index.php?rest_route=\/wp\/v2\/posts\/25865","targetHints":{"allow":["GET"]}}],"collection":[{"href":"https:\/\/www.odemocratagb.com\/index.php?rest_route=\/wp\/v2\/posts"}],"about":[{"href":"https:\/\/www.odemocratagb.com\/index.php?rest_route=\/wp\/v2\/types\/post"}],"author":[{"embeddable":true,"href":"https:\/\/www.odemocratagb.com\/index.php?rest_route=\/wp\/v2\/users\/4"}],"replies":[{"embeddable":true,"href":"https:\/\/www.odemocratagb.com\/index.php?rest_route=%2Fwp%2Fv2%2Fcomments&post=25865"}],"version-history":[{"count":1,"href":"https:\/\/www.odemocratagb.com\/index.php?rest_route=\/wp\/v2\/posts\/25865\/revisions"}],"predecessor-version":[{"id":25866,"href":"https:\/\/www.odemocratagb.com\/index.php?rest_route=\/wp\/v2\/posts\/25865\/revisions\/25866"}],"wp:featuredmedia":[{"embeddable":true,"href":"https:\/\/www.odemocratagb.com\/index.php?rest_route=\/wp\/v2\/media\/19309"}],"wp:attachment":[{"href":"https:\/\/www.odemocratagb.com\/index.php?rest_route=%2Fwp%2Fv2%2Fmedia&parent=25865"}],"wp:term":[{"taxonomy":"category","embeddable":true,"href":"https:\/\/www.odemocratagb.com\/index.php?rest_route=%2Fwp%2Fv2%2Fcategories&post=25865"},{"taxonomy":"post_tag","embeddable":true,"href":"https:\/\/www.odemocratagb.com\/index.php?rest_route=%2Fwp%2Fv2%2Ftags&post=25865"}],"curies":[{"name":"wp","href":"https:\/\/api.w.org\/{rel}","templated":true}]}}