{"id":25867,"date":"2020-08-04T09:30:47","date_gmt":"2020-08-04T09:30:47","guid":{"rendered":"https:\/\/www.odemocratagb.com\/?p=25867"},"modified":"2020-08-04T10:35:08","modified_gmt":"2020-08-04T10:35:08","slug":"covid-19-guine-bissau-ultrapassa-a-barreira-dos-dois-mil-casos-de-infecao-por-coronavirus","status":"publish","type":"post","link":"https:\/\/www.odemocratagb.com\/?p=25867","title":{"rendered":"Covid-19: GUIN\u00c9-BISSAU ULTRAPASSA A BARREIRA DOS DOIS MIL CASOS DE INFE\u00c7\u00c3O POR CORONAV\u00cdRUS"},"content":{"rendered":"\n<p class=\"wp-block-paragraph\">A Alta Comiss\u00e1ria para o combate \u00e0 pandemia do novo coronav\u00edrus (Covid-19), Magda Robalo disse esta segunda-feira, 03 de agosto de 2020, que a Guin\u00e9-Bissau regista neste momento 2032 (dois mil e trinta e dois) casos de infe\u00e7\u00e3o pela Covid-19, acumlados desde o an\u00fancio dos primeiros casos no pa\u00eds. Acrescentou que dos 2032 casos de infe\u00e7\u00e3o, registaram-se 944 recuperados e 27 \u00f3bitos.<\/p>\n\n\n\n<p class=\"wp-block-paragraph\">A respons\u00e1vel do Alto Comissariado fez este an\u00fancio durante a apresenta\u00e7\u00e3o dos dados epidemiol\u00f3gicos sobre a pandemia. O n\u00famero de casos de infe\u00e7\u00e3o subiu de 1981 para 2032, e o n\u00famero de recuperados evoluiu de 893 para 944. Registou-se tamb\u00e9m o aumento do n\u00famero de \u00f3bitos, que subiu para 27 casos.&nbsp;<\/p>\n\n\n\n<p class=\"wp-block-paragraph\">Os dados apresentados indicam que a capital Bissau continua a registar maior n\u00famero de casos de infe\u00e7\u00e3o, 1824, dos quais, 829 recuperados e 20 \u00f3bitos.<\/p>\n\n\n\n<p class=\"wp-block-paragraph\">&nbsp;A segunda regi\u00e3o com o maior n\u00famero de casos \u00e9 Biombo, no norte do pa\u00eds e muito pr\u00f3xima da capital Bissau. Biombo conta com 120 casos de infe\u00e7\u00e3o, dos quais, 70 recuperados e 6 \u00f3bitos. Cacheu \u00e9 a terceira regi\u00e3o mais afetada e conta com 37 casos, deste n\u00famero, 21 recuperados e n\u00e3o tem nenhum \u00f3bito. Seguida de Bafat\u00e1 com 27 casos, 12 recuperados e um \u00f3bito.<\/p>\n\n\n\n<p class=\"wp-block-paragraph\">A regi\u00e3o de Oio regista 17 casos, dos quais 9 recuperados e 2 perdidos (casos da infe\u00e7\u00e3o que fugiram do controlo das autoridades sanit\u00e1rias), Gab\u00fa tem &nbsp;e 2 recuperados. Tombali conta com 3 casos da Covid-19 e 1 perdido. A regi\u00e3o sanit\u00e1ria de Farim tinha apenas 1 caso, entretanto j\u00e1&nbsp;&nbsp;recuperado.<\/p>\n\n\n\n<p class=\"wp-block-paragraph\">A Alta Comiss\u00e1ria explicou que est\u00e1 a ser montada uma nova estrat\u00e9gia de comunica\u00e7\u00e3o e sensibiliza\u00e7\u00e3o para a preven\u00e7\u00e3o contra o cont\u00e1gio e propaga\u00e7\u00e3o da Covid-19 junto das comunidades como forma de fazer que a popula\u00e7\u00e3o tenha no\u00e7\u00e3o do v\u00edrus e suas consequ\u00eancias para melhor prevenir-se.<\/p>\n\n\n\n<p class=\"wp-block-paragraph\">De recordar que foram confirmados primeiros casos da Covid-19 na Guin\u00e9-Bissau no dia\u00a025 de mar\u00e7o\u00a0deste ano, considerados importados.<\/p>\n\n\n\n<p class=\"wp-block-paragraph\"><br><\/p>\n\n\n\n<p class=\"wp-block-paragraph\">Por: Epif\u00e2nia Mendon\u00e7a\u00a0 \u00a0\u00a0<\/p>\n","protected":false},"excerpt":{"rendered":"<p>A Alta Comiss\u00e1ria para o combate \u00e0 pandemia do novo coronav\u00edrus (Covid-19), Magda Robalo disse esta segunda-feira, 03 de agosto&#8230;<\/p>\n","protected":false},"author":4,"featured_media":25868,"comment_status":"open","ping_status":"open","sticky":false,"template":"","format":"standard","meta":{"footnotes":""},"categories":[6,16],"tags":[],"class_list":["post-25867","post","type-post","status-publish","format-standard","has-post-thumbnail","hentry","category-inicio","category-sociedade","wpcat-6-id","wpcat-16-id"],"yoast_head":"<!-- This site is optimized with the Yoast SEO plugin v27.5 - https:\/\/yoast.com\/product\/yoast-seo-wordpress\/ -->\n<title>Covid-19: GUIN\u00c9-BISSAU ULTRAPASSA A BARREIRA DOS DOIS MIL CASOS DE INFE\u00c7\u00c3O POR CORONAV\u00cdRUS - O Democrata GB<\/title>\n<meta name=\"robots\" content=\"index, follow, max-snippet:-1, max-image-preview:large, max-video-preview:-1\" \/>\n<link rel=\"canonical\" href=\"https:\/\/www.odemocratagb.com\/?p=25867\" \/>\n<meta property=\"og:locale\" content=\"pt_BR\" \/>\n<meta property=\"og:type\" content=\"article\" \/>\n<meta property=\"og:title\" content=\"Covid-19: GUIN\u00c9-BISSAU ULTRAPASSA A BARREIRA DOS DOIS MIL CASOS DE INFE\u00c7\u00c3O POR CORONAV\u00cdRUS - O Democrata GB\" \/>\n<meta property=\"og:description\" content=\"A Alta Comiss\u00e1ria para o combate \u00e0 pandemia do novo coronav\u00edrus (Covid-19), Magda Robalo disse esta segunda-feira, 03 de agosto...\" \/>\n<meta property=\"og:url\" content=\"https:\/\/www.odemocratagb.com\/?p=25867\" \/>\n<meta property=\"og:site_name\" content=\"O Democrata GB\" \/>\n<meta property=\"article:publisher\" content=\"https:\/\/www.facebook.com\/jornaldaguinebissau\" \/>\n<meta property=\"article:published_time\" content=\"2020-08-04T09:30:47+00:00\" \/>\n<meta property=\"article:modified_time\" content=\"2020-08-04T10:35:08+00:00\" \/>\n<meta property=\"og:image\" content=\"https:\/\/www.odemocratagb.com\/wp-content\/uploads\/2020\/08\/0D1511E1-6671-4C3B-A6DB-BA5940E4F0E4.jpeg\" \/>\n\t<meta property=\"og:image:width\" content=\"1080\" \/>\n\t<meta property=\"og:image:height\" content=\"720\" \/>\n\t<meta property=\"og:image:type\" content=\"image\/jpeg\" \/>\n<meta name=\"author\" content=\"Jornal Odemocrata\" \/>\n<meta name=\"twitter:card\" content=\"summary_large_image\" \/>\n<meta name=\"twitter:label1\" content=\"Escrito por\" \/>\n\t<meta name=\"twitter:data1\" content=\"Jornal Odemocrata\" \/>\n\t<meta name=\"twitter:label2\" content=\"Est. tempo de leitura\" \/>\n\t<meta name=\"twitter:data2\" content=\"2 minutos\" \/>\n<script type=\"application\/ld+json\" class=\"yoast-schema-graph\">{\"@context\":\"https:\\\/\\\/schema.org\",\"@graph\":[{\"@type\":\"Article\",\"@id\":\"https:\\\/\\\/www.odemocratagb.com\\\/?p=25867#article\",\"isPartOf\":{\"@id\":\"https:\\\/\\\/www.odemocratagb.com\\\/?p=25867\"},\"author\":{\"name\":\"Jornal Odemocrata\",\"@id\":\"https:\\\/\\\/www.odemocratagb.com\\\/#\\\/schema\\\/person\\\/c5e683adeaf9b557e57cf1a8a591b0c0\"},\"headline\":\"Covid-19: GUIN\u00c9-BISSAU ULTRAPASSA A BARREIRA DOS DOIS MIL CASOS DE INFE\u00c7\u00c3O POR CORONAV\u00cdRUS\",\"datePublished\":\"2020-08-04T09:30:47+00:00\",\"dateModified\":\"2020-08-04T10:35:08+00:00\",\"mainEntityOfPage\":{\"@id\":\"https:\\\/\\\/www.odemocratagb.com\\\/?p=25867\"},\"wordCount\":360,\"commentCount\":0,\"publisher\":{\"@id\":\"https:\\\/\\\/www.odemocratagb.com\\\/#organization\"},\"image\":{\"@id\":\"https:\\\/\\\/www.odemocratagb.com\\\/?p=25867#primaryimage\"},\"thumbnailUrl\":\"https:\\\/\\\/www.odemocratagb.com\\\/wp-content\\\/uploads\\\/2020\\\/08\\\/0D1511E1-6671-4C3B-A6DB-BA5940E4F0E4.jpeg\",\"articleSection\":[\"Atualidade\",\"Sociedade\"],\"inLanguage\":\"pt-BR\",\"potentialAction\":[{\"@type\":\"CommentAction\",\"name\":\"Comment\",\"target\":[\"https:\\\/\\\/www.odemocratagb.com\\\/?p=25867#respond\"]}]},{\"@type\":\"WebPage\",\"@id\":\"https:\\\/\\\/www.odemocratagb.com\\\/?p=25867\",\"url\":\"https:\\\/\\\/www.odemocratagb.com\\\/?p=25867\",\"name\":\"Covid-19: GUIN\u00c9-BISSAU ULTRAPASSA A BARREIRA DOS DOIS MIL CASOS DE INFE\u00c7\u00c3O POR CORONAV\u00cdRUS - O Democrata GB\",\"isPartOf\":{\"@id\":\"https:\\\/\\\/www.odemocratagb.com\\\/#website\"},\"primaryImageOfPage\":{\"@id\":\"https:\\\/\\\/www.odemocratagb.com\\\/?p=25867#primaryimage\"},\"image\":{\"@id\":\"https:\\\/\\\/www.odemocratagb.com\\\/?p=25867#primaryimage\"},\"thumbnailUrl\":\"https:\\\/\\\/www.odemocratagb.com\\\/wp-content\\\/uploads\\\/2020\\\/08\\\/0D1511E1-6671-4C3B-A6DB-BA5940E4F0E4.jpeg\",\"datePublished\":\"2020-08-04T09:30:47+00:00\",\"dateModified\":\"2020-08-04T10:35:08+00:00\",\"breadcrumb\":{\"@id\":\"https:\\\/\\\/www.odemocratagb.com\\\/?p=25867#breadcrumb\"},\"inLanguage\":\"pt-BR\",\"potentialAction\":[{\"@type\":\"ReadAction\",\"target\":[\"https:\\\/\\\/www.odemocratagb.com\\\/?p=25867\"]}]},{\"@type\":\"ImageObject\",\"inLanguage\":\"pt-BR\",\"@id\":\"https:\\\/\\\/www.odemocratagb.com\\\/?p=25867#primaryimage\",\"url\":\"https:\\\/\\\/www.odemocratagb.com\\\/wp-content\\\/uploads\\\/2020\\\/08\\\/0D1511E1-6671-4C3B-A6DB-BA5940E4F0E4.jpeg\",\"contentUrl\":\"https:\\\/\\\/www.odemocratagb.com\\\/wp-content\\\/uploads\\\/2020\\\/08\\\/0D1511E1-6671-4C3B-A6DB-BA5940E4F0E4.jpeg\",\"width\":1080,\"height\":720},{\"@type\":\"BreadcrumbList\",\"@id\":\"https:\\\/\\\/www.odemocratagb.com\\\/?p=25867#breadcrumb\",\"itemListElement\":[{\"@type\":\"ListItem\",\"position\":1,\"name\":\"In\u00edcio\",\"item\":\"https:\\\/\\\/www.odemocratagb.com\\\/\"},{\"@type\":\"ListItem\",\"position\":2,\"name\":\"Covid-19: GUIN\u00c9-BISSAU ULTRAPASSA A BARREIRA DOS DOIS MIL CASOS DE INFE\u00c7\u00c3O POR CORONAV\u00cdRUS\"}]},{\"@type\":\"WebSite\",\"@id\":\"https:\\\/\\\/www.odemocratagb.com\\\/#website\",\"url\":\"https:\\\/\\\/www.odemocratagb.com\\\/\",\"name\":\"O Democrata GB\",\"description\":\"Jornal O Democrata GB\",\"publisher\":{\"@id\":\"https:\\\/\\\/www.odemocratagb.com\\\/#organization\"},\"potentialAction\":[{\"@type\":\"SearchAction\",\"target\":{\"@type\":\"EntryPoint\",\"urlTemplate\":\"https:\\\/\\\/www.odemocratagb.com\\\/?s={search_term_string}\"},\"query-input\":{\"@type\":\"PropertyValueSpecification\",\"valueRequired\":true,\"valueName\":\"search_term_string\"}}],\"inLanguage\":\"pt-BR\"},{\"@type\":\"Organization\",\"@id\":\"https:\\\/\\\/www.odemocratagb.com\\\/#organization\",\"name\":\"O Democrata GB\",\"url\":\"https:\\\/\\\/www.odemocratagb.com\\\/\",\"logo\":{\"@type\":\"ImageObject\",\"inLanguage\":\"pt-BR\",\"@id\":\"https:\\\/\\\/www.odemocratagb.com\\\/#\\\/schema\\\/logo\\\/image\\\/\",\"url\":\"https:\\\/\\\/www.odemocratagb.com\\\/wp-content\\\/uploads\\\/2026\\\/04\\\/logo-odemocratagb.png\",\"contentUrl\":\"https:\\\/\\\/www.odemocratagb.com\\\/wp-content\\\/uploads\\\/2026\\\/04\\\/logo-odemocratagb.png\",\"width\":1250,\"height\":327,\"caption\":\"O Democrata GB\"},\"image\":{\"@id\":\"https:\\\/\\\/www.odemocratagb.com\\\/#\\\/schema\\\/logo\\\/image\\\/\"},\"sameAs\":[\"https:\\\/\\\/www.facebook.com\\\/jornaldaguinebissau\",\"https:\\\/\\\/www.instagram.com\\\/odemocratagb\"]},{\"@type\":\"Person\",\"@id\":\"https:\\\/\\\/www.odemocratagb.com\\\/#\\\/schema\\\/person\\\/c5e683adeaf9b557e57cf1a8a591b0c0\",\"name\":\"Jornal Odemocrata\",\"image\":{\"@type\":\"ImageObject\",\"inLanguage\":\"pt-BR\",\"@id\":\"https:\\\/\\\/secure.gravatar.com\\\/avatar\\\/09cb6b76eee5612f7cfca9e0089e2f17141d417bd034905eee842945c87fd87f?s=96&d=mm&r=g\",\"url\":\"https:\\\/\\\/secure.gravatar.com\\\/avatar\\\/09cb6b76eee5612f7cfca9e0089e2f17141d417bd034905eee842945c87fd87f?s=96&d=mm&r=g\",\"contentUrl\":\"https:\\\/\\\/secure.gravatar.com\\\/avatar\\\/09cb6b76eee5612f7cfca9e0089e2f17141d417bd034905eee842945c87fd87f?s=96&d=mm&r=g\",\"caption\":\"Jornal Odemocrata\"},\"sameAs\":[\"http:\\\/\\\/odemocratagb.com\"],\"url\":\"https:\\\/\\\/www.odemocratagb.com\\\/?author=4\"}]}<\/script>\n<!-- \/ Yoast SEO plugin. -->","yoast_head_json":{"title":"Covid-19: GUIN\u00c9-BISSAU ULTRAPASSA A BARREIRA DOS DOIS MIL CASOS DE INFE\u00c7\u00c3O POR CORONAV\u00cdRUS - O Democrata GB","robots":{"index":"index","follow":"follow","max-snippet":"max-snippet:-1","max-image-preview":"max-image-preview:large","max-video-preview":"max-video-preview:-1"},"canonical":"https:\/\/www.odemocratagb.com\/?p=25867","og_locale":"pt_BR","og_type":"article","og_title":"Covid-19: GUIN\u00c9-BISSAU ULTRAPASSA A BARREIRA DOS DOIS MIL CASOS DE INFE\u00c7\u00c3O POR CORONAV\u00cdRUS - O Democrata GB","og_description":"A Alta Comiss\u00e1ria para o combate \u00e0 pandemia do novo coronav\u00edrus (Covid-19), Magda Robalo disse esta segunda-feira, 03 de agosto...","og_url":"https:\/\/www.odemocratagb.com\/?p=25867","og_site_name":"O Democrata GB","article_publisher":"https:\/\/www.facebook.com\/jornaldaguinebissau","article_published_time":"2020-08-04T09:30:47+00:00","article_modified_time":"2020-08-04T10:35:08+00:00","og_image":[{"width":1080,"height":720,"url":"https:\/\/www.odemocratagb.com\/wp-content\/uploads\/2020\/08\/0D1511E1-6671-4C3B-A6DB-BA5940E4F0E4.jpeg","type":"image\/jpeg"}],"author":"Jornal Odemocrata","twitter_card":"summary_large_image","twitter_misc":{"Escrito por":"Jornal Odemocrata","Est. tempo de leitura":"2 minutos"},"schema":{"@context":"https:\/\/schema.org","@graph":[{"@type":"Article","@id":"https:\/\/www.odemocratagb.com\/?p=25867#article","isPartOf":{"@id":"https:\/\/www.odemocratagb.com\/?p=25867"},"author":{"name":"Jornal Odemocrata","@id":"https:\/\/www.odemocratagb.com\/#\/schema\/person\/c5e683adeaf9b557e57cf1a8a591b0c0"},"headline":"Covid-19: GUIN\u00c9-BISSAU ULTRAPASSA A BARREIRA DOS DOIS MIL CASOS DE INFE\u00c7\u00c3O POR CORONAV\u00cdRUS","datePublished":"2020-08-04T09:30:47+00:00","dateModified":"2020-08-04T10:35:08+00:00","mainEntityOfPage":{"@id":"https:\/\/www.odemocratagb.com\/?p=25867"},"wordCount":360,"commentCount":0,"publisher":{"@id":"https:\/\/www.odemocratagb.com\/#organization"},"image":{"@id":"https:\/\/www.odemocratagb.com\/?p=25867#primaryimage"},"thumbnailUrl":"https:\/\/www.odemocratagb.com\/wp-content\/uploads\/2020\/08\/0D1511E1-6671-4C3B-A6DB-BA5940E4F0E4.jpeg","articleSection":["Atualidade","Sociedade"],"inLanguage":"pt-BR","potentialAction":[{"@type":"CommentAction","name":"Comment","target":["https:\/\/www.odemocratagb.com\/?p=25867#respond"]}]},{"@type":"WebPage","@id":"https:\/\/www.odemocratagb.com\/?p=25867","url":"https:\/\/www.odemocratagb.com\/?p=25867","name":"Covid-19: GUIN\u00c9-BISSAU ULTRAPASSA A BARREIRA DOS DOIS MIL CASOS DE INFE\u00c7\u00c3O POR CORONAV\u00cdRUS - O Democrata GB","isPartOf":{"@id":"https:\/\/www.odemocratagb.com\/#website"},"primaryImageOfPage":{"@id":"https:\/\/www.odemocratagb.com\/?p=25867#primaryimage"},"image":{"@id":"https:\/\/www.odemocratagb.com\/?p=25867#primaryimage"},"thumbnailUrl":"https:\/\/www.odemocratagb.com\/wp-content\/uploads\/2020\/08\/0D1511E1-6671-4C3B-A6DB-BA5940E4F0E4.jpeg","datePublished":"2020-08-04T09:30:47+00:00","dateModified":"2020-08-04T10:35:08+00:00","breadcrumb":{"@id":"https:\/\/www.odemocratagb.com\/?p=25867#breadcrumb"},"inLanguage":"pt-BR","potentialAction":[{"@type":"ReadAction","target":["https:\/\/www.odemocratagb.com\/?p=25867"]}]},{"@type":"ImageObject","inLanguage":"pt-BR","@id":"https:\/\/www.odemocratagb.com\/?p=25867#primaryimage","url":"https:\/\/www.odemocratagb.com\/wp-content\/uploads\/2020\/08\/0D1511E1-6671-4C3B-A6DB-BA5940E4F0E4.jpeg","contentUrl":"https:\/\/www.odemocratagb.com\/wp-content\/uploads\/2020\/08\/0D1511E1-6671-4C3B-A6DB-BA5940E4F0E4.jpeg","width":1080,"height":720},{"@type":"BreadcrumbList","@id":"https:\/\/www.odemocratagb.com\/?p=25867#breadcrumb","itemListElement":[{"@type":"ListItem","position":1,"name":"In\u00edcio","item":"https:\/\/www.odemocratagb.com\/"},{"@type":"ListItem","position":2,"name":"Covid-19: GUIN\u00c9-BISSAU ULTRAPASSA A BARREIRA DOS DOIS MIL CASOS DE INFE\u00c7\u00c3O POR CORONAV\u00cdRUS"}]},{"@type":"WebSite","@id":"https:\/\/www.odemocratagb.com\/#website","url":"https:\/\/www.odemocratagb.com\/","name":"O Democrata GB","description":"Jornal O Democrata GB","publisher":{"@id":"https:\/\/www.odemocratagb.com\/#organization"},"potentialAction":[{"@type":"SearchAction","target":{"@type":"EntryPoint","urlTemplate":"https:\/\/www.odemocratagb.com\/?s={search_term_string}"},"query-input":{"@type":"PropertyValueSpecification","valueRequired":true,"valueName":"search_term_string"}}],"inLanguage":"pt-BR"},{"@type":"Organization","@id":"https:\/\/www.odemocratagb.com\/#organization","name":"O Democrata GB","url":"https:\/\/www.odemocratagb.com\/","logo":{"@type":"ImageObject","inLanguage":"pt-BR","@id":"https:\/\/www.odemocratagb.com\/#\/schema\/logo\/image\/","url":"https:\/\/www.odemocratagb.com\/wp-content\/uploads\/2026\/04\/logo-odemocratagb.png","contentUrl":"https:\/\/www.odemocratagb.com\/wp-content\/uploads\/2026\/04\/logo-odemocratagb.png","width":1250,"height":327,"caption":"O Democrata GB"},"image":{"@id":"https:\/\/www.odemocratagb.com\/#\/schema\/logo\/image\/"},"sameAs":["https:\/\/www.facebook.com\/jornaldaguinebissau","https:\/\/www.instagram.com\/odemocratagb"]},{"@type":"Person","@id":"https:\/\/www.odemocratagb.com\/#\/schema\/person\/c5e683adeaf9b557e57cf1a8a591b0c0","name":"Jornal Odemocrata","image":{"@type":"ImageObject","inLanguage":"pt-BR","@id":"https:\/\/secure.gravatar.com\/avatar\/09cb6b76eee5612f7cfca9e0089e2f17141d417bd034905eee842945c87fd87f?s=96&d=mm&r=g","url":"https:\/\/secure.gravatar.com\/avatar\/09cb6b76eee5612f7cfca9e0089e2f17141d417bd034905eee842945c87fd87f?s=96&d=mm&r=g","contentUrl":"https:\/\/secure.gravatar.com\/avatar\/09cb6b76eee5612f7cfca9e0089e2f17141d417bd034905eee842945c87fd87f?s=96&d=mm&r=g","caption":"Jornal Odemocrata"},"sameAs":["http:\/\/odemocratagb.com"],"url":"https:\/\/www.odemocratagb.com\/?author=4"}]}},"_links":{"self":[{"href":"https:\/\/www.odemocratagb.com\/index.php?rest_route=\/wp\/v2\/posts\/25867","targetHints":{"allow":["GET"]}}],"collection":[{"href":"https:\/\/www.odemocratagb.com\/index.php?rest_route=\/wp\/v2\/posts"}],"about":[{"href":"https:\/\/www.odemocratagb.com\/index.php?rest_route=\/wp\/v2\/types\/post"}],"author":[{"embeddable":true,"href":"https:\/\/www.odemocratagb.com\/index.php?rest_route=\/wp\/v2\/users\/4"}],"replies":[{"embeddable":true,"href":"https:\/\/www.odemocratagb.com\/index.php?rest_route=%2Fwp%2Fv2%2Fcomments&post=25867"}],"version-history":[{"count":2,"href":"https:\/\/www.odemocratagb.com\/index.php?rest_route=\/wp\/v2\/posts\/25867\/revisions"}],"predecessor-version":[{"id":25870,"href":"https:\/\/www.odemocratagb.com\/index.php?rest_route=\/wp\/v2\/posts\/25867\/revisions\/25870"}],"wp:featuredmedia":[{"embeddable":true,"href":"https:\/\/www.odemocratagb.com\/index.php?rest_route=\/wp\/v2\/media\/25868"}],"wp:attachment":[{"href":"https:\/\/www.odemocratagb.com\/index.php?rest_route=%2Fwp%2Fv2%2Fmedia&parent=25867"}],"wp:term":[{"taxonomy":"category","embeddable":true,"href":"https:\/\/www.odemocratagb.com\/index.php?rest_route=%2Fwp%2Fv2%2Fcategories&post=25867"},{"taxonomy":"post_tag","embeddable":true,"href":"https:\/\/www.odemocratagb.com\/index.php?rest_route=%2Fwp%2Fv2%2Ftags&post=25867"}],"curies":[{"name":"wp","href":"https:\/\/api.w.org\/{rel}","templated":true}]}}