{"id":25879,"date":"2020-08-04T20:41:04","date_gmt":"2020-08-04T20:41:04","guid":{"rendered":"https:\/\/www.odemocratagb.com\/?p=25879"},"modified":"2020-08-04T20:41:06","modified_gmt":"2020-08-04T20:41:06","slug":"escritores-e-jornalistas-guineenses-lancam-pen-para-promover-a-literatura-e-a-liberdade-de-expressao","status":"publish","type":"post","link":"https:\/\/www.odemocratagb.com\/?p=25879","title":{"rendered":"ESCRITORES E JORNALISTAS GUINEENSES LAN\u00c7AM &#8220;PEN&#8221;, PARA PROMOVER A LITERATURA E A LIBERDADE DE EXPRESS\u00c3O"},"content":{"rendered":"\n<p class=\"wp-block-paragraph\">Um grupo de escritores e jornalistas guineenses lan\u00e7ou esta ter\u00e7a-feira, 4 de agosto de 2020, uma organiza\u00e7\u00e3o denominada &#8220;PEN&#8221;, com a finalidade de promover a literatura e defender a liberdade de express\u00e3o na Guin\u00e9-Bissau. &#8220;PEN \u2013 Poets, Essayits e Novelists, cigla em Ingl\u00eas&#8221;, uma organiza\u00e7\u00e3o internacional fundada em Londres, Inglaterra, em 1921, \u00e9 uma associa\u00e7\u00e3o internacional constitu\u00edda inicialmente s\u00f3 por escritores, mas que atualmente congrega, no seu seio, tamb\u00e9m jornalistas, editores, tradutores e bloguistas.<\/p>\n\n\n\n<p class=\"wp-block-paragraph\">A organiza\u00e7\u00e3o conta com diversos centros em mais de 100 pa\u00edses, constituindo uma rede mundial de solidariedade ativa na defesa dos direitos humanos, em particular, no que se refere \u00e0 liberdade de express\u00e3o e de imprensa bem como promove apoio a escritores, jornalistas e editores perseguidos, presos, torturados ou exilados.<\/p>\n\n\n\n<p class=\"wp-block-paragraph\">O processo da cria\u00e7\u00e3o do PEN (Poetas, Ensa\u00edstas e Romancistas) Guin\u00e9-Bissau teve in\u00edcio em 2013, tendo culminado cinco anos depois, em 2018, com a aprova\u00e7\u00e3o do dossi\u00ea de admiss\u00e3o, por voto un\u00e2nime dos delegados ao congresso anual do PEN internacional, em outubro.<\/p>\n\n\n\n<p class=\"wp-block-paragraph\">De acordo com um documento divulgado \u00e0 imprensa, que o jornal O Democrata teve acesso, um dos principais objetivos do PEN Guin\u00e9-Bissau, para al\u00e9m do que \u00e9 comum a todos os centros do PEN internacional, \u00e9 entre outros, o aumento da literacia, a facilita\u00e7\u00e3o do acesso ao livro, a eleva\u00e7\u00e3o do h\u00e1bito e o gosto pela leitura e advocacia pela inclus\u00e3o do ensino da literatura, em particular da Guin\u00e9-Bissau, no curr\u00edculo escolar, tanto do ensino p\u00fablico como a n\u00edvel dos estabelecimentos escolares privados.<\/p>\n\n\n\n<p class=\"wp-block-paragraph\">No seu discurso, o presidente do PEN Guin\u00e9-Bissau, Abdulai Sila, apelou aos jovens escritores, editores e jornalistas para se juntarem ao PEN, tendo assegurado que &#8220;juntos e unidos&#8221; ser\u00e3o capazes de criar uma organiza\u00e7\u00e3o que &#8220;dar\u00e1 prote\u00e7\u00e3o \u00e0 vida, em caso da necessidade&#8221;.<\/p>\n\n\n\n<p class=\"wp-block-paragraph\">O escritor frisou que, para que haja desenvolvimento da literatura \u00e9 preciso que haja a liberdade de express\u00e3o, tendo sublinhado que uma vez consolidada a liberdade de express\u00e3o &#8220;haver\u00e1 apoio para o desenvolvimento da literatura&#8221;.<\/p>\n\n\n\n<p class=\"wp-block-paragraph\">Explicou que o prop\u00f3sito do PEN &#8220;\u00e9 v\u00ea-lo cada dia mais forte e atuante para o interesse de todos os cidad\u00e3os&#8221;.&nbsp;<\/p>\n\n\n\n<p class=\"wp-block-paragraph\">Abdulai Sila anunciou, por isso, que a sua organiza\u00e7\u00e3o pretende criar, no futuro, clubes de leitura para a promo\u00e7\u00e3o da literatura geral, a capacidade de escrever bem, porque &#8220;queremos que a literatura guineense seja ensinada nas escolas do pa\u00eds&#8221;, precisou.<\/p>\n\n\n\n<p class=\"wp-block-paragraph\">Por sua vez, a escritora guineense Maria Odete Costa Semedo, membro fundador do PEN, disse na sua declara\u00e7\u00e3o aos jornalistas que uma das import\u00e2ncias que o PEN tem para a Guin\u00e9-Bissau \u00e9 divulgar a literatura e lutar contra qualquer voz e a\u00e7\u00e3o que se levante contra a liberdade de express\u00e3o no pa\u00eds. &nbsp;<\/p>\n\n\n\n<p class=\"wp-block-paragraph\"><br><\/p>\n\n\n\n<p class=\"wp-block-paragraph\">Por: Carolina Djem\u00e9<\/p>\n\n\n\n<p class=\"wp-block-paragraph\">Foto: C.D<\/p>\n","protected":false},"excerpt":{"rendered":"<p>Um grupo de escritores e jornalistas guineenses lan\u00e7ou esta ter\u00e7a-feira, 4 de agosto de 2020, uma organiza\u00e7\u00e3o denominada &#8220;PEN&#8221;, com&#8230;<\/p>\n","protected":false},"author":4,"featured_media":25880,"comment_status":"open","ping_status":"open","sticky":false,"template":"","format":"standard","meta":{"footnotes":""},"categories":[6,27],"tags":[],"class_list":["post-25879","post","type-post","status-publish","format-standard","has-post-thumbnail","hentry","category-inicio","category-cultura","wpcat-6-id","wpcat-27-id"],"yoast_head":"<!-- This site is optimized with the Yoast SEO plugin v27.5 - https:\/\/yoast.com\/product\/yoast-seo-wordpress\/ -->\n<title>ESCRITORES E JORNALISTAS GUINEENSES LAN\u00c7AM &quot;PEN&quot;, PARA PROMOVER A LITERATURA E A LIBERDADE DE EXPRESS\u00c3O - O Democrata GB<\/title>\n<meta name=\"robots\" content=\"index, follow, max-snippet:-1, max-image-preview:large, max-video-preview:-1\" \/>\n<link rel=\"canonical\" href=\"https:\/\/www.odemocratagb.com\/?p=25879\" \/>\n<meta property=\"og:locale\" content=\"pt_BR\" \/>\n<meta property=\"og:type\" content=\"article\" \/>\n<meta property=\"og:title\" content=\"ESCRITORES E JORNALISTAS GUINEENSES LAN\u00c7AM &quot;PEN&quot;, PARA PROMOVER A LITERATURA E A LIBERDADE DE EXPRESS\u00c3O - O Democrata GB\" \/>\n<meta property=\"og:description\" content=\"Um grupo de escritores e jornalistas guineenses lan\u00e7ou esta ter\u00e7a-feira, 4 de agosto de 2020, uma organiza\u00e7\u00e3o denominada &#8220;PEN&#8221;, com...\" \/>\n<meta property=\"og:url\" content=\"https:\/\/www.odemocratagb.com\/?p=25879\" \/>\n<meta property=\"og:site_name\" content=\"O Democrata GB\" \/>\n<meta property=\"article:publisher\" content=\"https:\/\/www.facebook.com\/jornaldaguinebissau\" \/>\n<meta property=\"article:published_time\" content=\"2020-08-04T20:41:04+00:00\" \/>\n<meta property=\"article:modified_time\" content=\"2020-08-04T20:41:06+00:00\" \/>\n<meta property=\"og:image\" content=\"https:\/\/www.odemocratagb.com\/wp-content\/uploads\/2020\/08\/3D0583BB-C1BB-486D-A0E9-3C7F43487AA0.jpeg\" \/>\n\t<meta property=\"og:image:width\" content=\"878\" \/>\n\t<meta property=\"og:image:height\" content=\"659\" \/>\n\t<meta property=\"og:image:type\" content=\"image\/jpeg\" \/>\n<meta name=\"author\" content=\"Jornal Odemocrata\" \/>\n<meta name=\"twitter:card\" content=\"summary_large_image\" \/>\n<meta name=\"twitter:label1\" content=\"Escrito por\" \/>\n\t<meta name=\"twitter:data1\" content=\"Jornal Odemocrata\" \/>\n\t<meta name=\"twitter:label2\" content=\"Est. tempo de leitura\" \/>\n\t<meta name=\"twitter:data2\" content=\"2 minutos\" \/>\n<script type=\"application\/ld+json\" class=\"yoast-schema-graph\">{\"@context\":\"https:\\\/\\\/schema.org\",\"@graph\":[{\"@type\":\"Article\",\"@id\":\"https:\\\/\\\/www.odemocratagb.com\\\/?p=25879#article\",\"isPartOf\":{\"@id\":\"https:\\\/\\\/www.odemocratagb.com\\\/?p=25879\"},\"author\":{\"name\":\"Jornal Odemocrata\",\"@id\":\"https:\\\/\\\/www.odemocratagb.com\\\/#\\\/schema\\\/person\\\/c5e683adeaf9b557e57cf1a8a591b0c0\"},\"headline\":\"ESCRITORES E JORNALISTAS GUINEENSES LAN\u00c7AM &#8220;PEN&#8221;, PARA PROMOVER A LITERATURA E A LIBERDADE DE EXPRESS\u00c3O\",\"datePublished\":\"2020-08-04T20:41:04+00:00\",\"dateModified\":\"2020-08-04T20:41:06+00:00\",\"mainEntityOfPage\":{\"@id\":\"https:\\\/\\\/www.odemocratagb.com\\\/?p=25879\"},\"wordCount\":497,\"commentCount\":0,\"publisher\":{\"@id\":\"https:\\\/\\\/www.odemocratagb.com\\\/#organization\"},\"image\":{\"@id\":\"https:\\\/\\\/www.odemocratagb.com\\\/?p=25879#primaryimage\"},\"thumbnailUrl\":\"https:\\\/\\\/www.odemocratagb.com\\\/wp-content\\\/uploads\\\/2020\\\/08\\\/3D0583BB-C1BB-486D-A0E9-3C7F43487AA0.jpeg\",\"articleSection\":[\"Atualidade\",\"Cultura\"],\"inLanguage\":\"pt-BR\",\"potentialAction\":[{\"@type\":\"CommentAction\",\"name\":\"Comment\",\"target\":[\"https:\\\/\\\/www.odemocratagb.com\\\/?p=25879#respond\"]}]},{\"@type\":\"WebPage\",\"@id\":\"https:\\\/\\\/www.odemocratagb.com\\\/?p=25879\",\"url\":\"https:\\\/\\\/www.odemocratagb.com\\\/?p=25879\",\"name\":\"ESCRITORES E JORNALISTAS GUINEENSES LAN\u00c7AM \\\"PEN\\\", PARA PROMOVER A LITERATURA E A LIBERDADE DE EXPRESS\u00c3O - O Democrata GB\",\"isPartOf\":{\"@id\":\"https:\\\/\\\/www.odemocratagb.com\\\/#website\"},\"primaryImageOfPage\":{\"@id\":\"https:\\\/\\\/www.odemocratagb.com\\\/?p=25879#primaryimage\"},\"image\":{\"@id\":\"https:\\\/\\\/www.odemocratagb.com\\\/?p=25879#primaryimage\"},\"thumbnailUrl\":\"https:\\\/\\\/www.odemocratagb.com\\\/wp-content\\\/uploads\\\/2020\\\/08\\\/3D0583BB-C1BB-486D-A0E9-3C7F43487AA0.jpeg\",\"datePublished\":\"2020-08-04T20:41:04+00:00\",\"dateModified\":\"2020-08-04T20:41:06+00:00\",\"breadcrumb\":{\"@id\":\"https:\\\/\\\/www.odemocratagb.com\\\/?p=25879#breadcrumb\"},\"inLanguage\":\"pt-BR\",\"potentialAction\":[{\"@type\":\"ReadAction\",\"target\":[\"https:\\\/\\\/www.odemocratagb.com\\\/?p=25879\"]}]},{\"@type\":\"ImageObject\",\"inLanguage\":\"pt-BR\",\"@id\":\"https:\\\/\\\/www.odemocratagb.com\\\/?p=25879#primaryimage\",\"url\":\"https:\\\/\\\/www.odemocratagb.com\\\/wp-content\\\/uploads\\\/2020\\\/08\\\/3D0583BB-C1BB-486D-A0E9-3C7F43487AA0.jpeg\",\"contentUrl\":\"https:\\\/\\\/www.odemocratagb.com\\\/wp-content\\\/uploads\\\/2020\\\/08\\\/3D0583BB-C1BB-486D-A0E9-3C7F43487AA0.jpeg\",\"width\":878,\"height\":659},{\"@type\":\"BreadcrumbList\",\"@id\":\"https:\\\/\\\/www.odemocratagb.com\\\/?p=25879#breadcrumb\",\"itemListElement\":[{\"@type\":\"ListItem\",\"position\":1,\"name\":\"In\u00edcio\",\"item\":\"https:\\\/\\\/www.odemocratagb.com\\\/\"},{\"@type\":\"ListItem\",\"position\":2,\"name\":\"ESCRITORES E JORNALISTAS GUINEENSES LAN\u00c7AM &#8220;PEN&#8221;, PARA PROMOVER A LITERATURA E A LIBERDADE DE EXPRESS\u00c3O\"}]},{\"@type\":\"WebSite\",\"@id\":\"https:\\\/\\\/www.odemocratagb.com\\\/#website\",\"url\":\"https:\\\/\\\/www.odemocratagb.com\\\/\",\"name\":\"O Democrata GB\",\"description\":\"Jornal O Democrata GB\",\"publisher\":{\"@id\":\"https:\\\/\\\/www.odemocratagb.com\\\/#organization\"},\"potentialAction\":[{\"@type\":\"SearchAction\",\"target\":{\"@type\":\"EntryPoint\",\"urlTemplate\":\"https:\\\/\\\/www.odemocratagb.com\\\/?s={search_term_string}\"},\"query-input\":{\"@type\":\"PropertyValueSpecification\",\"valueRequired\":true,\"valueName\":\"search_term_string\"}}],\"inLanguage\":\"pt-BR\"},{\"@type\":\"Organization\",\"@id\":\"https:\\\/\\\/www.odemocratagb.com\\\/#organization\",\"name\":\"O Democrata GB\",\"url\":\"https:\\\/\\\/www.odemocratagb.com\\\/\",\"logo\":{\"@type\":\"ImageObject\",\"inLanguage\":\"pt-BR\",\"@id\":\"https:\\\/\\\/www.odemocratagb.com\\\/#\\\/schema\\\/logo\\\/image\\\/\",\"url\":\"https:\\\/\\\/www.odemocratagb.com\\\/wp-content\\\/uploads\\\/2026\\\/04\\\/logo-odemocratagb.png\",\"contentUrl\":\"https:\\\/\\\/www.odemocratagb.com\\\/wp-content\\\/uploads\\\/2026\\\/04\\\/logo-odemocratagb.png\",\"width\":1250,\"height\":327,\"caption\":\"O Democrata GB\"},\"image\":{\"@id\":\"https:\\\/\\\/www.odemocratagb.com\\\/#\\\/schema\\\/logo\\\/image\\\/\"},\"sameAs\":[\"https:\\\/\\\/www.facebook.com\\\/jornaldaguinebissau\",\"https:\\\/\\\/www.instagram.com\\\/odemocratagb\"]},{\"@type\":\"Person\",\"@id\":\"https:\\\/\\\/www.odemocratagb.com\\\/#\\\/schema\\\/person\\\/c5e683adeaf9b557e57cf1a8a591b0c0\",\"name\":\"Jornal Odemocrata\",\"image\":{\"@type\":\"ImageObject\",\"inLanguage\":\"pt-BR\",\"@id\":\"https:\\\/\\\/secure.gravatar.com\\\/avatar\\\/09cb6b76eee5612f7cfca9e0089e2f17141d417bd034905eee842945c87fd87f?s=96&d=mm&r=g\",\"url\":\"https:\\\/\\\/secure.gravatar.com\\\/avatar\\\/09cb6b76eee5612f7cfca9e0089e2f17141d417bd034905eee842945c87fd87f?s=96&d=mm&r=g\",\"contentUrl\":\"https:\\\/\\\/secure.gravatar.com\\\/avatar\\\/09cb6b76eee5612f7cfca9e0089e2f17141d417bd034905eee842945c87fd87f?s=96&d=mm&r=g\",\"caption\":\"Jornal Odemocrata\"},\"sameAs\":[\"http:\\\/\\\/odemocratagb.com\"],\"url\":\"https:\\\/\\\/www.odemocratagb.com\\\/?author=4\"}]}<\/script>\n<!-- \/ Yoast SEO plugin. -->","yoast_head_json":{"title":"ESCRITORES E JORNALISTAS GUINEENSES LAN\u00c7AM \"PEN\", PARA PROMOVER A LITERATURA E A LIBERDADE DE EXPRESS\u00c3O - O Democrata GB","robots":{"index":"index","follow":"follow","max-snippet":"max-snippet:-1","max-image-preview":"max-image-preview:large","max-video-preview":"max-video-preview:-1"},"canonical":"https:\/\/www.odemocratagb.com\/?p=25879","og_locale":"pt_BR","og_type":"article","og_title":"ESCRITORES E JORNALISTAS GUINEENSES LAN\u00c7AM \"PEN\", PARA PROMOVER A LITERATURA E A LIBERDADE DE EXPRESS\u00c3O - O Democrata GB","og_description":"Um grupo de escritores e jornalistas guineenses lan\u00e7ou esta ter\u00e7a-feira, 4 de agosto de 2020, uma organiza\u00e7\u00e3o denominada &#8220;PEN&#8221;, com...","og_url":"https:\/\/www.odemocratagb.com\/?p=25879","og_site_name":"O Democrata GB","article_publisher":"https:\/\/www.facebook.com\/jornaldaguinebissau","article_published_time":"2020-08-04T20:41:04+00:00","article_modified_time":"2020-08-04T20:41:06+00:00","og_image":[{"width":878,"height":659,"url":"https:\/\/www.odemocratagb.com\/wp-content\/uploads\/2020\/08\/3D0583BB-C1BB-486D-A0E9-3C7F43487AA0.jpeg","type":"image\/jpeg"}],"author":"Jornal Odemocrata","twitter_card":"summary_large_image","twitter_misc":{"Escrito por":"Jornal Odemocrata","Est. tempo de leitura":"2 minutos"},"schema":{"@context":"https:\/\/schema.org","@graph":[{"@type":"Article","@id":"https:\/\/www.odemocratagb.com\/?p=25879#article","isPartOf":{"@id":"https:\/\/www.odemocratagb.com\/?p=25879"},"author":{"name":"Jornal Odemocrata","@id":"https:\/\/www.odemocratagb.com\/#\/schema\/person\/c5e683adeaf9b557e57cf1a8a591b0c0"},"headline":"ESCRITORES E JORNALISTAS GUINEENSES LAN\u00c7AM &#8220;PEN&#8221;, PARA PROMOVER A LITERATURA E A LIBERDADE DE EXPRESS\u00c3O","datePublished":"2020-08-04T20:41:04+00:00","dateModified":"2020-08-04T20:41:06+00:00","mainEntityOfPage":{"@id":"https:\/\/www.odemocratagb.com\/?p=25879"},"wordCount":497,"commentCount":0,"publisher":{"@id":"https:\/\/www.odemocratagb.com\/#organization"},"image":{"@id":"https:\/\/www.odemocratagb.com\/?p=25879#primaryimage"},"thumbnailUrl":"https:\/\/www.odemocratagb.com\/wp-content\/uploads\/2020\/08\/3D0583BB-C1BB-486D-A0E9-3C7F43487AA0.jpeg","articleSection":["Atualidade","Cultura"],"inLanguage":"pt-BR","potentialAction":[{"@type":"CommentAction","name":"Comment","target":["https:\/\/www.odemocratagb.com\/?p=25879#respond"]}]},{"@type":"WebPage","@id":"https:\/\/www.odemocratagb.com\/?p=25879","url":"https:\/\/www.odemocratagb.com\/?p=25879","name":"ESCRITORES E JORNALISTAS GUINEENSES LAN\u00c7AM \"PEN\", PARA PROMOVER A LITERATURA E A LIBERDADE DE EXPRESS\u00c3O - O Democrata GB","isPartOf":{"@id":"https:\/\/www.odemocratagb.com\/#website"},"primaryImageOfPage":{"@id":"https:\/\/www.odemocratagb.com\/?p=25879#primaryimage"},"image":{"@id":"https:\/\/www.odemocratagb.com\/?p=25879#primaryimage"},"thumbnailUrl":"https:\/\/www.odemocratagb.com\/wp-content\/uploads\/2020\/08\/3D0583BB-C1BB-486D-A0E9-3C7F43487AA0.jpeg","datePublished":"2020-08-04T20:41:04+00:00","dateModified":"2020-08-04T20:41:06+00:00","breadcrumb":{"@id":"https:\/\/www.odemocratagb.com\/?p=25879#breadcrumb"},"inLanguage":"pt-BR","potentialAction":[{"@type":"ReadAction","target":["https:\/\/www.odemocratagb.com\/?p=25879"]}]},{"@type":"ImageObject","inLanguage":"pt-BR","@id":"https:\/\/www.odemocratagb.com\/?p=25879#primaryimage","url":"https:\/\/www.odemocratagb.com\/wp-content\/uploads\/2020\/08\/3D0583BB-C1BB-486D-A0E9-3C7F43487AA0.jpeg","contentUrl":"https:\/\/www.odemocratagb.com\/wp-content\/uploads\/2020\/08\/3D0583BB-C1BB-486D-A0E9-3C7F43487AA0.jpeg","width":878,"height":659},{"@type":"BreadcrumbList","@id":"https:\/\/www.odemocratagb.com\/?p=25879#breadcrumb","itemListElement":[{"@type":"ListItem","position":1,"name":"In\u00edcio","item":"https:\/\/www.odemocratagb.com\/"},{"@type":"ListItem","position":2,"name":"ESCRITORES E JORNALISTAS GUINEENSES LAN\u00c7AM &#8220;PEN&#8221;, PARA PROMOVER A LITERATURA E A LIBERDADE DE EXPRESS\u00c3O"}]},{"@type":"WebSite","@id":"https:\/\/www.odemocratagb.com\/#website","url":"https:\/\/www.odemocratagb.com\/","name":"O Democrata GB","description":"Jornal O Democrata GB","publisher":{"@id":"https:\/\/www.odemocratagb.com\/#organization"},"potentialAction":[{"@type":"SearchAction","target":{"@type":"EntryPoint","urlTemplate":"https:\/\/www.odemocratagb.com\/?s={search_term_string}"},"query-input":{"@type":"PropertyValueSpecification","valueRequired":true,"valueName":"search_term_string"}}],"inLanguage":"pt-BR"},{"@type":"Organization","@id":"https:\/\/www.odemocratagb.com\/#organization","name":"O Democrata GB","url":"https:\/\/www.odemocratagb.com\/","logo":{"@type":"ImageObject","inLanguage":"pt-BR","@id":"https:\/\/www.odemocratagb.com\/#\/schema\/logo\/image\/","url":"https:\/\/www.odemocratagb.com\/wp-content\/uploads\/2026\/04\/logo-odemocratagb.png","contentUrl":"https:\/\/www.odemocratagb.com\/wp-content\/uploads\/2026\/04\/logo-odemocratagb.png","width":1250,"height":327,"caption":"O Democrata GB"},"image":{"@id":"https:\/\/www.odemocratagb.com\/#\/schema\/logo\/image\/"},"sameAs":["https:\/\/www.facebook.com\/jornaldaguinebissau","https:\/\/www.instagram.com\/odemocratagb"]},{"@type":"Person","@id":"https:\/\/www.odemocratagb.com\/#\/schema\/person\/c5e683adeaf9b557e57cf1a8a591b0c0","name":"Jornal Odemocrata","image":{"@type":"ImageObject","inLanguage":"pt-BR","@id":"https:\/\/secure.gravatar.com\/avatar\/09cb6b76eee5612f7cfca9e0089e2f17141d417bd034905eee842945c87fd87f?s=96&d=mm&r=g","url":"https:\/\/secure.gravatar.com\/avatar\/09cb6b76eee5612f7cfca9e0089e2f17141d417bd034905eee842945c87fd87f?s=96&d=mm&r=g","contentUrl":"https:\/\/secure.gravatar.com\/avatar\/09cb6b76eee5612f7cfca9e0089e2f17141d417bd034905eee842945c87fd87f?s=96&d=mm&r=g","caption":"Jornal Odemocrata"},"sameAs":["http:\/\/odemocratagb.com"],"url":"https:\/\/www.odemocratagb.com\/?author=4"}]}},"_links":{"self":[{"href":"https:\/\/www.odemocratagb.com\/index.php?rest_route=\/wp\/v2\/posts\/25879","targetHints":{"allow":["GET"]}}],"collection":[{"href":"https:\/\/www.odemocratagb.com\/index.php?rest_route=\/wp\/v2\/posts"}],"about":[{"href":"https:\/\/www.odemocratagb.com\/index.php?rest_route=\/wp\/v2\/types\/post"}],"author":[{"embeddable":true,"href":"https:\/\/www.odemocratagb.com\/index.php?rest_route=\/wp\/v2\/users\/4"}],"replies":[{"embeddable":true,"href":"https:\/\/www.odemocratagb.com\/index.php?rest_route=%2Fwp%2Fv2%2Fcomments&post=25879"}],"version-history":[{"count":1,"href":"https:\/\/www.odemocratagb.com\/index.php?rest_route=\/wp\/v2\/posts\/25879\/revisions"}],"predecessor-version":[{"id":25881,"href":"https:\/\/www.odemocratagb.com\/index.php?rest_route=\/wp\/v2\/posts\/25879\/revisions\/25881"}],"wp:featuredmedia":[{"embeddable":true,"href":"https:\/\/www.odemocratagb.com\/index.php?rest_route=\/wp\/v2\/media\/25880"}],"wp:attachment":[{"href":"https:\/\/www.odemocratagb.com\/index.php?rest_route=%2Fwp%2Fv2%2Fmedia&parent=25879"}],"wp:term":[{"taxonomy":"category","embeddable":true,"href":"https:\/\/www.odemocratagb.com\/index.php?rest_route=%2Fwp%2Fv2%2Fcategories&post=25879"},{"taxonomy":"post_tag","embeddable":true,"href":"https:\/\/www.odemocratagb.com\/index.php?rest_route=%2Fwp%2Fv2%2Ftags&post=25879"}],"curies":[{"name":"wp","href":"https:\/\/api.w.org\/{rel}","templated":true}]}}