{"id":25884,"date":"2020-08-05T14:22:24","date_gmt":"2020-08-05T14:22:24","guid":{"rendered":"https:\/\/www.odemocratagb.com\/?p=25884"},"modified":"2020-08-05T14:22:27","modified_gmt":"2020-08-05T14:22:27","slug":"adiadas-novamente-eleicoes-na-federacao-de-futebol-da-guine-bissau","status":"publish","type":"post","link":"https:\/\/www.odemocratagb.com\/?p=25884","title":{"rendered":"ADIADAS NOVAMENTE ELEI\u00c7\u00d5ES NA FEDERA\u00c7\u00c3O DE FUTEBOL DA GUIN\u00c9-BISSAU"},"content":{"rendered":"\n<p class=\"wp-block-paragraph\">A Federa\u00e7\u00e3o de Futebol da Guin\u00e9-Bissau (FFGB) adiou para data a indicar a realiza\u00e7\u00e3o de elei\u00e7\u00f5es para a escolha do novo presidente da institui\u00e7\u00e3o, disse esta quarta-feira, 5 de agosto de 2020, Bacar Camar\u00e1, membro do comit\u00e9 executivo do \u00f3rg\u00e3o.\u00a0As elei\u00e7\u00f5es tinham sido marcadas para 25 de julho e no mesmo dia foram adiadas, alegadamente, devido ao facto de a sala onde deveriam decorrer ser ex\u00edgua, tendo em conta as exig\u00eancias do Alto-Comissariado para Luta Contra a Covid-19.<\/p>\n\n\n\n<p class=\"wp-block-paragraph\">A comiss\u00e3o organizadora das elei\u00e7\u00f5es, liderada por Lino Lopes, disse, na altura, que o pleito ia ter lugar em\u00a008 de agosto, o\u00a0pr\u00f3ximo s\u00e1bado. Em comunicado, a Federa\u00e7\u00e3o refere agora que j\u00e1 n\u00e3o vai ser assim e que vai realizar no dia\u00a007 de novembro\u00a0um novo congresso extraordin\u00e1rio e da\u00ed marcar a data das elei\u00e7\u00f5es para escolha do novo presidente da institui\u00e7\u00e3o.<\/p>\n\n\n\n<p class=\"wp-block-paragraph\">O comunicado refere que o procedimento decorre das orienta\u00e7\u00f5es da FIFA, que instou a FFGB a respeitar os estatutos da agremia\u00e7\u00e3o guineense no que respeita \u00e0 organiza\u00e7\u00e3o de um congresso extraordin\u00e1rio.<\/p>\n\n\n\n<p class=\"wp-block-paragraph\">De acordo com Bacar Camar\u00e1, os estatutos da FFGB recomendam que a data das elei\u00e7\u00f5es deve ser marcada com, pelo menos, 90 dias de anteced\u00eancia ap\u00f3s o congresso. Destacou tamb\u00e9m que a FIFA orientou a comiss\u00e3o eleitoral a manter as candidaturas aprovadas para o escrut\u00ednio que deveria ter tido lugar no dia 25 de julho.<\/p>\n\n\n\n<p class=\"wp-block-paragraph\">O presidente cessante e candidato a um terceiro mandato na FFGB, Manuel Lopes, vulgo Manelinho, \u00e9 um dos seis concorrentes ao cargo, embora tenha sido suspenso pelo Comit\u00e9 de \u00c9tica da FIFA por um per\u00edodo de 10 anos.<\/p>\n\n\n\n<p class=\"wp-block-paragraph\">Manelinho, que foi acusado de falha grave na prote\u00e7\u00e3o \u00e0 integridade f\u00edsica e moral de um homem que estava a ser atacado por populares num bairro de Bissau, anunciou que vai recorrer da suspens\u00e3o junto do Tribunal Arbitral do Desporto (TAS) que considera de injusta.<\/p>\n\n\n\n<p class=\"wp-block-paragraph\">Instado sobre se os sucessivos adiamentos da elei\u00e7\u00e3o na FFGB n\u00e3o ser\u00e1 uma estrat\u00e9gia para permitir que Manelinho possa concorrer ap\u00f3s o recurso, Bacar Camar\u00e1 disse que &#8220;uma coisa n\u00e3o tem nada a ver com a outra&#8221;.<\/p>\n\n\n\n<p class=\"wp-block-paragraph\">&#8220;Somos legalistas, estamos apenas a cumprir com as orienta\u00e7\u00f5es da FIFA e aos estatutos da federa\u00e7\u00e3o&#8221;, observou Camar\u00e1, que \u00e9 tamb\u00e9m mandat\u00e1rio de Manelinho na corrida eleitoral.<\/p>\n\n\n\n<p class=\"wp-block-paragraph\"><br><\/p>\n\n\n\n<p class=\"wp-block-paragraph\"><\/p>\n\n\n\n<p class=\"wp-block-paragraph\"><strong>In lusa<\/strong><\/p>\n","protected":false},"excerpt":{"rendered":"<p>A Federa\u00e7\u00e3o de Futebol da Guin\u00e9-Bissau (FFGB) adiou para data a indicar a realiza\u00e7\u00e3o de elei\u00e7\u00f5es para a escolha do&#8230;<\/p>\n","protected":false},"author":4,"featured_media":2119,"comment_status":"open","ping_status":"open","sticky":false,"template":"","format":"standard","meta":{"footnotes":""},"categories":[6,36],"tags":[],"class_list":["post-25884","post","type-post","status-publish","format-standard","has-post-thumbnail","hentry","category-inicio","category-desporto","wpcat-6-id","wpcat-36-id"],"yoast_head":"<!-- This site is optimized with the Yoast SEO plugin v27.5 - https:\/\/yoast.com\/product\/yoast-seo-wordpress\/ -->\n<title>ADIADAS NOVAMENTE ELEI\u00c7\u00d5ES NA FEDERA\u00c7\u00c3O DE FUTEBOL DA GUIN\u00c9-BISSAU - O Democrata GB<\/title>\n<meta name=\"robots\" content=\"index, follow, max-snippet:-1, max-image-preview:large, max-video-preview:-1\" \/>\n<link rel=\"canonical\" href=\"https:\/\/www.odemocratagb.com\/?p=25884\" \/>\n<meta property=\"og:locale\" content=\"pt_BR\" \/>\n<meta property=\"og:type\" content=\"article\" \/>\n<meta property=\"og:title\" content=\"ADIADAS NOVAMENTE ELEI\u00c7\u00d5ES NA FEDERA\u00c7\u00c3O DE FUTEBOL DA GUIN\u00c9-BISSAU - O Democrata GB\" \/>\n<meta property=\"og:description\" content=\"A Federa\u00e7\u00e3o de Futebol da Guin\u00e9-Bissau (FFGB) adiou para data a indicar a realiza\u00e7\u00e3o de elei\u00e7\u00f5es para a escolha do...\" \/>\n<meta property=\"og:url\" content=\"https:\/\/www.odemocratagb.com\/?p=25884\" \/>\n<meta property=\"og:site_name\" content=\"O Democrata GB\" \/>\n<meta property=\"article:publisher\" content=\"https:\/\/www.facebook.com\/jornaldaguinebissau\" \/>\n<meta property=\"article:published_time\" content=\"2020-08-05T14:22:24+00:00\" \/>\n<meta property=\"article:modified_time\" content=\"2020-08-05T14:22:27+00:00\" \/>\n<meta property=\"og:image\" content=\"https:\/\/www.odemocratagb.com\/wp-content\/uploads\/2014\/10\/FFGB.jpg\" \/>\n\t<meta property=\"og:image:width\" content=\"504\" \/>\n\t<meta property=\"og:image:height\" content=\"483\" \/>\n\t<meta property=\"og:image:type\" content=\"image\/jpeg\" \/>\n<meta name=\"author\" content=\"Jornal Odemocrata\" \/>\n<meta name=\"twitter:card\" content=\"summary_large_image\" \/>\n<meta name=\"twitter:label1\" content=\"Escrito por\" \/>\n\t<meta name=\"twitter:data1\" content=\"Jornal Odemocrata\" \/>\n\t<meta name=\"twitter:label2\" content=\"Est. tempo de leitura\" \/>\n\t<meta name=\"twitter:data2\" content=\"2 minutos\" \/>\n<script type=\"application\/ld+json\" class=\"yoast-schema-graph\">{\"@context\":\"https:\\\/\\\/schema.org\",\"@graph\":[{\"@type\":\"Article\",\"@id\":\"https:\\\/\\\/www.odemocratagb.com\\\/?p=25884#article\",\"isPartOf\":{\"@id\":\"https:\\\/\\\/www.odemocratagb.com\\\/?p=25884\"},\"author\":{\"name\":\"Jornal Odemocrata\",\"@id\":\"https:\\\/\\\/www.odemocratagb.com\\\/#\\\/schema\\\/person\\\/c5e683adeaf9b557e57cf1a8a591b0c0\"},\"headline\":\"ADIADAS NOVAMENTE ELEI\u00c7\u00d5ES NA FEDERA\u00c7\u00c3O DE FUTEBOL DA GUIN\u00c9-BISSAU\",\"datePublished\":\"2020-08-05T14:22:24+00:00\",\"dateModified\":\"2020-08-05T14:22:27+00:00\",\"mainEntityOfPage\":{\"@id\":\"https:\\\/\\\/www.odemocratagb.com\\\/?p=25884\"},\"wordCount\":419,\"commentCount\":0,\"publisher\":{\"@id\":\"https:\\\/\\\/www.odemocratagb.com\\\/#organization\"},\"image\":{\"@id\":\"https:\\\/\\\/www.odemocratagb.com\\\/?p=25884#primaryimage\"},\"thumbnailUrl\":\"https:\\\/\\\/www.odemocratagb.com\\\/wp-content\\\/uploads\\\/2014\\\/10\\\/FFGB.jpg\",\"articleSection\":[\"Atualidade\",\"Desporto\"],\"inLanguage\":\"pt-BR\",\"potentialAction\":[{\"@type\":\"CommentAction\",\"name\":\"Comment\",\"target\":[\"https:\\\/\\\/www.odemocratagb.com\\\/?p=25884#respond\"]}]},{\"@type\":\"WebPage\",\"@id\":\"https:\\\/\\\/www.odemocratagb.com\\\/?p=25884\",\"url\":\"https:\\\/\\\/www.odemocratagb.com\\\/?p=25884\",\"name\":\"ADIADAS NOVAMENTE ELEI\u00c7\u00d5ES NA FEDERA\u00c7\u00c3O DE FUTEBOL DA GUIN\u00c9-BISSAU - O Democrata GB\",\"isPartOf\":{\"@id\":\"https:\\\/\\\/www.odemocratagb.com\\\/#website\"},\"primaryImageOfPage\":{\"@id\":\"https:\\\/\\\/www.odemocratagb.com\\\/?p=25884#primaryimage\"},\"image\":{\"@id\":\"https:\\\/\\\/www.odemocratagb.com\\\/?p=25884#primaryimage\"},\"thumbnailUrl\":\"https:\\\/\\\/www.odemocratagb.com\\\/wp-content\\\/uploads\\\/2014\\\/10\\\/FFGB.jpg\",\"datePublished\":\"2020-08-05T14:22:24+00:00\",\"dateModified\":\"2020-08-05T14:22:27+00:00\",\"breadcrumb\":{\"@id\":\"https:\\\/\\\/www.odemocratagb.com\\\/?p=25884#breadcrumb\"},\"inLanguage\":\"pt-BR\",\"potentialAction\":[{\"@type\":\"ReadAction\",\"target\":[\"https:\\\/\\\/www.odemocratagb.com\\\/?p=25884\"]}]},{\"@type\":\"ImageObject\",\"inLanguage\":\"pt-BR\",\"@id\":\"https:\\\/\\\/www.odemocratagb.com\\\/?p=25884#primaryimage\",\"url\":\"https:\\\/\\\/www.odemocratagb.com\\\/wp-content\\\/uploads\\\/2014\\\/10\\\/FFGB.jpg\",\"contentUrl\":\"https:\\\/\\\/www.odemocratagb.com\\\/wp-content\\\/uploads\\\/2014\\\/10\\\/FFGB.jpg\",\"width\":504,\"height\":483},{\"@type\":\"BreadcrumbList\",\"@id\":\"https:\\\/\\\/www.odemocratagb.com\\\/?p=25884#breadcrumb\",\"itemListElement\":[{\"@type\":\"ListItem\",\"position\":1,\"name\":\"In\u00edcio\",\"item\":\"https:\\\/\\\/www.odemocratagb.com\\\/\"},{\"@type\":\"ListItem\",\"position\":2,\"name\":\"ADIADAS NOVAMENTE ELEI\u00c7\u00d5ES NA FEDERA\u00c7\u00c3O DE FUTEBOL DA GUIN\u00c9-BISSAU\"}]},{\"@type\":\"WebSite\",\"@id\":\"https:\\\/\\\/www.odemocratagb.com\\\/#website\",\"url\":\"https:\\\/\\\/www.odemocratagb.com\\\/\",\"name\":\"O Democrata GB\",\"description\":\"Jornal O Democrata GB\",\"publisher\":{\"@id\":\"https:\\\/\\\/www.odemocratagb.com\\\/#organization\"},\"potentialAction\":[{\"@type\":\"SearchAction\",\"target\":{\"@type\":\"EntryPoint\",\"urlTemplate\":\"https:\\\/\\\/www.odemocratagb.com\\\/?s={search_term_string}\"},\"query-input\":{\"@type\":\"PropertyValueSpecification\",\"valueRequired\":true,\"valueName\":\"search_term_string\"}}],\"inLanguage\":\"pt-BR\"},{\"@type\":\"Organization\",\"@id\":\"https:\\\/\\\/www.odemocratagb.com\\\/#organization\",\"name\":\"O Democrata GB\",\"url\":\"https:\\\/\\\/www.odemocratagb.com\\\/\",\"logo\":{\"@type\":\"ImageObject\",\"inLanguage\":\"pt-BR\",\"@id\":\"https:\\\/\\\/www.odemocratagb.com\\\/#\\\/schema\\\/logo\\\/image\\\/\",\"url\":\"https:\\\/\\\/www.odemocratagb.com\\\/wp-content\\\/uploads\\\/2026\\\/04\\\/logo-odemocratagb.png\",\"contentUrl\":\"https:\\\/\\\/www.odemocratagb.com\\\/wp-content\\\/uploads\\\/2026\\\/04\\\/logo-odemocratagb.png\",\"width\":1250,\"height\":327,\"caption\":\"O Democrata GB\"},\"image\":{\"@id\":\"https:\\\/\\\/www.odemocratagb.com\\\/#\\\/schema\\\/logo\\\/image\\\/\"},\"sameAs\":[\"https:\\\/\\\/www.facebook.com\\\/jornaldaguinebissau\",\"https:\\\/\\\/www.instagram.com\\\/odemocratagb\"]},{\"@type\":\"Person\",\"@id\":\"https:\\\/\\\/www.odemocratagb.com\\\/#\\\/schema\\\/person\\\/c5e683adeaf9b557e57cf1a8a591b0c0\",\"name\":\"Jornal Odemocrata\",\"image\":{\"@type\":\"ImageObject\",\"inLanguage\":\"pt-BR\",\"@id\":\"https:\\\/\\\/secure.gravatar.com\\\/avatar\\\/09cb6b76eee5612f7cfca9e0089e2f17141d417bd034905eee842945c87fd87f?s=96&d=mm&r=g\",\"url\":\"https:\\\/\\\/secure.gravatar.com\\\/avatar\\\/09cb6b76eee5612f7cfca9e0089e2f17141d417bd034905eee842945c87fd87f?s=96&d=mm&r=g\",\"contentUrl\":\"https:\\\/\\\/secure.gravatar.com\\\/avatar\\\/09cb6b76eee5612f7cfca9e0089e2f17141d417bd034905eee842945c87fd87f?s=96&d=mm&r=g\",\"caption\":\"Jornal Odemocrata\"},\"sameAs\":[\"http:\\\/\\\/odemocratagb.com\"],\"url\":\"https:\\\/\\\/www.odemocratagb.com\\\/?author=4\"}]}<\/script>\n<!-- \/ Yoast SEO plugin. -->","yoast_head_json":{"title":"ADIADAS NOVAMENTE ELEI\u00c7\u00d5ES NA FEDERA\u00c7\u00c3O DE FUTEBOL DA GUIN\u00c9-BISSAU - O Democrata GB","robots":{"index":"index","follow":"follow","max-snippet":"max-snippet:-1","max-image-preview":"max-image-preview:large","max-video-preview":"max-video-preview:-1"},"canonical":"https:\/\/www.odemocratagb.com\/?p=25884","og_locale":"pt_BR","og_type":"article","og_title":"ADIADAS NOVAMENTE ELEI\u00c7\u00d5ES NA FEDERA\u00c7\u00c3O DE FUTEBOL DA GUIN\u00c9-BISSAU - O Democrata GB","og_description":"A Federa\u00e7\u00e3o de Futebol da Guin\u00e9-Bissau (FFGB) adiou para data a indicar a realiza\u00e7\u00e3o de elei\u00e7\u00f5es para a escolha do...","og_url":"https:\/\/www.odemocratagb.com\/?p=25884","og_site_name":"O Democrata GB","article_publisher":"https:\/\/www.facebook.com\/jornaldaguinebissau","article_published_time":"2020-08-05T14:22:24+00:00","article_modified_time":"2020-08-05T14:22:27+00:00","og_image":[{"width":504,"height":483,"url":"https:\/\/www.odemocratagb.com\/wp-content\/uploads\/2014\/10\/FFGB.jpg","type":"image\/jpeg"}],"author":"Jornal Odemocrata","twitter_card":"summary_large_image","twitter_misc":{"Escrito por":"Jornal Odemocrata","Est. tempo de leitura":"2 minutos"},"schema":{"@context":"https:\/\/schema.org","@graph":[{"@type":"Article","@id":"https:\/\/www.odemocratagb.com\/?p=25884#article","isPartOf":{"@id":"https:\/\/www.odemocratagb.com\/?p=25884"},"author":{"name":"Jornal Odemocrata","@id":"https:\/\/www.odemocratagb.com\/#\/schema\/person\/c5e683adeaf9b557e57cf1a8a591b0c0"},"headline":"ADIADAS NOVAMENTE ELEI\u00c7\u00d5ES NA FEDERA\u00c7\u00c3O DE FUTEBOL DA GUIN\u00c9-BISSAU","datePublished":"2020-08-05T14:22:24+00:00","dateModified":"2020-08-05T14:22:27+00:00","mainEntityOfPage":{"@id":"https:\/\/www.odemocratagb.com\/?p=25884"},"wordCount":419,"commentCount":0,"publisher":{"@id":"https:\/\/www.odemocratagb.com\/#organization"},"image":{"@id":"https:\/\/www.odemocratagb.com\/?p=25884#primaryimage"},"thumbnailUrl":"https:\/\/www.odemocratagb.com\/wp-content\/uploads\/2014\/10\/FFGB.jpg","articleSection":["Atualidade","Desporto"],"inLanguage":"pt-BR","potentialAction":[{"@type":"CommentAction","name":"Comment","target":["https:\/\/www.odemocratagb.com\/?p=25884#respond"]}]},{"@type":"WebPage","@id":"https:\/\/www.odemocratagb.com\/?p=25884","url":"https:\/\/www.odemocratagb.com\/?p=25884","name":"ADIADAS NOVAMENTE ELEI\u00c7\u00d5ES NA FEDERA\u00c7\u00c3O DE FUTEBOL DA GUIN\u00c9-BISSAU - O Democrata GB","isPartOf":{"@id":"https:\/\/www.odemocratagb.com\/#website"},"primaryImageOfPage":{"@id":"https:\/\/www.odemocratagb.com\/?p=25884#primaryimage"},"image":{"@id":"https:\/\/www.odemocratagb.com\/?p=25884#primaryimage"},"thumbnailUrl":"https:\/\/www.odemocratagb.com\/wp-content\/uploads\/2014\/10\/FFGB.jpg","datePublished":"2020-08-05T14:22:24+00:00","dateModified":"2020-08-05T14:22:27+00:00","breadcrumb":{"@id":"https:\/\/www.odemocratagb.com\/?p=25884#breadcrumb"},"inLanguage":"pt-BR","potentialAction":[{"@type":"ReadAction","target":["https:\/\/www.odemocratagb.com\/?p=25884"]}]},{"@type":"ImageObject","inLanguage":"pt-BR","@id":"https:\/\/www.odemocratagb.com\/?p=25884#primaryimage","url":"https:\/\/www.odemocratagb.com\/wp-content\/uploads\/2014\/10\/FFGB.jpg","contentUrl":"https:\/\/www.odemocratagb.com\/wp-content\/uploads\/2014\/10\/FFGB.jpg","width":504,"height":483},{"@type":"BreadcrumbList","@id":"https:\/\/www.odemocratagb.com\/?p=25884#breadcrumb","itemListElement":[{"@type":"ListItem","position":1,"name":"In\u00edcio","item":"https:\/\/www.odemocratagb.com\/"},{"@type":"ListItem","position":2,"name":"ADIADAS NOVAMENTE ELEI\u00c7\u00d5ES NA FEDERA\u00c7\u00c3O DE FUTEBOL DA GUIN\u00c9-BISSAU"}]},{"@type":"WebSite","@id":"https:\/\/www.odemocratagb.com\/#website","url":"https:\/\/www.odemocratagb.com\/","name":"O Democrata GB","description":"Jornal O Democrata GB","publisher":{"@id":"https:\/\/www.odemocratagb.com\/#organization"},"potentialAction":[{"@type":"SearchAction","target":{"@type":"EntryPoint","urlTemplate":"https:\/\/www.odemocratagb.com\/?s={search_term_string}"},"query-input":{"@type":"PropertyValueSpecification","valueRequired":true,"valueName":"search_term_string"}}],"inLanguage":"pt-BR"},{"@type":"Organization","@id":"https:\/\/www.odemocratagb.com\/#organization","name":"O Democrata GB","url":"https:\/\/www.odemocratagb.com\/","logo":{"@type":"ImageObject","inLanguage":"pt-BR","@id":"https:\/\/www.odemocratagb.com\/#\/schema\/logo\/image\/","url":"https:\/\/www.odemocratagb.com\/wp-content\/uploads\/2026\/04\/logo-odemocratagb.png","contentUrl":"https:\/\/www.odemocratagb.com\/wp-content\/uploads\/2026\/04\/logo-odemocratagb.png","width":1250,"height":327,"caption":"O Democrata GB"},"image":{"@id":"https:\/\/www.odemocratagb.com\/#\/schema\/logo\/image\/"},"sameAs":["https:\/\/www.facebook.com\/jornaldaguinebissau","https:\/\/www.instagram.com\/odemocratagb"]},{"@type":"Person","@id":"https:\/\/www.odemocratagb.com\/#\/schema\/person\/c5e683adeaf9b557e57cf1a8a591b0c0","name":"Jornal Odemocrata","image":{"@type":"ImageObject","inLanguage":"pt-BR","@id":"https:\/\/secure.gravatar.com\/avatar\/09cb6b76eee5612f7cfca9e0089e2f17141d417bd034905eee842945c87fd87f?s=96&d=mm&r=g","url":"https:\/\/secure.gravatar.com\/avatar\/09cb6b76eee5612f7cfca9e0089e2f17141d417bd034905eee842945c87fd87f?s=96&d=mm&r=g","contentUrl":"https:\/\/secure.gravatar.com\/avatar\/09cb6b76eee5612f7cfca9e0089e2f17141d417bd034905eee842945c87fd87f?s=96&d=mm&r=g","caption":"Jornal Odemocrata"},"sameAs":["http:\/\/odemocratagb.com"],"url":"https:\/\/www.odemocratagb.com\/?author=4"}]}},"_links":{"self":[{"href":"https:\/\/www.odemocratagb.com\/index.php?rest_route=\/wp\/v2\/posts\/25884","targetHints":{"allow":["GET"]}}],"collection":[{"href":"https:\/\/www.odemocratagb.com\/index.php?rest_route=\/wp\/v2\/posts"}],"about":[{"href":"https:\/\/www.odemocratagb.com\/index.php?rest_route=\/wp\/v2\/types\/post"}],"author":[{"embeddable":true,"href":"https:\/\/www.odemocratagb.com\/index.php?rest_route=\/wp\/v2\/users\/4"}],"replies":[{"embeddable":true,"href":"https:\/\/www.odemocratagb.com\/index.php?rest_route=%2Fwp%2Fv2%2Fcomments&post=25884"}],"version-history":[{"count":1,"href":"https:\/\/www.odemocratagb.com\/index.php?rest_route=\/wp\/v2\/posts\/25884\/revisions"}],"predecessor-version":[{"id":25885,"href":"https:\/\/www.odemocratagb.com\/index.php?rest_route=\/wp\/v2\/posts\/25884\/revisions\/25885"}],"wp:featuredmedia":[{"embeddable":true,"href":"https:\/\/www.odemocratagb.com\/index.php?rest_route=\/wp\/v2\/media\/2119"}],"wp:attachment":[{"href":"https:\/\/www.odemocratagb.com\/index.php?rest_route=%2Fwp%2Fv2%2Fmedia&parent=25884"}],"wp:term":[{"taxonomy":"category","embeddable":true,"href":"https:\/\/www.odemocratagb.com\/index.php?rest_route=%2Fwp%2Fv2%2Fcategories&post=25884"},{"taxonomy":"post_tag","embeddable":true,"href":"https:\/\/www.odemocratagb.com\/index.php?rest_route=%2Fwp%2Fv2%2Ftags&post=25884"}],"curies":[{"name":"wp","href":"https:\/\/api.w.org\/{rel}","templated":true}]}}