{"id":25886,"date":"2020-08-05T14:24:35","date_gmt":"2020-08-05T14:24:35","guid":{"rendered":"https:\/\/www.odemocratagb.com\/?p=25886"},"modified":"2020-08-05T14:24:38","modified_gmt":"2020-08-05T14:24:38","slug":"ministerio-publico-guineense-arquiva-inquerito-contra-ex-ministro-por-alegado-desvio-de-arroz","status":"publish","type":"post","link":"https:\/\/www.odemocratagb.com\/?p=25886","title":{"rendered":"MINIST\u00c9RIO P\u00daBLICO GUINEENSE ARQUIVA INQU\u00c9RITO CONTRA EX-MINISTRO POR ALEGADO DESVIO DE ARROZ"},"content":{"rendered":"\n<p class=\"wp-block-paragraph\">O Minist\u00e9rio P\u00fablico da Guin\u00e9-Bissau arquivou o inqu\u00e9rito contra o ex-ministro da Agricultura guineense por alegado desvio de arroz doado pela China, segundo uma certid\u00e3o a que a Lusa teve acesso esta quarta-feira, 5 de agosto de 2020.<\/p>\n\n\n\n<p class=\"wp-block-paragraph\">&#8220;Efetuadas as dilig\u00eancias julgadas necess\u00e1rias \u00e0 descoberta da verdade material e no decurso de todas as dilig\u00eancias foram ouvidas as partes envolvidas no referido inqu\u00e9rito, n\u00e3o ser verificou os ind\u00edcios suficientes para a continuidade do inqu\u00e9rito, dai deu-se origem ao arquivamento total dos respetivos autos&#8221;, pode ler-se na certid\u00e3o.<\/p>\n\n\n\n<p class=\"wp-block-paragraph\">A certid\u00e3o foi emitida na ter\u00e7a-feira pelo servi\u00e7o do Minist\u00e9rio P\u00fablico da vara crime do Tribunal Regional de Bissau.<\/p>\n\n\n\n<p class=\"wp-block-paragraph\">Em abril de 2019, a Pol\u00edcia Judici\u00e1ria da Guin\u00e9-Bissau apreendeu, no \u00e2mbito de uma opera\u00e7\u00e3o denominada &#8220;Arroz do Povo&#8221;, v\u00e1rias centenas de toneladas de arroz doado pela China, que segundo aquela for\u00e7a de investiga\u00e7\u00e3o criminal, estava a ser preparado para ser vendido ao p\u00fablico.<\/p>\n\n\n\n<p class=\"wp-block-paragraph\">Na sequ\u00eancia da apreens\u00e3o do arroz, a PJ tentou deter o ex-ministro da Agricultura Nicolau dos Santos, mas foi impedida pelas for\u00e7as de seguran\u00e7a.<\/p>\n\n\n\n<p class=\"wp-block-paragraph\">O arroz acabou por ser distribu\u00eddo \u00e0 popula\u00e7\u00e3o pelo anterior Governo, liderado por Aristides Gomes.<\/p>\n\n\n\n<p class=\"wp-block-paragraph\">No total, a China doou 2.638 toneladas de arroz, no valor de tr\u00eas milh\u00f5es de d\u00f3lares (2,53 milh\u00f5es de euros). O arroz chegou a Bissau em 26 de janeiro de 2019.<\/p>\n\n\n\n<p class=\"wp-block-paragraph\"><br><\/p>\n\n\n\n<p class=\"wp-block-paragraph\"><\/p>\n\n\n\n<p class=\"wp-block-paragraph\"><strong>In lusa<\/strong><\/p>\n","protected":false},"excerpt":{"rendered":"<p>O Minist\u00e9rio P\u00fablico da Guin\u00e9-Bissau arquivou o inqu\u00e9rito contra o ex-ministro da Agricultura guineense por alegado desvio de arroz doado&#8230;<\/p>\n","protected":false},"author":4,"featured_media":13274,"comment_status":"open","ping_status":"open","sticky":false,"template":"","format":"standard","meta":{"footnotes":""},"categories":[6,16],"tags":[],"class_list":["post-25886","post","type-post","status-publish","format-standard","has-post-thumbnail","hentry","category-inicio","category-sociedade","wpcat-6-id","wpcat-16-id"],"yoast_head":"<!-- This site is optimized with the Yoast SEO plugin v27.5 - https:\/\/yoast.com\/product\/yoast-seo-wordpress\/ -->\n<title>MINIST\u00c9RIO P\u00daBLICO GUINEENSE ARQUIVA INQU\u00c9RITO CONTRA EX-MINISTRO POR ALEGADO DESVIO DE ARROZ - O Democrata GB<\/title>\n<meta name=\"robots\" content=\"index, follow, max-snippet:-1, max-image-preview:large, max-video-preview:-1\" \/>\n<link rel=\"canonical\" href=\"https:\/\/www.odemocratagb.com\/?p=25886\" \/>\n<meta property=\"og:locale\" content=\"pt_BR\" \/>\n<meta property=\"og:type\" content=\"article\" \/>\n<meta property=\"og:title\" content=\"MINIST\u00c9RIO P\u00daBLICO GUINEENSE ARQUIVA INQU\u00c9RITO CONTRA EX-MINISTRO POR ALEGADO DESVIO DE ARROZ - O Democrata GB\" \/>\n<meta property=\"og:description\" content=\"O Minist\u00e9rio P\u00fablico da Guin\u00e9-Bissau arquivou o inqu\u00e9rito contra o ex-ministro da Agricultura guineense por alegado desvio de arroz doado...\" \/>\n<meta property=\"og:url\" content=\"https:\/\/www.odemocratagb.com\/?p=25886\" \/>\n<meta property=\"og:site_name\" content=\"O Democrata GB\" \/>\n<meta property=\"article:publisher\" content=\"https:\/\/www.facebook.com\/jornaldaguinebissau\" \/>\n<meta property=\"article:published_time\" content=\"2020-08-05T14:24:35+00:00\" \/>\n<meta property=\"article:modified_time\" content=\"2020-08-05T14:24:38+00:00\" \/>\n<meta property=\"og:image\" content=\"https:\/\/www.odemocratagb.com\/wp-content\/uploads\/2017\/06\/IMG_2803.jpg\" \/>\n\t<meta property=\"og:image:width\" content=\"1061\" \/>\n\t<meta property=\"og:image:height\" content=\"490\" \/>\n\t<meta property=\"og:image:type\" content=\"image\/jpeg\" \/>\n<meta name=\"author\" content=\"Jornal Odemocrata\" \/>\n<meta name=\"twitter:card\" content=\"summary_large_image\" \/>\n<meta name=\"twitter:label1\" content=\"Escrito por\" \/>\n\t<meta name=\"twitter:data1\" content=\"Jornal Odemocrata\" \/>\n\t<meta name=\"twitter:label2\" content=\"Est. tempo de leitura\" \/>\n\t<meta name=\"twitter:data2\" content=\"1 minuto\" \/>\n<script type=\"application\/ld+json\" class=\"yoast-schema-graph\">{\"@context\":\"https:\\\/\\\/schema.org\",\"@graph\":[{\"@type\":\"Article\",\"@id\":\"https:\\\/\\\/www.odemocratagb.com\\\/?p=25886#article\",\"isPartOf\":{\"@id\":\"https:\\\/\\\/www.odemocratagb.com\\\/?p=25886\"},\"author\":{\"name\":\"Jornal Odemocrata\",\"@id\":\"https:\\\/\\\/www.odemocratagb.com\\\/#\\\/schema\\\/person\\\/c5e683adeaf9b557e57cf1a8a591b0c0\"},\"headline\":\"MINIST\u00c9RIO P\u00daBLICO GUINEENSE ARQUIVA INQU\u00c9RITO CONTRA EX-MINISTRO POR ALEGADO DESVIO DE ARROZ\",\"datePublished\":\"2020-08-05T14:24:35+00:00\",\"dateModified\":\"2020-08-05T14:24:38+00:00\",\"mainEntityOfPage\":{\"@id\":\"https:\\\/\\\/www.odemocratagb.com\\\/?p=25886\"},\"wordCount\":264,\"commentCount\":0,\"publisher\":{\"@id\":\"https:\\\/\\\/www.odemocratagb.com\\\/#organization\"},\"image\":{\"@id\":\"https:\\\/\\\/www.odemocratagb.com\\\/?p=25886#primaryimage\"},\"thumbnailUrl\":\"https:\\\/\\\/www.odemocratagb.com\\\/wp-content\\\/uploads\\\/2017\\\/06\\\/IMG_2803.jpg\",\"articleSection\":[\"Atualidade\",\"Sociedade\"],\"inLanguage\":\"pt-BR\",\"potentialAction\":[{\"@type\":\"CommentAction\",\"name\":\"Comment\",\"target\":[\"https:\\\/\\\/www.odemocratagb.com\\\/?p=25886#respond\"]}]},{\"@type\":\"WebPage\",\"@id\":\"https:\\\/\\\/www.odemocratagb.com\\\/?p=25886\",\"url\":\"https:\\\/\\\/www.odemocratagb.com\\\/?p=25886\",\"name\":\"MINIST\u00c9RIO P\u00daBLICO GUINEENSE ARQUIVA INQU\u00c9RITO CONTRA EX-MINISTRO POR ALEGADO DESVIO DE ARROZ - O Democrata GB\",\"isPartOf\":{\"@id\":\"https:\\\/\\\/www.odemocratagb.com\\\/#website\"},\"primaryImageOfPage\":{\"@id\":\"https:\\\/\\\/www.odemocratagb.com\\\/?p=25886#primaryimage\"},\"image\":{\"@id\":\"https:\\\/\\\/www.odemocratagb.com\\\/?p=25886#primaryimage\"},\"thumbnailUrl\":\"https:\\\/\\\/www.odemocratagb.com\\\/wp-content\\\/uploads\\\/2017\\\/06\\\/IMG_2803.jpg\",\"datePublished\":\"2020-08-05T14:24:35+00:00\",\"dateModified\":\"2020-08-05T14:24:38+00:00\",\"breadcrumb\":{\"@id\":\"https:\\\/\\\/www.odemocratagb.com\\\/?p=25886#breadcrumb\"},\"inLanguage\":\"pt-BR\",\"potentialAction\":[{\"@type\":\"ReadAction\",\"target\":[\"https:\\\/\\\/www.odemocratagb.com\\\/?p=25886\"]}]},{\"@type\":\"ImageObject\",\"inLanguage\":\"pt-BR\",\"@id\":\"https:\\\/\\\/www.odemocratagb.com\\\/?p=25886#primaryimage\",\"url\":\"https:\\\/\\\/www.odemocratagb.com\\\/wp-content\\\/uploads\\\/2017\\\/06\\\/IMG_2803.jpg\",\"contentUrl\":\"https:\\\/\\\/www.odemocratagb.com\\\/wp-content\\\/uploads\\\/2017\\\/06\\\/IMG_2803.jpg\",\"width\":1061,\"height\":490},{\"@type\":\"BreadcrumbList\",\"@id\":\"https:\\\/\\\/www.odemocratagb.com\\\/?p=25886#breadcrumb\",\"itemListElement\":[{\"@type\":\"ListItem\",\"position\":1,\"name\":\"In\u00edcio\",\"item\":\"https:\\\/\\\/www.odemocratagb.com\\\/\"},{\"@type\":\"ListItem\",\"position\":2,\"name\":\"MINIST\u00c9RIO P\u00daBLICO GUINEENSE ARQUIVA INQU\u00c9RITO CONTRA EX-MINISTRO POR ALEGADO DESVIO DE ARROZ\"}]},{\"@type\":\"WebSite\",\"@id\":\"https:\\\/\\\/www.odemocratagb.com\\\/#website\",\"url\":\"https:\\\/\\\/www.odemocratagb.com\\\/\",\"name\":\"O Democrata GB\",\"description\":\"Jornal O Democrata GB\",\"publisher\":{\"@id\":\"https:\\\/\\\/www.odemocratagb.com\\\/#organization\"},\"potentialAction\":[{\"@type\":\"SearchAction\",\"target\":{\"@type\":\"EntryPoint\",\"urlTemplate\":\"https:\\\/\\\/www.odemocratagb.com\\\/?s={search_term_string}\"},\"query-input\":{\"@type\":\"PropertyValueSpecification\",\"valueRequired\":true,\"valueName\":\"search_term_string\"}}],\"inLanguage\":\"pt-BR\"},{\"@type\":\"Organization\",\"@id\":\"https:\\\/\\\/www.odemocratagb.com\\\/#organization\",\"name\":\"O Democrata GB\",\"url\":\"https:\\\/\\\/www.odemocratagb.com\\\/\",\"logo\":{\"@type\":\"ImageObject\",\"inLanguage\":\"pt-BR\",\"@id\":\"https:\\\/\\\/www.odemocratagb.com\\\/#\\\/schema\\\/logo\\\/image\\\/\",\"url\":\"https:\\\/\\\/www.odemocratagb.com\\\/wp-content\\\/uploads\\\/2026\\\/04\\\/logo-odemocratagb.png\",\"contentUrl\":\"https:\\\/\\\/www.odemocratagb.com\\\/wp-content\\\/uploads\\\/2026\\\/04\\\/logo-odemocratagb.png\",\"width\":1250,\"height\":327,\"caption\":\"O Democrata GB\"},\"image\":{\"@id\":\"https:\\\/\\\/www.odemocratagb.com\\\/#\\\/schema\\\/logo\\\/image\\\/\"},\"sameAs\":[\"https:\\\/\\\/www.facebook.com\\\/jornaldaguinebissau\",\"https:\\\/\\\/www.instagram.com\\\/odemocratagb\"]},{\"@type\":\"Person\",\"@id\":\"https:\\\/\\\/www.odemocratagb.com\\\/#\\\/schema\\\/person\\\/c5e683adeaf9b557e57cf1a8a591b0c0\",\"name\":\"Jornal Odemocrata\",\"image\":{\"@type\":\"ImageObject\",\"inLanguage\":\"pt-BR\",\"@id\":\"https:\\\/\\\/secure.gravatar.com\\\/avatar\\\/09cb6b76eee5612f7cfca9e0089e2f17141d417bd034905eee842945c87fd87f?s=96&d=mm&r=g\",\"url\":\"https:\\\/\\\/secure.gravatar.com\\\/avatar\\\/09cb6b76eee5612f7cfca9e0089e2f17141d417bd034905eee842945c87fd87f?s=96&d=mm&r=g\",\"contentUrl\":\"https:\\\/\\\/secure.gravatar.com\\\/avatar\\\/09cb6b76eee5612f7cfca9e0089e2f17141d417bd034905eee842945c87fd87f?s=96&d=mm&r=g\",\"caption\":\"Jornal Odemocrata\"},\"sameAs\":[\"http:\\\/\\\/odemocratagb.com\"],\"url\":\"https:\\\/\\\/www.odemocratagb.com\\\/?author=4\"}]}<\/script>\n<!-- \/ Yoast SEO plugin. -->","yoast_head_json":{"title":"MINIST\u00c9RIO P\u00daBLICO GUINEENSE ARQUIVA INQU\u00c9RITO CONTRA EX-MINISTRO POR ALEGADO DESVIO DE ARROZ - O Democrata GB","robots":{"index":"index","follow":"follow","max-snippet":"max-snippet:-1","max-image-preview":"max-image-preview:large","max-video-preview":"max-video-preview:-1"},"canonical":"https:\/\/www.odemocratagb.com\/?p=25886","og_locale":"pt_BR","og_type":"article","og_title":"MINIST\u00c9RIO P\u00daBLICO GUINEENSE ARQUIVA INQU\u00c9RITO CONTRA EX-MINISTRO POR ALEGADO DESVIO DE ARROZ - O Democrata GB","og_description":"O Minist\u00e9rio P\u00fablico da Guin\u00e9-Bissau arquivou o inqu\u00e9rito contra o ex-ministro da Agricultura guineense por alegado desvio de arroz doado...","og_url":"https:\/\/www.odemocratagb.com\/?p=25886","og_site_name":"O Democrata GB","article_publisher":"https:\/\/www.facebook.com\/jornaldaguinebissau","article_published_time":"2020-08-05T14:24:35+00:00","article_modified_time":"2020-08-05T14:24:38+00:00","og_image":[{"width":1061,"height":490,"url":"https:\/\/www.odemocratagb.com\/wp-content\/uploads\/2017\/06\/IMG_2803.jpg","type":"image\/jpeg"}],"author":"Jornal Odemocrata","twitter_card":"summary_large_image","twitter_misc":{"Escrito por":"Jornal Odemocrata","Est. tempo de leitura":"1 minuto"},"schema":{"@context":"https:\/\/schema.org","@graph":[{"@type":"Article","@id":"https:\/\/www.odemocratagb.com\/?p=25886#article","isPartOf":{"@id":"https:\/\/www.odemocratagb.com\/?p=25886"},"author":{"name":"Jornal Odemocrata","@id":"https:\/\/www.odemocratagb.com\/#\/schema\/person\/c5e683adeaf9b557e57cf1a8a591b0c0"},"headline":"MINIST\u00c9RIO P\u00daBLICO GUINEENSE ARQUIVA INQU\u00c9RITO CONTRA EX-MINISTRO POR ALEGADO DESVIO DE ARROZ","datePublished":"2020-08-05T14:24:35+00:00","dateModified":"2020-08-05T14:24:38+00:00","mainEntityOfPage":{"@id":"https:\/\/www.odemocratagb.com\/?p=25886"},"wordCount":264,"commentCount":0,"publisher":{"@id":"https:\/\/www.odemocratagb.com\/#organization"},"image":{"@id":"https:\/\/www.odemocratagb.com\/?p=25886#primaryimage"},"thumbnailUrl":"https:\/\/www.odemocratagb.com\/wp-content\/uploads\/2017\/06\/IMG_2803.jpg","articleSection":["Atualidade","Sociedade"],"inLanguage":"pt-BR","potentialAction":[{"@type":"CommentAction","name":"Comment","target":["https:\/\/www.odemocratagb.com\/?p=25886#respond"]}]},{"@type":"WebPage","@id":"https:\/\/www.odemocratagb.com\/?p=25886","url":"https:\/\/www.odemocratagb.com\/?p=25886","name":"MINIST\u00c9RIO P\u00daBLICO GUINEENSE ARQUIVA INQU\u00c9RITO CONTRA EX-MINISTRO POR ALEGADO DESVIO DE ARROZ - O Democrata GB","isPartOf":{"@id":"https:\/\/www.odemocratagb.com\/#website"},"primaryImageOfPage":{"@id":"https:\/\/www.odemocratagb.com\/?p=25886#primaryimage"},"image":{"@id":"https:\/\/www.odemocratagb.com\/?p=25886#primaryimage"},"thumbnailUrl":"https:\/\/www.odemocratagb.com\/wp-content\/uploads\/2017\/06\/IMG_2803.jpg","datePublished":"2020-08-05T14:24:35+00:00","dateModified":"2020-08-05T14:24:38+00:00","breadcrumb":{"@id":"https:\/\/www.odemocratagb.com\/?p=25886#breadcrumb"},"inLanguage":"pt-BR","potentialAction":[{"@type":"ReadAction","target":["https:\/\/www.odemocratagb.com\/?p=25886"]}]},{"@type":"ImageObject","inLanguage":"pt-BR","@id":"https:\/\/www.odemocratagb.com\/?p=25886#primaryimage","url":"https:\/\/www.odemocratagb.com\/wp-content\/uploads\/2017\/06\/IMG_2803.jpg","contentUrl":"https:\/\/www.odemocratagb.com\/wp-content\/uploads\/2017\/06\/IMG_2803.jpg","width":1061,"height":490},{"@type":"BreadcrumbList","@id":"https:\/\/www.odemocratagb.com\/?p=25886#breadcrumb","itemListElement":[{"@type":"ListItem","position":1,"name":"In\u00edcio","item":"https:\/\/www.odemocratagb.com\/"},{"@type":"ListItem","position":2,"name":"MINIST\u00c9RIO P\u00daBLICO GUINEENSE ARQUIVA INQU\u00c9RITO CONTRA EX-MINISTRO POR ALEGADO DESVIO DE ARROZ"}]},{"@type":"WebSite","@id":"https:\/\/www.odemocratagb.com\/#website","url":"https:\/\/www.odemocratagb.com\/","name":"O Democrata GB","description":"Jornal O Democrata GB","publisher":{"@id":"https:\/\/www.odemocratagb.com\/#organization"},"potentialAction":[{"@type":"SearchAction","target":{"@type":"EntryPoint","urlTemplate":"https:\/\/www.odemocratagb.com\/?s={search_term_string}"},"query-input":{"@type":"PropertyValueSpecification","valueRequired":true,"valueName":"search_term_string"}}],"inLanguage":"pt-BR"},{"@type":"Organization","@id":"https:\/\/www.odemocratagb.com\/#organization","name":"O Democrata GB","url":"https:\/\/www.odemocratagb.com\/","logo":{"@type":"ImageObject","inLanguage":"pt-BR","@id":"https:\/\/www.odemocratagb.com\/#\/schema\/logo\/image\/","url":"https:\/\/www.odemocratagb.com\/wp-content\/uploads\/2026\/04\/logo-odemocratagb.png","contentUrl":"https:\/\/www.odemocratagb.com\/wp-content\/uploads\/2026\/04\/logo-odemocratagb.png","width":1250,"height":327,"caption":"O Democrata GB"},"image":{"@id":"https:\/\/www.odemocratagb.com\/#\/schema\/logo\/image\/"},"sameAs":["https:\/\/www.facebook.com\/jornaldaguinebissau","https:\/\/www.instagram.com\/odemocratagb"]},{"@type":"Person","@id":"https:\/\/www.odemocratagb.com\/#\/schema\/person\/c5e683adeaf9b557e57cf1a8a591b0c0","name":"Jornal Odemocrata","image":{"@type":"ImageObject","inLanguage":"pt-BR","@id":"https:\/\/secure.gravatar.com\/avatar\/09cb6b76eee5612f7cfca9e0089e2f17141d417bd034905eee842945c87fd87f?s=96&d=mm&r=g","url":"https:\/\/secure.gravatar.com\/avatar\/09cb6b76eee5612f7cfca9e0089e2f17141d417bd034905eee842945c87fd87f?s=96&d=mm&r=g","contentUrl":"https:\/\/secure.gravatar.com\/avatar\/09cb6b76eee5612f7cfca9e0089e2f17141d417bd034905eee842945c87fd87f?s=96&d=mm&r=g","caption":"Jornal Odemocrata"},"sameAs":["http:\/\/odemocratagb.com"],"url":"https:\/\/www.odemocratagb.com\/?author=4"}]}},"_links":{"self":[{"href":"https:\/\/www.odemocratagb.com\/index.php?rest_route=\/wp\/v2\/posts\/25886","targetHints":{"allow":["GET"]}}],"collection":[{"href":"https:\/\/www.odemocratagb.com\/index.php?rest_route=\/wp\/v2\/posts"}],"about":[{"href":"https:\/\/www.odemocratagb.com\/index.php?rest_route=\/wp\/v2\/types\/post"}],"author":[{"embeddable":true,"href":"https:\/\/www.odemocratagb.com\/index.php?rest_route=\/wp\/v2\/users\/4"}],"replies":[{"embeddable":true,"href":"https:\/\/www.odemocratagb.com\/index.php?rest_route=%2Fwp%2Fv2%2Fcomments&post=25886"}],"version-history":[{"count":1,"href":"https:\/\/www.odemocratagb.com\/index.php?rest_route=\/wp\/v2\/posts\/25886\/revisions"}],"predecessor-version":[{"id":25887,"href":"https:\/\/www.odemocratagb.com\/index.php?rest_route=\/wp\/v2\/posts\/25886\/revisions\/25887"}],"wp:featuredmedia":[{"embeddable":true,"href":"https:\/\/www.odemocratagb.com\/index.php?rest_route=\/wp\/v2\/media\/13274"}],"wp:attachment":[{"href":"https:\/\/www.odemocratagb.com\/index.php?rest_route=%2Fwp%2Fv2%2Fmedia&parent=25886"}],"wp:term":[{"taxonomy":"category","embeddable":true,"href":"https:\/\/www.odemocratagb.com\/index.php?rest_route=%2Fwp%2Fv2%2Fcategories&post=25886"},{"taxonomy":"post_tag","embeddable":true,"href":"https:\/\/www.odemocratagb.com\/index.php?rest_route=%2Fwp%2Fv2%2Ftags&post=25886"}],"curies":[{"name":"wp","href":"https:\/\/api.w.org\/{rel}","templated":true}]}}