{"id":26516,"date":"2020-09-24T12:44:36","date_gmt":"2020-09-24T12:44:36","guid":{"rendered":"https:\/\/www.odemocratagb.com\/?p=26516"},"modified":"2020-09-25T08:01:41","modified_gmt":"2020-09-25T08:01:41","slug":"a-sua-chegada-presidente-macky-sall-recorda-que-senegal-as-vezes-servia-de-base-dos-combatentes-guineenses-na-luta","status":"publish","type":"post","link":"https:\/\/www.odemocratagb.com\/?p=26516","title":{"rendered":"A sua chegada: PRESIDENTE MACKY SALL RECORDA QUE SENEGAL, \u00c0S VEZES, SERVIA DE BASE DOS COMBATENTES GUINEENSES NA LUTA"},"content":{"rendered":"\n<p class=\"wp-block-paragraph\">O Presidente da Rep\u00fablica do Senegal,&nbsp;Macky&nbsp;Sall, lembrou, na sua declara\u00e7\u00e3o aos jornalistas, que o seu pa\u00eds, \u00e0s vezes, servia de base dos combatentes guineenses no per\u00edodo da luta de liberta\u00e7\u00e3o pela independ\u00eancia da Guin\u00e9-Bissau.&nbsp;<\/p>\n\n\n\n<p class=\"wp-block-paragraph\">O chefe de Estado&nbsp;senegal\u00eas&nbsp;fez estas considera\u00e7\u00f5es esta quinta-feira, 24 de setembro, logo depois da sua chegada ao aeroporto internacional Osvaldo Vieira, em Bissau, para participar&nbsp;na comemora\u00e7\u00e3o&nbsp;de 24 de setembro, festa da independ\u00eancia nacional.&nbsp;<\/p>\n\n\n\n<p class=\"wp-block-paragraph\">O avi\u00e3o (jato) da presid\u00eancia da Rep\u00fablica do Senegal&nbsp;aterrou&nbsp;na pista do aeroporto internacional Osvaldo Vieira por volta das 8horas e 50 minutos.&nbsp;<\/p>\n\n\n\n<p class=\"wp-block-paragraph\">O Presidente&nbsp;Sall&nbsp;fez-se acompanhar de uma&nbsp;comitiva&nbsp;constitu\u00edda&nbsp;por elementos do seu gabinete,&nbsp;o&nbsp;ministro dos Neg\u00f3cios Estrangeiros e altos oficiais do&nbsp;ex\u00e9rcito&nbsp;senegal\u00eas.<\/p>\n\n\n\n<p class=\"wp-block-paragraph\">Macky\u00a0Sall\u00a0disse que a Guin\u00e9-Bissau e o Senegal s\u00e3o dois pa\u00edses &#8220;parentes e vizinhos&#8221; que t\u00eam uma liga\u00e7\u00e3o &#8220;de sangue,\u00a0de\u00a0geografia e hist\u00f3ria&#8221;.<\/p>\n\n\n\n<figure class=\"wp-block-image size-large\"><img loading=\"lazy\" decoding=\"async\" width=\"828\" height=\"552\" src=\"https:\/\/www.odemocratagb.com\/wp-content\/uploads\/2020\/09\/3F0F2189-405D-42B3-968B-3BA1BF6126CF.jpeg\" alt=\"\" class=\"wp-image-26546\" srcset=\"https:\/\/www.odemocratagb.com\/wp-content\/uploads\/2020\/09\/3F0F2189-405D-42B3-968B-3BA1BF6126CF.jpeg 828w, https:\/\/www.odemocratagb.com\/wp-content\/uploads\/2020\/09\/3F0F2189-405D-42B3-968B-3BA1BF6126CF-300x200.jpeg 300w, https:\/\/www.odemocratagb.com\/wp-content\/uploads\/2020\/09\/3F0F2189-405D-42B3-968B-3BA1BF6126CF-768x512.jpeg 768w\" sizes=\"auto, (max-width: 828px) 100vw, 828px\" \/><\/figure>\n\n\n\n<p class=\"wp-block-paragraph\">&#8220;O Senegal oficialmente n\u00e3o participou na luta pela liberta\u00e7\u00e3o, mas servia, \u00e0s vezes, de base aos combatentes da Guin\u00e9-Bissau para a independ\u00eancia. Hoje partilhamos esta rela\u00e7\u00e3o e sobretudo, a nossa rela\u00e7\u00e3o particular que eu diria mesmo uma rela\u00e7\u00e3o familiar, dar\u00e1 uma for\u00e7a&nbsp;\u00e0 rela\u00e7\u00e3o&nbsp;entre os dois pa\u00edses. \u00c9 com muito&nbsp;prazer que vimos partilhar este momento com o Presidente Embal\u00f3 e com o povo da Guin\u00e9-Bissau&#8221;, real\u00e7ou.<\/p>\n\n\n\n<p class=\"wp-block-paragraph\">Garantiu, neste particular, que os dois pa\u00edses continuar\u00e3o a&nbsp;ajudarm-se&nbsp;mutuamente, porque &#8220;somos todos&nbsp;pa\u00edses em desenvolvimento e podemos partilhar&nbsp;o&nbsp;pouco que temos.<\/p>\n\n\n\n<p class=\"wp-block-paragraph\">O Presidente da Rep\u00fablica da Guin\u00e9-Bissau, \u00damaro Sissoco Embal\u00f3, aproveitou a ocasi\u00e3o para agradecer o apoio que o chefe de Estado senegal\u00eas deu&nbsp;\u00e0&nbsp;Guin\u00e9-Bissau.<\/p>\n\n\n\n<p class=\"wp-block-paragraph\">&#8220;A associa\u00e7\u00e3o dos agricultores&nbsp;agradeceu&nbsp;ao povo senegal\u00eas e ao seu Presidente, como tamb\u00e9m \u00e0 imprensa guineense e ao povo geral, porque gra\u00e7as ao seu apoio se pode ver a televis\u00e3o nacional em todo o pa\u00eds&#8221;, refor\u00e7ou.<\/p>\n\n\n\n<figure class=\"wp-block-image size-large\"><img loading=\"lazy\" decoding=\"async\" width=\"1024\" height=\"1024\" src=\"https:\/\/www.odemocratagb.com\/wp-content\/uploads\/2020\/09\/44AFD27A-1C66-4681-8296-E354EA206CBF-1024x1024.jpeg\" alt=\"\" class=\"wp-image-26520\" srcset=\"https:\/\/www.odemocratagb.com\/wp-content\/uploads\/2020\/09\/44AFD27A-1C66-4681-8296-E354EA206CBF-1024x1024.jpeg 1024w, https:\/\/www.odemocratagb.com\/wp-content\/uploads\/2020\/09\/44AFD27A-1C66-4681-8296-E354EA206CBF-300x300.jpeg 300w, https:\/\/www.odemocratagb.com\/wp-content\/uploads\/2020\/09\/44AFD27A-1C66-4681-8296-E354EA206CBF-150x150.jpeg 150w, https:\/\/www.odemocratagb.com\/wp-content\/uploads\/2020\/09\/44AFD27A-1C66-4681-8296-E354EA206CBF-768x768.jpeg 768w, https:\/\/www.odemocratagb.com\/wp-content\/uploads\/2020\/09\/44AFD27A-1C66-4681-8296-E354EA206CBF-1536x1536.jpeg 1536w, https:\/\/www.odemocratagb.com\/wp-content\/uploads\/2020\/09\/44AFD27A-1C66-4681-8296-E354EA206CBF.jpeg 2048w\" sizes=\"auto, (max-width: 1024px) 100vw, 1024px\" \/><\/figure>\n\n\n\n<p class=\"wp-block-paragraph\">Chegaram \u00e0 Bissau os presidentes da Nig\u00e9ria e de Burkina Faso e o primeiro ministro do Togo, mas n\u00e3o prestaram declara\u00e7\u00f5es \u00e0 imprensa.<\/p>\n\n\n\n<figure class=\"wp-block-image size-large\"><img loading=\"lazy\" decoding=\"async\" width=\"828\" height=\"552\" src=\"https:\/\/www.odemocratagb.com\/wp-content\/uploads\/2020\/09\/9A93C663-F4C0-4152-8086-D14E6C9AB41F.jpeg\" alt=\"\" class=\"wp-image-26547\" srcset=\"https:\/\/www.odemocratagb.com\/wp-content\/uploads\/2020\/09\/9A93C663-F4C0-4152-8086-D14E6C9AB41F.jpeg 828w, https:\/\/www.odemocratagb.com\/wp-content\/uploads\/2020\/09\/9A93C663-F4C0-4152-8086-D14E6C9AB41F-300x200.jpeg 300w, https:\/\/www.odemocratagb.com\/wp-content\/uploads\/2020\/09\/9A93C663-F4C0-4152-8086-D14E6C9AB41F-768x512.jpeg 768w\" sizes=\"auto, (max-width: 828px) 100vw, 828px\" \/><\/figure>\n\n\n\n<p class=\"wp-block-paragraph\"><\/p>\n\n\n\n<p class=\"wp-block-paragraph\"><br><\/p>\n\n\n\n<p class=\"wp-block-paragraph\">Por:&nbsp;Assana&nbsp;Samb\u00fa<\/p>\n\n\n\n<p class=\"wp-block-paragraph\">Foto: Marcelo Na\u00a0Ritche &amp; Presid\u00eancia da Rep\u00fablica <\/p>\n","protected":false},"excerpt":{"rendered":"<p>O Presidente da Rep\u00fablica do Senegal,&nbsp;Macky&nbsp;Sall, lembrou, na sua declara\u00e7\u00e3o aos jornalistas, que o seu pa\u00eds, \u00e0s vezes, servia de&#8230;<\/p>\n","protected":false},"author":4,"featured_media":26548,"comment_status":"open","ping_status":"open","sticky":false,"template":"","format":"standard","meta":{"footnotes":""},"categories":[6,7],"tags":[],"class_list":["post-26516","post","type-post","status-publish","format-standard","has-post-thumbnail","hentry","category-inicio","category-politica","wpcat-6-id","wpcat-7-id"],"yoast_head":"<!-- This site is optimized with the Yoast SEO plugin v27.5 - https:\/\/yoast.com\/product\/yoast-seo-wordpress\/ -->\n<title>A sua chegada: PRESIDENTE MACKY SALL RECORDA QUE SENEGAL, \u00c0S VEZES, SERVIA DE BASE DOS COMBATENTES GUINEENSES NA LUTA - O Democrata GB<\/title>\n<meta name=\"robots\" content=\"index, follow, max-snippet:-1, max-image-preview:large, max-video-preview:-1\" \/>\n<link rel=\"canonical\" href=\"https:\/\/www.odemocratagb.com\/?p=26516\" \/>\n<meta property=\"og:locale\" content=\"pt_BR\" \/>\n<meta property=\"og:type\" content=\"article\" \/>\n<meta property=\"og:title\" content=\"A sua chegada: PRESIDENTE MACKY SALL RECORDA QUE SENEGAL, \u00c0S VEZES, SERVIA DE BASE DOS COMBATENTES GUINEENSES NA LUTA - O Democrata GB\" \/>\n<meta property=\"og:description\" content=\"O Presidente da Rep\u00fablica do Senegal,&nbsp;Macky&nbsp;Sall, lembrou, na sua declara\u00e7\u00e3o aos jornalistas, que o seu pa\u00eds, \u00e0s vezes, servia de...\" \/>\n<meta property=\"og:url\" content=\"https:\/\/www.odemocratagb.com\/?p=26516\" \/>\n<meta property=\"og:site_name\" content=\"O Democrata GB\" \/>\n<meta property=\"article:publisher\" content=\"https:\/\/www.facebook.com\/jornaldaguinebissau\" \/>\n<meta property=\"article:published_time\" content=\"2020-09-24T12:44:36+00:00\" \/>\n<meta property=\"article:modified_time\" content=\"2020-09-25T08:01:41+00:00\" \/>\n<meta property=\"og:image\" content=\"https:\/\/www.odemocratagb.com\/wp-content\/uploads\/2020\/09\/3DF60017-C915-421D-8DAD-E62B247A6AA8.jpeg\" \/>\n\t<meta property=\"og:image:width\" content=\"791\" \/>\n\t<meta property=\"og:image:height\" content=\"1080\" \/>\n\t<meta property=\"og:image:type\" content=\"image\/jpeg\" \/>\n<meta name=\"author\" content=\"Jornal Odemocrata\" \/>\n<meta name=\"twitter:card\" content=\"summary_large_image\" \/>\n<meta name=\"twitter:label1\" content=\"Escrito por\" \/>\n\t<meta name=\"twitter:data1\" content=\"Jornal Odemocrata\" \/>\n\t<meta name=\"twitter:label2\" content=\"Est. tempo de leitura\" \/>\n\t<meta name=\"twitter:data2\" content=\"2 minutos\" \/>\n<script type=\"application\/ld+json\" class=\"yoast-schema-graph\">{\"@context\":\"https:\\\/\\\/schema.org\",\"@graph\":[{\"@type\":\"Article\",\"@id\":\"https:\\\/\\\/www.odemocratagb.com\\\/?p=26516#article\",\"isPartOf\":{\"@id\":\"https:\\\/\\\/www.odemocratagb.com\\\/?p=26516\"},\"author\":{\"name\":\"Jornal Odemocrata\",\"@id\":\"https:\\\/\\\/www.odemocratagb.com\\\/#\\\/schema\\\/person\\\/c5e683adeaf9b557e57cf1a8a591b0c0\"},\"headline\":\"A sua chegada: PRESIDENTE MACKY SALL RECORDA QUE SENEGAL, \u00c0S VEZES, SERVIA DE BASE DOS COMBATENTES GUINEENSES NA LUTA\",\"datePublished\":\"2020-09-24T12:44:36+00:00\",\"dateModified\":\"2020-09-25T08:01:41+00:00\",\"mainEntityOfPage\":{\"@id\":\"https:\\\/\\\/www.odemocratagb.com\\\/?p=26516\"},\"wordCount\":435,\"commentCount\":0,\"publisher\":{\"@id\":\"https:\\\/\\\/www.odemocratagb.com\\\/#organization\"},\"image\":{\"@id\":\"https:\\\/\\\/www.odemocratagb.com\\\/?p=26516#primaryimage\"},\"thumbnailUrl\":\"https:\\\/\\\/www.odemocratagb.com\\\/wp-content\\\/uploads\\\/2020\\\/09\\\/3DF60017-C915-421D-8DAD-E62B247A6AA8.jpeg\",\"articleSection\":[\"Atualidade\",\"Pol\u00edtica\"],\"inLanguage\":\"pt-BR\",\"potentialAction\":[{\"@type\":\"CommentAction\",\"name\":\"Comment\",\"target\":[\"https:\\\/\\\/www.odemocratagb.com\\\/?p=26516#respond\"]}]},{\"@type\":\"WebPage\",\"@id\":\"https:\\\/\\\/www.odemocratagb.com\\\/?p=26516\",\"url\":\"https:\\\/\\\/www.odemocratagb.com\\\/?p=26516\",\"name\":\"A sua chegada: PRESIDENTE MACKY SALL RECORDA QUE SENEGAL, \u00c0S VEZES, SERVIA DE BASE DOS COMBATENTES GUINEENSES NA LUTA - O Democrata GB\",\"isPartOf\":{\"@id\":\"https:\\\/\\\/www.odemocratagb.com\\\/#website\"},\"primaryImageOfPage\":{\"@id\":\"https:\\\/\\\/www.odemocratagb.com\\\/?p=26516#primaryimage\"},\"image\":{\"@id\":\"https:\\\/\\\/www.odemocratagb.com\\\/?p=26516#primaryimage\"},\"thumbnailUrl\":\"https:\\\/\\\/www.odemocratagb.com\\\/wp-content\\\/uploads\\\/2020\\\/09\\\/3DF60017-C915-421D-8DAD-E62B247A6AA8.jpeg\",\"datePublished\":\"2020-09-24T12:44:36+00:00\",\"dateModified\":\"2020-09-25T08:01:41+00:00\",\"breadcrumb\":{\"@id\":\"https:\\\/\\\/www.odemocratagb.com\\\/?p=26516#breadcrumb\"},\"inLanguage\":\"pt-BR\",\"potentialAction\":[{\"@type\":\"ReadAction\",\"target\":[\"https:\\\/\\\/www.odemocratagb.com\\\/?p=26516\"]}]},{\"@type\":\"ImageObject\",\"inLanguage\":\"pt-BR\",\"@id\":\"https:\\\/\\\/www.odemocratagb.com\\\/?p=26516#primaryimage\",\"url\":\"https:\\\/\\\/www.odemocratagb.com\\\/wp-content\\\/uploads\\\/2020\\\/09\\\/3DF60017-C915-421D-8DAD-E62B247A6AA8.jpeg\",\"contentUrl\":\"https:\\\/\\\/www.odemocratagb.com\\\/wp-content\\\/uploads\\\/2020\\\/09\\\/3DF60017-C915-421D-8DAD-E62B247A6AA8.jpeg\",\"width\":791,\"height\":1080},{\"@type\":\"BreadcrumbList\",\"@id\":\"https:\\\/\\\/www.odemocratagb.com\\\/?p=26516#breadcrumb\",\"itemListElement\":[{\"@type\":\"ListItem\",\"position\":1,\"name\":\"In\u00edcio\",\"item\":\"https:\\\/\\\/www.odemocratagb.com\\\/\"},{\"@type\":\"ListItem\",\"position\":2,\"name\":\"A sua chegada: PRESIDENTE MACKY SALL RECORDA QUE SENEGAL, \u00c0S VEZES, SERVIA DE BASE DOS COMBATENTES GUINEENSES NA LUTA\"}]},{\"@type\":\"WebSite\",\"@id\":\"https:\\\/\\\/www.odemocratagb.com\\\/#website\",\"url\":\"https:\\\/\\\/www.odemocratagb.com\\\/\",\"name\":\"O Democrata GB\",\"description\":\"Jornal O Democrata GB\",\"publisher\":{\"@id\":\"https:\\\/\\\/www.odemocratagb.com\\\/#organization\"},\"potentialAction\":[{\"@type\":\"SearchAction\",\"target\":{\"@type\":\"EntryPoint\",\"urlTemplate\":\"https:\\\/\\\/www.odemocratagb.com\\\/?s={search_term_string}\"},\"query-input\":{\"@type\":\"PropertyValueSpecification\",\"valueRequired\":true,\"valueName\":\"search_term_string\"}}],\"inLanguage\":\"pt-BR\"},{\"@type\":\"Organization\",\"@id\":\"https:\\\/\\\/www.odemocratagb.com\\\/#organization\",\"name\":\"O Democrata GB\",\"url\":\"https:\\\/\\\/www.odemocratagb.com\\\/\",\"logo\":{\"@type\":\"ImageObject\",\"inLanguage\":\"pt-BR\",\"@id\":\"https:\\\/\\\/www.odemocratagb.com\\\/#\\\/schema\\\/logo\\\/image\\\/\",\"url\":\"https:\\\/\\\/www.odemocratagb.com\\\/wp-content\\\/uploads\\\/2026\\\/04\\\/logo-odemocratagb.png\",\"contentUrl\":\"https:\\\/\\\/www.odemocratagb.com\\\/wp-content\\\/uploads\\\/2026\\\/04\\\/logo-odemocratagb.png\",\"width\":1250,\"height\":327,\"caption\":\"O Democrata GB\"},\"image\":{\"@id\":\"https:\\\/\\\/www.odemocratagb.com\\\/#\\\/schema\\\/logo\\\/image\\\/\"},\"sameAs\":[\"https:\\\/\\\/www.facebook.com\\\/jornaldaguinebissau\",\"https:\\\/\\\/www.instagram.com\\\/odemocratagb\"]},{\"@type\":\"Person\",\"@id\":\"https:\\\/\\\/www.odemocratagb.com\\\/#\\\/schema\\\/person\\\/c5e683adeaf9b557e57cf1a8a591b0c0\",\"name\":\"Jornal Odemocrata\",\"image\":{\"@type\":\"ImageObject\",\"inLanguage\":\"pt-BR\",\"@id\":\"https:\\\/\\\/secure.gravatar.com\\\/avatar\\\/09cb6b76eee5612f7cfca9e0089e2f17141d417bd034905eee842945c87fd87f?s=96&d=mm&r=g\",\"url\":\"https:\\\/\\\/secure.gravatar.com\\\/avatar\\\/09cb6b76eee5612f7cfca9e0089e2f17141d417bd034905eee842945c87fd87f?s=96&d=mm&r=g\",\"contentUrl\":\"https:\\\/\\\/secure.gravatar.com\\\/avatar\\\/09cb6b76eee5612f7cfca9e0089e2f17141d417bd034905eee842945c87fd87f?s=96&d=mm&r=g\",\"caption\":\"Jornal Odemocrata\"},\"sameAs\":[\"http:\\\/\\\/odemocratagb.com\"],\"url\":\"https:\\\/\\\/www.odemocratagb.com\\\/?author=4\"}]}<\/script>\n<!-- \/ Yoast SEO plugin. -->","yoast_head_json":{"title":"A sua chegada: PRESIDENTE MACKY SALL RECORDA QUE SENEGAL, \u00c0S VEZES, SERVIA DE BASE DOS COMBATENTES GUINEENSES NA LUTA - O Democrata GB","robots":{"index":"index","follow":"follow","max-snippet":"max-snippet:-1","max-image-preview":"max-image-preview:large","max-video-preview":"max-video-preview:-1"},"canonical":"https:\/\/www.odemocratagb.com\/?p=26516","og_locale":"pt_BR","og_type":"article","og_title":"A sua chegada: PRESIDENTE MACKY SALL RECORDA QUE SENEGAL, \u00c0S VEZES, SERVIA DE BASE DOS COMBATENTES GUINEENSES NA LUTA - O Democrata GB","og_description":"O Presidente da Rep\u00fablica do Senegal,&nbsp;Macky&nbsp;Sall, lembrou, na sua declara\u00e7\u00e3o aos jornalistas, que o seu pa\u00eds, \u00e0s vezes, servia de...","og_url":"https:\/\/www.odemocratagb.com\/?p=26516","og_site_name":"O Democrata GB","article_publisher":"https:\/\/www.facebook.com\/jornaldaguinebissau","article_published_time":"2020-09-24T12:44:36+00:00","article_modified_time":"2020-09-25T08:01:41+00:00","og_image":[{"width":791,"height":1080,"url":"https:\/\/www.odemocratagb.com\/wp-content\/uploads\/2020\/09\/3DF60017-C915-421D-8DAD-E62B247A6AA8.jpeg","type":"image\/jpeg"}],"author":"Jornal Odemocrata","twitter_card":"summary_large_image","twitter_misc":{"Escrito por":"Jornal Odemocrata","Est. tempo de leitura":"2 minutos"},"schema":{"@context":"https:\/\/schema.org","@graph":[{"@type":"Article","@id":"https:\/\/www.odemocratagb.com\/?p=26516#article","isPartOf":{"@id":"https:\/\/www.odemocratagb.com\/?p=26516"},"author":{"name":"Jornal Odemocrata","@id":"https:\/\/www.odemocratagb.com\/#\/schema\/person\/c5e683adeaf9b557e57cf1a8a591b0c0"},"headline":"A sua chegada: PRESIDENTE MACKY SALL RECORDA QUE SENEGAL, \u00c0S VEZES, SERVIA DE BASE DOS COMBATENTES GUINEENSES NA LUTA","datePublished":"2020-09-24T12:44:36+00:00","dateModified":"2020-09-25T08:01:41+00:00","mainEntityOfPage":{"@id":"https:\/\/www.odemocratagb.com\/?p=26516"},"wordCount":435,"commentCount":0,"publisher":{"@id":"https:\/\/www.odemocratagb.com\/#organization"},"image":{"@id":"https:\/\/www.odemocratagb.com\/?p=26516#primaryimage"},"thumbnailUrl":"https:\/\/www.odemocratagb.com\/wp-content\/uploads\/2020\/09\/3DF60017-C915-421D-8DAD-E62B247A6AA8.jpeg","articleSection":["Atualidade","Pol\u00edtica"],"inLanguage":"pt-BR","potentialAction":[{"@type":"CommentAction","name":"Comment","target":["https:\/\/www.odemocratagb.com\/?p=26516#respond"]}]},{"@type":"WebPage","@id":"https:\/\/www.odemocratagb.com\/?p=26516","url":"https:\/\/www.odemocratagb.com\/?p=26516","name":"A sua chegada: PRESIDENTE MACKY SALL RECORDA QUE SENEGAL, \u00c0S VEZES, SERVIA DE BASE DOS COMBATENTES GUINEENSES NA LUTA - O Democrata GB","isPartOf":{"@id":"https:\/\/www.odemocratagb.com\/#website"},"primaryImageOfPage":{"@id":"https:\/\/www.odemocratagb.com\/?p=26516#primaryimage"},"image":{"@id":"https:\/\/www.odemocratagb.com\/?p=26516#primaryimage"},"thumbnailUrl":"https:\/\/www.odemocratagb.com\/wp-content\/uploads\/2020\/09\/3DF60017-C915-421D-8DAD-E62B247A6AA8.jpeg","datePublished":"2020-09-24T12:44:36+00:00","dateModified":"2020-09-25T08:01:41+00:00","breadcrumb":{"@id":"https:\/\/www.odemocratagb.com\/?p=26516#breadcrumb"},"inLanguage":"pt-BR","potentialAction":[{"@type":"ReadAction","target":["https:\/\/www.odemocratagb.com\/?p=26516"]}]},{"@type":"ImageObject","inLanguage":"pt-BR","@id":"https:\/\/www.odemocratagb.com\/?p=26516#primaryimage","url":"https:\/\/www.odemocratagb.com\/wp-content\/uploads\/2020\/09\/3DF60017-C915-421D-8DAD-E62B247A6AA8.jpeg","contentUrl":"https:\/\/www.odemocratagb.com\/wp-content\/uploads\/2020\/09\/3DF60017-C915-421D-8DAD-E62B247A6AA8.jpeg","width":791,"height":1080},{"@type":"BreadcrumbList","@id":"https:\/\/www.odemocratagb.com\/?p=26516#breadcrumb","itemListElement":[{"@type":"ListItem","position":1,"name":"In\u00edcio","item":"https:\/\/www.odemocratagb.com\/"},{"@type":"ListItem","position":2,"name":"A sua chegada: PRESIDENTE MACKY SALL RECORDA QUE SENEGAL, \u00c0S VEZES, SERVIA DE BASE DOS COMBATENTES GUINEENSES NA LUTA"}]},{"@type":"WebSite","@id":"https:\/\/www.odemocratagb.com\/#website","url":"https:\/\/www.odemocratagb.com\/","name":"O Democrata GB","description":"Jornal O Democrata GB","publisher":{"@id":"https:\/\/www.odemocratagb.com\/#organization"},"potentialAction":[{"@type":"SearchAction","target":{"@type":"EntryPoint","urlTemplate":"https:\/\/www.odemocratagb.com\/?s={search_term_string}"},"query-input":{"@type":"PropertyValueSpecification","valueRequired":true,"valueName":"search_term_string"}}],"inLanguage":"pt-BR"},{"@type":"Organization","@id":"https:\/\/www.odemocratagb.com\/#organization","name":"O Democrata GB","url":"https:\/\/www.odemocratagb.com\/","logo":{"@type":"ImageObject","inLanguage":"pt-BR","@id":"https:\/\/www.odemocratagb.com\/#\/schema\/logo\/image\/","url":"https:\/\/www.odemocratagb.com\/wp-content\/uploads\/2026\/04\/logo-odemocratagb.png","contentUrl":"https:\/\/www.odemocratagb.com\/wp-content\/uploads\/2026\/04\/logo-odemocratagb.png","width":1250,"height":327,"caption":"O Democrata GB"},"image":{"@id":"https:\/\/www.odemocratagb.com\/#\/schema\/logo\/image\/"},"sameAs":["https:\/\/www.facebook.com\/jornaldaguinebissau","https:\/\/www.instagram.com\/odemocratagb"]},{"@type":"Person","@id":"https:\/\/www.odemocratagb.com\/#\/schema\/person\/c5e683adeaf9b557e57cf1a8a591b0c0","name":"Jornal Odemocrata","image":{"@type":"ImageObject","inLanguage":"pt-BR","@id":"https:\/\/secure.gravatar.com\/avatar\/09cb6b76eee5612f7cfca9e0089e2f17141d417bd034905eee842945c87fd87f?s=96&d=mm&r=g","url":"https:\/\/secure.gravatar.com\/avatar\/09cb6b76eee5612f7cfca9e0089e2f17141d417bd034905eee842945c87fd87f?s=96&d=mm&r=g","contentUrl":"https:\/\/secure.gravatar.com\/avatar\/09cb6b76eee5612f7cfca9e0089e2f17141d417bd034905eee842945c87fd87f?s=96&d=mm&r=g","caption":"Jornal Odemocrata"},"sameAs":["http:\/\/odemocratagb.com"],"url":"https:\/\/www.odemocratagb.com\/?author=4"}]}},"_links":{"self":[{"href":"https:\/\/www.odemocratagb.com\/index.php?rest_route=\/wp\/v2\/posts\/26516","targetHints":{"allow":["GET"]}}],"collection":[{"href":"https:\/\/www.odemocratagb.com\/index.php?rest_route=\/wp\/v2\/posts"}],"about":[{"href":"https:\/\/www.odemocratagb.com\/index.php?rest_route=\/wp\/v2\/types\/post"}],"author":[{"embeddable":true,"href":"https:\/\/www.odemocratagb.com\/index.php?rest_route=\/wp\/v2\/users\/4"}],"replies":[{"embeddable":true,"href":"https:\/\/www.odemocratagb.com\/index.php?rest_route=%2Fwp%2Fv2%2Fcomments&post=26516"}],"version-history":[{"count":5,"href":"https:\/\/www.odemocratagb.com\/index.php?rest_route=\/wp\/v2\/posts\/26516\/revisions"}],"predecessor-version":[{"id":26550,"href":"https:\/\/www.odemocratagb.com\/index.php?rest_route=\/wp\/v2\/posts\/26516\/revisions\/26550"}],"wp:featuredmedia":[{"embeddable":true,"href":"https:\/\/www.odemocratagb.com\/index.php?rest_route=\/wp\/v2\/media\/26548"}],"wp:attachment":[{"href":"https:\/\/www.odemocratagb.com\/index.php?rest_route=%2Fwp%2Fv2%2Fmedia&parent=26516"}],"wp:term":[{"taxonomy":"category","embeddable":true,"href":"https:\/\/www.odemocratagb.com\/index.php?rest_route=%2Fwp%2Fv2%2Fcategories&post=26516"},{"taxonomy":"post_tag","embeddable":true,"href":"https:\/\/www.odemocratagb.com\/index.php?rest_route=%2Fwp%2Fv2%2Ftags&post=26516"}],"curies":[{"name":"wp","href":"https:\/\/api.w.org\/{rel}","templated":true}]}}