{"id":27296,"date":"2020-11-12T22:24:20","date_gmt":"2020-11-12T22:24:20","guid":{"rendered":"https:\/\/www.odemocratagb.com\/?p=27296"},"modified":"2020-11-12T22:24:23","modified_gmt":"2020-11-12T22:24:23","slug":"lancada-primeira-pedra-para-a-construcao-da-estrada-da-avenida-sassou-nguesso","status":"publish","type":"post","link":"https:\/\/www.odemocratagb.com\/?p=27296","title":{"rendered":"LAN\u00c7ADA PRIMEIRA PEDRA PARA A CONSTRU\u00c7\u00c3O DA ESTRADA DA AVENIDA SASSOU N\u2019GUESSO"},"content":{"rendered":"\n<p class=\"wp-block-paragraph\">O governo, atrav\u00e9s do minist\u00e9rio das Obras P\u00fablicas, Habita\u00e7\u00e3o e Urbanismo (MOPHU), lan\u00e7ou a primeira pedra para a constru\u00e7\u00e3o da estrada da avenida batizada com o nome de Presidente do Congo Brazzaville, Denis Sassou N\u2019guesso. A avenida come\u00e7a a partir de &#8220;Nhonho&#8221; e prolonga-se at\u00e9 ao cruzamento do tro\u00e7o que liga Cuntum Madina ao Est\u00e1dio Nacional 24 de Setembro (Alto Bandim). A obra da constru\u00e7\u00e3o da estrada ter\u00e1 a dura\u00e7\u00e3o de quatro meses.\u00a0<\/p>\n\n\n\n<p class=\"wp-block-paragraph\">A cerim\u00f3nia foi presidida pelo ministro das Obras P\u00fablicas, Fid\u00e9lis Forbs e contou com a presen\u00e7a do ministro do Interior e de Descentraliza\u00e7\u00e3o da Rep\u00fablica do Congo Brazzaville, Raimond Zephirine Mboulou, em representa\u00e7\u00e3o do Presidente Sassou N\u2019guesso, da Ministra dos Neg\u00f3cios Estrangeiros, da Coopera\u00e7a\u00e3o e das Comunidades, Suzi Barbosa, das Pescas, Mamlam Samb\u00fa, da Energia e dos Recursos Naturais, Jorge Mal\u00fa, da Administra\u00e7\u00e3o Territorial e Poder Local, Fernando Dias, da Defesa Nacional, Tenente General Sandji Fati e do Secret\u00e1rio de Estado da Ordem P\u00fablica, M\u00e1rio Famb\u00e9.&nbsp;&nbsp;&nbsp;<\/p>\n\n\n\n<p class=\"wp-block-paragraph\">Na sua comunica\u00e7\u00e3o, Fidelis Forbs disse que a constru\u00e7\u00e3o de infraestruturas tanto p\u00fablicas quanto privadas constitui a base para o desenvolvimento da Guin\u00e9-Bissau. Acrescentou que o ato simboliza o estado das rela\u00e7\u00f5es de amizade, coopera\u00e7\u00e3o e de solidariedade existentes entre dos dois pa\u00edses.<\/p>\n\n\n\n<p class=\"wp-block-paragraph\">Na sua declara\u00e7\u00e3o, o ministro do Interior e Descentraliza\u00e7\u00e3o da Rep\u00fablica do Congo Brazzaville, Raimond Zephirine Mboulou, real\u00e7ou que a iniciativa simboliza a materializa\u00e7\u00e3o de amizade existente entre o povo da Guin\u00e9-Bissau e o Congo Brazzaville.<\/p>\n\n\n\n<p class=\"wp-block-paragraph\">&#8220;Queremos testemunhar-vos a gratid\u00e3o infinita do Presidente Sassou N\u2019guesso, pelo reconhecimento a sua personalidade e a sua honra pelo servi\u00e7o prestado \u00e0 \u00c1frica, sobretudo pela rela\u00e7\u00e3o de fraternidade e de amizade entre o Presidente \u00damaro Sissoco Embal\u00f3. O Presidente Sassou N\u2019guesso, nos pediu para vos dizer que existem amigos que se tornam uma fam\u00edlia. A Guin\u00e9-Bissau e o Congo s\u00e3o amigos que constituem agora uma fam\u00edlia&#8221;, assegurou.&nbsp;<\/p>\n\n\n\n<p class=\"wp-block-paragraph\">Por sua vez, o presidente da C\u00e2mara Municipal de Bissau, Lu\u00eds Sim\u00e3o Intchama, frisou que o desejo da institui\u00e7\u00e3o que dirige \u00e9 ver sempre a cidade de Bissau mudar de rosto, porque \u201cn\u00e3o \u00e9 justo ficar estagnado no mesmo ritmo por v\u00e1rios anos sem uma \u00fanica solu\u00e7\u00e3o\u201d.&nbsp;<\/p>\n\n\n\n<p class=\"wp-block-paragraph\">Nesse sentido, Sim\u00e3o Intchama exortou a empresa executora da obra, Aresky, para levar em conta as valetas e passeios na constru\u00e7\u00e3o da estrada para permitir a drenagem da \u00e1gua e a passagem das pessoas, bem como garantir que o gestor da cidade tenha manobras de fazer poss\u00edveis manuten\u00e7\u00f5es no decorrer dos tempos.\u00a0<br><\/p>\n\n\n\n<p class=\"wp-block-paragraph\"><\/p>\n\n\n\n<p class=\"wp-block-paragraph\"><strong>Por: Aguinaldo Ampa<\/strong><\/p>\n\n\n\n<p class=\"wp-block-paragraph\"><strong>Foto: A.A<\/strong><\/p>\n","protected":false},"excerpt":{"rendered":"<p>O governo, atrav\u00e9s do minist\u00e9rio das Obras P\u00fablicas, Habita\u00e7\u00e3o e Urbanismo (MOPHU), lan\u00e7ou a primeira pedra para a constru\u00e7\u00e3o da&#8230;<\/p>\n","protected":false},"author":4,"featured_media":27297,"comment_status":"open","ping_status":"open","sticky":false,"template":"","format":"standard","meta":{"footnotes":""},"categories":[6,16],"tags":[],"class_list":["post-27296","post","type-post","status-publish","format-standard","has-post-thumbnail","hentry","category-inicio","category-sociedade","wpcat-6-id","wpcat-16-id"],"yoast_head":"<!-- This site is optimized with the Yoast SEO plugin v27.5 - https:\/\/yoast.com\/product\/yoast-seo-wordpress\/ -->\n<title>LAN\u00c7ADA PRIMEIRA PEDRA PARA A CONSTRU\u00c7\u00c3O DA ESTRADA DA AVENIDA SASSOU N\u2019GUESSO - O Democrata GB<\/title>\n<meta name=\"robots\" content=\"index, follow, max-snippet:-1, max-image-preview:large, max-video-preview:-1\" \/>\n<link rel=\"canonical\" href=\"https:\/\/www.odemocratagb.com\/?p=27296\" \/>\n<meta property=\"og:locale\" content=\"pt_BR\" \/>\n<meta property=\"og:type\" content=\"article\" \/>\n<meta property=\"og:title\" content=\"LAN\u00c7ADA PRIMEIRA PEDRA PARA A CONSTRU\u00c7\u00c3O DA ESTRADA DA AVENIDA SASSOU N\u2019GUESSO - O Democrata GB\" \/>\n<meta property=\"og:description\" content=\"O governo, atrav\u00e9s do minist\u00e9rio das Obras P\u00fablicas, Habita\u00e7\u00e3o e Urbanismo (MOPHU), lan\u00e7ou a primeira pedra para a constru\u00e7\u00e3o da...\" \/>\n<meta property=\"og:url\" content=\"https:\/\/www.odemocratagb.com\/?p=27296\" \/>\n<meta property=\"og:site_name\" content=\"O Democrata GB\" \/>\n<meta property=\"article:publisher\" content=\"https:\/\/www.facebook.com\/jornaldaguinebissau\" \/>\n<meta property=\"article:published_time\" content=\"2020-11-12T22:24:20+00:00\" \/>\n<meta property=\"article:modified_time\" content=\"2020-11-12T22:24:23+00:00\" \/>\n<meta property=\"og:image\" content=\"https:\/\/www.odemocratagb.com\/wp-content\/uploads\/2020\/11\/68571B42-C587-47B8-9BAE-52E49D7A0FCA.jpeg\" \/>\n\t<meta property=\"og:image:width\" content=\"960\" \/>\n\t<meta property=\"og:image:height\" content=\"480\" \/>\n\t<meta property=\"og:image:type\" content=\"image\/jpeg\" \/>\n<meta name=\"author\" content=\"Jornal Odemocrata\" \/>\n<meta name=\"twitter:card\" content=\"summary_large_image\" \/>\n<meta name=\"twitter:label1\" content=\"Escrito por\" \/>\n\t<meta name=\"twitter:data1\" content=\"Jornal Odemocrata\" \/>\n\t<meta name=\"twitter:label2\" content=\"Est. tempo de leitura\" \/>\n\t<meta name=\"twitter:data2\" content=\"2 minutos\" \/>\n<script type=\"application\/ld+json\" class=\"yoast-schema-graph\">{\"@context\":\"https:\\\/\\\/schema.org\",\"@graph\":[{\"@type\":\"Article\",\"@id\":\"https:\\\/\\\/www.odemocratagb.com\\\/?p=27296#article\",\"isPartOf\":{\"@id\":\"https:\\\/\\\/www.odemocratagb.com\\\/?p=27296\"},\"author\":{\"name\":\"Jornal Odemocrata\",\"@id\":\"https:\\\/\\\/www.odemocratagb.com\\\/#\\\/schema\\\/person\\\/c5e683adeaf9b557e57cf1a8a591b0c0\"},\"headline\":\"LAN\u00c7ADA PRIMEIRA PEDRA PARA A CONSTRU\u00c7\u00c3O DA ESTRADA DA AVENIDA SASSOU N\u2019GUESSO\",\"datePublished\":\"2020-11-12T22:24:20+00:00\",\"dateModified\":\"2020-11-12T22:24:23+00:00\",\"mainEntityOfPage\":{\"@id\":\"https:\\\/\\\/www.odemocratagb.com\\\/?p=27296\"},\"wordCount\":486,\"commentCount\":0,\"publisher\":{\"@id\":\"https:\\\/\\\/www.odemocratagb.com\\\/#organization\"},\"image\":{\"@id\":\"https:\\\/\\\/www.odemocratagb.com\\\/?p=27296#primaryimage\"},\"thumbnailUrl\":\"https:\\\/\\\/www.odemocratagb.com\\\/wp-content\\\/uploads\\\/2020\\\/11\\\/68571B42-C587-47B8-9BAE-52E49D7A0FCA.jpeg\",\"articleSection\":[\"Atualidade\",\"Sociedade\"],\"inLanguage\":\"pt-BR\",\"potentialAction\":[{\"@type\":\"CommentAction\",\"name\":\"Comment\",\"target\":[\"https:\\\/\\\/www.odemocratagb.com\\\/?p=27296#respond\"]}]},{\"@type\":\"WebPage\",\"@id\":\"https:\\\/\\\/www.odemocratagb.com\\\/?p=27296\",\"url\":\"https:\\\/\\\/www.odemocratagb.com\\\/?p=27296\",\"name\":\"LAN\u00c7ADA PRIMEIRA PEDRA PARA A CONSTRU\u00c7\u00c3O DA ESTRADA DA AVENIDA SASSOU N\u2019GUESSO - O Democrata GB\",\"isPartOf\":{\"@id\":\"https:\\\/\\\/www.odemocratagb.com\\\/#website\"},\"primaryImageOfPage\":{\"@id\":\"https:\\\/\\\/www.odemocratagb.com\\\/?p=27296#primaryimage\"},\"image\":{\"@id\":\"https:\\\/\\\/www.odemocratagb.com\\\/?p=27296#primaryimage\"},\"thumbnailUrl\":\"https:\\\/\\\/www.odemocratagb.com\\\/wp-content\\\/uploads\\\/2020\\\/11\\\/68571B42-C587-47B8-9BAE-52E49D7A0FCA.jpeg\",\"datePublished\":\"2020-11-12T22:24:20+00:00\",\"dateModified\":\"2020-11-12T22:24:23+00:00\",\"breadcrumb\":{\"@id\":\"https:\\\/\\\/www.odemocratagb.com\\\/?p=27296#breadcrumb\"},\"inLanguage\":\"pt-BR\",\"potentialAction\":[{\"@type\":\"ReadAction\",\"target\":[\"https:\\\/\\\/www.odemocratagb.com\\\/?p=27296\"]}]},{\"@type\":\"ImageObject\",\"inLanguage\":\"pt-BR\",\"@id\":\"https:\\\/\\\/www.odemocratagb.com\\\/?p=27296#primaryimage\",\"url\":\"https:\\\/\\\/www.odemocratagb.com\\\/wp-content\\\/uploads\\\/2020\\\/11\\\/68571B42-C587-47B8-9BAE-52E49D7A0FCA.jpeg\",\"contentUrl\":\"https:\\\/\\\/www.odemocratagb.com\\\/wp-content\\\/uploads\\\/2020\\\/11\\\/68571B42-C587-47B8-9BAE-52E49D7A0FCA.jpeg\",\"width\":960,\"height\":480},{\"@type\":\"BreadcrumbList\",\"@id\":\"https:\\\/\\\/www.odemocratagb.com\\\/?p=27296#breadcrumb\",\"itemListElement\":[{\"@type\":\"ListItem\",\"position\":1,\"name\":\"In\u00edcio\",\"item\":\"https:\\\/\\\/www.odemocratagb.com\\\/\"},{\"@type\":\"ListItem\",\"position\":2,\"name\":\"LAN\u00c7ADA PRIMEIRA PEDRA PARA A CONSTRU\u00c7\u00c3O DA ESTRADA DA AVENIDA SASSOU N\u2019GUESSO\"}]},{\"@type\":\"WebSite\",\"@id\":\"https:\\\/\\\/www.odemocratagb.com\\\/#website\",\"url\":\"https:\\\/\\\/www.odemocratagb.com\\\/\",\"name\":\"O Democrata GB\",\"description\":\"Jornal O Democrata GB\",\"publisher\":{\"@id\":\"https:\\\/\\\/www.odemocratagb.com\\\/#organization\"},\"potentialAction\":[{\"@type\":\"SearchAction\",\"target\":{\"@type\":\"EntryPoint\",\"urlTemplate\":\"https:\\\/\\\/www.odemocratagb.com\\\/?s={search_term_string}\"},\"query-input\":{\"@type\":\"PropertyValueSpecification\",\"valueRequired\":true,\"valueName\":\"search_term_string\"}}],\"inLanguage\":\"pt-BR\"},{\"@type\":\"Organization\",\"@id\":\"https:\\\/\\\/www.odemocratagb.com\\\/#organization\",\"name\":\"O Democrata GB\",\"url\":\"https:\\\/\\\/www.odemocratagb.com\\\/\",\"logo\":{\"@type\":\"ImageObject\",\"inLanguage\":\"pt-BR\",\"@id\":\"https:\\\/\\\/www.odemocratagb.com\\\/#\\\/schema\\\/logo\\\/image\\\/\",\"url\":\"https:\\\/\\\/www.odemocratagb.com\\\/wp-content\\\/uploads\\\/2026\\\/04\\\/logo-odemocratagb.png\",\"contentUrl\":\"https:\\\/\\\/www.odemocratagb.com\\\/wp-content\\\/uploads\\\/2026\\\/04\\\/logo-odemocratagb.png\",\"width\":1250,\"height\":327,\"caption\":\"O Democrata GB\"},\"image\":{\"@id\":\"https:\\\/\\\/www.odemocratagb.com\\\/#\\\/schema\\\/logo\\\/image\\\/\"},\"sameAs\":[\"https:\\\/\\\/www.facebook.com\\\/jornaldaguinebissau\",\"https:\\\/\\\/www.instagram.com\\\/odemocratagb\"]},{\"@type\":\"Person\",\"@id\":\"https:\\\/\\\/www.odemocratagb.com\\\/#\\\/schema\\\/person\\\/c5e683adeaf9b557e57cf1a8a591b0c0\",\"name\":\"Jornal Odemocrata\",\"image\":{\"@type\":\"ImageObject\",\"inLanguage\":\"pt-BR\",\"@id\":\"https:\\\/\\\/secure.gravatar.com\\\/avatar\\\/09cb6b76eee5612f7cfca9e0089e2f17141d417bd034905eee842945c87fd87f?s=96&d=mm&r=g\",\"url\":\"https:\\\/\\\/secure.gravatar.com\\\/avatar\\\/09cb6b76eee5612f7cfca9e0089e2f17141d417bd034905eee842945c87fd87f?s=96&d=mm&r=g\",\"contentUrl\":\"https:\\\/\\\/secure.gravatar.com\\\/avatar\\\/09cb6b76eee5612f7cfca9e0089e2f17141d417bd034905eee842945c87fd87f?s=96&d=mm&r=g\",\"caption\":\"Jornal Odemocrata\"},\"sameAs\":[\"http:\\\/\\\/odemocratagb.com\"],\"url\":\"https:\\\/\\\/www.odemocratagb.com\\\/?author=4\"}]}<\/script>\n<!-- \/ Yoast SEO plugin. -->","yoast_head_json":{"title":"LAN\u00c7ADA PRIMEIRA PEDRA PARA A CONSTRU\u00c7\u00c3O DA ESTRADA DA AVENIDA SASSOU N\u2019GUESSO - O Democrata GB","robots":{"index":"index","follow":"follow","max-snippet":"max-snippet:-1","max-image-preview":"max-image-preview:large","max-video-preview":"max-video-preview:-1"},"canonical":"https:\/\/www.odemocratagb.com\/?p=27296","og_locale":"pt_BR","og_type":"article","og_title":"LAN\u00c7ADA PRIMEIRA PEDRA PARA A CONSTRU\u00c7\u00c3O DA ESTRADA DA AVENIDA SASSOU N\u2019GUESSO - O Democrata GB","og_description":"O governo, atrav\u00e9s do minist\u00e9rio das Obras P\u00fablicas, Habita\u00e7\u00e3o e Urbanismo (MOPHU), lan\u00e7ou a primeira pedra para a constru\u00e7\u00e3o da...","og_url":"https:\/\/www.odemocratagb.com\/?p=27296","og_site_name":"O Democrata GB","article_publisher":"https:\/\/www.facebook.com\/jornaldaguinebissau","article_published_time":"2020-11-12T22:24:20+00:00","article_modified_time":"2020-11-12T22:24:23+00:00","og_image":[{"width":960,"height":480,"url":"https:\/\/www.odemocratagb.com\/wp-content\/uploads\/2020\/11\/68571B42-C587-47B8-9BAE-52E49D7A0FCA.jpeg","type":"image\/jpeg"}],"author":"Jornal Odemocrata","twitter_card":"summary_large_image","twitter_misc":{"Escrito por":"Jornal Odemocrata","Est. tempo de leitura":"2 minutos"},"schema":{"@context":"https:\/\/schema.org","@graph":[{"@type":"Article","@id":"https:\/\/www.odemocratagb.com\/?p=27296#article","isPartOf":{"@id":"https:\/\/www.odemocratagb.com\/?p=27296"},"author":{"name":"Jornal Odemocrata","@id":"https:\/\/www.odemocratagb.com\/#\/schema\/person\/c5e683adeaf9b557e57cf1a8a591b0c0"},"headline":"LAN\u00c7ADA PRIMEIRA PEDRA PARA A CONSTRU\u00c7\u00c3O DA ESTRADA DA AVENIDA SASSOU N\u2019GUESSO","datePublished":"2020-11-12T22:24:20+00:00","dateModified":"2020-11-12T22:24:23+00:00","mainEntityOfPage":{"@id":"https:\/\/www.odemocratagb.com\/?p=27296"},"wordCount":486,"commentCount":0,"publisher":{"@id":"https:\/\/www.odemocratagb.com\/#organization"},"image":{"@id":"https:\/\/www.odemocratagb.com\/?p=27296#primaryimage"},"thumbnailUrl":"https:\/\/www.odemocratagb.com\/wp-content\/uploads\/2020\/11\/68571B42-C587-47B8-9BAE-52E49D7A0FCA.jpeg","articleSection":["Atualidade","Sociedade"],"inLanguage":"pt-BR","potentialAction":[{"@type":"CommentAction","name":"Comment","target":["https:\/\/www.odemocratagb.com\/?p=27296#respond"]}]},{"@type":"WebPage","@id":"https:\/\/www.odemocratagb.com\/?p=27296","url":"https:\/\/www.odemocratagb.com\/?p=27296","name":"LAN\u00c7ADA PRIMEIRA PEDRA PARA A CONSTRU\u00c7\u00c3O DA ESTRADA DA AVENIDA SASSOU N\u2019GUESSO - O Democrata GB","isPartOf":{"@id":"https:\/\/www.odemocratagb.com\/#website"},"primaryImageOfPage":{"@id":"https:\/\/www.odemocratagb.com\/?p=27296#primaryimage"},"image":{"@id":"https:\/\/www.odemocratagb.com\/?p=27296#primaryimage"},"thumbnailUrl":"https:\/\/www.odemocratagb.com\/wp-content\/uploads\/2020\/11\/68571B42-C587-47B8-9BAE-52E49D7A0FCA.jpeg","datePublished":"2020-11-12T22:24:20+00:00","dateModified":"2020-11-12T22:24:23+00:00","breadcrumb":{"@id":"https:\/\/www.odemocratagb.com\/?p=27296#breadcrumb"},"inLanguage":"pt-BR","potentialAction":[{"@type":"ReadAction","target":["https:\/\/www.odemocratagb.com\/?p=27296"]}]},{"@type":"ImageObject","inLanguage":"pt-BR","@id":"https:\/\/www.odemocratagb.com\/?p=27296#primaryimage","url":"https:\/\/www.odemocratagb.com\/wp-content\/uploads\/2020\/11\/68571B42-C587-47B8-9BAE-52E49D7A0FCA.jpeg","contentUrl":"https:\/\/www.odemocratagb.com\/wp-content\/uploads\/2020\/11\/68571B42-C587-47B8-9BAE-52E49D7A0FCA.jpeg","width":960,"height":480},{"@type":"BreadcrumbList","@id":"https:\/\/www.odemocratagb.com\/?p=27296#breadcrumb","itemListElement":[{"@type":"ListItem","position":1,"name":"In\u00edcio","item":"https:\/\/www.odemocratagb.com\/"},{"@type":"ListItem","position":2,"name":"LAN\u00c7ADA PRIMEIRA PEDRA PARA A CONSTRU\u00c7\u00c3O DA ESTRADA DA AVENIDA SASSOU N\u2019GUESSO"}]},{"@type":"WebSite","@id":"https:\/\/www.odemocratagb.com\/#website","url":"https:\/\/www.odemocratagb.com\/","name":"O Democrata GB","description":"Jornal O Democrata GB","publisher":{"@id":"https:\/\/www.odemocratagb.com\/#organization"},"potentialAction":[{"@type":"SearchAction","target":{"@type":"EntryPoint","urlTemplate":"https:\/\/www.odemocratagb.com\/?s={search_term_string}"},"query-input":{"@type":"PropertyValueSpecification","valueRequired":true,"valueName":"search_term_string"}}],"inLanguage":"pt-BR"},{"@type":"Organization","@id":"https:\/\/www.odemocratagb.com\/#organization","name":"O Democrata GB","url":"https:\/\/www.odemocratagb.com\/","logo":{"@type":"ImageObject","inLanguage":"pt-BR","@id":"https:\/\/www.odemocratagb.com\/#\/schema\/logo\/image\/","url":"https:\/\/www.odemocratagb.com\/wp-content\/uploads\/2026\/04\/logo-odemocratagb.png","contentUrl":"https:\/\/www.odemocratagb.com\/wp-content\/uploads\/2026\/04\/logo-odemocratagb.png","width":1250,"height":327,"caption":"O Democrata GB"},"image":{"@id":"https:\/\/www.odemocratagb.com\/#\/schema\/logo\/image\/"},"sameAs":["https:\/\/www.facebook.com\/jornaldaguinebissau","https:\/\/www.instagram.com\/odemocratagb"]},{"@type":"Person","@id":"https:\/\/www.odemocratagb.com\/#\/schema\/person\/c5e683adeaf9b557e57cf1a8a591b0c0","name":"Jornal Odemocrata","image":{"@type":"ImageObject","inLanguage":"pt-BR","@id":"https:\/\/secure.gravatar.com\/avatar\/09cb6b76eee5612f7cfca9e0089e2f17141d417bd034905eee842945c87fd87f?s=96&d=mm&r=g","url":"https:\/\/secure.gravatar.com\/avatar\/09cb6b76eee5612f7cfca9e0089e2f17141d417bd034905eee842945c87fd87f?s=96&d=mm&r=g","contentUrl":"https:\/\/secure.gravatar.com\/avatar\/09cb6b76eee5612f7cfca9e0089e2f17141d417bd034905eee842945c87fd87f?s=96&d=mm&r=g","caption":"Jornal Odemocrata"},"sameAs":["http:\/\/odemocratagb.com"],"url":"https:\/\/www.odemocratagb.com\/?author=4"}]}},"_links":{"self":[{"href":"https:\/\/www.odemocratagb.com\/index.php?rest_route=\/wp\/v2\/posts\/27296","targetHints":{"allow":["GET"]}}],"collection":[{"href":"https:\/\/www.odemocratagb.com\/index.php?rest_route=\/wp\/v2\/posts"}],"about":[{"href":"https:\/\/www.odemocratagb.com\/index.php?rest_route=\/wp\/v2\/types\/post"}],"author":[{"embeddable":true,"href":"https:\/\/www.odemocratagb.com\/index.php?rest_route=\/wp\/v2\/users\/4"}],"replies":[{"embeddable":true,"href":"https:\/\/www.odemocratagb.com\/index.php?rest_route=%2Fwp%2Fv2%2Fcomments&post=27296"}],"version-history":[{"count":1,"href":"https:\/\/www.odemocratagb.com\/index.php?rest_route=\/wp\/v2\/posts\/27296\/revisions"}],"predecessor-version":[{"id":27298,"href":"https:\/\/www.odemocratagb.com\/index.php?rest_route=\/wp\/v2\/posts\/27296\/revisions\/27298"}],"wp:featuredmedia":[{"embeddable":true,"href":"https:\/\/www.odemocratagb.com\/index.php?rest_route=\/wp\/v2\/media\/27297"}],"wp:attachment":[{"href":"https:\/\/www.odemocratagb.com\/index.php?rest_route=%2Fwp%2Fv2%2Fmedia&parent=27296"}],"wp:term":[{"taxonomy":"category","embeddable":true,"href":"https:\/\/www.odemocratagb.com\/index.php?rest_route=%2Fwp%2Fv2%2Fcategories&post=27296"},{"taxonomy":"post_tag","embeddable":true,"href":"https:\/\/www.odemocratagb.com\/index.php?rest_route=%2Fwp%2Fv2%2Ftags&post=27296"}],"curies":[{"name":"wp","href":"https:\/\/api.w.org\/{rel}","templated":true}]}}