{"id":27838,"date":"2020-12-29T00:47:44","date_gmt":"2020-12-29T00:47:44","guid":{"rendered":"https:\/\/www.odemocratagb.com\/?p=27838"},"modified":"2020-12-29T00:47:46","modified_gmt":"2020-12-29T00:47:46","slug":"boletim-covid-19-guine-bissau-regista-seis-novos-casos-de-infecao","status":"publish","type":"post","link":"https:\/\/www.odemocratagb.com\/?p=27838","title":{"rendered":"Boletim Covid-19: GUIN\u00c9-BISSAU REGISTA SEIS NOVOS CASOS DE INFE\u00c7\u00c3O"},"content":{"rendered":"\n<p class=\"wp-block-paragraph\">O Alto Comissariado para a luta contra a pandemia do novo Coronav\u00edrus (Covid-19) anunciou esta segunda-feira, 28 de dezembro de 2020, que a Guin\u00e9-Bissau\u00a0registou\u00a0seis novos casos de infe\u00e7\u00e3o, em 944 amostras analisadas de 21 a 27 do m\u00eas em curso. O pa\u00eds registou tamb\u00e9m dez casos de pacientes recuperados.<\/p>\n\n\n\n<p class=\"wp-block-paragraph\">De acordo com o boletim informativo divulgado hoje, dos seis novos casos, cinco s\u00e3o de Bissau e um (1) da regi\u00e3o de Bafat\u00e1.&nbsp;<\/p>\n\n\n\n<p class=\"wp-block-paragraph\">A Guin\u00e9-Bissau&nbsp;registou, at\u00e9 ao momento, um total 2.453 casos acumulados, dos quais 2.396 foram dados como recuperados, 45 \u00f3bitos por covid-19, 06 \u00f3bitos por outras doen\u00e7as e 06 casos ativos, tendo analisado 36.588 amostras&nbsp;desde o in\u00edcio da pandemia.&nbsp;Segundo as estat\u00edsticas, apenas duas regi\u00f5es t\u00eam casos ativos.&nbsp;<\/p>\n\n\n\n<p class=\"wp-block-paragraph\">A regi\u00e3o sanit\u00e1ria de Bissau tem 2.085 casos acumulados, dos quais 2047 recuperados, 29 \u00f3bitos por COVID-19, 04 \u00f3bitos com&nbsp;covid&nbsp;e 05 casos ativos.&nbsp;<\/p>\n\n\n\n<p class=\"wp-block-paragraph\">A regi\u00e3o sanit\u00e1ria de Bafat\u00e1 regista 62 casos acumulados, 54 recuperados, 07 \u00f3bitos e um ativo.&nbsp;<\/p>\n\n\n\n<p class=\"wp-block-paragraph\">Na regi\u00e3o&nbsp;sanit\u00e1ria de Biombo os dados mant\u00eam-se em 142 casos acumulados, 132 recuperados, 08 \u00f3bitos por&nbsp;covid, 02 com&nbsp;covid&nbsp;e sem casos ativos.&nbsp;<\/p>\n\n\n\n<p class=\"wp-block-paragraph\">A regi\u00e3o de Cacheu que tem um total de 48 acumulados, 47 est\u00e3o recuperados, um \u00f3bito e sem&nbsp;casos ativos.<\/p>\n\n\n\n<p class=\"wp-block-paragraph\">Qu\u00ednara&nbsp;tem 40 casos acumulados, todos recuperados.&nbsp;<\/p>\n\n\n\n<p class=\"wp-block-paragraph\">A regi\u00e3o sanit\u00e1ria de Oio tem 28&nbsp;casos&nbsp;tamb\u00e9m todos&nbsp;recuperados.<\/p>\n\n\n\n<p class=\"wp-block-paragraph\">A regi\u00e3o sanit\u00e1ria de Farim mant\u00e9m-se com 22 casos&nbsp;todos &nbsp;recuperados.&nbsp;<\/p>\n\n\n\n<p class=\"wp-block-paragraph\">A regi\u00e3o sanit\u00e1ria de Gab\u00fa tem um total de 16 casos&nbsp;acumulados, todos&nbsp;recuperados.<\/p>\n\n\n\n<p class=\"wp-block-paragraph\">Tombali regista 09 casos acumulados, tamb\u00e9m todos&nbsp;recuperados.&nbsp;<\/p>\n\n\n\n<p class=\"wp-block-paragraph\">A regi\u00e3o sanit\u00e1ria de Bolama&nbsp;tem apenas&nbsp;um caso acumulado considerado recuperado. &nbsp;<\/p>\n\n\n\n<p class=\"wp-block-paragraph\">Bijag\u00f3s&nbsp;continua sem&nbsp;casos&nbsp;de coronav\u00edrus.&nbsp;<\/p>\n\n\n\n<p class=\"wp-block-paragraph\">Ainda de acordo com o boletim, &nbsp;os &nbsp;homens continuam a liderar o n\u00famero de casos &nbsp;na Guin\u00e9-Bissau com 62% de infetados e 38% do sexo feminino.<\/p>\n\n\n\n<p class=\"wp-block-paragraph\">Na sua declara\u00e7\u00e3o, a Alta Comiss\u00e1ria para a Covid-19, Magda Robalo, revelou que na&nbsp;semana&nbsp;em an\u00e1lise&nbsp;foi descoberta uma nova estirpe do v\u00edrus SARS-CoV-2 que causa a Covid-19 e apelou \u00e0 colabora\u00e7\u00e3o da popula\u00e7\u00e3o no uso obrigat\u00f3rio e correto das m\u00e1scaras faciais, nos locais p\u00fablicos abertos ou fechados. &nbsp;&nbsp;<\/p>\n\n\n\n<p class=\"wp-block-paragraph\">Em confer\u00eancia de imprensa&nbsp;conjunta&nbsp;com o&nbsp;Minist\u00e9rio do&nbsp;Interior, o Movimento Nacional da Sociedade Civil e a Liga Guineense dos Direitos Humanos,&nbsp;sobre a&nbsp;\u201cOpera\u00e7\u00e3o Fim de&nbsp;Ano\u201d com&nbsp;o intuito de fazer uma frente na luta contra a propaga\u00e7\u00e3o de Covid-19, Magda Robalo pediu&nbsp;o&nbsp;cumprimento rigoroso, durante e depois do festejo do final do 2020, das medidas de preven\u00e7\u00e3o estabelecidas pelas autoridades sanit\u00e1rias.<\/p>\n\n\n\n<p class=\"wp-block-paragraph\">A Alta Comiss\u00e1ria&nbsp;assegurou que n\u00e3o ser\u00e1&nbsp;proibido o&nbsp;festejo tradicional do final de ano, desde que&nbsp;seja num&nbsp;ambiente seguro&nbsp;pelo&nbsp;uso de m\u00e1scaras e distanciamento social.&nbsp;<\/p>\n\n\n\n<p class=\"wp-block-paragraph\">Defendeu que \u00e9&nbsp;imperativa&nbsp;a medida de utiliza\u00e7\u00e3o dos espa\u00e7os fechados de acesso p\u00fablico apenas com&nbsp;metade de lota\u00e7\u00e3o, ou seja, n\u00e3o deve exceder 100 pessoas, salvo autoriza\u00e7\u00e3o especial e excecional do Alto Comissariado.<\/p>\n\n\n\n<p class=\"wp-block-paragraph\">Magda Robalo sublinhou que a \u201cOpera\u00e7\u00e3o Fim de Ano\u201d &nbsp;deve ser uma opera\u00e7\u00e3o voltada \u00e0 popula\u00e7\u00e3o, n\u00e3o contra a popula\u00e7\u00e3o. Por isso, aconselha que sejam intensificadas as medidas de controlo nas fronteiras, nos transportes p\u00fablicos, sobretudo o uso obrigat\u00f3rio e correto das m\u00e1scaras nas vias p\u00fablicas, nos lugares de lazer, entre outros. &nbsp;&nbsp;<\/p>\n\n\n\n<p class=\"wp-block-paragraph\"><br><\/p>\n\n\n\n<p class=\"wp-block-paragraph\"><\/p>\n\n\n\n<p class=\"wp-block-paragraph\">Por: Djamila Da Silva<\/p>\n","protected":false},"excerpt":{"rendered":"<p>O Alto Comissariado para a luta contra a pandemia do novo Coronav\u00edrus (Covid-19) anunciou esta segunda-feira, 28 de dezembro de&#8230;<\/p>\n","protected":false},"author":4,"featured_media":27512,"comment_status":"open","ping_status":"open","sticky":false,"template":"","format":"standard","meta":{"footnotes":""},"categories":[6,16],"tags":[],"class_list":["post-27838","post","type-post","status-publish","format-standard","has-post-thumbnail","hentry","category-inicio","category-sociedade","wpcat-6-id","wpcat-16-id"],"yoast_head":"<!-- This site is optimized with the Yoast SEO plugin v27.5 - https:\/\/yoast.com\/product\/yoast-seo-wordpress\/ -->\n<title>Boletim Covid-19: GUIN\u00c9-BISSAU REGISTA SEIS NOVOS CASOS DE INFE\u00c7\u00c3O - O Democrata GB<\/title>\n<meta name=\"robots\" content=\"index, follow, max-snippet:-1, max-image-preview:large, max-video-preview:-1\" \/>\n<link rel=\"canonical\" href=\"https:\/\/www.odemocratagb.com\/?p=27838\" \/>\n<meta property=\"og:locale\" content=\"pt_BR\" \/>\n<meta property=\"og:type\" content=\"article\" \/>\n<meta property=\"og:title\" content=\"Boletim Covid-19: GUIN\u00c9-BISSAU REGISTA SEIS NOVOS CASOS DE INFE\u00c7\u00c3O - O Democrata GB\" \/>\n<meta property=\"og:description\" content=\"O Alto Comissariado para a luta contra a pandemia do novo Coronav\u00edrus (Covid-19) anunciou esta segunda-feira, 28 de dezembro de...\" \/>\n<meta property=\"og:url\" content=\"https:\/\/www.odemocratagb.com\/?p=27838\" \/>\n<meta property=\"og:site_name\" content=\"O Democrata GB\" \/>\n<meta property=\"article:publisher\" content=\"https:\/\/www.facebook.com\/jornaldaguinebissau\" \/>\n<meta property=\"article:published_time\" content=\"2020-12-29T00:47:44+00:00\" \/>\n<meta property=\"article:modified_time\" content=\"2020-12-29T00:47:46+00:00\" \/>\n<meta property=\"og:image\" content=\"https:\/\/www.odemocratagb.com\/wp-content\/uploads\/2020\/12\/64EA5CC0-34E0-4BBC-8453-4E6D70A66DE5.jpeg\" \/>\n\t<meta property=\"og:image:width\" content=\"474\" \/>\n\t<meta property=\"og:image:height\" content=\"445\" \/>\n\t<meta property=\"og:image:type\" content=\"image\/jpeg\" \/>\n<meta name=\"author\" content=\"Jornal Odemocrata\" \/>\n<meta name=\"twitter:card\" content=\"summary_large_image\" \/>\n<meta name=\"twitter:label1\" content=\"Escrito por\" \/>\n\t<meta name=\"twitter:data1\" content=\"Jornal Odemocrata\" \/>\n\t<meta name=\"twitter:label2\" content=\"Est. tempo de leitura\" \/>\n\t<meta name=\"twitter:data2\" content=\"3 minutos\" \/>\n<script type=\"application\/ld+json\" class=\"yoast-schema-graph\">{\"@context\":\"https:\\\/\\\/schema.org\",\"@graph\":[{\"@type\":\"Article\",\"@id\":\"https:\\\/\\\/www.odemocratagb.com\\\/?p=27838#article\",\"isPartOf\":{\"@id\":\"https:\\\/\\\/www.odemocratagb.com\\\/?p=27838\"},\"author\":{\"name\":\"Jornal Odemocrata\",\"@id\":\"https:\\\/\\\/www.odemocratagb.com\\\/#\\\/schema\\\/person\\\/c5e683adeaf9b557e57cf1a8a591b0c0\"},\"headline\":\"Boletim Covid-19: GUIN\u00c9-BISSAU REGISTA SEIS NOVOS CASOS DE INFE\u00c7\u00c3O\",\"datePublished\":\"2020-12-29T00:47:44+00:00\",\"dateModified\":\"2020-12-29T00:47:46+00:00\",\"mainEntityOfPage\":{\"@id\":\"https:\\\/\\\/www.odemocratagb.com\\\/?p=27838\"},\"wordCount\":648,\"commentCount\":0,\"publisher\":{\"@id\":\"https:\\\/\\\/www.odemocratagb.com\\\/#organization\"},\"image\":{\"@id\":\"https:\\\/\\\/www.odemocratagb.com\\\/?p=27838#primaryimage\"},\"thumbnailUrl\":\"https:\\\/\\\/www.odemocratagb.com\\\/wp-content\\\/uploads\\\/2020\\\/12\\\/64EA5CC0-34E0-4BBC-8453-4E6D70A66DE5.jpeg\",\"articleSection\":[\"Atualidade\",\"Sociedade\"],\"inLanguage\":\"pt-BR\",\"potentialAction\":[{\"@type\":\"CommentAction\",\"name\":\"Comment\",\"target\":[\"https:\\\/\\\/www.odemocratagb.com\\\/?p=27838#respond\"]}]},{\"@type\":\"WebPage\",\"@id\":\"https:\\\/\\\/www.odemocratagb.com\\\/?p=27838\",\"url\":\"https:\\\/\\\/www.odemocratagb.com\\\/?p=27838\",\"name\":\"Boletim Covid-19: GUIN\u00c9-BISSAU REGISTA SEIS NOVOS CASOS DE INFE\u00c7\u00c3O - O Democrata GB\",\"isPartOf\":{\"@id\":\"https:\\\/\\\/www.odemocratagb.com\\\/#website\"},\"primaryImageOfPage\":{\"@id\":\"https:\\\/\\\/www.odemocratagb.com\\\/?p=27838#primaryimage\"},\"image\":{\"@id\":\"https:\\\/\\\/www.odemocratagb.com\\\/?p=27838#primaryimage\"},\"thumbnailUrl\":\"https:\\\/\\\/www.odemocratagb.com\\\/wp-content\\\/uploads\\\/2020\\\/12\\\/64EA5CC0-34E0-4BBC-8453-4E6D70A66DE5.jpeg\",\"datePublished\":\"2020-12-29T00:47:44+00:00\",\"dateModified\":\"2020-12-29T00:47:46+00:00\",\"breadcrumb\":{\"@id\":\"https:\\\/\\\/www.odemocratagb.com\\\/?p=27838#breadcrumb\"},\"inLanguage\":\"pt-BR\",\"potentialAction\":[{\"@type\":\"ReadAction\",\"target\":[\"https:\\\/\\\/www.odemocratagb.com\\\/?p=27838\"]}]},{\"@type\":\"ImageObject\",\"inLanguage\":\"pt-BR\",\"@id\":\"https:\\\/\\\/www.odemocratagb.com\\\/?p=27838#primaryimage\",\"url\":\"https:\\\/\\\/www.odemocratagb.com\\\/wp-content\\\/uploads\\\/2020\\\/12\\\/64EA5CC0-34E0-4BBC-8453-4E6D70A66DE5.jpeg\",\"contentUrl\":\"https:\\\/\\\/www.odemocratagb.com\\\/wp-content\\\/uploads\\\/2020\\\/12\\\/64EA5CC0-34E0-4BBC-8453-4E6D70A66DE5.jpeg\",\"width\":474,\"height\":445},{\"@type\":\"BreadcrumbList\",\"@id\":\"https:\\\/\\\/www.odemocratagb.com\\\/?p=27838#breadcrumb\",\"itemListElement\":[{\"@type\":\"ListItem\",\"position\":1,\"name\":\"In\u00edcio\",\"item\":\"https:\\\/\\\/www.odemocratagb.com\\\/\"},{\"@type\":\"ListItem\",\"position\":2,\"name\":\"Boletim Covid-19: GUIN\u00c9-BISSAU REGISTA SEIS NOVOS CASOS DE INFE\u00c7\u00c3O\"}]},{\"@type\":\"WebSite\",\"@id\":\"https:\\\/\\\/www.odemocratagb.com\\\/#website\",\"url\":\"https:\\\/\\\/www.odemocratagb.com\\\/\",\"name\":\"O Democrata GB\",\"description\":\"Jornal O Democrata GB\",\"publisher\":{\"@id\":\"https:\\\/\\\/www.odemocratagb.com\\\/#organization\"},\"potentialAction\":[{\"@type\":\"SearchAction\",\"target\":{\"@type\":\"EntryPoint\",\"urlTemplate\":\"https:\\\/\\\/www.odemocratagb.com\\\/?s={search_term_string}\"},\"query-input\":{\"@type\":\"PropertyValueSpecification\",\"valueRequired\":true,\"valueName\":\"search_term_string\"}}],\"inLanguage\":\"pt-BR\"},{\"@type\":\"Organization\",\"@id\":\"https:\\\/\\\/www.odemocratagb.com\\\/#organization\",\"name\":\"O Democrata GB\",\"url\":\"https:\\\/\\\/www.odemocratagb.com\\\/\",\"logo\":{\"@type\":\"ImageObject\",\"inLanguage\":\"pt-BR\",\"@id\":\"https:\\\/\\\/www.odemocratagb.com\\\/#\\\/schema\\\/logo\\\/image\\\/\",\"url\":\"https:\\\/\\\/www.odemocratagb.com\\\/wp-content\\\/uploads\\\/2026\\\/04\\\/logo-odemocratagb.png\",\"contentUrl\":\"https:\\\/\\\/www.odemocratagb.com\\\/wp-content\\\/uploads\\\/2026\\\/04\\\/logo-odemocratagb.png\",\"width\":1250,\"height\":327,\"caption\":\"O Democrata GB\"},\"image\":{\"@id\":\"https:\\\/\\\/www.odemocratagb.com\\\/#\\\/schema\\\/logo\\\/image\\\/\"},\"sameAs\":[\"https:\\\/\\\/www.facebook.com\\\/jornaldaguinebissau\",\"https:\\\/\\\/www.instagram.com\\\/odemocratagb\"]},{\"@type\":\"Person\",\"@id\":\"https:\\\/\\\/www.odemocratagb.com\\\/#\\\/schema\\\/person\\\/c5e683adeaf9b557e57cf1a8a591b0c0\",\"name\":\"Jornal Odemocrata\",\"image\":{\"@type\":\"ImageObject\",\"inLanguage\":\"pt-BR\",\"@id\":\"https:\\\/\\\/secure.gravatar.com\\\/avatar\\\/09cb6b76eee5612f7cfca9e0089e2f17141d417bd034905eee842945c87fd87f?s=96&d=mm&r=g\",\"url\":\"https:\\\/\\\/secure.gravatar.com\\\/avatar\\\/09cb6b76eee5612f7cfca9e0089e2f17141d417bd034905eee842945c87fd87f?s=96&d=mm&r=g\",\"contentUrl\":\"https:\\\/\\\/secure.gravatar.com\\\/avatar\\\/09cb6b76eee5612f7cfca9e0089e2f17141d417bd034905eee842945c87fd87f?s=96&d=mm&r=g\",\"caption\":\"Jornal Odemocrata\"},\"sameAs\":[\"http:\\\/\\\/odemocratagb.com\"],\"url\":\"https:\\\/\\\/www.odemocratagb.com\\\/?author=4\"}]}<\/script>\n<!-- \/ Yoast SEO plugin. -->","yoast_head_json":{"title":"Boletim Covid-19: GUIN\u00c9-BISSAU REGISTA SEIS NOVOS CASOS DE INFE\u00c7\u00c3O - O Democrata GB","robots":{"index":"index","follow":"follow","max-snippet":"max-snippet:-1","max-image-preview":"max-image-preview:large","max-video-preview":"max-video-preview:-1"},"canonical":"https:\/\/www.odemocratagb.com\/?p=27838","og_locale":"pt_BR","og_type":"article","og_title":"Boletim Covid-19: GUIN\u00c9-BISSAU REGISTA SEIS NOVOS CASOS DE INFE\u00c7\u00c3O - O Democrata GB","og_description":"O Alto Comissariado para a luta contra a pandemia do novo Coronav\u00edrus (Covid-19) anunciou esta segunda-feira, 28 de dezembro de...","og_url":"https:\/\/www.odemocratagb.com\/?p=27838","og_site_name":"O Democrata GB","article_publisher":"https:\/\/www.facebook.com\/jornaldaguinebissau","article_published_time":"2020-12-29T00:47:44+00:00","article_modified_time":"2020-12-29T00:47:46+00:00","og_image":[{"width":474,"height":445,"url":"https:\/\/www.odemocratagb.com\/wp-content\/uploads\/2020\/12\/64EA5CC0-34E0-4BBC-8453-4E6D70A66DE5.jpeg","type":"image\/jpeg"}],"author":"Jornal Odemocrata","twitter_card":"summary_large_image","twitter_misc":{"Escrito por":"Jornal Odemocrata","Est. tempo de leitura":"3 minutos"},"schema":{"@context":"https:\/\/schema.org","@graph":[{"@type":"Article","@id":"https:\/\/www.odemocratagb.com\/?p=27838#article","isPartOf":{"@id":"https:\/\/www.odemocratagb.com\/?p=27838"},"author":{"name":"Jornal Odemocrata","@id":"https:\/\/www.odemocratagb.com\/#\/schema\/person\/c5e683adeaf9b557e57cf1a8a591b0c0"},"headline":"Boletim Covid-19: GUIN\u00c9-BISSAU REGISTA SEIS NOVOS CASOS DE INFE\u00c7\u00c3O","datePublished":"2020-12-29T00:47:44+00:00","dateModified":"2020-12-29T00:47:46+00:00","mainEntityOfPage":{"@id":"https:\/\/www.odemocratagb.com\/?p=27838"},"wordCount":648,"commentCount":0,"publisher":{"@id":"https:\/\/www.odemocratagb.com\/#organization"},"image":{"@id":"https:\/\/www.odemocratagb.com\/?p=27838#primaryimage"},"thumbnailUrl":"https:\/\/www.odemocratagb.com\/wp-content\/uploads\/2020\/12\/64EA5CC0-34E0-4BBC-8453-4E6D70A66DE5.jpeg","articleSection":["Atualidade","Sociedade"],"inLanguage":"pt-BR","potentialAction":[{"@type":"CommentAction","name":"Comment","target":["https:\/\/www.odemocratagb.com\/?p=27838#respond"]}]},{"@type":"WebPage","@id":"https:\/\/www.odemocratagb.com\/?p=27838","url":"https:\/\/www.odemocratagb.com\/?p=27838","name":"Boletim Covid-19: GUIN\u00c9-BISSAU REGISTA SEIS NOVOS CASOS DE INFE\u00c7\u00c3O - O Democrata GB","isPartOf":{"@id":"https:\/\/www.odemocratagb.com\/#website"},"primaryImageOfPage":{"@id":"https:\/\/www.odemocratagb.com\/?p=27838#primaryimage"},"image":{"@id":"https:\/\/www.odemocratagb.com\/?p=27838#primaryimage"},"thumbnailUrl":"https:\/\/www.odemocratagb.com\/wp-content\/uploads\/2020\/12\/64EA5CC0-34E0-4BBC-8453-4E6D70A66DE5.jpeg","datePublished":"2020-12-29T00:47:44+00:00","dateModified":"2020-12-29T00:47:46+00:00","breadcrumb":{"@id":"https:\/\/www.odemocratagb.com\/?p=27838#breadcrumb"},"inLanguage":"pt-BR","potentialAction":[{"@type":"ReadAction","target":["https:\/\/www.odemocratagb.com\/?p=27838"]}]},{"@type":"ImageObject","inLanguage":"pt-BR","@id":"https:\/\/www.odemocratagb.com\/?p=27838#primaryimage","url":"https:\/\/www.odemocratagb.com\/wp-content\/uploads\/2020\/12\/64EA5CC0-34E0-4BBC-8453-4E6D70A66DE5.jpeg","contentUrl":"https:\/\/www.odemocratagb.com\/wp-content\/uploads\/2020\/12\/64EA5CC0-34E0-4BBC-8453-4E6D70A66DE5.jpeg","width":474,"height":445},{"@type":"BreadcrumbList","@id":"https:\/\/www.odemocratagb.com\/?p=27838#breadcrumb","itemListElement":[{"@type":"ListItem","position":1,"name":"In\u00edcio","item":"https:\/\/www.odemocratagb.com\/"},{"@type":"ListItem","position":2,"name":"Boletim Covid-19: GUIN\u00c9-BISSAU REGISTA SEIS NOVOS CASOS DE INFE\u00c7\u00c3O"}]},{"@type":"WebSite","@id":"https:\/\/www.odemocratagb.com\/#website","url":"https:\/\/www.odemocratagb.com\/","name":"O Democrata GB","description":"Jornal O Democrata GB","publisher":{"@id":"https:\/\/www.odemocratagb.com\/#organization"},"potentialAction":[{"@type":"SearchAction","target":{"@type":"EntryPoint","urlTemplate":"https:\/\/www.odemocratagb.com\/?s={search_term_string}"},"query-input":{"@type":"PropertyValueSpecification","valueRequired":true,"valueName":"search_term_string"}}],"inLanguage":"pt-BR"},{"@type":"Organization","@id":"https:\/\/www.odemocratagb.com\/#organization","name":"O Democrata GB","url":"https:\/\/www.odemocratagb.com\/","logo":{"@type":"ImageObject","inLanguage":"pt-BR","@id":"https:\/\/www.odemocratagb.com\/#\/schema\/logo\/image\/","url":"https:\/\/www.odemocratagb.com\/wp-content\/uploads\/2026\/04\/logo-odemocratagb.png","contentUrl":"https:\/\/www.odemocratagb.com\/wp-content\/uploads\/2026\/04\/logo-odemocratagb.png","width":1250,"height":327,"caption":"O Democrata GB"},"image":{"@id":"https:\/\/www.odemocratagb.com\/#\/schema\/logo\/image\/"},"sameAs":["https:\/\/www.facebook.com\/jornaldaguinebissau","https:\/\/www.instagram.com\/odemocratagb"]},{"@type":"Person","@id":"https:\/\/www.odemocratagb.com\/#\/schema\/person\/c5e683adeaf9b557e57cf1a8a591b0c0","name":"Jornal Odemocrata","image":{"@type":"ImageObject","inLanguage":"pt-BR","@id":"https:\/\/secure.gravatar.com\/avatar\/09cb6b76eee5612f7cfca9e0089e2f17141d417bd034905eee842945c87fd87f?s=96&d=mm&r=g","url":"https:\/\/secure.gravatar.com\/avatar\/09cb6b76eee5612f7cfca9e0089e2f17141d417bd034905eee842945c87fd87f?s=96&d=mm&r=g","contentUrl":"https:\/\/secure.gravatar.com\/avatar\/09cb6b76eee5612f7cfca9e0089e2f17141d417bd034905eee842945c87fd87f?s=96&d=mm&r=g","caption":"Jornal Odemocrata"},"sameAs":["http:\/\/odemocratagb.com"],"url":"https:\/\/www.odemocratagb.com\/?author=4"}]}},"_links":{"self":[{"href":"https:\/\/www.odemocratagb.com\/index.php?rest_route=\/wp\/v2\/posts\/27838","targetHints":{"allow":["GET"]}}],"collection":[{"href":"https:\/\/www.odemocratagb.com\/index.php?rest_route=\/wp\/v2\/posts"}],"about":[{"href":"https:\/\/www.odemocratagb.com\/index.php?rest_route=\/wp\/v2\/types\/post"}],"author":[{"embeddable":true,"href":"https:\/\/www.odemocratagb.com\/index.php?rest_route=\/wp\/v2\/users\/4"}],"replies":[{"embeddable":true,"href":"https:\/\/www.odemocratagb.com\/index.php?rest_route=%2Fwp%2Fv2%2Fcomments&post=27838"}],"version-history":[{"count":1,"href":"https:\/\/www.odemocratagb.com\/index.php?rest_route=\/wp\/v2\/posts\/27838\/revisions"}],"predecessor-version":[{"id":27839,"href":"https:\/\/www.odemocratagb.com\/index.php?rest_route=\/wp\/v2\/posts\/27838\/revisions\/27839"}],"wp:featuredmedia":[{"embeddable":true,"href":"https:\/\/www.odemocratagb.com\/index.php?rest_route=\/wp\/v2\/media\/27512"}],"wp:attachment":[{"href":"https:\/\/www.odemocratagb.com\/index.php?rest_route=%2Fwp%2Fv2%2Fmedia&parent=27838"}],"wp:term":[{"taxonomy":"category","embeddable":true,"href":"https:\/\/www.odemocratagb.com\/index.php?rest_route=%2Fwp%2Fv2%2Fcategories&post=27838"},{"taxonomy":"post_tag","embeddable":true,"href":"https:\/\/www.odemocratagb.com\/index.php?rest_route=%2Fwp%2Fv2%2Ftags&post=27838"}],"curies":[{"name":"wp","href":"https:\/\/api.w.org\/{rel}","templated":true}]}}