{"id":29385,"date":"2021-04-11T08:16:13","date_gmt":"2021-04-11T08:16:13","guid":{"rendered":"https:\/\/www.odemocratagb.com\/?p=29385"},"modified":"2021-04-11T08:16:15","modified_gmt":"2021-04-11T08:16:15","slug":"avancado-guineense-de-portimonense-agita-mercado-de-transferencias","status":"publish","type":"post","link":"https:\/\/www.odemocratagb.com\/?p=29385","title":{"rendered":"AVAN\u00c7ADO GUINEENSE DE PORTIMONENSE AGITA MERCADO DE TRANSFER\u00caNCIAS"},"content":{"rendered":"\n<p class=\"wp-block-paragraph\">O jovem avan\u00e7ado guineense, Beto, ao servi\u00e7o da equipa de Portimonense, \u00e9 atualmente um dos futebolistas no campeonato da primeira liga portuguesa que est\u00e1 a agitar \u00a0o mercado de transfer\u00eancias na Europa, que ainda nem abriu.<\/p>\n\n\n\n<p class=\"wp-block-paragraph\">Com apenas 23 anos de idade, Beto est\u00e1 a realizar uma \u00e9poca de sonho no seu clube na presente temporada e j\u00e1 mereceu elogios de v\u00e1rios treinadores, comentadores e dirigentes desportivos.<\/p>\n\n\n\n<p class=\"wp-block-paragraph\">O jogador, que mereceu a confian\u00e7a da equipa t\u00e9cnica da sele\u00e7\u00e3o nacional da Guin\u00e9-Bissau, marcou tr\u00eas golos nos \u00faltimos dois jogos no seu clube.&nbsp;Esta&nbsp;sexta-feira, 09 de abril, Beto apontou o terceiro golo dos algarvios na rece\u00e7\u00e3o ao Vit\u00f3ria de Guimar\u00e3es, em jogo da 26.\u00aa jornada da Liga NOS.<\/p>\n\n\n\n<p class=\"wp-block-paragraph\">Beto recebeu a bola no meio-campo vimaranense, arrancou em velocidade, bateu um defesa contr\u00e1rio e aplicou um remate forte. Excelente golo do avan\u00e7ado do Portimonense ao Vit\u00f3ria de Guimar\u00e3es.<\/p>\n\n\n\n<p class=\"wp-block-paragraph\">O avan\u00e7ado guineense de 1,94 metros soma 9 golos na liga em 23 jogos e&nbsp;est\u00e1&nbsp;a&nbsp;ser seguido&nbsp;por&nbsp;v\u00e1rios clubes em Portugal e na Europa. Teve direito a elogios, inclusive do treinador do Sporting, R\u00faben Amorim.<\/p>\n\n\n\n<p class=\"wp-block-paragraph\">De acordo com o Jornal Abola, agora o atleta guineense est\u00e1 tamb\u00e9m na atualidade do Benfica, uma vez que o seu nome foi apresentado \u00e0 SAD, numa altura em que os encarnados avaliam seriamente os nomes mais relevantes do mercado interno, na expectativa de poderem encontrar refor\u00e7os importantes, \u00e0 imagem, por exemplo, do que sucedeu com o Sporting, que apostou em nomes da Liga e saiu a ganhar.<\/p>\n\n\n\n<p class=\"wp-block-paragraph\">O clube da Luz procurou desde logo saber as condi\u00e7\u00f5es para garantir o avan\u00e7ado, mas o pre\u00e7o exigido pelos algarvios (oito milh\u00f5es de euros &nbsp;por 70 por cento do passe) n\u00e3o foi do agrado dos encarnados.<\/p>\n\n\n\n<p class=\"wp-block-paragraph\">Beto que nasceu em Portugal, chegou ao clube algarvio na temporada transata e tem contrato v\u00e1lido at\u00e9 junho de 2023, com uma cl\u00e1usula de rescis\u00e3o de 40 milh\u00f5es de euros.<\/p>\n\n\n\n<p class=\"wp-block-paragraph\">Por: Alison Cabral&nbsp;<\/p>\n","protected":false},"excerpt":{"rendered":"<p>O jovem avan\u00e7ado guineense, Beto, ao servi\u00e7o da equipa de Portimonense, \u00e9 atualmente um dos futebolistas no campeonato da primeira&#8230;<\/p>\n","protected":false},"author":4,"featured_media":29384,"comment_status":"open","ping_status":"open","sticky":false,"template":"","format":"standard","meta":{"footnotes":""},"categories":[6,36],"tags":[],"class_list":["post-29385","post","type-post","status-publish","format-standard","has-post-thumbnail","hentry","category-inicio","category-desporto","wpcat-6-id","wpcat-36-id"],"yoast_head":"<!-- This site is optimized with the Yoast SEO plugin v27.5 - https:\/\/yoast.com\/product\/yoast-seo-wordpress\/ -->\n<title>AVAN\u00c7ADO GUINEENSE DE PORTIMONENSE AGITA MERCADO DE TRANSFER\u00caNCIAS - O Democrata GB<\/title>\n<meta name=\"robots\" content=\"index, follow, max-snippet:-1, max-image-preview:large, max-video-preview:-1\" \/>\n<link rel=\"canonical\" href=\"https:\/\/www.odemocratagb.com\/?p=29385\" \/>\n<meta property=\"og:locale\" content=\"pt_BR\" \/>\n<meta property=\"og:type\" content=\"article\" \/>\n<meta property=\"og:title\" content=\"AVAN\u00c7ADO GUINEENSE DE PORTIMONENSE AGITA MERCADO DE TRANSFER\u00caNCIAS - O Democrata GB\" \/>\n<meta property=\"og:description\" content=\"O jovem avan\u00e7ado guineense, Beto, ao servi\u00e7o da equipa de Portimonense, \u00e9 atualmente um dos futebolistas no campeonato da primeira...\" \/>\n<meta property=\"og:url\" content=\"https:\/\/www.odemocratagb.com\/?p=29385\" \/>\n<meta property=\"og:site_name\" content=\"O Democrata GB\" \/>\n<meta property=\"article:publisher\" content=\"https:\/\/www.facebook.com\/jornaldaguinebissau\" \/>\n<meta property=\"article:published_time\" content=\"2021-04-11T08:16:13+00:00\" \/>\n<meta property=\"article:modified_time\" content=\"2021-04-11T08:16:15+00:00\" \/>\n<meta property=\"og:image\" content=\"https:\/\/www.odemocratagb.com\/wp-content\/uploads\/2021\/04\/169E2C7E-7513-4AA4-9433-3F7D5F12996C.jpeg\" \/>\n\t<meta property=\"og:image:width\" content=\"2129\" \/>\n\t<meta property=\"og:image:height\" content=\"1018\" \/>\n\t<meta property=\"og:image:type\" content=\"image\/jpeg\" \/>\n<meta name=\"author\" content=\"Jornal Odemocrata\" \/>\n<meta name=\"twitter:card\" content=\"summary_large_image\" \/>\n<meta name=\"twitter:label1\" content=\"Escrito por\" \/>\n\t<meta name=\"twitter:data1\" content=\"Jornal Odemocrata\" \/>\n\t<meta name=\"twitter:label2\" content=\"Est. tempo de leitura\" \/>\n\t<meta name=\"twitter:data2\" content=\"2 minutos\" \/>\n<script type=\"application\/ld+json\" class=\"yoast-schema-graph\">{\"@context\":\"https:\\\/\\\/schema.org\",\"@graph\":[{\"@type\":\"Article\",\"@id\":\"https:\\\/\\\/www.odemocratagb.com\\\/?p=29385#article\",\"isPartOf\":{\"@id\":\"https:\\\/\\\/www.odemocratagb.com\\\/?p=29385\"},\"author\":{\"name\":\"Jornal Odemocrata\",\"@id\":\"https:\\\/\\\/www.odemocratagb.com\\\/#\\\/schema\\\/person\\\/c5e683adeaf9b557e57cf1a8a591b0c0\"},\"headline\":\"AVAN\u00c7ADO GUINEENSE DE PORTIMONENSE AGITA MERCADO DE TRANSFER\u00caNCIAS\",\"datePublished\":\"2021-04-11T08:16:13+00:00\",\"dateModified\":\"2021-04-11T08:16:15+00:00\",\"mainEntityOfPage\":{\"@id\":\"https:\\\/\\\/www.odemocratagb.com\\\/?p=29385\"},\"wordCount\":358,\"commentCount\":0,\"publisher\":{\"@id\":\"https:\\\/\\\/www.odemocratagb.com\\\/#organization\"},\"image\":{\"@id\":\"https:\\\/\\\/www.odemocratagb.com\\\/?p=29385#primaryimage\"},\"thumbnailUrl\":\"https:\\\/\\\/www.odemocratagb.com\\\/wp-content\\\/uploads\\\/2021\\\/04\\\/169E2C7E-7513-4AA4-9433-3F7D5F12996C.jpeg\",\"articleSection\":[\"Atualidade\",\"Desporto\"],\"inLanguage\":\"pt-BR\",\"potentialAction\":[{\"@type\":\"CommentAction\",\"name\":\"Comment\",\"target\":[\"https:\\\/\\\/www.odemocratagb.com\\\/?p=29385#respond\"]}]},{\"@type\":\"WebPage\",\"@id\":\"https:\\\/\\\/www.odemocratagb.com\\\/?p=29385\",\"url\":\"https:\\\/\\\/www.odemocratagb.com\\\/?p=29385\",\"name\":\"AVAN\u00c7ADO GUINEENSE DE PORTIMONENSE AGITA MERCADO DE TRANSFER\u00caNCIAS - O Democrata GB\",\"isPartOf\":{\"@id\":\"https:\\\/\\\/www.odemocratagb.com\\\/#website\"},\"primaryImageOfPage\":{\"@id\":\"https:\\\/\\\/www.odemocratagb.com\\\/?p=29385#primaryimage\"},\"image\":{\"@id\":\"https:\\\/\\\/www.odemocratagb.com\\\/?p=29385#primaryimage\"},\"thumbnailUrl\":\"https:\\\/\\\/www.odemocratagb.com\\\/wp-content\\\/uploads\\\/2021\\\/04\\\/169E2C7E-7513-4AA4-9433-3F7D5F12996C.jpeg\",\"datePublished\":\"2021-04-11T08:16:13+00:00\",\"dateModified\":\"2021-04-11T08:16:15+00:00\",\"breadcrumb\":{\"@id\":\"https:\\\/\\\/www.odemocratagb.com\\\/?p=29385#breadcrumb\"},\"inLanguage\":\"pt-BR\",\"potentialAction\":[{\"@type\":\"ReadAction\",\"target\":[\"https:\\\/\\\/www.odemocratagb.com\\\/?p=29385\"]}]},{\"@type\":\"ImageObject\",\"inLanguage\":\"pt-BR\",\"@id\":\"https:\\\/\\\/www.odemocratagb.com\\\/?p=29385#primaryimage\",\"url\":\"https:\\\/\\\/www.odemocratagb.com\\\/wp-content\\\/uploads\\\/2021\\\/04\\\/169E2C7E-7513-4AA4-9433-3F7D5F12996C.jpeg\",\"contentUrl\":\"https:\\\/\\\/www.odemocratagb.com\\\/wp-content\\\/uploads\\\/2021\\\/04\\\/169E2C7E-7513-4AA4-9433-3F7D5F12996C.jpeg\",\"width\":2129,\"height\":1018},{\"@type\":\"BreadcrumbList\",\"@id\":\"https:\\\/\\\/www.odemocratagb.com\\\/?p=29385#breadcrumb\",\"itemListElement\":[{\"@type\":\"ListItem\",\"position\":1,\"name\":\"In\u00edcio\",\"item\":\"https:\\\/\\\/www.odemocratagb.com\\\/\"},{\"@type\":\"ListItem\",\"position\":2,\"name\":\"AVAN\u00c7ADO GUINEENSE DE PORTIMONENSE AGITA MERCADO DE TRANSFER\u00caNCIAS\"}]},{\"@type\":\"WebSite\",\"@id\":\"https:\\\/\\\/www.odemocratagb.com\\\/#website\",\"url\":\"https:\\\/\\\/www.odemocratagb.com\\\/\",\"name\":\"O Democrata GB\",\"description\":\"Jornal O Democrata GB\",\"publisher\":{\"@id\":\"https:\\\/\\\/www.odemocratagb.com\\\/#organization\"},\"potentialAction\":[{\"@type\":\"SearchAction\",\"target\":{\"@type\":\"EntryPoint\",\"urlTemplate\":\"https:\\\/\\\/www.odemocratagb.com\\\/?s={search_term_string}\"},\"query-input\":{\"@type\":\"PropertyValueSpecification\",\"valueRequired\":true,\"valueName\":\"search_term_string\"}}],\"inLanguage\":\"pt-BR\"},{\"@type\":\"Organization\",\"@id\":\"https:\\\/\\\/www.odemocratagb.com\\\/#organization\",\"name\":\"O Democrata GB\",\"url\":\"https:\\\/\\\/www.odemocratagb.com\\\/\",\"logo\":{\"@type\":\"ImageObject\",\"inLanguage\":\"pt-BR\",\"@id\":\"https:\\\/\\\/www.odemocratagb.com\\\/#\\\/schema\\\/logo\\\/image\\\/\",\"url\":\"https:\\\/\\\/www.odemocratagb.com\\\/wp-content\\\/uploads\\\/2026\\\/04\\\/logo-odemocratagb.png\",\"contentUrl\":\"https:\\\/\\\/www.odemocratagb.com\\\/wp-content\\\/uploads\\\/2026\\\/04\\\/logo-odemocratagb.png\",\"width\":1250,\"height\":327,\"caption\":\"O Democrata GB\"},\"image\":{\"@id\":\"https:\\\/\\\/www.odemocratagb.com\\\/#\\\/schema\\\/logo\\\/image\\\/\"},\"sameAs\":[\"https:\\\/\\\/www.facebook.com\\\/jornaldaguinebissau\",\"https:\\\/\\\/www.instagram.com\\\/odemocratagb\"]},{\"@type\":\"Person\",\"@id\":\"https:\\\/\\\/www.odemocratagb.com\\\/#\\\/schema\\\/person\\\/c5e683adeaf9b557e57cf1a8a591b0c0\",\"name\":\"Jornal Odemocrata\",\"image\":{\"@type\":\"ImageObject\",\"inLanguage\":\"pt-BR\",\"@id\":\"https:\\\/\\\/secure.gravatar.com\\\/avatar\\\/09cb6b76eee5612f7cfca9e0089e2f17141d417bd034905eee842945c87fd87f?s=96&d=mm&r=g\",\"url\":\"https:\\\/\\\/secure.gravatar.com\\\/avatar\\\/09cb6b76eee5612f7cfca9e0089e2f17141d417bd034905eee842945c87fd87f?s=96&d=mm&r=g\",\"contentUrl\":\"https:\\\/\\\/secure.gravatar.com\\\/avatar\\\/09cb6b76eee5612f7cfca9e0089e2f17141d417bd034905eee842945c87fd87f?s=96&d=mm&r=g\",\"caption\":\"Jornal Odemocrata\"},\"sameAs\":[\"http:\\\/\\\/odemocratagb.com\"],\"url\":\"https:\\\/\\\/www.odemocratagb.com\\\/?author=4\"}]}<\/script>\n<!-- \/ Yoast SEO plugin. -->","yoast_head_json":{"title":"AVAN\u00c7ADO GUINEENSE DE PORTIMONENSE AGITA MERCADO DE TRANSFER\u00caNCIAS - O Democrata GB","robots":{"index":"index","follow":"follow","max-snippet":"max-snippet:-1","max-image-preview":"max-image-preview:large","max-video-preview":"max-video-preview:-1"},"canonical":"https:\/\/www.odemocratagb.com\/?p=29385","og_locale":"pt_BR","og_type":"article","og_title":"AVAN\u00c7ADO GUINEENSE DE PORTIMONENSE AGITA MERCADO DE TRANSFER\u00caNCIAS - O Democrata GB","og_description":"O jovem avan\u00e7ado guineense, Beto, ao servi\u00e7o da equipa de Portimonense, \u00e9 atualmente um dos futebolistas no campeonato da primeira...","og_url":"https:\/\/www.odemocratagb.com\/?p=29385","og_site_name":"O Democrata GB","article_publisher":"https:\/\/www.facebook.com\/jornaldaguinebissau","article_published_time":"2021-04-11T08:16:13+00:00","article_modified_time":"2021-04-11T08:16:15+00:00","og_image":[{"width":2129,"height":1018,"url":"https:\/\/www.odemocratagb.com\/wp-content\/uploads\/2021\/04\/169E2C7E-7513-4AA4-9433-3F7D5F12996C.jpeg","type":"image\/jpeg"}],"author":"Jornal Odemocrata","twitter_card":"summary_large_image","twitter_misc":{"Escrito por":"Jornal Odemocrata","Est. tempo de leitura":"2 minutos"},"schema":{"@context":"https:\/\/schema.org","@graph":[{"@type":"Article","@id":"https:\/\/www.odemocratagb.com\/?p=29385#article","isPartOf":{"@id":"https:\/\/www.odemocratagb.com\/?p=29385"},"author":{"name":"Jornal Odemocrata","@id":"https:\/\/www.odemocratagb.com\/#\/schema\/person\/c5e683adeaf9b557e57cf1a8a591b0c0"},"headline":"AVAN\u00c7ADO GUINEENSE DE PORTIMONENSE AGITA MERCADO DE TRANSFER\u00caNCIAS","datePublished":"2021-04-11T08:16:13+00:00","dateModified":"2021-04-11T08:16:15+00:00","mainEntityOfPage":{"@id":"https:\/\/www.odemocratagb.com\/?p=29385"},"wordCount":358,"commentCount":0,"publisher":{"@id":"https:\/\/www.odemocratagb.com\/#organization"},"image":{"@id":"https:\/\/www.odemocratagb.com\/?p=29385#primaryimage"},"thumbnailUrl":"https:\/\/www.odemocratagb.com\/wp-content\/uploads\/2021\/04\/169E2C7E-7513-4AA4-9433-3F7D5F12996C.jpeg","articleSection":["Atualidade","Desporto"],"inLanguage":"pt-BR","potentialAction":[{"@type":"CommentAction","name":"Comment","target":["https:\/\/www.odemocratagb.com\/?p=29385#respond"]}]},{"@type":"WebPage","@id":"https:\/\/www.odemocratagb.com\/?p=29385","url":"https:\/\/www.odemocratagb.com\/?p=29385","name":"AVAN\u00c7ADO GUINEENSE DE PORTIMONENSE AGITA MERCADO DE TRANSFER\u00caNCIAS - O Democrata GB","isPartOf":{"@id":"https:\/\/www.odemocratagb.com\/#website"},"primaryImageOfPage":{"@id":"https:\/\/www.odemocratagb.com\/?p=29385#primaryimage"},"image":{"@id":"https:\/\/www.odemocratagb.com\/?p=29385#primaryimage"},"thumbnailUrl":"https:\/\/www.odemocratagb.com\/wp-content\/uploads\/2021\/04\/169E2C7E-7513-4AA4-9433-3F7D5F12996C.jpeg","datePublished":"2021-04-11T08:16:13+00:00","dateModified":"2021-04-11T08:16:15+00:00","breadcrumb":{"@id":"https:\/\/www.odemocratagb.com\/?p=29385#breadcrumb"},"inLanguage":"pt-BR","potentialAction":[{"@type":"ReadAction","target":["https:\/\/www.odemocratagb.com\/?p=29385"]}]},{"@type":"ImageObject","inLanguage":"pt-BR","@id":"https:\/\/www.odemocratagb.com\/?p=29385#primaryimage","url":"https:\/\/www.odemocratagb.com\/wp-content\/uploads\/2021\/04\/169E2C7E-7513-4AA4-9433-3F7D5F12996C.jpeg","contentUrl":"https:\/\/www.odemocratagb.com\/wp-content\/uploads\/2021\/04\/169E2C7E-7513-4AA4-9433-3F7D5F12996C.jpeg","width":2129,"height":1018},{"@type":"BreadcrumbList","@id":"https:\/\/www.odemocratagb.com\/?p=29385#breadcrumb","itemListElement":[{"@type":"ListItem","position":1,"name":"In\u00edcio","item":"https:\/\/www.odemocratagb.com\/"},{"@type":"ListItem","position":2,"name":"AVAN\u00c7ADO GUINEENSE DE PORTIMONENSE AGITA MERCADO DE TRANSFER\u00caNCIAS"}]},{"@type":"WebSite","@id":"https:\/\/www.odemocratagb.com\/#website","url":"https:\/\/www.odemocratagb.com\/","name":"O Democrata GB","description":"Jornal O Democrata GB","publisher":{"@id":"https:\/\/www.odemocratagb.com\/#organization"},"potentialAction":[{"@type":"SearchAction","target":{"@type":"EntryPoint","urlTemplate":"https:\/\/www.odemocratagb.com\/?s={search_term_string}"},"query-input":{"@type":"PropertyValueSpecification","valueRequired":true,"valueName":"search_term_string"}}],"inLanguage":"pt-BR"},{"@type":"Organization","@id":"https:\/\/www.odemocratagb.com\/#organization","name":"O Democrata GB","url":"https:\/\/www.odemocratagb.com\/","logo":{"@type":"ImageObject","inLanguage":"pt-BR","@id":"https:\/\/www.odemocratagb.com\/#\/schema\/logo\/image\/","url":"https:\/\/www.odemocratagb.com\/wp-content\/uploads\/2026\/04\/logo-odemocratagb.png","contentUrl":"https:\/\/www.odemocratagb.com\/wp-content\/uploads\/2026\/04\/logo-odemocratagb.png","width":1250,"height":327,"caption":"O Democrata GB"},"image":{"@id":"https:\/\/www.odemocratagb.com\/#\/schema\/logo\/image\/"},"sameAs":["https:\/\/www.facebook.com\/jornaldaguinebissau","https:\/\/www.instagram.com\/odemocratagb"]},{"@type":"Person","@id":"https:\/\/www.odemocratagb.com\/#\/schema\/person\/c5e683adeaf9b557e57cf1a8a591b0c0","name":"Jornal Odemocrata","image":{"@type":"ImageObject","inLanguage":"pt-BR","@id":"https:\/\/secure.gravatar.com\/avatar\/09cb6b76eee5612f7cfca9e0089e2f17141d417bd034905eee842945c87fd87f?s=96&d=mm&r=g","url":"https:\/\/secure.gravatar.com\/avatar\/09cb6b76eee5612f7cfca9e0089e2f17141d417bd034905eee842945c87fd87f?s=96&d=mm&r=g","contentUrl":"https:\/\/secure.gravatar.com\/avatar\/09cb6b76eee5612f7cfca9e0089e2f17141d417bd034905eee842945c87fd87f?s=96&d=mm&r=g","caption":"Jornal Odemocrata"},"sameAs":["http:\/\/odemocratagb.com"],"url":"https:\/\/www.odemocratagb.com\/?author=4"}]}},"_links":{"self":[{"href":"https:\/\/www.odemocratagb.com\/index.php?rest_route=\/wp\/v2\/posts\/29385","targetHints":{"allow":["GET"]}}],"collection":[{"href":"https:\/\/www.odemocratagb.com\/index.php?rest_route=\/wp\/v2\/posts"}],"about":[{"href":"https:\/\/www.odemocratagb.com\/index.php?rest_route=\/wp\/v2\/types\/post"}],"author":[{"embeddable":true,"href":"https:\/\/www.odemocratagb.com\/index.php?rest_route=\/wp\/v2\/users\/4"}],"replies":[{"embeddable":true,"href":"https:\/\/www.odemocratagb.com\/index.php?rest_route=%2Fwp%2Fv2%2Fcomments&post=29385"}],"version-history":[{"count":1,"href":"https:\/\/www.odemocratagb.com\/index.php?rest_route=\/wp\/v2\/posts\/29385\/revisions"}],"predecessor-version":[{"id":29386,"href":"https:\/\/www.odemocratagb.com\/index.php?rest_route=\/wp\/v2\/posts\/29385\/revisions\/29386"}],"wp:featuredmedia":[{"embeddable":true,"href":"https:\/\/www.odemocratagb.com\/index.php?rest_route=\/wp\/v2\/media\/29384"}],"wp:attachment":[{"href":"https:\/\/www.odemocratagb.com\/index.php?rest_route=%2Fwp%2Fv2%2Fmedia&parent=29385"}],"wp:term":[{"taxonomy":"category","embeddable":true,"href":"https:\/\/www.odemocratagb.com\/index.php?rest_route=%2Fwp%2Fv2%2Fcategories&post=29385"},{"taxonomy":"post_tag","embeddable":true,"href":"https:\/\/www.odemocratagb.com\/index.php?rest_route=%2Fwp%2Fv2%2Ftags&post=29385"}],"curies":[{"name":"wp","href":"https:\/\/api.w.org\/{rel}","templated":true}]}}