{"id":33631,"date":"2021-10-15T21:42:06","date_gmt":"2021-10-15T21:42:06","guid":{"rendered":"https:\/\/www.odemocratagb.com\/?p=33631"},"modified":"2021-10-15T21:42:07","modified_gmt":"2021-10-15T21:42:07","slug":"governo-e-setor-privado-analisam-o-impato-da-covid-19-no-pais","status":"publish","type":"post","link":"https:\/\/www.odemocratagb.com\/?p=33631","title":{"rendered":"GOVERNO E SETOR PRIVADO ANALISAM O IMPATO DA COVID-19 NO PA\u00cdS"},"content":{"rendered":"\n<p class=\"wp-block-paragraph\">O governo e o setor privado analisaram esta sexta-feira, 15 de outubro de 2021, o\u00a0impacto\u00a0da Covid-19 na economia nacional.<\/p>\n\n\n\n<p class=\"wp-block-paragraph\">Em declara\u00e7\u00f5es aos jornalistas, o primeiro-ministro, Nuno Gomes&nbsp;Nabian, disse que os desafios impostos pela pandemia da Covid-19 requerem&nbsp;urgentemente o&nbsp;aprofundamento&nbsp;&nbsp;e&nbsp;a consolida\u00e7\u00e3o&nbsp;do&nbsp;grau &nbsp;de parceria que caracteriza as rela\u00e7\u00f5es entre o executivo e o setor privado.&nbsp;<\/p>\n\n\n\n<p class=\"wp-block-paragraph\">O Primeiro-Ministro disse que &nbsp; o governo n\u00e3o conseguiu inverter a pir\u00e2mide e permitir um desenvolvimento sustent\u00e1vel na Guin\u00e9-Bissau, mas tem-se esfor\u00e7ado para poder resolver problemas herdados e que o pa\u00eds est\u00e1 a enfrentar.<\/p>\n\n\n\n<p class=\"wp-block-paragraph\">Nabiam&nbsp;pediu aos respons\u00e1veis do setor privado para organizarem o setor, lembrando que nos anos 2020 e 2021, o executivo conseguiu financiamento para ajudar o setor privado,&nbsp;tendo&nbsp;trabalhado&nbsp;em colabora\u00e7\u00e3o com os Bancos na&nbsp;gest\u00e3o&nbsp;do fundo.<\/p>\n\n\n\n<p class=\"wp-block-paragraph\">\u201cMas &nbsp;alguns empres\u00e1rios entenderam&nbsp;que,&nbsp;enquanto chefe do&nbsp;governo,&nbsp;era eu que deveria autorizar que os Bancos &nbsp;dessem esse dinheiro sem crit\u00e9rio\u201d, referiu.<\/p>\n\n\n\n<p class=\"wp-block-paragraph\">Para o Ministro da Economia, Plano e Integra\u00e7\u00e3o Regional,&nbsp;Vitor&nbsp;Mandinga, a trajet\u00f3ria de desenvolvimento do setor privado e do ecossistema empresarial guineense tem-se revelado lenta e n\u00e3o linear por causa de v\u00e1rios obst\u00e1culos e constrangimentos que&nbsp;contribuem&nbsp;para acentuar as suas fragilidades, o custo do contexto e do setor privado nacional.<\/p>\n\n\n\n<p class=\"wp-block-paragraph\">O governante sublinhou que a partir de Bissau, o acesso ao norte e ao leste do pa\u00eds \u00e9 \u201cpenoso e custoso quer para os transportes de passageiros, quer para as cargas\u201d.&nbsp;<\/p>\n\n\n\n<p class=\"wp-block-paragraph\">\u201cNa parte meridional do pa\u00eds, que contribui com mais de 50% da&nbsp;produ\u00e7\u00e3o&nbsp;de arroz, frutas, legumes, concentra 47% das reservas florestais apesar de not\u00e1veis melhorias, \u00e9&nbsp;ainda&nbsp;de&nbsp;dif\u00edcil&nbsp;acesso,&nbsp;sobretudo as vias secund\u00e1rias\u201d, salientou Mandinga.<\/p>\n\n\n\n<p class=\"wp-block-paragraph\">Vitor&nbsp;Mandinga disse ainda que as estrat\u00e9gias necess\u00e1rias&nbsp;s\u00e3o&nbsp;a implementa\u00e7\u00e3o de uma viragem da trajet\u00f3ria da economia e do setor privado, porque \u201c&nbsp;v\u00eaem&nbsp;refletidas no Plano Nacional do Desenvolvimento 2020 a 2023 e no documento estrat\u00e9gico \u201chora&nbsp;Tchiga\u201d,&nbsp;que est\u00e1 alinhado com as estrat\u00e9gias de assist\u00eancia financeira dos parceiros de desenvolvimento.<\/p>\n\n\n\n<p class=\"wp-block-paragraph\">Por sua vez, o Secret\u00e1rio de Estado do Or\u00e7amento e Assuntos Fiscais, Jos\u00e9 Carlos Casimiro, &nbsp;revelou &nbsp;que o pa\u00eds tem uma d\u00edvida de 131,3 mil milh\u00f5es de Francos CFA&nbsp;ao&nbsp;BDU e a maioria das taxas de empr\u00e9stimos s\u00e3o altas, por isso limita a capacidade de contrair outros empr\u00e9stimos.&nbsp;<\/p>\n\n\n\n<p class=\"wp-block-paragraph\">Tendo acrescentado que nos \u00faltimos anos, o pa\u00eds beneficiou do apoio do Banco Oeste Africana do Desenvolvimento (BOAD) \u00a0que\u00a0financiou 23 projetos \u00a0do setor privado.<\/p>\n\n\n\n<p class=\"wp-block-paragraph\"><\/p>\n\n\n\n<p class=\"wp-block-paragraph\"><\/p>\n\n\n\n<p class=\"wp-block-paragraph\"><\/p>\n\n\n\n<p class=\"wp-block-paragraph\">Por: Noemi&nbsp;Nhanguan<\/p>\n\n\n\n<p class=\"wp-block-paragraph\">N.N<\/p>\n","protected":false},"excerpt":{"rendered":"<p>O governo e o setor privado analisaram esta sexta-feira, 15 de outubro de 2021, o\u00a0impacto\u00a0da Covid-19 na economia nacional. Em&#8230;<\/p>\n","protected":false},"author":5,"featured_media":33620,"comment_status":"open","ping_status":"open","sticky":false,"template":"","format":"standard","meta":{"footnotes":""},"categories":[6,23],"tags":[],"class_list":["post-33631","post","type-post","status-publish","format-standard","has-post-thumbnail","hentry","category-inicio","category-economia","wpcat-6-id","wpcat-23-id"],"yoast_head":"<!-- This site is optimized with the Yoast SEO plugin v27.5 - https:\/\/yoast.com\/product\/yoast-seo-wordpress\/ -->\n<title>GOVERNO E SETOR PRIVADO ANALISAM O IMPATO DA COVID-19 NO PA\u00cdS - O Democrata GB<\/title>\n<meta name=\"robots\" content=\"index, follow, max-snippet:-1, max-image-preview:large, max-video-preview:-1\" \/>\n<link rel=\"canonical\" href=\"https:\/\/www.odemocratagb.com\/?p=33631\" \/>\n<meta property=\"og:locale\" content=\"pt_BR\" \/>\n<meta property=\"og:type\" content=\"article\" \/>\n<meta property=\"og:title\" content=\"GOVERNO E SETOR PRIVADO ANALISAM O IMPATO DA COVID-19 NO PA\u00cdS - O Democrata GB\" \/>\n<meta property=\"og:description\" content=\"O governo e o setor privado analisaram esta sexta-feira, 15 de outubro de 2021, o\u00a0impacto\u00a0da Covid-19 na economia nacional. Em...\" \/>\n<meta property=\"og:url\" content=\"https:\/\/www.odemocratagb.com\/?p=33631\" \/>\n<meta property=\"og:site_name\" content=\"O Democrata GB\" \/>\n<meta property=\"article:publisher\" content=\"https:\/\/www.facebook.com\/jornaldaguinebissau\" \/>\n<meta property=\"article:published_time\" content=\"2021-10-15T21:42:06+00:00\" \/>\n<meta property=\"article:modified_time\" content=\"2021-10-15T21:42:07+00:00\" \/>\n<meta property=\"og:image\" content=\"https:\/\/www.odemocratagb.com\/wp-content\/uploads\/2021\/10\/6FD97232-1A79-4B6E-AAAE-D1704451D387.jpeg\" \/>\n\t<meta property=\"og:image:width\" content=\"1040\" \/>\n\t<meta property=\"og:image:height\" content=\"780\" \/>\n\t<meta property=\"og:image:type\" content=\"image\/jpeg\" \/>\n<meta name=\"author\" content=\"O DEMOCRATA\" \/>\n<meta name=\"twitter:card\" content=\"summary_large_image\" \/>\n<meta name=\"twitter:label1\" content=\"Escrito por\" \/>\n\t<meta name=\"twitter:data1\" content=\"O DEMOCRATA\" \/>\n\t<meta name=\"twitter:label2\" content=\"Est. tempo de leitura\" \/>\n\t<meta name=\"twitter:data2\" content=\"2 minutos\" \/>\n<script type=\"application\/ld+json\" class=\"yoast-schema-graph\">{\"@context\":\"https:\\\/\\\/schema.org\",\"@graph\":[{\"@type\":\"Article\",\"@id\":\"https:\\\/\\\/www.odemocratagb.com\\\/?p=33631#article\",\"isPartOf\":{\"@id\":\"https:\\\/\\\/www.odemocratagb.com\\\/?p=33631\"},\"author\":{\"name\":\"O DEMOCRATA\",\"@id\":\"https:\\\/\\\/www.odemocratagb.com\\\/#\\\/schema\\\/person\\\/3cfe1f3b5398955456dbd63ea1dca05c\"},\"headline\":\"GOVERNO E SETOR PRIVADO ANALISAM O IMPATO DA COVID-19 NO PA\u00cdS\",\"datePublished\":\"2021-10-15T21:42:06+00:00\",\"dateModified\":\"2021-10-15T21:42:07+00:00\",\"mainEntityOfPage\":{\"@id\":\"https:\\\/\\\/www.odemocratagb.com\\\/?p=33631\"},\"wordCount\":497,\"commentCount\":0,\"publisher\":{\"@id\":\"https:\\\/\\\/www.odemocratagb.com\\\/#organization\"},\"image\":{\"@id\":\"https:\\\/\\\/www.odemocratagb.com\\\/?p=33631#primaryimage\"},\"thumbnailUrl\":\"https:\\\/\\\/www.odemocratagb.com\\\/wp-content\\\/uploads\\\/2021\\\/10\\\/6FD97232-1A79-4B6E-AAAE-D1704451D387.jpeg\",\"articleSection\":[\"Atualidade\",\"Economia\"],\"inLanguage\":\"pt-BR\",\"potentialAction\":[{\"@type\":\"CommentAction\",\"name\":\"Comment\",\"target\":[\"https:\\\/\\\/www.odemocratagb.com\\\/?p=33631#respond\"]}]},{\"@type\":\"WebPage\",\"@id\":\"https:\\\/\\\/www.odemocratagb.com\\\/?p=33631\",\"url\":\"https:\\\/\\\/www.odemocratagb.com\\\/?p=33631\",\"name\":\"GOVERNO E SETOR PRIVADO ANALISAM O IMPATO DA COVID-19 NO PA\u00cdS - O Democrata GB\",\"isPartOf\":{\"@id\":\"https:\\\/\\\/www.odemocratagb.com\\\/#website\"},\"primaryImageOfPage\":{\"@id\":\"https:\\\/\\\/www.odemocratagb.com\\\/?p=33631#primaryimage\"},\"image\":{\"@id\":\"https:\\\/\\\/www.odemocratagb.com\\\/?p=33631#primaryimage\"},\"thumbnailUrl\":\"https:\\\/\\\/www.odemocratagb.com\\\/wp-content\\\/uploads\\\/2021\\\/10\\\/6FD97232-1A79-4B6E-AAAE-D1704451D387.jpeg\",\"datePublished\":\"2021-10-15T21:42:06+00:00\",\"dateModified\":\"2021-10-15T21:42:07+00:00\",\"breadcrumb\":{\"@id\":\"https:\\\/\\\/www.odemocratagb.com\\\/?p=33631#breadcrumb\"},\"inLanguage\":\"pt-BR\",\"potentialAction\":[{\"@type\":\"ReadAction\",\"target\":[\"https:\\\/\\\/www.odemocratagb.com\\\/?p=33631\"]}]},{\"@type\":\"ImageObject\",\"inLanguage\":\"pt-BR\",\"@id\":\"https:\\\/\\\/www.odemocratagb.com\\\/?p=33631#primaryimage\",\"url\":\"https:\\\/\\\/www.odemocratagb.com\\\/wp-content\\\/uploads\\\/2021\\\/10\\\/6FD97232-1A79-4B6E-AAAE-D1704451D387.jpeg\",\"contentUrl\":\"https:\\\/\\\/www.odemocratagb.com\\\/wp-content\\\/uploads\\\/2021\\\/10\\\/6FD97232-1A79-4B6E-AAAE-D1704451D387.jpeg\",\"width\":1040,\"height\":780},{\"@type\":\"BreadcrumbList\",\"@id\":\"https:\\\/\\\/www.odemocratagb.com\\\/?p=33631#breadcrumb\",\"itemListElement\":[{\"@type\":\"ListItem\",\"position\":1,\"name\":\"In\u00edcio\",\"item\":\"https:\\\/\\\/www.odemocratagb.com\\\/\"},{\"@type\":\"ListItem\",\"position\":2,\"name\":\"GOVERNO E SETOR PRIVADO ANALISAM O IMPATO DA COVID-19 NO PA\u00cdS\"}]},{\"@type\":\"WebSite\",\"@id\":\"https:\\\/\\\/www.odemocratagb.com\\\/#website\",\"url\":\"https:\\\/\\\/www.odemocratagb.com\\\/\",\"name\":\"O Democrata GB\",\"description\":\"Jornal O Democrata GB\",\"publisher\":{\"@id\":\"https:\\\/\\\/www.odemocratagb.com\\\/#organization\"},\"potentialAction\":[{\"@type\":\"SearchAction\",\"target\":{\"@type\":\"EntryPoint\",\"urlTemplate\":\"https:\\\/\\\/www.odemocratagb.com\\\/?s={search_term_string}\"},\"query-input\":{\"@type\":\"PropertyValueSpecification\",\"valueRequired\":true,\"valueName\":\"search_term_string\"}}],\"inLanguage\":\"pt-BR\"},{\"@type\":\"Organization\",\"@id\":\"https:\\\/\\\/www.odemocratagb.com\\\/#organization\",\"name\":\"O Democrata GB\",\"url\":\"https:\\\/\\\/www.odemocratagb.com\\\/\",\"logo\":{\"@type\":\"ImageObject\",\"inLanguage\":\"pt-BR\",\"@id\":\"https:\\\/\\\/www.odemocratagb.com\\\/#\\\/schema\\\/logo\\\/image\\\/\",\"url\":\"https:\\\/\\\/www.odemocratagb.com\\\/wp-content\\\/uploads\\\/2026\\\/04\\\/logo-odemocratagb.png\",\"contentUrl\":\"https:\\\/\\\/www.odemocratagb.com\\\/wp-content\\\/uploads\\\/2026\\\/04\\\/logo-odemocratagb.png\",\"width\":1250,\"height\":327,\"caption\":\"O Democrata GB\"},\"image\":{\"@id\":\"https:\\\/\\\/www.odemocratagb.com\\\/#\\\/schema\\\/logo\\\/image\\\/\"},\"sameAs\":[\"https:\\\/\\\/www.facebook.com\\\/jornaldaguinebissau\",\"https:\\\/\\\/www.instagram.com\\\/odemocratagb\"]},{\"@type\":\"Person\",\"@id\":\"https:\\\/\\\/www.odemocratagb.com\\\/#\\\/schema\\\/person\\\/3cfe1f3b5398955456dbd63ea1dca05c\",\"name\":\"O DEMOCRATA\",\"image\":{\"@type\":\"ImageObject\",\"inLanguage\":\"pt-BR\",\"@id\":\"https:\\\/\\\/secure.gravatar.com\\\/avatar\\\/77e41e441bd90c527d61f578cf248d6044ee65cdd92e10a7b5405c9a7fa3faa7?s=96&d=mm&r=g\",\"url\":\"https:\\\/\\\/secure.gravatar.com\\\/avatar\\\/77e41e441bd90c527d61f578cf248d6044ee65cdd92e10a7b5405c9a7fa3faa7?s=96&d=mm&r=g\",\"contentUrl\":\"https:\\\/\\\/secure.gravatar.com\\\/avatar\\\/77e41e441bd90c527d61f578cf248d6044ee65cdd92e10a7b5405c9a7fa3faa7?s=96&d=mm&r=g\",\"caption\":\"O DEMOCRATA\"},\"sameAs\":[\"http:\\\/\\\/odemocratagb.com\"],\"url\":\"https:\\\/\\\/www.odemocratagb.com\\\/?author=5\"}]}<\/script>\n<!-- \/ Yoast SEO plugin. -->","yoast_head_json":{"title":"GOVERNO E SETOR PRIVADO ANALISAM O IMPATO DA COVID-19 NO PA\u00cdS - O Democrata GB","robots":{"index":"index","follow":"follow","max-snippet":"max-snippet:-1","max-image-preview":"max-image-preview:large","max-video-preview":"max-video-preview:-1"},"canonical":"https:\/\/www.odemocratagb.com\/?p=33631","og_locale":"pt_BR","og_type":"article","og_title":"GOVERNO E SETOR PRIVADO ANALISAM O IMPATO DA COVID-19 NO PA\u00cdS - O Democrata GB","og_description":"O governo e o setor privado analisaram esta sexta-feira, 15 de outubro de 2021, o\u00a0impacto\u00a0da Covid-19 na economia nacional. Em...","og_url":"https:\/\/www.odemocratagb.com\/?p=33631","og_site_name":"O Democrata GB","article_publisher":"https:\/\/www.facebook.com\/jornaldaguinebissau","article_published_time":"2021-10-15T21:42:06+00:00","article_modified_time":"2021-10-15T21:42:07+00:00","og_image":[{"width":1040,"height":780,"url":"https:\/\/www.odemocratagb.com\/wp-content\/uploads\/2021\/10\/6FD97232-1A79-4B6E-AAAE-D1704451D387.jpeg","type":"image\/jpeg"}],"author":"O DEMOCRATA","twitter_card":"summary_large_image","twitter_misc":{"Escrito por":"O DEMOCRATA","Est. tempo de leitura":"2 minutos"},"schema":{"@context":"https:\/\/schema.org","@graph":[{"@type":"Article","@id":"https:\/\/www.odemocratagb.com\/?p=33631#article","isPartOf":{"@id":"https:\/\/www.odemocratagb.com\/?p=33631"},"author":{"name":"O DEMOCRATA","@id":"https:\/\/www.odemocratagb.com\/#\/schema\/person\/3cfe1f3b5398955456dbd63ea1dca05c"},"headline":"GOVERNO E SETOR PRIVADO ANALISAM O IMPATO DA COVID-19 NO PA\u00cdS","datePublished":"2021-10-15T21:42:06+00:00","dateModified":"2021-10-15T21:42:07+00:00","mainEntityOfPage":{"@id":"https:\/\/www.odemocratagb.com\/?p=33631"},"wordCount":497,"commentCount":0,"publisher":{"@id":"https:\/\/www.odemocratagb.com\/#organization"},"image":{"@id":"https:\/\/www.odemocratagb.com\/?p=33631#primaryimage"},"thumbnailUrl":"https:\/\/www.odemocratagb.com\/wp-content\/uploads\/2021\/10\/6FD97232-1A79-4B6E-AAAE-D1704451D387.jpeg","articleSection":["Atualidade","Economia"],"inLanguage":"pt-BR","potentialAction":[{"@type":"CommentAction","name":"Comment","target":["https:\/\/www.odemocratagb.com\/?p=33631#respond"]}]},{"@type":"WebPage","@id":"https:\/\/www.odemocratagb.com\/?p=33631","url":"https:\/\/www.odemocratagb.com\/?p=33631","name":"GOVERNO E SETOR PRIVADO ANALISAM O IMPATO DA COVID-19 NO PA\u00cdS - O Democrata GB","isPartOf":{"@id":"https:\/\/www.odemocratagb.com\/#website"},"primaryImageOfPage":{"@id":"https:\/\/www.odemocratagb.com\/?p=33631#primaryimage"},"image":{"@id":"https:\/\/www.odemocratagb.com\/?p=33631#primaryimage"},"thumbnailUrl":"https:\/\/www.odemocratagb.com\/wp-content\/uploads\/2021\/10\/6FD97232-1A79-4B6E-AAAE-D1704451D387.jpeg","datePublished":"2021-10-15T21:42:06+00:00","dateModified":"2021-10-15T21:42:07+00:00","breadcrumb":{"@id":"https:\/\/www.odemocratagb.com\/?p=33631#breadcrumb"},"inLanguage":"pt-BR","potentialAction":[{"@type":"ReadAction","target":["https:\/\/www.odemocratagb.com\/?p=33631"]}]},{"@type":"ImageObject","inLanguage":"pt-BR","@id":"https:\/\/www.odemocratagb.com\/?p=33631#primaryimage","url":"https:\/\/www.odemocratagb.com\/wp-content\/uploads\/2021\/10\/6FD97232-1A79-4B6E-AAAE-D1704451D387.jpeg","contentUrl":"https:\/\/www.odemocratagb.com\/wp-content\/uploads\/2021\/10\/6FD97232-1A79-4B6E-AAAE-D1704451D387.jpeg","width":1040,"height":780},{"@type":"BreadcrumbList","@id":"https:\/\/www.odemocratagb.com\/?p=33631#breadcrumb","itemListElement":[{"@type":"ListItem","position":1,"name":"In\u00edcio","item":"https:\/\/www.odemocratagb.com\/"},{"@type":"ListItem","position":2,"name":"GOVERNO E SETOR PRIVADO ANALISAM O IMPATO DA COVID-19 NO PA\u00cdS"}]},{"@type":"WebSite","@id":"https:\/\/www.odemocratagb.com\/#website","url":"https:\/\/www.odemocratagb.com\/","name":"O Democrata GB","description":"Jornal O Democrata GB","publisher":{"@id":"https:\/\/www.odemocratagb.com\/#organization"},"potentialAction":[{"@type":"SearchAction","target":{"@type":"EntryPoint","urlTemplate":"https:\/\/www.odemocratagb.com\/?s={search_term_string}"},"query-input":{"@type":"PropertyValueSpecification","valueRequired":true,"valueName":"search_term_string"}}],"inLanguage":"pt-BR"},{"@type":"Organization","@id":"https:\/\/www.odemocratagb.com\/#organization","name":"O Democrata GB","url":"https:\/\/www.odemocratagb.com\/","logo":{"@type":"ImageObject","inLanguage":"pt-BR","@id":"https:\/\/www.odemocratagb.com\/#\/schema\/logo\/image\/","url":"https:\/\/www.odemocratagb.com\/wp-content\/uploads\/2026\/04\/logo-odemocratagb.png","contentUrl":"https:\/\/www.odemocratagb.com\/wp-content\/uploads\/2026\/04\/logo-odemocratagb.png","width":1250,"height":327,"caption":"O Democrata GB"},"image":{"@id":"https:\/\/www.odemocratagb.com\/#\/schema\/logo\/image\/"},"sameAs":["https:\/\/www.facebook.com\/jornaldaguinebissau","https:\/\/www.instagram.com\/odemocratagb"]},{"@type":"Person","@id":"https:\/\/www.odemocratagb.com\/#\/schema\/person\/3cfe1f3b5398955456dbd63ea1dca05c","name":"O DEMOCRATA","image":{"@type":"ImageObject","inLanguage":"pt-BR","@id":"https:\/\/secure.gravatar.com\/avatar\/77e41e441bd90c527d61f578cf248d6044ee65cdd92e10a7b5405c9a7fa3faa7?s=96&d=mm&r=g","url":"https:\/\/secure.gravatar.com\/avatar\/77e41e441bd90c527d61f578cf248d6044ee65cdd92e10a7b5405c9a7fa3faa7?s=96&d=mm&r=g","contentUrl":"https:\/\/secure.gravatar.com\/avatar\/77e41e441bd90c527d61f578cf248d6044ee65cdd92e10a7b5405c9a7fa3faa7?s=96&d=mm&r=g","caption":"O DEMOCRATA"},"sameAs":["http:\/\/odemocratagb.com"],"url":"https:\/\/www.odemocratagb.com\/?author=5"}]}},"_links":{"self":[{"href":"https:\/\/www.odemocratagb.com\/index.php?rest_route=\/wp\/v2\/posts\/33631","targetHints":{"allow":["GET"]}}],"collection":[{"href":"https:\/\/www.odemocratagb.com\/index.php?rest_route=\/wp\/v2\/posts"}],"about":[{"href":"https:\/\/www.odemocratagb.com\/index.php?rest_route=\/wp\/v2\/types\/post"}],"author":[{"embeddable":true,"href":"https:\/\/www.odemocratagb.com\/index.php?rest_route=\/wp\/v2\/users\/5"}],"replies":[{"embeddable":true,"href":"https:\/\/www.odemocratagb.com\/index.php?rest_route=%2Fwp%2Fv2%2Fcomments&post=33631"}],"version-history":[{"count":1,"href":"https:\/\/www.odemocratagb.com\/index.php?rest_route=\/wp\/v2\/posts\/33631\/revisions"}],"predecessor-version":[{"id":33632,"href":"https:\/\/www.odemocratagb.com\/index.php?rest_route=\/wp\/v2\/posts\/33631\/revisions\/33632"}],"wp:featuredmedia":[{"embeddable":true,"href":"https:\/\/www.odemocratagb.com\/index.php?rest_route=\/wp\/v2\/media\/33620"}],"wp:attachment":[{"href":"https:\/\/www.odemocratagb.com\/index.php?rest_route=%2Fwp%2Fv2%2Fmedia&parent=33631"}],"wp:term":[{"taxonomy":"category","embeddable":true,"href":"https:\/\/www.odemocratagb.com\/index.php?rest_route=%2Fwp%2Fv2%2Fcategories&post=33631"},{"taxonomy":"post_tag","embeddable":true,"href":"https:\/\/www.odemocratagb.com\/index.php?rest_route=%2Fwp%2Fv2%2Ftags&post=33631"}],"curies":[{"name":"wp","href":"https:\/\/api.w.org\/{rel}","templated":true}]}}