{"id":33633,"date":"2021-10-17T12:30:50","date_gmt":"2021-10-17T12:30:50","guid":{"rendered":"https:\/\/www.odemocratagb.com\/?p=33633"},"modified":"2021-10-17T12:31:43","modified_gmt":"2021-10-17T12:31:43","slug":"cabo-verdianos-na-expetativa-de-conhecer-ja-hoje-o-novo-presidente","status":"publish","type":"post","link":"https:\/\/www.odemocratagb.com\/?p=33633","title":{"rendered":"CABO-VERDIANOS NA EXPETATIVA DE CONHECER J\u00c1 HOJE O NOVO PRESIDENTE"},"content":{"rendered":"\n<p class=\"wp-block-paragraph\">Centenas de cabo-verdianos come\u00e7aram a votar pouco depois das\u00a007:00\u00a0para escolher o pr\u00f3ximo Presidente da Rep\u00fablica, as terceiras elei\u00e7\u00f5es em pandemia, entre as d\u00favidas de uma segunda volta, daqui a 15 dias.<\/p>\n\n\n\n<p class=\"wp-block-paragraph\">&#8220;O meu desejo \u00e9 que seja resolvido ainda hoje, para que n\u00e3o haja mais disp\u00eandio, mais material. Assim, toda a gente vai para casa descansada&#8221;, confessou \u00e0 Lusa Jos\u00e9 Ant\u00f3nio Tavares, 65 anos, um dos primeiros a comparecer na sua mesa de voto, instalada na escola prim\u00e1ria de Safende, arredores da Praia.<\/p>\n\n\n\n<p class=\"wp-block-paragraph\">Passavam poucos minutos das&nbsp;07:00&nbsp;(mais duas horas em Lisboa) quando este reformado votou, depois de cumpridas as formalidades de identifica\u00e7\u00e3o e as de higieniza\u00e7\u00e3o, devido \u00e0 pandemia, \u00e0s quais todos j\u00e1 est\u00e3o habituados.<\/p>\n\n\n\n<p class=\"wp-block-paragraph\">&#8220;\u00c9 um dia importante para todos os cabo-verdianos, tendo em conta que \u00e9 o dever c\u00edvico de todos de exercer o seu direito de voto. Cada um vai escolher a pessoa que quer que lhe represente&#8221;, recorda.<\/p>\n\n\n\n<p class=\"wp-block-paragraph\">Estas elei\u00e7\u00f5es encerram o ciclo eleitoral em Cabo Verde, iniciado em 25 de outubro de 2020 com as aut\u00e1rquicas e que prosseguiu em&nbsp;18 abril&nbsp;passado, com as legislativas, sempre com a aplica\u00e7\u00e3o de medidas de prote\u00e7\u00e3o sanit\u00e1ria, como a utiliza\u00e7\u00e3o de m\u00e1scara e desinfe\u00e7\u00e3o obrigat\u00f3ria \u00e0 entrada das assembleias de voto, devido \u00e0 pandemia de covid-19.<\/p>\n\n\n\n<p class=\"wp-block-paragraph\">&#8220;A CNE, o Estado de Cabo Verde, preparou estas elei\u00e7\u00f5es como as anteriores. Penso que est\u00e1 correto e sinto-me seguro&#8221;, admitiu Jos\u00e9 Ant\u00f3nio Tavares, ao deixar a escola, onde hoje est\u00e3o a funcionar cinco mesas de voto numa \u00fanica assembleia.<\/p>\n\n\n\n<p class=\"wp-block-paragraph\">Numa dessas mesas, pelas&nbsp;07:04, votou o primeiro eleitor. Carla Cardoso, 24 anos, \u00e9 a presidente dessa mesa, tal como aconteceu nas duas \u00faltimas elei\u00e7\u00f5es, praticamente com a mesma equipa, e garante que essa experi\u00eancia \u00e9 que permitiu a abertura \u00e0 hora prevista, contrariamente \u00e0s restantes.<\/p>\n\n\n\n<p class=\"wp-block-paragraph\">&#8220;Acho que deve ser experi\u00eancia, j\u00e1 \u00e9 a terceira vez que sou presidente da mesa e sempre abrimos primeiro e fechamos na hora. Deve ser a equipa que eu tenho. Cumprimos sempre o hor\u00e1rio, viemos cedo, contamos os boletins e fazemos quest\u00e3o de abrir sempre&nbsp;\u00e0s 07:00&#8221;, explicou \u00e0 Lusa a presidente da mesa, que conta com 431 eleitores inscritos.<\/p>\n\n\n\n<p class=\"wp-block-paragraph\">Contrariamente a atrasos que se verificaram noutras mesas, at\u00e9 na mesma assembleia, nesta todos os membros receberam os equipamentos de prote\u00e7\u00e3o individual e de higieniza\u00e7\u00e3o a tempo da abertura das urnas, conforme programado.<\/p>\n\n\n\n<p class=\"wp-block-paragraph\">&#8220;Esperamos que corra tudo bem, n\u00e3o ter nenhum problema durante o dia&#8221;, atirou.<\/p>\n\n\n\n<p class=\"wp-block-paragraph\">\u00c0 entrada daquela escola, um elemento da CNE garante a higieniza\u00e7\u00e3o com \u00e1lcool gel de todos os eleitores e fornece m\u00e1scaras a quem n\u00e3o tem.<\/p>\n\n\n\n<p class=\"wp-block-paragraph\">Pelas&nbsp;07:20, Jos\u00e9 Tavares, reformado de 69 anos, apresentou-se \u00e0 entrada da escola \u00e0 procura da mesa de voto e da mesma forma espera que o final do dia traga j\u00e1 um novo Presidente da Rep\u00fablica.<\/p>\n\n\n\n<p class=\"wp-block-paragraph\">&#8220;Que seja resolvido ainda hoje. Mas depende da consci\u00eancia do povo&#8221;, apontou, admitindo esperar que a elei\u00e7\u00e3o d\u00ea a Cabo Verde &#8220;um bom Presidente&#8221;, que &#8220;cuide de todas as pessoas&#8221;.<\/p>\n\n\n\n<p class=\"wp-block-paragraph\">\u00c9 que caso nenhum dos sete candidatos que se apresentam hoje a sufr\u00e1gio obtenha a maioria absoluta, os dois mais votados disputam uma segunda volta, j\u00e1 agendada para&nbsp;31 de outubro.<\/p>\n\n\n\n<p class=\"wp-block-paragraph\">&#8220;Mas \u00e9 um grande dia para mim e para todos os cabo-verdianos&#8221;, disse ainda, satisfeito com as condi\u00e7\u00f5es de prote\u00e7\u00e3o sanit\u00e1ria que encontrou.<\/p>\n\n\n\n<p class=\"wp-block-paragraph\">As mesas de voto para as elei\u00e7\u00f5es presidenciais em Cabo Verde abriram hoje depois das&nbsp;07:00locais (09:00&nbsp;em Lisboa), embora algumas com atraso devido a quest\u00f5es log\u00edsticas, constatou a Lusa na cidade de Praia.<\/p>\n\n\n\n<p class=\"wp-block-paragraph\">A abertura oficial das assembleias de voto instaladas no arquip\u00e9lago aconteceu uma hora antes do hor\u00e1rio habitual de elei\u00e7\u00f5es anteriores ao per\u00edodo de pandemia, conforme medidas de preven\u00e7\u00e3o definidas pela Comiss\u00e3o Nacional de Elei\u00e7\u00f5es (CNE) de Cabo Verde, e a admiss\u00e3o de eleitores poder\u00e1 ser feita at\u00e9&nbsp;\u00e0s 18:00&nbsp;(20:00&nbsp;em Lisboa), para garantir o cumprimento das normas sanit\u00e1rias e evitar a aglomera\u00e7\u00f5es.<\/p>\n\n\n\n<p class=\"wp-block-paragraph\">Numa ronda feita pela Lusa por assembleias de voto foi poss\u00edvel verificar alguns atrasos, sobretudo por quest\u00f5es log\u00edsticas, como limpeza e higieniza\u00e7\u00e3o dos locais de vota\u00e7\u00e3o e a prepara\u00e7\u00e3o dos elementos das mesas de voto, obrigados a usar equipamentos de prote\u00e7\u00e3o individual, nomeadamente m\u00e1scaras e viseiras, devido \u00e0 pandemia de covid-19.<\/p>\n\n\n\n<p class=\"wp-block-paragraph\">Est\u00e1 previsto o funcionamento de um total de um total de 1.053 mesas de voto distribu\u00eddas pelo arquip\u00e9lago e 243 na di\u00e1spora, 64 das quais em Portugal.<\/p>\n\n\n\n<p class=\"wp-block-paragraph\">Segundo o caderno eleitoral publicado pela Dire\u00e7\u00e3o Geral de Apoio ao Processo Eleitoral (DGAPE) em 23 de setembro, est\u00e3o inscritos para votar nos 22 c\u00edrculos eleitorais do pa\u00eds 342.777 eleitores, enquanto os 16 c\u00edrculos\/pa\u00edses no estrangeiro contam 56.087 eleitores recenseados, totalizando assim 398.864 cabo-verdianos em condi\u00e7\u00e3o de votar.<\/p>\n\n\n\n<p class=\"wp-block-paragraph\">Na di\u00e1spora, o c\u00edrculo de Portugal \u00e9 o que conta com mais eleitores inscritos para votar nas elei\u00e7\u00f5es presidenciais, 17.914 eleitores, e o quinto com mais votantes incluindo os c\u00edrculos nacionais.<\/p>\n\n\n\n<p class=\"wp-block-paragraph\">O Tribunal Constitucional admitiu as candidaturas a estas elei\u00e7\u00f5es de Jos\u00e9 Maria Pereira Neves, Carlos Veiga, Fernando Rocha Delgado, Gilson Alves, H\u00e9lio Sanches, Joaquim Jaime Monteiro e Casimiro de Pina.<\/p>\n\n\n\n<p class=\"wp-block-paragraph\">Esta \u00e9 a primeira vez que Cabo Verde regista sete candidatos oficiais a Presidente da Rep\u00fablica em elei\u00e7\u00f5es diretas, depois de at\u00e9 agora o m\u00e1ximo ter sido quatro, em 2001 e 2011.<\/p>\n\n\n\n<p class=\"wp-block-paragraph\">A estas elei\u00e7\u00f5es j\u00e1 n\u00e3o concorre Jorge Carlos Fonseca, que cumpre o segundo e \u00faltimo mandato como Presidente da Rep\u00fablica.<\/p>\n\n\n\n<p class=\"wp-block-paragraph\">As elei\u00e7\u00f5es presidenciais de Cabo Verde v\u00e3o ser acompanhadas em todo o pa\u00eds por 104 observadores internacionais, sendo 30 da Uni\u00e3o Africana, numa miss\u00e3o liderada pelo diplomata e antigo ministro angolano Ismael Gaspar Martins, 71 da Comunidade Econ\u00f3mica dos Estados da \u00c1frica Ocidental (CEDEAO) e tr\u00eas da Embaixada dos Estados Unidos da Am\u00e9rica na Praia.<\/p>\n\n\n\n<p class=\"wp-block-paragraph\">Cabo Verde j\u00e1 teve quatro Presidentes da Rep\u00fablica desde a independ\u00eancia de Portugal em 1975, sendo o primeiro o j\u00e1 falecido Aristides Pereira (1975 &#8211; 1991) por elei\u00e7\u00e3o indireta, seguido do tamb\u00e9m j\u00e1 falecido Ant\u00f3nio Mascarenhas Monteiro (1991 &#8212; 2001), o primeiro por elei\u00e7\u00e3o direta, em 2001 foi eleito Pedro Pires e 10 anos depois Jorge Carlos Fonseca.<\/p>\n\n\n\n<p class=\"wp-block-paragraph\">As \u00faltimas presidenciais em Cabo Verde, que reconduziram o constitucionalista Jorge Carlos Fonseca como Presidente da Rep\u00fablica, realizaram-se em 02 de outubro de 2016 (elei\u00e7\u00e3o \u00e0 primeira volta, com 74% dos votos).<\/p>\n\n\n\n<p class=\"wp-block-paragraph\"><\/p>\n\n\n\n<p class=\"wp-block-paragraph\"><\/p>\n\n\n\n<p class=\"wp-block-paragraph\">In lusa<\/p>\n","protected":false},"excerpt":{"rendered":"<p>Centenas de cabo-verdianos come\u00e7aram a votar pouco depois das\u00a007:00\u00a0para escolher o pr\u00f3ximo Presidente da Rep\u00fablica, as terceiras elei\u00e7\u00f5es em pandemia,&#8230;<\/p>\n","protected":false},"author":5,"featured_media":33634,"comment_status":"open","ping_status":"open","sticky":false,"template":"","format":"standard","meta":{"footnotes":""},"categories":[6,31],"tags":[],"class_list":["post-33633","post","type-post","status-publish","format-standard","has-post-thumbnail","hentry","category-inicio","category-contactos-uteis","wpcat-6-id","wpcat-31-id"],"yoast_head":"<!-- This site is optimized with the Yoast SEO plugin v27.5 - https:\/\/yoast.com\/product\/yoast-seo-wordpress\/ -->\n<title>CABO-VERDIANOS NA EXPETATIVA DE CONHECER J\u00c1 HOJE O NOVO PRESIDENTE - O Democrata GB<\/title>\n<meta name=\"robots\" content=\"index, follow, max-snippet:-1, max-image-preview:large, max-video-preview:-1\" \/>\n<link rel=\"canonical\" href=\"https:\/\/www.odemocratagb.com\/?p=33633\" \/>\n<meta property=\"og:locale\" content=\"pt_BR\" \/>\n<meta property=\"og:type\" content=\"article\" \/>\n<meta property=\"og:title\" content=\"CABO-VERDIANOS NA EXPETATIVA DE CONHECER J\u00c1 HOJE O NOVO PRESIDENTE - O Democrata GB\" \/>\n<meta property=\"og:description\" content=\"Centenas de cabo-verdianos come\u00e7aram a votar pouco depois das\u00a007:00\u00a0para escolher o pr\u00f3ximo Presidente da Rep\u00fablica, as terceiras elei\u00e7\u00f5es em pandemia,...\" \/>\n<meta property=\"og:url\" content=\"https:\/\/www.odemocratagb.com\/?p=33633\" \/>\n<meta property=\"og:site_name\" content=\"O Democrata GB\" \/>\n<meta property=\"article:publisher\" content=\"https:\/\/www.facebook.com\/jornaldaguinebissau\" \/>\n<meta property=\"article:published_time\" content=\"2021-10-17T12:30:50+00:00\" \/>\n<meta property=\"article:modified_time\" content=\"2021-10-17T12:31:43+00:00\" \/>\n<meta property=\"og:image\" content=\"https:\/\/www.odemocratagb.com\/wp-content\/uploads\/2021\/10\/B2249B43-88AF-4045-9576-CEBE1D734E4D.jpeg\" \/>\n\t<meta property=\"og:image:width\" content=\"299\" \/>\n\t<meta property=\"og:image:height\" content=\"168\" \/>\n\t<meta property=\"og:image:type\" content=\"image\/jpeg\" \/>\n<meta name=\"author\" content=\"O DEMOCRATA\" \/>\n<meta name=\"twitter:card\" content=\"summary_large_image\" \/>\n<meta name=\"twitter:label1\" content=\"Escrito por\" \/>\n\t<meta name=\"twitter:data1\" content=\"O DEMOCRATA\" \/>\n\t<meta name=\"twitter:label2\" content=\"Est. tempo de leitura\" \/>\n\t<meta name=\"twitter:data2\" content=\"5 minutos\" \/>\n<script type=\"application\/ld+json\" class=\"yoast-schema-graph\">{\"@context\":\"https:\\\/\\\/schema.org\",\"@graph\":[{\"@type\":\"Article\",\"@id\":\"https:\\\/\\\/www.odemocratagb.com\\\/?p=33633#article\",\"isPartOf\":{\"@id\":\"https:\\\/\\\/www.odemocratagb.com\\\/?p=33633\"},\"author\":{\"name\":\"O DEMOCRATA\",\"@id\":\"https:\\\/\\\/www.odemocratagb.com\\\/#\\\/schema\\\/person\\\/3cfe1f3b5398955456dbd63ea1dca05c\"},\"headline\":\"CABO-VERDIANOS NA EXPETATIVA DE CONHECER J\u00c1 HOJE O NOVO PRESIDENTE\",\"datePublished\":\"2021-10-17T12:30:50+00:00\",\"dateModified\":\"2021-10-17T12:31:43+00:00\",\"mainEntityOfPage\":{\"@id\":\"https:\\\/\\\/www.odemocratagb.com\\\/?p=33633\"},\"wordCount\":1096,\"commentCount\":0,\"publisher\":{\"@id\":\"https:\\\/\\\/www.odemocratagb.com\\\/#organization\"},\"image\":{\"@id\":\"https:\\\/\\\/www.odemocratagb.com\\\/?p=33633#primaryimage\"},\"thumbnailUrl\":\"https:\\\/\\\/www.odemocratagb.com\\\/wp-content\\\/uploads\\\/2021\\\/10\\\/B2249B43-88AF-4045-9576-CEBE1D734E4D.jpeg\",\"articleSection\":[\"Atualidade\",\"Contactos \u00dateis\"],\"inLanguage\":\"pt-BR\",\"potentialAction\":[{\"@type\":\"CommentAction\",\"name\":\"Comment\",\"target\":[\"https:\\\/\\\/www.odemocratagb.com\\\/?p=33633#respond\"]}]},{\"@type\":\"WebPage\",\"@id\":\"https:\\\/\\\/www.odemocratagb.com\\\/?p=33633\",\"url\":\"https:\\\/\\\/www.odemocratagb.com\\\/?p=33633\",\"name\":\"CABO-VERDIANOS NA EXPETATIVA DE CONHECER J\u00c1 HOJE O NOVO PRESIDENTE - O Democrata GB\",\"isPartOf\":{\"@id\":\"https:\\\/\\\/www.odemocratagb.com\\\/#website\"},\"primaryImageOfPage\":{\"@id\":\"https:\\\/\\\/www.odemocratagb.com\\\/?p=33633#primaryimage\"},\"image\":{\"@id\":\"https:\\\/\\\/www.odemocratagb.com\\\/?p=33633#primaryimage\"},\"thumbnailUrl\":\"https:\\\/\\\/www.odemocratagb.com\\\/wp-content\\\/uploads\\\/2021\\\/10\\\/B2249B43-88AF-4045-9576-CEBE1D734E4D.jpeg\",\"datePublished\":\"2021-10-17T12:30:50+00:00\",\"dateModified\":\"2021-10-17T12:31:43+00:00\",\"breadcrumb\":{\"@id\":\"https:\\\/\\\/www.odemocratagb.com\\\/?p=33633#breadcrumb\"},\"inLanguage\":\"pt-BR\",\"potentialAction\":[{\"@type\":\"ReadAction\",\"target\":[\"https:\\\/\\\/www.odemocratagb.com\\\/?p=33633\"]}]},{\"@type\":\"ImageObject\",\"inLanguage\":\"pt-BR\",\"@id\":\"https:\\\/\\\/www.odemocratagb.com\\\/?p=33633#primaryimage\",\"url\":\"https:\\\/\\\/www.odemocratagb.com\\\/wp-content\\\/uploads\\\/2021\\\/10\\\/B2249B43-88AF-4045-9576-CEBE1D734E4D.jpeg\",\"contentUrl\":\"https:\\\/\\\/www.odemocratagb.com\\\/wp-content\\\/uploads\\\/2021\\\/10\\\/B2249B43-88AF-4045-9576-CEBE1D734E4D.jpeg\",\"width\":299,\"height\":168},{\"@type\":\"BreadcrumbList\",\"@id\":\"https:\\\/\\\/www.odemocratagb.com\\\/?p=33633#breadcrumb\",\"itemListElement\":[{\"@type\":\"ListItem\",\"position\":1,\"name\":\"In\u00edcio\",\"item\":\"https:\\\/\\\/www.odemocratagb.com\\\/\"},{\"@type\":\"ListItem\",\"position\":2,\"name\":\"CABO-VERDIANOS NA EXPETATIVA DE CONHECER J\u00c1 HOJE O NOVO PRESIDENTE\"}]},{\"@type\":\"WebSite\",\"@id\":\"https:\\\/\\\/www.odemocratagb.com\\\/#website\",\"url\":\"https:\\\/\\\/www.odemocratagb.com\\\/\",\"name\":\"O Democrata GB\",\"description\":\"Jornal O Democrata GB\",\"publisher\":{\"@id\":\"https:\\\/\\\/www.odemocratagb.com\\\/#organization\"},\"potentialAction\":[{\"@type\":\"SearchAction\",\"target\":{\"@type\":\"EntryPoint\",\"urlTemplate\":\"https:\\\/\\\/www.odemocratagb.com\\\/?s={search_term_string}\"},\"query-input\":{\"@type\":\"PropertyValueSpecification\",\"valueRequired\":true,\"valueName\":\"search_term_string\"}}],\"inLanguage\":\"pt-BR\"},{\"@type\":\"Organization\",\"@id\":\"https:\\\/\\\/www.odemocratagb.com\\\/#organization\",\"name\":\"O Democrata GB\",\"url\":\"https:\\\/\\\/www.odemocratagb.com\\\/\",\"logo\":{\"@type\":\"ImageObject\",\"inLanguage\":\"pt-BR\",\"@id\":\"https:\\\/\\\/www.odemocratagb.com\\\/#\\\/schema\\\/logo\\\/image\\\/\",\"url\":\"https:\\\/\\\/www.odemocratagb.com\\\/wp-content\\\/uploads\\\/2026\\\/04\\\/logo-odemocratagb.png\",\"contentUrl\":\"https:\\\/\\\/www.odemocratagb.com\\\/wp-content\\\/uploads\\\/2026\\\/04\\\/logo-odemocratagb.png\",\"width\":1250,\"height\":327,\"caption\":\"O Democrata GB\"},\"image\":{\"@id\":\"https:\\\/\\\/www.odemocratagb.com\\\/#\\\/schema\\\/logo\\\/image\\\/\"},\"sameAs\":[\"https:\\\/\\\/www.facebook.com\\\/jornaldaguinebissau\",\"https:\\\/\\\/www.instagram.com\\\/odemocratagb\"]},{\"@type\":\"Person\",\"@id\":\"https:\\\/\\\/www.odemocratagb.com\\\/#\\\/schema\\\/person\\\/3cfe1f3b5398955456dbd63ea1dca05c\",\"name\":\"O DEMOCRATA\",\"image\":{\"@type\":\"ImageObject\",\"inLanguage\":\"pt-BR\",\"@id\":\"https:\\\/\\\/secure.gravatar.com\\\/avatar\\\/77e41e441bd90c527d61f578cf248d6044ee65cdd92e10a7b5405c9a7fa3faa7?s=96&d=mm&r=g\",\"url\":\"https:\\\/\\\/secure.gravatar.com\\\/avatar\\\/77e41e441bd90c527d61f578cf248d6044ee65cdd92e10a7b5405c9a7fa3faa7?s=96&d=mm&r=g\",\"contentUrl\":\"https:\\\/\\\/secure.gravatar.com\\\/avatar\\\/77e41e441bd90c527d61f578cf248d6044ee65cdd92e10a7b5405c9a7fa3faa7?s=96&d=mm&r=g\",\"caption\":\"O DEMOCRATA\"},\"sameAs\":[\"http:\\\/\\\/odemocratagb.com\"],\"url\":\"https:\\\/\\\/www.odemocratagb.com\\\/?author=5\"}]}<\/script>\n<!-- \/ Yoast SEO plugin. -->","yoast_head_json":{"title":"CABO-VERDIANOS NA EXPETATIVA DE CONHECER J\u00c1 HOJE O NOVO PRESIDENTE - O Democrata GB","robots":{"index":"index","follow":"follow","max-snippet":"max-snippet:-1","max-image-preview":"max-image-preview:large","max-video-preview":"max-video-preview:-1"},"canonical":"https:\/\/www.odemocratagb.com\/?p=33633","og_locale":"pt_BR","og_type":"article","og_title":"CABO-VERDIANOS NA EXPETATIVA DE CONHECER J\u00c1 HOJE O NOVO PRESIDENTE - O Democrata GB","og_description":"Centenas de cabo-verdianos come\u00e7aram a votar pouco depois das\u00a007:00\u00a0para escolher o pr\u00f3ximo Presidente da Rep\u00fablica, as terceiras elei\u00e7\u00f5es em pandemia,...","og_url":"https:\/\/www.odemocratagb.com\/?p=33633","og_site_name":"O Democrata GB","article_publisher":"https:\/\/www.facebook.com\/jornaldaguinebissau","article_published_time":"2021-10-17T12:30:50+00:00","article_modified_time":"2021-10-17T12:31:43+00:00","og_image":[{"width":299,"height":168,"url":"https:\/\/www.odemocratagb.com\/wp-content\/uploads\/2021\/10\/B2249B43-88AF-4045-9576-CEBE1D734E4D.jpeg","type":"image\/jpeg"}],"author":"O DEMOCRATA","twitter_card":"summary_large_image","twitter_misc":{"Escrito por":"O DEMOCRATA","Est. tempo de leitura":"5 minutos"},"schema":{"@context":"https:\/\/schema.org","@graph":[{"@type":"Article","@id":"https:\/\/www.odemocratagb.com\/?p=33633#article","isPartOf":{"@id":"https:\/\/www.odemocratagb.com\/?p=33633"},"author":{"name":"O DEMOCRATA","@id":"https:\/\/www.odemocratagb.com\/#\/schema\/person\/3cfe1f3b5398955456dbd63ea1dca05c"},"headline":"CABO-VERDIANOS NA EXPETATIVA DE CONHECER J\u00c1 HOJE O NOVO PRESIDENTE","datePublished":"2021-10-17T12:30:50+00:00","dateModified":"2021-10-17T12:31:43+00:00","mainEntityOfPage":{"@id":"https:\/\/www.odemocratagb.com\/?p=33633"},"wordCount":1096,"commentCount":0,"publisher":{"@id":"https:\/\/www.odemocratagb.com\/#organization"},"image":{"@id":"https:\/\/www.odemocratagb.com\/?p=33633#primaryimage"},"thumbnailUrl":"https:\/\/www.odemocratagb.com\/wp-content\/uploads\/2021\/10\/B2249B43-88AF-4045-9576-CEBE1D734E4D.jpeg","articleSection":["Atualidade","Contactos \u00dateis"],"inLanguage":"pt-BR","potentialAction":[{"@type":"CommentAction","name":"Comment","target":["https:\/\/www.odemocratagb.com\/?p=33633#respond"]}]},{"@type":"WebPage","@id":"https:\/\/www.odemocratagb.com\/?p=33633","url":"https:\/\/www.odemocratagb.com\/?p=33633","name":"CABO-VERDIANOS NA EXPETATIVA DE CONHECER J\u00c1 HOJE O NOVO PRESIDENTE - O Democrata GB","isPartOf":{"@id":"https:\/\/www.odemocratagb.com\/#website"},"primaryImageOfPage":{"@id":"https:\/\/www.odemocratagb.com\/?p=33633#primaryimage"},"image":{"@id":"https:\/\/www.odemocratagb.com\/?p=33633#primaryimage"},"thumbnailUrl":"https:\/\/www.odemocratagb.com\/wp-content\/uploads\/2021\/10\/B2249B43-88AF-4045-9576-CEBE1D734E4D.jpeg","datePublished":"2021-10-17T12:30:50+00:00","dateModified":"2021-10-17T12:31:43+00:00","breadcrumb":{"@id":"https:\/\/www.odemocratagb.com\/?p=33633#breadcrumb"},"inLanguage":"pt-BR","potentialAction":[{"@type":"ReadAction","target":["https:\/\/www.odemocratagb.com\/?p=33633"]}]},{"@type":"ImageObject","inLanguage":"pt-BR","@id":"https:\/\/www.odemocratagb.com\/?p=33633#primaryimage","url":"https:\/\/www.odemocratagb.com\/wp-content\/uploads\/2021\/10\/B2249B43-88AF-4045-9576-CEBE1D734E4D.jpeg","contentUrl":"https:\/\/www.odemocratagb.com\/wp-content\/uploads\/2021\/10\/B2249B43-88AF-4045-9576-CEBE1D734E4D.jpeg","width":299,"height":168},{"@type":"BreadcrumbList","@id":"https:\/\/www.odemocratagb.com\/?p=33633#breadcrumb","itemListElement":[{"@type":"ListItem","position":1,"name":"In\u00edcio","item":"https:\/\/www.odemocratagb.com\/"},{"@type":"ListItem","position":2,"name":"CABO-VERDIANOS NA EXPETATIVA DE CONHECER J\u00c1 HOJE O NOVO PRESIDENTE"}]},{"@type":"WebSite","@id":"https:\/\/www.odemocratagb.com\/#website","url":"https:\/\/www.odemocratagb.com\/","name":"O Democrata GB","description":"Jornal O Democrata GB","publisher":{"@id":"https:\/\/www.odemocratagb.com\/#organization"},"potentialAction":[{"@type":"SearchAction","target":{"@type":"EntryPoint","urlTemplate":"https:\/\/www.odemocratagb.com\/?s={search_term_string}"},"query-input":{"@type":"PropertyValueSpecification","valueRequired":true,"valueName":"search_term_string"}}],"inLanguage":"pt-BR"},{"@type":"Organization","@id":"https:\/\/www.odemocratagb.com\/#organization","name":"O Democrata GB","url":"https:\/\/www.odemocratagb.com\/","logo":{"@type":"ImageObject","inLanguage":"pt-BR","@id":"https:\/\/www.odemocratagb.com\/#\/schema\/logo\/image\/","url":"https:\/\/www.odemocratagb.com\/wp-content\/uploads\/2026\/04\/logo-odemocratagb.png","contentUrl":"https:\/\/www.odemocratagb.com\/wp-content\/uploads\/2026\/04\/logo-odemocratagb.png","width":1250,"height":327,"caption":"O Democrata GB"},"image":{"@id":"https:\/\/www.odemocratagb.com\/#\/schema\/logo\/image\/"},"sameAs":["https:\/\/www.facebook.com\/jornaldaguinebissau","https:\/\/www.instagram.com\/odemocratagb"]},{"@type":"Person","@id":"https:\/\/www.odemocratagb.com\/#\/schema\/person\/3cfe1f3b5398955456dbd63ea1dca05c","name":"O DEMOCRATA","image":{"@type":"ImageObject","inLanguage":"pt-BR","@id":"https:\/\/secure.gravatar.com\/avatar\/77e41e441bd90c527d61f578cf248d6044ee65cdd92e10a7b5405c9a7fa3faa7?s=96&d=mm&r=g","url":"https:\/\/secure.gravatar.com\/avatar\/77e41e441bd90c527d61f578cf248d6044ee65cdd92e10a7b5405c9a7fa3faa7?s=96&d=mm&r=g","contentUrl":"https:\/\/secure.gravatar.com\/avatar\/77e41e441bd90c527d61f578cf248d6044ee65cdd92e10a7b5405c9a7fa3faa7?s=96&d=mm&r=g","caption":"O DEMOCRATA"},"sameAs":["http:\/\/odemocratagb.com"],"url":"https:\/\/www.odemocratagb.com\/?author=5"}]}},"_links":{"self":[{"href":"https:\/\/www.odemocratagb.com\/index.php?rest_route=\/wp\/v2\/posts\/33633","targetHints":{"allow":["GET"]}}],"collection":[{"href":"https:\/\/www.odemocratagb.com\/index.php?rest_route=\/wp\/v2\/posts"}],"about":[{"href":"https:\/\/www.odemocratagb.com\/index.php?rest_route=\/wp\/v2\/types\/post"}],"author":[{"embeddable":true,"href":"https:\/\/www.odemocratagb.com\/index.php?rest_route=\/wp\/v2\/users\/5"}],"replies":[{"embeddable":true,"href":"https:\/\/www.odemocratagb.com\/index.php?rest_route=%2Fwp%2Fv2%2Fcomments&post=33633"}],"version-history":[{"count":1,"href":"https:\/\/www.odemocratagb.com\/index.php?rest_route=\/wp\/v2\/posts\/33633\/revisions"}],"predecessor-version":[{"id":33635,"href":"https:\/\/www.odemocratagb.com\/index.php?rest_route=\/wp\/v2\/posts\/33633\/revisions\/33635"}],"wp:featuredmedia":[{"embeddable":true,"href":"https:\/\/www.odemocratagb.com\/index.php?rest_route=\/wp\/v2\/media\/33634"}],"wp:attachment":[{"href":"https:\/\/www.odemocratagb.com\/index.php?rest_route=%2Fwp%2Fv2%2Fmedia&parent=33633"}],"wp:term":[{"taxonomy":"category","embeddable":true,"href":"https:\/\/www.odemocratagb.com\/index.php?rest_route=%2Fwp%2Fv2%2Fcategories&post=33633"},{"taxonomy":"post_tag","embeddable":true,"href":"https:\/\/www.odemocratagb.com\/index.php?rest_route=%2Fwp%2Fv2%2Ftags&post=33633"}],"curies":[{"name":"wp","href":"https:\/\/api.w.org\/{rel}","templated":true}]}}