{"id":33665,"date":"2021-10-18T07:13:41","date_gmt":"2021-10-18T07:13:41","guid":{"rendered":"https:\/\/www.odemocratagb.com\/?p=33665"},"modified":"2021-10-18T07:27:37","modified_gmt":"2021-10-18T07:27:37","slug":"cabo-verde-presidente-eleito-promete-dialogar-com-todos-e-pede-uniao-de-esforcos","status":"publish","type":"post","link":"https:\/\/www.odemocratagb.com\/?p=33665","title":{"rendered":"Cabo Verde: PRESIDENTE ELEITO PROMETE \u201cDIALOGAR COM TODOS\u201d E PEDE UNI\u00c3O DE ESFOR\u00c7OS"},"content":{"rendered":"\n<p class=\"wp-block-paragraph\">O Presidente eleito de Cabo Verde, Jos\u00e9 Maria Neves, assumiu hoje&nbsp;que vai &#8220;dialogar com todos&#8221;, apelando \u00e0 uni\u00e3o de esfor\u00e7os entre os \u00f3rg\u00e3os de soberania e sociedade civil na recupera\u00e7\u00e3o econ\u00f3mica do pa\u00eds.<\/p>\n\n\n\n<p class=\"wp-block-paragraph\">&#8220;Trata-se de uma grande vit\u00f3ria do povo de Cabo Verde. Quem ganha numa jornada c\u00edvica desta envergadura s\u00e3o as cabo-verdianas e os cabo-verdianos, nas ilhas e na di\u00e1spora, que deram um grande exemplo de civismo&#8221;, afirmou Jos\u00e9 Maria Neves, no discurso de vit\u00f3ria, na sua sede de campanha, na cidade da Praia.<\/p>\n\n\n\n<p class=\"wp-block-paragraph\">Na mesma interven\u00e7\u00e3o, j\u00e1 ao som da forte festa pelas ruas da capital, prometeu ser um &#8220;Presidente que une, que cuida e que protege&#8221; e &#8220;um Presidente de todas as cabo-verdianas e de todos os cabo-verdianos&#8221;.<\/p>\n\n\n\n<p class=\"wp-block-paragraph\">O antigo primeiro-ministro cabo-verdiano Jos\u00e9 Maria Neves foi eleito este domingo, \u00e0 primeira volta, o quinto Presidente da Rep\u00fablica de Cabo Verde, com 51,5% dos votos, de acordo com os dados do apuramento provis\u00f3rio.<\/p>\n\n\n\n<p class=\"wp-block-paragraph\">Segundo dados atualizados&nbsp;\u00e0s 21:00&nbsp;(mais duas horas em Lisboa) pela Dire\u00e7\u00e3o Geral de Apoio ao Processo Eleitoral (DGAPE) e pela Comiss\u00e3o Nacional de Elei\u00e7\u00f5es (CNE), Jos\u00e9 Maria Neves contabilizava 93.149 votos (97% das mesas apuradas), enquanto o principal opositor, Carlos Veiga, tamb\u00e9m antigo primeiro-ministro (1991 a 2000), voltou a falhar a elei\u00e7\u00e3o, pela terceira vez (2001 e 2006), garantindo 77.018 votos, equivalente a 42,6%.<\/p>\n\n\n\n<p class=\"wp-block-paragraph\">No discurso de vit\u00f3ria, Jos\u00e9 Maria Neves afirmou que \u00e9 necess\u00e1rio que todos os \u00f3rg\u00e3os de soberania, cidad\u00e3os e sociedade civil &#8220;deem as m\u00e3os&#8221;, face aos desafios que Cabo Verde tem pela frente, nomeadamente a forte crise econ\u00f3mica decorrente da pandemia de covid-19.<\/p>\n\n\n\n<p class=\"wp-block-paragraph\">&#8220;Trata-se de uma enorme responsabilidade presidir \u00e0 na\u00e7\u00e3o cabo-verdiana nestes tempos e recebo essa vit\u00f3ria com a grande humildade que sempre me caracterizou&#8221;, disse.<\/p>\n\n\n\n<p class=\"wp-block-paragraph\">&#8220;As cabo-verdianas e os cabo-verdianos podem contar comigo. Com toda a humildade, serenidade e enorme responsabilidade trabalharei para unir os cabo-verdianos, serei o Presidente de todos os cabo-verdianos, serei um \u00e1rbitro imparcial, um fiscalizador da a\u00e7\u00e3o governamental, um apaziguador de conflitos, um Presidente que ir\u00e1 colaborar com o Governo, com as autoridades locais e a sociedade civil&#8221;, afirmou Jos\u00e9 Maria Neves.<\/p>\n\n\n\n<p class=\"wp-block-paragraph\">No mesmo discurso, o novo Presidente insistiu que pretende &#8220;dialogar com todos&#8221;, agradeceu o apoio \u00e0 sua candidatura do Partido Africano da Independ\u00eancia de Cabo Verde (PAICV, oposi\u00e7\u00e3o), que liderou e pelo qual foi primeiro-ministro de 2001 a 2016, e revelou que j\u00e1 falou telefonicamente com o primeiro-ministro, Ulisses Correia e Silva, que \u00e9 tamb\u00e9m l\u00edder do Movimento para a Democracia (MpD).<\/p>\n\n\n\n<p class=\"wp-block-paragraph\">&#8220;Conto poder trabalhar com o Governo, com a lealdade necess\u00e1ria, para juntos enfrentarmos os desafios que se colocam a Cabo Verde&#8221;, disse ainda Jos\u00e9 Maria Neves.<\/p>\n\n\n\n<p class=\"wp-block-paragraph\">Acrescentou igualmente que j\u00e1 recebeu um telefonema de felicita\u00e7\u00f5es do Presidente de Portugal, Marcelo Rebelo de Sousa: &#8220;Convidei-o para estar presente na tomada de posse&#8221;.<\/p>\n\n\n\n<p class=\"wp-block-paragraph\">Atualmente professor universit\u00e1rio, Jos\u00e9 Maria Neves, 61 anos, j\u00e1 foi dirigente partid\u00e1rio &#8212; presidente do PAICV e militante h\u00e1 cerca de 40 anos -, deputado nacional, presidente de c\u00e2mara (Santa Catarina) e ministro.<\/p>\n\n\n\n<p class=\"wp-block-paragraph\">Nestas s\u00e9timas elei\u00e7\u00f5es presidenciais o candidato Casimiro de Pina arrecadou at\u00e9 ao momento (97% das mesas apuradas) 3.254 votos (1,8%), Fernando Rocha Delgado 2.509 votos (1,4%), H\u00e9lio Sanches 2.102 votos (1,2%), Gilson Alves 1.546 votos (0,9%) e Joaquim Monteiro 1.365 votos (0,8%).<\/p>\n\n\n\n<p class=\"wp-block-paragraph\">Votaram (com 97% das mesas apuradas) 186.991 eleitores, que por sua vez corresponde a uma taxa de absten\u00e7\u00e3o de 51,7%.<\/p>\n\n\n\n<p class=\"wp-block-paragraph\">Esta foi a primeira vez que Cabo Verde registou sete candidatos a Presidente da Rep\u00fablica em elei\u00e7\u00f5es diretas, depois de at\u00e9 agora o m\u00e1ximo ter sido quatro, em 2001 e 2011.<\/p>\n\n\n\n<p class=\"wp-block-paragraph\">Estas elei\u00e7\u00f5es encerram o ciclo eleitoral iniciado em 25 de outubro de 2020, com as aut\u00e1rquicas, que prosseguiu em&nbsp;18 abril&nbsp;passado, com as legislativas, sempre com a aplica\u00e7\u00e3o de medidas de prote\u00e7\u00e3o sanit\u00e1ria, como a utiliza\u00e7\u00e3o de m\u00e1scara e desinfe\u00e7\u00e3o obrigat\u00f3ria \u00e0 entrada das assembleias de voto, devido \u00e0 pandemia de covid-19.<\/p>\n\n\n\n<p class=\"wp-block-paragraph\">Estavam inscritos para votar nos 22 c\u00edrculos eleitorais do pa\u00eds 342.777 eleitores, enquanto os 16 c\u00edrculos\/pa\u00edses no estrangeiro contavam 56.087 eleitores recenseados, totalizando assim 398.864 cabo-verdianos em condi\u00e7\u00e3o de votar.<\/p>\n\n\n\n<p class=\"wp-block-paragraph\">A estas elei\u00e7\u00f5es j\u00e1 n\u00e3o concorreu Jorge Carlos Fonseca, que cumpre o segundo e \u00faltimo mandato como Presidente da Rep\u00fablica.<\/p>\n\n\n\n<p class=\"wp-block-paragraph\">As elei\u00e7\u00f5es presidenciais de Cabo Verde foram acompanhadas em todo o pa\u00eds por 104 observadores internacionais, sendo 30 da Uni\u00e3o Africana, numa miss\u00e3o liderada pelo diplomata e antigo ministro angolano Ismael Gaspar Martins, 71 da Comunidade Econ\u00f3mica dos Estados da \u00c1frica Ocidental (CEDEAO) e tr\u00eas da embaixada dos Estados Unidos da Am\u00e9rica na Praia.<\/p>\n\n\n\n<p class=\"wp-block-paragraph\">Cabo Verde j\u00e1 teve quatro Presidentes da Rep\u00fablica desde a independ\u00eancia de Portugal em 1975, sendo o primeiro o j\u00e1 falecido Aristides Pereira (1975 &#8211; 1991) por elei\u00e7\u00e3o indireta, seguido do tamb\u00e9m j\u00e1 defunto Ant\u00f3nio Mascarenhas Monteiro (1991 &#8212; 2001), o primeiro por elei\u00e7\u00e3o direta, em 2001 foi eleito Pedro Pires e 10 anos depois Jorge Carlos Fonseca.<\/p>\n\n\n\n<p class=\"wp-block-paragraph\">As anteriores presidenciais em Cabo Verde, que reconduziram o constitucionalista Jorge Carlos Fonseca como Presidente da Rep\u00fablica, realizaram-se em 02 de outubro de 2016 (elei\u00e7\u00e3o \u00e0 primeira volta, com 74% dos votos).<\/p>\n\n\n\n<p class=\"wp-block-paragraph\"><\/p>\n\n\n\n<p class=\"wp-block-paragraph\"><\/p>\n\n\n\n<p class=\"wp-block-paragraph\">In lusa<\/p>\n","protected":false},"excerpt":{"rendered":"<p>O Presidente eleito de Cabo Verde, Jos\u00e9 Maria Neves, assumiu hoje&nbsp;que vai &#8220;dialogar com todos&#8221;, apelando \u00e0 uni\u00e3o de esfor\u00e7os&#8230;<\/p>\n","protected":false},"author":5,"featured_media":33668,"comment_status":"open","ping_status":"open","sticky":false,"template":"","format":"standard","meta":{"footnotes":""},"categories":[6,7],"tags":[],"class_list":["post-33665","post","type-post","status-publish","format-standard","has-post-thumbnail","hentry","category-inicio","category-politica","wpcat-6-id","wpcat-7-id"],"yoast_head":"<!-- This site is optimized with the Yoast SEO plugin v27.5 - https:\/\/yoast.com\/product\/yoast-seo-wordpress\/ -->\n<title>Cabo Verde: PRESIDENTE ELEITO PROMETE \u201cDIALOGAR COM TODOS\u201d E PEDE UNI\u00c3O DE ESFOR\u00c7OS - O Democrata GB<\/title>\n<meta name=\"robots\" content=\"index, follow, max-snippet:-1, max-image-preview:large, max-video-preview:-1\" \/>\n<link rel=\"canonical\" href=\"https:\/\/www.odemocratagb.com\/?p=33665\" \/>\n<meta property=\"og:locale\" content=\"pt_BR\" \/>\n<meta property=\"og:type\" content=\"article\" \/>\n<meta property=\"og:title\" content=\"Cabo Verde: PRESIDENTE ELEITO PROMETE \u201cDIALOGAR COM TODOS\u201d E PEDE UNI\u00c3O DE ESFOR\u00c7OS - O Democrata GB\" \/>\n<meta property=\"og:description\" content=\"O Presidente eleito de Cabo Verde, Jos\u00e9 Maria Neves, assumiu hoje&nbsp;que vai &#8220;dialogar com todos&#8221;, apelando \u00e0 uni\u00e3o de esfor\u00e7os...\" \/>\n<meta property=\"og:url\" content=\"https:\/\/www.odemocratagb.com\/?p=33665\" \/>\n<meta property=\"og:site_name\" content=\"O Democrata GB\" \/>\n<meta property=\"article:publisher\" content=\"https:\/\/www.facebook.com\/jornaldaguinebissau\" \/>\n<meta property=\"article:published_time\" content=\"2021-10-18T07:13:41+00:00\" \/>\n<meta property=\"article:modified_time\" content=\"2021-10-18T07:27:37+00:00\" \/>\n<meta property=\"og:image\" content=\"https:\/\/www.odemocratagb.com\/wp-content\/uploads\/2021\/10\/E1E1FC65-71D7-4AF8-9F40-416951B25A32.jpeg\" \/>\n\t<meta property=\"og:image:width\" content=\"918\" \/>\n\t<meta property=\"og:image:height\" content=\"494\" \/>\n\t<meta property=\"og:image:type\" content=\"image\/jpeg\" \/>\n<meta name=\"author\" content=\"O DEMOCRATA\" \/>\n<meta name=\"twitter:card\" content=\"summary_large_image\" \/>\n<meta name=\"twitter:label1\" content=\"Escrito por\" \/>\n\t<meta name=\"twitter:data1\" content=\"O DEMOCRATA\" \/>\n\t<meta name=\"twitter:label2\" content=\"Est. tempo de leitura\" \/>\n\t<meta name=\"twitter:data2\" content=\"4 minutos\" \/>\n<script type=\"application\/ld+json\" class=\"yoast-schema-graph\">{\"@context\":\"https:\\\/\\\/schema.org\",\"@graph\":[{\"@type\":\"Article\",\"@id\":\"https:\\\/\\\/www.odemocratagb.com\\\/?p=33665#article\",\"isPartOf\":{\"@id\":\"https:\\\/\\\/www.odemocratagb.com\\\/?p=33665\"},\"author\":{\"name\":\"O DEMOCRATA\",\"@id\":\"https:\\\/\\\/www.odemocratagb.com\\\/#\\\/schema\\\/person\\\/3cfe1f3b5398955456dbd63ea1dca05c\"},\"headline\":\"Cabo Verde: PRESIDENTE ELEITO PROMETE \u201cDIALOGAR COM TODOS\u201d E PEDE UNI\u00c3O DE ESFOR\u00c7OS\",\"datePublished\":\"2021-10-18T07:13:41+00:00\",\"dateModified\":\"2021-10-18T07:27:37+00:00\",\"mainEntityOfPage\":{\"@id\":\"https:\\\/\\\/www.odemocratagb.com\\\/?p=33665\"},\"wordCount\":874,\"commentCount\":0,\"publisher\":{\"@id\":\"https:\\\/\\\/www.odemocratagb.com\\\/#organization\"},\"image\":{\"@id\":\"https:\\\/\\\/www.odemocratagb.com\\\/?p=33665#primaryimage\"},\"thumbnailUrl\":\"https:\\\/\\\/www.odemocratagb.com\\\/wp-content\\\/uploads\\\/2021\\\/10\\\/E1E1FC65-71D7-4AF8-9F40-416951B25A32.jpeg\",\"articleSection\":[\"Atualidade\",\"Pol\u00edtica\"],\"inLanguage\":\"pt-BR\",\"potentialAction\":[{\"@type\":\"CommentAction\",\"name\":\"Comment\",\"target\":[\"https:\\\/\\\/www.odemocratagb.com\\\/?p=33665#respond\"]}]},{\"@type\":\"WebPage\",\"@id\":\"https:\\\/\\\/www.odemocratagb.com\\\/?p=33665\",\"url\":\"https:\\\/\\\/www.odemocratagb.com\\\/?p=33665\",\"name\":\"Cabo Verde: PRESIDENTE ELEITO PROMETE \u201cDIALOGAR COM TODOS\u201d E PEDE UNI\u00c3O DE ESFOR\u00c7OS - O Democrata GB\",\"isPartOf\":{\"@id\":\"https:\\\/\\\/www.odemocratagb.com\\\/#website\"},\"primaryImageOfPage\":{\"@id\":\"https:\\\/\\\/www.odemocratagb.com\\\/?p=33665#primaryimage\"},\"image\":{\"@id\":\"https:\\\/\\\/www.odemocratagb.com\\\/?p=33665#primaryimage\"},\"thumbnailUrl\":\"https:\\\/\\\/www.odemocratagb.com\\\/wp-content\\\/uploads\\\/2021\\\/10\\\/E1E1FC65-71D7-4AF8-9F40-416951B25A32.jpeg\",\"datePublished\":\"2021-10-18T07:13:41+00:00\",\"dateModified\":\"2021-10-18T07:27:37+00:00\",\"breadcrumb\":{\"@id\":\"https:\\\/\\\/www.odemocratagb.com\\\/?p=33665#breadcrumb\"},\"inLanguage\":\"pt-BR\",\"potentialAction\":[{\"@type\":\"ReadAction\",\"target\":[\"https:\\\/\\\/www.odemocratagb.com\\\/?p=33665\"]}]},{\"@type\":\"ImageObject\",\"inLanguage\":\"pt-BR\",\"@id\":\"https:\\\/\\\/www.odemocratagb.com\\\/?p=33665#primaryimage\",\"url\":\"https:\\\/\\\/www.odemocratagb.com\\\/wp-content\\\/uploads\\\/2021\\\/10\\\/E1E1FC65-71D7-4AF8-9F40-416951B25A32.jpeg\",\"contentUrl\":\"https:\\\/\\\/www.odemocratagb.com\\\/wp-content\\\/uploads\\\/2021\\\/10\\\/E1E1FC65-71D7-4AF8-9F40-416951B25A32.jpeg\",\"width\":918,\"height\":494},{\"@type\":\"BreadcrumbList\",\"@id\":\"https:\\\/\\\/www.odemocratagb.com\\\/?p=33665#breadcrumb\",\"itemListElement\":[{\"@type\":\"ListItem\",\"position\":1,\"name\":\"In\u00edcio\",\"item\":\"https:\\\/\\\/www.odemocratagb.com\\\/\"},{\"@type\":\"ListItem\",\"position\":2,\"name\":\"Cabo Verde: PRESIDENTE ELEITO PROMETE \u201cDIALOGAR COM TODOS\u201d E PEDE UNI\u00c3O DE ESFOR\u00c7OS\"}]},{\"@type\":\"WebSite\",\"@id\":\"https:\\\/\\\/www.odemocratagb.com\\\/#website\",\"url\":\"https:\\\/\\\/www.odemocratagb.com\\\/\",\"name\":\"O Democrata GB\",\"description\":\"Jornal O Democrata GB\",\"publisher\":{\"@id\":\"https:\\\/\\\/www.odemocratagb.com\\\/#organization\"},\"potentialAction\":[{\"@type\":\"SearchAction\",\"target\":{\"@type\":\"EntryPoint\",\"urlTemplate\":\"https:\\\/\\\/www.odemocratagb.com\\\/?s={search_term_string}\"},\"query-input\":{\"@type\":\"PropertyValueSpecification\",\"valueRequired\":true,\"valueName\":\"search_term_string\"}}],\"inLanguage\":\"pt-BR\"},{\"@type\":\"Organization\",\"@id\":\"https:\\\/\\\/www.odemocratagb.com\\\/#organization\",\"name\":\"O Democrata GB\",\"url\":\"https:\\\/\\\/www.odemocratagb.com\\\/\",\"logo\":{\"@type\":\"ImageObject\",\"inLanguage\":\"pt-BR\",\"@id\":\"https:\\\/\\\/www.odemocratagb.com\\\/#\\\/schema\\\/logo\\\/image\\\/\",\"url\":\"https:\\\/\\\/www.odemocratagb.com\\\/wp-content\\\/uploads\\\/2026\\\/04\\\/logo-odemocratagb.png\",\"contentUrl\":\"https:\\\/\\\/www.odemocratagb.com\\\/wp-content\\\/uploads\\\/2026\\\/04\\\/logo-odemocratagb.png\",\"width\":1250,\"height\":327,\"caption\":\"O Democrata GB\"},\"image\":{\"@id\":\"https:\\\/\\\/www.odemocratagb.com\\\/#\\\/schema\\\/logo\\\/image\\\/\"},\"sameAs\":[\"https:\\\/\\\/www.facebook.com\\\/jornaldaguinebissau\",\"https:\\\/\\\/www.instagram.com\\\/odemocratagb\"]},{\"@type\":\"Person\",\"@id\":\"https:\\\/\\\/www.odemocratagb.com\\\/#\\\/schema\\\/person\\\/3cfe1f3b5398955456dbd63ea1dca05c\",\"name\":\"O DEMOCRATA\",\"image\":{\"@type\":\"ImageObject\",\"inLanguage\":\"pt-BR\",\"@id\":\"https:\\\/\\\/secure.gravatar.com\\\/avatar\\\/77e41e441bd90c527d61f578cf248d6044ee65cdd92e10a7b5405c9a7fa3faa7?s=96&d=mm&r=g\",\"url\":\"https:\\\/\\\/secure.gravatar.com\\\/avatar\\\/77e41e441bd90c527d61f578cf248d6044ee65cdd92e10a7b5405c9a7fa3faa7?s=96&d=mm&r=g\",\"contentUrl\":\"https:\\\/\\\/secure.gravatar.com\\\/avatar\\\/77e41e441bd90c527d61f578cf248d6044ee65cdd92e10a7b5405c9a7fa3faa7?s=96&d=mm&r=g\",\"caption\":\"O DEMOCRATA\"},\"sameAs\":[\"http:\\\/\\\/odemocratagb.com\"],\"url\":\"https:\\\/\\\/www.odemocratagb.com\\\/?author=5\"}]}<\/script>\n<!-- \/ Yoast SEO plugin. -->","yoast_head_json":{"title":"Cabo Verde: PRESIDENTE ELEITO PROMETE \u201cDIALOGAR COM TODOS\u201d E PEDE UNI\u00c3O DE ESFOR\u00c7OS - O Democrata GB","robots":{"index":"index","follow":"follow","max-snippet":"max-snippet:-1","max-image-preview":"max-image-preview:large","max-video-preview":"max-video-preview:-1"},"canonical":"https:\/\/www.odemocratagb.com\/?p=33665","og_locale":"pt_BR","og_type":"article","og_title":"Cabo Verde: PRESIDENTE ELEITO PROMETE \u201cDIALOGAR COM TODOS\u201d E PEDE UNI\u00c3O DE ESFOR\u00c7OS - O Democrata GB","og_description":"O Presidente eleito de Cabo Verde, Jos\u00e9 Maria Neves, assumiu hoje&nbsp;que vai &#8220;dialogar com todos&#8221;, apelando \u00e0 uni\u00e3o de esfor\u00e7os...","og_url":"https:\/\/www.odemocratagb.com\/?p=33665","og_site_name":"O Democrata GB","article_publisher":"https:\/\/www.facebook.com\/jornaldaguinebissau","article_published_time":"2021-10-18T07:13:41+00:00","article_modified_time":"2021-10-18T07:27:37+00:00","og_image":[{"width":918,"height":494,"url":"https:\/\/www.odemocratagb.com\/wp-content\/uploads\/2021\/10\/E1E1FC65-71D7-4AF8-9F40-416951B25A32.jpeg","type":"image\/jpeg"}],"author":"O DEMOCRATA","twitter_card":"summary_large_image","twitter_misc":{"Escrito por":"O DEMOCRATA","Est. tempo de leitura":"4 minutos"},"schema":{"@context":"https:\/\/schema.org","@graph":[{"@type":"Article","@id":"https:\/\/www.odemocratagb.com\/?p=33665#article","isPartOf":{"@id":"https:\/\/www.odemocratagb.com\/?p=33665"},"author":{"name":"O DEMOCRATA","@id":"https:\/\/www.odemocratagb.com\/#\/schema\/person\/3cfe1f3b5398955456dbd63ea1dca05c"},"headline":"Cabo Verde: PRESIDENTE ELEITO PROMETE \u201cDIALOGAR COM TODOS\u201d E PEDE UNI\u00c3O DE ESFOR\u00c7OS","datePublished":"2021-10-18T07:13:41+00:00","dateModified":"2021-10-18T07:27:37+00:00","mainEntityOfPage":{"@id":"https:\/\/www.odemocratagb.com\/?p=33665"},"wordCount":874,"commentCount":0,"publisher":{"@id":"https:\/\/www.odemocratagb.com\/#organization"},"image":{"@id":"https:\/\/www.odemocratagb.com\/?p=33665#primaryimage"},"thumbnailUrl":"https:\/\/www.odemocratagb.com\/wp-content\/uploads\/2021\/10\/E1E1FC65-71D7-4AF8-9F40-416951B25A32.jpeg","articleSection":["Atualidade","Pol\u00edtica"],"inLanguage":"pt-BR","potentialAction":[{"@type":"CommentAction","name":"Comment","target":["https:\/\/www.odemocratagb.com\/?p=33665#respond"]}]},{"@type":"WebPage","@id":"https:\/\/www.odemocratagb.com\/?p=33665","url":"https:\/\/www.odemocratagb.com\/?p=33665","name":"Cabo Verde: PRESIDENTE ELEITO PROMETE \u201cDIALOGAR COM TODOS\u201d E PEDE UNI\u00c3O DE ESFOR\u00c7OS - O Democrata GB","isPartOf":{"@id":"https:\/\/www.odemocratagb.com\/#website"},"primaryImageOfPage":{"@id":"https:\/\/www.odemocratagb.com\/?p=33665#primaryimage"},"image":{"@id":"https:\/\/www.odemocratagb.com\/?p=33665#primaryimage"},"thumbnailUrl":"https:\/\/www.odemocratagb.com\/wp-content\/uploads\/2021\/10\/E1E1FC65-71D7-4AF8-9F40-416951B25A32.jpeg","datePublished":"2021-10-18T07:13:41+00:00","dateModified":"2021-10-18T07:27:37+00:00","breadcrumb":{"@id":"https:\/\/www.odemocratagb.com\/?p=33665#breadcrumb"},"inLanguage":"pt-BR","potentialAction":[{"@type":"ReadAction","target":["https:\/\/www.odemocratagb.com\/?p=33665"]}]},{"@type":"ImageObject","inLanguage":"pt-BR","@id":"https:\/\/www.odemocratagb.com\/?p=33665#primaryimage","url":"https:\/\/www.odemocratagb.com\/wp-content\/uploads\/2021\/10\/E1E1FC65-71D7-4AF8-9F40-416951B25A32.jpeg","contentUrl":"https:\/\/www.odemocratagb.com\/wp-content\/uploads\/2021\/10\/E1E1FC65-71D7-4AF8-9F40-416951B25A32.jpeg","width":918,"height":494},{"@type":"BreadcrumbList","@id":"https:\/\/www.odemocratagb.com\/?p=33665#breadcrumb","itemListElement":[{"@type":"ListItem","position":1,"name":"In\u00edcio","item":"https:\/\/www.odemocratagb.com\/"},{"@type":"ListItem","position":2,"name":"Cabo Verde: PRESIDENTE ELEITO PROMETE \u201cDIALOGAR COM TODOS\u201d E PEDE UNI\u00c3O DE ESFOR\u00c7OS"}]},{"@type":"WebSite","@id":"https:\/\/www.odemocratagb.com\/#website","url":"https:\/\/www.odemocratagb.com\/","name":"O Democrata GB","description":"Jornal O Democrata GB","publisher":{"@id":"https:\/\/www.odemocratagb.com\/#organization"},"potentialAction":[{"@type":"SearchAction","target":{"@type":"EntryPoint","urlTemplate":"https:\/\/www.odemocratagb.com\/?s={search_term_string}"},"query-input":{"@type":"PropertyValueSpecification","valueRequired":true,"valueName":"search_term_string"}}],"inLanguage":"pt-BR"},{"@type":"Organization","@id":"https:\/\/www.odemocratagb.com\/#organization","name":"O Democrata GB","url":"https:\/\/www.odemocratagb.com\/","logo":{"@type":"ImageObject","inLanguage":"pt-BR","@id":"https:\/\/www.odemocratagb.com\/#\/schema\/logo\/image\/","url":"https:\/\/www.odemocratagb.com\/wp-content\/uploads\/2026\/04\/logo-odemocratagb.png","contentUrl":"https:\/\/www.odemocratagb.com\/wp-content\/uploads\/2026\/04\/logo-odemocratagb.png","width":1250,"height":327,"caption":"O Democrata GB"},"image":{"@id":"https:\/\/www.odemocratagb.com\/#\/schema\/logo\/image\/"},"sameAs":["https:\/\/www.facebook.com\/jornaldaguinebissau","https:\/\/www.instagram.com\/odemocratagb"]},{"@type":"Person","@id":"https:\/\/www.odemocratagb.com\/#\/schema\/person\/3cfe1f3b5398955456dbd63ea1dca05c","name":"O DEMOCRATA","image":{"@type":"ImageObject","inLanguage":"pt-BR","@id":"https:\/\/secure.gravatar.com\/avatar\/77e41e441bd90c527d61f578cf248d6044ee65cdd92e10a7b5405c9a7fa3faa7?s=96&d=mm&r=g","url":"https:\/\/secure.gravatar.com\/avatar\/77e41e441bd90c527d61f578cf248d6044ee65cdd92e10a7b5405c9a7fa3faa7?s=96&d=mm&r=g","contentUrl":"https:\/\/secure.gravatar.com\/avatar\/77e41e441bd90c527d61f578cf248d6044ee65cdd92e10a7b5405c9a7fa3faa7?s=96&d=mm&r=g","caption":"O DEMOCRATA"},"sameAs":["http:\/\/odemocratagb.com"],"url":"https:\/\/www.odemocratagb.com\/?author=5"}]}},"_links":{"self":[{"href":"https:\/\/www.odemocratagb.com\/index.php?rest_route=\/wp\/v2\/posts\/33665","targetHints":{"allow":["GET"]}}],"collection":[{"href":"https:\/\/www.odemocratagb.com\/index.php?rest_route=\/wp\/v2\/posts"}],"about":[{"href":"https:\/\/www.odemocratagb.com\/index.php?rest_route=\/wp\/v2\/types\/post"}],"author":[{"embeddable":true,"href":"https:\/\/www.odemocratagb.com\/index.php?rest_route=\/wp\/v2\/users\/5"}],"replies":[{"embeddable":true,"href":"https:\/\/www.odemocratagb.com\/index.php?rest_route=%2Fwp%2Fv2%2Fcomments&post=33665"}],"version-history":[{"count":3,"href":"https:\/\/www.odemocratagb.com\/index.php?rest_route=\/wp\/v2\/posts\/33665\/revisions"}],"predecessor-version":[{"id":33670,"href":"https:\/\/www.odemocratagb.com\/index.php?rest_route=\/wp\/v2\/posts\/33665\/revisions\/33670"}],"wp:featuredmedia":[{"embeddable":true,"href":"https:\/\/www.odemocratagb.com\/index.php?rest_route=\/wp\/v2\/media\/33668"}],"wp:attachment":[{"href":"https:\/\/www.odemocratagb.com\/index.php?rest_route=%2Fwp%2Fv2%2Fmedia&parent=33665"}],"wp:term":[{"taxonomy":"category","embeddable":true,"href":"https:\/\/www.odemocratagb.com\/index.php?rest_route=%2Fwp%2Fv2%2Fcategories&post=33665"},{"taxonomy":"post_tag","embeddable":true,"href":"https:\/\/www.odemocratagb.com\/index.php?rest_route=%2Fwp%2Fv2%2Ftags&post=33665"}],"curies":[{"name":"wp","href":"https:\/\/api.w.org\/{rel}","templated":true}]}}