{"id":35395,"date":"2022-01-17T18:38:58","date_gmt":"2022-01-17T18:38:58","guid":{"rendered":"https:\/\/www.odemocratagb.com\/?p=35395"},"modified":"2022-01-17T18:39:00","modified_gmt":"2022-01-17T18:39:00","slug":"confederacao-de-alunos-exige-a-demissao-do-ministro-da-educacao-nacional","status":"publish","type":"post","link":"https:\/\/www.odemocratagb.com\/?p=35395","title":{"rendered":"CONFEDERA\u00c7\u00c3O DE ALUNOS EXIGE A  DEMISS\u00c3O DO MINISTRO DA EDUCA\u00c7\u00c3O NACIONAL"},"content":{"rendered":"\n<p class=\"wp-block-paragraph\">A Confedera\u00e7\u00e3o das Associa\u00e7\u00f5es dos Alunos das Escolas\u00a0 P\u00fablicas e Privadas na Guin\u00e9-Bissau (CAIEP) exigiu a demiss\u00e3o\u00a0 do ministro da Educa\u00e7\u00e3o Nacional e do Ensino Superior.<\/p>\n\n\n\n<p class=\"wp-block-paragraph\">A exig\u00eancia da CAIEP foi tornada p\u00fablica esta segunda,17 de janeiro de 2022, pelo presidente desta organiza\u00e7\u00e3o estudantil, Alfa Umaro S\u00f3,&nbsp; em confer\u00eancia de imprensa, durante a qual alertou que se o governo n\u00e3o demitir o ministro da Educa\u00e7\u00e3o Nacional, o pa\u00eds vai conhecer \u201cuma revolu\u00e7\u00e3o dos estudantes\u201d nunca vista.<\/p>\n\n\n\n<p class=\"wp-block-paragraph\">\u201cExigimos a demiss\u00e3o do Ministro da Educa\u00e7\u00e3o Nacional porque perdeu o foco e \u00e9 um desastre para o setor do ensino\u201d, afirmou.<\/p>\n\n\n\n<p class=\"wp-block-paragraph\">O l\u00edder estudantil acusou o &nbsp;ministro da Educa\u00e7\u00e3o Nacional de&nbsp; falta de interesse em dialogar com os parceiros sociais.<\/p>\n\n\n\n<p class=\"wp-block-paragraph\">Alfa S\u00f3 informou que a organiza\u00e7\u00e3o &nbsp;ficou em sil\u00eancio&nbsp;faz&nbsp;muito tempo, porque estavam a trabalhar juntamente com o Alto Comissariado de luta contra a COVID-19 (AC), no \u00e2mbito da preven\u00e7\u00e3o da doen\u00e7a nas diferentes escolas p\u00fablicas.<\/p>\n\n\n\n<p class=\"wp-block-paragraph\">\u201cTemos trabalhado tamb\u00e9m &nbsp;na prepara\u00e7\u00e3o da confer\u00eancia nacional para a salva\u00e7\u00e3o do ensino na Guin\u00e9-Bissau e na procura de uma nova estrat\u00e9gia para continuar a nossa luta\u201d, afirmou.<\/p>\n\n\n\n<p class=\"wp-block-paragraph\">Alfa S\u00f3 disse que o Minist\u00e9rio da Educa\u00e7\u00e3o e Ensino Superior n\u00e3o est\u00e1 preocupado em resolver o problema&nbsp;de&nbsp;falta dos professores nas salas de aulas.<\/p>\n\n\n\n<p class=\"wp-block-paragraph\">\u201cDescobrimos que em algumas escolas p\u00fablicas, os alunos n\u00e3o chegam nem sequer &nbsp;50% da capacidade&nbsp;das mesmas\u201d, revelou, frisando que o Minist\u00e9rio est\u00e1 mais preocupado com o recrutamento&nbsp;de&nbsp;professores do que resolver os problemas que o setor enfrenta.<\/p>\n\n\n\n<p class=\"wp-block-paragraph\">\u201cOs professores n\u00e3o v\u00e3o conseguir lecionar por falta dos alunos. \u00c9 um fato vis\u00edvel nas &nbsp;regi\u00f5es, nomeadamente, em Canchungo, S\u00e3o Domingos e Ingor\u00e9. Estamos \u00e0 beira de ter mais um ano letivo nulo\u201d, lamentou.<\/p>\n\n\n\n<p class=\"wp-block-paragraph\">Perante estes fatos, o ativista pediu ao Minist\u00e9rio que garanta o melhor funcionamento das aulas, principalmente para os alunos do turno da noite que n\u00e3o t\u00eam tido aulas por insufici\u00eancia de professores. Afirmou que v\u00e3o organizar uma vig\u00edlia em frente ao Minist\u00e9rio da Educa\u00e7\u00e3o Nacional para exigir a demiss\u00e3o do ministro das suas fun\u00e7\u00f5es.<\/p>\n\n\n\n<p class=\"wp-block-paragraph\">Informou que a maior parte dos respons\u00e1veis das dire\u00e7\u00f5es&nbsp; est\u00e1 l\u00e1 s\u00f3 para encher os seus bolsos e os professores est\u00e3o a incentivar os alunos a sa\u00edrem das escolas p\u00fablicas para as privadas.<\/p>\n\n\n\n<p class=\"wp-block-paragraph\">\u201cOs professores aplicam toda a rigorosidade sem limites para fazer com que os alunos abandonem as escolas p\u00fablicas\u201d, denunciou, lembrando que a CAIEP tinha avisado o Minist\u00e9rio da Educa\u00e7\u00e3o de que n\u00e3o havia condi\u00e7\u00f5es para a realiza\u00e7\u00e3o dos exames nacionais no ano letivo findo,&nbsp;mas&nbsp;o Ministro &nbsp;resolveu amea\u00e7\u00e1-los.<\/p>\n\n\n\n<p class=\"wp-block-paragraph\">&nbsp;\u201cEstamos de acordo com a implementa\u00e7\u00e3o do projeto&nbsp;<em>BAC<\/em>, mas \u00e9 preciso fazer um trabalho de fundo dentro do Minist\u00e9rio\u201d, sublinhou, &nbsp;indicando que \u00e9 necess\u00e1rio a implementa\u00e7\u00e3o de um calend\u00e1rio \u00fanico para todas as escolas p\u00fablicas e privadas, como tamb\u00e9m a revis\u00e3o do curr\u00edculo escolar, porque \u201ds\u00f3 &nbsp;assim ser\u00e1 poss\u00edvel a implementa\u00e7\u00e3o desse projeto\u201d.<\/p>\n\n\n\n<p class=\"wp-block-paragraph\">O l\u00edder estudantil&nbsp;informou que muitas organiza\u00e7\u00f5es parceiras, como a UNICEF, o PLAN e a UNESCO t\u00eam financiado o setor do ensino, mas esse apoio n\u00e3o tem tido ainda o impacto esperado.<\/p>\n\n\n\n<p class=\"wp-block-paragraph\">\u201cTestemunhamos a doa\u00e7\u00e3o de materiais para a preven\u00e7\u00e3o da COVID-19, atrav\u00e9s da UNICEF, mas nem todos os apoios beneficiam o p\u00fablico alvo, porque algumas pessoas levaram esse donativo para as suas casas e outros materiais est\u00e3o no mercado\u201d, denunciou.<\/p>\n\n\n\n<p class=\"wp-block-paragraph\">Alfa Umaro S\u00f3 disse ter ficado chocado quando soube que alguns professores das escolas p\u00fablicas teriam reclamado excesso dos alunos nas salas de aula.<\/p>\n\n\n\n<p class=\"wp-block-paragraph\">\u201cMas s\u00e3o estes mesmos &nbsp;professores que lecionam nas escolas privadas com 70 ou mais alunos&nbsp;por&nbsp;sala de aulas e curiosamente, um dos pontos de reivindica\u00e7\u00e3o dos professores tem a ver com o excesso dos alunos nas salas de aula e a carga hor\u00e1ria nas escolas p\u00fablicas\u201d, notou.<\/p>\n\n\n\n<p class=\"wp-block-paragraph\">Por: Noemi Nhanguan<\/p>\n\n\n\n<p class=\"wp-block-paragraph\">Foto: N.N<\/p>\n","protected":false},"excerpt":{"rendered":"<p>A Confedera\u00e7\u00e3o das Associa\u00e7\u00f5es dos Alunos das Escolas\u00a0 P\u00fablicas e Privadas na Guin\u00e9-Bissau (CAIEP) exigiu a demiss\u00e3o\u00a0 do ministro da&#8230;<\/p>\n","protected":false},"author":4,"featured_media":35392,"comment_status":"open","ping_status":"open","sticky":false,"template":"","format":"standard","meta":{"footnotes":""},"categories":[6,16],"tags":[],"class_list":["post-35395","post","type-post","status-publish","format-standard","has-post-thumbnail","hentry","category-inicio","category-sociedade","wpcat-6-id","wpcat-16-id"],"yoast_head":"<!-- This site is optimized with the Yoast SEO plugin v27.5 - https:\/\/yoast.com\/product\/yoast-seo-wordpress\/ -->\n<title>CONFEDERA\u00c7\u00c3O DE ALUNOS EXIGE A DEMISS\u00c3O DO MINISTRO DA EDUCA\u00c7\u00c3O NACIONAL - O Democrata GB<\/title>\n<meta name=\"robots\" content=\"index, follow, max-snippet:-1, max-image-preview:large, max-video-preview:-1\" \/>\n<link rel=\"canonical\" href=\"https:\/\/www.odemocratagb.com\/?p=35395\" \/>\n<meta property=\"og:locale\" content=\"pt_BR\" \/>\n<meta property=\"og:type\" content=\"article\" \/>\n<meta property=\"og:title\" content=\"CONFEDERA\u00c7\u00c3O DE ALUNOS EXIGE A DEMISS\u00c3O DO MINISTRO DA EDUCA\u00c7\u00c3O NACIONAL - O Democrata GB\" \/>\n<meta property=\"og:description\" content=\"A Confedera\u00e7\u00e3o das Associa\u00e7\u00f5es dos Alunos das Escolas\u00a0 P\u00fablicas e Privadas na Guin\u00e9-Bissau (CAIEP) exigiu a demiss\u00e3o\u00a0 do ministro da...\" \/>\n<meta property=\"og:url\" content=\"https:\/\/www.odemocratagb.com\/?p=35395\" \/>\n<meta property=\"og:site_name\" content=\"O Democrata GB\" \/>\n<meta property=\"article:publisher\" content=\"https:\/\/www.facebook.com\/jornaldaguinebissau\" \/>\n<meta property=\"article:published_time\" content=\"2022-01-17T18:38:58+00:00\" \/>\n<meta property=\"article:modified_time\" content=\"2022-01-17T18:39:00+00:00\" \/>\n<meta property=\"og:image\" content=\"https:\/\/www.odemocratagb.com\/wp-content\/uploads\/2022\/01\/FAFB4915-95E0-48AE-A48C-F8B1CE2D366B.jpeg\" \/>\n\t<meta property=\"og:image:width\" content=\"614\" \/>\n\t<meta property=\"og:image:height\" content=\"1280\" \/>\n\t<meta property=\"og:image:type\" content=\"image\/jpeg\" \/>\n<meta name=\"author\" content=\"Jornal Odemocrata\" \/>\n<meta name=\"twitter:card\" content=\"summary_large_image\" \/>\n<meta name=\"twitter:label1\" content=\"Escrito por\" \/>\n\t<meta name=\"twitter:data1\" content=\"Jornal Odemocrata\" \/>\n\t<meta name=\"twitter:label2\" content=\"Est. tempo de leitura\" \/>\n\t<meta name=\"twitter:data2\" content=\"4 minutos\" \/>\n<script type=\"application\/ld+json\" class=\"yoast-schema-graph\">{\"@context\":\"https:\\\/\\\/schema.org\",\"@graph\":[{\"@type\":\"Article\",\"@id\":\"https:\\\/\\\/www.odemocratagb.com\\\/?p=35395#article\",\"isPartOf\":{\"@id\":\"https:\\\/\\\/www.odemocratagb.com\\\/?p=35395\"},\"author\":{\"name\":\"Jornal Odemocrata\",\"@id\":\"https:\\\/\\\/www.odemocratagb.com\\\/#\\\/schema\\\/person\\\/c5e683adeaf9b557e57cf1a8a591b0c0\"},\"headline\":\"CONFEDERA\u00c7\u00c3O DE ALUNOS EXIGE A DEMISS\u00c3O DO MINISTRO DA EDUCA\u00c7\u00c3O NACIONAL\",\"datePublished\":\"2022-01-17T18:38:58+00:00\",\"dateModified\":\"2022-01-17T18:39:00+00:00\",\"mainEntityOfPage\":{\"@id\":\"https:\\\/\\\/www.odemocratagb.com\\\/?p=35395\"},\"wordCount\":739,\"commentCount\":0,\"publisher\":{\"@id\":\"https:\\\/\\\/www.odemocratagb.com\\\/#organization\"},\"image\":{\"@id\":\"https:\\\/\\\/www.odemocratagb.com\\\/?p=35395#primaryimage\"},\"thumbnailUrl\":\"https:\\\/\\\/www.odemocratagb.com\\\/wp-content\\\/uploads\\\/2022\\\/01\\\/FAFB4915-95E0-48AE-A48C-F8B1CE2D366B.jpeg\",\"articleSection\":[\"Atualidade\",\"Sociedade\"],\"inLanguage\":\"pt-BR\",\"potentialAction\":[{\"@type\":\"CommentAction\",\"name\":\"Comment\",\"target\":[\"https:\\\/\\\/www.odemocratagb.com\\\/?p=35395#respond\"]}]},{\"@type\":\"WebPage\",\"@id\":\"https:\\\/\\\/www.odemocratagb.com\\\/?p=35395\",\"url\":\"https:\\\/\\\/www.odemocratagb.com\\\/?p=35395\",\"name\":\"CONFEDERA\u00c7\u00c3O DE ALUNOS EXIGE A DEMISS\u00c3O DO MINISTRO DA EDUCA\u00c7\u00c3O NACIONAL - O Democrata GB\",\"isPartOf\":{\"@id\":\"https:\\\/\\\/www.odemocratagb.com\\\/#website\"},\"primaryImageOfPage\":{\"@id\":\"https:\\\/\\\/www.odemocratagb.com\\\/?p=35395#primaryimage\"},\"image\":{\"@id\":\"https:\\\/\\\/www.odemocratagb.com\\\/?p=35395#primaryimage\"},\"thumbnailUrl\":\"https:\\\/\\\/www.odemocratagb.com\\\/wp-content\\\/uploads\\\/2022\\\/01\\\/FAFB4915-95E0-48AE-A48C-F8B1CE2D366B.jpeg\",\"datePublished\":\"2022-01-17T18:38:58+00:00\",\"dateModified\":\"2022-01-17T18:39:00+00:00\",\"breadcrumb\":{\"@id\":\"https:\\\/\\\/www.odemocratagb.com\\\/?p=35395#breadcrumb\"},\"inLanguage\":\"pt-BR\",\"potentialAction\":[{\"@type\":\"ReadAction\",\"target\":[\"https:\\\/\\\/www.odemocratagb.com\\\/?p=35395\"]}]},{\"@type\":\"ImageObject\",\"inLanguage\":\"pt-BR\",\"@id\":\"https:\\\/\\\/www.odemocratagb.com\\\/?p=35395#primaryimage\",\"url\":\"https:\\\/\\\/www.odemocratagb.com\\\/wp-content\\\/uploads\\\/2022\\\/01\\\/FAFB4915-95E0-48AE-A48C-F8B1CE2D366B.jpeg\",\"contentUrl\":\"https:\\\/\\\/www.odemocratagb.com\\\/wp-content\\\/uploads\\\/2022\\\/01\\\/FAFB4915-95E0-48AE-A48C-F8B1CE2D366B.jpeg\",\"width\":614,\"height\":1280},{\"@type\":\"BreadcrumbList\",\"@id\":\"https:\\\/\\\/www.odemocratagb.com\\\/?p=35395#breadcrumb\",\"itemListElement\":[{\"@type\":\"ListItem\",\"position\":1,\"name\":\"In\u00edcio\",\"item\":\"https:\\\/\\\/www.odemocratagb.com\\\/\"},{\"@type\":\"ListItem\",\"position\":2,\"name\":\"CONFEDERA\u00c7\u00c3O DE ALUNOS EXIGE A DEMISS\u00c3O DO MINISTRO DA EDUCA\u00c7\u00c3O NACIONAL\"}]},{\"@type\":\"WebSite\",\"@id\":\"https:\\\/\\\/www.odemocratagb.com\\\/#website\",\"url\":\"https:\\\/\\\/www.odemocratagb.com\\\/\",\"name\":\"O Democrata GB\",\"description\":\"Jornal O Democrata GB\",\"publisher\":{\"@id\":\"https:\\\/\\\/www.odemocratagb.com\\\/#organization\"},\"potentialAction\":[{\"@type\":\"SearchAction\",\"target\":{\"@type\":\"EntryPoint\",\"urlTemplate\":\"https:\\\/\\\/www.odemocratagb.com\\\/?s={search_term_string}\"},\"query-input\":{\"@type\":\"PropertyValueSpecification\",\"valueRequired\":true,\"valueName\":\"search_term_string\"}}],\"inLanguage\":\"pt-BR\"},{\"@type\":\"Organization\",\"@id\":\"https:\\\/\\\/www.odemocratagb.com\\\/#organization\",\"name\":\"O Democrata GB\",\"url\":\"https:\\\/\\\/www.odemocratagb.com\\\/\",\"logo\":{\"@type\":\"ImageObject\",\"inLanguage\":\"pt-BR\",\"@id\":\"https:\\\/\\\/www.odemocratagb.com\\\/#\\\/schema\\\/logo\\\/image\\\/\",\"url\":\"https:\\\/\\\/www.odemocratagb.com\\\/wp-content\\\/uploads\\\/2026\\\/04\\\/logo-odemocratagb.png\",\"contentUrl\":\"https:\\\/\\\/www.odemocratagb.com\\\/wp-content\\\/uploads\\\/2026\\\/04\\\/logo-odemocratagb.png\",\"width\":1250,\"height\":327,\"caption\":\"O Democrata GB\"},\"image\":{\"@id\":\"https:\\\/\\\/www.odemocratagb.com\\\/#\\\/schema\\\/logo\\\/image\\\/\"},\"sameAs\":[\"https:\\\/\\\/www.facebook.com\\\/jornaldaguinebissau\",\"https:\\\/\\\/www.instagram.com\\\/odemocratagb\"]},{\"@type\":\"Person\",\"@id\":\"https:\\\/\\\/www.odemocratagb.com\\\/#\\\/schema\\\/person\\\/c5e683adeaf9b557e57cf1a8a591b0c0\",\"name\":\"Jornal Odemocrata\",\"image\":{\"@type\":\"ImageObject\",\"inLanguage\":\"pt-BR\",\"@id\":\"https:\\\/\\\/secure.gravatar.com\\\/avatar\\\/09cb6b76eee5612f7cfca9e0089e2f17141d417bd034905eee842945c87fd87f?s=96&d=mm&r=g\",\"url\":\"https:\\\/\\\/secure.gravatar.com\\\/avatar\\\/09cb6b76eee5612f7cfca9e0089e2f17141d417bd034905eee842945c87fd87f?s=96&d=mm&r=g\",\"contentUrl\":\"https:\\\/\\\/secure.gravatar.com\\\/avatar\\\/09cb6b76eee5612f7cfca9e0089e2f17141d417bd034905eee842945c87fd87f?s=96&d=mm&r=g\",\"caption\":\"Jornal Odemocrata\"},\"sameAs\":[\"http:\\\/\\\/odemocratagb.com\"],\"url\":\"https:\\\/\\\/www.odemocratagb.com\\\/?author=4\"}]}<\/script>\n<!-- \/ Yoast SEO plugin. -->","yoast_head_json":{"title":"CONFEDERA\u00c7\u00c3O DE ALUNOS EXIGE A DEMISS\u00c3O DO MINISTRO DA EDUCA\u00c7\u00c3O NACIONAL - O Democrata GB","robots":{"index":"index","follow":"follow","max-snippet":"max-snippet:-1","max-image-preview":"max-image-preview:large","max-video-preview":"max-video-preview:-1"},"canonical":"https:\/\/www.odemocratagb.com\/?p=35395","og_locale":"pt_BR","og_type":"article","og_title":"CONFEDERA\u00c7\u00c3O DE ALUNOS EXIGE A DEMISS\u00c3O DO MINISTRO DA EDUCA\u00c7\u00c3O NACIONAL - O Democrata GB","og_description":"A Confedera\u00e7\u00e3o das Associa\u00e7\u00f5es dos Alunos das Escolas\u00a0 P\u00fablicas e Privadas na Guin\u00e9-Bissau (CAIEP) exigiu a demiss\u00e3o\u00a0 do ministro da...","og_url":"https:\/\/www.odemocratagb.com\/?p=35395","og_site_name":"O Democrata GB","article_publisher":"https:\/\/www.facebook.com\/jornaldaguinebissau","article_published_time":"2022-01-17T18:38:58+00:00","article_modified_time":"2022-01-17T18:39:00+00:00","og_image":[{"width":614,"height":1280,"url":"https:\/\/www.odemocratagb.com\/wp-content\/uploads\/2022\/01\/FAFB4915-95E0-48AE-A48C-F8B1CE2D366B.jpeg","type":"image\/jpeg"}],"author":"Jornal Odemocrata","twitter_card":"summary_large_image","twitter_misc":{"Escrito por":"Jornal Odemocrata","Est. tempo de leitura":"4 minutos"},"schema":{"@context":"https:\/\/schema.org","@graph":[{"@type":"Article","@id":"https:\/\/www.odemocratagb.com\/?p=35395#article","isPartOf":{"@id":"https:\/\/www.odemocratagb.com\/?p=35395"},"author":{"name":"Jornal Odemocrata","@id":"https:\/\/www.odemocratagb.com\/#\/schema\/person\/c5e683adeaf9b557e57cf1a8a591b0c0"},"headline":"CONFEDERA\u00c7\u00c3O DE ALUNOS EXIGE A DEMISS\u00c3O DO MINISTRO DA EDUCA\u00c7\u00c3O NACIONAL","datePublished":"2022-01-17T18:38:58+00:00","dateModified":"2022-01-17T18:39:00+00:00","mainEntityOfPage":{"@id":"https:\/\/www.odemocratagb.com\/?p=35395"},"wordCount":739,"commentCount":0,"publisher":{"@id":"https:\/\/www.odemocratagb.com\/#organization"},"image":{"@id":"https:\/\/www.odemocratagb.com\/?p=35395#primaryimage"},"thumbnailUrl":"https:\/\/www.odemocratagb.com\/wp-content\/uploads\/2022\/01\/FAFB4915-95E0-48AE-A48C-F8B1CE2D366B.jpeg","articleSection":["Atualidade","Sociedade"],"inLanguage":"pt-BR","potentialAction":[{"@type":"CommentAction","name":"Comment","target":["https:\/\/www.odemocratagb.com\/?p=35395#respond"]}]},{"@type":"WebPage","@id":"https:\/\/www.odemocratagb.com\/?p=35395","url":"https:\/\/www.odemocratagb.com\/?p=35395","name":"CONFEDERA\u00c7\u00c3O DE ALUNOS EXIGE A DEMISS\u00c3O DO MINISTRO DA EDUCA\u00c7\u00c3O NACIONAL - O Democrata GB","isPartOf":{"@id":"https:\/\/www.odemocratagb.com\/#website"},"primaryImageOfPage":{"@id":"https:\/\/www.odemocratagb.com\/?p=35395#primaryimage"},"image":{"@id":"https:\/\/www.odemocratagb.com\/?p=35395#primaryimage"},"thumbnailUrl":"https:\/\/www.odemocratagb.com\/wp-content\/uploads\/2022\/01\/FAFB4915-95E0-48AE-A48C-F8B1CE2D366B.jpeg","datePublished":"2022-01-17T18:38:58+00:00","dateModified":"2022-01-17T18:39:00+00:00","breadcrumb":{"@id":"https:\/\/www.odemocratagb.com\/?p=35395#breadcrumb"},"inLanguage":"pt-BR","potentialAction":[{"@type":"ReadAction","target":["https:\/\/www.odemocratagb.com\/?p=35395"]}]},{"@type":"ImageObject","inLanguage":"pt-BR","@id":"https:\/\/www.odemocratagb.com\/?p=35395#primaryimage","url":"https:\/\/www.odemocratagb.com\/wp-content\/uploads\/2022\/01\/FAFB4915-95E0-48AE-A48C-F8B1CE2D366B.jpeg","contentUrl":"https:\/\/www.odemocratagb.com\/wp-content\/uploads\/2022\/01\/FAFB4915-95E0-48AE-A48C-F8B1CE2D366B.jpeg","width":614,"height":1280},{"@type":"BreadcrumbList","@id":"https:\/\/www.odemocratagb.com\/?p=35395#breadcrumb","itemListElement":[{"@type":"ListItem","position":1,"name":"In\u00edcio","item":"https:\/\/www.odemocratagb.com\/"},{"@type":"ListItem","position":2,"name":"CONFEDERA\u00c7\u00c3O DE ALUNOS EXIGE A DEMISS\u00c3O DO MINISTRO DA EDUCA\u00c7\u00c3O NACIONAL"}]},{"@type":"WebSite","@id":"https:\/\/www.odemocratagb.com\/#website","url":"https:\/\/www.odemocratagb.com\/","name":"O Democrata GB","description":"Jornal O Democrata GB","publisher":{"@id":"https:\/\/www.odemocratagb.com\/#organization"},"potentialAction":[{"@type":"SearchAction","target":{"@type":"EntryPoint","urlTemplate":"https:\/\/www.odemocratagb.com\/?s={search_term_string}"},"query-input":{"@type":"PropertyValueSpecification","valueRequired":true,"valueName":"search_term_string"}}],"inLanguage":"pt-BR"},{"@type":"Organization","@id":"https:\/\/www.odemocratagb.com\/#organization","name":"O Democrata GB","url":"https:\/\/www.odemocratagb.com\/","logo":{"@type":"ImageObject","inLanguage":"pt-BR","@id":"https:\/\/www.odemocratagb.com\/#\/schema\/logo\/image\/","url":"https:\/\/www.odemocratagb.com\/wp-content\/uploads\/2026\/04\/logo-odemocratagb.png","contentUrl":"https:\/\/www.odemocratagb.com\/wp-content\/uploads\/2026\/04\/logo-odemocratagb.png","width":1250,"height":327,"caption":"O Democrata GB"},"image":{"@id":"https:\/\/www.odemocratagb.com\/#\/schema\/logo\/image\/"},"sameAs":["https:\/\/www.facebook.com\/jornaldaguinebissau","https:\/\/www.instagram.com\/odemocratagb"]},{"@type":"Person","@id":"https:\/\/www.odemocratagb.com\/#\/schema\/person\/c5e683adeaf9b557e57cf1a8a591b0c0","name":"Jornal Odemocrata","image":{"@type":"ImageObject","inLanguage":"pt-BR","@id":"https:\/\/secure.gravatar.com\/avatar\/09cb6b76eee5612f7cfca9e0089e2f17141d417bd034905eee842945c87fd87f?s=96&d=mm&r=g","url":"https:\/\/secure.gravatar.com\/avatar\/09cb6b76eee5612f7cfca9e0089e2f17141d417bd034905eee842945c87fd87f?s=96&d=mm&r=g","contentUrl":"https:\/\/secure.gravatar.com\/avatar\/09cb6b76eee5612f7cfca9e0089e2f17141d417bd034905eee842945c87fd87f?s=96&d=mm&r=g","caption":"Jornal Odemocrata"},"sameAs":["http:\/\/odemocratagb.com"],"url":"https:\/\/www.odemocratagb.com\/?author=4"}]}},"_links":{"self":[{"href":"https:\/\/www.odemocratagb.com\/index.php?rest_route=\/wp\/v2\/posts\/35395","targetHints":{"allow":["GET"]}}],"collection":[{"href":"https:\/\/www.odemocratagb.com\/index.php?rest_route=\/wp\/v2\/posts"}],"about":[{"href":"https:\/\/www.odemocratagb.com\/index.php?rest_route=\/wp\/v2\/types\/post"}],"author":[{"embeddable":true,"href":"https:\/\/www.odemocratagb.com\/index.php?rest_route=\/wp\/v2\/users\/4"}],"replies":[{"embeddable":true,"href":"https:\/\/www.odemocratagb.com\/index.php?rest_route=%2Fwp%2Fv2%2Fcomments&post=35395"}],"version-history":[{"count":1,"href":"https:\/\/www.odemocratagb.com\/index.php?rest_route=\/wp\/v2\/posts\/35395\/revisions"}],"predecessor-version":[{"id":35396,"href":"https:\/\/www.odemocratagb.com\/index.php?rest_route=\/wp\/v2\/posts\/35395\/revisions\/35396"}],"wp:featuredmedia":[{"embeddable":true,"href":"https:\/\/www.odemocratagb.com\/index.php?rest_route=\/wp\/v2\/media\/35392"}],"wp:attachment":[{"href":"https:\/\/www.odemocratagb.com\/index.php?rest_route=%2Fwp%2Fv2%2Fmedia&parent=35395"}],"wp:term":[{"taxonomy":"category","embeddable":true,"href":"https:\/\/www.odemocratagb.com\/index.php?rest_route=%2Fwp%2Fv2%2Fcategories&post=35395"},{"taxonomy":"post_tag","embeddable":true,"href":"https:\/\/www.odemocratagb.com\/index.php?rest_route=%2Fwp%2Fv2%2Ftags&post=35395"}],"curies":[{"name":"wp","href":"https:\/\/api.w.org\/{rel}","templated":true}]}}