{"id":374,"date":"2014-03-29T19:15:48","date_gmt":"2014-03-29T19:15:48","guid":{"rendered":"http:\/\/www.odemocratagb.com\/?p=374"},"modified":"2014-03-29T19:15:48","modified_gmt":"2014-03-29T19:15:48","slug":"ami-indjai-eleita-cantora-do-ano-2013","status":"publish","type":"post","link":"https:\/\/www.odemocratagb.com\/?p=374","title":{"rendered":"AMI INDJAI ELEITA CANTORA DO ANO 2013"},"content":{"rendered":"<p>O F\u00f3rum Social para a Projec\u00e7\u00e3o da Cultura Guineense (FSPCG) distinguiu na sua s\u00e9tima Gala, no \u00faltimo s\u00e1bado, no Espa\u00e7o Cultural Lenox, os melhores do ano 2013 em diferentes categorias da nossa senda musical, sob o patroc\u00ednio oficial da MTN. Ainda, na mesma gala aconteceu dois momentos mais esperados pelo p\u00fablico presente naquele evento cultural: a especial homenagem ao decano da m\u00fasica nacional, Ernesto Dab\u00f3, este veterano da nossa hist\u00f3ria musical que colocou no ano findo o seu primeiro \u00e1lbum a solo no mercado e, o an\u00fancio do m\u00fasico do ano, que vai para a cantora Aminata Indjai (vulgo Ami Indjai).<\/p>\n<p>Na referida gala foram distinguidos, Ami Indjai como m\u00fasico do ano, Naty Pro como o produtor do ano, Guin\u00e9-Livre foi eleito como o melhor grupo da m\u00fasica moderna do ano, a melhor m\u00fasica do ano foi arrebatado pelo m\u00fasico da nova gera\u00e7\u00e3o, Salifo Djassi (vulgo S\u00e1 di Santum\u00e9) com a sua m\u00fasica intitulada \u00abJusti\u00e7a de Guin\u00e9 Cansado Julga\u00bb, no qual retratou o \u201cestado cl\u00ednico\u201d da nossa justi\u00e7a. No que tange a \u2018Mandjuandade\u2019 foi distinguido o grupo \u00abMaran Cabe\u00e7a\u00bb, a voz feminina do ano foi a cantora da nova gera\u00e7\u00e3o, C\u00e2ndida Lopes Cassam\u00e1 (vulgo Star Candinha).<\/p>\n<p>Ainda, o rap\u00e9r de revela\u00e7\u00e3o foi arrecadada pelo cantor da nova gera\u00e7\u00e3o, Diumi In\u00e1cio Sanca (Mc Diumi), a cantora de revela\u00e7\u00e3o foi entregue a Isabel Infanda, o Dominguinho Lus Na Man (Domy Rei) foi distinguido como cantor de revela\u00e7\u00e3o, Tchunsu Frederico Gomes Nhaga (Niga Tchunsu) foi eleito como o melhor rap\u00e9r do ano. Aquele evento contou com uma boa assist\u00eancia dos amantes da cultura, em particular da m\u00fasica.<\/p>\n<p>A presidente da comiss\u00e3o organizadora, igualmente vice-presidente do f\u00f3rum, Nhima Aissat\u00fa Seide, disse a imprensa que o f\u00f3rum conseguiu materializar aquele evento gra\u00e7as ao patroc\u00ednio da MTN com 50 por cento do or\u00e7amento, revelando que o f\u00f3rum est\u00e1 a trabalhar no sentido de receber outros apoios para num futuro pr\u00f3ximo poder anunciar a data de entrega dos referidos pr\u00e9mios.<\/p>\n<p>Seide garantiu ainda que o f\u00f3rum fez um trabalho justo na distin\u00e7\u00e3o das diferentes categorias, para acrescentar que mesmo assim o coletivo que preside est\u00e1 consciente que agradar toda gente \u00e9imposs\u00edvel.<\/p>\n<p>Na ocasi\u00e3o o homenageado daquela noite, Ernesto Dab\u00f3 espelhou a sua satisfa\u00e7\u00e3o ao microfone dos jornalistas presentes no referido evento, aquele decano da nossa m\u00fasica, disse o gesto do f\u00f3rum lhe tocou profundamente. Acrescentando que, \u00abeste momento \u00e9 um momento que partilhar com os meus colegas, aqueles que sempre partilhei os meus percursos, os colegas e amigos que hoje infelizmente n\u00e3o est\u00e3o no mundo dos vivos. Tamb\u00e9m \u00e9 um grande est\u00edmulo para mim, pois, \u00e9 um reconhecimento que n\u00e3o esperava. Por isso, estou profundamente grato por este gesto\u00bb.<\/p>\n<p>Na cerim\u00f3nia os grandes ausentes, premiados, daquela VII gala, s\u00e3o Domy Rei e Ami Indjai, cantor de revela\u00e7\u00e3o e Cantora do ano, respetivamente, ambos com resid\u00eancia em Lisboa, Portugal.<\/p>\n<p><b>Por: Sene Camar\u00e1 <\/b><\/p>\n<p>&nbsp;<\/p>\n","protected":false},"excerpt":{"rendered":"<p>O F\u00f3rum Social para a Projec\u00e7\u00e3o da Cultura Guineense (FSPCG) distinguiu na sua s\u00e9tima Gala, no \u00faltimo s\u00e1bado, no Espa\u00e7o&#8230;<\/p>\n","protected":false},"author":1,"featured_media":0,"comment_status":"open","ping_status":"open","sticky":false,"template":"","format":"standard","meta":{"footnotes":""},"categories":[27],"tags":[],"class_list":["post-374","post","type-post","status-publish","format-standard","hentry","category-cultura","wpcat-27-id"],"yoast_head":"<!-- This site is optimized with the Yoast SEO plugin v27.5 - https:\/\/yoast.com\/product\/yoast-seo-wordpress\/ -->\n<title>AMI INDJAI ELEITA CANTORA DO ANO 2013 - O Democrata GB<\/title>\n<meta name=\"robots\" content=\"index, follow, max-snippet:-1, max-image-preview:large, max-video-preview:-1\" \/>\n<link rel=\"canonical\" href=\"https:\/\/www.odemocratagb.com\/?p=374\" \/>\n<meta property=\"og:locale\" content=\"pt_BR\" \/>\n<meta property=\"og:type\" content=\"article\" \/>\n<meta property=\"og:title\" content=\"AMI INDJAI ELEITA CANTORA DO ANO 2013 - O Democrata GB\" \/>\n<meta property=\"og:description\" content=\"O F\u00f3rum Social para a Projec\u00e7\u00e3o da Cultura Guineense (FSPCG) distinguiu na sua s\u00e9tima Gala, no \u00faltimo s\u00e1bado, no Espa\u00e7o...\" \/>\n<meta property=\"og:url\" content=\"https:\/\/www.odemocratagb.com\/?p=374\" \/>\n<meta property=\"og:site_name\" content=\"O Democrata GB\" \/>\n<meta property=\"article:publisher\" content=\"https:\/\/www.facebook.com\/jornaldaguinebissau\" \/>\n<meta property=\"article:published_time\" content=\"2014-03-29T19:15:48+00:00\" \/>\n<meta name=\"author\" content=\"Odemocrata\" \/>\n<meta name=\"twitter:card\" content=\"summary_large_image\" \/>\n<meta name=\"twitter:label1\" content=\"Escrito por\" \/>\n\t<meta name=\"twitter:data1\" content=\"Odemocrata\" \/>\n\t<meta name=\"twitter:label2\" content=\"Est. tempo de leitura\" \/>\n\t<meta name=\"twitter:data2\" content=\"3 minutos\" \/>\n<script type=\"application\/ld+json\" class=\"yoast-schema-graph\">{\"@context\":\"https:\\\/\\\/schema.org\",\"@graph\":[{\"@type\":\"Article\",\"@id\":\"https:\\\/\\\/www.odemocratagb.com\\\/?p=374#article\",\"isPartOf\":{\"@id\":\"https:\\\/\\\/www.odemocratagb.com\\\/?p=374\"},\"author\":{\"name\":\"Odemocrata\",\"@id\":\"https:\\\/\\\/www.odemocratagb.com\\\/#\\\/schema\\\/person\\\/83341ea9b3e3844bf5969e519da81487\"},\"headline\":\"AMI INDJAI ELEITA CANTORA DO ANO 2013\",\"datePublished\":\"2014-03-29T19:15:48+00:00\",\"mainEntityOfPage\":{\"@id\":\"https:\\\/\\\/www.odemocratagb.com\\\/?p=374\"},\"wordCount\":534,\"commentCount\":0,\"publisher\":{\"@id\":\"https:\\\/\\\/www.odemocratagb.com\\\/#organization\"},\"articleSection\":[\"Cultura\"],\"inLanguage\":\"pt-BR\",\"potentialAction\":[{\"@type\":\"CommentAction\",\"name\":\"Comment\",\"target\":[\"https:\\\/\\\/www.odemocratagb.com\\\/?p=374#respond\"]}]},{\"@type\":\"WebPage\",\"@id\":\"https:\\\/\\\/www.odemocratagb.com\\\/?p=374\",\"url\":\"https:\\\/\\\/www.odemocratagb.com\\\/?p=374\",\"name\":\"AMI INDJAI ELEITA CANTORA DO ANO 2013 - O Democrata GB\",\"isPartOf\":{\"@id\":\"https:\\\/\\\/www.odemocratagb.com\\\/#website\"},\"datePublished\":\"2014-03-29T19:15:48+00:00\",\"breadcrumb\":{\"@id\":\"https:\\\/\\\/www.odemocratagb.com\\\/?p=374#breadcrumb\"},\"inLanguage\":\"pt-BR\",\"potentialAction\":[{\"@type\":\"ReadAction\",\"target\":[\"https:\\\/\\\/www.odemocratagb.com\\\/?p=374\"]}]},{\"@type\":\"BreadcrumbList\",\"@id\":\"https:\\\/\\\/www.odemocratagb.com\\\/?p=374#breadcrumb\",\"itemListElement\":[{\"@type\":\"ListItem\",\"position\":1,\"name\":\"In\u00edcio\",\"item\":\"https:\\\/\\\/www.odemocratagb.com\\\/\"},{\"@type\":\"ListItem\",\"position\":2,\"name\":\"AMI INDJAI ELEITA CANTORA DO ANO 2013\"}]},{\"@type\":\"WebSite\",\"@id\":\"https:\\\/\\\/www.odemocratagb.com\\\/#website\",\"url\":\"https:\\\/\\\/www.odemocratagb.com\\\/\",\"name\":\"O Democrata GB\",\"description\":\"Jornal O Democrata GB\",\"publisher\":{\"@id\":\"https:\\\/\\\/www.odemocratagb.com\\\/#organization\"},\"potentialAction\":[{\"@type\":\"SearchAction\",\"target\":{\"@type\":\"EntryPoint\",\"urlTemplate\":\"https:\\\/\\\/www.odemocratagb.com\\\/?s={search_term_string}\"},\"query-input\":{\"@type\":\"PropertyValueSpecification\",\"valueRequired\":true,\"valueName\":\"search_term_string\"}}],\"inLanguage\":\"pt-BR\"},{\"@type\":\"Organization\",\"@id\":\"https:\\\/\\\/www.odemocratagb.com\\\/#organization\",\"name\":\"O Democrata GB\",\"url\":\"https:\\\/\\\/www.odemocratagb.com\\\/\",\"logo\":{\"@type\":\"ImageObject\",\"inLanguage\":\"pt-BR\",\"@id\":\"https:\\\/\\\/www.odemocratagb.com\\\/#\\\/schema\\\/logo\\\/image\\\/\",\"url\":\"https:\\\/\\\/www.odemocratagb.com\\\/wp-content\\\/uploads\\\/2026\\\/04\\\/logo-odemocratagb.png\",\"contentUrl\":\"https:\\\/\\\/www.odemocratagb.com\\\/wp-content\\\/uploads\\\/2026\\\/04\\\/logo-odemocratagb.png\",\"width\":1250,\"height\":327,\"caption\":\"O Democrata GB\"},\"image\":{\"@id\":\"https:\\\/\\\/www.odemocratagb.com\\\/#\\\/schema\\\/logo\\\/image\\\/\"},\"sameAs\":[\"https:\\\/\\\/www.facebook.com\\\/jornaldaguinebissau\",\"https:\\\/\\\/www.instagram.com\\\/odemocratagb\"]},{\"@type\":\"Person\",\"@id\":\"https:\\\/\\\/www.odemocratagb.com\\\/#\\\/schema\\\/person\\\/83341ea9b3e3844bf5969e519da81487\",\"name\":\"Odemocrata\",\"image\":{\"@type\":\"ImageObject\",\"inLanguage\":\"pt-BR\",\"@id\":\"https:\\\/\\\/secure.gravatar.com\\\/avatar\\\/2a2cce8193b0afd3b816daa55b3381413945f4bd932fb915d6c9c849dd1b3610?s=96&d=mm&r=g\",\"url\":\"https:\\\/\\\/secure.gravatar.com\\\/avatar\\\/2a2cce8193b0afd3b816daa55b3381413945f4bd932fb915d6c9c849dd1b3610?s=96&d=mm&r=g\",\"contentUrl\":\"https:\\\/\\\/secure.gravatar.com\\\/avatar\\\/2a2cce8193b0afd3b816daa55b3381413945f4bd932fb915d6c9c849dd1b3610?s=96&d=mm&r=g\",\"caption\":\"Odemocrata\"},\"url\":\"https:\\\/\\\/www.odemocratagb.com\\\/?author=1\"}]}<\/script>\n<!-- \/ Yoast SEO plugin. -->","yoast_head_json":{"title":"AMI INDJAI ELEITA CANTORA DO ANO 2013 - O Democrata GB","robots":{"index":"index","follow":"follow","max-snippet":"max-snippet:-1","max-image-preview":"max-image-preview:large","max-video-preview":"max-video-preview:-1"},"canonical":"https:\/\/www.odemocratagb.com\/?p=374","og_locale":"pt_BR","og_type":"article","og_title":"AMI INDJAI ELEITA CANTORA DO ANO 2013 - O Democrata GB","og_description":"O F\u00f3rum Social para a Projec\u00e7\u00e3o da Cultura Guineense (FSPCG) distinguiu na sua s\u00e9tima Gala, no \u00faltimo s\u00e1bado, no Espa\u00e7o...","og_url":"https:\/\/www.odemocratagb.com\/?p=374","og_site_name":"O Democrata GB","article_publisher":"https:\/\/www.facebook.com\/jornaldaguinebissau","article_published_time":"2014-03-29T19:15:48+00:00","author":"Odemocrata","twitter_card":"summary_large_image","twitter_misc":{"Escrito por":"Odemocrata","Est. tempo de leitura":"3 minutos"},"schema":{"@context":"https:\/\/schema.org","@graph":[{"@type":"Article","@id":"https:\/\/www.odemocratagb.com\/?p=374#article","isPartOf":{"@id":"https:\/\/www.odemocratagb.com\/?p=374"},"author":{"name":"Odemocrata","@id":"https:\/\/www.odemocratagb.com\/#\/schema\/person\/83341ea9b3e3844bf5969e519da81487"},"headline":"AMI INDJAI ELEITA CANTORA DO ANO 2013","datePublished":"2014-03-29T19:15:48+00:00","mainEntityOfPage":{"@id":"https:\/\/www.odemocratagb.com\/?p=374"},"wordCount":534,"commentCount":0,"publisher":{"@id":"https:\/\/www.odemocratagb.com\/#organization"},"articleSection":["Cultura"],"inLanguage":"pt-BR","potentialAction":[{"@type":"CommentAction","name":"Comment","target":["https:\/\/www.odemocratagb.com\/?p=374#respond"]}]},{"@type":"WebPage","@id":"https:\/\/www.odemocratagb.com\/?p=374","url":"https:\/\/www.odemocratagb.com\/?p=374","name":"AMI INDJAI ELEITA CANTORA DO ANO 2013 - O Democrata GB","isPartOf":{"@id":"https:\/\/www.odemocratagb.com\/#website"},"datePublished":"2014-03-29T19:15:48+00:00","breadcrumb":{"@id":"https:\/\/www.odemocratagb.com\/?p=374#breadcrumb"},"inLanguage":"pt-BR","potentialAction":[{"@type":"ReadAction","target":["https:\/\/www.odemocratagb.com\/?p=374"]}]},{"@type":"BreadcrumbList","@id":"https:\/\/www.odemocratagb.com\/?p=374#breadcrumb","itemListElement":[{"@type":"ListItem","position":1,"name":"In\u00edcio","item":"https:\/\/www.odemocratagb.com\/"},{"@type":"ListItem","position":2,"name":"AMI INDJAI ELEITA CANTORA DO ANO 2013"}]},{"@type":"WebSite","@id":"https:\/\/www.odemocratagb.com\/#website","url":"https:\/\/www.odemocratagb.com\/","name":"O Democrata GB","description":"Jornal O Democrata GB","publisher":{"@id":"https:\/\/www.odemocratagb.com\/#organization"},"potentialAction":[{"@type":"SearchAction","target":{"@type":"EntryPoint","urlTemplate":"https:\/\/www.odemocratagb.com\/?s={search_term_string}"},"query-input":{"@type":"PropertyValueSpecification","valueRequired":true,"valueName":"search_term_string"}}],"inLanguage":"pt-BR"},{"@type":"Organization","@id":"https:\/\/www.odemocratagb.com\/#organization","name":"O Democrata GB","url":"https:\/\/www.odemocratagb.com\/","logo":{"@type":"ImageObject","inLanguage":"pt-BR","@id":"https:\/\/www.odemocratagb.com\/#\/schema\/logo\/image\/","url":"https:\/\/www.odemocratagb.com\/wp-content\/uploads\/2026\/04\/logo-odemocratagb.png","contentUrl":"https:\/\/www.odemocratagb.com\/wp-content\/uploads\/2026\/04\/logo-odemocratagb.png","width":1250,"height":327,"caption":"O Democrata GB"},"image":{"@id":"https:\/\/www.odemocratagb.com\/#\/schema\/logo\/image\/"},"sameAs":["https:\/\/www.facebook.com\/jornaldaguinebissau","https:\/\/www.instagram.com\/odemocratagb"]},{"@type":"Person","@id":"https:\/\/www.odemocratagb.com\/#\/schema\/person\/83341ea9b3e3844bf5969e519da81487","name":"Odemocrata","image":{"@type":"ImageObject","inLanguage":"pt-BR","@id":"https:\/\/secure.gravatar.com\/avatar\/2a2cce8193b0afd3b816daa55b3381413945f4bd932fb915d6c9c849dd1b3610?s=96&d=mm&r=g","url":"https:\/\/secure.gravatar.com\/avatar\/2a2cce8193b0afd3b816daa55b3381413945f4bd932fb915d6c9c849dd1b3610?s=96&d=mm&r=g","contentUrl":"https:\/\/secure.gravatar.com\/avatar\/2a2cce8193b0afd3b816daa55b3381413945f4bd932fb915d6c9c849dd1b3610?s=96&d=mm&r=g","caption":"Odemocrata"},"url":"https:\/\/www.odemocratagb.com\/?author=1"}]}},"_links":{"self":[{"href":"https:\/\/www.odemocratagb.com\/index.php?rest_route=\/wp\/v2\/posts\/374","targetHints":{"allow":["GET"]}}],"collection":[{"href":"https:\/\/www.odemocratagb.com\/index.php?rest_route=\/wp\/v2\/posts"}],"about":[{"href":"https:\/\/www.odemocratagb.com\/index.php?rest_route=\/wp\/v2\/types\/post"}],"author":[{"embeddable":true,"href":"https:\/\/www.odemocratagb.com\/index.php?rest_route=\/wp\/v2\/users\/1"}],"replies":[{"embeddable":true,"href":"https:\/\/www.odemocratagb.com\/index.php?rest_route=%2Fwp%2Fv2%2Fcomments&post=374"}],"version-history":[{"count":1,"href":"https:\/\/www.odemocratagb.com\/index.php?rest_route=\/wp\/v2\/posts\/374\/revisions"}],"predecessor-version":[{"id":375,"href":"https:\/\/www.odemocratagb.com\/index.php?rest_route=\/wp\/v2\/posts\/374\/revisions\/375"}],"wp:attachment":[{"href":"https:\/\/www.odemocratagb.com\/index.php?rest_route=%2Fwp%2Fv2%2Fmedia&parent=374"}],"wp:term":[{"taxonomy":"category","embeddable":true,"href":"https:\/\/www.odemocratagb.com\/index.php?rest_route=%2Fwp%2Fv2%2Fcategories&post=374"},{"taxonomy":"post_tag","embeddable":true,"href":"https:\/\/www.odemocratagb.com\/index.php?rest_route=%2Fwp%2Fv2%2Ftags&post=374"}],"curies":[{"name":"wp","href":"https:\/\/api.w.org\/{rel}","templated":true}]}}