{"id":380,"date":"2014-03-29T19:22:38","date_gmt":"2014-03-29T19:22:38","guid":{"rendered":"http:\/\/www.odemocratagb.com\/?p=380"},"modified":"2014-03-29T19:22:38","modified_gmt":"2014-03-29T19:22:38","slug":"camarada-amilcar","status":"publish","type":"post","link":"https:\/\/www.odemocratagb.com\/?p=380","title":{"rendered":"Camarada Am\u00edlcar"},"content":{"rendered":"<p>No ch\u00e3o vermelho<\/p>\n<p>Do teu sangue, camarada,<\/p>\n<p>Caiem como gotas de orvalho<\/p>\n<p>As l\u00e1grimas sinceras de dedica\u00e7\u00e3o.<\/p>\n<p>As flores da nossa luta<\/p>\n<p>Que tu com carinho plantaste,<\/p>\n<p>Est\u00e3o a desabrochar<\/p>\n<p>Em gargalhadas infantis.<\/p>\n<p>&nbsp;<\/p>\n<p>E descansa, camarada Am\u00edcar,<\/p>\n<p>Descansa que n\u00e3o secar\u00e3o.<\/p>\n<p>Ser\u00e3o sempre regadas<\/p>\n<p>Com o nosso suor e sangue,<\/p>\n<p>Ser\u00e3o Sempre alimentadas<\/p>\n<p>Pela for\u00e7a a nossa vontade.<\/p>\n<p>E ser\u00e3o camarada Am\u00edlcar,<\/p>\n<p>Ser\u00e3o livres&#8230; livres&#8230;<\/p>\n<p>Livres como as gargalhadas que soltam,<\/p>\n<p>Livres como o sol do nosso hino,<\/p>\n<p>Livres como o vento que desfralda<\/p>\n<p>A nossa bandeira,<\/p>\n<p>Livres, como a liberdade com que sonhaste.<\/p>\n<p>\u00c9 assim camarada,<\/p>\n<p>\u00c9 assim&#8230;<\/p>\n<p>Uns chegam ao fim,<\/p>\n<p>Mas outros ficam pelo caminho<\/p>\n<p>N\u00e3o por desfalecimento,<\/p>\n<p>Mas pelo seu valor e coragem.<\/p>\n<p>E dentre todos,<\/p>\n<p>Os mais felizes<\/p>\n<p>Ser\u00e3 os que conseguirem plantar<\/p>\n<p>As flores que deixaste,<\/p>\n<p>No canteiro livre<\/p>\n<p>Da Guin\u00e9 e Cabo Verde.<\/p>\n<p>&nbsp;<\/p>\n<p><b>AGNELO AUGUSTO REGALLA, <i>in Mantenhas para quem luta! A nova poesia da Guin\u00e9-Bissau \u2013 1993.<\/i><\/b><\/p>\n<div>\n<p><b>\u00a0<\/b><\/p>\n<\/div>\n<p><b>\u00a0<\/b><\/p>\n<p><b>Em g\u00e9nero de homenagem \u00e0 mem\u00f3ria do camarada Am<\/b><b>\u00ed<\/b><b>lcar Cabral<\/b><\/p>\n<p><b>\u00a0<\/b><\/p>\n<p>Na noite colonial<\/p>\n<p>Sou apenas a m\u00e1quina<\/p>\n<p>Que tritura o teu nome<\/p>\n<p>Num ritmo dolente.<\/p>\n<p>Sou a sombra apagada<\/p>\n<p>Que busca uma luz para se refugiar.<\/p>\n<p>Sou o pintor fan\u00e1tico<\/p>\n<p>Que ser\u00e1 sem tintas e sente a inspira\u00e7\u00e3o nascer<\/p>\n<p>&nbsp;<\/p>\n<p>Sou alco\u00f3lico louco<\/p>\n<p>Que n\u00e3o tem vinho mas tem necessidade de beber<\/p>\n<p>&nbsp;<\/p>\n<p>E olha, lembras-te&#8230;<\/p>\n<p>Sou como o velhinho<\/p>\n<p>Que dormita cansado de ainda viver.<\/p>\n<p>Sou o remorso oco<\/p>\n<p>Dum edif\u00edcio louco<\/p>\n<p>Sou o doido incompreendido<\/p>\n<p>Que foge e procura a solid\u00e3o para renascer.<\/p>\n<p>Sou o esfomeado<\/p>\n<p>Que grita mais e mais at\u00e9 ficar rouco<\/p>\n<p>E exausto chorar:<\/p>\n<p>As l\u00e1grimas caem<\/p>\n<p>O sorriso apaga-se<\/p>\n<p>O eco vai-se<\/p>\n<p>Perde-se contigo<\/p>\n<p>Na imensid\u00e3o opaca<\/p>\n<p>Que te tragou.<\/p>\n<p>E a m\u00e1quina<\/p>\n<p>Ap\u00e1tica<\/p>\n<p>Insens\u00edvel e feia<\/p>\n<p>Continua sozinha<\/p>\n<p>Num ritmo dolente<\/p>\n<p>A triturar teu nome<\/p>\n<p>Pela noite adiante.<\/p>\n<p>Mas n\u00f3s, irm\u00e3o<\/p>\n<p>Carne duma mesma carne africana,<\/p>\n<p>Sangue dum mesmo sangue,<\/p>\n<p>Somos<\/p>\n<p>O Eco triste da voz materna<\/p>\n<p>Que chora calada<\/p>\n<p>At\u00e9 que cansada<\/p>\n<p>Se vai prostar orando na ang\u00fastia do amanh\u00e3,<\/p>\n<p>As m\u00e1goas tristes do nosso discurso, sem nada dizer.<\/p>\n<p>&nbsp;<\/p>\n<p>Eu sinto, sinto como tu sentiste a rebeldia faminta do meu corpo<\/p>\n<p>Convulsionando-se contra as amarras de a\u00e7o,<\/p>\n<p>Que me tiram os movimentos,<\/p>\n<p>E me recalcam o orgulho s\u00e3o<\/p>\n<p>Desta devina vontade de criar.<\/p>\n<p>E ponho-me de joelhos, beijo o a\u00e7o, beijo a poesia<\/p>\n<p>E adoro aminha loucura.<\/p>\n<p>E juro-te, farei como tu fizeste.<\/p>\n<p>Darei o meu sangue palpitante por esta terra bem amada,<\/p>\n<p>E mesmo que o fa\u00e7a com um fio de l\u00e1grimas<\/p>\n<p>A beijar-me o rosto menino,<\/p>\n<p>Quero que saibas<\/p>\n<p>No frio da tua tumba,<\/p>\n<p>Que o fa\u00e7o com orgulho e esperan\u00e7a<\/p>\n<p>De que os nossos pais repousem em paz<\/p>\n<p>E os nossos filhos nas\u00e7am libertos<\/p>\n<p>Por uma Guin\u00e9 e Cabo Verde voltados para o progresso.<\/p>\n<p>&nbsp;<\/p>\n<p><b>NAGIB SAID, <\/b><b><i>in Mantenhas para quem luta! A nova poesia da Guin\u00e9-Bissau \u2013 1993.<\/i><\/b><\/p>\n<p><b>\u00a0<\/b><\/p>\n<div>\n<p><b>\u00a0<\/b><\/p>\n<\/div>\n<p><b>\u00a0<\/b><\/p>\n<p><b>\u00a0<\/b><\/p>\n<p><b>Mantenhas<\/b><\/p>\n<p><b>\u00a0<\/b><\/p>\n<p>Mantenhas de luta tenho!&#8230;<\/p>\n<p>Mantenhas, para quem luta!&#8230;<\/p>\n<p>E n\u00e3o s\u00f3&#8230;<\/p>\n<p>Mantenhas&#8230;s\u00e3o mantenhas<\/p>\n<p>Tenhas ou n\u00e3o participado&#8230;<\/p>\n<p>Mantenhas trago para ti<\/p>\n<p>Mantenhas de quem o povo serviu<\/p>\n<p>Mantenhas de quem, sendo simples<\/p>\n<p>Grandemente o povo serviu<\/p>\n<p>Mantenhas daquele que sucumbindo<\/p>\n<p>Com o pr\u00f3prio sangue o inimigo acertou<\/p>\n<p>(A luta \u00e9 assi, exige Sacrif\u00edcios)<\/p>\n<p>Por isso mantenhas&#8230;<\/p>\n<p>Mantenhas para os que merecerem<\/p>\n<p>O merecimento de Pindjiguiti<\/p>\n<p>O merecimento de Como<\/p>\n<p>O mereceimento de Cassak\u00e1<\/p>\n<p>O merecimento de Guiledje<\/p>\n<p>O merecimento de Cabral<\/p>\n<p>O merecimento da Luta<\/p>\n<p>O merecimento das mantenhas<\/p>\n<p>A mantenha Combatente!!!<\/p>\n<p>A mantenha para \u00e0queles<\/p>\n<p>Que engajados continuam<\/p>\n<p>Mantenhas para que n\u00e3o mais haja<\/p>\n<p>Botas estrangeiras espezinhando o nosso sentimento<\/p>\n<p>A nosa cultura&#8230;<\/p>\n<p>A nossa raz\u00e3&#8230;<\/p>\n<p>Por isso mantenhas&#8230;Mantenho<\/p>\n<p>Decididamente, mantenhas!!!<\/p>\n<p>Mantenha de firmeza<\/p>\n<p>Mantenhas militantes<\/p>\n<p>Mantenhas na certeza<\/p>\n<p>De que nada ser\u00e1, como ontem<\/p>\n<p>Jamais as nossas crian\u00e7as<\/p>\n<p>Matar\u00e3o a sede<\/p>\n<p>Com as l\u00e1grimas da fome.<\/p>\n<p>Por isso mantenhas, mantenho nas mantenhas.<\/p>\n<p>&nbsp;<\/p>\n<p>ANT\u00d3NIO SOARES LOPES JR (Tony Tcheca), <b><i>in Mantenhas para quem luta! A nova poesia da Guin\u00e9-Bissau \u2013 1993.<\/i><\/b><\/p>\n<div>\n<p>&nbsp;<\/p>\n<\/div>\n<p>&nbsp;<\/p>\n<p><b>Cal codade de amanh<\/b><b>\u00e3<\/b><b> Maria<\/b><\/p>\n<p>&nbsp;<\/p>\n<p>N\u00f4 odjau bu sibi<\/p>\n<p>Suma lua cheia na c\u00e9u<\/p>\n<p>Dinti di bu gara\u00e7a na lumi\u00e2&#8230;<\/p>\n<p>&nbsp;<\/p>\n<p>N\u00f4 odjau bu na ri\u00e2,<\/p>\n<p>Suma lua nobo que tchig\u00e2<\/p>\n<p>Bu larma i sereno na noti sucuro!<\/p>\n<p>Bu sibi cu bu rebess<\/p>\n<p>Bu gast\u00e1 bu curpo, bu pirdi bu tempo<\/p>\n<p>Bu sitbi cu bu tadjo<\/p>\n<p>Bu gast\u00e1 quil que sobr\u00e2 bu cabant\u00e1 bu folgo<\/p>\n<p>&nbsp;<\/p>\n<p>Flur bonito que bu lant\u00e1<\/p>\n<p>Flur bonitoque na murtch\u00e2<\/p>\n<p>Amanh\u00e3, bu na mati amanh\u00e3.<\/p>\n<p>M\u00e1, cal coldade de amanh\u00e3, Maria?<\/p>\n<p>&nbsp;<\/p>\n<p><b>Quebur Nobo<\/b><\/p>\n<p>&nbsp;<\/p>\n<p>Malam labradur<\/p>\n<p>Bai nha armon, mol\u00e2 bu n\u2019oroto<\/p>\n<p>Ri\u00e2 blanha, faci bu quebur<\/p>\n<p>Na calur, Malam, na calur<\/p>\n<p>M\u00e1 sin bumba, sim dur.<\/p>\n<p>Cu utro balur, Malam, cu utro balur,<\/p>\n<p>Pa sapo cum\u00e9 si labur,<\/p>\n<p>Cu calur, Malam, sin dur nin tchur.<\/p>\n<p>&nbsp;<\/p>\n<p>JOS\u00c9 CARLOS SWARTZ, <b><i>in Mantenhas para quem luta! A nova poesia da Guin\u00e9-Bissau \u2013 1993.<\/i><\/b><\/p>\n<p>&nbsp;<\/p>\n","protected":false},"excerpt":{"rendered":"<p>No ch\u00e3o vermelho Do teu sangue, camarada, Caiem como gotas de orvalho As l\u00e1grimas sinceras de dedica\u00e7\u00e3o. As flores da&#8230;<\/p>\n","protected":false},"author":1,"featured_media":0,"comment_status":"open","ping_status":"open","sticky":false,"template":"","format":"standard","meta":{"footnotes":""},"categories":[27],"tags":[],"class_list":["post-380","post","type-post","status-publish","format-standard","hentry","category-cultura","wpcat-27-id"],"yoast_head":"<!-- This site is optimized with the Yoast SEO plugin v27.5 - https:\/\/yoast.com\/product\/yoast-seo-wordpress\/ -->\n<title>Camarada Am\u00edlcar - O Democrata GB<\/title>\n<meta name=\"robots\" content=\"index, follow, max-snippet:-1, max-image-preview:large, max-video-preview:-1\" \/>\n<link rel=\"canonical\" href=\"https:\/\/www.odemocratagb.com\/?p=380\" \/>\n<meta property=\"og:locale\" content=\"pt_BR\" \/>\n<meta property=\"og:type\" content=\"article\" \/>\n<meta property=\"og:title\" content=\"Camarada Am\u00edlcar - O Democrata GB\" \/>\n<meta property=\"og:description\" content=\"No ch\u00e3o vermelho Do teu sangue, camarada, Caiem como gotas de orvalho As l\u00e1grimas sinceras de dedica\u00e7\u00e3o. As flores da...\" \/>\n<meta property=\"og:url\" content=\"https:\/\/www.odemocratagb.com\/?p=380\" \/>\n<meta property=\"og:site_name\" content=\"O Democrata GB\" \/>\n<meta property=\"article:publisher\" content=\"https:\/\/www.facebook.com\/jornaldaguinebissau\" \/>\n<meta property=\"article:published_time\" content=\"2014-03-29T19:22:38+00:00\" \/>\n<meta name=\"author\" content=\"Odemocrata\" \/>\n<meta name=\"twitter:card\" content=\"summary_large_image\" \/>\n<meta name=\"twitter:label1\" content=\"Escrito por\" \/>\n\t<meta name=\"twitter:data1\" content=\"Odemocrata\" \/>\n\t<meta name=\"twitter:label2\" content=\"Est. tempo de leitura\" \/>\n\t<meta name=\"twitter:data2\" content=\"4 minutos\" \/>\n<script type=\"application\/ld+json\" class=\"yoast-schema-graph\">{\"@context\":\"https:\\\/\\\/schema.org\",\"@graph\":[{\"@type\":\"Article\",\"@id\":\"https:\\\/\\\/www.odemocratagb.com\\\/?p=380#article\",\"isPartOf\":{\"@id\":\"https:\\\/\\\/www.odemocratagb.com\\\/?p=380\"},\"author\":{\"name\":\"Odemocrata\",\"@id\":\"https:\\\/\\\/www.odemocratagb.com\\\/#\\\/schema\\\/person\\\/83341ea9b3e3844bf5969e519da81487\"},\"headline\":\"Camarada Am\u00edlcar\",\"datePublished\":\"2014-03-29T19:22:38+00:00\",\"mainEntityOfPage\":{\"@id\":\"https:\\\/\\\/www.odemocratagb.com\\\/?p=380\"},\"wordCount\":855,\"commentCount\":0,\"publisher\":{\"@id\":\"https:\\\/\\\/www.odemocratagb.com\\\/#organization\"},\"articleSection\":[\"Cultura\"],\"inLanguage\":\"pt-BR\",\"potentialAction\":[{\"@type\":\"CommentAction\",\"name\":\"Comment\",\"target\":[\"https:\\\/\\\/www.odemocratagb.com\\\/?p=380#respond\"]}]},{\"@type\":\"WebPage\",\"@id\":\"https:\\\/\\\/www.odemocratagb.com\\\/?p=380\",\"url\":\"https:\\\/\\\/www.odemocratagb.com\\\/?p=380\",\"name\":\"Camarada Am\u00edlcar - O Democrata GB\",\"isPartOf\":{\"@id\":\"https:\\\/\\\/www.odemocratagb.com\\\/#website\"},\"datePublished\":\"2014-03-29T19:22:38+00:00\",\"breadcrumb\":{\"@id\":\"https:\\\/\\\/www.odemocratagb.com\\\/?p=380#breadcrumb\"},\"inLanguage\":\"pt-BR\",\"potentialAction\":[{\"@type\":\"ReadAction\",\"target\":[\"https:\\\/\\\/www.odemocratagb.com\\\/?p=380\"]}]},{\"@type\":\"BreadcrumbList\",\"@id\":\"https:\\\/\\\/www.odemocratagb.com\\\/?p=380#breadcrumb\",\"itemListElement\":[{\"@type\":\"ListItem\",\"position\":1,\"name\":\"In\u00edcio\",\"item\":\"https:\\\/\\\/www.odemocratagb.com\\\/\"},{\"@type\":\"ListItem\",\"position\":2,\"name\":\"Camarada Am\u00edlcar\"}]},{\"@type\":\"WebSite\",\"@id\":\"https:\\\/\\\/www.odemocratagb.com\\\/#website\",\"url\":\"https:\\\/\\\/www.odemocratagb.com\\\/\",\"name\":\"O Democrata GB\",\"description\":\"Jornal O Democrata GB\",\"publisher\":{\"@id\":\"https:\\\/\\\/www.odemocratagb.com\\\/#organization\"},\"potentialAction\":[{\"@type\":\"SearchAction\",\"target\":{\"@type\":\"EntryPoint\",\"urlTemplate\":\"https:\\\/\\\/www.odemocratagb.com\\\/?s={search_term_string}\"},\"query-input\":{\"@type\":\"PropertyValueSpecification\",\"valueRequired\":true,\"valueName\":\"search_term_string\"}}],\"inLanguage\":\"pt-BR\"},{\"@type\":\"Organization\",\"@id\":\"https:\\\/\\\/www.odemocratagb.com\\\/#organization\",\"name\":\"O Democrata GB\",\"url\":\"https:\\\/\\\/www.odemocratagb.com\\\/\",\"logo\":{\"@type\":\"ImageObject\",\"inLanguage\":\"pt-BR\",\"@id\":\"https:\\\/\\\/www.odemocratagb.com\\\/#\\\/schema\\\/logo\\\/image\\\/\",\"url\":\"https:\\\/\\\/www.odemocratagb.com\\\/wp-content\\\/uploads\\\/2026\\\/04\\\/logo-odemocratagb.png\",\"contentUrl\":\"https:\\\/\\\/www.odemocratagb.com\\\/wp-content\\\/uploads\\\/2026\\\/04\\\/logo-odemocratagb.png\",\"width\":1250,\"height\":327,\"caption\":\"O Democrata GB\"},\"image\":{\"@id\":\"https:\\\/\\\/www.odemocratagb.com\\\/#\\\/schema\\\/logo\\\/image\\\/\"},\"sameAs\":[\"https:\\\/\\\/www.facebook.com\\\/jornaldaguinebissau\",\"https:\\\/\\\/www.instagram.com\\\/odemocratagb\"]},{\"@type\":\"Person\",\"@id\":\"https:\\\/\\\/www.odemocratagb.com\\\/#\\\/schema\\\/person\\\/83341ea9b3e3844bf5969e519da81487\",\"name\":\"Odemocrata\",\"image\":{\"@type\":\"ImageObject\",\"inLanguage\":\"pt-BR\",\"@id\":\"https:\\\/\\\/secure.gravatar.com\\\/avatar\\\/2a2cce8193b0afd3b816daa55b3381413945f4bd932fb915d6c9c849dd1b3610?s=96&d=mm&r=g\",\"url\":\"https:\\\/\\\/secure.gravatar.com\\\/avatar\\\/2a2cce8193b0afd3b816daa55b3381413945f4bd932fb915d6c9c849dd1b3610?s=96&d=mm&r=g\",\"contentUrl\":\"https:\\\/\\\/secure.gravatar.com\\\/avatar\\\/2a2cce8193b0afd3b816daa55b3381413945f4bd932fb915d6c9c849dd1b3610?s=96&d=mm&r=g\",\"caption\":\"Odemocrata\"},\"url\":\"https:\\\/\\\/www.odemocratagb.com\\\/?author=1\"}]}<\/script>\n<!-- \/ Yoast SEO plugin. -->","yoast_head_json":{"title":"Camarada Am\u00edlcar - O Democrata GB","robots":{"index":"index","follow":"follow","max-snippet":"max-snippet:-1","max-image-preview":"max-image-preview:large","max-video-preview":"max-video-preview:-1"},"canonical":"https:\/\/www.odemocratagb.com\/?p=380","og_locale":"pt_BR","og_type":"article","og_title":"Camarada Am\u00edlcar - O Democrata GB","og_description":"No ch\u00e3o vermelho Do teu sangue, camarada, Caiem como gotas de orvalho As l\u00e1grimas sinceras de dedica\u00e7\u00e3o. As flores da...","og_url":"https:\/\/www.odemocratagb.com\/?p=380","og_site_name":"O Democrata GB","article_publisher":"https:\/\/www.facebook.com\/jornaldaguinebissau","article_published_time":"2014-03-29T19:22:38+00:00","author":"Odemocrata","twitter_card":"summary_large_image","twitter_misc":{"Escrito por":"Odemocrata","Est. tempo de leitura":"4 minutos"},"schema":{"@context":"https:\/\/schema.org","@graph":[{"@type":"Article","@id":"https:\/\/www.odemocratagb.com\/?p=380#article","isPartOf":{"@id":"https:\/\/www.odemocratagb.com\/?p=380"},"author":{"name":"Odemocrata","@id":"https:\/\/www.odemocratagb.com\/#\/schema\/person\/83341ea9b3e3844bf5969e519da81487"},"headline":"Camarada Am\u00edlcar","datePublished":"2014-03-29T19:22:38+00:00","mainEntityOfPage":{"@id":"https:\/\/www.odemocratagb.com\/?p=380"},"wordCount":855,"commentCount":0,"publisher":{"@id":"https:\/\/www.odemocratagb.com\/#organization"},"articleSection":["Cultura"],"inLanguage":"pt-BR","potentialAction":[{"@type":"CommentAction","name":"Comment","target":["https:\/\/www.odemocratagb.com\/?p=380#respond"]}]},{"@type":"WebPage","@id":"https:\/\/www.odemocratagb.com\/?p=380","url":"https:\/\/www.odemocratagb.com\/?p=380","name":"Camarada Am\u00edlcar - O Democrata GB","isPartOf":{"@id":"https:\/\/www.odemocratagb.com\/#website"},"datePublished":"2014-03-29T19:22:38+00:00","breadcrumb":{"@id":"https:\/\/www.odemocratagb.com\/?p=380#breadcrumb"},"inLanguage":"pt-BR","potentialAction":[{"@type":"ReadAction","target":["https:\/\/www.odemocratagb.com\/?p=380"]}]},{"@type":"BreadcrumbList","@id":"https:\/\/www.odemocratagb.com\/?p=380#breadcrumb","itemListElement":[{"@type":"ListItem","position":1,"name":"In\u00edcio","item":"https:\/\/www.odemocratagb.com\/"},{"@type":"ListItem","position":2,"name":"Camarada Am\u00edlcar"}]},{"@type":"WebSite","@id":"https:\/\/www.odemocratagb.com\/#website","url":"https:\/\/www.odemocratagb.com\/","name":"O Democrata GB","description":"Jornal O Democrata GB","publisher":{"@id":"https:\/\/www.odemocratagb.com\/#organization"},"potentialAction":[{"@type":"SearchAction","target":{"@type":"EntryPoint","urlTemplate":"https:\/\/www.odemocratagb.com\/?s={search_term_string}"},"query-input":{"@type":"PropertyValueSpecification","valueRequired":true,"valueName":"search_term_string"}}],"inLanguage":"pt-BR"},{"@type":"Organization","@id":"https:\/\/www.odemocratagb.com\/#organization","name":"O Democrata GB","url":"https:\/\/www.odemocratagb.com\/","logo":{"@type":"ImageObject","inLanguage":"pt-BR","@id":"https:\/\/www.odemocratagb.com\/#\/schema\/logo\/image\/","url":"https:\/\/www.odemocratagb.com\/wp-content\/uploads\/2026\/04\/logo-odemocratagb.png","contentUrl":"https:\/\/www.odemocratagb.com\/wp-content\/uploads\/2026\/04\/logo-odemocratagb.png","width":1250,"height":327,"caption":"O Democrata GB"},"image":{"@id":"https:\/\/www.odemocratagb.com\/#\/schema\/logo\/image\/"},"sameAs":["https:\/\/www.facebook.com\/jornaldaguinebissau","https:\/\/www.instagram.com\/odemocratagb"]},{"@type":"Person","@id":"https:\/\/www.odemocratagb.com\/#\/schema\/person\/83341ea9b3e3844bf5969e519da81487","name":"Odemocrata","image":{"@type":"ImageObject","inLanguage":"pt-BR","@id":"https:\/\/secure.gravatar.com\/avatar\/2a2cce8193b0afd3b816daa55b3381413945f4bd932fb915d6c9c849dd1b3610?s=96&d=mm&r=g","url":"https:\/\/secure.gravatar.com\/avatar\/2a2cce8193b0afd3b816daa55b3381413945f4bd932fb915d6c9c849dd1b3610?s=96&d=mm&r=g","contentUrl":"https:\/\/secure.gravatar.com\/avatar\/2a2cce8193b0afd3b816daa55b3381413945f4bd932fb915d6c9c849dd1b3610?s=96&d=mm&r=g","caption":"Odemocrata"},"url":"https:\/\/www.odemocratagb.com\/?author=1"}]}},"_links":{"self":[{"href":"https:\/\/www.odemocratagb.com\/index.php?rest_route=\/wp\/v2\/posts\/380","targetHints":{"allow":["GET"]}}],"collection":[{"href":"https:\/\/www.odemocratagb.com\/index.php?rest_route=\/wp\/v2\/posts"}],"about":[{"href":"https:\/\/www.odemocratagb.com\/index.php?rest_route=\/wp\/v2\/types\/post"}],"author":[{"embeddable":true,"href":"https:\/\/www.odemocratagb.com\/index.php?rest_route=\/wp\/v2\/users\/1"}],"replies":[{"embeddable":true,"href":"https:\/\/www.odemocratagb.com\/index.php?rest_route=%2Fwp%2Fv2%2Fcomments&post=380"}],"version-history":[{"count":1,"href":"https:\/\/www.odemocratagb.com\/index.php?rest_route=\/wp\/v2\/posts\/380\/revisions"}],"predecessor-version":[{"id":381,"href":"https:\/\/www.odemocratagb.com\/index.php?rest_route=\/wp\/v2\/posts\/380\/revisions\/381"}],"wp:attachment":[{"href":"https:\/\/www.odemocratagb.com\/index.php?rest_route=%2Fwp%2Fv2%2Fmedia&parent=380"}],"wp:term":[{"taxonomy":"category","embeddable":true,"href":"https:\/\/www.odemocratagb.com\/index.php?rest_route=%2Fwp%2Fv2%2Fcategories&post=380"},{"taxonomy":"post_tag","embeddable":true,"href":"https:\/\/www.odemocratagb.com\/index.php?rest_route=%2Fwp%2Fv2%2Ftags&post=380"}],"curies":[{"name":"wp","href":"https:\/\/api.w.org\/{rel}","templated":true}]}}