{"id":382,"date":"2014-03-29T19:30:53","date_gmt":"2014-03-29T19:30:53","guid":{"rendered":"http:\/\/www.odemocratagb.com\/?p=382"},"modified":"2014-10-15T13:40:56","modified_gmt":"2014-10-15T13:40:56","slug":"balantas-recebe-dez-milhoes-de-francos-cfa-e-uma-taca","status":"publish","type":"post","link":"https:\/\/www.odemocratagb.com\/?p=382","title":{"rendered":"BALANTAS RECEBE DEZ MILH\u00d5ES DE FRANCOS CFA E UMA TA\u00c7A"},"content":{"rendered":"<p>A Federa\u00e7\u00e3o Nacional de Futebol da Guin\u00e9-Bissau (FFGB) realizou no \u00faltimo fim-de-semana a t\u00e3o cantada \u201cGala de Premia\u00e7\u00e3o\u201d dos Clubes vencedores dos campeonatos nacionais da primeira, segunda e terceira divis\u00f5es. O campe\u00e3o nacional da primeira divis\u00e3o de \u201cGUINES LIGA\u201d, Balantas de Mansoa recebeu o pr\u00e9mio de dez milh\u00f5es de Francos CFA, destinado ao vencedor do campeonato nacional da \u00e9poca desportiva 2012\/2013 e levou ainda para casa uma ta\u00e7a e uma medalha de campe\u00e3o.<\/p>\n<p>A Federa\u00e7\u00e3o premiou igualmente as restantes equipas vencedoras da segunda e terceira divis\u00f5es. A Estrela Negra de Bissau (FARP) recebeu uma premia\u00e7\u00e3o de cinco milh\u00f5es de Francos CFA, uma ta\u00e7a e a medalha de campe\u00e3o, enquanto que a equipa de T\u00edgres de Fronteira (S\u00e3o Domingos) recebeu um montante de dois milh\u00f5es e quinhentos mil Francos CFA como vencedor do campeonato da terceira divis\u00e3o e mais uma ta\u00e7a e a medalha de campe\u00e3o.<\/p>\n<p>O avan\u00e7ado do Sporting Clube da Guin\u00e9-Bissau, Alberto Quitingue C\u00f3 (Stronberg) recebeu o pr\u00e9mio de uma bota como o melhor marcador do campeonato nacional e no qual obteve nove golos. Issuf Seidi (Utu) Guarda-redes da equipa de Balantas de Mansoa, recebeu o pr\u00e9mio de uma luva como guarda-redes menos batido do campeonato. O Sport Bissau Benfica recebeu o pr\u00e9mio da equipa de \u201cFair Play\u201d e levou consigo uma ta\u00e7a. Durante a Gala n\u00e3o foi escolhido o melhor jogador de campeonato nacional da primeira divis\u00e3o da \u00e9poca desportiva 2012\/2013.<\/p>\n<p>O vencedor do campeonato nacional da modalidade feminina da primeira divis\u00e3o foi a equipa de Mavegro e recebeu ta\u00e7a e \u00a0medalha do campe\u00e3o. O Sporting Clube da Guin\u00e9-Bissau foi o segundo classificado do campeonato nacional feminino e levou ta\u00e7a e medalha. A melhor marcadora de campeonato feminino, foi a jogadora de F.C Mavegro, Binta Camar\u00e1 e recebeu uma bota como pr\u00e9mio.<\/p>\n<p align=\"center\"><b>\u201cORGANIZA\u00c7\u00c3O \u00c9 CALCANHAR DE AQUILES DA FEDERA\u00c7\u00c3O DE FUTEBOL\u201d<\/b><b><\/b><\/p>\n<p>O Ministro de Educa\u00e7\u00e3o, Ci\u00eancia, Cultura e \u00a0Desportos, Alfredo Gomes afirmou na sua declara\u00e7\u00e3o durante a cerim\u00f3nia que o futebol n\u00e3o prop\u00f5e inimigos, mas sim advers\u00e1rios e por isso, aconselhou de seguida os dirigentes desportivos a interpretarem bem as duas pe\u00e7as de teatro apresentadas por Grupo Netos de Bandim, sobre a uni\u00e3o no futebol.<\/p>\n<p>Alfredo Gomes disse que o desporto representa a uni\u00e3o e a festa, pelo que no seu entender para atingir a uni\u00e3o \u00e9 necess\u00e1ria a participa\u00e7\u00e3o de todos, desde o Governo, a Federa\u00e7\u00e3o, a Liga Nacional de Clubes de Futebol, os Clubes, os Atletas, as Empresas e a popula\u00e7\u00e3o em geral. Sustentou neste particular que apenas com envolvimento de todos \u00e9 que se pode atingir a almejada uni\u00e3o no futebol nacional.<\/p>\n<p>\u201cA organiza\u00e7\u00e3o \u00e9 o calcanhar de Aquiles da nossa federa\u00e7\u00e3o de futebol, e se falei de todo o pa\u00eds, provavelmente n\u00e3o estaria errado. A organiza\u00e7\u00e3o \u00e9 necess\u00e1rio a n\u00edvel do desporto. Se algu\u00e9m me disse que est\u00e1 organizado diria que n\u00e3o, por isso, \u00e9 preciso organizar para podermos atingir os nossos objectivos\u201d, afian\u00e7ou.<\/p>\n<p align=\"center\"><b>MANELINHO PEDE FIM DE GUERRINHAS NO FUTEBOL<\/b><\/p>\n<p>O presidente da Federa\u00e7\u00e3o Nacional de Futebol da Guin\u00e9-Bissau, Manuel Ir\u00e9nio Nascimento Lopes (Manelinho) apelou os amantes do desporto a optarem pela positividade e n\u00e3o pelo individualismo, dado que no seu entender a individualismo n\u00e3o ajudar\u00e1 unir o pa\u00eds e o futebol em particular. Pediu igualmente os protagonistas do desporto nacional para acabar com guerrinhas no futebol e para privilegiarem mais boas ac\u00e7\u00f5es que vai ajudar o pa\u00eds e o desenvolvimento do futebol nacional.<\/p>\n<p>\u201cAconteceu hoje duas situa\u00e7\u00f5es importantes na hist\u00f3ria do nosso futebol, a assinatura formal do contrato entre o Governo e o t\u00e9cnico portugu\u00eas, Paulo Torres que passa a orientar a selec\u00e7\u00e3o nacional de futebol. A realiza\u00e7\u00e3o desta Gala que \u00e9 a primeira vez na hist\u00f3ria do nosso campeonato de futebol, organizada pela federa\u00e7\u00e3o e a Liga dos Clubes de Futebol, onde se atribuiu pr\u00e9mios \u00e0s equipas vencedoras de tr\u00eas principais campeonatos do pa\u00eds. O pr\u00e9mio ajuda a fomentar a competitividade do futebol, mas sem atropelos das regras do jogo e da \u00e9tica desportiva, por isso entendi que devia ser institu\u00eddo esse pr\u00e9mio pelos motivos acabados de referir. Fi-lo com firme convic\u00e7\u00e3o de servir o futebol, estou ao servi\u00e7o do futebol e n\u00e3o ao contr\u00e1rio\u201d, explicou o respons\u00e1vel m\u00e1ximo da federa\u00e7\u00e3o visivelmente contente por ter comprido a promessa de atribuir milh\u00f5es de francos cfa para os vencedores de tr\u00eas principais campeonatos do pa\u00eds.<\/p>\n<p>O presidente da Liga Guineense dos Clubes de Futebol (LGCF), Abubacar Cont\u00e9 afirmou que a organiza\u00e7\u00e3o que preside est\u00e1 ao servi\u00e7o dos clubes e que a organiza\u00e7\u00e3o que dirige vai continuar a defender os clubes de futebol em qualquer circunst\u00e2ncia.<\/p>\n<p>O respons\u00e1vel da Liga pediu a federa\u00e7\u00e3o para envidar mais esfor\u00e7o no sentido de dar in\u00edcio o mais rapidamente poss\u00edvel os campeonatos nacionais de futebol da primeira, segunda e terceira divis\u00f5es. Apelou de seguida o executivo \u00e0 aprova\u00e7\u00e3o da \u201cLei de Mecenato\u201d para aliviar os sacrif\u00edcios dos dirigentes desportivos nacionais, dado que a aprova\u00e7\u00e3o desta lei dar\u00e1 aos clubes toda a liberdade de procurar seus patrocinadores.<\/p>\n<p><b>Por: Sene Camar\u00e1<\/b><\/p>\n","protected":false},"excerpt":{"rendered":"<p>A Federa\u00e7\u00e3o Nacional de Futebol da Guin\u00e9-Bissau (FFGB) realizou no \u00faltimo fim-de-semana a t\u00e3o cantada \u201cGala de Premia\u00e7\u00e3o\u201d dos Clubes&#8230;<\/p>\n","protected":false},"author":1,"featured_media":383,"comment_status":"open","ping_status":"open","sticky":false,"template":"","format":"standard","meta":{"footnotes":""},"categories":[1],"tags":[],"class_list":["post-382","post","type-post","status-publish","format-standard","has-post-thumbnail","hentry","category-saude-publica","wpcat-1-id"],"yoast_head":"<!-- This site is optimized with the Yoast SEO plugin v27.5 - https:\/\/yoast.com\/product\/yoast-seo-wordpress\/ -->\n<title>BALANTAS RECEBE DEZ MILH\u00d5ES DE FRANCOS CFA E UMA TA\u00c7A - O Democrata GB<\/title>\n<meta name=\"robots\" content=\"index, follow, max-snippet:-1, max-image-preview:large, max-video-preview:-1\" \/>\n<link rel=\"canonical\" href=\"https:\/\/www.odemocratagb.com\/?p=382\" \/>\n<meta property=\"og:locale\" content=\"pt_BR\" \/>\n<meta property=\"og:type\" content=\"article\" \/>\n<meta property=\"og:title\" content=\"BALANTAS RECEBE DEZ MILH\u00d5ES DE FRANCOS CFA E UMA TA\u00c7A - O Democrata GB\" \/>\n<meta property=\"og:description\" content=\"A Federa\u00e7\u00e3o Nacional de Futebol da Guin\u00e9-Bissau (FFGB) realizou no \u00faltimo fim-de-semana a t\u00e3o cantada \u201cGala de Premia\u00e7\u00e3o\u201d dos Clubes...\" \/>\n<meta property=\"og:url\" content=\"https:\/\/www.odemocratagb.com\/?p=382\" \/>\n<meta property=\"og:site_name\" content=\"O Democrata GB\" \/>\n<meta property=\"article:publisher\" content=\"https:\/\/www.facebook.com\/jornaldaguinebissau\" \/>\n<meta property=\"article:published_time\" content=\"2014-03-29T19:30:53+00:00\" \/>\n<meta property=\"article:modified_time\" content=\"2014-10-15T13:40:56+00:00\" \/>\n<meta property=\"og:image\" content=\"https:\/\/www.odemocratagb.com\/wp-content\/uploads\/2014\/03\/desporto-gala.png\" \/>\n\t<meta property=\"og:image:width\" content=\"1181\" \/>\n\t<meta property=\"og:image:height\" content=\"793\" \/>\n\t<meta property=\"og:image:type\" content=\"image\/png\" \/>\n<meta name=\"author\" content=\"Odemocrata\" \/>\n<meta name=\"twitter:card\" content=\"summary_large_image\" \/>\n<meta name=\"twitter:label1\" content=\"Escrito por\" \/>\n\t<meta name=\"twitter:data1\" content=\"Odemocrata\" \/>\n\t<meta name=\"twitter:label2\" content=\"Est. tempo de leitura\" \/>\n\t<meta name=\"twitter:data2\" content=\"5 minutos\" \/>\n<script type=\"application\/ld+json\" class=\"yoast-schema-graph\">{\"@context\":\"https:\\\/\\\/schema.org\",\"@graph\":[{\"@type\":\"Article\",\"@id\":\"https:\\\/\\\/www.odemocratagb.com\\\/?p=382#article\",\"isPartOf\":{\"@id\":\"https:\\\/\\\/www.odemocratagb.com\\\/?p=382\"},\"author\":{\"name\":\"Odemocrata\",\"@id\":\"https:\\\/\\\/www.odemocratagb.com\\\/#\\\/schema\\\/person\\\/83341ea9b3e3844bf5969e519da81487\"},\"headline\":\"BALANTAS RECEBE DEZ MILH\u00d5ES DE FRANCOS CFA E UMA TA\u00c7A\",\"datePublished\":\"2014-03-29T19:30:53+00:00\",\"dateModified\":\"2014-10-15T13:40:56+00:00\",\"mainEntityOfPage\":{\"@id\":\"https:\\\/\\\/www.odemocratagb.com\\\/?p=382\"},\"wordCount\":934,\"commentCount\":0,\"publisher\":{\"@id\":\"https:\\\/\\\/www.odemocratagb.com\\\/#organization\"},\"image\":{\"@id\":\"https:\\\/\\\/www.odemocratagb.com\\\/?p=382#primaryimage\"},\"thumbnailUrl\":\"https:\\\/\\\/www.odemocratagb.com\\\/wp-content\\\/uploads\\\/2014\\\/03\\\/desporto-gala.png\",\"articleSection\":[\"Sa\u00fade P\u00fablica\"],\"inLanguage\":\"pt-BR\",\"potentialAction\":[{\"@type\":\"CommentAction\",\"name\":\"Comment\",\"target\":[\"https:\\\/\\\/www.odemocratagb.com\\\/?p=382#respond\"]}]},{\"@type\":\"WebPage\",\"@id\":\"https:\\\/\\\/www.odemocratagb.com\\\/?p=382\",\"url\":\"https:\\\/\\\/www.odemocratagb.com\\\/?p=382\",\"name\":\"BALANTAS RECEBE DEZ MILH\u00d5ES DE FRANCOS CFA E UMA TA\u00c7A - O Democrata GB\",\"isPartOf\":{\"@id\":\"https:\\\/\\\/www.odemocratagb.com\\\/#website\"},\"primaryImageOfPage\":{\"@id\":\"https:\\\/\\\/www.odemocratagb.com\\\/?p=382#primaryimage\"},\"image\":{\"@id\":\"https:\\\/\\\/www.odemocratagb.com\\\/?p=382#primaryimage\"},\"thumbnailUrl\":\"https:\\\/\\\/www.odemocratagb.com\\\/wp-content\\\/uploads\\\/2014\\\/03\\\/desporto-gala.png\",\"datePublished\":\"2014-03-29T19:30:53+00:00\",\"dateModified\":\"2014-10-15T13:40:56+00:00\",\"breadcrumb\":{\"@id\":\"https:\\\/\\\/www.odemocratagb.com\\\/?p=382#breadcrumb\"},\"inLanguage\":\"pt-BR\",\"potentialAction\":[{\"@type\":\"ReadAction\",\"target\":[\"https:\\\/\\\/www.odemocratagb.com\\\/?p=382\"]}]},{\"@type\":\"ImageObject\",\"inLanguage\":\"pt-BR\",\"@id\":\"https:\\\/\\\/www.odemocratagb.com\\\/?p=382#primaryimage\",\"url\":\"https:\\\/\\\/www.odemocratagb.com\\\/wp-content\\\/uploads\\\/2014\\\/03\\\/desporto-gala.png\",\"contentUrl\":\"https:\\\/\\\/www.odemocratagb.com\\\/wp-content\\\/uploads\\\/2014\\\/03\\\/desporto-gala.png\",\"width\":1181,\"height\":793},{\"@type\":\"BreadcrumbList\",\"@id\":\"https:\\\/\\\/www.odemocratagb.com\\\/?p=382#breadcrumb\",\"itemListElement\":[{\"@type\":\"ListItem\",\"position\":1,\"name\":\"In\u00edcio\",\"item\":\"https:\\\/\\\/www.odemocratagb.com\\\/\"},{\"@type\":\"ListItem\",\"position\":2,\"name\":\"BALANTAS RECEBE DEZ MILH\u00d5ES DE FRANCOS CFA E UMA TA\u00c7A\"}]},{\"@type\":\"WebSite\",\"@id\":\"https:\\\/\\\/www.odemocratagb.com\\\/#website\",\"url\":\"https:\\\/\\\/www.odemocratagb.com\\\/\",\"name\":\"O Democrata GB\",\"description\":\"Jornal O Democrata GB\",\"publisher\":{\"@id\":\"https:\\\/\\\/www.odemocratagb.com\\\/#organization\"},\"potentialAction\":[{\"@type\":\"SearchAction\",\"target\":{\"@type\":\"EntryPoint\",\"urlTemplate\":\"https:\\\/\\\/www.odemocratagb.com\\\/?s={search_term_string}\"},\"query-input\":{\"@type\":\"PropertyValueSpecification\",\"valueRequired\":true,\"valueName\":\"search_term_string\"}}],\"inLanguage\":\"pt-BR\"},{\"@type\":\"Organization\",\"@id\":\"https:\\\/\\\/www.odemocratagb.com\\\/#organization\",\"name\":\"O Democrata GB\",\"url\":\"https:\\\/\\\/www.odemocratagb.com\\\/\",\"logo\":{\"@type\":\"ImageObject\",\"inLanguage\":\"pt-BR\",\"@id\":\"https:\\\/\\\/www.odemocratagb.com\\\/#\\\/schema\\\/logo\\\/image\\\/\",\"url\":\"https:\\\/\\\/www.odemocratagb.com\\\/wp-content\\\/uploads\\\/2026\\\/04\\\/logo-odemocratagb.png\",\"contentUrl\":\"https:\\\/\\\/www.odemocratagb.com\\\/wp-content\\\/uploads\\\/2026\\\/04\\\/logo-odemocratagb.png\",\"width\":1250,\"height\":327,\"caption\":\"O Democrata GB\"},\"image\":{\"@id\":\"https:\\\/\\\/www.odemocratagb.com\\\/#\\\/schema\\\/logo\\\/image\\\/\"},\"sameAs\":[\"https:\\\/\\\/www.facebook.com\\\/jornaldaguinebissau\",\"https:\\\/\\\/www.instagram.com\\\/odemocratagb\"]},{\"@type\":\"Person\",\"@id\":\"https:\\\/\\\/www.odemocratagb.com\\\/#\\\/schema\\\/person\\\/83341ea9b3e3844bf5969e519da81487\",\"name\":\"Odemocrata\",\"image\":{\"@type\":\"ImageObject\",\"inLanguage\":\"pt-BR\",\"@id\":\"https:\\\/\\\/secure.gravatar.com\\\/avatar\\\/2a2cce8193b0afd3b816daa55b3381413945f4bd932fb915d6c9c849dd1b3610?s=96&d=mm&r=g\",\"url\":\"https:\\\/\\\/secure.gravatar.com\\\/avatar\\\/2a2cce8193b0afd3b816daa55b3381413945f4bd932fb915d6c9c849dd1b3610?s=96&d=mm&r=g\",\"contentUrl\":\"https:\\\/\\\/secure.gravatar.com\\\/avatar\\\/2a2cce8193b0afd3b816daa55b3381413945f4bd932fb915d6c9c849dd1b3610?s=96&d=mm&r=g\",\"caption\":\"Odemocrata\"},\"url\":\"https:\\\/\\\/www.odemocratagb.com\\\/?author=1\"}]}<\/script>\n<!-- \/ Yoast SEO plugin. -->","yoast_head_json":{"title":"BALANTAS RECEBE DEZ MILH\u00d5ES DE FRANCOS CFA E UMA TA\u00c7A - O Democrata GB","robots":{"index":"index","follow":"follow","max-snippet":"max-snippet:-1","max-image-preview":"max-image-preview:large","max-video-preview":"max-video-preview:-1"},"canonical":"https:\/\/www.odemocratagb.com\/?p=382","og_locale":"pt_BR","og_type":"article","og_title":"BALANTAS RECEBE DEZ MILH\u00d5ES DE FRANCOS CFA E UMA TA\u00c7A - O Democrata GB","og_description":"A Federa\u00e7\u00e3o Nacional de Futebol da Guin\u00e9-Bissau (FFGB) realizou no \u00faltimo fim-de-semana a t\u00e3o cantada \u201cGala de Premia\u00e7\u00e3o\u201d dos Clubes...","og_url":"https:\/\/www.odemocratagb.com\/?p=382","og_site_name":"O Democrata GB","article_publisher":"https:\/\/www.facebook.com\/jornaldaguinebissau","article_published_time":"2014-03-29T19:30:53+00:00","article_modified_time":"2014-10-15T13:40:56+00:00","og_image":[{"width":1181,"height":793,"url":"https:\/\/www.odemocratagb.com\/wp-content\/uploads\/2014\/03\/desporto-gala.png","type":"image\/png"}],"author":"Odemocrata","twitter_card":"summary_large_image","twitter_misc":{"Escrito por":"Odemocrata","Est. tempo de leitura":"5 minutos"},"schema":{"@context":"https:\/\/schema.org","@graph":[{"@type":"Article","@id":"https:\/\/www.odemocratagb.com\/?p=382#article","isPartOf":{"@id":"https:\/\/www.odemocratagb.com\/?p=382"},"author":{"name":"Odemocrata","@id":"https:\/\/www.odemocratagb.com\/#\/schema\/person\/83341ea9b3e3844bf5969e519da81487"},"headline":"BALANTAS RECEBE DEZ MILH\u00d5ES DE FRANCOS CFA E UMA TA\u00c7A","datePublished":"2014-03-29T19:30:53+00:00","dateModified":"2014-10-15T13:40:56+00:00","mainEntityOfPage":{"@id":"https:\/\/www.odemocratagb.com\/?p=382"},"wordCount":934,"commentCount":0,"publisher":{"@id":"https:\/\/www.odemocratagb.com\/#organization"},"image":{"@id":"https:\/\/www.odemocratagb.com\/?p=382#primaryimage"},"thumbnailUrl":"https:\/\/www.odemocratagb.com\/wp-content\/uploads\/2014\/03\/desporto-gala.png","articleSection":["Sa\u00fade P\u00fablica"],"inLanguage":"pt-BR","potentialAction":[{"@type":"CommentAction","name":"Comment","target":["https:\/\/www.odemocratagb.com\/?p=382#respond"]}]},{"@type":"WebPage","@id":"https:\/\/www.odemocratagb.com\/?p=382","url":"https:\/\/www.odemocratagb.com\/?p=382","name":"BALANTAS RECEBE DEZ MILH\u00d5ES DE FRANCOS CFA E UMA TA\u00c7A - O Democrata GB","isPartOf":{"@id":"https:\/\/www.odemocratagb.com\/#website"},"primaryImageOfPage":{"@id":"https:\/\/www.odemocratagb.com\/?p=382#primaryimage"},"image":{"@id":"https:\/\/www.odemocratagb.com\/?p=382#primaryimage"},"thumbnailUrl":"https:\/\/www.odemocratagb.com\/wp-content\/uploads\/2014\/03\/desporto-gala.png","datePublished":"2014-03-29T19:30:53+00:00","dateModified":"2014-10-15T13:40:56+00:00","breadcrumb":{"@id":"https:\/\/www.odemocratagb.com\/?p=382#breadcrumb"},"inLanguage":"pt-BR","potentialAction":[{"@type":"ReadAction","target":["https:\/\/www.odemocratagb.com\/?p=382"]}]},{"@type":"ImageObject","inLanguage":"pt-BR","@id":"https:\/\/www.odemocratagb.com\/?p=382#primaryimage","url":"https:\/\/www.odemocratagb.com\/wp-content\/uploads\/2014\/03\/desporto-gala.png","contentUrl":"https:\/\/www.odemocratagb.com\/wp-content\/uploads\/2014\/03\/desporto-gala.png","width":1181,"height":793},{"@type":"BreadcrumbList","@id":"https:\/\/www.odemocratagb.com\/?p=382#breadcrumb","itemListElement":[{"@type":"ListItem","position":1,"name":"In\u00edcio","item":"https:\/\/www.odemocratagb.com\/"},{"@type":"ListItem","position":2,"name":"BALANTAS RECEBE DEZ MILH\u00d5ES DE FRANCOS CFA E UMA TA\u00c7A"}]},{"@type":"WebSite","@id":"https:\/\/www.odemocratagb.com\/#website","url":"https:\/\/www.odemocratagb.com\/","name":"O Democrata GB","description":"Jornal O Democrata GB","publisher":{"@id":"https:\/\/www.odemocratagb.com\/#organization"},"potentialAction":[{"@type":"SearchAction","target":{"@type":"EntryPoint","urlTemplate":"https:\/\/www.odemocratagb.com\/?s={search_term_string}"},"query-input":{"@type":"PropertyValueSpecification","valueRequired":true,"valueName":"search_term_string"}}],"inLanguage":"pt-BR"},{"@type":"Organization","@id":"https:\/\/www.odemocratagb.com\/#organization","name":"O Democrata GB","url":"https:\/\/www.odemocratagb.com\/","logo":{"@type":"ImageObject","inLanguage":"pt-BR","@id":"https:\/\/www.odemocratagb.com\/#\/schema\/logo\/image\/","url":"https:\/\/www.odemocratagb.com\/wp-content\/uploads\/2026\/04\/logo-odemocratagb.png","contentUrl":"https:\/\/www.odemocratagb.com\/wp-content\/uploads\/2026\/04\/logo-odemocratagb.png","width":1250,"height":327,"caption":"O Democrata GB"},"image":{"@id":"https:\/\/www.odemocratagb.com\/#\/schema\/logo\/image\/"},"sameAs":["https:\/\/www.facebook.com\/jornaldaguinebissau","https:\/\/www.instagram.com\/odemocratagb"]},{"@type":"Person","@id":"https:\/\/www.odemocratagb.com\/#\/schema\/person\/83341ea9b3e3844bf5969e519da81487","name":"Odemocrata","image":{"@type":"ImageObject","inLanguage":"pt-BR","@id":"https:\/\/secure.gravatar.com\/avatar\/2a2cce8193b0afd3b816daa55b3381413945f4bd932fb915d6c9c849dd1b3610?s=96&d=mm&r=g","url":"https:\/\/secure.gravatar.com\/avatar\/2a2cce8193b0afd3b816daa55b3381413945f4bd932fb915d6c9c849dd1b3610?s=96&d=mm&r=g","contentUrl":"https:\/\/secure.gravatar.com\/avatar\/2a2cce8193b0afd3b816daa55b3381413945f4bd932fb915d6c9c849dd1b3610?s=96&d=mm&r=g","caption":"Odemocrata"},"url":"https:\/\/www.odemocratagb.com\/?author=1"}]}},"_links":{"self":[{"href":"https:\/\/www.odemocratagb.com\/index.php?rest_route=\/wp\/v2\/posts\/382","targetHints":{"allow":["GET"]}}],"collection":[{"href":"https:\/\/www.odemocratagb.com\/index.php?rest_route=\/wp\/v2\/posts"}],"about":[{"href":"https:\/\/www.odemocratagb.com\/index.php?rest_route=\/wp\/v2\/types\/post"}],"author":[{"embeddable":true,"href":"https:\/\/www.odemocratagb.com\/index.php?rest_route=\/wp\/v2\/users\/1"}],"replies":[{"embeddable":true,"href":"https:\/\/www.odemocratagb.com\/index.php?rest_route=%2Fwp%2Fv2%2Fcomments&post=382"}],"version-history":[{"count":2,"href":"https:\/\/www.odemocratagb.com\/index.php?rest_route=\/wp\/v2\/posts\/382\/revisions"}],"predecessor-version":[{"id":564,"href":"https:\/\/www.odemocratagb.com\/index.php?rest_route=\/wp\/v2\/posts\/382\/revisions\/564"}],"wp:featuredmedia":[{"embeddable":true,"href":"https:\/\/www.odemocratagb.com\/index.php?rest_route=\/wp\/v2\/media\/383"}],"wp:attachment":[{"href":"https:\/\/www.odemocratagb.com\/index.php?rest_route=%2Fwp%2Fv2%2Fmedia&parent=382"}],"wp:term":[{"taxonomy":"category","embeddable":true,"href":"https:\/\/www.odemocratagb.com\/index.php?rest_route=%2Fwp%2Fv2%2Fcategories&post=382"},{"taxonomy":"post_tag","embeddable":true,"href":"https:\/\/www.odemocratagb.com\/index.php?rest_route=%2Fwp%2Fv2%2Ftags&post=382"}],"curies":[{"name":"wp","href":"https:\/\/api.w.org\/{rel}","templated":true}]}}