{"id":38942,"date":"2022-07-02T21:23:05","date_gmt":"2022-07-02T21:23:05","guid":{"rendered":"https:\/\/www.odemocratagb.com\/?p=38942"},"modified":"2022-07-02T21:23:07","modified_gmt":"2022-07-02T21:23:07","slug":"governo-de-iniciativa-presidencial-conheca-percurso-academico-e-politico-da-equipa-governamental","status":"publish","type":"post","link":"https:\/\/www.odemocratagb.com\/?p=38942","title":{"rendered":"Governo de iniciativa presidencial: CONHE\u00c7A PERCURSO ACAD\u00c9MICO E POL\u00cdTICO DA EQUIPA GOVERNAMENTAL\u00a0"},"content":{"rendered":"\n<p class=\"wp-block-paragraph\">Conhe\u00e7a o percurso acad\u00e9mico e pol\u00edtico dos membros do governo da iniciativa presidencial formado maioritariamente por elementos de partidos que constitu\u00edam a coliga\u00e7\u00e3o governamental que apoiava o anterior governo. A nova equipa governamental anunciada no passado dia 09 de junho de 2022, atrav\u00e9s do decreto presidencial n\u00b027\/2022, \u00e9 constitu\u00edda por 35 membros: 24 ministros e 11 Secret\u00e1rios de Estado.<\/p>\n\n\n\n<p class=\"wp-block-paragraph\">Este \u00e9 um exerc\u00edcio jornal\u00edstico da reda\u00e7\u00e3o do Jornal O Democrata iniciado em 2014 com o governo da nona legislatura.<\/p>\n\n\n\n<p class=\"wp-block-paragraph\"><strong>MINIST\u00c9RIOS<\/strong><\/p>\n\n\n\n<p class=\"wp-block-paragraph\"><strong>Soares Samb\u00fa<\/strong><\/p>\n\n\n\n<figure class=\"wp-block-image size-full\"><a href=\"https:\/\/www.odemocratagb.com\/wp-content\/uploads\/2022\/06\/1.-Soares-Sambu_Vice_PM.jpg\"><img loading=\"lazy\" decoding=\"async\" width=\"494\" height=\"478\" src=\"https:\/\/www.odemocratagb.com\/wp-content\/uploads\/2022\/06\/1.-Soares-Sambu_Vice_PM.jpg\" alt=\"\" class=\"wp-image-38866\" srcset=\"https:\/\/www.odemocratagb.com\/wp-content\/uploads\/2022\/06\/1.-Soares-Sambu_Vice_PM.jpg 494w, https:\/\/www.odemocratagb.com\/wp-content\/uploads\/2022\/06\/1.-Soares-Sambu_Vice_PM-300x290.jpg 300w\" sizes=\"auto, (max-width: 494px) 100vw, 494px\" \/><\/a><\/figure>\n\n\n\n<p class=\"wp-block-paragraph\"><strong>Vice-Primeiro-ministro e Ministro da Presid\u00eancia do Conselho de Ministros e Assuntos Parlamentares, Coordenador para \u00c1rea Econ\u00f3mica:<\/strong><\/p>\n\n\n\n<p class=\"wp-block-paragraph\">Engenheiro de forma\u00e7\u00e3o. Ingressou na carreia pol\u00edtica filiando-se no Partido Africano da Independ\u00eancia da Guin\u00e9 e Cabo Verde&nbsp;(PAIGC), na&nbsp;d\u00e9cada de 1990. Deputado h\u00e1 quase 20 anos e sempre pela lista do PAIGC, nas \u00faltimas elei\u00e7\u00f5es legislativas, Soares Samb\u00fa foi eleito pela lista do MADEM. Chegou ao cargo de primeiro vice-presidente da Assembleia Nacional Popular na segunda legislatura multipartid\u00e1ria, em 1999. Ocupou o cargo do Ministro dos Neg\u00f3cios Estrangeiros e da Coopera\u00e7\u00e3o Internacional.&nbsp;Foi ministro dos Recursos Naturais e do Meio Ambiente no governo de&nbsp;Martinho Ndafa Kabi, em 2007. Desempenhou tamb\u00e9m a fun\u00e7\u00e3o do ministro da Economia e da integra\u00e7\u00e3o regional, em 2013. Em 2016 voltou a ocupar a pasta dos Neg\u00f3cios Estrangeiros, da Coopera\u00e7\u00e3o Internacional e das Comunidades. Foi ministro de Estado, da presid\u00eancia do Conselho de Ministros e Assuntos Parlamentares. Vice-Primeiro-ministro e da Presid\u00eancia do Conselho de Ministros e Assuntos Parlamentares, Coordenador para \u00c1rea Econ\u00f3mica e reconduzido para exercer a mesma fun\u00e7\u00e3o.<\/p>\n\n\n\n<hr class=\"wp-block-separator has-alpha-channel-opacity\"\/>\n\n\n\n<p class=\"wp-block-paragraph\"><strong>Suzi Carla Barbosa<\/strong><\/p>\n\n\n\n<figure class=\"wp-block-image size-large\"><a href=\"https:\/\/www.odemocratagb.com\/wp-content\/uploads\/2022\/06\/2.-Suzy-Barbosa_MNE-scaled.jpg\"><img loading=\"lazy\" decoding=\"async\" width=\"973\" height=\"1024\" src=\"https:\/\/www.odemocratagb.com\/wp-content\/uploads\/2022\/06\/2.-Suzy-Barbosa_MNE-973x1024.jpg\" alt=\"\" class=\"wp-image-38868\" srcset=\"https:\/\/www.odemocratagb.com\/wp-content\/uploads\/2022\/06\/2.-Suzy-Barbosa_MNE-973x1024.jpg 973w, https:\/\/www.odemocratagb.com\/wp-content\/uploads\/2022\/06\/2.-Suzy-Barbosa_MNE-285x300.jpg 285w, https:\/\/www.odemocratagb.com\/wp-content\/uploads\/2022\/06\/2.-Suzy-Barbosa_MNE-768x808.jpg 768w, https:\/\/www.odemocratagb.com\/wp-content\/uploads\/2022\/06\/2.-Suzy-Barbosa_MNE-1459x1536.jpg 1459w, https:\/\/www.odemocratagb.com\/wp-content\/uploads\/2022\/06\/2.-Suzy-Barbosa_MNE-1945x2048.jpg 1945w, https:\/\/www.odemocratagb.com\/wp-content\/uploads\/2022\/06\/2.-Suzy-Barbosa_MNE-1230x1295.jpg 1230w\" sizes=\"auto, (max-width: 973px) 100vw, 973px\" \/><\/a><\/figure>\n\n\n\n<p class=\"wp-block-paragraph\"><strong>Ministra de Estado, dos Neg\u00f3cios Estrangeiros, Coopera\u00e7\u00e3o Internacional e das Comunidades:<\/strong><\/p>\n\n\n\n<p class=\"wp-block-paragraph\">Nasceu no dia 05 de Julho de 1973. Licenciada -1992\/1996, em Rela\u00e7\u00f5es Internacionais, especializou-se em Diplomacia Africana, pelo Instituto Superior de Gest\u00e3o e Economia de Lisboa \u2013 Portugal. Foi distinguida com o pr\u00e9mio &#8220;Humanit\u00e1rio Pan-Africano&#8221; no dom\u00ednio da Lideran\u00e7a Social e Advocacia de G\u00e9nero, Pan African Award on Social Leadership &amp; Gender Advocay, tornando-se a primeira personalidade guineense a receber uma distin\u00e7\u00e3o nesta categoria, em 2017. Dirigente do PAIGC e eleita deputada da na\u00e7\u00e3o na nona legislatura, foi reeleita deputada na d\u00e9cima legislatura. Foi Secret\u00e1ria de Estado da Coopera\u00e7\u00e3o Internacional e Comunidades, em 2015. Ocupou pela primeira vez a pasta dos Neg\u00f3cios Estrangeiros no governo do PAIGC, dirigido por Aristides Gomes, acabando por se demitir invocando raz\u00f5es pol\u00edticas e pessoais. Foi chamada para exercer a mesma fun\u00e7\u00e3o no ent\u00e3o governo formado por uma nova maioria parlamentar e dirigido pelo Eng. Nuno Gomes Nabiam. Ocupa pela terceira vez a pasta dos Neg\u00f3cios Estrangeiros e mantendo o t\u00edtulo da Ministra de Estado dos Neg\u00f3cios Estrangeiros, Coopera\u00e7\u00e3o Internacional e das Comunidades.<\/p>\n\n\n\n<hr class=\"wp-block-separator has-alpha-channel-opacity\"\/>\n\n\n\n<p class=\"wp-block-paragraph\"><strong>Botche Cand\u00e9<\/strong><\/p>\n\n\n\n<figure class=\"wp-block-image size-large\"><a href=\"https:\/\/www.odemocratagb.com\/wp-content\/uploads\/2022\/06\/3.-Botche-Conde_Ministro-Interior.jpg\"><img loading=\"lazy\" decoding=\"async\" width=\"1024\" height=\"902\" src=\"https:\/\/www.odemocratagb.com\/wp-content\/uploads\/2022\/06\/3.-Botche-Conde_Ministro-Interior-1024x902.jpg\" alt=\"\" class=\"wp-image-38870\" srcset=\"https:\/\/www.odemocratagb.com\/wp-content\/uploads\/2022\/06\/3.-Botche-Conde_Ministro-Interior-1024x902.jpg 1024w, https:\/\/www.odemocratagb.com\/wp-content\/uploads\/2022\/06\/3.-Botche-Conde_Ministro-Interior-300x264.jpg 300w, https:\/\/www.odemocratagb.com\/wp-content\/uploads\/2022\/06\/3.-Botche-Conde_Ministro-Interior-768x676.jpg 768w, https:\/\/www.odemocratagb.com\/wp-content\/uploads\/2022\/06\/3.-Botche-Conde_Ministro-Interior-1536x1353.jpg 1536w, https:\/\/www.odemocratagb.com\/wp-content\/uploads\/2022\/06\/3.-Botche-Conde_Ministro-Interior-2048x1804.jpg 2048w, https:\/\/www.odemocratagb.com\/wp-content\/uploads\/2022\/06\/3.-Botche-Conde_Ministro-Interior-1230x1083.jpg 1230w\" sizes=\"auto, (max-width: 1024px) 100vw, 1024px\" \/><\/a><\/figure>\n\n\n\n<p class=\"wp-block-paragraph\"><strong>Ministro de Estado, do Interior e da Ordem P\u00fablica:<\/strong><\/p>\n\n\n\n<p class=\"wp-block-paragraph\">Nasceu a 18 de Julho de 1955. Iniciou os seus estudos prim\u00e1rios que interrompeu ap\u00f3s o falecimento do pai. Foi dirigente e dissidente do PAIGC. Eleito deputado da na\u00e7\u00e3o v\u00e1rias vezes, na d\u00e9cima legislatura foi eleito deputado na lista do PRS. Decidiu fundar o seu pr\u00f3prio partido \u2013 Partido de Trabalhador Guineense (PTG) para continuar a sua luta pol\u00edtica. Em 2001 foi nomeado ministro de Estado e Conselheiro para Assuntos Religiosos do Presidente da Rep\u00fablica Koumba Yal\u00e1. De 2002 a 2003, foi ministro de Com\u00e9rcio, Ind\u00fastria, Turismo e Artesanato. Em 2009, \u00e9 nomeado novamente ministro de Com\u00e9rcio, Ind\u00fastria, Turismo e Artesanato. Fez parte do elenco de Baciro Dj\u00e1 como Ministro de Estado do Interior. No governo de \u00damaro Sissoco Embal\u00f3 exerceu as mesmas fun\u00e7\u00f5es. Exerceu as fun\u00e7\u00f5es de Alto Comiss\u00e1rio para a peregrina\u00e7\u00e3o a cidade santa de Meca (Ar\u00e1bia Saudita) e foi tamb\u00e9m Conselheiro Especial para assuntos da Defesa, da Seguran\u00e7a interna e externa do antigo Presidente Jos\u00e9 M\u00e1rio Vaz. Ocupou a pasta do Interior no governo de Nuno Gomes Nabian e voltou a ser nomeado na remodela\u00e7\u00e3o governamental para ocupar a mesma fun\u00e7\u00e3o e refor\u00e7ado com o t\u00edtulo de ministro do Estado. Ocupa a mesma fun\u00e7\u00e3o pela quarta vez e mantendo o t\u00edtulo do ministro do Estado do Interior e da Ordem P\u00fablica.<\/p>\n\n\n\n<hr class=\"wp-block-separator has-alpha-channel-opacity\"\/>\n\n\n\n<p class=\"wp-block-paragraph\"><strong>Marciano Silva Barbeiro<\/strong><\/p>\n\n\n\n<figure class=\"wp-block-image size-large\"><a href=\"https:\/\/www.odemocratagb.com\/wp-content\/uploads\/2022\/06\/4.-Marciano-Silva-Barbeiros_Ministro-de-Defesa.jpg\"><img loading=\"lazy\" decoding=\"async\" width=\"1024\" height=\"999\" src=\"https:\/\/www.odemocratagb.com\/wp-content\/uploads\/2022\/06\/4.-Marciano-Silva-Barbeiros_Ministro-de-Defesa-1024x999.jpg\" alt=\"\" class=\"wp-image-38872\" srcset=\"https:\/\/www.odemocratagb.com\/wp-content\/uploads\/2022\/06\/4.-Marciano-Silva-Barbeiros_Ministro-de-Defesa-1024x999.jpg 1024w, https:\/\/www.odemocratagb.com\/wp-content\/uploads\/2022\/06\/4.-Marciano-Silva-Barbeiros_Ministro-de-Defesa-300x293.jpg 300w, https:\/\/www.odemocratagb.com\/wp-content\/uploads\/2022\/06\/4.-Marciano-Silva-Barbeiros_Ministro-de-Defesa-768x749.jpg 768w, https:\/\/www.odemocratagb.com\/wp-content\/uploads\/2022\/06\/4.-Marciano-Silva-Barbeiros_Ministro-de-Defesa-1536x1498.jpg 1536w, https:\/\/www.odemocratagb.com\/wp-content\/uploads\/2022\/06\/4.-Marciano-Silva-Barbeiros_Ministro-de-Defesa-1230x1200.jpg 1230w, https:\/\/www.odemocratagb.com\/wp-content\/uploads\/2022\/06\/4.-Marciano-Silva-Barbeiros_Ministro-de-Defesa.jpg 1955w\" sizes=\"auto, (max-width: 1024px) 100vw, 1024px\" \/><\/a><\/figure>\n\n\n\n<p class=\"wp-block-paragraph\"><strong>Ministro de Estado, da Defesa e Combatentes da Liberdade da P\u00e1tria:<\/strong><\/p>\n\n\n\n<p class=\"wp-block-paragraph\">Nasceu a 20 de Outubro de 1957, em Bissau. Quadro do Minist\u00e9rio da Educa\u00e7\u00e3o, t\u00e9cnico de Constru\u00e7\u00e3o Civil e com especializa\u00e7\u00e3o em constru\u00e7\u00f5es escolares. Foi dirigente e membro do Comit\u00e9 Central do PAIGC e eleito deputado v\u00e1rias vezes, deixou o partido libertador e foi juntamente com outros dissidentes do PAIGC fundar o Movimento para a Altern\u00e2ncia Democr\u00e1tica (MADEM). Na 10\u00aa legislatura foi eleito deputado na lista do MADEM. Foi membro de governo v\u00e1rias vezes, com destaque para as pastas da defesa, de 2007 a 2009. Desempenhou igualmente a fun\u00e7\u00e3o de ministro das Obras P\u00fablicas, Habita\u00e7\u00e3o e Urbanismo. Foi Presidente da Comiss\u00e3o de Pilotagem da Reforma no Setor da Defesa e Seguran\u00e7a. Desempenhou a fun\u00e7\u00e3o do Chefe da Casa Civil da Presid\u00eancia da Rep\u00fablica, de 2014 a 2016. Na remodela\u00e7\u00e3o governamental do ent\u00e3o governo da coliga\u00e7\u00e3o, foi chamado a exercer a fun\u00e7\u00e3o de ministro de Estado da Agricultura e Desenvolvimento Rural e desta vez vai ocupar a pasta da defesa nacional, onde tinha passado.<\/p>\n\n\n\n<hr class=\"wp-block-separator has-alpha-channel-opacity\"\/>\n\n\n\n<p class=\"wp-block-paragraph\"><strong>Dion\u00edsio Cabi<\/strong><\/p>\n\n\n\n<figure class=\"wp-block-image size-large\"><a href=\"https:\/\/www.odemocratagb.com\/wp-content\/uploads\/2022\/06\/5.-Dionisio-Cabi_Ministro-dos-Recursos-Naturais-scaled.jpg\"><img loading=\"lazy\" decoding=\"async\" width=\"939\" height=\"1024\" src=\"https:\/\/www.odemocratagb.com\/wp-content\/uploads\/2022\/06\/5.-Dionisio-Cabi_Ministro-dos-Recursos-Naturais-939x1024.jpg\" alt=\"\" class=\"wp-image-38874\" srcset=\"https:\/\/www.odemocratagb.com\/wp-content\/uploads\/2022\/06\/5.-Dionisio-Cabi_Ministro-dos-Recursos-Naturais-939x1024.jpg 939w, https:\/\/www.odemocratagb.com\/wp-content\/uploads\/2022\/06\/5.-Dionisio-Cabi_Ministro-dos-Recursos-Naturais-275x300.jpg 275w, https:\/\/www.odemocratagb.com\/wp-content\/uploads\/2022\/06\/5.-Dionisio-Cabi_Ministro-dos-Recursos-Naturais-768x838.jpg 768w, https:\/\/www.odemocratagb.com\/wp-content\/uploads\/2022\/06\/5.-Dionisio-Cabi_Ministro-dos-Recursos-Naturais-1408x1536.jpg 1408w, https:\/\/www.odemocratagb.com\/wp-content\/uploads\/2022\/06\/5.-Dionisio-Cabi_Ministro-dos-Recursos-Naturais-1878x2048.jpg 1878w, https:\/\/www.odemocratagb.com\/wp-content\/uploads\/2022\/06\/5.-Dionisio-Cabi_Ministro-dos-Recursos-Naturais-1230x1341.jpg 1230w\" sizes=\"auto, (max-width: 939px) 100vw, 939px\" \/><\/a><\/figure>\n\n\n\n<p class=\"wp-block-paragraph\"><strong>Ministro dos Recursos Naturais<\/strong><\/p>\n\n\n\n<p class=\"wp-block-paragraph\">indisponivel!<\/p>\n\n\n\n<hr class=\"wp-block-separator has-alpha-channel-opacity\"\/>\n\n\n\n<p class=\"wp-block-paragraph\"><strong>General Sandji Fati<\/strong><\/p>\n\n\n\n<figure class=\"wp-block-image size-large\"><a href=\"https:\/\/www.odemocratagb.com\/wp-content\/uploads\/2022\/06\/6.-Sandji-Fati_Ministro-de-Agricultura.jpg\"><img loading=\"lazy\" decoding=\"async\" width=\"1024\" height=\"972\" src=\"https:\/\/www.odemocratagb.com\/wp-content\/uploads\/2022\/06\/6.-Sandji-Fati_Ministro-de-Agricultura-1024x972.jpg\" alt=\"\" class=\"wp-image-38876\" srcset=\"https:\/\/www.odemocratagb.com\/wp-content\/uploads\/2022\/06\/6.-Sandji-Fati_Ministro-de-Agricultura-1024x972.jpg 1024w, https:\/\/www.odemocratagb.com\/wp-content\/uploads\/2022\/06\/6.-Sandji-Fati_Ministro-de-Agricultura-300x285.jpg 300w, https:\/\/www.odemocratagb.com\/wp-content\/uploads\/2022\/06\/6.-Sandji-Fati_Ministro-de-Agricultura-768x729.jpg 768w, https:\/\/www.odemocratagb.com\/wp-content\/uploads\/2022\/06\/6.-Sandji-Fati_Ministro-de-Agricultura-1536x1459.jpg 1536w, https:\/\/www.odemocratagb.com\/wp-content\/uploads\/2022\/06\/6.-Sandji-Fati_Ministro-de-Agricultura-1230x1168.jpg 1230w, https:\/\/www.odemocratagb.com\/wp-content\/uploads\/2022\/06\/6.-Sandji-Fati_Ministro-de-Agricultura.jpg 2005w\" sizes=\"auto, (max-width: 1024px) 100vw, 1024px\" \/><\/a><\/figure>\n\n\n\n<p class=\"wp-block-paragraph\"><strong>Ministro da Agricultura e Desenvolvimento Rural:<\/strong><\/p>\n\n\n\n<p class=\"wp-block-paragraph\">Nasceu a 08 de Agosto de 1956, em Bissau. Combatente da Liberdade da P\u00e1tria, dirigente de MADEM. Fez o curso do Estado-Maior no ano 1992\/1993, em Portugal. Mestrado em ci\u00eancia militar (academia), em inter-ramos (Marinha, For\u00e7a A\u00e9rea, Ex\u00e9rcito e Guarda Nacional), em 1993\/1994, na Escola de Guerra em Fran\u00e7a. Oficial p\u00e1ra-quedista em 1996, na Escola Aerotransportadora da cidade de Pau (Fran\u00e7a). Licenciado em Direito na Faculdade de Direito de Bissau, em 2003. Fez uma forma\u00e7\u00e3o de gest\u00e3o de projetos nos Estados Unidos de Am\u00e9rica. Mestrando em direito constitucional na Faculdade de Direito de Lisboa. Foi ministro da Educa\u00e7\u00e3o Nacional, ocupou tamb\u00e9m a pasta da Defesa e Combatentes da Liberdade da P\u00e1tria no ent\u00e3o executivo da coliga\u00e7\u00e3o governamental e \u00e9 nomeado no governo da iniciativa presidencial para dirigir a pasta de Agricultura.&nbsp;<\/p>\n\n\n\n<hr class=\"wp-block-separator has-alpha-channel-opacity\"\/>\n\n\n\n<p class=\"wp-block-paragraph\"><strong>Orlando Mendes Viegas<\/strong><\/p>\n\n\n\n<figure class=\"wp-block-image size-large\"><a href=\"https:\/\/www.odemocratagb.com\/wp-content\/uploads\/2022\/06\/7.-Orlando-Mendes-Vieigas_Ministro-das-Pescas.jpg\"><img loading=\"lazy\" decoding=\"async\" width=\"1013\" height=\"1024\" src=\"https:\/\/www.odemocratagb.com\/wp-content\/uploads\/2022\/06\/7.-Orlando-Mendes-Vieigas_Ministro-das-Pescas-1013x1024.jpg\" alt=\"\" class=\"wp-image-38878\" srcset=\"https:\/\/www.odemocratagb.com\/wp-content\/uploads\/2022\/06\/7.-Orlando-Mendes-Vieigas_Ministro-das-Pescas-1013x1024.jpg 1013w, https:\/\/www.odemocratagb.com\/wp-content\/uploads\/2022\/06\/7.-Orlando-Mendes-Vieigas_Ministro-das-Pescas-297x300.jpg 297w, https:\/\/www.odemocratagb.com\/wp-content\/uploads\/2022\/06\/7.-Orlando-Mendes-Vieigas_Ministro-das-Pescas-768x777.jpg 768w, https:\/\/www.odemocratagb.com\/wp-content\/uploads\/2022\/06\/7.-Orlando-Mendes-Vieigas_Ministro-das-Pescas-1519x1536.jpg 1519w, https:\/\/www.odemocratagb.com\/wp-content\/uploads\/2022\/06\/7.-Orlando-Mendes-Vieigas_Ministro-das-Pescas-1230x1244.jpg 1230w, https:\/\/www.odemocratagb.com\/wp-content\/uploads\/2022\/06\/7.-Orlando-Mendes-Vieigas_Ministro-das-Pescas-100x100.jpg 100w, https:\/\/www.odemocratagb.com\/wp-content\/uploads\/2022\/06\/7.-Orlando-Mendes-Vieigas_Ministro-das-Pescas.jpg 1867w\" sizes=\"auto, (max-width: 1013px) 100vw, 1013px\" \/><\/a><\/figure>\n\n\n\n<p class=\"wp-block-paragraph\"><strong>Ministro das Pescas:<\/strong><\/p>\n\n\n\n<p class=\"wp-block-paragraph\">Nasceu a 26 de Junho de 1960, em Cati\u00f3, Regi\u00e3o de Tombali. \u00c9 licenciado em Ci\u00eancias Agro-Econ\u00f3micas pela Universidade Agr\u00e1ria Estatal de Taskente (Ex-URSS), em 1992. Fez ainda o curso de pesquisa de extens\u00e3o de sistema de produ\u00e7\u00e3o Agro-pecu\u00e1ria. Dirigente e membro da Comiss\u00e3o Executiva do PRS. Foi presidente da C\u00e2mara Municipal de Bissau, em 2002\/2003. Foi diretor-geral das alf\u00e2ndegas. Exerceu v\u00e1rias vezes cargos ministeriais, com destaque para as pastas de Secret\u00e1rio de Estado do Tesouro no governo liderado por Baciro Dja, ministro dos Transportes e das Telecomunica\u00e7\u00f5es e ministro das Pescas. Na remodela\u00e7\u00e3o governamental do governo de coliga\u00e7\u00e3o foi nomeado ministro de Estado dos Recursos Naturais e Energia, portanto vai agora dirigir a pasta de Pescas.<\/p>\n\n\n\n<hr class=\"wp-block-separator has-alpha-channel-opacity\"\/>\n\n\n\n<p class=\"wp-block-paragraph\"><strong>Fernando Gomes<\/strong><\/p>\n\n\n\n<figure class=\"wp-block-image size-large\"><a href=\"https:\/\/www.odemocratagb.com\/wp-content\/uploads\/2022\/06\/8.-Fernando-Gomes_Ministro-de-Administracao-Territorial-e-Poder-Local.jpg\"><img loading=\"lazy\" decoding=\"async\" width=\"1024\" height=\"1015\" src=\"https:\/\/www.odemocratagb.com\/wp-content\/uploads\/2022\/06\/8.-Fernando-Gomes_Ministro-de-Administracao-Territorial-e-Poder-Local-1024x1015.jpg\" alt=\"\" class=\"wp-image-38880\" srcset=\"https:\/\/www.odemocratagb.com\/wp-content\/uploads\/2022\/06\/8.-Fernando-Gomes_Ministro-de-Administracao-Territorial-e-Poder-Local-1024x1015.jpg 1024w, https:\/\/www.odemocratagb.com\/wp-content\/uploads\/2022\/06\/8.-Fernando-Gomes_Ministro-de-Administracao-Territorial-e-Poder-Local-300x297.jpg 300w, https:\/\/www.odemocratagb.com\/wp-content\/uploads\/2022\/06\/8.-Fernando-Gomes_Ministro-de-Administracao-Territorial-e-Poder-Local-150x150.jpg 150w, https:\/\/www.odemocratagb.com\/wp-content\/uploads\/2022\/06\/8.-Fernando-Gomes_Ministro-de-Administracao-Territorial-e-Poder-Local-768x761.jpg 768w, https:\/\/www.odemocratagb.com\/wp-content\/uploads\/2022\/06\/8.-Fernando-Gomes_Ministro-de-Administracao-Territorial-e-Poder-Local-1536x1523.jpg 1536w, https:\/\/www.odemocratagb.com\/wp-content\/uploads\/2022\/06\/8.-Fernando-Gomes_Ministro-de-Administracao-Territorial-e-Poder-Local-1230x1219.jpg 1230w, https:\/\/www.odemocratagb.com\/wp-content\/uploads\/2022\/06\/8.-Fernando-Gomes_Ministro-de-Administracao-Territorial-e-Poder-Local-100x100.jpg 100w, https:\/\/www.odemocratagb.com\/wp-content\/uploads\/2022\/06\/8.-Fernando-Gomes_Ministro-de-Administracao-Territorial-e-Poder-Local.jpg 1982w\" sizes=\"auto, (max-width: 1024px) 100vw, 1024px\" \/><\/a><\/figure>\n\n\n\n<p class=\"wp-block-paragraph\"><strong>Ministro da Administra\u00e7\u00e3o Territorial e do Poder Local:<\/strong><\/p>\n\n\n\n<p class=\"wp-block-paragraph\">Nasceu no dia 03 de dezembro de 1959, em Caboxanque, sul da Guin\u00e9-Bissau. Licenciou-se em Direito pela Universidade Estadual Pushkin Leningrado (R\u00fassia). Na mesma universidade, concluiu o mestrado em direito, em 1987. Mais tarde (1990) conseguiu PhD em Filosofia e Jurisprud\u00eancia. Jurista e advogado de profiss\u00e3o. Fundador e primeiro presidente da Liga Guineense dos Direitos Humanos. \u00c9 autor de diversos artigos sobre Direitos Humanos no Continente Africano. Foi candidato \u00e0s elei\u00e7\u00f5es presidenciais de 1999. Foi eleito deputado da na\u00e7\u00e3o em 2004, pela Alian\u00e7a Popular Unida(APU) e mais tarde deixou aquela forma\u00e7\u00e3o pol\u00edtica para se integrar no PAIGC. Foi ministro da funda\u00e7\u00e3o p\u00fablica e depois ocupou a pasta do Interior no governo de Carlos Gomes J\u00fanior. Com a elei\u00e7\u00e3o de Presidente Embal\u00f3, foi nomeado Procurador-Geral da Rep\u00fablica. Depois de ter sido &nbsp;demitido dessa fun\u00e7\u00e3o, o chefe de Estado &nbsp;nomeou- o para o seu Conselheiro Especial. Foi chamado agora para exercer a fun\u00e7\u00e3o de ministro de Administra\u00e7\u00e3o Territorial e Poder Local.&nbsp;<\/p>\n\n\n\n<hr class=\"wp-block-separator has-alpha-channel-opacity\"\/>\n\n\n\n<p class=\"wp-block-paragraph\"><strong>Alexandrina da Silva &nbsp;&nbsp;&nbsp;&nbsp;&nbsp;&nbsp;&nbsp;&nbsp;<\/strong><\/p>\n\n\n\n<p class=\"wp-block-paragraph\"><strong>&nbsp;&nbsp;&nbsp;&nbsp;&nbsp;&nbsp;&nbsp;&nbsp;&nbsp;&nbsp;&nbsp;&nbsp;&nbsp;<\/strong><\/p>\n\n\n\n<figure class=\"wp-block-image size-large\"><a href=\"https:\/\/www.odemocratagb.com\/wp-content\/uploads\/2022\/06\/9.-Teresa-Alexandrina-da-Silva_Ministra-da-Justica-e-Direitos-Humanos.jpg\"><img loading=\"lazy\" decoding=\"async\" width=\"947\" height=\"1024\" src=\"https:\/\/www.odemocratagb.com\/wp-content\/uploads\/2022\/06\/9.-Teresa-Alexandrina-da-Silva_Ministra-da-Justica-e-Direitos-Humanos-947x1024.jpg\" alt=\"\" class=\"wp-image-38882\" srcset=\"https:\/\/www.odemocratagb.com\/wp-content\/uploads\/2022\/06\/9.-Teresa-Alexandrina-da-Silva_Ministra-da-Justica-e-Direitos-Humanos-947x1024.jpg 947w, https:\/\/www.odemocratagb.com\/wp-content\/uploads\/2022\/06\/9.-Teresa-Alexandrina-da-Silva_Ministra-da-Justica-e-Direitos-Humanos-277x300.jpg 277w, https:\/\/www.odemocratagb.com\/wp-content\/uploads\/2022\/06\/9.-Teresa-Alexandrina-da-Silva_Ministra-da-Justica-e-Direitos-Humanos-768x831.jpg 768w, https:\/\/www.odemocratagb.com\/wp-content\/uploads\/2022\/06\/9.-Teresa-Alexandrina-da-Silva_Ministra-da-Justica-e-Direitos-Humanos-1420x1536.jpg 1420w, https:\/\/www.odemocratagb.com\/wp-content\/uploads\/2022\/06\/9.-Teresa-Alexandrina-da-Silva_Ministra-da-Justica-e-Direitos-Humanos-1230x1330.jpg 1230w, https:\/\/www.odemocratagb.com\/wp-content\/uploads\/2022\/06\/9.-Teresa-Alexandrina-da-Silva_Ministra-da-Justica-e-Direitos-Humanos.jpg 1705w\" sizes=\"auto, (max-width: 947px) 100vw, 947px\" \/><\/a><\/figure>\n\n\n\n<p class=\"wp-block-paragraph\"><strong>Ministra da Justi\u00e7a e Direitos Humanos:<\/strong><\/p>\n\n\n\n<p class=\"wp-block-paragraph\">Indispon\u00edvel<strong>!<\/strong><\/p>\n\n\n\n<hr class=\"wp-block-separator has-alpha-channel-opacity\"\/>\n\n\n\n<p class=\"wp-block-paragraph\"><strong>Augusto Poquena<\/strong><\/p>\n\n\n\n<figure class=\"wp-block-image size-large\"><a href=\"https:\/\/www.odemocratagb.com\/wp-content\/uploads\/2022\/06\/10.-Augusto-Poquena_Ministro-das-Pescas-e-Industria-scaled.jpg\"><img loading=\"lazy\" decoding=\"async\" width=\"1024\" height=\"683\" src=\"https:\/\/www.odemocratagb.com\/wp-content\/uploads\/2022\/06\/10.-Augusto-Poquena_Ministro-das-Pescas-e-Industria-1024x683.jpg\" alt=\"\" class=\"wp-image-38884\" srcset=\"https:\/\/www.odemocratagb.com\/wp-content\/uploads\/2022\/06\/10.-Augusto-Poquena_Ministro-das-Pescas-e-Industria-1024x683.jpg 1024w, https:\/\/www.odemocratagb.com\/wp-content\/uploads\/2022\/06\/10.-Augusto-Poquena_Ministro-das-Pescas-e-Industria-300x200.jpg 300w, https:\/\/www.odemocratagb.com\/wp-content\/uploads\/2022\/06\/10.-Augusto-Poquena_Ministro-das-Pescas-e-Industria-768x512.jpg 768w, https:\/\/www.odemocratagb.com\/wp-content\/uploads\/2022\/06\/10.-Augusto-Poquena_Ministro-das-Pescas-e-Industria-1536x1025.jpg 1536w, https:\/\/www.odemocratagb.com\/wp-content\/uploads\/2022\/06\/10.-Augusto-Poquena_Ministro-das-Pescas-e-Industria-2048x1367.jpg 2048w, https:\/\/www.odemocratagb.com\/wp-content\/uploads\/2022\/06\/10.-Augusto-Poquena_Ministro-das-Pescas-e-Industria-1230x821.jpg 1230w\" sizes=\"auto, (max-width: 1024px) 100vw, 1024px\" \/><\/a><\/figure>\n\n\n\n<p class=\"wp-block-paragraph\"><strong>Ministro da Energia e Ind\u00fastria<\/strong><\/p>\n\n\n\n<p class=\"wp-block-paragraph\">Nasceu em Bissor\u00e3, regi\u00e3o de Oio, norte da Guin\u00e9-Bissau, a 18 de mar\u00e7o de 1962. \u00c9 dirigente do Partido da Renova\u00e7\u00e3o Social (PRS). Licenciou-se em Tecnologias de Produ\u00e7\u00e3o em Conserva\u00e7\u00e3o das Ind\u00fastrias, pelo Instituto Superior das Pescas na Ex-URSS, em 1991. \u00c9 dirigente do Partido da Renova\u00e7\u00e3o Social (PRS) no qual chegou a desempenhar a fun\u00e7\u00e3o do Secret\u00e1rio-geral. Foi Embaixador da Guin\u00e9-Bissau na B\u00e9lgica, em 2002. Foi igualmente Embaixador da Guin\u00e9-Bissau em Guin\u00e9-Conacri, em 2003. Eleito deputado v\u00e1rias vezes. Exerceu a fun\u00e7\u00e3o de Secret\u00e1rio de Estado da Coopera\u00e7\u00e3o Internacional e das Comunidades, no executivo de Baciro Dj\u00e1 e Secret\u00e1rio de Estado da Coopera\u00e7\u00e3o Internacional no executivo de Umaro Sissoco Embal\u00f3. Em janeiro de 2022, foi nomeado Secret\u00e1rio de Estado da Energia&nbsp;e neste governo da iniciativa presidencial vai ocupar a pasta do ministro da Energia e Ind\u00fastria.&nbsp;<\/p>\n\n\n\n<hr class=\"wp-block-separator has-alpha-channel-opacity\"\/>\n\n\n\n<p class=\"wp-block-paragraph\"><strong>Jos\u00e9 Carlos Varela Casimiro<\/strong><\/p>\n\n\n\n<figure class=\"wp-block-image size-large\"><a href=\"https:\/\/www.odemocratagb.com\/wp-content\/uploads\/2022\/06\/11.-Jose-Carlos-Varela-Casimiro_Ministro-da-Economia-Plano-e-Integracao-Regional.jpg\"><img loading=\"lazy\" decoding=\"async\" width=\"1006\" height=\"1024\" src=\"https:\/\/www.odemocratagb.com\/wp-content\/uploads\/2022\/06\/11.-Jose-Carlos-Varela-Casimiro_Ministro-da-Economia-Plano-e-Integracao-Regional-1006x1024.jpg\" alt=\"\" class=\"wp-image-38886\" srcset=\"https:\/\/www.odemocratagb.com\/wp-content\/uploads\/2022\/06\/11.-Jose-Carlos-Varela-Casimiro_Ministro-da-Economia-Plano-e-Integracao-Regional-1006x1024.jpg 1006w, https:\/\/www.odemocratagb.com\/wp-content\/uploads\/2022\/06\/11.-Jose-Carlos-Varela-Casimiro_Ministro-da-Economia-Plano-e-Integracao-Regional-295x300.jpg 295w, https:\/\/www.odemocratagb.com\/wp-content\/uploads\/2022\/06\/11.-Jose-Carlos-Varela-Casimiro_Ministro-da-Economia-Plano-e-Integracao-Regional-768x782.jpg 768w, https:\/\/www.odemocratagb.com\/wp-content\/uploads\/2022\/06\/11.-Jose-Carlos-Varela-Casimiro_Ministro-da-Economia-Plano-e-Integracao-Regional-1509x1536.jpg 1509w, https:\/\/www.odemocratagb.com\/wp-content\/uploads\/2022\/06\/11.-Jose-Carlos-Varela-Casimiro_Ministro-da-Economia-Plano-e-Integracao-Regional-1230x1252.jpg 1230w, https:\/\/www.odemocratagb.com\/wp-content\/uploads\/2022\/06\/11.-Jose-Carlos-Varela-Casimiro_Ministro-da-Economia-Plano-e-Integracao-Regional.jpg 1793w\" sizes=\"auto, (max-width: 1006px) 100vw, 1006px\" \/><\/a><\/figure>\n\n\n\n<p class=\"wp-block-paragraph\"><strong>Ministro da Economia, Plano e Integra\u00e7\u00e3o Regional<\/strong><\/p>\n\n\n\n<p class=\"wp-block-paragraph\">Nasceu no dia 05 de maio de 1958, em Bissau, na Guin\u00e9-Bissau. Em 1980\/85, licenciou-se em Economia pela Universidade de Havana (Cuba). \u00c9 mestre em Economia pela Universidade de Sudeste de Illinois em Carbondale (USA). Ao longo da sua carreira, exerceu as fun\u00e7\u00f5es de Assistente de Opera\u00e7\u00f5es no Escrit\u00f3rio do Banco Mundial em Bissau. Foi diretor-geral da empresa ENAG\/Aeroporto de Bissau. Consultor Independente e Coordenador do Projecto de Se<s>c<\/s>tor Privado financiado pelo Banco Mundial (PRSP). T\u00e9cnico da Secretaria de Estado do Plano e Integra\u00e7\u00e3o Regional e Presidente do Comit\u00e9 de Pilotagem da Autoridade de Regula\u00e7\u00e3o dos Concursos P\u00fablicos. \u00c9 dirigente e membro fundador do Movimento Para Altern\u00e2ncia Democr\u00e1tica (MADEM G15). Exerceu a fun\u00e7\u00e3o do Secret\u00e1rio de Estado do Or\u00e7amento e Assuntos Fiscais no ent\u00e3o governo da coliga\u00e7\u00e3o, foi chamado agora para ocupar a pasta do minist\u00e9rio da Economia, Plano e Integra\u00e7\u00e3o Regional.<\/p>\n\n\n\n<hr class=\"wp-block-separator has-alpha-channel-opacity\"\/>\n\n\n\n<p class=\"wp-block-paragraph\"><strong>Jo\u00e3o Alaje Mamad\u00fa Fadia<\/strong><\/p>\n\n\n\n<figure class=\"wp-block-image size-large\"><a href=\"https:\/\/www.odemocratagb.com\/wp-content\/uploads\/2022\/06\/12.-Joao-Alage-Mamadu-Fadia_Ministro-das-Financas.jpg\"><img loading=\"lazy\" decoding=\"async\" width=\"1024\" height=\"923\" src=\"https:\/\/www.odemocratagb.com\/wp-content\/uploads\/2022\/06\/12.-Joao-Alage-Mamadu-Fadia_Ministro-das-Financas-1024x923.jpg\" alt=\"\" class=\"wp-image-38888\" srcset=\"https:\/\/www.odemocratagb.com\/wp-content\/uploads\/2022\/06\/12.-Joao-Alage-Mamadu-Fadia_Ministro-das-Financas-1024x923.jpg 1024w, https:\/\/www.odemocratagb.com\/wp-content\/uploads\/2022\/06\/12.-Joao-Alage-Mamadu-Fadia_Ministro-das-Financas-300x270.jpg 300w, https:\/\/www.odemocratagb.com\/wp-content\/uploads\/2022\/06\/12.-Joao-Alage-Mamadu-Fadia_Ministro-das-Financas-768x692.jpg 768w, https:\/\/www.odemocratagb.com\/wp-content\/uploads\/2022\/06\/12.-Joao-Alage-Mamadu-Fadia_Ministro-das-Financas-1536x1385.jpg 1536w, https:\/\/www.odemocratagb.com\/wp-content\/uploads\/2022\/06\/12.-Joao-Alage-Mamadu-Fadia_Ministro-das-Financas-2048x1846.jpg 2048w, https:\/\/www.odemocratagb.com\/wp-content\/uploads\/2022\/06\/12.-Joao-Alage-Mamadu-Fadia_Ministro-das-Financas-1230x1109.jpg 1230w\" sizes=\"auto, (max-width: 1024px) 100vw, 1024px\" \/><\/a><\/figure>\n\n\n\n<p class=\"wp-block-paragraph\"><strong>Ministro das Finan\u00e7as<\/strong><\/p>\n\n\n\n<p class=\"wp-block-paragraph\">Nasceu no dia 04 de Janeiro de 1959, em Bolama. Tem diploma de Estudos Superiores em Contabilidade e Administra\u00e7\u00e3o Banc\u00e1ria pelo Instituto Superior de Contabilidade e Administra\u00e7\u00e3o de Lisboa, em 1996.&nbsp; Fez igualmente diversos cursos e est\u00e1gios nos dom\u00ednios da atividade banc\u00e1ria, contabilidade, auditoria e finan\u00e7as, realizadas em v\u00e1rias institui\u00e7\u00f5es. Trabalhou muito cedo no antigo Banco Central da Guin\u00e9-Bissau, desde o ano de 1978. Foi diretor Central de Controlo e Preven\u00e7\u00e3o de Riscos na sede do banco BCEAO, em Dakar, 2007\/2008. Nomeado Diretor Nacional do BCEAO, de junho 2008 a dezembro de 2016. Desempenhou o cargo do ministro da Economia e Finan\u00e7as no Governo de Carlos Gomes J\u00fanior, em 2004\/2005. Ocupou a mesma pasta no executivo de General \u00damaro Sissoco Embal\u00f3, entre 2017\/2018. Volta a ocupar a pasta das Finan\u00e7as no executivo da coliga\u00e7\u00e3o e voltou a ser nomeado para a mesma fun\u00e7\u00e3o no governo da iniciativa presidencial.&nbsp;<\/p>\n\n\n\n<hr class=\"wp-block-separator has-alpha-channel-opacity\"\/>\n\n\n\n<p class=\"wp-block-paragraph\"><strong>Fernando Vaz<\/strong><\/p>\n\n\n\n<figure class=\"wp-block-image size-large\"><a href=\"https:\/\/www.odemocratagb.com\/wp-content\/uploads\/2022\/06\/13.-Fernando-Vaz_Ministro-do-Turismo-e-Artesanato.jpg\"><img loading=\"lazy\" decoding=\"async\" width=\"1024\" height=\"1024\" src=\"https:\/\/www.odemocratagb.com\/wp-content\/uploads\/2022\/06\/13.-Fernando-Vaz_Ministro-do-Turismo-e-Artesanato-1024x1024.jpg\" alt=\"\" class=\"wp-image-38889\" srcset=\"https:\/\/www.odemocratagb.com\/wp-content\/uploads\/2022\/06\/13.-Fernando-Vaz_Ministro-do-Turismo-e-Artesanato-1024x1024.jpg 1024w, https:\/\/www.odemocratagb.com\/wp-content\/uploads\/2022\/06\/13.-Fernando-Vaz_Ministro-do-Turismo-e-Artesanato-300x300.jpg 300w, https:\/\/www.odemocratagb.com\/wp-content\/uploads\/2022\/06\/13.-Fernando-Vaz_Ministro-do-Turismo-e-Artesanato-150x150.jpg 150w, https:\/\/www.odemocratagb.com\/wp-content\/uploads\/2022\/06\/13.-Fernando-Vaz_Ministro-do-Turismo-e-Artesanato-768x768.jpg 768w, https:\/\/www.odemocratagb.com\/wp-content\/uploads\/2022\/06\/13.-Fernando-Vaz_Ministro-do-Turismo-e-Artesanato-1536x1536.jpg 1536w, https:\/\/www.odemocratagb.com\/wp-content\/uploads\/2022\/06\/13.-Fernando-Vaz_Ministro-do-Turismo-e-Artesanato-1230x1231.jpg 1230w, https:\/\/www.odemocratagb.com\/wp-content\/uploads\/2022\/06\/13.-Fernando-Vaz_Ministro-do-Turismo-e-Artesanato-100x100.jpg 100w, https:\/\/www.odemocratagb.com\/wp-content\/uploads\/2022\/06\/13.-Fernando-Vaz_Ministro-do-Turismo-e-Artesanato.jpg 1958w\" sizes=\"auto, (max-width: 1024px) 100vw, 1024px\" \/><\/a><\/figure>\n\n\n\n<p class=\"wp-block-paragraph\"><strong>Ministro do Turismo e Artesanato<\/strong><\/p>\n\n\n\n<p class=\"wp-block-paragraph\">Nasceu no dia 27 de Setembro de 1955, em Bissau. Fez a forma\u00e7\u00e3o na \u00e1rea de Economia no Instituto Superior de Economia, na Universidade T\u00e9cnica de Lisboa, em 1980\/1985. Ex-dirigente da Resist\u00eancia da Guin\u00e9-Bissau (RGB), forma\u00e7\u00e3o pol\u00edtica pela qual foi eleito deputado da Na\u00e7\u00e3o em 1999. Deixou a RGB para fundar a Uni\u00e3o Patri\u00f3tica Guineense, que passou a liderar desde 2013. Ativista da Oposi\u00e7\u00e3o pol\u00edtica, 2003\/2011, foi membro do governo v\u00e1rias vezes. Foi ministro da Presid\u00eancia do Conselho de Ministros da Comunica\u00e7\u00e3o Social e Assuntos Parlamentares e Porta-voz do Governo de Transi\u00e7\u00e3o, em 2012\/2014. Foi nomeado para exercer a fun\u00e7\u00e3o do titular da pasta do Turismo e Artesanato no governo dirigido por \u00damaro Sissoco Embal\u00f3, em 2016. Exerceu essa mesma fun\u00e7\u00e3o no governo da coliga\u00e7\u00e3o e acumulando com o cargo do Porta-voz do Governo, vai agora dirigir a pasta do Turismo e Artesanato no governo da iniciativa presidencial.&nbsp;&nbsp;<\/p>\n\n\n\n<hr class=\"wp-block-separator has-alpha-channel-opacity\"\/>\n\n\n\n<p class=\"wp-block-paragraph\"><strong>Fernando Mendon\u00e7a<\/strong><\/p>\n\n\n\n<figure class=\"wp-block-image size-large\"><a href=\"https:\/\/www.odemocratagb.com\/wp-content\/uploads\/2022\/06\/14.-Fernando-Mendonca_Ministro-da-Comunicacao-Social.jpg\"><img loading=\"lazy\" decoding=\"async\" width=\"1024\" height=\"883\" src=\"https:\/\/www.odemocratagb.com\/wp-content\/uploads\/2022\/06\/14.-Fernando-Mendonca_Ministro-da-Comunicacao-Social-1024x883.jpg\" alt=\"\" class=\"wp-image-38890\" srcset=\"https:\/\/www.odemocratagb.com\/wp-content\/uploads\/2022\/06\/14.-Fernando-Mendonca_Ministro-da-Comunicacao-Social-1024x883.jpg 1024w, https:\/\/www.odemocratagb.com\/wp-content\/uploads\/2022\/06\/14.-Fernando-Mendonca_Ministro-da-Comunicacao-Social-300x259.jpg 300w, https:\/\/www.odemocratagb.com\/wp-content\/uploads\/2022\/06\/14.-Fernando-Mendonca_Ministro-da-Comunicacao-Social-768x662.jpg 768w, https:\/\/www.odemocratagb.com\/wp-content\/uploads\/2022\/06\/14.-Fernando-Mendonca_Ministro-da-Comunicacao-Social-1536x1324.jpg 1536w, https:\/\/www.odemocratagb.com\/wp-content\/uploads\/2022\/06\/14.-Fernando-Mendonca_Ministro-da-Comunicacao-Social-2048x1766.jpg 2048w, https:\/\/www.odemocratagb.com\/wp-content\/uploads\/2022\/06\/14.-Fernando-Mendonca_Ministro-da-Comunicacao-Social-1230x1061.jpg 1230w\" sizes=\"auto, (max-width: 1024px) 100vw, 1024px\" \/><\/a><\/figure>\n\n\n\n<p class=\"wp-block-paragraph\"><strong>Ministro da Comunica\u00e7\u00e3o Social<\/strong><\/p>\n\n\n\n<p class=\"wp-block-paragraph\">Nasceu no dia 15 de julho de 1958, em C\u00f3, setor Bula. Ex-dirigente do PAIGC. \u00c9 jornalista de profiss\u00e3o. Em 1996 desempenhou as fun\u00e7\u00f5es do diretor-geral da Radiodifus\u00e3o Nacional (RDN). De 2006\/2008- Diretor-geral do Centro de An\u00e1lise Estrat\u00e9gico na Presid\u00eancia de Nino Vieira. De 2004\/2006 \u2013 Director-geral da Comunica\u00e7\u00e3o Social no governo de Carlos Gomes J\u00fanior.&nbsp; Em 2008 exerceu a fun\u00e7\u00e3o do ministro da comunica\u00e7\u00e3o social no governo de Carlos Correia e em 2009 voltou a exercer as mesmas fun\u00e7\u00f5es na era de Carlos Gomes J\u00fanior. Foi Conselheiro de comunica\u00e7\u00e3o do Presidente Interino, Raimundo Pereira, de 2009 \/2012. De 2014 a 2020 desempenhou as fun\u00e7\u00f5es de Conselheiro e Porta-voz do Presidente da Rep\u00fablica, Jos\u00e9 M\u00e1rio Vaz. Antes da remodela\u00e7\u00e3o do executivo Nuno Nabian, desempenhava a fun\u00e7\u00e3o do ministro da Justi\u00e7a e Direitos Humanos e na remodela\u00e7\u00e3o governamental passou para o minist\u00e9rio da Comunica\u00e7\u00e3o Social. Agora vai exercer a mesma fun\u00e7\u00e3o neste executivo.<\/p>\n\n\n\n<hr class=\"wp-block-separator has-alpha-channel-opacity\"\/>\n\n\n\n<p class=\"wp-block-paragraph\"><strong>Aristides Ocante da Silva<\/strong><\/p>\n\n\n\n<figure class=\"wp-block-image size-large\"><a href=\"https:\/\/www.odemocratagb.com\/wp-content\/uploads\/2022\/06\/15.-Aristides-Ocante-da-Silva_Ministro-dos-Transportes-e-Comunicacoes.jpg\"><img loading=\"lazy\" decoding=\"async\" width=\"1024\" height=\"852\" src=\"https:\/\/www.odemocratagb.com\/wp-content\/uploads\/2022\/06\/15.-Aristides-Ocante-da-Silva_Ministro-dos-Transportes-e-Comunicacoes-1024x852.jpg\" alt=\"\" class=\"wp-image-38891\" srcset=\"https:\/\/www.odemocratagb.com\/wp-content\/uploads\/2022\/06\/15.-Aristides-Ocante-da-Silva_Ministro-dos-Transportes-e-Comunicacoes-1024x852.jpg 1024w, https:\/\/www.odemocratagb.com\/wp-content\/uploads\/2022\/06\/15.-Aristides-Ocante-da-Silva_Ministro-dos-Transportes-e-Comunicacoes-300x250.jpg 300w, https:\/\/www.odemocratagb.com\/wp-content\/uploads\/2022\/06\/15.-Aristides-Ocante-da-Silva_Ministro-dos-Transportes-e-Comunicacoes-768x639.jpg 768w, https:\/\/www.odemocratagb.com\/wp-content\/uploads\/2022\/06\/15.-Aristides-Ocante-da-Silva_Ministro-dos-Transportes-e-Comunicacoes-1536x1278.jpg 1536w, https:\/\/www.odemocratagb.com\/wp-content\/uploads\/2022\/06\/15.-Aristides-Ocante-da-Silva_Ministro-dos-Transportes-e-Comunicacoes-2048x1704.jpg 2048w, https:\/\/www.odemocratagb.com\/wp-content\/uploads\/2022\/06\/15.-Aristides-Ocante-da-Silva_Ministro-dos-Transportes-e-Comunicacoes-1230x1024.jpg 1230w\" sizes=\"auto, (max-width: 1024px) 100vw, 1024px\" \/><\/a><\/figure>\n\n\n\n<p class=\"wp-block-paragraph\"><strong>Ministro dos Transportes e das Comunica\u00e7\u00f5es<\/strong><\/p>\n\n\n\n<p class=\"wp-block-paragraph\">Nasceu em 23 de dezembro de 1966, em Bissau. Licenciado em Biologia de Organismos e Mestrado em Biologia de Popula\u00e7\u00f5es e Ecossistemas, men\u00e7\u00e3o Ambiente do mesmo, pela Universidade de Ci\u00eancias e T\u00e9cnicas Paul Sabatier (UPS), Toulouse III, Fran\u00e7a. Desempenhou v\u00e1rias fun\u00e7\u00f5es na estrutura do PAIGC. Exerceu a fun\u00e7\u00e3o do ministro do Estado da Presid\u00eancia, do Conselho de Ministros e dos Assuntos Parlamentares no executivo de Baciro Dja e ministro dos Combatentes da Liberdade da P\u00e1tria no governo de Sissoco Embal\u00f3, tendo sido chamado para desempenhar a mesma fun\u00e7\u00e3o no governo de Aristides Gomes em 2018. \u00c9 fundador e vice-coordenador do Movimento para Altern\u00e2ncia Democr\u00e1tica (MADEM G-15). Nomeado ministro dos Transportes e Comunica\u00e7oes na \u00faltima remodela\u00e7\u00e3o feita por Chefe de Estado, Umaro Sissoco Embal\u00f3 e volta a ocupar a mesma fun\u00e7\u00e3o no governo da iniciativa presidencial.<\/p>\n\n\n\n<hr class=\"wp-block-separator has-alpha-channel-opacity\"\/>\n\n\n\n<p class=\"wp-block-paragraph\"><strong>Abas Djal\u00f3<\/strong><\/p>\n\n\n\n<figure class=\"wp-block-image size-large\"><a href=\"https:\/\/www.odemocratagb.com\/wp-content\/uploads\/2022\/06\/16.-Abas-Djalo_Ministro-do-Comercio-scaled.jpg\"><img loading=\"lazy\" decoding=\"async\" width=\"683\" height=\"1024\" src=\"https:\/\/www.odemocratagb.com\/wp-content\/uploads\/2022\/06\/16.-Abas-Djalo_Ministro-do-Comercio-683x1024.jpg\" alt=\"\" class=\"wp-image-38892\" srcset=\"https:\/\/www.odemocratagb.com\/wp-content\/uploads\/2022\/06\/16.-Abas-Djalo_Ministro-do-Comercio-683x1024.jpg 683w, https:\/\/www.odemocratagb.com\/wp-content\/uploads\/2022\/06\/16.-Abas-Djalo_Ministro-do-Comercio-200x300.jpg 200w, https:\/\/www.odemocratagb.com\/wp-content\/uploads\/2022\/06\/16.-Abas-Djalo_Ministro-do-Comercio-768x1151.jpg 768w, https:\/\/www.odemocratagb.com\/wp-content\/uploads\/2022\/06\/16.-Abas-Djalo_Ministro-do-Comercio-1025x1536.jpg 1025w, https:\/\/www.odemocratagb.com\/wp-content\/uploads\/2022\/06\/16.-Abas-Djalo_Ministro-do-Comercio-1367x2048.jpg 1367w, https:\/\/www.odemocratagb.com\/wp-content\/uploads\/2022\/06\/16.-Abas-Djalo_Ministro-do-Comercio-1230x1843.jpg 1230w, https:\/\/www.odemocratagb.com\/wp-content\/uploads\/2022\/06\/16.-Abas-Djalo_Ministro-do-Comercio-scaled.jpg 1708w\" sizes=\"auto, (max-width: 683px) 100vw, 683px\" \/><\/a><\/figure>\n\n\n\n<p class=\"wp-block-paragraph\"><strong>Ministro do Com\u00e9rcio<\/strong><\/p>\n\n\n\n<p class=\"wp-block-paragraph\">Nasceu no dia 22 de agosto de 1963, em Madina de Bo\u00e9 (Gab\u00fa). Mestre em Ci\u00eancias Econ\u00f3micas em 1993 pela Universidade de estado da Vila de Minsk, Bielorr\u00fassia Ex-URSS. Dirigente do Partido da Nova Democracia (PND). Quadro superior do minist\u00e9rio do Com\u00e9rcio, onde desempenhou v\u00e1rias fun\u00e7\u00f5es. Foi chefe do Departamento de Importa\u00e7\u00f5es e Exporta\u00e7\u00f5es do minist\u00e9rio de Comercio e Ind\u00fastria Artesanal. Desempenhou a fun\u00e7\u00e3o do diretor de Servi\u00e7o do Comercio Externo do mesmo foi diretor-geral do Comercio e depois assumiu a fun\u00e7\u00e3o do Secret\u00e1rio-geral do minist\u00e9rio do Com\u00e9rcio. Chegou a exercer a fun\u00e7\u00e3o do Secret\u00e1rio de Estado do Comercio e Ind\u00fastria. Em janeiro deste ano, foi nomeado para o cargo do ministro da Educa\u00e7\u00e3o Nacional e foi chamado para a pasta do Comercio e Ind\u00fastria.&nbsp;<\/p>\n\n\n\n<hr class=\"wp-block-separator has-alpha-channel-opacity\"\/>\n\n\n\n<p class=\"wp-block-paragraph\"><strong>Martina Moniz<\/strong><\/p>\n\n\n\n<figure class=\"wp-block-image size-large\"><a href=\"https:\/\/www.odemocratagb.com\/wp-content\/uploads\/2022\/06\/17.-Martina-Moniz_Ministra-da-Educacao-Nacional-scaled.jpg\"><img loading=\"lazy\" decoding=\"async\" width=\"858\" height=\"1024\" src=\"https:\/\/www.odemocratagb.com\/wp-content\/uploads\/2022\/06\/17.-Martina-Moniz_Ministra-da-Educacao-Nacional-858x1024.jpg\" alt=\"\" class=\"wp-image-38893\" srcset=\"https:\/\/www.odemocratagb.com\/wp-content\/uploads\/2022\/06\/17.-Martina-Moniz_Ministra-da-Educacao-Nacional-858x1024.jpg 858w, https:\/\/www.odemocratagb.com\/wp-content\/uploads\/2022\/06\/17.-Martina-Moniz_Ministra-da-Educacao-Nacional-251x300.jpg 251w, https:\/\/www.odemocratagb.com\/wp-content\/uploads\/2022\/06\/17.-Martina-Moniz_Ministra-da-Educacao-Nacional-768x917.jpg 768w, https:\/\/www.odemocratagb.com\/wp-content\/uploads\/2022\/06\/17.-Martina-Moniz_Ministra-da-Educacao-Nacional-1287x1536.jpg 1287w, https:\/\/www.odemocratagb.com\/wp-content\/uploads\/2022\/06\/17.-Martina-Moniz_Ministra-da-Educacao-Nacional-1716x2048.jpg 1716w, https:\/\/www.odemocratagb.com\/wp-content\/uploads\/2022\/06\/17.-Martina-Moniz_Ministra-da-Educacao-Nacional-1230x1468.jpg 1230w\" sizes=\"auto, (max-width: 858px) 100vw, 858px\" \/><\/a><\/figure>\n\n\n\n<p class=\"wp-block-paragraph\"><strong>Ministra da Educa\u00e7\u00e3o Nacional<\/strong><\/p>\n\n\n\n<p class=\"wp-block-paragraph\">Nasceu no dia 9 de maio de 1963, em Bafat\u00e1. Licenciou-se em medicina veterin\u00e1ria em 1992, na R\u00fassia.Trabalhou como m\u00e9dica veterin\u00e1ria at\u00e9 2002, tendo desempenhado as fun\u00e7\u00f5es de inspetora chefe da veterin\u00e1ria em 1998. Para al\u00e9m da inspetora chefe da veterin\u00e1ria. Foi Presidente do Instituto da Mulher e Crian\u00e7a. Foi Secret\u00e1ria de Estado da Solidariedade Social e Emprego. Dirigente do Partido da Renova\u00e7\u00e3o Social (PRS), eleita pela primeira vez como deputada da na\u00e7\u00e3o em 2004 e depois tr\u00eas mandatos consecutivos. Ocupou o cargo de segunda secret\u00e1ria de mesa da ANP na s\u00e9tima legislatura e a Presidente da Comiss\u00e3o Especializada da mulher e crian\u00e7a, de&nbsp; 2017 a 2018. Foi deputada do parlamento da (CEDEAO). Vai assumir agora a pasta do minist\u00e9rio da Educa\u00e7\u00e3o Nacional.&nbsp;<\/p>\n\n\n\n<hr class=\"wp-block-separator has-alpha-channel-opacity\"\/>\n\n\n\n<p class=\"wp-block-paragraph\"><strong>Tim\u00f3teo Saba M\u2019bunde<\/strong><\/p>\n\n\n\n<figure class=\"wp-block-image size-large\"><a href=\"https:\/\/www.odemocratagb.com\/wp-content\/uploads\/2022\/06\/18.-Timoteo-Saba-Mbunde_Ministro-do-Ensino-Superior-e-Investigacao-Cientifica.jpg\"><img loading=\"lazy\" decoding=\"async\" width=\"1024\" height=\"1002\" src=\"https:\/\/www.odemocratagb.com\/wp-content\/uploads\/2022\/06\/18.-Timoteo-Saba-Mbunde_Ministro-do-Ensino-Superior-e-Investigacao-Cientifica-1024x1002.jpg\" alt=\"\" class=\"wp-image-38894\" srcset=\"https:\/\/www.odemocratagb.com\/wp-content\/uploads\/2022\/06\/18.-Timoteo-Saba-Mbunde_Ministro-do-Ensino-Superior-e-Investigacao-Cientifica-1024x1002.jpg 1024w, https:\/\/www.odemocratagb.com\/wp-content\/uploads\/2022\/06\/18.-Timoteo-Saba-Mbunde_Ministro-do-Ensino-Superior-e-Investigacao-Cientifica-300x294.jpg 300w, https:\/\/www.odemocratagb.com\/wp-content\/uploads\/2022\/06\/18.-Timoteo-Saba-Mbunde_Ministro-do-Ensino-Superior-e-Investigacao-Cientifica-768x752.jpg 768w, https:\/\/www.odemocratagb.com\/wp-content\/uploads\/2022\/06\/18.-Timoteo-Saba-Mbunde_Ministro-do-Ensino-Superior-e-Investigacao-Cientifica-1536x1503.jpg 1536w, https:\/\/www.odemocratagb.com\/wp-content\/uploads\/2022\/06\/18.-Timoteo-Saba-Mbunde_Ministro-do-Ensino-Superior-e-Investigacao-Cientifica-1230x1204.jpg 1230w, https:\/\/www.odemocratagb.com\/wp-content\/uploads\/2022\/06\/18.-Timoteo-Saba-Mbunde_Ministro-do-Ensino-Superior-e-Investigacao-Cientifica.jpg 2002w\" sizes=\"auto, (max-width: 1024px) 100vw, 1024px\" \/><\/a><\/figure>\n\n\n\n<p class=\"wp-block-paragraph\"><strong>Ministro do Ensino Superior e Investiga\u00e7\u00e3o Cient\u00edfica<\/strong><\/p>\n\n\n\n<p class=\"wp-block-paragraph\">Nascido no dia 07 de janeiro de 1984. Licenciado em Rela\u00e7\u00f5es Internacionais pela Universidade Vila Velha, Brasil no ano 2012. Fez mestrado em Ci\u00eancias Pol\u00edticas em 2015 pelo Instituto de Estudos Sociais e Pol\u00edticos da Universidade do Estado do Rio de Janeiro, Brasil. Fez doutoramento em 2020, em Ci\u00eancias Pol\u00edticas.&nbsp;Pesquisador associado no Instituto Nacional de Estudos e Pesquisa (INEP) da Guin\u00e9-Bissau e pesquisador membro do Laborat\u00f3rio de An\u00e1lise Pol\u00edtica Mundial (LABMUNDO) sediado na cidade do Rio de Janeiro, Brasil. Publicou v\u00e1rios trabalhos sobre Ci\u00eancia Pol\u00edtica e Rela\u00e7\u00f5es Internacionais. \u00c9 autor do livro &#8220;As Pol\u00edticas Externas Brasileira e Chinesa para a Guin\u00e9-Bissau em Abordagem Comparada (1974-2014)&#8221;. Foi Reitor da Universidade Am\u00edlcar Cabral (UAC), cargo que deixou para assumir a pasta do minist\u00e9rio do Ensino Superior e Investiga\u00e7\u00e3o Cient\u00edfica. Volta a ocupar a mesma fun\u00e7\u00e3o no executivo da iniciativa presidencial.&nbsp;<\/p>\n\n\n\n<hr class=\"wp-block-separator has-alpha-channel-opacity\"\/>\n\n\n\n<p class=\"wp-block-paragraph\"><strong>Cirilo Mamasaliu Djal\u00f3<\/strong><\/p>\n\n\n\n<figure class=\"wp-block-image size-large\"><a href=\"https:\/\/www.odemocratagb.com\/wp-content\/uploads\/2022\/06\/19.-Cirilo-Mamasaliu-Djalo_Ministro-da-Administracao-Publica-Trabalho-e-Seguranca-Social.jpg\"><img loading=\"lazy\" decoding=\"async\" width=\"1024\" height=\"914\" src=\"https:\/\/www.odemocratagb.com\/wp-content\/uploads\/2022\/06\/19.-Cirilo-Mamasaliu-Djalo_Ministro-da-Administracao-Publica-Trabalho-e-Seguranca-Social-1024x914.jpg\" alt=\"\" class=\"wp-image-38895\" srcset=\"https:\/\/www.odemocratagb.com\/wp-content\/uploads\/2022\/06\/19.-Cirilo-Mamasaliu-Djalo_Ministro-da-Administracao-Publica-Trabalho-e-Seguranca-Social-1024x914.jpg 1024w, https:\/\/www.odemocratagb.com\/wp-content\/uploads\/2022\/06\/19.-Cirilo-Mamasaliu-Djalo_Ministro-da-Administracao-Publica-Trabalho-e-Seguranca-Social-300x268.jpg 300w, https:\/\/www.odemocratagb.com\/wp-content\/uploads\/2022\/06\/19.-Cirilo-Mamasaliu-Djalo_Ministro-da-Administracao-Publica-Trabalho-e-Seguranca-Social-768x686.jpg 768w, https:\/\/www.odemocratagb.com\/wp-content\/uploads\/2022\/06\/19.-Cirilo-Mamasaliu-Djalo_Ministro-da-Administracao-Publica-Trabalho-e-Seguranca-Social-1536x1371.jpg 1536w, https:\/\/www.odemocratagb.com\/wp-content\/uploads\/2022\/06\/19.-Cirilo-Mamasaliu-Djalo_Ministro-da-Administracao-Publica-Trabalho-e-Seguranca-Social-2048x1828.jpg 2048w, https:\/\/www.odemocratagb.com\/wp-content\/uploads\/2022\/06\/19.-Cirilo-Mamasaliu-Djalo_Ministro-da-Administracao-Publica-Trabalho-e-Seguranca-Social-1230x1098.jpg 1230w\" sizes=\"auto, (max-width: 1024px) 100vw, 1024px\" \/><\/a><\/figure>\n\n\n\n<p class=\"wp-block-paragraph\"><strong>Ministro da Administra\u00e7\u00e3o P\u00fablica, Trabalho, Emprego e Seguran\u00e7a Social<\/strong><\/p>\n\n\n\n<p class=\"wp-block-paragraph\">Nasceu a 10 de julho de 1960, em Gab\u00fa. Em 1983 concluiu Bacharelato em hist\u00f3ria pela Escola Normal Superior &#8220;Tchuico T\u00e9&#8221;. Licenciou-se em Hist\u00f3ria pela Faculdade de Letras da Universidade de Lisboa, em 1998. Em 2011 fez o curso de Alta Dire\u00e7\u00e3o em Administra\u00e7\u00e3o P\u00fablica-CADPI no Instituto Nacional de Administra\u00e7\u00e3o, em Lisboa. Em 2005 fez forma\u00e7\u00e3o em Gest\u00e3o Estrat\u00e9gica de Forma\u00e7\u00e3o P\/ Administra\u00e7\u00e3o P\u00fablica no INA de Lisboa. Foi conselheiro do Presidente Interino para \u00e1rea de Trabalho e Reforma Administrativa 2011\/2012. Diretor-geral do Instituto Nacional de Seguran\u00e7a Social, de 2013 a 2015. At\u00e9 a sua nomea\u00e7\u00e3o ao cargo do ministro da Educa\u00e7\u00e3o Nacional e Ensino Superior era Secret\u00e1rio-geral do Minist\u00e9rio da Educa\u00e7\u00e3o. Na remodela\u00e7\u00e3o governamental foi chamado para a fun\u00e7\u00e3o da Fun\u00e7\u00e3o P\u00fablica e volta a ocupar a mesma fun\u00e7\u00e3o no governo da iniciativa presidencial.<\/p>\n\n\n\n<hr class=\"wp-block-separator has-alpha-channel-opacity\"\/>\n\n\n\n<p class=\"wp-block-paragraph\"><strong>Dion\u00edsio Cumba<\/strong><\/p>\n\n\n\n<figure class=\"wp-block-image size-large\"><a href=\"https:\/\/www.odemocratagb.com\/wp-content\/uploads\/2022\/06\/20.-Dionisio-Cumba_Ministro-da-Saude-Publica.jpg\"><img loading=\"lazy\" decoding=\"async\" width=\"1024\" height=\"1021\" src=\"https:\/\/www.odemocratagb.com\/wp-content\/uploads\/2022\/06\/20.-Dionisio-Cumba_Ministro-da-Saude-Publica-1024x1021.jpg\" alt=\"\" class=\"wp-image-38896\" srcset=\"https:\/\/www.odemocratagb.com\/wp-content\/uploads\/2022\/06\/20.-Dionisio-Cumba_Ministro-da-Saude-Publica-1024x1021.jpg 1024w, https:\/\/www.odemocratagb.com\/wp-content\/uploads\/2022\/06\/20.-Dionisio-Cumba_Ministro-da-Saude-Publica-300x300.jpg 300w, https:\/\/www.odemocratagb.com\/wp-content\/uploads\/2022\/06\/20.-Dionisio-Cumba_Ministro-da-Saude-Publica-150x150.jpg 150w, https:\/\/www.odemocratagb.com\/wp-content\/uploads\/2022\/06\/20.-Dionisio-Cumba_Ministro-da-Saude-Publica-768x766.jpg 768w, https:\/\/www.odemocratagb.com\/wp-content\/uploads\/2022\/06\/20.-Dionisio-Cumba_Ministro-da-Saude-Publica-1536x1531.jpg 1536w, https:\/\/www.odemocratagb.com\/wp-content\/uploads\/2022\/06\/20.-Dionisio-Cumba_Ministro-da-Saude-Publica-1230x1226.jpg 1230w, https:\/\/www.odemocratagb.com\/wp-content\/uploads\/2022\/06\/20.-Dionisio-Cumba_Ministro-da-Saude-Publica-100x100.jpg 100w, https:\/\/www.odemocratagb.com\/wp-content\/uploads\/2022\/06\/20.-Dionisio-Cumba_Ministro-da-Saude-Publica.jpg 1963w\" sizes=\"auto, (max-width: 1024px) 100vw, 1024px\" \/><\/a><\/figure>\n\n\n\n<p class=\"wp-block-paragraph\"><strong>Ministro da Sa\u00fade P\u00fablica<\/strong><\/p>\n\n\n\n<p class=\"wp-block-paragraph\">Nasceu a 30 de julho de 1972. Formou-se na escola regional de Forma\u00e7\u00e3o dos Enfermeiros Profissionais, em Vincenzo Poloni de Verona (It\u00e1lia), entre 1991\/1994. Seguiu para o curso de licenciatura em Medicina e Cirurgia pela Faculdade de Medicina e Cirurgia, Universidade de P\u00e1dua, de 1997\/2004. Tamb\u00e9m especializou-se em Cirurgia Pedi\u00e1trica, no departamento de Sa\u00fade da Mulher e da Crian\u00e7a da Universidade de P\u00e1dua, de 2005 a 2010. Membro da Comiss\u00e3o Pol\u00edtica do Partido da Renova\u00e7\u00e3o Social. Trabalhou em alguns hospitais em It\u00e1lia na \u00e1rea de cirurgia pedi\u00e1trica, entre 2010\/2015. Diretor do Servi\u00e7o de Cirurgia do Hospital Pedi\u00e1trico de S. Jos\u00e9 em B\u00f4r (Guin\u00e9-Bissau). Desempenhou a fun\u00e7\u00e3o do diretor cl\u00ednico do Hospital Nacional Sim\u00e3o Mendes. Foi professor de Anatomia e Coordenador Humano, na escola de medicina da Universidade Jean Piaget. Foi Coordenador do Centro de Opera\u00e7\u00e3o em Emerg\u00eancia de Sa\u00fade (COES). Nomeado ministro da Sa\u00fade na remodela\u00e7\u00e3o governamental e volta a ocupar a mesma fun\u00e7\u00e3o.&nbsp;&nbsp;<\/p>\n\n\n\n<hr class=\"wp-block-separator has-alpha-channel-opacity\"\/>\n\n\n\n<p class=\"wp-block-paragraph\"><strong>Maria da Concei\u00e7\u00e3o \u00c9vora<\/strong><\/p>\n\n\n\n<figure class=\"wp-block-image size-large\"><a href=\"https:\/\/www.odemocratagb.com\/wp-content\/uploads\/2022\/06\/21.-Maria-da-Concecao-Evora_Ministra-da-Mulher-Familia-e-Solidariedade.jpg\"><img loading=\"lazy\" decoding=\"async\" width=\"1024\" height=\"919\" src=\"https:\/\/www.odemocratagb.com\/wp-content\/uploads\/2022\/06\/21.-Maria-da-Concecao-Evora_Ministra-da-Mulher-Familia-e-Solidariedade-1024x919.jpg\" alt=\"\" class=\"wp-image-38897\" srcset=\"https:\/\/www.odemocratagb.com\/wp-content\/uploads\/2022\/06\/21.-Maria-da-Concecao-Evora_Ministra-da-Mulher-Familia-e-Solidariedade-1024x919.jpg 1024w, https:\/\/www.odemocratagb.com\/wp-content\/uploads\/2022\/06\/21.-Maria-da-Concecao-Evora_Ministra-da-Mulher-Familia-e-Solidariedade-300x269.jpg 300w, https:\/\/www.odemocratagb.com\/wp-content\/uploads\/2022\/06\/21.-Maria-da-Concecao-Evora_Ministra-da-Mulher-Familia-e-Solidariedade-768x689.jpg 768w, https:\/\/www.odemocratagb.com\/wp-content\/uploads\/2022\/06\/21.-Maria-da-Concecao-Evora_Ministra-da-Mulher-Familia-e-Solidariedade-1536x1379.jpg 1536w, https:\/\/www.odemocratagb.com\/wp-content\/uploads\/2022\/06\/21.-Maria-da-Concecao-Evora_Ministra-da-Mulher-Familia-e-Solidariedade-2048x1839.jpg 2048w, https:\/\/www.odemocratagb.com\/wp-content\/uploads\/2022\/06\/21.-Maria-da-Concecao-Evora_Ministra-da-Mulher-Familia-e-Solidariedade-1230x1104.jpg 1230w\" sizes=\"auto, (max-width: 1024px) 100vw, 1024px\" \/><\/a><\/figure>\n\n\n\n<p class=\"wp-block-paragraph\"><strong>Ministra da Mulher, Fam\u00edlia e Solidariedade Social<\/strong><\/p>\n\n\n\n<p class=\"wp-block-paragraph\">Nasceu no dia 17 de fevereiro de 1964, em Tite, regi\u00e3o de Quinara.&nbsp; Estudante de 2\u00ba ano do direito na Universidade Federal do Esp\u00edrito Santo (UFES) \u2013 Brasil, 1986\/1988. De 1988\/1991 frequentou 2\u00ba ano de curso de Comunica\u00e7\u00e3o Social na Universidade Nova de Lisboa-Portugal.&nbsp; Frequentou forma\u00e7\u00e3o na \u00e1rea dos Direitos Humanos-ULB- na Universidade Livre de Bruxelas-B\u00e9lgica. Exerceu, h\u00e1 v\u00e1rios anos como jornalista na Radiodifus\u00e3o Nacional, tendo desempenhado as fun\u00e7\u00f5es da Diretora-geral da Radiodifus\u00e3o Nacional, de&nbsp;1996 \u2013 1999. De 2018\/2019, Inspetora-geral da Juventude, Cultura e Desportos. Desempenhou as fun\u00e7\u00f5es da Diretora-geral dos Desportos, de 2017\/2018. Foi secret\u00e1ria de Estado da Juventude e Desportos, em 2019. Dirigente do MADEM, ocupou a pasta da ministra de Fam\u00edlia e Solidariedade e volta a ocupar a mesma fun\u00e7\u00e3o no governo da iniciativa presidencial.<\/p>\n\n\n\n<hr class=\"wp-block-separator has-alpha-channel-opacity\"\/>\n\n\n\n<p class=\"wp-block-paragraph\"><strong>Fid\u00e9lis Forbs<\/strong><\/p>\n\n\n\n<figure class=\"wp-block-image size-large\"><a href=\"https:\/\/www.odemocratagb.com\/wp-content\/uploads\/2022\/06\/22.-Fidelis-Forbs_Ministro-das-Obras-Publicas-Habitacao-e-Urbanismo.jpg\"><img loading=\"lazy\" decoding=\"async\" width=\"1024\" height=\"988\" src=\"https:\/\/www.odemocratagb.com\/wp-content\/uploads\/2022\/06\/22.-Fidelis-Forbs_Ministro-das-Obras-Publicas-Habitacao-e-Urbanismo-1024x988.jpg\" alt=\"\" class=\"wp-image-38898\" srcset=\"https:\/\/www.odemocratagb.com\/wp-content\/uploads\/2022\/06\/22.-Fidelis-Forbs_Ministro-das-Obras-Publicas-Habitacao-e-Urbanismo-1024x988.jpg 1024w, https:\/\/www.odemocratagb.com\/wp-content\/uploads\/2022\/06\/22.-Fidelis-Forbs_Ministro-das-Obras-Publicas-Habitacao-e-Urbanismo-300x289.jpg 300w, https:\/\/www.odemocratagb.com\/wp-content\/uploads\/2022\/06\/22.-Fidelis-Forbs_Ministro-das-Obras-Publicas-Habitacao-e-Urbanismo-768x741.jpg 768w, https:\/\/www.odemocratagb.com\/wp-content\/uploads\/2022\/06\/22.-Fidelis-Forbs_Ministro-das-Obras-Publicas-Habitacao-e-Urbanismo-1536x1481.jpg 1536w, https:\/\/www.odemocratagb.com\/wp-content\/uploads\/2022\/06\/22.-Fidelis-Forbs_Ministro-das-Obras-Publicas-Habitacao-e-Urbanismo-2048x1975.jpg 2048w, https:\/\/www.odemocratagb.com\/wp-content\/uploads\/2022\/06\/22.-Fidelis-Forbs_Ministro-das-Obras-Publicas-Habitacao-e-Urbanismo-1230x1186.jpg 1230w\" sizes=\"auto, (max-width: 1024px) 100vw, 1024px\" \/><\/a><\/figure>\n\n\n\n<p class=\"wp-block-paragraph\"><strong>Ministro das Obras P\u00fablicas, Habita\u00e7\u00e3o e Urbanismo<\/strong><\/p>\n\n\n\n<p class=\"wp-block-paragraph\">Nasceu a 02 de Junho de 1975, em Bissau. Iniciou a forma\u00e7\u00e3o em Contabilidade e Gest\u00e3o na Escola Nacional de Administra\u00e7\u00e3o (Ex-CENFA) e que concluiu no Instituto Profissional de Lisboa (Portugal), em 2005. Fez &#8220;Cothing \u2013 Executivo e Financeiro&#8221; no Instituto Profissional de Lisboa (IPROF). \u00c9 dirigente do MADEM-G15. Em 2008, desempenhou a fun\u00e7\u00e3o de Dire<s>c<\/s>tor-geral dos Desportos. Em 2012, nomeado diretor administrativo e financeiro da PETROGUIN. Foi no governo de Baciro Dj\u00e1, nomeado Secret\u00e1rio de Estado dos Transportes e Comunica\u00e7\u00f5es. No executivo de General Sissoco Embal\u00f3, foi nomeado para exercer a fun\u00e7\u00e3o do Ministro dos Transportes e Comunica\u00e7\u00f5es, exerceu a fun\u00e7\u00e3o do ministro das Obras P\u00fablicas, Habita\u00e7\u00e3o e Urbanismo e volta a ocupar a mesma fun\u00e7\u00e3o.&nbsp;<\/p>\n\n\n\n<hr class=\"wp-block-separator has-alpha-channel-opacity\"\/>\n\n\n\n<p class=\"wp-block-paragraph\"><strong>Viriato Soares Cassam\u00e1<\/strong><\/p>\n\n\n\n<figure class=\"wp-block-image size-large\"><a href=\"https:\/\/www.odemocratagb.com\/wp-content\/uploads\/2022\/06\/23.-Viriato-Soares-Cassama_Ministro-do-Ambiente-e-Biodiversidade.jpg\"><img loading=\"lazy\" decoding=\"async\" width=\"967\" height=\"1024\" src=\"https:\/\/www.odemocratagb.com\/wp-content\/uploads\/2022\/06\/23.-Viriato-Soares-Cassama_Ministro-do-Ambiente-e-Biodiversidade-967x1024.jpg\" alt=\"\" class=\"wp-image-38899\" srcset=\"https:\/\/www.odemocratagb.com\/wp-content\/uploads\/2022\/06\/23.-Viriato-Soares-Cassama_Ministro-do-Ambiente-e-Biodiversidade-967x1024.jpg 967w, https:\/\/www.odemocratagb.com\/wp-content\/uploads\/2022\/06\/23.-Viriato-Soares-Cassama_Ministro-do-Ambiente-e-Biodiversidade-283x300.jpg 283w, https:\/\/www.odemocratagb.com\/wp-content\/uploads\/2022\/06\/23.-Viriato-Soares-Cassama_Ministro-do-Ambiente-e-Biodiversidade-768x813.jpg 768w, https:\/\/www.odemocratagb.com\/wp-content\/uploads\/2022\/06\/23.-Viriato-Soares-Cassama_Ministro-do-Ambiente-e-Biodiversidade-1451x1536.jpg 1451w, https:\/\/www.odemocratagb.com\/wp-content\/uploads\/2022\/06\/23.-Viriato-Soares-Cassama_Ministro-do-Ambiente-e-Biodiversidade-1230x1302.jpg 1230w, https:\/\/www.odemocratagb.com\/wp-content\/uploads\/2022\/06\/23.-Viriato-Soares-Cassama_Ministro-do-Ambiente-e-Biodiversidade.jpg 1864w\" sizes=\"auto, (max-width: 967px) 100vw, 967px\" \/><\/a><\/figure>\n\n\n\n<p class=\"wp-block-paragraph\"><strong>Ministro do Ambiente e Biodiversidade<\/strong><\/p>\n\n\n\n<p class=\"wp-block-paragraph\">Nasceu no dia 14 de novembro de 1970, na cidade de Gab\u00fa. Licenciado em Engenharia do Ambiente, ramo ambiente, pela Faculdade de Ci\u00eancias e Tecnologia (FCT) da Universidade Nova de Lisboa (UNL) &#8211; 1997. Mestre em Georrecursos (Gest\u00e3o dos Recursos Naturais), \u00e1rea cient\u00edfica (Geossistemas), pelo Instituto Superior T\u00e9cnico (IST) da Universidade T\u00e9cnica de Lisboa (UTL) \u2013 setembro de 2006. Doutorando em Estudos Globais, pela Universidade Aberta, Portugal. Director-geral do Ambiente (2016-2020), Coordenador do Projecto Promo\u00e7\u00e3o de uma Agricultura Clima-Inteligente no Leste da Guin\u00e9-Bissau (at\u00e9 Fevereiro de 2020). Investigador em mat\u00e9ria Dete\u00e7\u00e3o Remota das Altera\u00e7\u00f5es do Coberto do solo, Cartografia da Vegeta\u00e7\u00e3o, Sistemas de Informa\u00e7\u00e3o Geogr\u00e1fica. Desempenhou a fun\u00e7\u00e3o do ministro do Ambiente e Biodiversidade, volta a ocupar a mesma pasta no executivo da iniciativa presidencial.&nbsp;<\/p>\n\n\n\n<hr class=\"wp-block-separator has-alpha-channel-opacity\"\/>\n\n\n\n<p class=\"wp-block-paragraph\"><strong>Augusto Gomes<\/strong><\/p>\n\n\n\n<figure class=\"wp-block-image size-large\"><a href=\"https:\/\/www.odemocratagb.com\/wp-content\/uploads\/2022\/06\/24.-Augusto-Gomes_Ministro-da-Cultura-Juventude-e-Desportos-scaled.jpg\"><img loading=\"lazy\" decoding=\"async\" width=\"680\" height=\"1024\" src=\"https:\/\/www.odemocratagb.com\/wp-content\/uploads\/2022\/06\/24.-Augusto-Gomes_Ministro-da-Cultura-Juventude-e-Desportos-680x1024.jpg\" alt=\"\" class=\"wp-image-38900\" srcset=\"https:\/\/www.odemocratagb.com\/wp-content\/uploads\/2022\/06\/24.-Augusto-Gomes_Ministro-da-Cultura-Juventude-e-Desportos-680x1024.jpg 680w, https:\/\/www.odemocratagb.com\/wp-content\/uploads\/2022\/06\/24.-Augusto-Gomes_Ministro-da-Cultura-Juventude-e-Desportos-199x300.jpg 199w, https:\/\/www.odemocratagb.com\/wp-content\/uploads\/2022\/06\/24.-Augusto-Gomes_Ministro-da-Cultura-Juventude-e-Desportos-768x1156.jpg 768w, https:\/\/www.odemocratagb.com\/wp-content\/uploads\/2022\/06\/24.-Augusto-Gomes_Ministro-da-Cultura-Juventude-e-Desportos-1020x1536.jpg 1020w, https:\/\/www.odemocratagb.com\/wp-content\/uploads\/2022\/06\/24.-Augusto-Gomes_Ministro-da-Cultura-Juventude-e-Desportos-1360x2048.jpg 1360w, https:\/\/www.odemocratagb.com\/wp-content\/uploads\/2022\/06\/24.-Augusto-Gomes_Ministro-da-Cultura-Juventude-e-Desportos-1230x1852.jpg 1230w, https:\/\/www.odemocratagb.com\/wp-content\/uploads\/2022\/06\/24.-Augusto-Gomes_Ministro-da-Cultura-Juventude-e-Desportos-scaled.jpg 1700w\" sizes=\"auto, (max-width: 680px) 100vw, 680px\" \/><\/a><\/figure>\n\n\n\n<p class=\"wp-block-paragraph\"><strong>Ministro da Cultura, Juventude e Desportos<\/strong><\/p>\n\n\n\n<p class=\"wp-block-paragraph\">Nascido a 03 de janeiro de 1964 em Canchungo, regi\u00e3o de Cacheu. Licenciado em direito pela Universidade Jean Piaget. Fez o curso m\u00e9dio do ingl\u00eas no Centro de Forma\u00e7\u00e3o Administrativa (CENFA). \u00c9 t\u00e9cnico superior banc\u00e1rio, formado no Instituto de forma\u00e7\u00e3o bancaria de Portugal em 1995\/1997. Em 2000\/2002, foi assessor principal do administrador provis\u00f3rio do Banco Internacional da Guin\u00e9-Bissau (BIGB). Em 2012 a 2014, desempenhou a fun\u00e7\u00e3o do diretor-geral da Presid\u00eancia da Rep\u00fablica. Desempenhou a fun\u00e7\u00e3o de chefe de gabinete do ministro da Presid\u00eancia do Conselho de Ministros desde junho de 2018 at\u00e9 a queda do governo de Aristides Gomes. Antes da remodela\u00e7\u00e3o do executivo, ocupava a pasta da Secretaria de Estado da Coopera\u00e7\u00e3o Internacional. Na remodela\u00e7\u00e3o governamental foi chamado para a pasta dos Transporte e Comunica\u00e7\u00e3o, depois demitido e nomeado para dirigir o minist\u00e9rio da Cultura, Juventude e Desportos e agora vai desempenhar a mesma fun\u00e7\u00e3o no governo da iniciativa presidencial.&nbsp;<\/p>\n\n\n\n<hr class=\"wp-block-separator has-alpha-channel-opacity\"\/>\n\n\n\n<p class=\"wp-block-paragraph\"><strong>SECRET\u00c1RIOS DE ESTADO:<\/strong><\/p>\n\n\n\n<p class=\"wp-block-paragraph\"><strong>Florentino Fernando Dias<\/strong><\/p>\n\n\n\n<figure class=\"wp-block-image size-large\"><a href=\"https:\/\/www.odemocratagb.com\/wp-content\/uploads\/2022\/06\/1.1.-Florentino-Fernando-Dias_Secretario-Estado-da-Presidencia-de-Conselho-de-Ministros-e-dos-Assuntos-Parlamentares.jpg\"><img loading=\"lazy\" decoding=\"async\" width=\"1007\" height=\"1024\" src=\"https:\/\/www.odemocratagb.com\/wp-content\/uploads\/2022\/06\/1.1.-Florentino-Fernando-Dias_Secretario-Estado-da-Presidencia-de-Conselho-de-Ministros-e-dos-Assuntos-Parlamentares-1007x1024.jpg\" alt=\"\" class=\"wp-image-38867\" srcset=\"https:\/\/www.odemocratagb.com\/wp-content\/uploads\/2022\/06\/1.1.-Florentino-Fernando-Dias_Secretario-Estado-da-Presidencia-de-Conselho-de-Ministros-e-dos-Assuntos-Parlamentares-1007x1024.jpg 1007w, https:\/\/www.odemocratagb.com\/wp-content\/uploads\/2022\/06\/1.1.-Florentino-Fernando-Dias_Secretario-Estado-da-Presidencia-de-Conselho-de-Ministros-e-dos-Assuntos-Parlamentares-295x300.jpg 295w, https:\/\/www.odemocratagb.com\/wp-content\/uploads\/2022\/06\/1.1.-Florentino-Fernando-Dias_Secretario-Estado-da-Presidencia-de-Conselho-de-Ministros-e-dos-Assuntos-Parlamentares-768x781.jpg 768w, https:\/\/www.odemocratagb.com\/wp-content\/uploads\/2022\/06\/1.1.-Florentino-Fernando-Dias_Secretario-Estado-da-Presidencia-de-Conselho-de-Ministros-e-dos-Assuntos-Parlamentares-1511x1536.jpg 1511w, https:\/\/www.odemocratagb.com\/wp-content\/uploads\/2022\/06\/1.1.-Florentino-Fernando-Dias_Secretario-Estado-da-Presidencia-de-Conselho-de-Ministros-e-dos-Assuntos-Parlamentares-1230x1251.jpg 1230w, https:\/\/www.odemocratagb.com\/wp-content\/uploads\/2022\/06\/1.1.-Florentino-Fernando-Dias_Secretario-Estado-da-Presidencia-de-Conselho-de-Ministros-e-dos-Assuntos-Parlamentares.jpg 1914w\" sizes=\"auto, (max-width: 1007px) 100vw, 1007px\" \/><\/a><\/figure>\n\n\n\n<p class=\"wp-block-paragraph\"><strong>Secret\u00e1rio de Estado da Presid\u00eancia de Conselho de Ministros e dos Assuntos Parlamentares:<\/strong><\/p>\n\n\n\n<p class=\"wp-block-paragraph\">Nasceu a 06 de janeiro de 1983. Faz parte dos militantes dos libertadores apoiantes do Grupo de 15 deputados dissidentes da fileira do PAIGC e agora dirigente do MADEM-G15. Licenciou-se em Direito pela Faculdade de Direito de Bissau, em 2007. Jurista e Advogado de Profiss\u00e3o. Membro Permanente e Fundador do Conselho do Trabalho e Di\u00e1logo Social da Uni\u00e3o Econ\u00f3mica Monet\u00e1ria Oeste Africana (UEMOA). Membro e fundador do Instituto Polit\u00e9cnico Academus, ocupou a fun\u00e7\u00e3o do Secret\u00e1rio de Estado da Juventude e Desportos no governo de Aristides Gomes, entre 2017\/2018. Ocupou a mesma fun\u00e7\u00e3o no executivo de Nuno Gomes Nabiam e na remodela\u00e7\u00e3o governamental foi chamado para a Secretaria de Estado da Presid\u00eancia de Conselho de Ministros e dos Assuntos Parlamentares e vai ocupar a mesma fun\u00e7\u00e3o neste governo.<\/p>\n\n\n\n<hr class=\"wp-block-separator has-alpha-channel-opacity\"\/>\n\n\n\n<p class=\"wp-block-paragraph\"><strong>Salom\u00e9 dos Santos Allouche<\/strong><\/p>\n\n\n\n<figure class=\"wp-block-image size-large\"><a href=\"https:\/\/www.odemocratagb.com\/wp-content\/uploads\/2022\/06\/2_Salome-dos-Santos-Allouche_Secretaria-de-Estado-das-Comunidades-scaled.jpg\"><img loading=\"lazy\" decoding=\"async\" width=\"683\" height=\"1024\" src=\"https:\/\/www.odemocratagb.com\/wp-content\/uploads\/2022\/06\/2_Salome-dos-Santos-Allouche_Secretaria-de-Estado-das-Comunidades-683x1024.jpg\" alt=\"\" class=\"wp-image-38869\" srcset=\"https:\/\/www.odemocratagb.com\/wp-content\/uploads\/2022\/06\/2_Salome-dos-Santos-Allouche_Secretaria-de-Estado-das-Comunidades-683x1024.jpg 683w, https:\/\/www.odemocratagb.com\/wp-content\/uploads\/2022\/06\/2_Salome-dos-Santos-Allouche_Secretaria-de-Estado-das-Comunidades-200x300.jpg 200w, https:\/\/www.odemocratagb.com\/wp-content\/uploads\/2022\/06\/2_Salome-dos-Santos-Allouche_Secretaria-de-Estado-das-Comunidades-768x1151.jpg 768w, https:\/\/www.odemocratagb.com\/wp-content\/uploads\/2022\/06\/2_Salome-dos-Santos-Allouche_Secretaria-de-Estado-das-Comunidades-1025x1536.jpg 1025w, https:\/\/www.odemocratagb.com\/wp-content\/uploads\/2022\/06\/2_Salome-dos-Santos-Allouche_Secretaria-de-Estado-das-Comunidades-1367x2048.jpg 1367w, https:\/\/www.odemocratagb.com\/wp-content\/uploads\/2022\/06\/2_Salome-dos-Santos-Allouche_Secretaria-de-Estado-das-Comunidades-1230x1843.jpg 1230w, https:\/\/www.odemocratagb.com\/wp-content\/uploads\/2022\/06\/2_Salome-dos-Santos-Allouche_Secretaria-de-Estado-das-Comunidades-scaled.jpg 1708w\" sizes=\"auto, (max-width: 683px) 100vw, 683px\" \/><\/a><\/figure>\n\n\n\n<p class=\"wp-block-paragraph\"><strong>Secret\u00e1ria de Estado das Comunidades:<\/strong><\/p>\n\n\n\n<p class=\"wp-block-paragraph\">Salom\u00e9 Augusta Lopes dos Santos Allouche nasceu a 11 de Dezembro de 1974, em Quinhamel, regi\u00e3o de Biombo. Estudou na Escola C+S de Viena do Alentejo em Portugal. Fez a licenciatura em Direito pela Faculdade de Direito de Bissau em 2009. Fez tamb\u00e9m o curso de Direito da Bio\u00e9tica da Medicina na Universidade de Lisboa (Faculdade de Direito). Participou no semin\u00e1rio nacional sobre Coordena\u00e7\u00e3o, Coopera\u00e7\u00e3o e trocas de informa\u00e7\u00f5es entre minist\u00e9rio p\u00fablico, magistrados judiciais e as policiais em Bissau. Dirigente do Movimento para a Altern\u00e2ncia Democr\u00e1tica (MADEM), foi eleita deputada da Na\u00e7\u00e3o na 10\u00aa legislatura. Ocupou a fun\u00e7\u00e3o de Secret\u00e1ria de Estado das Comunidades e volta ocupar a mesma fun\u00e7\u00e3o.<\/p>\n\n\n\n<hr class=\"wp-block-separator has-alpha-channel-opacity\"\/>\n\n\n\n<p class=\"wp-block-paragraph\"><strong>Ude Fati<\/strong><\/p>\n\n\n\n<figure class=\"wp-block-image size-large\"><a href=\"https:\/\/www.odemocratagb.com\/wp-content\/uploads\/2022\/06\/3.1.-Ude-Fati_Secretario-de-Estado-da-Cooperacao-Internacional-scaled.jpg\"><img loading=\"lazy\" decoding=\"async\" width=\"683\" height=\"1024\" src=\"https:\/\/www.odemocratagb.com\/wp-content\/uploads\/2022\/06\/3.1.-Ude-Fati_Secretario-de-Estado-da-Cooperacao-Internacional-683x1024.jpg\" alt=\"\" class=\"wp-image-38871\" srcset=\"https:\/\/www.odemocratagb.com\/wp-content\/uploads\/2022\/06\/3.1.-Ude-Fati_Secretario-de-Estado-da-Cooperacao-Internacional-683x1024.jpg 683w, https:\/\/www.odemocratagb.com\/wp-content\/uploads\/2022\/06\/3.1.-Ude-Fati_Secretario-de-Estado-da-Cooperacao-Internacional-200x300.jpg 200w, https:\/\/www.odemocratagb.com\/wp-content\/uploads\/2022\/06\/3.1.-Ude-Fati_Secretario-de-Estado-da-Cooperacao-Internacional-768x1151.jpg 768w, https:\/\/www.odemocratagb.com\/wp-content\/uploads\/2022\/06\/3.1.-Ude-Fati_Secretario-de-Estado-da-Cooperacao-Internacional-1025x1536.jpg 1025w, https:\/\/www.odemocratagb.com\/wp-content\/uploads\/2022\/06\/3.1.-Ude-Fati_Secretario-de-Estado-da-Cooperacao-Internacional-1367x2048.jpg 1367w, https:\/\/www.odemocratagb.com\/wp-content\/uploads\/2022\/06\/3.1.-Ude-Fati_Secretario-de-Estado-da-Cooperacao-Internacional-1230x1843.jpg 1230w, https:\/\/www.odemocratagb.com\/wp-content\/uploads\/2022\/06\/3.1.-Ude-Fati_Secretario-de-Estado-da-Cooperacao-Internacional-scaled.jpg 1708w\" sizes=\"auto, (max-width: 683px) 100vw, 683px\" \/><\/a><\/figure>\n\n\n\n<p class=\"wp-block-paragraph\"><strong>Secret\u00e1ria de Estado da Coopera\u00e7\u00e3o Internacional<\/strong><\/p>\n\n\n\n<p class=\"wp-block-paragraph\">Ud\u00e9 Fati nasceu a 11 de Julho de 1976, em Bissau. Em 2001, licenciou-se em ci\u00eancias econ\u00f3micas, concentra\u00e7\u00e3o economia internacional pela Universit\u00e9 de Qu\u00e9bec \u00e0 Montr\u00e9al (UQAM), em Canada. Fez forma\u00e7\u00e3o em Programa de Lideran\u00e7a Internacional para Visitantes externos (IVLP) do governo dos Estados Unidos de Am\u00e9rica. De 2018 \u00e0 2021, foi diretora e coordenadora ONG Voz di Paz, uma iniciativa para a Consolida\u00e7\u00e3o da Paz na Guin\u00e9-Bissau.<strong> <\/strong>Foi professora na Universidade Cat\u00f3lica da Africa Ocidental (UCAO). Comentadora e analista de quest\u00f5es ligadas ao g\u00e9nero e consolida\u00e7\u00e3o da paz em diferentes plataformas de comunica\u00e7\u00e3o, foi ponto focal New Deal para a Guin\u00e9-Bissau e Plataforma da Sociedade Civil para a Consolida\u00e7\u00e3o da Paz e Refor\u00e7o do Estado. Ocupou a pasta de Secretaria de Estado da Coopera\u00e7\u00e3o Internacional e volta a ocupar a mesma pasta.<\/p>\n\n\n\n<hr class=\"wp-block-separator has-alpha-channel-opacity\"\/>\n\n\n\n<p class=\"wp-block-paragraph\"><strong>Jo\u00e3o Alberto Djata<\/strong><\/p>\n\n\n\n<figure class=\"wp-block-image size-large\"><a href=\"https:\/\/www.odemocratagb.com\/wp-content\/uploads\/2022\/06\/4_Joao-ALberto-Djata_Secretario-de-Estado-do-Orcamento-e-dos-Assuntos-Fiscais-scaled.jpg\"><img loading=\"lazy\" decoding=\"async\" width=\"683\" height=\"1024\" src=\"https:\/\/www.odemocratagb.com\/wp-content\/uploads\/2022\/06\/4_Joao-ALberto-Djata_Secretario-de-Estado-do-Orcamento-e-dos-Assuntos-Fiscais-683x1024.jpg\" alt=\"\" class=\"wp-image-38873\" srcset=\"https:\/\/www.odemocratagb.com\/wp-content\/uploads\/2022\/06\/4_Joao-ALberto-Djata_Secretario-de-Estado-do-Orcamento-e-dos-Assuntos-Fiscais-683x1024.jpg 683w, https:\/\/www.odemocratagb.com\/wp-content\/uploads\/2022\/06\/4_Joao-ALberto-Djata_Secretario-de-Estado-do-Orcamento-e-dos-Assuntos-Fiscais-200x300.jpg 200w, https:\/\/www.odemocratagb.com\/wp-content\/uploads\/2022\/06\/4_Joao-ALberto-Djata_Secretario-de-Estado-do-Orcamento-e-dos-Assuntos-Fiscais-768x1151.jpg 768w, https:\/\/www.odemocratagb.com\/wp-content\/uploads\/2022\/06\/4_Joao-ALberto-Djata_Secretario-de-Estado-do-Orcamento-e-dos-Assuntos-Fiscais-1025x1536.jpg 1025w, https:\/\/www.odemocratagb.com\/wp-content\/uploads\/2022\/06\/4_Joao-ALberto-Djata_Secretario-de-Estado-do-Orcamento-e-dos-Assuntos-Fiscais-1367x2048.jpg 1367w, https:\/\/www.odemocratagb.com\/wp-content\/uploads\/2022\/06\/4_Joao-ALberto-Djata_Secretario-de-Estado-do-Orcamento-e-dos-Assuntos-Fiscais-1230x1843.jpg 1230w, https:\/\/www.odemocratagb.com\/wp-content\/uploads\/2022\/06\/4_Joao-ALberto-Djata_Secretario-de-Estado-do-Orcamento-e-dos-Assuntos-Fiscais-scaled.jpg 1708w\" sizes=\"auto, (max-width: 683px) 100vw, 683px\" \/><\/a><\/figure>\n\n\n\n<p class=\"wp-block-paragraph\"><strong>Secret\u00e1rio de Estado do Or\u00e7amento e Assuntos Fiscais:<\/strong><\/p>\n\n\n\n<p class=\"wp-block-paragraph\">Nasceu a 22 de fevereiro de 1973, em S\u00e3o Domingos, regi\u00e3o de Cacheu, norte do pa\u00eds. Licenciou-se na \u00e1rea de Gest\u00e3o Econ\u00f3mica pela Universidade Bourguiba de Dakar, em 2007. Mestre em Gest\u00e3o Econ\u00f3mica, na \u00e1rea de Banco \u2013 Seguros e Finan\u00e7as. Dirigente do PRS e membro do Conselho Nacional e da Comiss\u00e3o Pol\u00edtica Nacional, tendo sido eleito deputado da na\u00e7\u00e3o na d\u00e9cima legislatura. Professor universit\u00e1rio do Curso de Contabilidade Financeira na Universidade Lus\u00f3fona da Guin\u00e9. S\u00f3cio e Diretor Administrativo da Empresa &#8220;West Africa Financial Consulting&#8221;. Consultor Independente nas \u00e1reas de economia, gest\u00e3o, finan\u00e7as e fiscalidade, foi Secret\u00e1rio de Estado do Or\u00e7amento e Assuntos Fiscais no executivo de Aristides Gomes&nbsp;e volta a ser chamado para desempenhar esta mesma fun\u00e7\u00e3o no governo da iniciativa presidencial.&nbsp;&nbsp;&nbsp;<strong>&nbsp;<\/strong><\/p>\n\n\n\n<hr class=\"wp-block-separator has-alpha-channel-opacity\"\/>\n\n\n\n<p class=\"wp-block-paragraph\"><strong>Il\u00eddio Vieira T\u00e9<\/strong><\/p>\n\n\n\n<figure class=\"wp-block-image size-large\"><a href=\"https:\/\/www.odemocratagb.com\/wp-content\/uploads\/2022\/06\/5_Ilidio-Vieira-Te_Secretario-de-Estado-do-Tesouro-scaled.jpg\"><img loading=\"lazy\" decoding=\"async\" width=\"1024\" height=\"918\" src=\"https:\/\/www.odemocratagb.com\/wp-content\/uploads\/2022\/06\/5_Ilidio-Vieira-Te_Secretario-de-Estado-do-Tesouro-1024x918.jpg\" alt=\"\" class=\"wp-image-38875\" srcset=\"https:\/\/www.odemocratagb.com\/wp-content\/uploads\/2022\/06\/5_Ilidio-Vieira-Te_Secretario-de-Estado-do-Tesouro-1024x918.jpg 1024w, https:\/\/www.odemocratagb.com\/wp-content\/uploads\/2022\/06\/5_Ilidio-Vieira-Te_Secretario-de-Estado-do-Tesouro-300x269.jpg 300w, https:\/\/www.odemocratagb.com\/wp-content\/uploads\/2022\/06\/5_Ilidio-Vieira-Te_Secretario-de-Estado-do-Tesouro-768x688.jpg 768w, https:\/\/www.odemocratagb.com\/wp-content\/uploads\/2022\/06\/5_Ilidio-Vieira-Te_Secretario-de-Estado-do-Tesouro-1536x1377.jpg 1536w, https:\/\/www.odemocratagb.com\/wp-content\/uploads\/2022\/06\/5_Ilidio-Vieira-Te_Secretario-de-Estado-do-Tesouro-2048x1836.jpg 2048w, https:\/\/www.odemocratagb.com\/wp-content\/uploads\/2022\/06\/5_Ilidio-Vieira-Te_Secretario-de-Estado-do-Tesouro-1230x1103.jpg 1230w\" sizes=\"auto, (max-width: 1024px) 100vw, 1024px\" \/><\/a><\/figure>\n\n\n\n<p class=\"wp-block-paragraph\"><strong>Secret\u00e1rio de Estado do Tesouro<\/strong><\/p>\n\n\n\n<p class=\"wp-block-paragraph\">Nasceu no dia 05 de maio de 1983. Licenciou-se em Direito P\u00fablico, em 2007 e Mestrado em Direitos Humanos Interculturais e Desenvolvimento pela Universidade Pablo de Olavide (Espanha-Sevilha, em2009). Dirigente do Partido da Renova\u00e7\u00e3o Social. Foi diretor de Servi\u00e7o da Organiza\u00e7\u00e3o Administrativa do Minist\u00e9rio da Fun\u00e7\u00e3o P\u00fablica. Diretor de Gabinete do ministro da Fun\u00e7\u00e3o P\u00fablica, Trabalho e Seguran\u00e7a Social. Secret\u00e1rio-geral do Minist\u00e9rio da Administra\u00e7\u00e3o P\u00fablica, Trabalho e Reforma Administrativa,e ntre 2018\/2019. Secret\u00e1rio de Estado do Tesouro e vai continuar na mesma fun\u00e7\u00e3o no governo da iniciativa presidencial.<\/p>\n\n\n\n<hr class=\"wp-block-separator has-alpha-channel-opacity\"\/>\n\n\n\n<p class=\"wp-block-paragraph\"><strong>M\u00f3nica Buar\u00f3 da Costa<\/strong><\/p>\n\n\n\n<figure class=\"wp-block-image size-large\"><a href=\"https:\/\/www.odemocratagb.com\/wp-content\/uploads\/2022\/06\/6_Monica-Buaro-da-Costa_Secretaria-de-Estado-de-Plano-e-Integracao-Regional.jpg\"><img loading=\"lazy\" decoding=\"async\" width=\"1024\" height=\"1011\" src=\"https:\/\/www.odemocratagb.com\/wp-content\/uploads\/2022\/06\/6_Monica-Buaro-da-Costa_Secretaria-de-Estado-de-Plano-e-Integracao-Regional-1024x1011.jpg\" alt=\"\" class=\"wp-image-38877\" srcset=\"https:\/\/www.odemocratagb.com\/wp-content\/uploads\/2022\/06\/6_Monica-Buaro-da-Costa_Secretaria-de-Estado-de-Plano-e-Integracao-Regional-1024x1011.jpg 1024w, https:\/\/www.odemocratagb.com\/wp-content\/uploads\/2022\/06\/6_Monica-Buaro-da-Costa_Secretaria-de-Estado-de-Plano-e-Integracao-Regional-300x296.jpg 300w, https:\/\/www.odemocratagb.com\/wp-content\/uploads\/2022\/06\/6_Monica-Buaro-da-Costa_Secretaria-de-Estado-de-Plano-e-Integracao-Regional-768x758.jpg 768w, https:\/\/www.odemocratagb.com\/wp-content\/uploads\/2022\/06\/6_Monica-Buaro-da-Costa_Secretaria-de-Estado-de-Plano-e-Integracao-Regional-1536x1516.jpg 1536w, https:\/\/www.odemocratagb.com\/wp-content\/uploads\/2022\/06\/6_Monica-Buaro-da-Costa_Secretaria-de-Estado-de-Plano-e-Integracao-Regional-1230x1214.jpg 1230w, https:\/\/www.odemocratagb.com\/wp-content\/uploads\/2022\/06\/6_Monica-Buaro-da-Costa_Secretaria-de-Estado-de-Plano-e-Integracao-Regional-100x100.jpg 100w, https:\/\/www.odemocratagb.com\/wp-content\/uploads\/2022\/06\/6_Monica-Buaro-da-Costa_Secretaria-de-Estado-de-Plano-e-Integracao-Regional.jpg 2010w\" sizes=\"auto, (max-width: 1024px) 100vw, 1024px\" \/><\/a><\/figure>\n\n\n\n<p class=\"wp-block-paragraph\"><strong>Secret\u00e1ria de Estado de Plano e Integra\u00e7\u00e3o Regional<\/strong><\/p>\n\n\n\n<p class=\"wp-block-paragraph\">Nasceu no dia 29 de outubro 1978, em Contuboel, regiao de Bafat\u00e1.&nbsp; Tem P\u00f3s-gradua\u00e7\u00e3o na Administra\u00e7\u00e3o P\u00fablica- pelo INA- Instituto Nacional de Administra\u00e7\u00e3o P\u00fablica (Portugal), em 2015. Funcion\u00e1ria da Assembleia Nacional Popular da Guin\u00e9-Bissau (ANP ). Foi secret\u00e1ria do 2\u00ba Secret\u00e1rio da ANP, em 2009. De 2013 a 2014 Expertise SARL-Consultora Associada para os dom\u00ednios de estudos, diagn\u00f3sticos e forma\u00e7\u00f5es. Consultora do PNUD para a realiza\u00e7\u00e3o de estudo\/pesquisa sobre o estado do servi\u00e7o p\u00fablico em \u00c1frica SOPSA, de 2015\/2016. Foi diretora-geral da R\u00e1dio Difus\u00e3o Nacional (RDN). Foi diretora-geral da Descentraliza\u00e7\u00e3o Administrativa- Minist\u00e9rio da Administra\u00e7\u00e3o Territorial. Secretaria de Estado do Plano e Integra\u00e7\u00e3o Regional e continua na mesma fun\u00e7\u00e3o deste executivo.<\/p>\n\n\n\n<hr class=\"wp-block-separator has-alpha-channel-opacity\"\/>\n\n\n\n<p class=\"wp-block-paragraph\"><strong>Fernando Augusto Cabi <\/strong><\/p>\n\n\n\n<figure class=\"wp-block-image size-large\"><a href=\"https:\/\/www.odemocratagb.com\/wp-content\/uploads\/2022\/06\/7_Fernando-Augusto-Cabi_Secretario-de-Estado-da-Ordem-Publica-scaled.jpg\"><img loading=\"lazy\" decoding=\"async\" width=\"683\" height=\"1024\" src=\"https:\/\/www.odemocratagb.com\/wp-content\/uploads\/2022\/06\/7_Fernando-Augusto-Cabi_Secretario-de-Estado-da-Ordem-Publica-683x1024.jpg\" alt=\"\" class=\"wp-image-38879\" srcset=\"https:\/\/www.odemocratagb.com\/wp-content\/uploads\/2022\/06\/7_Fernando-Augusto-Cabi_Secretario-de-Estado-da-Ordem-Publica-683x1024.jpg 683w, https:\/\/www.odemocratagb.com\/wp-content\/uploads\/2022\/06\/7_Fernando-Augusto-Cabi_Secretario-de-Estado-da-Ordem-Publica-200x300.jpg 200w, https:\/\/www.odemocratagb.com\/wp-content\/uploads\/2022\/06\/7_Fernando-Augusto-Cabi_Secretario-de-Estado-da-Ordem-Publica-768x1151.jpg 768w, https:\/\/www.odemocratagb.com\/wp-content\/uploads\/2022\/06\/7_Fernando-Augusto-Cabi_Secretario-de-Estado-da-Ordem-Publica-1025x1536.jpg 1025w, https:\/\/www.odemocratagb.com\/wp-content\/uploads\/2022\/06\/7_Fernando-Augusto-Cabi_Secretario-de-Estado-da-Ordem-Publica-1367x2048.jpg 1367w, https:\/\/www.odemocratagb.com\/wp-content\/uploads\/2022\/06\/7_Fernando-Augusto-Cabi_Secretario-de-Estado-da-Ordem-Publica-1230x1843.jpg 1230w, https:\/\/www.odemocratagb.com\/wp-content\/uploads\/2022\/06\/7_Fernando-Augusto-Cabi_Secretario-de-Estado-da-Ordem-Publica-scaled.jpg 1708w\" sizes=\"auto, (max-width: 683px) 100vw, 683px\" \/><\/a><\/figure>\n\n\n\n<p class=\"wp-block-paragraph\"><strong>Secret\u00e1rio de Estado da Ordem P\u00fablica:<\/strong><\/p>\n\n\n\n<p class=\"wp-block-paragraph\">Indispon\u00edvel<strong>!<\/strong><\/p>\n\n\n\n<hr class=\"wp-block-separator has-alpha-channel-opacity\"\/>\n\n\n\n<p class=\"wp-block-paragraph\"><strong>Francelino Cunha<\/strong><\/p>\n\n\n\n<figure class=\"wp-block-image size-large\"><a href=\"https:\/\/www.odemocratagb.com\/wp-content\/uploads\/2022\/06\/8_Francelino-Cunha_Secretario-de-Estado-da-Cultura-scaled.jpg\"><img loading=\"lazy\" decoding=\"async\" width=\"683\" height=\"1024\" src=\"https:\/\/www.odemocratagb.com\/wp-content\/uploads\/2022\/06\/8_Francelino-Cunha_Secretario-de-Estado-da-Cultura-683x1024.jpg\" alt=\"\" class=\"wp-image-38881\" srcset=\"https:\/\/www.odemocratagb.com\/wp-content\/uploads\/2022\/06\/8_Francelino-Cunha_Secretario-de-Estado-da-Cultura-683x1024.jpg 683w, https:\/\/www.odemocratagb.com\/wp-content\/uploads\/2022\/06\/8_Francelino-Cunha_Secretario-de-Estado-da-Cultura-200x300.jpg 200w, https:\/\/www.odemocratagb.com\/wp-content\/uploads\/2022\/06\/8_Francelino-Cunha_Secretario-de-Estado-da-Cultura-768x1151.jpg 768w, https:\/\/www.odemocratagb.com\/wp-content\/uploads\/2022\/06\/8_Francelino-Cunha_Secretario-de-Estado-da-Cultura-1025x1536.jpg 1025w, https:\/\/www.odemocratagb.com\/wp-content\/uploads\/2022\/06\/8_Francelino-Cunha_Secretario-de-Estado-da-Cultura-1367x2048.jpg 1367w, https:\/\/www.odemocratagb.com\/wp-content\/uploads\/2022\/06\/8_Francelino-Cunha_Secretario-de-Estado-da-Cultura-1230x1843.jpg 1230w, https:\/\/www.odemocratagb.com\/wp-content\/uploads\/2022\/06\/8_Francelino-Cunha_Secretario-de-Estado-da-Cultura-scaled.jpg 1708w\" sizes=\"auto, (max-width: 683px) 100vw, 683px\" \/><\/a><\/figure>\n\n\n\n<p class=\"wp-block-paragraph\"><strong>Secret\u00e1rio de Estado da Cultura<\/strong><\/p>\n\n\n\n<p class=\"wp-block-paragraph\">Nasceu no dia 15 de junho de 1965 na cidade de Bolama, regi\u00e3o de Bolama Bijag\u00f3s. Jornalista de forma\u00e7\u00e3o. Tem licenciatura e mestrado em jornalismo pela Universidade Estatal de Veronej, Rep\u00fablica Federativa&nbsp; da R\u00fassia. Professor universit\u00e1rio e docente das cadeiras de jornalismo Radiof\u00f3nico e Televisivo h\u00e1 v\u00e1rios anos na Universidade Am\u00edlcar Cabral (AC) e mais tarde na Universidade Lus\u00f3fona da Guin\u00e9 (ULG).&nbsp; Na Televis\u00e3o da Guin\u00e9-Bissau (TGB) \u00e9 o local onde durante 20 anos consecutivos prestou servi\u00e7os como jornalista. Ocupou o cargo do diretor de informa\u00e7\u00e3o, diretor-geral e Presidente do Conselho de Administra\u00e7\u00e3o, fun\u00e7\u00f5es que exerceu at\u00e9 \u00e0 sua nomea\u00e7\u00e3o ao cargo de Secret\u00e1rio de Estado da Cultura e vai continuar a exercer a mesma fun\u00e7\u00e3o no governo da iniciativa presidencial.&nbsp;<\/p>\n\n\n\n<hr class=\"wp-block-separator has-alpha-channel-opacity\"\/>\n\n\n\n<p class=\"wp-block-paragraph\"><strong>Augusto Nhaga<\/strong><\/p>\n\n\n\n<figure class=\"wp-block-image size-large\"><a href=\"https:\/\/www.odemocratagb.com\/wp-content\/uploads\/2022\/06\/9_Augusto-Nhaga_Secretario-de-Estado-dos-Combatentes-da-Liberdade-da-Patria-scaled.jpg\"><img loading=\"lazy\" decoding=\"async\" width=\"765\" height=\"1024\" src=\"https:\/\/www.odemocratagb.com\/wp-content\/uploads\/2022\/06\/9_Augusto-Nhaga_Secretario-de-Estado-dos-Combatentes-da-Liberdade-da-Patria-765x1024.jpg\" alt=\"\" class=\"wp-image-38883\" srcset=\"https:\/\/www.odemocratagb.com\/wp-content\/uploads\/2022\/06\/9_Augusto-Nhaga_Secretario-de-Estado-dos-Combatentes-da-Liberdade-da-Patria-765x1024.jpg 765w, https:\/\/www.odemocratagb.com\/wp-content\/uploads\/2022\/06\/9_Augusto-Nhaga_Secretario-de-Estado-dos-Combatentes-da-Liberdade-da-Patria-224x300.jpg 224w, https:\/\/www.odemocratagb.com\/wp-content\/uploads\/2022\/06\/9_Augusto-Nhaga_Secretario-de-Estado-dos-Combatentes-da-Liberdade-da-Patria-768x1028.jpg 768w, https:\/\/www.odemocratagb.com\/wp-content\/uploads\/2022\/06\/9_Augusto-Nhaga_Secretario-de-Estado-dos-Combatentes-da-Liberdade-da-Patria-1148x1536.jpg 1148w, https:\/\/www.odemocratagb.com\/wp-content\/uploads\/2022\/06\/9_Augusto-Nhaga_Secretario-de-Estado-dos-Combatentes-da-Liberdade-da-Patria-1531x2048.jpg 1531w, https:\/\/www.odemocratagb.com\/wp-content\/uploads\/2022\/06\/9_Augusto-Nhaga_Secretario-de-Estado-dos-Combatentes-da-Liberdade-da-Patria-1230x1646.jpg 1230w, https:\/\/www.odemocratagb.com\/wp-content\/uploads\/2022\/06\/9_Augusto-Nhaga_Secretario-de-Estado-dos-Combatentes-da-Liberdade-da-Patria-scaled.jpg 1913w\" sizes=\"auto, (max-width: 765px) 100vw, 765px\" \/><\/a><\/figure>\n\n\n\n<p class=\"wp-block-paragraph\"><strong>Secret\u00e1rio de Estado dos Combatentes da Liberdade da P\u00e1tria<\/strong><\/p>\n\n\n\n<p class=\"wp-block-paragraph\">Nasceu em Bissalanca, Setor de Safim, Regi\u00e3o de Biombo. Licenciado em Direito (Men\u00e7\u00e3o em Administra\u00e7\u00e3o P\u00fablica), em 2009. Deputado da na\u00e7\u00e3o na VI\u00aa legislatura, 1999-2003. Membro da Comiss\u00e3o Especializada para os Assuntos Jur\u00eddicos, Constitucionais, Administra\u00e7\u00e3o P\u00fablica e Direitos Humanos e membro da Comiss\u00e3o Ad-hoc para os Assuntos da Mulher e Crian\u00e7a. Em 2010, consultor para elabora\u00e7\u00e3o da lei de bases do Ambiente e do regulamento da Inspe\u00e7\u00e3o Ambiental e no mesmo ano consultor para finaliza\u00e7\u00e3o do projeto da lei de avalia\u00e7\u00e3o ambiental. No ano 2011, consultor para elabora\u00e7\u00e3o do regulamento do fundo para o ambiente.&nbsp; Dirigente da Resist\u00eancia da Guin\u00e9-Bissau \u2013 Movimento Bafat\u00e1. Secret\u00e1rio de Estado dos Combatentes da Liberdade da P\u00e1tria e reconduzido a ocupar mesma fun\u00e7\u00e3o neste executivo.<\/p>\n\n\n\n<hr class=\"wp-block-separator has-alpha-channel-opacity\"\/>\n\n\n\n<p class=\"wp-block-paragraph\"><strong>F\u00e1tima Mendes Alves Vieira <\/strong><\/p>\n\n\n\n<figure class=\"wp-block-image size-large\"><a href=\"https:\/\/www.odemocratagb.com\/wp-content\/uploads\/2022\/06\/10_Fatima-Mendes-Alves-Vieira_Secretaria-de-Estado-da-Gestao-Hospital-scaled.jpg\"><img loading=\"lazy\" decoding=\"async\" width=\"683\" height=\"1024\" src=\"https:\/\/www.odemocratagb.com\/wp-content\/uploads\/2022\/06\/10_Fatima-Mendes-Alves-Vieira_Secretaria-de-Estado-da-Gestao-Hospital-683x1024.jpg\" alt=\"\" class=\"wp-image-38885\" srcset=\"https:\/\/www.odemocratagb.com\/wp-content\/uploads\/2022\/06\/10_Fatima-Mendes-Alves-Vieira_Secretaria-de-Estado-da-Gestao-Hospital-683x1024.jpg 683w, https:\/\/www.odemocratagb.com\/wp-content\/uploads\/2022\/06\/10_Fatima-Mendes-Alves-Vieira_Secretaria-de-Estado-da-Gestao-Hospital-200x300.jpg 200w, https:\/\/www.odemocratagb.com\/wp-content\/uploads\/2022\/06\/10_Fatima-Mendes-Alves-Vieira_Secretaria-de-Estado-da-Gestao-Hospital-768x1151.jpg 768w, https:\/\/www.odemocratagb.com\/wp-content\/uploads\/2022\/06\/10_Fatima-Mendes-Alves-Vieira_Secretaria-de-Estado-da-Gestao-Hospital-1025x1536.jpg 1025w, https:\/\/www.odemocratagb.com\/wp-content\/uploads\/2022\/06\/10_Fatima-Mendes-Alves-Vieira_Secretaria-de-Estado-da-Gestao-Hospital-1367x2048.jpg 1367w, https:\/\/www.odemocratagb.com\/wp-content\/uploads\/2022\/06\/10_Fatima-Mendes-Alves-Vieira_Secretaria-de-Estado-da-Gestao-Hospital-1230x1843.jpg 1230w, https:\/\/www.odemocratagb.com\/wp-content\/uploads\/2022\/06\/10_Fatima-Mendes-Alves-Vieira_Secretaria-de-Estado-da-Gestao-Hospital-scaled.jpg 1708w\" sizes=\"auto, (max-width: 683px) 100vw, 683px\" \/><\/a><\/figure>\n\n\n\n<p class=\"wp-block-paragraph\"><strong>Secret\u00e1ria de Estado da Gest\u00e3o Hospitalar:<\/strong><\/p>\n\n\n\n<p class=\"wp-block-paragraph\">Indispon\u00edvel!<\/p>\n\n\n\n<hr class=\"wp-block-separator has-alpha-channel-opacity\"\/>\n\n\n\n<p class=\"wp-block-paragraph\"><strong>Agostinho Intante Dj\u00fa <\/strong><\/p>\n\n\n\n<figure class=\"wp-block-image size-large\"><a href=\"https:\/\/www.odemocratagb.com\/wp-content\/uploads\/2022\/06\/11_Agostinho-Intante-Dju_Secretario-de-Estado-da-Juventude-e-Formacao-Profissional.jpg\"><img loading=\"lazy\" decoding=\"async\" width=\"1024\" height=\"968\" src=\"https:\/\/www.odemocratagb.com\/wp-content\/uploads\/2022\/06\/11_Agostinho-Intante-Dju_Secretario-de-Estado-da-Juventude-e-Formacao-Profissional-1024x968.jpg\" alt=\"\" class=\"wp-image-38887\" srcset=\"https:\/\/www.odemocratagb.com\/wp-content\/uploads\/2022\/06\/11_Agostinho-Intante-Dju_Secretario-de-Estado-da-Juventude-e-Formacao-Profissional-1024x968.jpg 1024w, https:\/\/www.odemocratagb.com\/wp-content\/uploads\/2022\/06\/11_Agostinho-Intante-Dju_Secretario-de-Estado-da-Juventude-e-Formacao-Profissional-300x284.jpg 300w, https:\/\/www.odemocratagb.com\/wp-content\/uploads\/2022\/06\/11_Agostinho-Intante-Dju_Secretario-de-Estado-da-Juventude-e-Formacao-Profissional-768x726.jpg 768w, https:\/\/www.odemocratagb.com\/wp-content\/uploads\/2022\/06\/11_Agostinho-Intante-Dju_Secretario-de-Estado-da-Juventude-e-Formacao-Profissional-1536x1453.jpg 1536w, https:\/\/www.odemocratagb.com\/wp-content\/uploads\/2022\/06\/11_Agostinho-Intante-Dju_Secretario-de-Estado-da-Juventude-e-Formacao-Profissional-2048x1937.jpg 2048w, https:\/\/www.odemocratagb.com\/wp-content\/uploads\/2022\/06\/11_Agostinho-Intante-Dju_Secretario-de-Estado-da-Juventude-e-Formacao-Profissional-1230x1163.jpg 1230w\" sizes=\"auto, (max-width: 1024px) 100vw, 1024px\" \/><\/a><\/figure>\n\n\n\n<p class=\"wp-block-paragraph\"><strong>Secret\u00e1rio de Estado da Juventude e Forma\u00e7\u00e3o Profissional:<\/strong><\/p>\n\n\n\n<p class=\"wp-block-paragraph\">Nasceu a 02 de maio de 1972 em Biombo, fez&nbsp; os estudos prim\u00e1rios em Biombo. \u00c9 licenciado em Direito pela Universidade Lus\u00f3fona. Funcion\u00e1rio do minist\u00e9rio da Justi\u00e7a, Conservador\/Not\u00e1rio de profiss\u00e3o. Fez p\u00f4s gradua\u00e7\u00e3o em direito da Ohada. Dirigente da Resist\u00eancia da Guin\u00e9-Bissau (Movimento Bafat\u00e1) e esta \u00e9 a primeira vez que assume uma pasta governamental.<\/p>\n\n\n\n<p class=\"wp-block-paragraph\"><\/p>\n\n\n\n<p class=\"wp-block-paragraph\"><\/p>\n\n\n\n<p class=\"wp-block-paragraph\"><\/p>\n\n\n\n<p class=\"wp-block-paragraph\"><strong>Por: Reda\u00e7\u00e3o<\/strong><\/p>\n","protected":false},"excerpt":{"rendered":"<p>Conhe\u00e7a o percurso acad\u00e9mico e pol\u00edtico dos membros do governo da iniciativa presidencial formado maioritariamente por elementos de partidos que&#8230;<\/p>\n","protected":false},"author":4,"featured_media":38677,"comment_status":"open","ping_status":"open","sticky":false,"template":"","format":"standard","meta":{"footnotes":""},"categories":[7],"tags":[],"class_list":["post-38942","post","type-post","status-publish","format-standard","has-post-thumbnail","hentry","category-politica","wpcat-7-id"],"yoast_head":"<!-- This site is optimized with the Yoast SEO plugin v27.5 - https:\/\/yoast.com\/product\/yoast-seo-wordpress\/ -->\n<title>Governo de iniciativa presidencial: CONHE\u00c7A PERCURSO ACAD\u00c9MICO E POL\u00cdTICO DA EQUIPA GOVERNAMENTAL\u00a0 - O Democrata GB<\/title>\n<meta name=\"robots\" content=\"index, follow, max-snippet:-1, max-image-preview:large, max-video-preview:-1\" \/>\n<link rel=\"canonical\" href=\"https:\/\/www.odemocratagb.com\/?p=38942\" \/>\n<meta property=\"og:locale\" content=\"pt_BR\" \/>\n<meta property=\"og:type\" content=\"article\" \/>\n<meta property=\"og:title\" content=\"Governo de iniciativa presidencial: CONHE\u00c7A PERCURSO ACAD\u00c9MICO E POL\u00cdTICO DA EQUIPA GOVERNAMENTAL\u00a0 - O Democrata GB\" \/>\n<meta property=\"og:description\" content=\"Conhe\u00e7a o percurso acad\u00e9mico e pol\u00edtico dos membros do governo da iniciativa presidencial formado maioritariamente por elementos de partidos que...\" \/>\n<meta property=\"og:url\" content=\"https:\/\/www.odemocratagb.com\/?p=38942\" \/>\n<meta property=\"og:site_name\" content=\"O Democrata GB\" \/>\n<meta property=\"article:publisher\" content=\"https:\/\/www.facebook.com\/jornaldaguinebissau\" \/>\n<meta property=\"article:published_time\" content=\"2022-07-02T21:23:05+00:00\" \/>\n<meta property=\"article:modified_time\" content=\"2022-07-02T21:23:07+00:00\" \/>\n<meta property=\"og:image\" content=\"https:\/\/www.odemocratagb.com\/wp-content\/uploads\/2022\/06\/54265E2B-8D83-4F05-9F01-9E58C77A115D-scaled.jpeg\" \/>\n\t<meta property=\"og:image:width\" content=\"2560\" \/>\n\t<meta property=\"og:image:height\" content=\"1707\" \/>\n\t<meta property=\"og:image:type\" content=\"image\/jpeg\" \/>\n<meta name=\"author\" content=\"Jornal Odemocrata\" \/>\n<meta name=\"twitter:card\" content=\"summary_large_image\" \/>\n<meta name=\"twitter:label1\" content=\"Escrito por\" \/>\n\t<meta name=\"twitter:data1\" content=\"Jornal Odemocrata\" \/>\n\t<meta name=\"twitter:label2\" content=\"Est. tempo de leitura\" \/>\n\t<meta name=\"twitter:data2\" content=\"25 minutos\" \/>\n<script type=\"application\/ld+json\" class=\"yoast-schema-graph\">{\"@context\":\"https:\\\/\\\/schema.org\",\"@graph\":[{\"@type\":\"Article\",\"@id\":\"https:\\\/\\\/www.odemocratagb.com\\\/?p=38942#article\",\"isPartOf\":{\"@id\":\"https:\\\/\\\/www.odemocratagb.com\\\/?p=38942\"},\"author\":{\"name\":\"Jornal Odemocrata\",\"@id\":\"https:\\\/\\\/www.odemocratagb.com\\\/#\\\/schema\\\/person\\\/c5e683adeaf9b557e57cf1a8a591b0c0\"},\"headline\":\"Governo de iniciativa presidencial: CONHE\u00c7A PERCURSO ACAD\u00c9MICO E POL\u00cdTICO DA EQUIPA GOVERNAMENTAL\u00a0\",\"datePublished\":\"2022-07-02T21:23:05+00:00\",\"dateModified\":\"2022-07-02T21:23:07+00:00\",\"mainEntityOfPage\":{\"@id\":\"https:\\\/\\\/www.odemocratagb.com\\\/?p=38942\"},\"wordCount\":5092,\"commentCount\":0,\"publisher\":{\"@id\":\"https:\\\/\\\/www.odemocratagb.com\\\/#organization\"},\"image\":{\"@id\":\"https:\\\/\\\/www.odemocratagb.com\\\/?p=38942#primaryimage\"},\"thumbnailUrl\":\"https:\\\/\\\/www.odemocratagb.com\\\/wp-content\\\/uploads\\\/2022\\\/06\\\/54265E2B-8D83-4F05-9F01-9E58C77A115D-scaled.jpeg\",\"articleSection\":[\"Pol\u00edtica\"],\"inLanguage\":\"pt-BR\",\"potentialAction\":[{\"@type\":\"CommentAction\",\"name\":\"Comment\",\"target\":[\"https:\\\/\\\/www.odemocratagb.com\\\/?p=38942#respond\"]}]},{\"@type\":\"WebPage\",\"@id\":\"https:\\\/\\\/www.odemocratagb.com\\\/?p=38942\",\"url\":\"https:\\\/\\\/www.odemocratagb.com\\\/?p=38942\",\"name\":\"Governo de iniciativa presidencial: CONHE\u00c7A PERCURSO ACAD\u00c9MICO E POL\u00cdTICO DA EQUIPA GOVERNAMENTAL\u00a0 - O Democrata GB\",\"isPartOf\":{\"@id\":\"https:\\\/\\\/www.odemocratagb.com\\\/#website\"},\"primaryImageOfPage\":{\"@id\":\"https:\\\/\\\/www.odemocratagb.com\\\/?p=38942#primaryimage\"},\"image\":{\"@id\":\"https:\\\/\\\/www.odemocratagb.com\\\/?p=38942#primaryimage\"},\"thumbnailUrl\":\"https:\\\/\\\/www.odemocratagb.com\\\/wp-content\\\/uploads\\\/2022\\\/06\\\/54265E2B-8D83-4F05-9F01-9E58C77A115D-scaled.jpeg\",\"datePublished\":\"2022-07-02T21:23:05+00:00\",\"dateModified\":\"2022-07-02T21:23:07+00:00\",\"breadcrumb\":{\"@id\":\"https:\\\/\\\/www.odemocratagb.com\\\/?p=38942#breadcrumb\"},\"inLanguage\":\"pt-BR\",\"potentialAction\":[{\"@type\":\"ReadAction\",\"target\":[\"https:\\\/\\\/www.odemocratagb.com\\\/?p=38942\"]}]},{\"@type\":\"ImageObject\",\"inLanguage\":\"pt-BR\",\"@id\":\"https:\\\/\\\/www.odemocratagb.com\\\/?p=38942#primaryimage\",\"url\":\"https:\\\/\\\/www.odemocratagb.com\\\/wp-content\\\/uploads\\\/2022\\\/06\\\/54265E2B-8D83-4F05-9F01-9E58C77A115D-scaled.jpeg\",\"contentUrl\":\"https:\\\/\\\/www.odemocratagb.com\\\/wp-content\\\/uploads\\\/2022\\\/06\\\/54265E2B-8D83-4F05-9F01-9E58C77A115D-scaled.jpeg\",\"width\":2560,\"height\":1707},{\"@type\":\"BreadcrumbList\",\"@id\":\"https:\\\/\\\/www.odemocratagb.com\\\/?p=38942#breadcrumb\",\"itemListElement\":[{\"@type\":\"ListItem\",\"position\":1,\"name\":\"In\u00edcio\",\"item\":\"https:\\\/\\\/www.odemocratagb.com\\\/\"},{\"@type\":\"ListItem\",\"position\":2,\"name\":\"Governo de iniciativa presidencial: CONHE\u00c7A PERCURSO ACAD\u00c9MICO E POL\u00cdTICO DA EQUIPA GOVERNAMENTAL\u00a0\"}]},{\"@type\":\"WebSite\",\"@id\":\"https:\\\/\\\/www.odemocratagb.com\\\/#website\",\"url\":\"https:\\\/\\\/www.odemocratagb.com\\\/\",\"name\":\"O Democrata GB\",\"description\":\"Jornal O Democrata GB\",\"publisher\":{\"@id\":\"https:\\\/\\\/www.odemocratagb.com\\\/#organization\"},\"potentialAction\":[{\"@type\":\"SearchAction\",\"target\":{\"@type\":\"EntryPoint\",\"urlTemplate\":\"https:\\\/\\\/www.odemocratagb.com\\\/?s={search_term_string}\"},\"query-input\":{\"@type\":\"PropertyValueSpecification\",\"valueRequired\":true,\"valueName\":\"search_term_string\"}}],\"inLanguage\":\"pt-BR\"},{\"@type\":\"Organization\",\"@id\":\"https:\\\/\\\/www.odemocratagb.com\\\/#organization\",\"name\":\"O Democrata GB\",\"url\":\"https:\\\/\\\/www.odemocratagb.com\\\/\",\"logo\":{\"@type\":\"ImageObject\",\"inLanguage\":\"pt-BR\",\"@id\":\"https:\\\/\\\/www.odemocratagb.com\\\/#\\\/schema\\\/logo\\\/image\\\/\",\"url\":\"https:\\\/\\\/www.odemocratagb.com\\\/wp-content\\\/uploads\\\/2026\\\/04\\\/logo-odemocratagb.png\",\"contentUrl\":\"https:\\\/\\\/www.odemocratagb.com\\\/wp-content\\\/uploads\\\/2026\\\/04\\\/logo-odemocratagb.png\",\"width\":1250,\"height\":327,\"caption\":\"O Democrata GB\"},\"image\":{\"@id\":\"https:\\\/\\\/www.odemocratagb.com\\\/#\\\/schema\\\/logo\\\/image\\\/\"},\"sameAs\":[\"https:\\\/\\\/www.facebook.com\\\/jornaldaguinebissau\",\"https:\\\/\\\/www.instagram.com\\\/odemocratagb\"]},{\"@type\":\"Person\",\"@id\":\"https:\\\/\\\/www.odemocratagb.com\\\/#\\\/schema\\\/person\\\/c5e683adeaf9b557e57cf1a8a591b0c0\",\"name\":\"Jornal Odemocrata\",\"image\":{\"@type\":\"ImageObject\",\"inLanguage\":\"pt-BR\",\"@id\":\"https:\\\/\\\/secure.gravatar.com\\\/avatar\\\/09cb6b76eee5612f7cfca9e0089e2f17141d417bd034905eee842945c87fd87f?s=96&d=mm&r=g\",\"url\":\"https:\\\/\\\/secure.gravatar.com\\\/avatar\\\/09cb6b76eee5612f7cfca9e0089e2f17141d417bd034905eee842945c87fd87f?s=96&d=mm&r=g\",\"contentUrl\":\"https:\\\/\\\/secure.gravatar.com\\\/avatar\\\/09cb6b76eee5612f7cfca9e0089e2f17141d417bd034905eee842945c87fd87f?s=96&d=mm&r=g\",\"caption\":\"Jornal Odemocrata\"},\"sameAs\":[\"http:\\\/\\\/odemocratagb.com\"],\"url\":\"https:\\\/\\\/www.odemocratagb.com\\\/?author=4\"}]}<\/script>\n<!-- \/ Yoast SEO plugin. -->","yoast_head_json":{"title":"Governo de iniciativa presidencial: CONHE\u00c7A PERCURSO ACAD\u00c9MICO E POL\u00cdTICO DA EQUIPA GOVERNAMENTAL\u00a0 - O Democrata GB","robots":{"index":"index","follow":"follow","max-snippet":"max-snippet:-1","max-image-preview":"max-image-preview:large","max-video-preview":"max-video-preview:-1"},"canonical":"https:\/\/www.odemocratagb.com\/?p=38942","og_locale":"pt_BR","og_type":"article","og_title":"Governo de iniciativa presidencial: CONHE\u00c7A PERCURSO ACAD\u00c9MICO E POL\u00cdTICO DA EQUIPA GOVERNAMENTAL\u00a0 - O Democrata GB","og_description":"Conhe\u00e7a o percurso acad\u00e9mico e pol\u00edtico dos membros do governo da iniciativa presidencial formado maioritariamente por elementos de partidos que...","og_url":"https:\/\/www.odemocratagb.com\/?p=38942","og_site_name":"O Democrata GB","article_publisher":"https:\/\/www.facebook.com\/jornaldaguinebissau","article_published_time":"2022-07-02T21:23:05+00:00","article_modified_time":"2022-07-02T21:23:07+00:00","og_image":[{"width":2560,"height":1707,"url":"https:\/\/www.odemocratagb.com\/wp-content\/uploads\/2022\/06\/54265E2B-8D83-4F05-9F01-9E58C77A115D-scaled.jpeg","type":"image\/jpeg"}],"author":"Jornal Odemocrata","twitter_card":"summary_large_image","twitter_misc":{"Escrito por":"Jornal Odemocrata","Est. tempo de leitura":"25 minutos"},"schema":{"@context":"https:\/\/schema.org","@graph":[{"@type":"Article","@id":"https:\/\/www.odemocratagb.com\/?p=38942#article","isPartOf":{"@id":"https:\/\/www.odemocratagb.com\/?p=38942"},"author":{"name":"Jornal Odemocrata","@id":"https:\/\/www.odemocratagb.com\/#\/schema\/person\/c5e683adeaf9b557e57cf1a8a591b0c0"},"headline":"Governo de iniciativa presidencial: CONHE\u00c7A PERCURSO ACAD\u00c9MICO E POL\u00cdTICO DA EQUIPA GOVERNAMENTAL\u00a0","datePublished":"2022-07-02T21:23:05+00:00","dateModified":"2022-07-02T21:23:07+00:00","mainEntityOfPage":{"@id":"https:\/\/www.odemocratagb.com\/?p=38942"},"wordCount":5092,"commentCount":0,"publisher":{"@id":"https:\/\/www.odemocratagb.com\/#organization"},"image":{"@id":"https:\/\/www.odemocratagb.com\/?p=38942#primaryimage"},"thumbnailUrl":"https:\/\/www.odemocratagb.com\/wp-content\/uploads\/2022\/06\/54265E2B-8D83-4F05-9F01-9E58C77A115D-scaled.jpeg","articleSection":["Pol\u00edtica"],"inLanguage":"pt-BR","potentialAction":[{"@type":"CommentAction","name":"Comment","target":["https:\/\/www.odemocratagb.com\/?p=38942#respond"]}]},{"@type":"WebPage","@id":"https:\/\/www.odemocratagb.com\/?p=38942","url":"https:\/\/www.odemocratagb.com\/?p=38942","name":"Governo de iniciativa presidencial: CONHE\u00c7A PERCURSO ACAD\u00c9MICO E POL\u00cdTICO DA EQUIPA GOVERNAMENTAL\u00a0 - O Democrata GB","isPartOf":{"@id":"https:\/\/www.odemocratagb.com\/#website"},"primaryImageOfPage":{"@id":"https:\/\/www.odemocratagb.com\/?p=38942#primaryimage"},"image":{"@id":"https:\/\/www.odemocratagb.com\/?p=38942#primaryimage"},"thumbnailUrl":"https:\/\/www.odemocratagb.com\/wp-content\/uploads\/2022\/06\/54265E2B-8D83-4F05-9F01-9E58C77A115D-scaled.jpeg","datePublished":"2022-07-02T21:23:05+00:00","dateModified":"2022-07-02T21:23:07+00:00","breadcrumb":{"@id":"https:\/\/www.odemocratagb.com\/?p=38942#breadcrumb"},"inLanguage":"pt-BR","potentialAction":[{"@type":"ReadAction","target":["https:\/\/www.odemocratagb.com\/?p=38942"]}]},{"@type":"ImageObject","inLanguage":"pt-BR","@id":"https:\/\/www.odemocratagb.com\/?p=38942#primaryimage","url":"https:\/\/www.odemocratagb.com\/wp-content\/uploads\/2022\/06\/54265E2B-8D83-4F05-9F01-9E58C77A115D-scaled.jpeg","contentUrl":"https:\/\/www.odemocratagb.com\/wp-content\/uploads\/2022\/06\/54265E2B-8D83-4F05-9F01-9E58C77A115D-scaled.jpeg","width":2560,"height":1707},{"@type":"BreadcrumbList","@id":"https:\/\/www.odemocratagb.com\/?p=38942#breadcrumb","itemListElement":[{"@type":"ListItem","position":1,"name":"In\u00edcio","item":"https:\/\/www.odemocratagb.com\/"},{"@type":"ListItem","position":2,"name":"Governo de iniciativa presidencial: CONHE\u00c7A PERCURSO ACAD\u00c9MICO E POL\u00cdTICO DA EQUIPA GOVERNAMENTAL\u00a0"}]},{"@type":"WebSite","@id":"https:\/\/www.odemocratagb.com\/#website","url":"https:\/\/www.odemocratagb.com\/","name":"O Democrata GB","description":"Jornal O Democrata GB","publisher":{"@id":"https:\/\/www.odemocratagb.com\/#organization"},"potentialAction":[{"@type":"SearchAction","target":{"@type":"EntryPoint","urlTemplate":"https:\/\/www.odemocratagb.com\/?s={search_term_string}"},"query-input":{"@type":"PropertyValueSpecification","valueRequired":true,"valueName":"search_term_string"}}],"inLanguage":"pt-BR"},{"@type":"Organization","@id":"https:\/\/www.odemocratagb.com\/#organization","name":"O Democrata GB","url":"https:\/\/www.odemocratagb.com\/","logo":{"@type":"ImageObject","inLanguage":"pt-BR","@id":"https:\/\/www.odemocratagb.com\/#\/schema\/logo\/image\/","url":"https:\/\/www.odemocratagb.com\/wp-content\/uploads\/2026\/04\/logo-odemocratagb.png","contentUrl":"https:\/\/www.odemocratagb.com\/wp-content\/uploads\/2026\/04\/logo-odemocratagb.png","width":1250,"height":327,"caption":"O Democrata GB"},"image":{"@id":"https:\/\/www.odemocratagb.com\/#\/schema\/logo\/image\/"},"sameAs":["https:\/\/www.facebook.com\/jornaldaguinebissau","https:\/\/www.instagram.com\/odemocratagb"]},{"@type":"Person","@id":"https:\/\/www.odemocratagb.com\/#\/schema\/person\/c5e683adeaf9b557e57cf1a8a591b0c0","name":"Jornal Odemocrata","image":{"@type":"ImageObject","inLanguage":"pt-BR","@id":"https:\/\/secure.gravatar.com\/avatar\/09cb6b76eee5612f7cfca9e0089e2f17141d417bd034905eee842945c87fd87f?s=96&d=mm&r=g","url":"https:\/\/secure.gravatar.com\/avatar\/09cb6b76eee5612f7cfca9e0089e2f17141d417bd034905eee842945c87fd87f?s=96&d=mm&r=g","contentUrl":"https:\/\/secure.gravatar.com\/avatar\/09cb6b76eee5612f7cfca9e0089e2f17141d417bd034905eee842945c87fd87f?s=96&d=mm&r=g","caption":"Jornal Odemocrata"},"sameAs":["http:\/\/odemocratagb.com"],"url":"https:\/\/www.odemocratagb.com\/?author=4"}]}},"_links":{"self":[{"href":"https:\/\/www.odemocratagb.com\/index.php?rest_route=\/wp\/v2\/posts\/38942","targetHints":{"allow":["GET"]}}],"collection":[{"href":"https:\/\/www.odemocratagb.com\/index.php?rest_route=\/wp\/v2\/posts"}],"about":[{"href":"https:\/\/www.odemocratagb.com\/index.php?rest_route=\/wp\/v2\/types\/post"}],"author":[{"embeddable":true,"href":"https:\/\/www.odemocratagb.com\/index.php?rest_route=\/wp\/v2\/users\/4"}],"replies":[{"embeddable":true,"href":"https:\/\/www.odemocratagb.com\/index.php?rest_route=%2Fwp%2Fv2%2Fcomments&post=38942"}],"version-history":[{"count":1,"href":"https:\/\/www.odemocratagb.com\/index.php?rest_route=\/wp\/v2\/posts\/38942\/revisions"}],"predecessor-version":[{"id":39202,"href":"https:\/\/www.odemocratagb.com\/index.php?rest_route=\/wp\/v2\/posts\/38942\/revisions\/39202"}],"wp:featuredmedia":[{"embeddable":true,"href":"https:\/\/www.odemocratagb.com\/index.php?rest_route=\/wp\/v2\/media\/38677"}],"wp:attachment":[{"href":"https:\/\/www.odemocratagb.com\/index.php?rest_route=%2Fwp%2Fv2%2Fmedia&parent=38942"}],"wp:term":[{"taxonomy":"category","embeddable":true,"href":"https:\/\/www.odemocratagb.com\/index.php?rest_route=%2Fwp%2Fv2%2Fcategories&post=38942"},{"taxonomy":"post_tag","embeddable":true,"href":"https:\/\/www.odemocratagb.com\/index.php?rest_route=%2Fwp%2Fv2%2Ftags&post=38942"}],"curies":[{"name":"wp","href":"https:\/\/api.w.org\/{rel}","templated":true}]}}