{"id":41380,"date":"2022-10-28T22:10:41","date_gmt":"2022-10-28T22:10:41","guid":{"rendered":"https:\/\/www.odemocratagb.com\/?p=41380"},"modified":"2022-10-28T22:10:44","modified_gmt":"2022-10-28T22:10:44","slug":"bacar-biai-denuncia-institucionalizacao-do-tribalismo-na-procuradoria-geral-da-republica","status":"publish","type":"post","link":"https:\/\/www.odemocratagb.com\/?p=41380","title":{"rendered":"BACAR BIAI DENUNCIA INSTITUCIONALIZA\u00c7\u00c3O DO TRIBALISMO NA PROCURADORIA GERAL DA REP\u00daBLICA"},"content":{"rendered":"\n<p class=\"wp-block-paragraph\">O Procurador Geral da Rep\u00fablica (PGR), Bacar Biai, denunciou esta sexta-feira, 28 de outubro de 2022, que h\u00e1 um plano de institucionaliza\u00e7\u00e3o do tribalismo no Minist\u00e9rio P\u00fablico.<\/p>\n\n\n\n<p class=\"wp-block-paragraph\">Sem apontar dedo a um grupo \u00e9tnico espec\u00edfico, o PGR afirmou que o maior cancro na institui\u00e7\u00e3o que lidera est\u00e1 no grupo do presidente do Sindicato dos Magistrados do Minist\u00e9rio P\u00fablico (SIMAMP), que tem agido de forma sistem\u00e1tica base em quest\u00f5es \u00e9tnico-religiosas &nbsp;&nbsp;e do tribalismo.<\/p>\n\n\n\n<p class=\"wp-block-paragraph\">Em rea\u00e7\u00e3o \u00e0s acusa\u00e7\u00f5es do presidente do sindicato, Bacar Biai disse que acusa\u00e7\u00e3o do presidente do sindicato dos Magistrados sobre o seu envolvimento e de alguns magistrados no tr\u00e1fico de droga \u00e9 \u201ca maior falsidade\u201d e disse que est\u00e1 em condi\u00e7\u00f5es de continuar \u00e0 frente da Procuradoria Geral da Rep\u00fablica, por n\u00e3o estar envolvido em nenhum processo de tr\u00e1fico de droga no pa\u00eds.&nbsp;<\/p>\n\n\n\n<p class=\"wp-block-paragraph\">\u201cA sociedade civil que pediu a minha demiss\u00e3o \u00e9 aquela sociedade civil que provavelmente seja defensora das organiza\u00e7\u00f5es&nbsp;criminosas&nbsp;que sequestraram a Guin\u00e9-Bissau&#8221;, disse.<\/p>\n\n\n\n<p class=\"wp-block-paragraph\">Biai admitiu que h\u00e1 um processo em investiga\u00e7\u00e3o sobre a droga apreendida no in\u00edcio de setembro deste ano e que a entidade respons\u00e1vel pela apreens\u00e3o \u00e9 o Departamento de Informa\u00e7\u00e3o Policial de Investiga\u00e7\u00e3o Criminal (DIPIC).<\/p>\n\n\n\n<p class=\"wp-block-paragraph\">\u201cComunicaram-me sobre a apreens\u00e3o da droga, ordenei mediamente que fosse encaminhada e entregue \u00e0 Pol\u00edcia Judici\u00e1ria. O processo passou na Pol\u00edcia Judici\u00e1ria, os supostos envolvidos foram ouvidos e o processo foi remetido ao Minist\u00e9rio P\u00fablico. Para mostrar a transpar\u00eancia do processo, foi delegada a compet\u00eancia \u00e0 Pol\u00edcia Judici\u00e1ria para aprofundar a investiga\u00e7\u00e3o sobre mat\u00e9ria\u201d, esclareceu.<\/p>\n\n\n\n<p class=\"wp-block-paragraph\">O PGR disse estar preocupado com viola\u00e7\u00e3o, nas redes sociais, dos segredos da justi\u00e7a, porque pode p\u00f4r em causa a seguran\u00e7a das pessoas e lamentou que o processo tenha sido estragado por completo com o vazamento do \u00e1udio sobre um assunto ainda em investiga\u00e7\u00e3o.<\/p>\n\n\n\n<p class=\"wp-block-paragraph\">\u201cManifestei essa preocupa\u00e7\u00e3o junto do governo, porque o segredo da justi\u00e7a gravita em volta de duas coisas: a dignidade da vida humana e a evolu\u00e7\u00e3o da tecnologia de informa\u00e7\u00e3o, que quando \u00e9 vazado ou violado o segredo da justi\u00e7a estraga toda a investiga\u00e7\u00e3o, quer dos magistrados do Minist\u00e9rio P\u00fablico, quer da Pol\u00edcia Judici\u00e1ria\u201d, indicou, para de seguida anunciar que vai levar \u00e0 justi\u00e7a pessoas que o acusaram de tr\u00e1fico de droga. &nbsp;<\/p>\n\n\n\n<p class=\"wp-block-paragraph\">Bacar Biai afirmou que o n\u00edvel de \u00edndice de corrup\u00e7\u00e3o na Guin\u00e9-Bissau \u201c\u00e9 muito elevado\u201d, tendo apelado ao envolvimento de todos para combat\u00ea-la;<\/p>\n\n\n\n<p class=\"wp-block-paragraph\">\u201cEstamos determinados para combater a corrup\u00e7\u00e3o\u201d.<\/p>\n\n\n\n<p class=\"wp-block-paragraph\"><\/p>\n\n\n\n<p class=\"wp-block-paragraph\"><\/p>\n\n\n\n<p class=\"wp-block-paragraph\"><\/p>\n\n\n\n<p class=\"wp-block-paragraph\"><\/p>\n\n\n\n<p class=\"wp-block-paragraph\"><strong>Por: Filomeno Samb\u00fa<\/strong><\/p>\n\n\n\n<p class=\"wp-block-paragraph\"><strong>Foto: FS<\/strong><\/p>\n","protected":false},"excerpt":{"rendered":"<p>O Procurador Geral da Rep\u00fablica (PGR), Bacar Biai, denunciou esta sexta-feira, 28 de outubro de 2022, que h\u00e1 um plano&#8230;<\/p>\n","protected":false},"author":4,"featured_media":41381,"comment_status":"open","ping_status":"open","sticky":false,"template":"","format":"standard","meta":{"footnotes":""},"categories":[16],"tags":[],"class_list":["post-41380","post","type-post","status-publish","format-standard","has-post-thumbnail","hentry","category-sociedade","wpcat-16-id"],"yoast_head":"<!-- This site is optimized with the Yoast SEO plugin v27.5 - https:\/\/yoast.com\/product\/yoast-seo-wordpress\/ -->\n<title>BACAR BIAI DENUNCIA INSTITUCIONALIZA\u00c7\u00c3O DO TRIBALISMO NA PROCURADORIA GERAL DA REP\u00daBLICA - O Democrata GB<\/title>\n<meta name=\"robots\" content=\"index, follow, max-snippet:-1, max-image-preview:large, max-video-preview:-1\" \/>\n<link rel=\"canonical\" href=\"https:\/\/www.odemocratagb.com\/?p=41380\" \/>\n<meta property=\"og:locale\" content=\"pt_BR\" \/>\n<meta property=\"og:type\" content=\"article\" \/>\n<meta property=\"og:title\" content=\"BACAR BIAI DENUNCIA INSTITUCIONALIZA\u00c7\u00c3O DO TRIBALISMO NA PROCURADORIA GERAL DA REP\u00daBLICA - O Democrata GB\" \/>\n<meta property=\"og:description\" content=\"O Procurador Geral da Rep\u00fablica (PGR), Bacar Biai, denunciou esta sexta-feira, 28 de outubro de 2022, que h\u00e1 um plano...\" \/>\n<meta property=\"og:url\" content=\"https:\/\/www.odemocratagb.com\/?p=41380\" \/>\n<meta property=\"og:site_name\" content=\"O Democrata GB\" \/>\n<meta property=\"article:publisher\" content=\"https:\/\/www.facebook.com\/jornaldaguinebissau\" \/>\n<meta property=\"article:published_time\" content=\"2022-10-28T22:10:41+00:00\" \/>\n<meta property=\"article:modified_time\" content=\"2022-10-28T22:10:44+00:00\" \/>\n<meta property=\"og:image\" content=\"https:\/\/www.odemocratagb.com\/wp-content\/uploads\/2022\/10\/2E1E3C3D-8A97-454E-A217-F0E1FBFE9696.jpeg\" \/>\n\t<meta property=\"og:image:width\" content=\"1722\" \/>\n\t<meta property=\"og:image:height\" content=\"756\" \/>\n\t<meta property=\"og:image:type\" content=\"image\/jpeg\" \/>\n<meta name=\"author\" content=\"Jornal Odemocrata\" \/>\n<meta name=\"twitter:card\" content=\"summary_large_image\" \/>\n<meta name=\"twitter:label1\" content=\"Escrito por\" \/>\n\t<meta name=\"twitter:data1\" content=\"Jornal Odemocrata\" \/>\n\t<meta name=\"twitter:label2\" content=\"Est. tempo de leitura\" \/>\n\t<meta name=\"twitter:data2\" content=\"2 minutos\" \/>\n<script type=\"application\/ld+json\" class=\"yoast-schema-graph\">{\"@context\":\"https:\\\/\\\/schema.org\",\"@graph\":[{\"@type\":\"Article\",\"@id\":\"https:\\\/\\\/www.odemocratagb.com\\\/?p=41380#article\",\"isPartOf\":{\"@id\":\"https:\\\/\\\/www.odemocratagb.com\\\/?p=41380\"},\"author\":{\"name\":\"Jornal Odemocrata\",\"@id\":\"https:\\\/\\\/www.odemocratagb.com\\\/#\\\/schema\\\/person\\\/c5e683adeaf9b557e57cf1a8a591b0c0\"},\"headline\":\"BACAR BIAI DENUNCIA INSTITUCIONALIZA\u00c7\u00c3O DO TRIBALISMO NA PROCURADORIA GERAL DA REP\u00daBLICA\",\"datePublished\":\"2022-10-28T22:10:41+00:00\",\"dateModified\":\"2022-10-28T22:10:44+00:00\",\"mainEntityOfPage\":{\"@id\":\"https:\\\/\\\/www.odemocratagb.com\\\/?p=41380\"},\"wordCount\":469,\"commentCount\":0,\"publisher\":{\"@id\":\"https:\\\/\\\/www.odemocratagb.com\\\/#organization\"},\"image\":{\"@id\":\"https:\\\/\\\/www.odemocratagb.com\\\/?p=41380#primaryimage\"},\"thumbnailUrl\":\"https:\\\/\\\/www.odemocratagb.com\\\/wp-content\\\/uploads\\\/2022\\\/10\\\/2E1E3C3D-8A97-454E-A217-F0E1FBFE9696.jpeg\",\"articleSection\":[\"Sociedade\"],\"inLanguage\":\"pt-BR\",\"potentialAction\":[{\"@type\":\"CommentAction\",\"name\":\"Comment\",\"target\":[\"https:\\\/\\\/www.odemocratagb.com\\\/?p=41380#respond\"]}]},{\"@type\":\"WebPage\",\"@id\":\"https:\\\/\\\/www.odemocratagb.com\\\/?p=41380\",\"url\":\"https:\\\/\\\/www.odemocratagb.com\\\/?p=41380\",\"name\":\"BACAR BIAI DENUNCIA INSTITUCIONALIZA\u00c7\u00c3O DO TRIBALISMO NA PROCURADORIA GERAL DA REP\u00daBLICA - O Democrata GB\",\"isPartOf\":{\"@id\":\"https:\\\/\\\/www.odemocratagb.com\\\/#website\"},\"primaryImageOfPage\":{\"@id\":\"https:\\\/\\\/www.odemocratagb.com\\\/?p=41380#primaryimage\"},\"image\":{\"@id\":\"https:\\\/\\\/www.odemocratagb.com\\\/?p=41380#primaryimage\"},\"thumbnailUrl\":\"https:\\\/\\\/www.odemocratagb.com\\\/wp-content\\\/uploads\\\/2022\\\/10\\\/2E1E3C3D-8A97-454E-A217-F0E1FBFE9696.jpeg\",\"datePublished\":\"2022-10-28T22:10:41+00:00\",\"dateModified\":\"2022-10-28T22:10:44+00:00\",\"breadcrumb\":{\"@id\":\"https:\\\/\\\/www.odemocratagb.com\\\/?p=41380#breadcrumb\"},\"inLanguage\":\"pt-BR\",\"potentialAction\":[{\"@type\":\"ReadAction\",\"target\":[\"https:\\\/\\\/www.odemocratagb.com\\\/?p=41380\"]}]},{\"@type\":\"ImageObject\",\"inLanguage\":\"pt-BR\",\"@id\":\"https:\\\/\\\/www.odemocratagb.com\\\/?p=41380#primaryimage\",\"url\":\"https:\\\/\\\/www.odemocratagb.com\\\/wp-content\\\/uploads\\\/2022\\\/10\\\/2E1E3C3D-8A97-454E-A217-F0E1FBFE9696.jpeg\",\"contentUrl\":\"https:\\\/\\\/www.odemocratagb.com\\\/wp-content\\\/uploads\\\/2022\\\/10\\\/2E1E3C3D-8A97-454E-A217-F0E1FBFE9696.jpeg\",\"width\":1722,\"height\":756},{\"@type\":\"BreadcrumbList\",\"@id\":\"https:\\\/\\\/www.odemocratagb.com\\\/?p=41380#breadcrumb\",\"itemListElement\":[{\"@type\":\"ListItem\",\"position\":1,\"name\":\"In\u00edcio\",\"item\":\"https:\\\/\\\/www.odemocratagb.com\\\/\"},{\"@type\":\"ListItem\",\"position\":2,\"name\":\"BACAR BIAI DENUNCIA INSTITUCIONALIZA\u00c7\u00c3O DO TRIBALISMO NA PROCURADORIA GERAL DA REP\u00daBLICA\"}]},{\"@type\":\"WebSite\",\"@id\":\"https:\\\/\\\/www.odemocratagb.com\\\/#website\",\"url\":\"https:\\\/\\\/www.odemocratagb.com\\\/\",\"name\":\"O Democrata GB\",\"description\":\"Jornal O Democrata GB\",\"publisher\":{\"@id\":\"https:\\\/\\\/www.odemocratagb.com\\\/#organization\"},\"potentialAction\":[{\"@type\":\"SearchAction\",\"target\":{\"@type\":\"EntryPoint\",\"urlTemplate\":\"https:\\\/\\\/www.odemocratagb.com\\\/?s={search_term_string}\"},\"query-input\":{\"@type\":\"PropertyValueSpecification\",\"valueRequired\":true,\"valueName\":\"search_term_string\"}}],\"inLanguage\":\"pt-BR\"},{\"@type\":\"Organization\",\"@id\":\"https:\\\/\\\/www.odemocratagb.com\\\/#organization\",\"name\":\"O Democrata GB\",\"url\":\"https:\\\/\\\/www.odemocratagb.com\\\/\",\"logo\":{\"@type\":\"ImageObject\",\"inLanguage\":\"pt-BR\",\"@id\":\"https:\\\/\\\/www.odemocratagb.com\\\/#\\\/schema\\\/logo\\\/image\\\/\",\"url\":\"https:\\\/\\\/www.odemocratagb.com\\\/wp-content\\\/uploads\\\/2026\\\/04\\\/logo-odemocratagb.png\",\"contentUrl\":\"https:\\\/\\\/www.odemocratagb.com\\\/wp-content\\\/uploads\\\/2026\\\/04\\\/logo-odemocratagb.png\",\"width\":1250,\"height\":327,\"caption\":\"O Democrata GB\"},\"image\":{\"@id\":\"https:\\\/\\\/www.odemocratagb.com\\\/#\\\/schema\\\/logo\\\/image\\\/\"},\"sameAs\":[\"https:\\\/\\\/www.facebook.com\\\/jornaldaguinebissau\",\"https:\\\/\\\/www.instagram.com\\\/odemocratagb\"]},{\"@type\":\"Person\",\"@id\":\"https:\\\/\\\/www.odemocratagb.com\\\/#\\\/schema\\\/person\\\/c5e683adeaf9b557e57cf1a8a591b0c0\",\"name\":\"Jornal Odemocrata\",\"image\":{\"@type\":\"ImageObject\",\"inLanguage\":\"pt-BR\",\"@id\":\"https:\\\/\\\/secure.gravatar.com\\\/avatar\\\/09cb6b76eee5612f7cfca9e0089e2f17141d417bd034905eee842945c87fd87f?s=96&d=mm&r=g\",\"url\":\"https:\\\/\\\/secure.gravatar.com\\\/avatar\\\/09cb6b76eee5612f7cfca9e0089e2f17141d417bd034905eee842945c87fd87f?s=96&d=mm&r=g\",\"contentUrl\":\"https:\\\/\\\/secure.gravatar.com\\\/avatar\\\/09cb6b76eee5612f7cfca9e0089e2f17141d417bd034905eee842945c87fd87f?s=96&d=mm&r=g\",\"caption\":\"Jornal Odemocrata\"},\"sameAs\":[\"http:\\\/\\\/odemocratagb.com\"],\"url\":\"https:\\\/\\\/www.odemocratagb.com\\\/?author=4\"}]}<\/script>\n<!-- \/ Yoast SEO plugin. -->","yoast_head_json":{"title":"BACAR BIAI DENUNCIA INSTITUCIONALIZA\u00c7\u00c3O DO TRIBALISMO NA PROCURADORIA GERAL DA REP\u00daBLICA - O Democrata GB","robots":{"index":"index","follow":"follow","max-snippet":"max-snippet:-1","max-image-preview":"max-image-preview:large","max-video-preview":"max-video-preview:-1"},"canonical":"https:\/\/www.odemocratagb.com\/?p=41380","og_locale":"pt_BR","og_type":"article","og_title":"BACAR BIAI DENUNCIA INSTITUCIONALIZA\u00c7\u00c3O DO TRIBALISMO NA PROCURADORIA GERAL DA REP\u00daBLICA - O Democrata GB","og_description":"O Procurador Geral da Rep\u00fablica (PGR), Bacar Biai, denunciou esta sexta-feira, 28 de outubro de 2022, que h\u00e1 um plano...","og_url":"https:\/\/www.odemocratagb.com\/?p=41380","og_site_name":"O Democrata GB","article_publisher":"https:\/\/www.facebook.com\/jornaldaguinebissau","article_published_time":"2022-10-28T22:10:41+00:00","article_modified_time":"2022-10-28T22:10:44+00:00","og_image":[{"width":1722,"height":756,"url":"https:\/\/www.odemocratagb.com\/wp-content\/uploads\/2022\/10\/2E1E3C3D-8A97-454E-A217-F0E1FBFE9696.jpeg","type":"image\/jpeg"}],"author":"Jornal Odemocrata","twitter_card":"summary_large_image","twitter_misc":{"Escrito por":"Jornal Odemocrata","Est. tempo de leitura":"2 minutos"},"schema":{"@context":"https:\/\/schema.org","@graph":[{"@type":"Article","@id":"https:\/\/www.odemocratagb.com\/?p=41380#article","isPartOf":{"@id":"https:\/\/www.odemocratagb.com\/?p=41380"},"author":{"name":"Jornal Odemocrata","@id":"https:\/\/www.odemocratagb.com\/#\/schema\/person\/c5e683adeaf9b557e57cf1a8a591b0c0"},"headline":"BACAR BIAI DENUNCIA INSTITUCIONALIZA\u00c7\u00c3O DO TRIBALISMO NA PROCURADORIA GERAL DA REP\u00daBLICA","datePublished":"2022-10-28T22:10:41+00:00","dateModified":"2022-10-28T22:10:44+00:00","mainEntityOfPage":{"@id":"https:\/\/www.odemocratagb.com\/?p=41380"},"wordCount":469,"commentCount":0,"publisher":{"@id":"https:\/\/www.odemocratagb.com\/#organization"},"image":{"@id":"https:\/\/www.odemocratagb.com\/?p=41380#primaryimage"},"thumbnailUrl":"https:\/\/www.odemocratagb.com\/wp-content\/uploads\/2022\/10\/2E1E3C3D-8A97-454E-A217-F0E1FBFE9696.jpeg","articleSection":["Sociedade"],"inLanguage":"pt-BR","potentialAction":[{"@type":"CommentAction","name":"Comment","target":["https:\/\/www.odemocratagb.com\/?p=41380#respond"]}]},{"@type":"WebPage","@id":"https:\/\/www.odemocratagb.com\/?p=41380","url":"https:\/\/www.odemocratagb.com\/?p=41380","name":"BACAR BIAI DENUNCIA INSTITUCIONALIZA\u00c7\u00c3O DO TRIBALISMO NA PROCURADORIA GERAL DA REP\u00daBLICA - O Democrata GB","isPartOf":{"@id":"https:\/\/www.odemocratagb.com\/#website"},"primaryImageOfPage":{"@id":"https:\/\/www.odemocratagb.com\/?p=41380#primaryimage"},"image":{"@id":"https:\/\/www.odemocratagb.com\/?p=41380#primaryimage"},"thumbnailUrl":"https:\/\/www.odemocratagb.com\/wp-content\/uploads\/2022\/10\/2E1E3C3D-8A97-454E-A217-F0E1FBFE9696.jpeg","datePublished":"2022-10-28T22:10:41+00:00","dateModified":"2022-10-28T22:10:44+00:00","breadcrumb":{"@id":"https:\/\/www.odemocratagb.com\/?p=41380#breadcrumb"},"inLanguage":"pt-BR","potentialAction":[{"@type":"ReadAction","target":["https:\/\/www.odemocratagb.com\/?p=41380"]}]},{"@type":"ImageObject","inLanguage":"pt-BR","@id":"https:\/\/www.odemocratagb.com\/?p=41380#primaryimage","url":"https:\/\/www.odemocratagb.com\/wp-content\/uploads\/2022\/10\/2E1E3C3D-8A97-454E-A217-F0E1FBFE9696.jpeg","contentUrl":"https:\/\/www.odemocratagb.com\/wp-content\/uploads\/2022\/10\/2E1E3C3D-8A97-454E-A217-F0E1FBFE9696.jpeg","width":1722,"height":756},{"@type":"BreadcrumbList","@id":"https:\/\/www.odemocratagb.com\/?p=41380#breadcrumb","itemListElement":[{"@type":"ListItem","position":1,"name":"In\u00edcio","item":"https:\/\/www.odemocratagb.com\/"},{"@type":"ListItem","position":2,"name":"BACAR BIAI DENUNCIA INSTITUCIONALIZA\u00c7\u00c3O DO TRIBALISMO NA PROCURADORIA GERAL DA REP\u00daBLICA"}]},{"@type":"WebSite","@id":"https:\/\/www.odemocratagb.com\/#website","url":"https:\/\/www.odemocratagb.com\/","name":"O Democrata GB","description":"Jornal O Democrata GB","publisher":{"@id":"https:\/\/www.odemocratagb.com\/#organization"},"potentialAction":[{"@type":"SearchAction","target":{"@type":"EntryPoint","urlTemplate":"https:\/\/www.odemocratagb.com\/?s={search_term_string}"},"query-input":{"@type":"PropertyValueSpecification","valueRequired":true,"valueName":"search_term_string"}}],"inLanguage":"pt-BR"},{"@type":"Organization","@id":"https:\/\/www.odemocratagb.com\/#organization","name":"O Democrata GB","url":"https:\/\/www.odemocratagb.com\/","logo":{"@type":"ImageObject","inLanguage":"pt-BR","@id":"https:\/\/www.odemocratagb.com\/#\/schema\/logo\/image\/","url":"https:\/\/www.odemocratagb.com\/wp-content\/uploads\/2026\/04\/logo-odemocratagb.png","contentUrl":"https:\/\/www.odemocratagb.com\/wp-content\/uploads\/2026\/04\/logo-odemocratagb.png","width":1250,"height":327,"caption":"O Democrata GB"},"image":{"@id":"https:\/\/www.odemocratagb.com\/#\/schema\/logo\/image\/"},"sameAs":["https:\/\/www.facebook.com\/jornaldaguinebissau","https:\/\/www.instagram.com\/odemocratagb"]},{"@type":"Person","@id":"https:\/\/www.odemocratagb.com\/#\/schema\/person\/c5e683adeaf9b557e57cf1a8a591b0c0","name":"Jornal Odemocrata","image":{"@type":"ImageObject","inLanguage":"pt-BR","@id":"https:\/\/secure.gravatar.com\/avatar\/09cb6b76eee5612f7cfca9e0089e2f17141d417bd034905eee842945c87fd87f?s=96&d=mm&r=g","url":"https:\/\/secure.gravatar.com\/avatar\/09cb6b76eee5612f7cfca9e0089e2f17141d417bd034905eee842945c87fd87f?s=96&d=mm&r=g","contentUrl":"https:\/\/secure.gravatar.com\/avatar\/09cb6b76eee5612f7cfca9e0089e2f17141d417bd034905eee842945c87fd87f?s=96&d=mm&r=g","caption":"Jornal Odemocrata"},"sameAs":["http:\/\/odemocratagb.com"],"url":"https:\/\/www.odemocratagb.com\/?author=4"}]}},"_links":{"self":[{"href":"https:\/\/www.odemocratagb.com\/index.php?rest_route=\/wp\/v2\/posts\/41380","targetHints":{"allow":["GET"]}}],"collection":[{"href":"https:\/\/www.odemocratagb.com\/index.php?rest_route=\/wp\/v2\/posts"}],"about":[{"href":"https:\/\/www.odemocratagb.com\/index.php?rest_route=\/wp\/v2\/types\/post"}],"author":[{"embeddable":true,"href":"https:\/\/www.odemocratagb.com\/index.php?rest_route=\/wp\/v2\/users\/4"}],"replies":[{"embeddable":true,"href":"https:\/\/www.odemocratagb.com\/index.php?rest_route=%2Fwp%2Fv2%2Fcomments&post=41380"}],"version-history":[{"count":1,"href":"https:\/\/www.odemocratagb.com\/index.php?rest_route=\/wp\/v2\/posts\/41380\/revisions"}],"predecessor-version":[{"id":41382,"href":"https:\/\/www.odemocratagb.com\/index.php?rest_route=\/wp\/v2\/posts\/41380\/revisions\/41382"}],"wp:featuredmedia":[{"embeddable":true,"href":"https:\/\/www.odemocratagb.com\/index.php?rest_route=\/wp\/v2\/media\/41381"}],"wp:attachment":[{"href":"https:\/\/www.odemocratagb.com\/index.php?rest_route=%2Fwp%2Fv2%2Fmedia&parent=41380"}],"wp:term":[{"taxonomy":"category","embeddable":true,"href":"https:\/\/www.odemocratagb.com\/index.php?rest_route=%2Fwp%2Fv2%2Fcategories&post=41380"},{"taxonomy":"post_tag","embeddable":true,"href":"https:\/\/www.odemocratagb.com\/index.php?rest_route=%2Fwp%2Fv2%2Ftags&post=41380"}],"curies":[{"name":"wp","href":"https:\/\/api.w.org\/{rel}","templated":true}]}}