{"id":42415,"date":"2023-01-10T22:30:08","date_gmt":"2023-01-10T22:30:08","guid":{"rendered":"https:\/\/www.odemocratagb.com\/?p=42415"},"modified":"2023-01-11T18:03:41","modified_gmt":"2023-01-11T18:03:41","slug":"balanco-de-quadra-festiva-policia-da-ordem-publica-regista-cinco-obitos-e-mais-de-quarenta-casos-de-agressoes-fisicas","status":"publish","type":"post","link":"https:\/\/www.odemocratagb.com\/?p=42415","title":{"rendered":"Balan\u00e7o de quadra festiva:\u00a0<strong>POL\u00cdCIA DA ORDEM P\u00daBLICA REGISTA CINCO \u00d3BITOS E MAIS DE QUARENTA CASOS DE AGRESS\u00d5ES F\u00cdSICAS \u00a0<\/strong>"},"content":{"rendered":"\n<p class=\"wp-block-paragraph\">O Comiss\u00e1rio Nacional Adjunto para \u00c1rea de Opera\u00e7\u00e3o da Pol\u00edcia da Ordem P\u00fablica (POP), Salvador Soares, revelou esta ter\u00e7a-feira, 10 de janeiro de 2023, que durante quadra festiva de Natal e final do ano foram registadas 4 deten\u00e7\u00f5es por assalto a m\u00e3o armada, 12 casos de furto, 2 de roubo, 43 de agress\u00f5es f\u00edsicas, entre os quais quatro s\u00e3o graves, 13 de acidentes de via\u00e7\u00e3o ligeiros e 8 graves que resultaram em 5 \u00f3bitos em todo o territ\u00f3rio nacional.<\/p>\n\n\n\n<p class=\"wp-block-paragraph\">Salvador Soares falava em confer\u00eancia de imprensa para fazer o balan\u00e7o de 20 dias de preven\u00e7\u00e3o da quadra festiva de Natal e fim do ano, revelando ainda que foram registados dois casos de viola\u00e7\u00e3o sexual, um no setor Aut\u00f3nomo de Bissau e outro na regi\u00e3o de Tombali.<\/p>\n\n\n\n<p class=\"wp-block-paragraph\">Esclareceu que os casos anunciados foram registados em diferentes regi\u00f5es do pa\u00eds e em Bissau, foi desmantelada uma rede de assaltantes a m\u00e3o armada na zona norte e deten\u00e7\u00e3o de quatro pessoas na posse de armas de fogo de uso exclusivo do Estado.<\/p>\n\n\n\n<p class=\"wp-block-paragraph\">Soares\u00a0enfatizou a dedica\u00e7\u00e3o e o empenho das for\u00e7as da ordem p\u00fablica, embora notou que no ano passado no mesmo per\u00edodo registaram-se 4 v\u00edtimas mortais.<\/p>\n\n\n\n<p class=\"wp-block-paragraph\">Questionado sobre o espancamento do cidad\u00e3o Ussumane Bald\u00e9, Salvador Soares escusou-se a falar sobre o caso, mas admitiu que alguns casos acontecem de forma isolada, devido \u00e0 falta de informa\u00e7\u00e3o.<\/p>\n\n\n\n<p class=\"wp-block-paragraph\"><\/p>\n\n\n\n<p class=\"wp-block-paragraph\"><\/p>\n\n\n\n<p class=\"wp-block-paragraph\"><\/p>\n\n\n\n<p class=\"wp-block-paragraph\"><strong>Por: Aguinaldo Ampa<\/strong><\/p>\n\n\n\n<p class=\"wp-block-paragraph\"><strong>Foto: A.A<\/strong>&nbsp; &nbsp; &nbsp; &nbsp; &nbsp; &nbsp; &nbsp; &nbsp; &nbsp;&nbsp;<\/p>\n","protected":false},"excerpt":{"rendered":"<p>O Comiss\u00e1rio Nacional Adjunto para \u00c1rea de Opera\u00e7\u00e3o da Pol\u00edcia da Ordem P\u00fablica (POP), Salvador Soares, revelou esta ter\u00e7a-feira, 10&#8230;<\/p>\n","protected":false},"author":4,"featured_media":42416,"comment_status":"open","ping_status":"open","sticky":false,"template":"","format":"standard","meta":{"footnotes":""},"categories":[16],"tags":[],"class_list":["post-42415","post","type-post","status-publish","format-standard","has-post-thumbnail","hentry","category-sociedade","wpcat-16-id"],"yoast_head":"<!-- This site is optimized with the Yoast SEO plugin v27.5 - https:\/\/yoast.com\/product\/yoast-seo-wordpress\/ -->\n<title>Balan\u00e7o de quadra festiva:\u00a0POL\u00cdCIA DA ORDEM P\u00daBLICA REGISTA CINCO \u00d3BITOS E MAIS DE QUARENTA CASOS DE AGRESS\u00d5ES F\u00cdSICAS \u00a0 - O Democrata GB<\/title>\n<meta name=\"robots\" content=\"index, follow, max-snippet:-1, max-image-preview:large, max-video-preview:-1\" \/>\n<link rel=\"canonical\" href=\"https:\/\/www.odemocratagb.com\/?p=42415\" \/>\n<meta property=\"og:locale\" content=\"pt_BR\" \/>\n<meta property=\"og:type\" content=\"article\" \/>\n<meta property=\"og:title\" content=\"Balan\u00e7o de quadra festiva:\u00a0POL\u00cdCIA DA ORDEM P\u00daBLICA REGISTA CINCO \u00d3BITOS E MAIS DE QUARENTA CASOS DE AGRESS\u00d5ES F\u00cdSICAS \u00a0 - O Democrata GB\" \/>\n<meta property=\"og:description\" content=\"O Comiss\u00e1rio Nacional Adjunto para \u00c1rea de Opera\u00e7\u00e3o da Pol\u00edcia da Ordem P\u00fablica (POP), Salvador Soares, revelou esta ter\u00e7a-feira, 10...\" \/>\n<meta property=\"og:url\" content=\"https:\/\/www.odemocratagb.com\/?p=42415\" \/>\n<meta property=\"og:site_name\" content=\"O Democrata GB\" \/>\n<meta property=\"article:publisher\" content=\"https:\/\/www.facebook.com\/jornaldaguinebissau\" \/>\n<meta property=\"article:published_time\" content=\"2023-01-10T22:30:08+00:00\" \/>\n<meta property=\"article:modified_time\" content=\"2023-01-11T18:03:41+00:00\" \/>\n<meta property=\"og:image\" content=\"https:\/\/www.odemocratagb.com\/wp-content\/uploads\/2023\/01\/59CB9E78-3E14-43DB-A4C4-98C4625E8301-scaled.jpeg\" \/>\n\t<meta property=\"og:image:width\" content=\"2560\" \/>\n\t<meta property=\"og:image:height\" content=\"1449\" \/>\n\t<meta property=\"og:image:type\" content=\"image\/jpeg\" \/>\n<meta name=\"author\" content=\"Jornal Odemocrata\" \/>\n<meta name=\"twitter:card\" content=\"summary_large_image\" \/>\n<meta name=\"twitter:label1\" content=\"Escrito por\" \/>\n\t<meta name=\"twitter:data1\" content=\"Jornal Odemocrata\" \/>\n\t<meta name=\"twitter:label2\" content=\"Est. tempo de leitura\" \/>\n\t<meta name=\"twitter:data2\" content=\"1 minuto\" \/>\n<script type=\"application\/ld+json\" class=\"yoast-schema-graph\">{\"@context\":\"https:\\\/\\\/schema.org\",\"@graph\":[{\"@type\":\"Article\",\"@id\":\"https:\\\/\\\/www.odemocratagb.com\\\/?p=42415#article\",\"isPartOf\":{\"@id\":\"https:\\\/\\\/www.odemocratagb.com\\\/?p=42415\"},\"author\":{\"name\":\"Jornal Odemocrata\",\"@id\":\"https:\\\/\\\/www.odemocratagb.com\\\/#\\\/schema\\\/person\\\/c5e683adeaf9b557e57cf1a8a591b0c0\"},\"headline\":\"Balan\u00e7o de quadra festiva:\u00a0POL\u00cdCIA DA ORDEM P\u00daBLICA REGISTA CINCO \u00d3BITOS E MAIS DE QUARENTA CASOS DE AGRESS\u00d5ES F\u00cdSICAS \u00a0\",\"datePublished\":\"2023-01-10T22:30:08+00:00\",\"dateModified\":\"2023-01-11T18:03:41+00:00\",\"mainEntityOfPage\":{\"@id\":\"https:\\\/\\\/www.odemocratagb.com\\\/?p=42415\"},\"wordCount\":281,\"commentCount\":0,\"publisher\":{\"@id\":\"https:\\\/\\\/www.odemocratagb.com\\\/#organization\"},\"image\":{\"@id\":\"https:\\\/\\\/www.odemocratagb.com\\\/?p=42415#primaryimage\"},\"thumbnailUrl\":\"https:\\\/\\\/www.odemocratagb.com\\\/wp-content\\\/uploads\\\/2023\\\/01\\\/59CB9E78-3E14-43DB-A4C4-98C4625E8301-scaled.jpeg\",\"articleSection\":[\"Sociedade\"],\"inLanguage\":\"pt-BR\",\"potentialAction\":[{\"@type\":\"CommentAction\",\"name\":\"Comment\",\"target\":[\"https:\\\/\\\/www.odemocratagb.com\\\/?p=42415#respond\"]}]},{\"@type\":\"WebPage\",\"@id\":\"https:\\\/\\\/www.odemocratagb.com\\\/?p=42415\",\"url\":\"https:\\\/\\\/www.odemocratagb.com\\\/?p=42415\",\"name\":\"Balan\u00e7o de quadra festiva:\u00a0POL\u00cdCIA DA ORDEM P\u00daBLICA REGISTA CINCO \u00d3BITOS E MAIS DE QUARENTA CASOS DE AGRESS\u00d5ES F\u00cdSICAS \u00a0 - O Democrata GB\",\"isPartOf\":{\"@id\":\"https:\\\/\\\/www.odemocratagb.com\\\/#website\"},\"primaryImageOfPage\":{\"@id\":\"https:\\\/\\\/www.odemocratagb.com\\\/?p=42415#primaryimage\"},\"image\":{\"@id\":\"https:\\\/\\\/www.odemocratagb.com\\\/?p=42415#primaryimage\"},\"thumbnailUrl\":\"https:\\\/\\\/www.odemocratagb.com\\\/wp-content\\\/uploads\\\/2023\\\/01\\\/59CB9E78-3E14-43DB-A4C4-98C4625E8301-scaled.jpeg\",\"datePublished\":\"2023-01-10T22:30:08+00:00\",\"dateModified\":\"2023-01-11T18:03:41+00:00\",\"breadcrumb\":{\"@id\":\"https:\\\/\\\/www.odemocratagb.com\\\/?p=42415#breadcrumb\"},\"inLanguage\":\"pt-BR\",\"potentialAction\":[{\"@type\":\"ReadAction\",\"target\":[\"https:\\\/\\\/www.odemocratagb.com\\\/?p=42415\"]}]},{\"@type\":\"ImageObject\",\"inLanguage\":\"pt-BR\",\"@id\":\"https:\\\/\\\/www.odemocratagb.com\\\/?p=42415#primaryimage\",\"url\":\"https:\\\/\\\/www.odemocratagb.com\\\/wp-content\\\/uploads\\\/2023\\\/01\\\/59CB9E78-3E14-43DB-A4C4-98C4625E8301-scaled.jpeg\",\"contentUrl\":\"https:\\\/\\\/www.odemocratagb.com\\\/wp-content\\\/uploads\\\/2023\\\/01\\\/59CB9E78-3E14-43DB-A4C4-98C4625E8301-scaled.jpeg\",\"width\":2560,\"height\":1449},{\"@type\":\"BreadcrumbList\",\"@id\":\"https:\\\/\\\/www.odemocratagb.com\\\/?p=42415#breadcrumb\",\"itemListElement\":[{\"@type\":\"ListItem\",\"position\":1,\"name\":\"In\u00edcio\",\"item\":\"https:\\\/\\\/www.odemocratagb.com\\\/\"},{\"@type\":\"ListItem\",\"position\":2,\"name\":\"Balan\u00e7o de quadra festiva:\u00a0POL\u00cdCIA DA ORDEM P\u00daBLICA REGISTA CINCO \u00d3BITOS E MAIS DE QUARENTA CASOS DE AGRESS\u00d5ES F\u00cdSICAS \u00a0\"}]},{\"@type\":\"WebSite\",\"@id\":\"https:\\\/\\\/www.odemocratagb.com\\\/#website\",\"url\":\"https:\\\/\\\/www.odemocratagb.com\\\/\",\"name\":\"O Democrata GB\",\"description\":\"Jornal O Democrata GB\",\"publisher\":{\"@id\":\"https:\\\/\\\/www.odemocratagb.com\\\/#organization\"},\"potentialAction\":[{\"@type\":\"SearchAction\",\"target\":{\"@type\":\"EntryPoint\",\"urlTemplate\":\"https:\\\/\\\/www.odemocratagb.com\\\/?s={search_term_string}\"},\"query-input\":{\"@type\":\"PropertyValueSpecification\",\"valueRequired\":true,\"valueName\":\"search_term_string\"}}],\"inLanguage\":\"pt-BR\"},{\"@type\":\"Organization\",\"@id\":\"https:\\\/\\\/www.odemocratagb.com\\\/#organization\",\"name\":\"O Democrata GB\",\"url\":\"https:\\\/\\\/www.odemocratagb.com\\\/\",\"logo\":{\"@type\":\"ImageObject\",\"inLanguage\":\"pt-BR\",\"@id\":\"https:\\\/\\\/www.odemocratagb.com\\\/#\\\/schema\\\/logo\\\/image\\\/\",\"url\":\"https:\\\/\\\/www.odemocratagb.com\\\/wp-content\\\/uploads\\\/2026\\\/04\\\/logo-odemocratagb.png\",\"contentUrl\":\"https:\\\/\\\/www.odemocratagb.com\\\/wp-content\\\/uploads\\\/2026\\\/04\\\/logo-odemocratagb.png\",\"width\":1250,\"height\":327,\"caption\":\"O Democrata GB\"},\"image\":{\"@id\":\"https:\\\/\\\/www.odemocratagb.com\\\/#\\\/schema\\\/logo\\\/image\\\/\"},\"sameAs\":[\"https:\\\/\\\/www.facebook.com\\\/jornaldaguinebissau\",\"https:\\\/\\\/www.instagram.com\\\/odemocratagb\"]},{\"@type\":\"Person\",\"@id\":\"https:\\\/\\\/www.odemocratagb.com\\\/#\\\/schema\\\/person\\\/c5e683adeaf9b557e57cf1a8a591b0c0\",\"name\":\"Jornal Odemocrata\",\"image\":{\"@type\":\"ImageObject\",\"inLanguage\":\"pt-BR\",\"@id\":\"https:\\\/\\\/secure.gravatar.com\\\/avatar\\\/09cb6b76eee5612f7cfca9e0089e2f17141d417bd034905eee842945c87fd87f?s=96&d=mm&r=g\",\"url\":\"https:\\\/\\\/secure.gravatar.com\\\/avatar\\\/09cb6b76eee5612f7cfca9e0089e2f17141d417bd034905eee842945c87fd87f?s=96&d=mm&r=g\",\"contentUrl\":\"https:\\\/\\\/secure.gravatar.com\\\/avatar\\\/09cb6b76eee5612f7cfca9e0089e2f17141d417bd034905eee842945c87fd87f?s=96&d=mm&r=g\",\"caption\":\"Jornal Odemocrata\"},\"sameAs\":[\"http:\\\/\\\/odemocratagb.com\"],\"url\":\"https:\\\/\\\/www.odemocratagb.com\\\/?author=4\"}]}<\/script>\n<!-- \/ Yoast SEO plugin. -->","yoast_head_json":{"title":"Balan\u00e7o de quadra festiva:\u00a0POL\u00cdCIA DA ORDEM P\u00daBLICA REGISTA CINCO \u00d3BITOS E MAIS DE QUARENTA CASOS DE AGRESS\u00d5ES F\u00cdSICAS \u00a0 - O Democrata GB","robots":{"index":"index","follow":"follow","max-snippet":"max-snippet:-1","max-image-preview":"max-image-preview:large","max-video-preview":"max-video-preview:-1"},"canonical":"https:\/\/www.odemocratagb.com\/?p=42415","og_locale":"pt_BR","og_type":"article","og_title":"Balan\u00e7o de quadra festiva:\u00a0POL\u00cdCIA DA ORDEM P\u00daBLICA REGISTA CINCO \u00d3BITOS E MAIS DE QUARENTA CASOS DE AGRESS\u00d5ES F\u00cdSICAS \u00a0 - O Democrata GB","og_description":"O Comiss\u00e1rio Nacional Adjunto para \u00c1rea de Opera\u00e7\u00e3o da Pol\u00edcia da Ordem P\u00fablica (POP), Salvador Soares, revelou esta ter\u00e7a-feira, 10...","og_url":"https:\/\/www.odemocratagb.com\/?p=42415","og_site_name":"O Democrata GB","article_publisher":"https:\/\/www.facebook.com\/jornaldaguinebissau","article_published_time":"2023-01-10T22:30:08+00:00","article_modified_time":"2023-01-11T18:03:41+00:00","og_image":[{"width":2560,"height":1449,"url":"https:\/\/www.odemocratagb.com\/wp-content\/uploads\/2023\/01\/59CB9E78-3E14-43DB-A4C4-98C4625E8301-scaled.jpeg","type":"image\/jpeg"}],"author":"Jornal Odemocrata","twitter_card":"summary_large_image","twitter_misc":{"Escrito por":"Jornal Odemocrata","Est. tempo de leitura":"1 minuto"},"schema":{"@context":"https:\/\/schema.org","@graph":[{"@type":"Article","@id":"https:\/\/www.odemocratagb.com\/?p=42415#article","isPartOf":{"@id":"https:\/\/www.odemocratagb.com\/?p=42415"},"author":{"name":"Jornal Odemocrata","@id":"https:\/\/www.odemocratagb.com\/#\/schema\/person\/c5e683adeaf9b557e57cf1a8a591b0c0"},"headline":"Balan\u00e7o de quadra festiva:\u00a0POL\u00cdCIA DA ORDEM P\u00daBLICA REGISTA CINCO \u00d3BITOS E MAIS DE QUARENTA CASOS DE AGRESS\u00d5ES F\u00cdSICAS \u00a0","datePublished":"2023-01-10T22:30:08+00:00","dateModified":"2023-01-11T18:03:41+00:00","mainEntityOfPage":{"@id":"https:\/\/www.odemocratagb.com\/?p=42415"},"wordCount":281,"commentCount":0,"publisher":{"@id":"https:\/\/www.odemocratagb.com\/#organization"},"image":{"@id":"https:\/\/www.odemocratagb.com\/?p=42415#primaryimage"},"thumbnailUrl":"https:\/\/www.odemocratagb.com\/wp-content\/uploads\/2023\/01\/59CB9E78-3E14-43DB-A4C4-98C4625E8301-scaled.jpeg","articleSection":["Sociedade"],"inLanguage":"pt-BR","potentialAction":[{"@type":"CommentAction","name":"Comment","target":["https:\/\/www.odemocratagb.com\/?p=42415#respond"]}]},{"@type":"WebPage","@id":"https:\/\/www.odemocratagb.com\/?p=42415","url":"https:\/\/www.odemocratagb.com\/?p=42415","name":"Balan\u00e7o de quadra festiva:\u00a0POL\u00cdCIA DA ORDEM P\u00daBLICA REGISTA CINCO \u00d3BITOS E MAIS DE QUARENTA CASOS DE AGRESS\u00d5ES F\u00cdSICAS \u00a0 - O Democrata GB","isPartOf":{"@id":"https:\/\/www.odemocratagb.com\/#website"},"primaryImageOfPage":{"@id":"https:\/\/www.odemocratagb.com\/?p=42415#primaryimage"},"image":{"@id":"https:\/\/www.odemocratagb.com\/?p=42415#primaryimage"},"thumbnailUrl":"https:\/\/www.odemocratagb.com\/wp-content\/uploads\/2023\/01\/59CB9E78-3E14-43DB-A4C4-98C4625E8301-scaled.jpeg","datePublished":"2023-01-10T22:30:08+00:00","dateModified":"2023-01-11T18:03:41+00:00","breadcrumb":{"@id":"https:\/\/www.odemocratagb.com\/?p=42415#breadcrumb"},"inLanguage":"pt-BR","potentialAction":[{"@type":"ReadAction","target":["https:\/\/www.odemocratagb.com\/?p=42415"]}]},{"@type":"ImageObject","inLanguage":"pt-BR","@id":"https:\/\/www.odemocratagb.com\/?p=42415#primaryimage","url":"https:\/\/www.odemocratagb.com\/wp-content\/uploads\/2023\/01\/59CB9E78-3E14-43DB-A4C4-98C4625E8301-scaled.jpeg","contentUrl":"https:\/\/www.odemocratagb.com\/wp-content\/uploads\/2023\/01\/59CB9E78-3E14-43DB-A4C4-98C4625E8301-scaled.jpeg","width":2560,"height":1449},{"@type":"BreadcrumbList","@id":"https:\/\/www.odemocratagb.com\/?p=42415#breadcrumb","itemListElement":[{"@type":"ListItem","position":1,"name":"In\u00edcio","item":"https:\/\/www.odemocratagb.com\/"},{"@type":"ListItem","position":2,"name":"Balan\u00e7o de quadra festiva:\u00a0POL\u00cdCIA DA ORDEM P\u00daBLICA REGISTA CINCO \u00d3BITOS E MAIS DE QUARENTA CASOS DE AGRESS\u00d5ES F\u00cdSICAS \u00a0"}]},{"@type":"WebSite","@id":"https:\/\/www.odemocratagb.com\/#website","url":"https:\/\/www.odemocratagb.com\/","name":"O Democrata GB","description":"Jornal O Democrata GB","publisher":{"@id":"https:\/\/www.odemocratagb.com\/#organization"},"potentialAction":[{"@type":"SearchAction","target":{"@type":"EntryPoint","urlTemplate":"https:\/\/www.odemocratagb.com\/?s={search_term_string}"},"query-input":{"@type":"PropertyValueSpecification","valueRequired":true,"valueName":"search_term_string"}}],"inLanguage":"pt-BR"},{"@type":"Organization","@id":"https:\/\/www.odemocratagb.com\/#organization","name":"O Democrata GB","url":"https:\/\/www.odemocratagb.com\/","logo":{"@type":"ImageObject","inLanguage":"pt-BR","@id":"https:\/\/www.odemocratagb.com\/#\/schema\/logo\/image\/","url":"https:\/\/www.odemocratagb.com\/wp-content\/uploads\/2026\/04\/logo-odemocratagb.png","contentUrl":"https:\/\/www.odemocratagb.com\/wp-content\/uploads\/2026\/04\/logo-odemocratagb.png","width":1250,"height":327,"caption":"O Democrata GB"},"image":{"@id":"https:\/\/www.odemocratagb.com\/#\/schema\/logo\/image\/"},"sameAs":["https:\/\/www.facebook.com\/jornaldaguinebissau","https:\/\/www.instagram.com\/odemocratagb"]},{"@type":"Person","@id":"https:\/\/www.odemocratagb.com\/#\/schema\/person\/c5e683adeaf9b557e57cf1a8a591b0c0","name":"Jornal Odemocrata","image":{"@type":"ImageObject","inLanguage":"pt-BR","@id":"https:\/\/secure.gravatar.com\/avatar\/09cb6b76eee5612f7cfca9e0089e2f17141d417bd034905eee842945c87fd87f?s=96&d=mm&r=g","url":"https:\/\/secure.gravatar.com\/avatar\/09cb6b76eee5612f7cfca9e0089e2f17141d417bd034905eee842945c87fd87f?s=96&d=mm&r=g","contentUrl":"https:\/\/secure.gravatar.com\/avatar\/09cb6b76eee5612f7cfca9e0089e2f17141d417bd034905eee842945c87fd87f?s=96&d=mm&r=g","caption":"Jornal Odemocrata"},"sameAs":["http:\/\/odemocratagb.com"],"url":"https:\/\/www.odemocratagb.com\/?author=4"}]}},"_links":{"self":[{"href":"https:\/\/www.odemocratagb.com\/index.php?rest_route=\/wp\/v2\/posts\/42415","targetHints":{"allow":["GET"]}}],"collection":[{"href":"https:\/\/www.odemocratagb.com\/index.php?rest_route=\/wp\/v2\/posts"}],"about":[{"href":"https:\/\/www.odemocratagb.com\/index.php?rest_route=\/wp\/v2\/types\/post"}],"author":[{"embeddable":true,"href":"https:\/\/www.odemocratagb.com\/index.php?rest_route=\/wp\/v2\/users\/4"}],"replies":[{"embeddable":true,"href":"https:\/\/www.odemocratagb.com\/index.php?rest_route=%2Fwp%2Fv2%2Fcomments&post=42415"}],"version-history":[{"count":5,"href":"https:\/\/www.odemocratagb.com\/index.php?rest_route=\/wp\/v2\/posts\/42415\/revisions"}],"predecessor-version":[{"id":42439,"href":"https:\/\/www.odemocratagb.com\/index.php?rest_route=\/wp\/v2\/posts\/42415\/revisions\/42439"}],"wp:featuredmedia":[{"embeddable":true,"href":"https:\/\/www.odemocratagb.com\/index.php?rest_route=\/wp\/v2\/media\/42416"}],"wp:attachment":[{"href":"https:\/\/www.odemocratagb.com\/index.php?rest_route=%2Fwp%2Fv2%2Fmedia&parent=42415"}],"wp:term":[{"taxonomy":"category","embeddable":true,"href":"https:\/\/www.odemocratagb.com\/index.php?rest_route=%2Fwp%2Fv2%2Fcategories&post=42415"},{"taxonomy":"post_tag","embeddable":true,"href":"https:\/\/www.odemocratagb.com\/index.php?rest_route=%2Fwp%2Fv2%2Ftags&post=42415"}],"curies":[{"name":"wp","href":"https:\/\/api.w.org\/{rel}","templated":true}]}}