{"id":42658,"date":"2023-01-23T09:50:19","date_gmt":"2023-01-23T09:50:19","guid":{"rendered":"https:\/\/www.odemocratagb.com\/?p=42658"},"modified":"2023-01-23T10:33:26","modified_gmt":"2023-01-23T10:33:26","slug":"cumprimento-do-acordo-de-argel-ex-comandos-africanos-na-guine-bissau-exigem-o-direito-a-nacionalidade","status":"publish","type":"post","link":"https:\/\/www.odemocratagb.com\/?p=42658","title":{"rendered":"Cumprimento do acordo de Argel: <strong>EX-COMANDOS AFRICANOS NA GUIN\u00c9-BISSAU EXIGEM O DIREITO \u00c0 NACIONALIDADE<\/strong>"},"content":{"rendered":"\n<p class=\"wp-block-paragraph\">A associa\u00e7\u00e3o dos ex-combatentes das for\u00e7as armadas portuguesas na Guin\u00e9-Bissau (ADECOFARP-GB) insurgiu-se contra a passividade das autoridades portuguesas face a v\u00e1rias situa\u00e7\u00f5es que enfrentam no pa\u00eds e exige a devolu\u00e7\u00e3o da nacionalidade portuguesa.<\/p>\n\n\n\n<p class=\"wp-block-paragraph\">Numa carta reivindicativa a que o jornal O Democrata teve acesso, os ex-combatentes dizem querer o reconhecimento incondicional e imediato do seu direito \u00e0 nacionalidade portuguesa, a abertura de um guichet particular na embaixada para atendimento e processamento dos assuntos dos ex-combatentes portugueses, o pagamento de pens\u00f5es de sangue, de invalidez e das suas reformas aos seus descendentes, demais v\u00edtimas e ou ofendidos.<\/p>\n\n\n\n<p class=\"wp-block-paragraph\">A Associa\u00e7\u00e3o criticou o fato de ter sido decidido que apenas poderiam ser portugueses, os que, porquanto tiveram sorte divina de serem pessoas da cor ou da ra\u00e7a branca, nomeadamente, cabo-verdianos, mo\u00e7ambicanos, angolanos, independentemente do lugar onde residiam a altura do 25 de abril de 1975, e n\u00e3o os que, verdadeiramente se sacrificaram com o seu suor em nome de Portugal, no campo da batalha e nunca pouparam suas vidas em prol desta p\u00e1tria.<\/p>\n\n\n\n<p class=\"wp-block-paragraph\"><strong>ASSOCIA\u00c7\u00c3O CRITICA MEDIDAS \u201cILEGAIS\u201d PERPETRADAS POR RESPONS\u00c1VEIS ULTRAMARINOS<\/strong><\/p>\n\n\n\n<p class=\"wp-block-paragraph\">A ADECOFARP-GB informou que, entre 1963 e 1974, combateram na Guin\u00e9-Bissau 250 mil militares guineenses, dos quais quarenta mil eram guineenses de origem, \u201ccumprindo o dever militar integral a favor de Portugal, com as respetivas garantias constitucionais como portugueses\u201d.<\/p>\n\n\n\n<figure class=\"wp-block-image size-large\"><a href=\"https:\/\/www.odemocratagb.com\/wp-content\/uploads\/2023\/01\/Presidente-da-associacao-Amadu-Jau.jpg\"><img loading=\"lazy\" decoding=\"async\" width=\"1024\" height=\"936\" src=\"https:\/\/www.odemocratagb.com\/wp-content\/uploads\/2023\/01\/Presidente-da-associacao-Amadu-Jau-1024x936.jpg\" alt=\"\" class=\"wp-image-42642\" srcset=\"https:\/\/www.odemocratagb.com\/wp-content\/uploads\/2023\/01\/Presidente-da-associacao-Amadu-Jau-1024x936.jpg 1024w, https:\/\/www.odemocratagb.com\/wp-content\/uploads\/2023\/01\/Presidente-da-associacao-Amadu-Jau-300x274.jpg 300w, https:\/\/www.odemocratagb.com\/wp-content\/uploads\/2023\/01\/Presidente-da-associacao-Amadu-Jau-768x702.jpg 768w, https:\/\/www.odemocratagb.com\/wp-content\/uploads\/2023\/01\/Presidente-da-associacao-Amadu-Jau-1536x1404.jpg 1536w, https:\/\/www.odemocratagb.com\/wp-content\/uploads\/2023\/01\/Presidente-da-associacao-Amadu-Jau-1230x1124.jpg 1230w, https:\/\/www.odemocratagb.com\/wp-content\/uploads\/2023\/01\/Presidente-da-associacao-Amadu-Jau.jpg 1698w\" sizes=\"auto, (max-width: 1024px) 100vw, 1024px\" \/><\/a><\/figure>\n\n\n\n<p class=\"wp-block-paragraph\">\u201cAlguns destes homens foram encarcerados pelas novas autoridades guineenses, neste caso, o novo Estado depois da independ\u00eancia, que os considerava como traidores da p\u00e1tria, infi\u00e9is e oportunistas\u201d, lembrou a organiza\u00e7\u00e3o, apontando estes fatos como uma das raz\u00f5es fortes para o fuzilamento de alguns destes combatentes \u201cmortic\u00ednio dos portugueses combatentes pelos estados independentistas\u201d.<\/p>\n\n\n\n<p class=\"wp-block-paragraph\">Os ex-combatentes lamentam que, volvidos 50 anos da independ\u00eancia tenham aumentado mortos, inv\u00e1lidos, fuzilamentos, conspira\u00e7\u00e3o e demais \u201catos b\u00e1rbaros \u201ccontra os antigos combatentes das for\u00e7as armadas portuguesas na Guin\u00e9-Bissau.<\/p>\n\n\n\n<p class=\"wp-block-paragraph\">\u201cDados fi\u00e1veis e pass\u00edveis de confirma\u00e7\u00e3o atrav\u00e9s de textos extra\u00eddos das bibliografias de estudos e testemunhos colhidos no campo de batalha, de testemunhas ainda em vida, explicam e confirmam os n\u00fameros alarmantes e crescentes diariamente\u2026durante 50 anos de sil\u00eancio sobre um crime do Estado portugu\u00eas\u201d, pode ler-se na carta.&nbsp;<\/p>\n\n\n\n<p class=\"wp-block-paragraph\">Segundo os ex-combatentes, estima-se que ter\u00e3o sido fuzilados \u201cbarbaramente\u201d entre quinhentos a setecentos veteranos da guerra sob bandeira portuguesa, nos campos de Jolmete, Cumer\u00e9, Porto Gole, Farim, Mansoa, Bafat\u00e1, Bissau e outros lugares do pa\u00eds por identificar.<\/p>\n\n\n\n<p class=\"wp-block-paragraph\">\u201cCom alguma perplexidade, porque era designada de prov\u00edncias ultramarinas. Muitos cobriram-se de gl\u00f3ria &nbsp;&nbsp;no campo de batalha, mas alguma ingratid\u00e3o b\u00e1sica \u00e0 mem\u00f3ria dos portugueses lembra do ex-combatente luso descendente, Marcelino da Mata, com devido carinho, afeto, respeito e admira\u00e7\u00e3o. Mas muitos e milhares de outros, menos conhecidos que o Marcelino da Mata, serviram com igual fidelidade, lealdade, integridade e retid\u00e3o a causa nacional portuguesa \u201c, criticam.<\/p>\n\n\n\n<p class=\"wp-block-paragraph\">Criticaram ainda medidas \u201cilegais, ileg\u00edtimas e indevidas\u201d, que dizem terem sido perpetradas pelos ent\u00e3o respons\u00e1veis m\u00e1ximos das prov\u00edncias ultramarinas, nomeadamente Ant\u00f3nio de Almeida Santos, M\u00e1rio Soares e pelo ent\u00e3o Presidente da Rep\u00fablica, Ant\u00f3nio de Sp\u00ednola, que de forma sum\u00e1ria e despida de cobertura legal, \u201cprivaram da nacionalidade, ao aqui em men\u00e7\u00e3o, ora peticion\u00e1rios e reclamantes, atrav\u00e9s do inconstitucional decreto-lei n\u00ba308\/75, de junho de 1975\u201d.<\/p>\n\n\n\n<p class=\"wp-block-paragraph\">\u201cEm consequ\u00eancia do ato aqui perpetrado pelos respons\u00e1veis ultramarinos, foi-nos &nbsp;&nbsp;privado o direito de obter pe\u00e7as de identifica\u00e7\u00e3o, particularmente c\u00e9dulas pessoais, bilhetes de identifica\u00e7\u00e3o, passaportes e demais pe\u00e7as de identifica\u00e7\u00e3o dos nascidos na prov\u00edncia ultramarina\u201d, denunciaram.<\/p>\n\n\n\n<p class=\"wp-block-paragraph\">Os militares africanos&nbsp; que lutaram &nbsp;&nbsp;na Guin\u00e9-Bissau nas For\u00e7as Armadas Portuguesas frisaram que a exig\u00eancia contida na peti\u00e7\u00e3o, de lhes ser devolvida a nacionalidade portuguesa,&nbsp; foi h\u00e1 muito &nbsp;manifestada e difundida pela comunica\u00e7\u00e3o&nbsp; social&nbsp; nacional e internacional, m\u00e1xime, pelo Di\u00e1rio de Not\u00edcias de 26 de setembro de 2022, com escritos textuais da autoria de Paula S\u00e1, como tamb\u00e9m&nbsp; de um artigo de opini\u00e3o &nbsp;de um dos signat\u00e1rios &nbsp;da peti\u00e7\u00e3o &nbsp;&nbsp;&nbsp;em causa, Amadu Jau, presidente&nbsp; da Associa\u00e7\u00e3o&nbsp; dos ex-combatentes das For\u00e7as &nbsp;Armadas Portuguesas.<\/p>\n\n\n\n<p class=\"wp-block-paragraph\">Alertaram que, pela amplitude do assunto, contextualiza\u00e7\u00e3o &nbsp;&nbsp;geral e espec\u00edfica, essa mat\u00e9ria requer grandes pormenores e detalhes que retiram n\u00e3o s\u00f3 o tempo, mas tamb\u00e9m o gosto ao mesmo, devido \u00e0 tamanha tristeza que se faz sentir e viver.<\/p>\n\n\n\n<p class=\"wp-block-paragraph\">Ainda assim dizem que, \u00e0 p\u00e1tria gostariam de declarar de forma solene e p\u00fablica, seria no todo inaceit\u00e1vel e inquestion\u00e1vel essa pretens\u00e3o n\u00e3o ter sido atendida (revolta&nbsp; dos combatentes portugueses em rela\u00e7\u00e3o \u00e0 nacionalidade dos seus irm\u00e3os portugueses que defenderam Portugal, a integra\u00e7\u00e3o da ADECFARP na liga dos combatentes portugueses, a devolu\u00e7\u00e3o da nacionalidade, a abertura de um guichet&nbsp; particular para o atendimentos e processamento dos assuntos dos ex-combatentes e o pagamento das pens\u00f5es de sangue, de invalidez, e da reforma aos familiares das v\u00edtimas).<\/p>\n\n\n\n<p class=\"wp-block-paragraph\">Reconheceram que, politicamente, o Estado Novo n\u00e3o tem a responsabilidade hist\u00f3rica de ter desperdi\u00e7ado o esfor\u00e7o de guerra dos 1.367.896 homens, 443.649 dos quais resultantes do recrutamento local que, segundo os dados fi\u00e1veis do Estado-Maior do Ex\u00e9rcito, passaram pelas fileiras das FAP nas guerras ultramarinas, entre 1961 e 1974.<\/p>\n\n\n\n<p class=\"wp-block-paragraph\">\u201cS\u00e3o no todo treze anos de sacrif\u00edcios e mobiliza\u00e7\u00e3o nacional que fizeram Portugal ficar perto do Vietname do Norte no topo mundial da despesa militar. Os mesmos dados indicam que foram sacrificados \u00e0 fantasia de uma guerra infinita e rid\u00edcula, sem estar ao servi\u00e7o de uma pol\u00edtica que permitisse uma autonomia progressiva, sem exclus\u00e3o de ningu\u00e9m dos territ\u00f3rios ultramarinos\u201d, sublinharam.<\/p>\n\n\n\n<p class=\"wp-block-paragraph\"><strong>EX-COMBATENTES EXIGEM O CUMPRIMENTO DO ACORDO DE ARGEL<\/strong><\/p>\n\n\n\n<p class=\"wp-block-paragraph\">Os ent\u00e3o comandos africanos recordaram que \u00a0na assinatura do acordo de Argel, em 26 de agosto de 1974, entre o Estado portugu\u00eas e o Estado guineense,\u00a0 Portugal obteve do PAIGC a promessa de que os seus militares naturais da Guin\u00e9-Bissau seriam respeitados, sendo at\u00e9 mencionado\u00a0 e plasmado no art\u00ba 26 do acordo em refer\u00eancia, bem como o Governo portugu\u00eas participaria \u00a0num plano\u00a0 de reintegra\u00e7\u00e3o\u00a0 na vida civil dos cidad\u00e3os\u00a0 da Rep\u00fablica da Guin\u00e9-Bissau que tivessem prestado servi\u00e7o militar nas for\u00e7as armadas portuguesas e, em especial, dos graduados\u00a0 das companhias e comandos africanos.<\/p>\n\n\n\n<p class=\"wp-block-paragraph\">O mesmo acordo de Argel imp\u00f4s de forma categ\u00f3rica, no seu art\u00ba24, ao Estado portugu\u00eas o pagamento de todos os vencimentos devidos at\u00e9 aos final de 1974, e mais ainda as pens\u00f5es de sangue, de invalidez e de reforma devidos aos antigos combatentes com direito a tal\u2026(omiss\u00e3o dos direitos\u00a0 e da defesa dos portugueses africanos nas negocia\u00e7\u00f5es da independ\u00eancia) .<\/p>\n\n\n\n<p class=\"wp-block-paragraph\">\u201cLogo no outono de 1974, numa vingan\u00e7a brutal, o PAIGC come\u00e7ou a fuzilar os primeiros comandantes guineenses das FAP. Como ficou referido num estudo de investiga\u00e7\u00e3o feito por Eduardo D\u00e2maso e Adelino Gomes intitulado: que certid\u00f5es de \u00f3bito manifestavam uma rude sinceridade- \u201cfaleceu por fuzilamento\u201d, denunciaram.<\/p>\n\n\n\n<p class=\"wp-block-paragraph\">De acordo com os dados do estudo, o tenente Abdulai Queta Jamanca ter\u00e1 sido o primeiro a ser assassinado. O estudo questiona: quantos mais ter\u00e3o tombado? 700 parece ser o n\u00famero m\u00ednimo? A cifra real poder\u00e1 ser muito superior?<\/p>\n\n\n\n<p class=\"wp-block-paragraph\">Para al\u00e9m destes fatos, informaram que uma investigadora da Universidade de Coimbra, F\u00e1tima da Cruz Rodrigues, especialista neste tema, tamb\u00e9m ter\u00e1 destacado a situa\u00e7\u00e3o de \u201ccrueldade excecional \u201ca que foram submetidos esses combatentes, em compara\u00e7\u00e3o com os de Angola e de Mo\u00e7ambique.<\/p>\n\n\n\n<p class=\"wp-block-paragraph\">\u201cA hist\u00f3ria n\u00e3o \u00e9 um tribunal, nem serve para a edifica\u00e7\u00e3o das almas. O que esses guerreiros abandonados na derrocada do imp\u00e9rio pedem, n\u00e3o \u00e9 uma justi\u00e7a imposs\u00edvel de se satisfazer, mas o direito de acabarem os seus dias como cidad\u00e3os do pa\u00eds pelo qual deram o seu sangue e confiaram as suas vidas\u201d, descrevem, terminando com esta frase: \u201cfavor apaguem uma vergonha da hist\u00f3ria de Portugal\u2026\u201d<\/p>\n\n\n\n<p class=\"wp-block-paragraph\"><\/p>\n\n\n\n<p class=\"wp-block-paragraph\"><\/p>\n\n\n\n<p class=\"wp-block-paragraph\"><\/p>\n\n\n\n<p class=\"wp-block-paragraph\"><strong>Por: Filomeno Samb\u00fa<\/strong><\/p>\n","protected":false},"excerpt":{"rendered":"<p>A associa\u00e7\u00e3o dos ex-combatentes das for\u00e7as armadas portuguesas na Guin\u00e9-Bissau (ADECOFARP-GB) insurgiu-se contra a passividade das autoridades portuguesas face a&#8230;<\/p>\n","protected":false},"author":4,"featured_media":22006,"comment_status":"open","ping_status":"open","sticky":false,"template":"","format":"standard","meta":{"footnotes":""},"categories":[6],"tags":[],"class_list":["post-42658","post","type-post","status-publish","format-standard","has-post-thumbnail","hentry","category-inicio","wpcat-6-id"],"yoast_head":"<!-- This site is optimized with the Yoast SEO plugin v27.5 - https:\/\/yoast.com\/product\/yoast-seo-wordpress\/ -->\n<title>Cumprimento do acordo de Argel: EX-COMANDOS AFRICANOS NA GUIN\u00c9-BISSAU EXIGEM O DIREITO \u00c0 NACIONALIDADE - O Democrata GB<\/title>\n<meta name=\"robots\" content=\"index, follow, max-snippet:-1, max-image-preview:large, max-video-preview:-1\" \/>\n<link rel=\"canonical\" href=\"https:\/\/www.odemocratagb.com\/?p=42658\" \/>\n<meta property=\"og:locale\" content=\"pt_BR\" \/>\n<meta property=\"og:type\" content=\"article\" \/>\n<meta property=\"og:title\" content=\"Cumprimento do acordo de Argel: EX-COMANDOS AFRICANOS NA GUIN\u00c9-BISSAU EXIGEM O DIREITO \u00c0 NACIONALIDADE - O Democrata GB\" \/>\n<meta property=\"og:description\" content=\"A associa\u00e7\u00e3o dos ex-combatentes das for\u00e7as armadas portuguesas na Guin\u00e9-Bissau (ADECOFARP-GB) insurgiu-se contra a passividade das autoridades portuguesas face a...\" \/>\n<meta property=\"og:url\" content=\"https:\/\/www.odemocratagb.com\/?p=42658\" \/>\n<meta property=\"og:site_name\" content=\"O Democrata GB\" \/>\n<meta property=\"article:publisher\" content=\"https:\/\/www.facebook.com\/jornaldaguinebissau\" \/>\n<meta property=\"article:published_time\" content=\"2023-01-23T09:50:19+00:00\" \/>\n<meta property=\"article:modified_time\" content=\"2023-01-23T10:33:26+00:00\" \/>\n<meta property=\"og:image\" content=\"https:\/\/www.odemocratagb.com\/wp-content\/uploads\/2019\/09\/base-militar-paigc_luta-armada_ODEMOCRATA.jpg\" \/>\n\t<meta property=\"og:image:width\" content=\"1000\" \/>\n\t<meta property=\"og:image:height\" content=\"680\" \/>\n\t<meta property=\"og:image:type\" content=\"image\/jpeg\" \/>\n<meta name=\"author\" content=\"Jornal Odemocrata\" \/>\n<meta name=\"twitter:card\" content=\"summary_large_image\" \/>\n<meta name=\"twitter:label1\" content=\"Escrito por\" \/>\n\t<meta name=\"twitter:data1\" content=\"Jornal Odemocrata\" \/>\n\t<meta name=\"twitter:label2\" content=\"Est. tempo de leitura\" \/>\n\t<meta name=\"twitter:data2\" content=\"7 minutos\" \/>\n<script type=\"application\/ld+json\" class=\"yoast-schema-graph\">{\"@context\":\"https:\\\/\\\/schema.org\",\"@graph\":[{\"@type\":\"Article\",\"@id\":\"https:\\\/\\\/www.odemocratagb.com\\\/?p=42658#article\",\"isPartOf\":{\"@id\":\"https:\\\/\\\/www.odemocratagb.com\\\/?p=42658\"},\"author\":{\"name\":\"Jornal Odemocrata\",\"@id\":\"https:\\\/\\\/www.odemocratagb.com\\\/#\\\/schema\\\/person\\\/c5e683adeaf9b557e57cf1a8a591b0c0\"},\"headline\":\"Cumprimento do acordo de Argel: EX-COMANDOS AFRICANOS NA GUIN\u00c9-BISSAU EXIGEM O DIREITO \u00c0 NACIONALIDADE\",\"datePublished\":\"2023-01-23T09:50:19+00:00\",\"dateModified\":\"2023-01-23T10:33:26+00:00\",\"mainEntityOfPage\":{\"@id\":\"https:\\\/\\\/www.odemocratagb.com\\\/?p=42658\"},\"wordCount\":1392,\"commentCount\":1,\"publisher\":{\"@id\":\"https:\\\/\\\/www.odemocratagb.com\\\/#organization\"},\"image\":{\"@id\":\"https:\\\/\\\/www.odemocratagb.com\\\/?p=42658#primaryimage\"},\"thumbnailUrl\":\"https:\\\/\\\/www.odemocratagb.com\\\/wp-content\\\/uploads\\\/2019\\\/09\\\/base-militar-paigc_luta-armada_ODEMOCRATA.jpg\",\"articleSection\":[\"Atualidade\"],\"inLanguage\":\"pt-BR\",\"potentialAction\":[{\"@type\":\"CommentAction\",\"name\":\"Comment\",\"target\":[\"https:\\\/\\\/www.odemocratagb.com\\\/?p=42658#respond\"]}]},{\"@type\":\"WebPage\",\"@id\":\"https:\\\/\\\/www.odemocratagb.com\\\/?p=42658\",\"url\":\"https:\\\/\\\/www.odemocratagb.com\\\/?p=42658\",\"name\":\"Cumprimento do acordo de Argel: EX-COMANDOS AFRICANOS NA GUIN\u00c9-BISSAU EXIGEM O DIREITO \u00c0 NACIONALIDADE - O Democrata GB\",\"isPartOf\":{\"@id\":\"https:\\\/\\\/www.odemocratagb.com\\\/#website\"},\"primaryImageOfPage\":{\"@id\":\"https:\\\/\\\/www.odemocratagb.com\\\/?p=42658#primaryimage\"},\"image\":{\"@id\":\"https:\\\/\\\/www.odemocratagb.com\\\/?p=42658#primaryimage\"},\"thumbnailUrl\":\"https:\\\/\\\/www.odemocratagb.com\\\/wp-content\\\/uploads\\\/2019\\\/09\\\/base-militar-paigc_luta-armada_ODEMOCRATA.jpg\",\"datePublished\":\"2023-01-23T09:50:19+00:00\",\"dateModified\":\"2023-01-23T10:33:26+00:00\",\"breadcrumb\":{\"@id\":\"https:\\\/\\\/www.odemocratagb.com\\\/?p=42658#breadcrumb\"},\"inLanguage\":\"pt-BR\",\"potentialAction\":[{\"@type\":\"ReadAction\",\"target\":[\"https:\\\/\\\/www.odemocratagb.com\\\/?p=42658\"]}]},{\"@type\":\"ImageObject\",\"inLanguage\":\"pt-BR\",\"@id\":\"https:\\\/\\\/www.odemocratagb.com\\\/?p=42658#primaryimage\",\"url\":\"https:\\\/\\\/www.odemocratagb.com\\\/wp-content\\\/uploads\\\/2019\\\/09\\\/base-militar-paigc_luta-armada_ODEMOCRATA.jpg\",\"contentUrl\":\"https:\\\/\\\/www.odemocratagb.com\\\/wp-content\\\/uploads\\\/2019\\\/09\\\/base-militar-paigc_luta-armada_ODEMOCRATA.jpg\",\"width\":1000,\"height\":680},{\"@type\":\"BreadcrumbList\",\"@id\":\"https:\\\/\\\/www.odemocratagb.com\\\/?p=42658#breadcrumb\",\"itemListElement\":[{\"@type\":\"ListItem\",\"position\":1,\"name\":\"In\u00edcio\",\"item\":\"https:\\\/\\\/www.odemocratagb.com\\\/\"},{\"@type\":\"ListItem\",\"position\":2,\"name\":\"Cumprimento do acordo de Argel: EX-COMANDOS AFRICANOS NA GUIN\u00c9-BISSAU EXIGEM O DIREITO \u00c0 NACIONALIDADE\"}]},{\"@type\":\"WebSite\",\"@id\":\"https:\\\/\\\/www.odemocratagb.com\\\/#website\",\"url\":\"https:\\\/\\\/www.odemocratagb.com\\\/\",\"name\":\"O Democrata GB\",\"description\":\"Jornal O Democrata GB\",\"publisher\":{\"@id\":\"https:\\\/\\\/www.odemocratagb.com\\\/#organization\"},\"potentialAction\":[{\"@type\":\"SearchAction\",\"target\":{\"@type\":\"EntryPoint\",\"urlTemplate\":\"https:\\\/\\\/www.odemocratagb.com\\\/?s={search_term_string}\"},\"query-input\":{\"@type\":\"PropertyValueSpecification\",\"valueRequired\":true,\"valueName\":\"search_term_string\"}}],\"inLanguage\":\"pt-BR\"},{\"@type\":\"Organization\",\"@id\":\"https:\\\/\\\/www.odemocratagb.com\\\/#organization\",\"name\":\"O Democrata GB\",\"url\":\"https:\\\/\\\/www.odemocratagb.com\\\/\",\"logo\":{\"@type\":\"ImageObject\",\"inLanguage\":\"pt-BR\",\"@id\":\"https:\\\/\\\/www.odemocratagb.com\\\/#\\\/schema\\\/logo\\\/image\\\/\",\"url\":\"https:\\\/\\\/www.odemocratagb.com\\\/wp-content\\\/uploads\\\/2026\\\/04\\\/logo-odemocratagb.png\",\"contentUrl\":\"https:\\\/\\\/www.odemocratagb.com\\\/wp-content\\\/uploads\\\/2026\\\/04\\\/logo-odemocratagb.png\",\"width\":1250,\"height\":327,\"caption\":\"O Democrata GB\"},\"image\":{\"@id\":\"https:\\\/\\\/www.odemocratagb.com\\\/#\\\/schema\\\/logo\\\/image\\\/\"},\"sameAs\":[\"https:\\\/\\\/www.facebook.com\\\/jornaldaguinebissau\",\"https:\\\/\\\/www.instagram.com\\\/odemocratagb\"]},{\"@type\":\"Person\",\"@id\":\"https:\\\/\\\/www.odemocratagb.com\\\/#\\\/schema\\\/person\\\/c5e683adeaf9b557e57cf1a8a591b0c0\",\"name\":\"Jornal Odemocrata\",\"image\":{\"@type\":\"ImageObject\",\"inLanguage\":\"pt-BR\",\"@id\":\"https:\\\/\\\/secure.gravatar.com\\\/avatar\\\/09cb6b76eee5612f7cfca9e0089e2f17141d417bd034905eee842945c87fd87f?s=96&d=mm&r=g\",\"url\":\"https:\\\/\\\/secure.gravatar.com\\\/avatar\\\/09cb6b76eee5612f7cfca9e0089e2f17141d417bd034905eee842945c87fd87f?s=96&d=mm&r=g\",\"contentUrl\":\"https:\\\/\\\/secure.gravatar.com\\\/avatar\\\/09cb6b76eee5612f7cfca9e0089e2f17141d417bd034905eee842945c87fd87f?s=96&d=mm&r=g\",\"caption\":\"Jornal Odemocrata\"},\"sameAs\":[\"http:\\\/\\\/odemocratagb.com\"],\"url\":\"https:\\\/\\\/www.odemocratagb.com\\\/?author=4\"}]}<\/script>\n<!-- \/ Yoast SEO plugin. -->","yoast_head_json":{"title":"Cumprimento do acordo de Argel: EX-COMANDOS AFRICANOS NA GUIN\u00c9-BISSAU EXIGEM O DIREITO \u00c0 NACIONALIDADE - O Democrata GB","robots":{"index":"index","follow":"follow","max-snippet":"max-snippet:-1","max-image-preview":"max-image-preview:large","max-video-preview":"max-video-preview:-1"},"canonical":"https:\/\/www.odemocratagb.com\/?p=42658","og_locale":"pt_BR","og_type":"article","og_title":"Cumprimento do acordo de Argel: EX-COMANDOS AFRICANOS NA GUIN\u00c9-BISSAU EXIGEM O DIREITO \u00c0 NACIONALIDADE - O Democrata GB","og_description":"A associa\u00e7\u00e3o dos ex-combatentes das for\u00e7as armadas portuguesas na Guin\u00e9-Bissau (ADECOFARP-GB) insurgiu-se contra a passividade das autoridades portuguesas face a...","og_url":"https:\/\/www.odemocratagb.com\/?p=42658","og_site_name":"O Democrata GB","article_publisher":"https:\/\/www.facebook.com\/jornaldaguinebissau","article_published_time":"2023-01-23T09:50:19+00:00","article_modified_time":"2023-01-23T10:33:26+00:00","og_image":[{"width":1000,"height":680,"url":"https:\/\/www.odemocratagb.com\/wp-content\/uploads\/2019\/09\/base-militar-paigc_luta-armada_ODEMOCRATA.jpg","type":"image\/jpeg"}],"author":"Jornal Odemocrata","twitter_card":"summary_large_image","twitter_misc":{"Escrito por":"Jornal Odemocrata","Est. tempo de leitura":"7 minutos"},"schema":{"@context":"https:\/\/schema.org","@graph":[{"@type":"Article","@id":"https:\/\/www.odemocratagb.com\/?p=42658#article","isPartOf":{"@id":"https:\/\/www.odemocratagb.com\/?p=42658"},"author":{"name":"Jornal Odemocrata","@id":"https:\/\/www.odemocratagb.com\/#\/schema\/person\/c5e683adeaf9b557e57cf1a8a591b0c0"},"headline":"Cumprimento do acordo de Argel: EX-COMANDOS AFRICANOS NA GUIN\u00c9-BISSAU EXIGEM O DIREITO \u00c0 NACIONALIDADE","datePublished":"2023-01-23T09:50:19+00:00","dateModified":"2023-01-23T10:33:26+00:00","mainEntityOfPage":{"@id":"https:\/\/www.odemocratagb.com\/?p=42658"},"wordCount":1392,"commentCount":1,"publisher":{"@id":"https:\/\/www.odemocratagb.com\/#organization"},"image":{"@id":"https:\/\/www.odemocratagb.com\/?p=42658#primaryimage"},"thumbnailUrl":"https:\/\/www.odemocratagb.com\/wp-content\/uploads\/2019\/09\/base-militar-paigc_luta-armada_ODEMOCRATA.jpg","articleSection":["Atualidade"],"inLanguage":"pt-BR","potentialAction":[{"@type":"CommentAction","name":"Comment","target":["https:\/\/www.odemocratagb.com\/?p=42658#respond"]}]},{"@type":"WebPage","@id":"https:\/\/www.odemocratagb.com\/?p=42658","url":"https:\/\/www.odemocratagb.com\/?p=42658","name":"Cumprimento do acordo de Argel: EX-COMANDOS AFRICANOS NA GUIN\u00c9-BISSAU EXIGEM O DIREITO \u00c0 NACIONALIDADE - O Democrata GB","isPartOf":{"@id":"https:\/\/www.odemocratagb.com\/#website"},"primaryImageOfPage":{"@id":"https:\/\/www.odemocratagb.com\/?p=42658#primaryimage"},"image":{"@id":"https:\/\/www.odemocratagb.com\/?p=42658#primaryimage"},"thumbnailUrl":"https:\/\/www.odemocratagb.com\/wp-content\/uploads\/2019\/09\/base-militar-paigc_luta-armada_ODEMOCRATA.jpg","datePublished":"2023-01-23T09:50:19+00:00","dateModified":"2023-01-23T10:33:26+00:00","breadcrumb":{"@id":"https:\/\/www.odemocratagb.com\/?p=42658#breadcrumb"},"inLanguage":"pt-BR","potentialAction":[{"@type":"ReadAction","target":["https:\/\/www.odemocratagb.com\/?p=42658"]}]},{"@type":"ImageObject","inLanguage":"pt-BR","@id":"https:\/\/www.odemocratagb.com\/?p=42658#primaryimage","url":"https:\/\/www.odemocratagb.com\/wp-content\/uploads\/2019\/09\/base-militar-paigc_luta-armada_ODEMOCRATA.jpg","contentUrl":"https:\/\/www.odemocratagb.com\/wp-content\/uploads\/2019\/09\/base-militar-paigc_luta-armada_ODEMOCRATA.jpg","width":1000,"height":680},{"@type":"BreadcrumbList","@id":"https:\/\/www.odemocratagb.com\/?p=42658#breadcrumb","itemListElement":[{"@type":"ListItem","position":1,"name":"In\u00edcio","item":"https:\/\/www.odemocratagb.com\/"},{"@type":"ListItem","position":2,"name":"Cumprimento do acordo de Argel: EX-COMANDOS AFRICANOS NA GUIN\u00c9-BISSAU EXIGEM O DIREITO \u00c0 NACIONALIDADE"}]},{"@type":"WebSite","@id":"https:\/\/www.odemocratagb.com\/#website","url":"https:\/\/www.odemocratagb.com\/","name":"O Democrata GB","description":"Jornal O Democrata GB","publisher":{"@id":"https:\/\/www.odemocratagb.com\/#organization"},"potentialAction":[{"@type":"SearchAction","target":{"@type":"EntryPoint","urlTemplate":"https:\/\/www.odemocratagb.com\/?s={search_term_string}"},"query-input":{"@type":"PropertyValueSpecification","valueRequired":true,"valueName":"search_term_string"}}],"inLanguage":"pt-BR"},{"@type":"Organization","@id":"https:\/\/www.odemocratagb.com\/#organization","name":"O Democrata GB","url":"https:\/\/www.odemocratagb.com\/","logo":{"@type":"ImageObject","inLanguage":"pt-BR","@id":"https:\/\/www.odemocratagb.com\/#\/schema\/logo\/image\/","url":"https:\/\/www.odemocratagb.com\/wp-content\/uploads\/2026\/04\/logo-odemocratagb.png","contentUrl":"https:\/\/www.odemocratagb.com\/wp-content\/uploads\/2026\/04\/logo-odemocratagb.png","width":1250,"height":327,"caption":"O Democrata GB"},"image":{"@id":"https:\/\/www.odemocratagb.com\/#\/schema\/logo\/image\/"},"sameAs":["https:\/\/www.facebook.com\/jornaldaguinebissau","https:\/\/www.instagram.com\/odemocratagb"]},{"@type":"Person","@id":"https:\/\/www.odemocratagb.com\/#\/schema\/person\/c5e683adeaf9b557e57cf1a8a591b0c0","name":"Jornal Odemocrata","image":{"@type":"ImageObject","inLanguage":"pt-BR","@id":"https:\/\/secure.gravatar.com\/avatar\/09cb6b76eee5612f7cfca9e0089e2f17141d417bd034905eee842945c87fd87f?s=96&d=mm&r=g","url":"https:\/\/secure.gravatar.com\/avatar\/09cb6b76eee5612f7cfca9e0089e2f17141d417bd034905eee842945c87fd87f?s=96&d=mm&r=g","contentUrl":"https:\/\/secure.gravatar.com\/avatar\/09cb6b76eee5612f7cfca9e0089e2f17141d417bd034905eee842945c87fd87f?s=96&d=mm&r=g","caption":"Jornal Odemocrata"},"sameAs":["http:\/\/odemocratagb.com"],"url":"https:\/\/www.odemocratagb.com\/?author=4"}]}},"_links":{"self":[{"href":"https:\/\/www.odemocratagb.com\/index.php?rest_route=\/wp\/v2\/posts\/42658","targetHints":{"allow":["GET"]}}],"collection":[{"href":"https:\/\/www.odemocratagb.com\/index.php?rest_route=\/wp\/v2\/posts"}],"about":[{"href":"https:\/\/www.odemocratagb.com\/index.php?rest_route=\/wp\/v2\/types\/post"}],"author":[{"embeddable":true,"href":"https:\/\/www.odemocratagb.com\/index.php?rest_route=\/wp\/v2\/users\/4"}],"replies":[{"embeddable":true,"href":"https:\/\/www.odemocratagb.com\/index.php?rest_route=%2Fwp%2Fv2%2Fcomments&post=42658"}],"version-history":[{"count":3,"href":"https:\/\/www.odemocratagb.com\/index.php?rest_route=\/wp\/v2\/posts\/42658\/revisions"}],"predecessor-version":[{"id":42667,"href":"https:\/\/www.odemocratagb.com\/index.php?rest_route=\/wp\/v2\/posts\/42658\/revisions\/42667"}],"wp:featuredmedia":[{"embeddable":true,"href":"https:\/\/www.odemocratagb.com\/index.php?rest_route=\/wp\/v2\/media\/22006"}],"wp:attachment":[{"href":"https:\/\/www.odemocratagb.com\/index.php?rest_route=%2Fwp%2Fv2%2Fmedia&parent=42658"}],"wp:term":[{"taxonomy":"category","embeddable":true,"href":"https:\/\/www.odemocratagb.com\/index.php?rest_route=%2Fwp%2Fv2%2Fcategories&post=42658"},{"taxonomy":"post_tag","embeddable":true,"href":"https:\/\/www.odemocratagb.com\/index.php?rest_route=%2Fwp%2Fv2%2Ftags&post=42658"}],"curies":[{"name":"wp","href":"https:\/\/api.w.org\/{rel}","templated":true}]}}