{"id":42738,"date":"2023-01-26T18:08:17","date_gmt":"2023-01-26T18:08:17","guid":{"rendered":"https:\/\/www.odemocratagb.com\/?p=42738"},"modified":"2023-01-26T18:08:20","modified_gmt":"2023-01-26T18:08:20","slug":"carnaval-2023-comissao-nacional-anuncia-que-nao-ha-premios","status":"publish","type":"post","link":"https:\/\/www.odemocratagb.com\/?p=42738","title":{"rendered":"Carnaval 2023: COMISS\u00c3O NACIONAL ANUNCIA QUE N\u00c3O H\u00c1 PR\u00c9MIOS\u00a0"},"content":{"rendered":"\n<p class=\"wp-block-paragraph\">A Comiss\u00e3o Nacional Organizadora do carnaval 2023 anunciou esta quinta-feira, 26 de janeiro, que n\u00e3o haver\u00e1 concurso de carnaval nem premia\u00e7\u00f5es, apenas far-se-\u00e1 o desfile nacional com a participa\u00e7\u00e3o de todas as regi\u00f5es.<\/p>\n\n\n\n<p class=\"wp-block-paragraph\">O&nbsp;Carnaval 2023 tem como&nbsp;lema \u201cCarnaval de Refor\u00e7o e&nbsp;Coes\u00e3o&nbsp;Nacional e Integra\u00e7\u00e3o Regional\u201d, e decorre de 17 a&nbsp;21 de fevereiro.<\/p>\n\n\n\n<p class=\"wp-block-paragraph\">O an\u00fancio foi tornado p\u00fablico por Leonardo Cardoso, presidente da Comiss\u00e3o, em confer\u00eancia de imprensa, durante a qual&nbsp;precisou&nbsp;que a Comiss\u00e3o apenas apoiar\u00e1 os grupos que querem participar do desfile.<\/p>\n\n\n\n<p class=\"wp-block-paragraph\">Cardoso justificou a decis\u00e3o pela necessidade de assegurar a coes\u00e3o nacional e n\u00e3o&nbsp;continuar a&nbsp;acumular d\u00edvidas que a dire\u00e7\u00e3o da cultura n\u00e3o consegue pagar.<\/p>\n\n\n\n<p class=\"wp-block-paragraph\">Apelou aos grupos e \u00e0s regi\u00f5es a inscreverem-se quanto antes, para uma&nbsp;melhor&nbsp;organiza\u00e7\u00e3o.&nbsp;<\/p>\n\n\n\n<p class=\"wp-block-paragraph\">Leonardo prometeu realizar uma feira de gastronomia e um desfile muito bem organizado e estruturado com a participa\u00e7\u00e3o de todas as regi\u00f5es e &nbsp;associa\u00e7\u00f5es estrangeiras\u201d.&nbsp;<\/p>\n\n\n\n<p class=\"wp-block-paragraph\">Em rela\u00e7\u00e3o \u00e0s d\u00edvidas de concursos anteriores, a Comiss\u00e3o de carnaval 2023 prometeu encetar dilig\u00eancias junto do governo.<\/p>\n\n\n\n<p class=\"wp-block-paragraph\"><\/p>\n\n\n\n<p class=\"wp-block-paragraph\"><\/p>\n\n\n\n<p class=\"wp-block-paragraph\"><\/p>\n\n\n\n<p class=\"wp-block-paragraph\"><\/p>\n\n\n\n<p class=\"wp-block-paragraph\">Por: Carolina&nbsp;Djem\u00e9<\/p>\n\n\n\n<p class=\"wp-block-paragraph\">Fotos: CD<\/p>\n","protected":false},"excerpt":{"rendered":"<p>A Comiss\u00e3o Nacional Organizadora do carnaval 2023 anunciou esta quinta-feira, 26 de janeiro, que n\u00e3o haver\u00e1 concurso de carnaval nem&#8230;<\/p>\n","protected":false},"author":4,"featured_media":42732,"comment_status":"open","ping_status":"open","sticky":false,"template":"","format":"standard","meta":{"footnotes":""},"categories":[27],"tags":[],"class_list":["post-42738","post","type-post","status-publish","format-standard","has-post-thumbnail","hentry","category-cultura","wpcat-27-id"],"yoast_head":"<!-- This site is optimized with the Yoast SEO plugin v27.5 - https:\/\/yoast.com\/product\/yoast-seo-wordpress\/ -->\n<title>Carnaval 2023: COMISS\u00c3O NACIONAL ANUNCIA QUE N\u00c3O H\u00c1 PR\u00c9MIOS\u00a0 - O Democrata GB<\/title>\n<meta name=\"robots\" content=\"index, follow, max-snippet:-1, max-image-preview:large, max-video-preview:-1\" \/>\n<link rel=\"canonical\" href=\"https:\/\/www.odemocratagb.com\/?p=42738\" \/>\n<meta property=\"og:locale\" content=\"pt_BR\" \/>\n<meta property=\"og:type\" content=\"article\" \/>\n<meta property=\"og:title\" content=\"Carnaval 2023: COMISS\u00c3O NACIONAL ANUNCIA QUE N\u00c3O H\u00c1 PR\u00c9MIOS\u00a0 - O Democrata GB\" \/>\n<meta property=\"og:description\" content=\"A Comiss\u00e3o Nacional Organizadora do carnaval 2023 anunciou esta quinta-feira, 26 de janeiro, que n\u00e3o haver\u00e1 concurso de carnaval nem...\" \/>\n<meta property=\"og:url\" content=\"https:\/\/www.odemocratagb.com\/?p=42738\" \/>\n<meta property=\"og:site_name\" content=\"O Democrata GB\" \/>\n<meta property=\"article:publisher\" content=\"https:\/\/www.facebook.com\/jornaldaguinebissau\" \/>\n<meta property=\"article:published_time\" content=\"2023-01-26T18:08:17+00:00\" \/>\n<meta property=\"article:modified_time\" content=\"2023-01-26T18:08:20+00:00\" \/>\n<meta property=\"og:image\" content=\"https:\/\/www.odemocratagb.com\/wp-content\/uploads\/2023\/01\/700E75A9-B61B-4098-B550-528ECB368CB3.jpeg\" \/>\n\t<meta property=\"og:image:width\" content=\"1000\" \/>\n\t<meta property=\"og:image:height\" content=\"450\" \/>\n\t<meta property=\"og:image:type\" content=\"image\/jpeg\" \/>\n<meta name=\"author\" content=\"Jornal Odemocrata\" \/>\n<meta name=\"twitter:card\" content=\"summary_large_image\" \/>\n<meta name=\"twitter:label1\" content=\"Escrito por\" \/>\n\t<meta name=\"twitter:data1\" content=\"Jornal Odemocrata\" \/>\n\t<meta name=\"twitter:label2\" content=\"Est. tempo de leitura\" \/>\n\t<meta name=\"twitter:data2\" content=\"1 minuto\" \/>\n<script type=\"application\/ld+json\" class=\"yoast-schema-graph\">{\"@context\":\"https:\\\/\\\/schema.org\",\"@graph\":[{\"@type\":\"Article\",\"@id\":\"https:\\\/\\\/www.odemocratagb.com\\\/?p=42738#article\",\"isPartOf\":{\"@id\":\"https:\\\/\\\/www.odemocratagb.com\\\/?p=42738\"},\"author\":{\"name\":\"Jornal Odemocrata\",\"@id\":\"https:\\\/\\\/www.odemocratagb.com\\\/#\\\/schema\\\/person\\\/c5e683adeaf9b557e57cf1a8a591b0c0\"},\"headline\":\"Carnaval 2023: COMISS\u00c3O NACIONAL ANUNCIA QUE N\u00c3O H\u00c1 PR\u00c9MIOS\u00a0\",\"datePublished\":\"2023-01-26T18:08:17+00:00\",\"dateModified\":\"2023-01-26T18:08:20+00:00\",\"mainEntityOfPage\":{\"@id\":\"https:\\\/\\\/www.odemocratagb.com\\\/?p=42738\"},\"wordCount\":222,\"commentCount\":2,\"publisher\":{\"@id\":\"https:\\\/\\\/www.odemocratagb.com\\\/#organization\"},\"image\":{\"@id\":\"https:\\\/\\\/www.odemocratagb.com\\\/?p=42738#primaryimage\"},\"thumbnailUrl\":\"https:\\\/\\\/www.odemocratagb.com\\\/wp-content\\\/uploads\\\/2023\\\/01\\\/700E75A9-B61B-4098-B550-528ECB368CB3.jpeg\",\"articleSection\":[\"Cultura\"],\"inLanguage\":\"pt-BR\",\"potentialAction\":[{\"@type\":\"CommentAction\",\"name\":\"Comment\",\"target\":[\"https:\\\/\\\/www.odemocratagb.com\\\/?p=42738#respond\"]}]},{\"@type\":\"WebPage\",\"@id\":\"https:\\\/\\\/www.odemocratagb.com\\\/?p=42738\",\"url\":\"https:\\\/\\\/www.odemocratagb.com\\\/?p=42738\",\"name\":\"Carnaval 2023: COMISS\u00c3O NACIONAL ANUNCIA QUE N\u00c3O H\u00c1 PR\u00c9MIOS\u00a0 - O Democrata GB\",\"isPartOf\":{\"@id\":\"https:\\\/\\\/www.odemocratagb.com\\\/#website\"},\"primaryImageOfPage\":{\"@id\":\"https:\\\/\\\/www.odemocratagb.com\\\/?p=42738#primaryimage\"},\"image\":{\"@id\":\"https:\\\/\\\/www.odemocratagb.com\\\/?p=42738#primaryimage\"},\"thumbnailUrl\":\"https:\\\/\\\/www.odemocratagb.com\\\/wp-content\\\/uploads\\\/2023\\\/01\\\/700E75A9-B61B-4098-B550-528ECB368CB3.jpeg\",\"datePublished\":\"2023-01-26T18:08:17+00:00\",\"dateModified\":\"2023-01-26T18:08:20+00:00\",\"breadcrumb\":{\"@id\":\"https:\\\/\\\/www.odemocratagb.com\\\/?p=42738#breadcrumb\"},\"inLanguage\":\"pt-BR\",\"potentialAction\":[{\"@type\":\"ReadAction\",\"target\":[\"https:\\\/\\\/www.odemocratagb.com\\\/?p=42738\"]}]},{\"@type\":\"ImageObject\",\"inLanguage\":\"pt-BR\",\"@id\":\"https:\\\/\\\/www.odemocratagb.com\\\/?p=42738#primaryimage\",\"url\":\"https:\\\/\\\/www.odemocratagb.com\\\/wp-content\\\/uploads\\\/2023\\\/01\\\/700E75A9-B61B-4098-B550-528ECB368CB3.jpeg\",\"contentUrl\":\"https:\\\/\\\/www.odemocratagb.com\\\/wp-content\\\/uploads\\\/2023\\\/01\\\/700E75A9-B61B-4098-B550-528ECB368CB3.jpeg\",\"width\":1000,\"height\":450},{\"@type\":\"BreadcrumbList\",\"@id\":\"https:\\\/\\\/www.odemocratagb.com\\\/?p=42738#breadcrumb\",\"itemListElement\":[{\"@type\":\"ListItem\",\"position\":1,\"name\":\"In\u00edcio\",\"item\":\"https:\\\/\\\/www.odemocratagb.com\\\/\"},{\"@type\":\"ListItem\",\"position\":2,\"name\":\"Carnaval 2023: COMISS\u00c3O NACIONAL ANUNCIA QUE N\u00c3O H\u00c1 PR\u00c9MIOS\u00a0\"}]},{\"@type\":\"WebSite\",\"@id\":\"https:\\\/\\\/www.odemocratagb.com\\\/#website\",\"url\":\"https:\\\/\\\/www.odemocratagb.com\\\/\",\"name\":\"O Democrata GB\",\"description\":\"Jornal O Democrata GB\",\"publisher\":{\"@id\":\"https:\\\/\\\/www.odemocratagb.com\\\/#organization\"},\"potentialAction\":[{\"@type\":\"SearchAction\",\"target\":{\"@type\":\"EntryPoint\",\"urlTemplate\":\"https:\\\/\\\/www.odemocratagb.com\\\/?s={search_term_string}\"},\"query-input\":{\"@type\":\"PropertyValueSpecification\",\"valueRequired\":true,\"valueName\":\"search_term_string\"}}],\"inLanguage\":\"pt-BR\"},{\"@type\":\"Organization\",\"@id\":\"https:\\\/\\\/www.odemocratagb.com\\\/#organization\",\"name\":\"O Democrata GB\",\"url\":\"https:\\\/\\\/www.odemocratagb.com\\\/\",\"logo\":{\"@type\":\"ImageObject\",\"inLanguage\":\"pt-BR\",\"@id\":\"https:\\\/\\\/www.odemocratagb.com\\\/#\\\/schema\\\/logo\\\/image\\\/\",\"url\":\"https:\\\/\\\/www.odemocratagb.com\\\/wp-content\\\/uploads\\\/2026\\\/04\\\/logo-odemocratagb.png\",\"contentUrl\":\"https:\\\/\\\/www.odemocratagb.com\\\/wp-content\\\/uploads\\\/2026\\\/04\\\/logo-odemocratagb.png\",\"width\":1250,\"height\":327,\"caption\":\"O Democrata GB\"},\"image\":{\"@id\":\"https:\\\/\\\/www.odemocratagb.com\\\/#\\\/schema\\\/logo\\\/image\\\/\"},\"sameAs\":[\"https:\\\/\\\/www.facebook.com\\\/jornaldaguinebissau\",\"https:\\\/\\\/www.instagram.com\\\/odemocratagb\"]},{\"@type\":\"Person\",\"@id\":\"https:\\\/\\\/www.odemocratagb.com\\\/#\\\/schema\\\/person\\\/c5e683adeaf9b557e57cf1a8a591b0c0\",\"name\":\"Jornal Odemocrata\",\"image\":{\"@type\":\"ImageObject\",\"inLanguage\":\"pt-BR\",\"@id\":\"https:\\\/\\\/secure.gravatar.com\\\/avatar\\\/09cb6b76eee5612f7cfca9e0089e2f17141d417bd034905eee842945c87fd87f?s=96&d=mm&r=g\",\"url\":\"https:\\\/\\\/secure.gravatar.com\\\/avatar\\\/09cb6b76eee5612f7cfca9e0089e2f17141d417bd034905eee842945c87fd87f?s=96&d=mm&r=g\",\"contentUrl\":\"https:\\\/\\\/secure.gravatar.com\\\/avatar\\\/09cb6b76eee5612f7cfca9e0089e2f17141d417bd034905eee842945c87fd87f?s=96&d=mm&r=g\",\"caption\":\"Jornal Odemocrata\"},\"sameAs\":[\"http:\\\/\\\/odemocratagb.com\"],\"url\":\"https:\\\/\\\/www.odemocratagb.com\\\/?author=4\"}]}<\/script>\n<!-- \/ Yoast SEO plugin. -->","yoast_head_json":{"title":"Carnaval 2023: COMISS\u00c3O NACIONAL ANUNCIA QUE N\u00c3O H\u00c1 PR\u00c9MIOS\u00a0 - O Democrata GB","robots":{"index":"index","follow":"follow","max-snippet":"max-snippet:-1","max-image-preview":"max-image-preview:large","max-video-preview":"max-video-preview:-1"},"canonical":"https:\/\/www.odemocratagb.com\/?p=42738","og_locale":"pt_BR","og_type":"article","og_title":"Carnaval 2023: COMISS\u00c3O NACIONAL ANUNCIA QUE N\u00c3O H\u00c1 PR\u00c9MIOS\u00a0 - O Democrata GB","og_description":"A Comiss\u00e3o Nacional Organizadora do carnaval 2023 anunciou esta quinta-feira, 26 de janeiro, que n\u00e3o haver\u00e1 concurso de carnaval nem...","og_url":"https:\/\/www.odemocratagb.com\/?p=42738","og_site_name":"O Democrata GB","article_publisher":"https:\/\/www.facebook.com\/jornaldaguinebissau","article_published_time":"2023-01-26T18:08:17+00:00","article_modified_time":"2023-01-26T18:08:20+00:00","og_image":[{"width":1000,"height":450,"url":"https:\/\/www.odemocratagb.com\/wp-content\/uploads\/2023\/01\/700E75A9-B61B-4098-B550-528ECB368CB3.jpeg","type":"image\/jpeg"}],"author":"Jornal Odemocrata","twitter_card":"summary_large_image","twitter_misc":{"Escrito por":"Jornal Odemocrata","Est. tempo de leitura":"1 minuto"},"schema":{"@context":"https:\/\/schema.org","@graph":[{"@type":"Article","@id":"https:\/\/www.odemocratagb.com\/?p=42738#article","isPartOf":{"@id":"https:\/\/www.odemocratagb.com\/?p=42738"},"author":{"name":"Jornal Odemocrata","@id":"https:\/\/www.odemocratagb.com\/#\/schema\/person\/c5e683adeaf9b557e57cf1a8a591b0c0"},"headline":"Carnaval 2023: COMISS\u00c3O NACIONAL ANUNCIA QUE N\u00c3O H\u00c1 PR\u00c9MIOS\u00a0","datePublished":"2023-01-26T18:08:17+00:00","dateModified":"2023-01-26T18:08:20+00:00","mainEntityOfPage":{"@id":"https:\/\/www.odemocratagb.com\/?p=42738"},"wordCount":222,"commentCount":2,"publisher":{"@id":"https:\/\/www.odemocratagb.com\/#organization"},"image":{"@id":"https:\/\/www.odemocratagb.com\/?p=42738#primaryimage"},"thumbnailUrl":"https:\/\/www.odemocratagb.com\/wp-content\/uploads\/2023\/01\/700E75A9-B61B-4098-B550-528ECB368CB3.jpeg","articleSection":["Cultura"],"inLanguage":"pt-BR","potentialAction":[{"@type":"CommentAction","name":"Comment","target":["https:\/\/www.odemocratagb.com\/?p=42738#respond"]}]},{"@type":"WebPage","@id":"https:\/\/www.odemocratagb.com\/?p=42738","url":"https:\/\/www.odemocratagb.com\/?p=42738","name":"Carnaval 2023: COMISS\u00c3O NACIONAL ANUNCIA QUE N\u00c3O H\u00c1 PR\u00c9MIOS\u00a0 - O Democrata GB","isPartOf":{"@id":"https:\/\/www.odemocratagb.com\/#website"},"primaryImageOfPage":{"@id":"https:\/\/www.odemocratagb.com\/?p=42738#primaryimage"},"image":{"@id":"https:\/\/www.odemocratagb.com\/?p=42738#primaryimage"},"thumbnailUrl":"https:\/\/www.odemocratagb.com\/wp-content\/uploads\/2023\/01\/700E75A9-B61B-4098-B550-528ECB368CB3.jpeg","datePublished":"2023-01-26T18:08:17+00:00","dateModified":"2023-01-26T18:08:20+00:00","breadcrumb":{"@id":"https:\/\/www.odemocratagb.com\/?p=42738#breadcrumb"},"inLanguage":"pt-BR","potentialAction":[{"@type":"ReadAction","target":["https:\/\/www.odemocratagb.com\/?p=42738"]}]},{"@type":"ImageObject","inLanguage":"pt-BR","@id":"https:\/\/www.odemocratagb.com\/?p=42738#primaryimage","url":"https:\/\/www.odemocratagb.com\/wp-content\/uploads\/2023\/01\/700E75A9-B61B-4098-B550-528ECB368CB3.jpeg","contentUrl":"https:\/\/www.odemocratagb.com\/wp-content\/uploads\/2023\/01\/700E75A9-B61B-4098-B550-528ECB368CB3.jpeg","width":1000,"height":450},{"@type":"BreadcrumbList","@id":"https:\/\/www.odemocratagb.com\/?p=42738#breadcrumb","itemListElement":[{"@type":"ListItem","position":1,"name":"In\u00edcio","item":"https:\/\/www.odemocratagb.com\/"},{"@type":"ListItem","position":2,"name":"Carnaval 2023: COMISS\u00c3O NACIONAL ANUNCIA QUE N\u00c3O H\u00c1 PR\u00c9MIOS\u00a0"}]},{"@type":"WebSite","@id":"https:\/\/www.odemocratagb.com\/#website","url":"https:\/\/www.odemocratagb.com\/","name":"O Democrata GB","description":"Jornal O Democrata GB","publisher":{"@id":"https:\/\/www.odemocratagb.com\/#organization"},"potentialAction":[{"@type":"SearchAction","target":{"@type":"EntryPoint","urlTemplate":"https:\/\/www.odemocratagb.com\/?s={search_term_string}"},"query-input":{"@type":"PropertyValueSpecification","valueRequired":true,"valueName":"search_term_string"}}],"inLanguage":"pt-BR"},{"@type":"Organization","@id":"https:\/\/www.odemocratagb.com\/#organization","name":"O Democrata GB","url":"https:\/\/www.odemocratagb.com\/","logo":{"@type":"ImageObject","inLanguage":"pt-BR","@id":"https:\/\/www.odemocratagb.com\/#\/schema\/logo\/image\/","url":"https:\/\/www.odemocratagb.com\/wp-content\/uploads\/2026\/04\/logo-odemocratagb.png","contentUrl":"https:\/\/www.odemocratagb.com\/wp-content\/uploads\/2026\/04\/logo-odemocratagb.png","width":1250,"height":327,"caption":"O Democrata GB"},"image":{"@id":"https:\/\/www.odemocratagb.com\/#\/schema\/logo\/image\/"},"sameAs":["https:\/\/www.facebook.com\/jornaldaguinebissau","https:\/\/www.instagram.com\/odemocratagb"]},{"@type":"Person","@id":"https:\/\/www.odemocratagb.com\/#\/schema\/person\/c5e683adeaf9b557e57cf1a8a591b0c0","name":"Jornal Odemocrata","image":{"@type":"ImageObject","inLanguage":"pt-BR","@id":"https:\/\/secure.gravatar.com\/avatar\/09cb6b76eee5612f7cfca9e0089e2f17141d417bd034905eee842945c87fd87f?s=96&d=mm&r=g","url":"https:\/\/secure.gravatar.com\/avatar\/09cb6b76eee5612f7cfca9e0089e2f17141d417bd034905eee842945c87fd87f?s=96&d=mm&r=g","contentUrl":"https:\/\/secure.gravatar.com\/avatar\/09cb6b76eee5612f7cfca9e0089e2f17141d417bd034905eee842945c87fd87f?s=96&d=mm&r=g","caption":"Jornal Odemocrata"},"sameAs":["http:\/\/odemocratagb.com"],"url":"https:\/\/www.odemocratagb.com\/?author=4"}]}},"_links":{"self":[{"href":"https:\/\/www.odemocratagb.com\/index.php?rest_route=\/wp\/v2\/posts\/42738","targetHints":{"allow":["GET"]}}],"collection":[{"href":"https:\/\/www.odemocratagb.com\/index.php?rest_route=\/wp\/v2\/posts"}],"about":[{"href":"https:\/\/www.odemocratagb.com\/index.php?rest_route=\/wp\/v2\/types\/post"}],"author":[{"embeddable":true,"href":"https:\/\/www.odemocratagb.com\/index.php?rest_route=\/wp\/v2\/users\/4"}],"replies":[{"embeddable":true,"href":"https:\/\/www.odemocratagb.com\/index.php?rest_route=%2Fwp%2Fv2%2Fcomments&post=42738"}],"version-history":[{"count":1,"href":"https:\/\/www.odemocratagb.com\/index.php?rest_route=\/wp\/v2\/posts\/42738\/revisions"}],"predecessor-version":[{"id":42739,"href":"https:\/\/www.odemocratagb.com\/index.php?rest_route=\/wp\/v2\/posts\/42738\/revisions\/42739"}],"wp:featuredmedia":[{"embeddable":true,"href":"https:\/\/www.odemocratagb.com\/index.php?rest_route=\/wp\/v2\/media\/42732"}],"wp:attachment":[{"href":"https:\/\/www.odemocratagb.com\/index.php?rest_route=%2Fwp%2Fv2%2Fmedia&parent=42738"}],"wp:term":[{"taxonomy":"category","embeddable":true,"href":"https:\/\/www.odemocratagb.com\/index.php?rest_route=%2Fwp%2Fv2%2Fcategories&post=42738"},{"taxonomy":"post_tag","embeddable":true,"href":"https:\/\/www.odemocratagb.com\/index.php?rest_route=%2Fwp%2Fv2%2Ftags&post=42738"}],"curies":[{"name":"wp","href":"https:\/\/api.w.org\/{rel}","templated":true}]}}