{"id":47038,"date":"2024-01-04T20:54:51","date_gmt":"2024-01-04T20:54:51","guid":{"rendered":"https:\/\/www.odemocratagb.com\/?p=47038"},"modified":"2024-01-04T20:54:53","modified_gmt":"2024-01-04T20:54:53","slug":"umaro-sissoco-embalo-sem-estabilidade-politica-as-as-infraestruturas-servirao-apenas-para-as-fotografias","status":"publish","type":"post","link":"https:\/\/www.odemocratagb.com\/?p=47038","title":{"rendered":"Umaro\u00a0Sissoco\u00a0Embal\u00f3:\u00a0\u201cSEM \u00a0ESTABILIDADE POL\u00cdTICA, AS\u00a0AS\u00a0INFRAESTRUTURAS SERVIR\u00c3O APENAS PARA\u00a0AS FOTOGRAFIAS\u201d"},"content":{"rendered":"\n<p class=\"wp-block-paragraph\">O Presidente da Rep\u00fablica,\u00a0Umaro\u00a0Sissoco\u00a0Embal\u00f3, afirmou\u00a0esta\u00a0quinta-feira, 04 de\u00a0janeiro\u00a0de 2024, que sem\u00a0estabilidade pol\u00edtica na\u00a0Guin\u00e9-Bissau, todas as infraestruturas constru\u00eddas e que est\u00e3o a ser constru\u00eddas servir\u00e3o apenas para as pessoas\u00a0fazerem\u00a0fotografias.<\/p>\n\n\n\n<p class=\"wp-block-paragraph\">Defendeu, neste particular, que \u00e9 fundamental os guineenses zelarem pela estabilidade governativa, porque \u201c\u00e9&nbsp;a&nbsp;\u00fanica chave para o desenvolvimento\u201d.<\/p>\n\n\n\n<p class=\"wp-block-paragraph\">Umaro&nbsp;Sissoco&nbsp;Embal\u00f3&nbsp;falava \u00e0 margem da cerim\u00f3nia do lan\u00e7amento da primeira pedra para a constru\u00e7\u00e3o, de raiz, da Torre do Controle e do Bloco T\u00e9cnico do Aeroporto Internacional \u201cOsvaldo Vieira\u201d.<\/p>\n\n\n\n<p class=\"wp-block-paragraph\">O ato decorreu &nbsp; na sede dos bombeiros do aeroporto em Bissau, &nbsp;durante o&nbsp;qual disse que a constru\u00e7\u00e3o&nbsp;de infraestruturas&nbsp;de g\u00e9nero no pa\u00eds pode criar confian\u00e7a a v\u00e1rias companhias a\u00e9reas para o pa\u00eds, devido \u00e0s condi\u00e7\u00f5es de seguran\u00e7a que ser\u00e3o criadas no Aeroporto Internacional.<\/p>\n\n\n\n<p class=\"wp-block-paragraph\">A obra para a constru\u00e7\u00e3o, de raiz, &nbsp;da torre do controlo&nbsp;e do Bloco T\u00e9cnico do Aeroporto Internacional Osvaldo Vieira foi financiada pela&nbsp;Ag\u00eancia para a Seguran\u00e7a da Navega\u00e7\u00e3o A\u00e9rea em \u00c1frica e Madag\u00e1scar (ASECNA), &nbsp;a mais antiga institui\u00e7\u00e3o de coopera\u00e7\u00e3o e integra\u00e7\u00e3o africana. em &nbsp;7 bili\u00f5es de Francos&nbsp;Cfa&nbsp;e&nbsp;ser\u00e1 constru\u00edda por uma empresa chinesa.<\/p>\n\n\n\n<p class=\"wp-block-paragraph\">O chefe de Estado informou que v\u00e1rias companhias que fazem voos para\u00a0o\u00a0Senegal e Cabo Verde pretendem fazer escalas\u00a0no\u00a0pa\u00eds, mas\u00a0os\u00a0servi\u00e7os aeroportu\u00e1rios n\u00e3o lhes oferecem condi\u00e7\u00f5es.<\/p>\n\n\n\n<figure class=\"wp-block-image size-large\"><a href=\"https:\/\/www.odemocratagb.com\/wp-content\/uploads\/2024\/01\/305552FA-4BEF-4819-A5E1-66489D472B27.jpeg\"><img loading=\"lazy\" decoding=\"async\" width=\"1024\" height=\"449\" src=\"https:\/\/www.odemocratagb.com\/wp-content\/uploads\/2024\/01\/305552FA-4BEF-4819-A5E1-66489D472B27-1024x449.jpeg\" alt=\"\" class=\"wp-image-47040\" srcset=\"https:\/\/www.odemocratagb.com\/wp-content\/uploads\/2024\/01\/305552FA-4BEF-4819-A5E1-66489D472B27-1024x449.jpeg 1024w, https:\/\/www.odemocratagb.com\/wp-content\/uploads\/2024\/01\/305552FA-4BEF-4819-A5E1-66489D472B27-300x132.jpeg 300w, https:\/\/www.odemocratagb.com\/wp-content\/uploads\/2024\/01\/305552FA-4BEF-4819-A5E1-66489D472B27-768x337.jpeg 768w, https:\/\/www.odemocratagb.com\/wp-content\/uploads\/2024\/01\/305552FA-4BEF-4819-A5E1-66489D472B27.jpeg 1080w\" sizes=\"auto, (max-width: 1024px) 100vw, 1024px\" \/><\/a><\/figure>\n\n\n\n<p class=\"wp-block-paragraph\">\u201cCom este trabalho que est\u00e1 ser realizado neste momento, o pa\u00eds estar\u00e1 em condi\u00e7\u00f5es de receber v\u00e1rias companhias no futuro\u201d , enfatizou e disse&nbsp;que&nbsp;dentro de um ano,&nbsp;as obras ser\u00e3o inauguradas.<\/p>\n\n\n\n<p class=\"wp-block-paragraph\">\u201cDentro de um ano, vamos inaugurar&nbsp;esta&nbsp;obra, porque somos&nbsp;a&nbsp;gera\u00e7\u00e3o&nbsp;de&nbsp;concreto&nbsp;que gosta de realizar a\u00e7\u00f5es que ficar\u00e3o na hist\u00f3ria para a gera\u00e7\u00e3o vindoura testemunhar. Ainda este ano vamos come\u00e7ar a constru\u00e7\u00e3o da estrada Safim-Mack&nbsp;que j\u00e1 foi financiada e&nbsp;Quebo-Bok\u00e9, como tamb\u00e9m resolver a situa\u00e7\u00e3o da estrada que liga Safim\/Jugudul,&nbsp;o&nbsp;mais tardar at\u00e9 mar\u00e7o do ano em curso\u201d, garantiu.<\/p>\n\n\n\n<p class=\"wp-block-paragraph\">Por seu lado, o ministro dos Transportes, Telecomunica\u00e7\u00f5es e Economia Digital, Jos\u00e9 Carlos Esteves, assegurou que a torre &nbsp;permitir\u00e1 agrupar todos os servi\u00e7os operacionais e equipamentos necess\u00e1rios, proporcionando um espa\u00e7o integrado, pr\u00e1tico e agrad\u00e1vel para a presta\u00e7\u00e3o do servi\u00e7o aos operadores e&nbsp;demais&nbsp;utilizadores, disponibilizando uma torre de controlo que permitir\u00e1&nbsp;uma&nbsp;\u00f3tima&nbsp;visualiza\u00e7\u00e3o&nbsp;de todo o circuito a\u00e9reo e o per\u00edmetro envolvente das \u00e1reas de manobras de aeronaves&nbsp;e do&nbsp;movimento da plataforma aeroportu\u00e1ria&nbsp;da Guin\u00e9-Bissau.<\/p>\n\n\n\n<p class=\"wp-block-paragraph\">O governante informou que a constru\u00e7\u00e3o do novo bloco t\u00e9cnico e de uma nova torre do controlo n\u00e3o s\u00f3 representa um contributo para&nbsp;uma&nbsp;melhoria significativa da seguran\u00e7a da navega\u00e7\u00e3o a\u00e9rea, mas tamb\u00e9m confere ao servi\u00e7o t\u00e9cnico operacional&nbsp;\u00f3timas&nbsp;condi\u00e7\u00f5es&nbsp;de trabalho&nbsp;em ambiente moderno&nbsp;consistente com&nbsp;os&nbsp;padr\u00f5es internacionais&nbsp;exigidos&nbsp;para um setor que tradicionalmente pugna pelo rigor, impactando de forma significativa na sua capacidade operacional, enquanto centro da navega\u00e7\u00e3o a\u00e9rea.<\/p>\n\n\n\n<p class=\"wp-block-paragraph\">De salientar que a obra ter\u00e1\u00a0uma\u00a0dura\u00e7\u00e3o de um ano.<\/p>\n\n\n\n<p class=\"wp-block-paragraph\"><\/p>\n\n\n\n<p class=\"wp-block-paragraph\"><\/p>\n\n\n\n<p class=\"wp-block-paragraph\">Por: Aguinaldo&nbsp;Ampa<\/p>\n\n\n\n<p class=\"wp-block-paragraph\">Foto: A.A<\/p>\n","protected":false},"excerpt":{"rendered":"<p>O Presidente da Rep\u00fablica,\u00a0Umaro\u00a0Sissoco\u00a0Embal\u00f3, afirmou\u00a0esta\u00a0quinta-feira, 04 de\u00a0janeiro\u00a0de 2024, que sem\u00a0estabilidade pol\u00edtica na\u00a0Guin\u00e9-Bissau, todas as infraestruturas constru\u00eddas e que est\u00e3o a&#8230;<\/p>\n","protected":false},"author":5,"featured_media":47039,"comment_status":"open","ping_status":"open","sticky":false,"template":"","format":"standard","meta":{"footnotes":""},"categories":[6],"tags":[],"class_list":["post-47038","post","type-post","status-publish","format-standard","has-post-thumbnail","hentry","category-inicio","wpcat-6-id"],"yoast_head":"<!-- This site is optimized with the Yoast SEO plugin v27.5 - https:\/\/yoast.com\/product\/yoast-seo-wordpress\/ -->\n<title>Umaro\u00a0Sissoco\u00a0Embal\u00f3:\u00a0\u201cSEM \u00a0ESTABILIDADE POL\u00cdTICA, AS\u00a0AS\u00a0INFRAESTRUTURAS SERVIR\u00c3O APENAS PARA\u00a0AS FOTOGRAFIAS\u201d - O Democrata GB<\/title>\n<meta name=\"robots\" content=\"index, follow, max-snippet:-1, max-image-preview:large, max-video-preview:-1\" \/>\n<link rel=\"canonical\" href=\"https:\/\/www.odemocratagb.com\/?p=47038\" \/>\n<meta property=\"og:locale\" content=\"pt_BR\" \/>\n<meta property=\"og:type\" content=\"article\" \/>\n<meta property=\"og:title\" content=\"Umaro\u00a0Sissoco\u00a0Embal\u00f3:\u00a0\u201cSEM \u00a0ESTABILIDADE POL\u00cdTICA, AS\u00a0AS\u00a0INFRAESTRUTURAS SERVIR\u00c3O APENAS PARA\u00a0AS FOTOGRAFIAS\u201d - O Democrata GB\" \/>\n<meta property=\"og:description\" content=\"O Presidente da Rep\u00fablica,\u00a0Umaro\u00a0Sissoco\u00a0Embal\u00f3, afirmou\u00a0esta\u00a0quinta-feira, 04 de\u00a0janeiro\u00a0de 2024, que sem\u00a0estabilidade pol\u00edtica na\u00a0Guin\u00e9-Bissau, todas as infraestruturas constru\u00eddas e que est\u00e3o a...\" \/>\n<meta property=\"og:url\" content=\"https:\/\/www.odemocratagb.com\/?p=47038\" \/>\n<meta property=\"og:site_name\" content=\"O Democrata GB\" \/>\n<meta property=\"article:publisher\" content=\"https:\/\/www.facebook.com\/jornaldaguinebissau\" \/>\n<meta property=\"article:published_time\" content=\"2024-01-04T20:54:51+00:00\" \/>\n<meta property=\"article:modified_time\" content=\"2024-01-04T20:54:53+00:00\" \/>\n<meta property=\"og:image\" content=\"https:\/\/www.odemocratagb.com\/wp-content\/uploads\/2024\/01\/CAB053C3-9992-4B7B-AE5F-22D271187159.jpeg\" \/>\n\t<meta property=\"og:image:width\" content=\"1080\" \/>\n\t<meta property=\"og:image:height\" content=\"474\" \/>\n\t<meta property=\"og:image:type\" content=\"image\/jpeg\" \/>\n<meta name=\"author\" content=\"O DEMOCRATA\" \/>\n<meta name=\"twitter:card\" content=\"summary_large_image\" \/>\n<meta name=\"twitter:label1\" content=\"Escrito por\" \/>\n\t<meta name=\"twitter:data1\" content=\"O DEMOCRATA\" \/>\n\t<meta name=\"twitter:label2\" content=\"Est. tempo de leitura\" \/>\n\t<meta name=\"twitter:data2\" content=\"3 minutos\" \/>\n<script type=\"application\/ld+json\" class=\"yoast-schema-graph\">{\"@context\":\"https:\\\/\\\/schema.org\",\"@graph\":[{\"@type\":\"Article\",\"@id\":\"https:\\\/\\\/www.odemocratagb.com\\\/?p=47038#article\",\"isPartOf\":{\"@id\":\"https:\\\/\\\/www.odemocratagb.com\\\/?p=47038\"},\"author\":{\"name\":\"O DEMOCRATA\",\"@id\":\"https:\\\/\\\/www.odemocratagb.com\\\/#\\\/schema\\\/person\\\/3cfe1f3b5398955456dbd63ea1dca05c\"},\"headline\":\"Umaro\u00a0Sissoco\u00a0Embal\u00f3:\u00a0\u201cSEM \u00a0ESTABILIDADE POL\u00cdTICA, AS\u00a0AS\u00a0INFRAESTRUTURAS SERVIR\u00c3O APENAS PARA\u00a0AS FOTOGRAFIAS\u201d\",\"datePublished\":\"2024-01-04T20:54:51+00:00\",\"dateModified\":\"2024-01-04T20:54:53+00:00\",\"mainEntityOfPage\":{\"@id\":\"https:\\\/\\\/www.odemocratagb.com\\\/?p=47038\"},\"wordCount\":628,\"commentCount\":0,\"publisher\":{\"@id\":\"https:\\\/\\\/www.odemocratagb.com\\\/#organization\"},\"image\":{\"@id\":\"https:\\\/\\\/www.odemocratagb.com\\\/?p=47038#primaryimage\"},\"thumbnailUrl\":\"https:\\\/\\\/www.odemocratagb.com\\\/wp-content\\\/uploads\\\/2024\\\/01\\\/CAB053C3-9992-4B7B-AE5F-22D271187159.jpeg\",\"articleSection\":[\"Atualidade\"],\"inLanguage\":\"pt-BR\",\"potentialAction\":[{\"@type\":\"CommentAction\",\"name\":\"Comment\",\"target\":[\"https:\\\/\\\/www.odemocratagb.com\\\/?p=47038#respond\"]}]},{\"@type\":\"WebPage\",\"@id\":\"https:\\\/\\\/www.odemocratagb.com\\\/?p=47038\",\"url\":\"https:\\\/\\\/www.odemocratagb.com\\\/?p=47038\",\"name\":\"Umaro\u00a0Sissoco\u00a0Embal\u00f3:\u00a0\u201cSEM \u00a0ESTABILIDADE POL\u00cdTICA, AS\u00a0AS\u00a0INFRAESTRUTURAS SERVIR\u00c3O APENAS PARA\u00a0AS FOTOGRAFIAS\u201d - O Democrata GB\",\"isPartOf\":{\"@id\":\"https:\\\/\\\/www.odemocratagb.com\\\/#website\"},\"primaryImageOfPage\":{\"@id\":\"https:\\\/\\\/www.odemocratagb.com\\\/?p=47038#primaryimage\"},\"image\":{\"@id\":\"https:\\\/\\\/www.odemocratagb.com\\\/?p=47038#primaryimage\"},\"thumbnailUrl\":\"https:\\\/\\\/www.odemocratagb.com\\\/wp-content\\\/uploads\\\/2024\\\/01\\\/CAB053C3-9992-4B7B-AE5F-22D271187159.jpeg\",\"datePublished\":\"2024-01-04T20:54:51+00:00\",\"dateModified\":\"2024-01-04T20:54:53+00:00\",\"breadcrumb\":{\"@id\":\"https:\\\/\\\/www.odemocratagb.com\\\/?p=47038#breadcrumb\"},\"inLanguage\":\"pt-BR\",\"potentialAction\":[{\"@type\":\"ReadAction\",\"target\":[\"https:\\\/\\\/www.odemocratagb.com\\\/?p=47038\"]}]},{\"@type\":\"ImageObject\",\"inLanguage\":\"pt-BR\",\"@id\":\"https:\\\/\\\/www.odemocratagb.com\\\/?p=47038#primaryimage\",\"url\":\"https:\\\/\\\/www.odemocratagb.com\\\/wp-content\\\/uploads\\\/2024\\\/01\\\/CAB053C3-9992-4B7B-AE5F-22D271187159.jpeg\",\"contentUrl\":\"https:\\\/\\\/www.odemocratagb.com\\\/wp-content\\\/uploads\\\/2024\\\/01\\\/CAB053C3-9992-4B7B-AE5F-22D271187159.jpeg\",\"width\":1080,\"height\":474},{\"@type\":\"BreadcrumbList\",\"@id\":\"https:\\\/\\\/www.odemocratagb.com\\\/?p=47038#breadcrumb\",\"itemListElement\":[{\"@type\":\"ListItem\",\"position\":1,\"name\":\"In\u00edcio\",\"item\":\"https:\\\/\\\/www.odemocratagb.com\\\/\"},{\"@type\":\"ListItem\",\"position\":2,\"name\":\"Umaro\u00a0Sissoco\u00a0Embal\u00f3:\u00a0\u201cSEM \u00a0ESTABILIDADE POL\u00cdTICA, AS\u00a0AS\u00a0INFRAESTRUTURAS SERVIR\u00c3O APENAS PARA\u00a0AS FOTOGRAFIAS\u201d\"}]},{\"@type\":\"WebSite\",\"@id\":\"https:\\\/\\\/www.odemocratagb.com\\\/#website\",\"url\":\"https:\\\/\\\/www.odemocratagb.com\\\/\",\"name\":\"O Democrata GB\",\"description\":\"Jornal O Democrata GB\",\"publisher\":{\"@id\":\"https:\\\/\\\/www.odemocratagb.com\\\/#organization\"},\"potentialAction\":[{\"@type\":\"SearchAction\",\"target\":{\"@type\":\"EntryPoint\",\"urlTemplate\":\"https:\\\/\\\/www.odemocratagb.com\\\/?s={search_term_string}\"},\"query-input\":{\"@type\":\"PropertyValueSpecification\",\"valueRequired\":true,\"valueName\":\"search_term_string\"}}],\"inLanguage\":\"pt-BR\"},{\"@type\":\"Organization\",\"@id\":\"https:\\\/\\\/www.odemocratagb.com\\\/#organization\",\"name\":\"O Democrata GB\",\"url\":\"https:\\\/\\\/www.odemocratagb.com\\\/\",\"logo\":{\"@type\":\"ImageObject\",\"inLanguage\":\"pt-BR\",\"@id\":\"https:\\\/\\\/www.odemocratagb.com\\\/#\\\/schema\\\/logo\\\/image\\\/\",\"url\":\"https:\\\/\\\/www.odemocratagb.com\\\/wp-content\\\/uploads\\\/2026\\\/04\\\/logo-odemocratagb.png\",\"contentUrl\":\"https:\\\/\\\/www.odemocratagb.com\\\/wp-content\\\/uploads\\\/2026\\\/04\\\/logo-odemocratagb.png\",\"width\":1250,\"height\":327,\"caption\":\"O Democrata GB\"},\"image\":{\"@id\":\"https:\\\/\\\/www.odemocratagb.com\\\/#\\\/schema\\\/logo\\\/image\\\/\"},\"sameAs\":[\"https:\\\/\\\/www.facebook.com\\\/jornaldaguinebissau\",\"https:\\\/\\\/www.instagram.com\\\/odemocratagb\"]},{\"@type\":\"Person\",\"@id\":\"https:\\\/\\\/www.odemocratagb.com\\\/#\\\/schema\\\/person\\\/3cfe1f3b5398955456dbd63ea1dca05c\",\"name\":\"O DEMOCRATA\",\"image\":{\"@type\":\"ImageObject\",\"inLanguage\":\"pt-BR\",\"@id\":\"https:\\\/\\\/secure.gravatar.com\\\/avatar\\\/77e41e441bd90c527d61f578cf248d6044ee65cdd92e10a7b5405c9a7fa3faa7?s=96&d=mm&r=g\",\"url\":\"https:\\\/\\\/secure.gravatar.com\\\/avatar\\\/77e41e441bd90c527d61f578cf248d6044ee65cdd92e10a7b5405c9a7fa3faa7?s=96&d=mm&r=g\",\"contentUrl\":\"https:\\\/\\\/secure.gravatar.com\\\/avatar\\\/77e41e441bd90c527d61f578cf248d6044ee65cdd92e10a7b5405c9a7fa3faa7?s=96&d=mm&r=g\",\"caption\":\"O DEMOCRATA\"},\"sameAs\":[\"http:\\\/\\\/odemocratagb.com\"],\"url\":\"https:\\\/\\\/www.odemocratagb.com\\\/?author=5\"}]}<\/script>\n<!-- \/ Yoast SEO plugin. -->","yoast_head_json":{"title":"Umaro\u00a0Sissoco\u00a0Embal\u00f3:\u00a0\u201cSEM \u00a0ESTABILIDADE POL\u00cdTICA, AS\u00a0AS\u00a0INFRAESTRUTURAS SERVIR\u00c3O APENAS PARA\u00a0AS FOTOGRAFIAS\u201d - O Democrata GB","robots":{"index":"index","follow":"follow","max-snippet":"max-snippet:-1","max-image-preview":"max-image-preview:large","max-video-preview":"max-video-preview:-1"},"canonical":"https:\/\/www.odemocratagb.com\/?p=47038","og_locale":"pt_BR","og_type":"article","og_title":"Umaro\u00a0Sissoco\u00a0Embal\u00f3:\u00a0\u201cSEM \u00a0ESTABILIDADE POL\u00cdTICA, AS\u00a0AS\u00a0INFRAESTRUTURAS SERVIR\u00c3O APENAS PARA\u00a0AS FOTOGRAFIAS\u201d - O Democrata GB","og_description":"O Presidente da Rep\u00fablica,\u00a0Umaro\u00a0Sissoco\u00a0Embal\u00f3, afirmou\u00a0esta\u00a0quinta-feira, 04 de\u00a0janeiro\u00a0de 2024, que sem\u00a0estabilidade pol\u00edtica na\u00a0Guin\u00e9-Bissau, todas as infraestruturas constru\u00eddas e que est\u00e3o a...","og_url":"https:\/\/www.odemocratagb.com\/?p=47038","og_site_name":"O Democrata GB","article_publisher":"https:\/\/www.facebook.com\/jornaldaguinebissau","article_published_time":"2024-01-04T20:54:51+00:00","article_modified_time":"2024-01-04T20:54:53+00:00","og_image":[{"width":1080,"height":474,"url":"https:\/\/www.odemocratagb.com\/wp-content\/uploads\/2024\/01\/CAB053C3-9992-4B7B-AE5F-22D271187159.jpeg","type":"image\/jpeg"}],"author":"O DEMOCRATA","twitter_card":"summary_large_image","twitter_misc":{"Escrito por":"O DEMOCRATA","Est. tempo de leitura":"3 minutos"},"schema":{"@context":"https:\/\/schema.org","@graph":[{"@type":"Article","@id":"https:\/\/www.odemocratagb.com\/?p=47038#article","isPartOf":{"@id":"https:\/\/www.odemocratagb.com\/?p=47038"},"author":{"name":"O DEMOCRATA","@id":"https:\/\/www.odemocratagb.com\/#\/schema\/person\/3cfe1f3b5398955456dbd63ea1dca05c"},"headline":"Umaro\u00a0Sissoco\u00a0Embal\u00f3:\u00a0\u201cSEM \u00a0ESTABILIDADE POL\u00cdTICA, AS\u00a0AS\u00a0INFRAESTRUTURAS SERVIR\u00c3O APENAS PARA\u00a0AS FOTOGRAFIAS\u201d","datePublished":"2024-01-04T20:54:51+00:00","dateModified":"2024-01-04T20:54:53+00:00","mainEntityOfPage":{"@id":"https:\/\/www.odemocratagb.com\/?p=47038"},"wordCount":628,"commentCount":0,"publisher":{"@id":"https:\/\/www.odemocratagb.com\/#organization"},"image":{"@id":"https:\/\/www.odemocratagb.com\/?p=47038#primaryimage"},"thumbnailUrl":"https:\/\/www.odemocratagb.com\/wp-content\/uploads\/2024\/01\/CAB053C3-9992-4B7B-AE5F-22D271187159.jpeg","articleSection":["Atualidade"],"inLanguage":"pt-BR","potentialAction":[{"@type":"CommentAction","name":"Comment","target":["https:\/\/www.odemocratagb.com\/?p=47038#respond"]}]},{"@type":"WebPage","@id":"https:\/\/www.odemocratagb.com\/?p=47038","url":"https:\/\/www.odemocratagb.com\/?p=47038","name":"Umaro\u00a0Sissoco\u00a0Embal\u00f3:\u00a0\u201cSEM \u00a0ESTABILIDADE POL\u00cdTICA, AS\u00a0AS\u00a0INFRAESTRUTURAS SERVIR\u00c3O APENAS PARA\u00a0AS FOTOGRAFIAS\u201d - O Democrata GB","isPartOf":{"@id":"https:\/\/www.odemocratagb.com\/#website"},"primaryImageOfPage":{"@id":"https:\/\/www.odemocratagb.com\/?p=47038#primaryimage"},"image":{"@id":"https:\/\/www.odemocratagb.com\/?p=47038#primaryimage"},"thumbnailUrl":"https:\/\/www.odemocratagb.com\/wp-content\/uploads\/2024\/01\/CAB053C3-9992-4B7B-AE5F-22D271187159.jpeg","datePublished":"2024-01-04T20:54:51+00:00","dateModified":"2024-01-04T20:54:53+00:00","breadcrumb":{"@id":"https:\/\/www.odemocratagb.com\/?p=47038#breadcrumb"},"inLanguage":"pt-BR","potentialAction":[{"@type":"ReadAction","target":["https:\/\/www.odemocratagb.com\/?p=47038"]}]},{"@type":"ImageObject","inLanguage":"pt-BR","@id":"https:\/\/www.odemocratagb.com\/?p=47038#primaryimage","url":"https:\/\/www.odemocratagb.com\/wp-content\/uploads\/2024\/01\/CAB053C3-9992-4B7B-AE5F-22D271187159.jpeg","contentUrl":"https:\/\/www.odemocratagb.com\/wp-content\/uploads\/2024\/01\/CAB053C3-9992-4B7B-AE5F-22D271187159.jpeg","width":1080,"height":474},{"@type":"BreadcrumbList","@id":"https:\/\/www.odemocratagb.com\/?p=47038#breadcrumb","itemListElement":[{"@type":"ListItem","position":1,"name":"In\u00edcio","item":"https:\/\/www.odemocratagb.com\/"},{"@type":"ListItem","position":2,"name":"Umaro\u00a0Sissoco\u00a0Embal\u00f3:\u00a0\u201cSEM \u00a0ESTABILIDADE POL\u00cdTICA, AS\u00a0AS\u00a0INFRAESTRUTURAS SERVIR\u00c3O APENAS PARA\u00a0AS FOTOGRAFIAS\u201d"}]},{"@type":"WebSite","@id":"https:\/\/www.odemocratagb.com\/#website","url":"https:\/\/www.odemocratagb.com\/","name":"O Democrata GB","description":"Jornal O Democrata GB","publisher":{"@id":"https:\/\/www.odemocratagb.com\/#organization"},"potentialAction":[{"@type":"SearchAction","target":{"@type":"EntryPoint","urlTemplate":"https:\/\/www.odemocratagb.com\/?s={search_term_string}"},"query-input":{"@type":"PropertyValueSpecification","valueRequired":true,"valueName":"search_term_string"}}],"inLanguage":"pt-BR"},{"@type":"Organization","@id":"https:\/\/www.odemocratagb.com\/#organization","name":"O Democrata GB","url":"https:\/\/www.odemocratagb.com\/","logo":{"@type":"ImageObject","inLanguage":"pt-BR","@id":"https:\/\/www.odemocratagb.com\/#\/schema\/logo\/image\/","url":"https:\/\/www.odemocratagb.com\/wp-content\/uploads\/2026\/04\/logo-odemocratagb.png","contentUrl":"https:\/\/www.odemocratagb.com\/wp-content\/uploads\/2026\/04\/logo-odemocratagb.png","width":1250,"height":327,"caption":"O Democrata GB"},"image":{"@id":"https:\/\/www.odemocratagb.com\/#\/schema\/logo\/image\/"},"sameAs":["https:\/\/www.facebook.com\/jornaldaguinebissau","https:\/\/www.instagram.com\/odemocratagb"]},{"@type":"Person","@id":"https:\/\/www.odemocratagb.com\/#\/schema\/person\/3cfe1f3b5398955456dbd63ea1dca05c","name":"O DEMOCRATA","image":{"@type":"ImageObject","inLanguage":"pt-BR","@id":"https:\/\/secure.gravatar.com\/avatar\/77e41e441bd90c527d61f578cf248d6044ee65cdd92e10a7b5405c9a7fa3faa7?s=96&d=mm&r=g","url":"https:\/\/secure.gravatar.com\/avatar\/77e41e441bd90c527d61f578cf248d6044ee65cdd92e10a7b5405c9a7fa3faa7?s=96&d=mm&r=g","contentUrl":"https:\/\/secure.gravatar.com\/avatar\/77e41e441bd90c527d61f578cf248d6044ee65cdd92e10a7b5405c9a7fa3faa7?s=96&d=mm&r=g","caption":"O DEMOCRATA"},"sameAs":["http:\/\/odemocratagb.com"],"url":"https:\/\/www.odemocratagb.com\/?author=5"}]}},"_links":{"self":[{"href":"https:\/\/www.odemocratagb.com\/index.php?rest_route=\/wp\/v2\/posts\/47038","targetHints":{"allow":["GET"]}}],"collection":[{"href":"https:\/\/www.odemocratagb.com\/index.php?rest_route=\/wp\/v2\/posts"}],"about":[{"href":"https:\/\/www.odemocratagb.com\/index.php?rest_route=\/wp\/v2\/types\/post"}],"author":[{"embeddable":true,"href":"https:\/\/www.odemocratagb.com\/index.php?rest_route=\/wp\/v2\/users\/5"}],"replies":[{"embeddable":true,"href":"https:\/\/www.odemocratagb.com\/index.php?rest_route=%2Fwp%2Fv2%2Fcomments&post=47038"}],"version-history":[{"count":1,"href":"https:\/\/www.odemocratagb.com\/index.php?rest_route=\/wp\/v2\/posts\/47038\/revisions"}],"predecessor-version":[{"id":47042,"href":"https:\/\/www.odemocratagb.com\/index.php?rest_route=\/wp\/v2\/posts\/47038\/revisions\/47042"}],"wp:featuredmedia":[{"embeddable":true,"href":"https:\/\/www.odemocratagb.com\/index.php?rest_route=\/wp\/v2\/media\/47039"}],"wp:attachment":[{"href":"https:\/\/www.odemocratagb.com\/index.php?rest_route=%2Fwp%2Fv2%2Fmedia&parent=47038"}],"wp:term":[{"taxonomy":"category","embeddable":true,"href":"https:\/\/www.odemocratagb.com\/index.php?rest_route=%2Fwp%2Fv2%2Fcategories&post=47038"},{"taxonomy":"post_tag","embeddable":true,"href":"https:\/\/www.odemocratagb.com\/index.php?rest_route=%2Fwp%2Fv2%2Ftags&post=47038"}],"curies":[{"name":"wp","href":"https:\/\/api.w.org\/{rel}","templated":true}]}}