{"id":47043,"date":"2024-01-04T23:42:43","date_gmt":"2024-01-04T23:42:43","guid":{"rendered":"https:\/\/www.odemocratagb.com\/?p=47043"},"modified":"2024-01-04T23:42:44","modified_gmt":"2024-01-04T23:42:44","slug":"caso-ex-daf-liga-acusa-botche-cande-de-obstrucao-a-justica","status":"publish","type":"post","link":"https:\/\/www.odemocratagb.com\/?p=47043","title":{"rendered":"Caso\u00a0ex\u00a0DAF:\u00a0\u00a0LIGA ACUSA BOTCHE CAND\u00c9 DE OBSTRU\u00c7\u00c3O \u00c0 JUSTI\u00c7A\u00a0"},"content":{"rendered":"\n<p class=\"wp-block-paragraph\">A Liga Guineense dos Direitos Humanos (LGDH) acusou o ministro do Interior e da Ordem P\u00fablica de obstru\u00e7\u00e3o \u00e0 justi\u00e7a, por n\u00e3o respeitar uma ordem judicial de\u00a0<em>Habeas Corpus<\/em>, requerido pelos advogados de\u00a0Malam\u00a0Camar\u00e1 \u201cMoro\u201d, ex-diretor administrativo e financeiro do minist\u00e9rio do Interior.<\/p>\n\n\n\n<p class=\"wp-block-paragraph\">Em nota \u00e0 imprensa&nbsp;que O Democrata consultou esta quinta-feira, 4 de janeiro de 2024, a Liga descreveu o comportamento do ministro como &nbsp;\u201cpersistente\u201d e \u201cinsustent\u00e1vel din\u00e2mica de desrespeito \u00e0 lei e aos princ\u00edpios estruturantes de Estado de &nbsp;direito\u201d.<\/p>\n\n\n\n<p class=\"wp-block-paragraph\">\u201cNa sua persistente e insustent\u00e1vel din\u00e2mica de desrespeito \u00e0 lei e aos princ\u00edpios estruturantes de Estado de &nbsp;direito, o ministro do Interior recusou cumprir uma ordem do&nbsp;Ju\u00edz&nbsp;de Instru\u00e7\u00e3o Criminal que, no \u00e2mbito de processo N\u00ba 28\/2023, relativo \u00e0&nbsp;<em>Habeas Corpus<\/em>&nbsp;requerido pelos advogados&nbsp;de&nbsp;&nbsp;Malam&nbsp;Camara vulgo Moro,&nbsp;que solicita&nbsp;a compar\u00eancia urgente do suspeito para efeitos de interrogat\u00f3rio no dia 03 de&nbsp;janeiro&nbsp;de 2024\u201d, pode ler-se na nota.<\/p>\n\n\n\n<p class=\"wp-block-paragraph\">A organiza\u00e7\u00e3o de defesa dos direitos humanos na Guin\u00e9-Bissau lembrou que &nbsp;\u201cnuma atitude de total desprezo \u00e0 autoridade do JIC-&nbsp;Ju\u00edz&nbsp;de Instru\u00e7\u00e3o Criminal, &nbsp;e de afronta ao Estado de direito\u201d, o ministro &nbsp;Botche&nbsp;Cand\u00e9n\u00e3o s\u00f3 inviabilizou abusivamente a audi\u00e7\u00e3o do suspeito, como tamb\u00e9m continua a priv\u00e1-lo \u201carbitrariamente\u201d dos seus direitos e liberdades fundamentais \u201cassegurados constitucionalmente\u201d.<\/p>\n\n\n\n<p class=\"wp-block-paragraph\">Para a LGDH, a recusa da transfer\u00eancia do \u201csuposto processo de desvio de fundos ao Minist\u00e9rio P\u00fablico\u201d, associada \u00e0 deten\u00e7\u00e3o cont\u00ednua deste cidad\u00e3o nacional, \u201csem culpa formada\u201d, constituem provas inequ\u00edvocas do \u201ccar\u00e1cter pol\u00edtico deste caso \u00e0 semelhan\u00e7a de tantos outros\u201d.<\/p>\n\n\n\n<p class=\"wp-block-paragraph\">A LGDH condenou na sua nota \u201cessa atua\u00e7\u00e3o ilegal do Ministro do Interior\u201d e exigiu a liberta\u00e7\u00e3o imediata de \u00a0Malam\u00a0Camara, detido \u201cabusivamente desde o dia 27 de dezembro de 2023\u201d.<\/p>\n\n\n\n<p class=\"wp-block-paragraph\"><\/p>\n\n\n\n<p class=\"wp-block-paragraph\"><\/p>\n\n\n\n<p class=\"wp-block-paragraph\"><\/p>\n\n\n\n<p class=\"wp-block-paragraph\">Por: Filomeno&nbsp;Samb\u00fa<\/p>\n","protected":false},"excerpt":{"rendered":"<p>A Liga Guineense dos Direitos Humanos (LGDH) acusou o ministro do Interior e da Ordem P\u00fablica de obstru\u00e7\u00e3o \u00e0 justi\u00e7a,&#8230;<\/p>\n","protected":false},"author":5,"featured_media":896,"comment_status":"open","ping_status":"open","sticky":false,"template":"","format":"standard","meta":{"footnotes":""},"categories":[6,16],"tags":[],"class_list":["post-47043","post","type-post","status-publish","format-standard","has-post-thumbnail","hentry","category-inicio","category-sociedade","wpcat-6-id","wpcat-16-id"],"yoast_head":"<!-- This site is optimized with the Yoast SEO plugin v27.5 - https:\/\/yoast.com\/product\/yoast-seo-wordpress\/ -->\n<title>Caso\u00a0ex\u00a0DAF:\u00a0\u00a0LIGA ACUSA BOTCHE CAND\u00c9 DE OBSTRU\u00c7\u00c3O \u00c0 JUSTI\u00c7A\u00a0 - O Democrata GB<\/title>\n<meta name=\"robots\" content=\"index, follow, max-snippet:-1, max-image-preview:large, max-video-preview:-1\" \/>\n<link rel=\"canonical\" href=\"https:\/\/www.odemocratagb.com\/?p=47043\" \/>\n<meta property=\"og:locale\" content=\"pt_BR\" \/>\n<meta property=\"og:type\" content=\"article\" \/>\n<meta property=\"og:title\" content=\"Caso\u00a0ex\u00a0DAF:\u00a0\u00a0LIGA ACUSA BOTCHE CAND\u00c9 DE OBSTRU\u00c7\u00c3O \u00c0 JUSTI\u00c7A\u00a0 - O Democrata GB\" \/>\n<meta property=\"og:description\" content=\"A Liga Guineense dos Direitos Humanos (LGDH) acusou o ministro do Interior e da Ordem P\u00fablica de obstru\u00e7\u00e3o \u00e0 justi\u00e7a,...\" \/>\n<meta property=\"og:url\" content=\"https:\/\/www.odemocratagb.com\/?p=47043\" \/>\n<meta property=\"og:site_name\" content=\"O Democrata GB\" \/>\n<meta property=\"article:publisher\" content=\"https:\/\/www.facebook.com\/jornaldaguinebissau\" \/>\n<meta property=\"article:published_time\" content=\"2024-01-04T23:42:43+00:00\" \/>\n<meta property=\"article:modified_time\" content=\"2024-01-04T23:42:44+00:00\" \/>\n<meta property=\"og:image\" content=\"https:\/\/www.odemocratagb.com\/wp-content\/uploads\/2014\/05\/ligaguineensedireitoshumanos.jpg\" \/>\n\t<meta property=\"og:image:width\" content=\"344\" \/>\n\t<meta property=\"og:image:height\" content=\"257\" \/>\n\t<meta property=\"og:image:type\" content=\"image\/jpeg\" \/>\n<meta name=\"author\" content=\"O DEMOCRATA\" \/>\n<meta name=\"twitter:card\" content=\"summary_large_image\" \/>\n<meta name=\"twitter:label1\" content=\"Escrito por\" \/>\n\t<meta name=\"twitter:data1\" content=\"O DEMOCRATA\" \/>\n\t<meta name=\"twitter:label2\" content=\"Est. tempo de leitura\" \/>\n\t<meta name=\"twitter:data2\" content=\"2 minutos\" \/>\n<script type=\"application\/ld+json\" class=\"yoast-schema-graph\">{\"@context\":\"https:\\\/\\\/schema.org\",\"@graph\":[{\"@type\":\"Article\",\"@id\":\"https:\\\/\\\/www.odemocratagb.com\\\/?p=47043#article\",\"isPartOf\":{\"@id\":\"https:\\\/\\\/www.odemocratagb.com\\\/?p=47043\"},\"author\":{\"name\":\"O DEMOCRATA\",\"@id\":\"https:\\\/\\\/www.odemocratagb.com\\\/#\\\/schema\\\/person\\\/3cfe1f3b5398955456dbd63ea1dca05c\"},\"headline\":\"Caso\u00a0ex\u00a0DAF:\u00a0\u00a0LIGA ACUSA BOTCHE CAND\u00c9 DE OBSTRU\u00c7\u00c3O \u00c0 JUSTI\u00c7A\u00a0\",\"datePublished\":\"2024-01-04T23:42:43+00:00\",\"dateModified\":\"2024-01-04T23:42:44+00:00\",\"mainEntityOfPage\":{\"@id\":\"https:\\\/\\\/www.odemocratagb.com\\\/?p=47043\"},\"wordCount\":341,\"commentCount\":0,\"publisher\":{\"@id\":\"https:\\\/\\\/www.odemocratagb.com\\\/#organization\"},\"image\":{\"@id\":\"https:\\\/\\\/www.odemocratagb.com\\\/?p=47043#primaryimage\"},\"thumbnailUrl\":\"https:\\\/\\\/www.odemocratagb.com\\\/wp-content\\\/uploads\\\/2014\\\/05\\\/ligaguineensedireitoshumanos.jpg\",\"articleSection\":[\"Atualidade\",\"Sociedade\"],\"inLanguage\":\"pt-BR\",\"potentialAction\":[{\"@type\":\"CommentAction\",\"name\":\"Comment\",\"target\":[\"https:\\\/\\\/www.odemocratagb.com\\\/?p=47043#respond\"]}]},{\"@type\":\"WebPage\",\"@id\":\"https:\\\/\\\/www.odemocratagb.com\\\/?p=47043\",\"url\":\"https:\\\/\\\/www.odemocratagb.com\\\/?p=47043\",\"name\":\"Caso\u00a0ex\u00a0DAF:\u00a0\u00a0LIGA ACUSA BOTCHE CAND\u00c9 DE OBSTRU\u00c7\u00c3O \u00c0 JUSTI\u00c7A\u00a0 - O Democrata GB\",\"isPartOf\":{\"@id\":\"https:\\\/\\\/www.odemocratagb.com\\\/#website\"},\"primaryImageOfPage\":{\"@id\":\"https:\\\/\\\/www.odemocratagb.com\\\/?p=47043#primaryimage\"},\"image\":{\"@id\":\"https:\\\/\\\/www.odemocratagb.com\\\/?p=47043#primaryimage\"},\"thumbnailUrl\":\"https:\\\/\\\/www.odemocratagb.com\\\/wp-content\\\/uploads\\\/2014\\\/05\\\/ligaguineensedireitoshumanos.jpg\",\"datePublished\":\"2024-01-04T23:42:43+00:00\",\"dateModified\":\"2024-01-04T23:42:44+00:00\",\"breadcrumb\":{\"@id\":\"https:\\\/\\\/www.odemocratagb.com\\\/?p=47043#breadcrumb\"},\"inLanguage\":\"pt-BR\",\"potentialAction\":[{\"@type\":\"ReadAction\",\"target\":[\"https:\\\/\\\/www.odemocratagb.com\\\/?p=47043\"]}]},{\"@type\":\"ImageObject\",\"inLanguage\":\"pt-BR\",\"@id\":\"https:\\\/\\\/www.odemocratagb.com\\\/?p=47043#primaryimage\",\"url\":\"https:\\\/\\\/www.odemocratagb.com\\\/wp-content\\\/uploads\\\/2014\\\/05\\\/ligaguineensedireitoshumanos.jpg\",\"contentUrl\":\"https:\\\/\\\/www.odemocratagb.com\\\/wp-content\\\/uploads\\\/2014\\\/05\\\/ligaguineensedireitoshumanos.jpg\",\"width\":344,\"height\":257},{\"@type\":\"BreadcrumbList\",\"@id\":\"https:\\\/\\\/www.odemocratagb.com\\\/?p=47043#breadcrumb\",\"itemListElement\":[{\"@type\":\"ListItem\",\"position\":1,\"name\":\"In\u00edcio\",\"item\":\"https:\\\/\\\/www.odemocratagb.com\\\/\"},{\"@type\":\"ListItem\",\"position\":2,\"name\":\"Caso\u00a0ex\u00a0DAF:\u00a0\u00a0LIGA ACUSA BOTCHE CAND\u00c9 DE OBSTRU\u00c7\u00c3O \u00c0 JUSTI\u00c7A\u00a0\"}]},{\"@type\":\"WebSite\",\"@id\":\"https:\\\/\\\/www.odemocratagb.com\\\/#website\",\"url\":\"https:\\\/\\\/www.odemocratagb.com\\\/\",\"name\":\"O Democrata GB\",\"description\":\"Jornal O Democrata GB\",\"publisher\":{\"@id\":\"https:\\\/\\\/www.odemocratagb.com\\\/#organization\"},\"potentialAction\":[{\"@type\":\"SearchAction\",\"target\":{\"@type\":\"EntryPoint\",\"urlTemplate\":\"https:\\\/\\\/www.odemocratagb.com\\\/?s={search_term_string}\"},\"query-input\":{\"@type\":\"PropertyValueSpecification\",\"valueRequired\":true,\"valueName\":\"search_term_string\"}}],\"inLanguage\":\"pt-BR\"},{\"@type\":\"Organization\",\"@id\":\"https:\\\/\\\/www.odemocratagb.com\\\/#organization\",\"name\":\"O Democrata GB\",\"url\":\"https:\\\/\\\/www.odemocratagb.com\\\/\",\"logo\":{\"@type\":\"ImageObject\",\"inLanguage\":\"pt-BR\",\"@id\":\"https:\\\/\\\/www.odemocratagb.com\\\/#\\\/schema\\\/logo\\\/image\\\/\",\"url\":\"https:\\\/\\\/www.odemocratagb.com\\\/wp-content\\\/uploads\\\/2026\\\/04\\\/logo-odemocratagb.png\",\"contentUrl\":\"https:\\\/\\\/www.odemocratagb.com\\\/wp-content\\\/uploads\\\/2026\\\/04\\\/logo-odemocratagb.png\",\"width\":1250,\"height\":327,\"caption\":\"O Democrata GB\"},\"image\":{\"@id\":\"https:\\\/\\\/www.odemocratagb.com\\\/#\\\/schema\\\/logo\\\/image\\\/\"},\"sameAs\":[\"https:\\\/\\\/www.facebook.com\\\/jornaldaguinebissau\",\"https:\\\/\\\/www.instagram.com\\\/odemocratagb\"]},{\"@type\":\"Person\",\"@id\":\"https:\\\/\\\/www.odemocratagb.com\\\/#\\\/schema\\\/person\\\/3cfe1f3b5398955456dbd63ea1dca05c\",\"name\":\"O DEMOCRATA\",\"image\":{\"@type\":\"ImageObject\",\"inLanguage\":\"pt-BR\",\"@id\":\"https:\\\/\\\/secure.gravatar.com\\\/avatar\\\/77e41e441bd90c527d61f578cf248d6044ee65cdd92e10a7b5405c9a7fa3faa7?s=96&d=mm&r=g\",\"url\":\"https:\\\/\\\/secure.gravatar.com\\\/avatar\\\/77e41e441bd90c527d61f578cf248d6044ee65cdd92e10a7b5405c9a7fa3faa7?s=96&d=mm&r=g\",\"contentUrl\":\"https:\\\/\\\/secure.gravatar.com\\\/avatar\\\/77e41e441bd90c527d61f578cf248d6044ee65cdd92e10a7b5405c9a7fa3faa7?s=96&d=mm&r=g\",\"caption\":\"O DEMOCRATA\"},\"sameAs\":[\"http:\\\/\\\/odemocratagb.com\"],\"url\":\"https:\\\/\\\/www.odemocratagb.com\\\/?author=5\"}]}<\/script>\n<!-- \/ Yoast SEO plugin. -->","yoast_head_json":{"title":"Caso\u00a0ex\u00a0DAF:\u00a0\u00a0LIGA ACUSA BOTCHE CAND\u00c9 DE OBSTRU\u00c7\u00c3O \u00c0 JUSTI\u00c7A\u00a0 - O Democrata GB","robots":{"index":"index","follow":"follow","max-snippet":"max-snippet:-1","max-image-preview":"max-image-preview:large","max-video-preview":"max-video-preview:-1"},"canonical":"https:\/\/www.odemocratagb.com\/?p=47043","og_locale":"pt_BR","og_type":"article","og_title":"Caso\u00a0ex\u00a0DAF:\u00a0\u00a0LIGA ACUSA BOTCHE CAND\u00c9 DE OBSTRU\u00c7\u00c3O \u00c0 JUSTI\u00c7A\u00a0 - O Democrata GB","og_description":"A Liga Guineense dos Direitos Humanos (LGDH) acusou o ministro do Interior e da Ordem P\u00fablica de obstru\u00e7\u00e3o \u00e0 justi\u00e7a,...","og_url":"https:\/\/www.odemocratagb.com\/?p=47043","og_site_name":"O Democrata GB","article_publisher":"https:\/\/www.facebook.com\/jornaldaguinebissau","article_published_time":"2024-01-04T23:42:43+00:00","article_modified_time":"2024-01-04T23:42:44+00:00","og_image":[{"width":344,"height":257,"url":"https:\/\/www.odemocratagb.com\/wp-content\/uploads\/2014\/05\/ligaguineensedireitoshumanos.jpg","type":"image\/jpeg"}],"author":"O DEMOCRATA","twitter_card":"summary_large_image","twitter_misc":{"Escrito por":"O DEMOCRATA","Est. tempo de leitura":"2 minutos"},"schema":{"@context":"https:\/\/schema.org","@graph":[{"@type":"Article","@id":"https:\/\/www.odemocratagb.com\/?p=47043#article","isPartOf":{"@id":"https:\/\/www.odemocratagb.com\/?p=47043"},"author":{"name":"O DEMOCRATA","@id":"https:\/\/www.odemocratagb.com\/#\/schema\/person\/3cfe1f3b5398955456dbd63ea1dca05c"},"headline":"Caso\u00a0ex\u00a0DAF:\u00a0\u00a0LIGA ACUSA BOTCHE CAND\u00c9 DE OBSTRU\u00c7\u00c3O \u00c0 JUSTI\u00c7A\u00a0","datePublished":"2024-01-04T23:42:43+00:00","dateModified":"2024-01-04T23:42:44+00:00","mainEntityOfPage":{"@id":"https:\/\/www.odemocratagb.com\/?p=47043"},"wordCount":341,"commentCount":0,"publisher":{"@id":"https:\/\/www.odemocratagb.com\/#organization"},"image":{"@id":"https:\/\/www.odemocratagb.com\/?p=47043#primaryimage"},"thumbnailUrl":"https:\/\/www.odemocratagb.com\/wp-content\/uploads\/2014\/05\/ligaguineensedireitoshumanos.jpg","articleSection":["Atualidade","Sociedade"],"inLanguage":"pt-BR","potentialAction":[{"@type":"CommentAction","name":"Comment","target":["https:\/\/www.odemocratagb.com\/?p=47043#respond"]}]},{"@type":"WebPage","@id":"https:\/\/www.odemocratagb.com\/?p=47043","url":"https:\/\/www.odemocratagb.com\/?p=47043","name":"Caso\u00a0ex\u00a0DAF:\u00a0\u00a0LIGA ACUSA BOTCHE CAND\u00c9 DE OBSTRU\u00c7\u00c3O \u00c0 JUSTI\u00c7A\u00a0 - O Democrata GB","isPartOf":{"@id":"https:\/\/www.odemocratagb.com\/#website"},"primaryImageOfPage":{"@id":"https:\/\/www.odemocratagb.com\/?p=47043#primaryimage"},"image":{"@id":"https:\/\/www.odemocratagb.com\/?p=47043#primaryimage"},"thumbnailUrl":"https:\/\/www.odemocratagb.com\/wp-content\/uploads\/2014\/05\/ligaguineensedireitoshumanos.jpg","datePublished":"2024-01-04T23:42:43+00:00","dateModified":"2024-01-04T23:42:44+00:00","breadcrumb":{"@id":"https:\/\/www.odemocratagb.com\/?p=47043#breadcrumb"},"inLanguage":"pt-BR","potentialAction":[{"@type":"ReadAction","target":["https:\/\/www.odemocratagb.com\/?p=47043"]}]},{"@type":"ImageObject","inLanguage":"pt-BR","@id":"https:\/\/www.odemocratagb.com\/?p=47043#primaryimage","url":"https:\/\/www.odemocratagb.com\/wp-content\/uploads\/2014\/05\/ligaguineensedireitoshumanos.jpg","contentUrl":"https:\/\/www.odemocratagb.com\/wp-content\/uploads\/2014\/05\/ligaguineensedireitoshumanos.jpg","width":344,"height":257},{"@type":"BreadcrumbList","@id":"https:\/\/www.odemocratagb.com\/?p=47043#breadcrumb","itemListElement":[{"@type":"ListItem","position":1,"name":"In\u00edcio","item":"https:\/\/www.odemocratagb.com\/"},{"@type":"ListItem","position":2,"name":"Caso\u00a0ex\u00a0DAF:\u00a0\u00a0LIGA ACUSA BOTCHE CAND\u00c9 DE OBSTRU\u00c7\u00c3O \u00c0 JUSTI\u00c7A\u00a0"}]},{"@type":"WebSite","@id":"https:\/\/www.odemocratagb.com\/#website","url":"https:\/\/www.odemocratagb.com\/","name":"O Democrata GB","description":"Jornal O Democrata GB","publisher":{"@id":"https:\/\/www.odemocratagb.com\/#organization"},"potentialAction":[{"@type":"SearchAction","target":{"@type":"EntryPoint","urlTemplate":"https:\/\/www.odemocratagb.com\/?s={search_term_string}"},"query-input":{"@type":"PropertyValueSpecification","valueRequired":true,"valueName":"search_term_string"}}],"inLanguage":"pt-BR"},{"@type":"Organization","@id":"https:\/\/www.odemocratagb.com\/#organization","name":"O Democrata GB","url":"https:\/\/www.odemocratagb.com\/","logo":{"@type":"ImageObject","inLanguage":"pt-BR","@id":"https:\/\/www.odemocratagb.com\/#\/schema\/logo\/image\/","url":"https:\/\/www.odemocratagb.com\/wp-content\/uploads\/2026\/04\/logo-odemocratagb.png","contentUrl":"https:\/\/www.odemocratagb.com\/wp-content\/uploads\/2026\/04\/logo-odemocratagb.png","width":1250,"height":327,"caption":"O Democrata GB"},"image":{"@id":"https:\/\/www.odemocratagb.com\/#\/schema\/logo\/image\/"},"sameAs":["https:\/\/www.facebook.com\/jornaldaguinebissau","https:\/\/www.instagram.com\/odemocratagb"]},{"@type":"Person","@id":"https:\/\/www.odemocratagb.com\/#\/schema\/person\/3cfe1f3b5398955456dbd63ea1dca05c","name":"O DEMOCRATA","image":{"@type":"ImageObject","inLanguage":"pt-BR","@id":"https:\/\/secure.gravatar.com\/avatar\/77e41e441bd90c527d61f578cf248d6044ee65cdd92e10a7b5405c9a7fa3faa7?s=96&d=mm&r=g","url":"https:\/\/secure.gravatar.com\/avatar\/77e41e441bd90c527d61f578cf248d6044ee65cdd92e10a7b5405c9a7fa3faa7?s=96&d=mm&r=g","contentUrl":"https:\/\/secure.gravatar.com\/avatar\/77e41e441bd90c527d61f578cf248d6044ee65cdd92e10a7b5405c9a7fa3faa7?s=96&d=mm&r=g","caption":"O DEMOCRATA"},"sameAs":["http:\/\/odemocratagb.com"],"url":"https:\/\/www.odemocratagb.com\/?author=5"}]}},"_links":{"self":[{"href":"https:\/\/www.odemocratagb.com\/index.php?rest_route=\/wp\/v2\/posts\/47043","targetHints":{"allow":["GET"]}}],"collection":[{"href":"https:\/\/www.odemocratagb.com\/index.php?rest_route=\/wp\/v2\/posts"}],"about":[{"href":"https:\/\/www.odemocratagb.com\/index.php?rest_route=\/wp\/v2\/types\/post"}],"author":[{"embeddable":true,"href":"https:\/\/www.odemocratagb.com\/index.php?rest_route=\/wp\/v2\/users\/5"}],"replies":[{"embeddable":true,"href":"https:\/\/www.odemocratagb.com\/index.php?rest_route=%2Fwp%2Fv2%2Fcomments&post=47043"}],"version-history":[{"count":1,"href":"https:\/\/www.odemocratagb.com\/index.php?rest_route=\/wp\/v2\/posts\/47043\/revisions"}],"predecessor-version":[{"id":47044,"href":"https:\/\/www.odemocratagb.com\/index.php?rest_route=\/wp\/v2\/posts\/47043\/revisions\/47044"}],"wp:featuredmedia":[{"embeddable":true,"href":"https:\/\/www.odemocratagb.com\/index.php?rest_route=\/wp\/v2\/media\/896"}],"wp:attachment":[{"href":"https:\/\/www.odemocratagb.com\/index.php?rest_route=%2Fwp%2Fv2%2Fmedia&parent=47043"}],"wp:term":[{"taxonomy":"category","embeddable":true,"href":"https:\/\/www.odemocratagb.com\/index.php?rest_route=%2Fwp%2Fv2%2Fcategories&post=47043"},{"taxonomy":"post_tag","embeddable":true,"href":"https:\/\/www.odemocratagb.com\/index.php?rest_route=%2Fwp%2Fv2%2Ftags&post=47043"}],"curies":[{"name":"wp","href":"https:\/\/api.w.org\/{rel}","templated":true}]}}