{"id":48203,"date":"2024-04-01T14:48:11","date_gmt":"2024-04-01T14:48:11","guid":{"rendered":"https:\/\/www.odemocratagb.com\/?p=48203"},"modified":"2024-04-01T14:48:12","modified_gmt":"2024-04-01T14:48:12","slug":"analista-politico-acredita-que-a-politica-externa-do-senegal-nao-mudara-de-um-dia-para-outro-com-novas-autoridades","status":"publish","type":"post","link":"https:\/\/www.odemocratagb.com\/?p=48203","title":{"rendered":"ANALISTA POL\u00cdTICO ACREDITA QUE A POL\u00cdTICA EXTERNA DO SENEGAL N\u00c3O MUDAR\u00c1 DE UM DIA PARA OUTRO COM NOVAS AUTORIDADES\u00a0"},"content":{"rendered":"\n<p class=\"wp-block-paragraph\">O professor universit\u00e1rio e analista para assuntos africanos e internacionais, Abdu Jarju, afirmou que a pol\u00edtica externa do Senegal n\u00e3o vai mudar de um dia para outro, mesmo com a elei\u00e7\u00e3o de novo Presidente da Rep\u00fablica, defensor de ideologia pan-africanismo.<\/p>\n\n\n\n<p class=\"wp-block-paragraph\">&#8220;A pol\u00edtica externa \u00e9 permanente ou leva muito tempo a mudar. Por isso, n\u00e3o acredito que o Senegal v\u00e1&nbsp;mudar a sua pol\u00edtica externa. Vai mant\u00ea-la, e no caso da G\u00e2mbia, tem que ser vista numa perspetiva hist\u00f3rica. H\u00e1 muito tempo que o Senegal queria anexar a G\u00e2mbia, fazendo dela uma regi\u00e3o.&nbsp;<\/p>\n\n\n\n<p class=\"wp-block-paragraph\">Com&nbsp;a chegada de Adama Baro ao poder, entregou a G\u00e2mbia no Senegal. A tend\u00eancia \u00e9 de manter essa rela\u00e7\u00e3o, o mesmo se pode dizer tamb\u00e9m em rela\u00e7\u00e3o \u00e0 Guin\u00e9-Bissau&#8221;, assegurou o antigo diplomata Embaixador Plenipotenci\u00e1rio da G\u00e2mbia para a Guin\u00e9-Bissau e Cabo Verde.<\/p>\n\n\n\n<p class=\"wp-block-paragraph\">Jarju confessou que n\u00e3o era previs\u00edvel que houvesse um vencedor na primeira volta das elei\u00e7\u00f5es presidenciais no Senegal, &nbsp;pelo que a maioria de analistas considera surpresa a elei\u00e7\u00e3o Bassirou Diomaye Faye na primeira volta.&nbsp;<\/p>\n\n\n\n<p class=\"wp-block-paragraph\">Convidado para analisar o pleito do \u00faltimo domingo no Senegal, Abdu Jarju aponta tr\u00eas fatores determinantes para a elei\u00e7\u00e3o do candidato do PASTEF, nomeadamente a consci\u00eancia elevada da juventude do Senegal que n\u00e3o falava dos programas dos partidos por acharem que s\u00e3o literaturas para enganar a popula\u00e7\u00e3o, mas sim dos recursos naturais que pertencem ao povo e que estavam a ser entregue \u00e0s pot\u00eancias externas.&nbsp;<\/p>\n\n\n\n<p class=\"wp-block-paragraph\">&#8220;A juventude dizia o nosso petr\u00f3leo, o nosso ouro e o nosso g\u00e1s. E em busca de sa\u00eddas encontrou essa resposta nas lideran\u00e7as do PASTEF. O segundo fator, o regime anterior facilitou o surgimento destes jovens, devido aos seus procedimentos, tem perseguido os opositores, fechou o l\u00edder de PASTEF. Imagine um regime que prendeu 1800 pessoas. Essas pessoas t\u00eam fam\u00edlias. O governo de Macky cometeu muitos erros sobretudo quando n\u00e3o estava clara se vai ou n\u00e3o ao terceiro mandato&#8221; disse, sublinhando que a injusti\u00e7a social foi outro fator. O povo viu que o PASTEF estava a ser injusti\u00e7ado, pelo que votou massivamente para a vit\u00f3ria do Bassirou Diomaye Faye.<\/p>\n\n\n\n<p class=\"wp-block-paragraph\">Sobre a quest\u00e3o da mudan\u00e7a da moeda que faz parte de um dos eixos do PASTEF, Abdu Jarju lembrou que o Presidente eleito tinha garantido que iria propor \u00e0 CEDEAO para ter uma moeda pr\u00f3pria, caso contr\u00e1rio o seu pa\u00eds tomaria a iniciativa.<\/p>\n\n\n\n<p class=\"wp-block-paragraph\">&#8220;Isso \u00e9 muito importante, porque a soberania \u00e9 a moeda, a defesa e a pol\u00edtica externa. O pa\u00eds que n\u00e3o consegue decidir os seus parceiros estrat\u00e9gicos, ter uma for\u00e7a de defesa pr\u00f3pria n\u00e3o \u00e9 soberano. A juventude do Senegal entende que \u00e9 preciso encontrar uma solu\u00e7\u00e3o interna e n\u00e3o com a ocupa\u00e7\u00e3o militar da Fran\u00e7a no Senegal.Todos os contratos assinados anteriormente&nbsp;devem ser revistos&#8221; disse, alertando que qualquer rotura das novas autoridades senegalesas com a Fran\u00e7a, aquele pa\u00eds vai p\u00f4r o Senegal na lista vermelha e vai combat\u00ea-lo.&nbsp;<\/p>\n\n\n\n<p class=\"wp-block-paragraph\">&#8220;Mas acho que o PASTEF tem consci\u00eancia disso, porque uma vez que consta do programa que vai exigir a retirada dos militares da Fran\u00e7a, da moeda (franco cfa), tem que estar preparado para enfrentar uma luta contra a Fran\u00e7a. Temos que recordar aquilo que aconteceu na Guin\u00e9- Conacri, quando Seco Tur\u00e9 decidiu tomar a independ\u00eancia total. O que fez a Fran\u00e7a?! Sabotou a moeda da Guin\u00e9 Conacri e at\u00e9 hoje aquela moeda n\u00e3o tem valor. Portanto, se Bassirou Diomaye Faye decidir sair do franco CFA tem que estar preparado e deve saber que ser\u00e1 combatido pela Fran\u00e7a&#8221; alertou, sublinhando a necessidade de se estudar os contornos da mudan\u00e7a da rela\u00e7\u00e3o com a Fran\u00e7a em rela\u00e7\u00e3o \u00e0 quest\u00e3o da moeda e a retirada das for\u00e7as francesas do Senegal.\u00a0<\/p>\n\n\n\n<p class=\"wp-block-paragraph\"><\/p>\n\n\n\n<p class=\"wp-block-paragraph\"><\/p>\n\n\n\n<p class=\"wp-block-paragraph\"><\/p>\n\n\n\n<p class=\"wp-block-paragraph\"><\/p>\n\n\n\n<p class=\"wp-block-paragraph\"><strong>Por: Tiago Seide&nbsp;<\/strong><\/p>\n\n\n\n<p class=\"wp-block-paragraph\"><strong>Foto: TS<\/strong><\/p>\n","protected":false},"excerpt":{"rendered":"<p>O professor universit\u00e1rio e analista para assuntos africanos e internacionais, Abdu Jarju, afirmou que a pol\u00edtica externa do Senegal n\u00e3o&#8230;<\/p>\n","protected":false},"author":5,"featured_media":48204,"comment_status":"open","ping_status":"open","sticky":false,"template":"","format":"standard","meta":{"footnotes":""},"categories":[52],"tags":[],"class_list":["post-48203","post","type-post","status-publish","format-standard","has-post-thumbnail","hentry","category-africa","wpcat-52-id"],"yoast_head":"<!-- This site is optimized with the Yoast SEO plugin v27.5 - https:\/\/yoast.com\/product\/yoast-seo-wordpress\/ -->\n<title>ANALISTA POL\u00cdTICO ACREDITA QUE A POL\u00cdTICA EXTERNA DO SENEGAL N\u00c3O MUDAR\u00c1 DE UM DIA PARA OUTRO COM NOVAS AUTORIDADES\u00a0 - O Democrata GB<\/title>\n<meta name=\"robots\" content=\"index, follow, max-snippet:-1, max-image-preview:large, max-video-preview:-1\" \/>\n<link rel=\"canonical\" href=\"https:\/\/www.odemocratagb.com\/?p=48203\" \/>\n<meta property=\"og:locale\" content=\"pt_BR\" \/>\n<meta property=\"og:type\" content=\"article\" \/>\n<meta property=\"og:title\" content=\"ANALISTA POL\u00cdTICO ACREDITA QUE A POL\u00cdTICA EXTERNA DO SENEGAL N\u00c3O MUDAR\u00c1 DE UM DIA PARA OUTRO COM NOVAS AUTORIDADES\u00a0 - O Democrata GB\" \/>\n<meta property=\"og:description\" content=\"O professor universit\u00e1rio e analista para assuntos africanos e internacionais, Abdu Jarju, afirmou que a pol\u00edtica externa do Senegal n\u00e3o...\" \/>\n<meta property=\"og:url\" content=\"https:\/\/www.odemocratagb.com\/?p=48203\" \/>\n<meta property=\"og:site_name\" content=\"O Democrata GB\" \/>\n<meta property=\"article:publisher\" content=\"https:\/\/www.facebook.com\/jornaldaguinebissau\" \/>\n<meta property=\"article:published_time\" content=\"2024-04-01T14:48:11+00:00\" \/>\n<meta property=\"article:modified_time\" content=\"2024-04-01T14:48:12+00:00\" \/>\n<meta property=\"og:image\" content=\"https:\/\/www.odemocratagb.com\/wp-content\/uploads\/2024\/04\/Especialista-em-relacoes-internacionais-Abdu-Jarju.jpeg\" \/>\n\t<meta property=\"og:image:width\" content=\"1280\" \/>\n\t<meta property=\"og:image:height\" content=\"576\" \/>\n\t<meta property=\"og:image:type\" content=\"image\/jpeg\" \/>\n<meta name=\"author\" content=\"O DEMOCRATA\" \/>\n<meta name=\"twitter:card\" content=\"summary_large_image\" \/>\n<meta name=\"twitter:label1\" content=\"Escrito por\" \/>\n\t<meta name=\"twitter:data1\" content=\"O DEMOCRATA\" \/>\n\t<meta name=\"twitter:label2\" content=\"Est. tempo de leitura\" \/>\n\t<meta name=\"twitter:data2\" content=\"3 minutos\" \/>\n<script type=\"application\/ld+json\" class=\"yoast-schema-graph\">{\"@context\":\"https:\\\/\\\/schema.org\",\"@graph\":[{\"@type\":\"Article\",\"@id\":\"https:\\\/\\\/www.odemocratagb.com\\\/?p=48203#article\",\"isPartOf\":{\"@id\":\"https:\\\/\\\/www.odemocratagb.com\\\/?p=48203\"},\"author\":{\"name\":\"O DEMOCRATA\",\"@id\":\"https:\\\/\\\/www.odemocratagb.com\\\/#\\\/schema\\\/person\\\/3cfe1f3b5398955456dbd63ea1dca05c\"},\"headline\":\"ANALISTA POL\u00cdTICO ACREDITA QUE A POL\u00cdTICA EXTERNA DO SENEGAL N\u00c3O MUDAR\u00c1 DE UM DIA PARA OUTRO COM NOVAS AUTORIDADES\u00a0\",\"datePublished\":\"2024-04-01T14:48:11+00:00\",\"dateModified\":\"2024-04-01T14:48:12+00:00\",\"mainEntityOfPage\":{\"@id\":\"https:\\\/\\\/www.odemocratagb.com\\\/?p=48203\"},\"wordCount\":708,\"commentCount\":0,\"publisher\":{\"@id\":\"https:\\\/\\\/www.odemocratagb.com\\\/#organization\"},\"image\":{\"@id\":\"https:\\\/\\\/www.odemocratagb.com\\\/?p=48203#primaryimage\"},\"thumbnailUrl\":\"https:\\\/\\\/www.odemocratagb.com\\\/wp-content\\\/uploads\\\/2024\\\/04\\\/Especialista-em-relacoes-internacionais-Abdu-Jarju.jpeg\",\"articleSection\":[\"\u00c1frica\"],\"inLanguage\":\"pt-BR\",\"potentialAction\":[{\"@type\":\"CommentAction\",\"name\":\"Comment\",\"target\":[\"https:\\\/\\\/www.odemocratagb.com\\\/?p=48203#respond\"]}]},{\"@type\":\"WebPage\",\"@id\":\"https:\\\/\\\/www.odemocratagb.com\\\/?p=48203\",\"url\":\"https:\\\/\\\/www.odemocratagb.com\\\/?p=48203\",\"name\":\"ANALISTA POL\u00cdTICO ACREDITA QUE A POL\u00cdTICA EXTERNA DO SENEGAL N\u00c3O MUDAR\u00c1 DE UM DIA PARA OUTRO COM NOVAS AUTORIDADES\u00a0 - O Democrata GB\",\"isPartOf\":{\"@id\":\"https:\\\/\\\/www.odemocratagb.com\\\/#website\"},\"primaryImageOfPage\":{\"@id\":\"https:\\\/\\\/www.odemocratagb.com\\\/?p=48203#primaryimage\"},\"image\":{\"@id\":\"https:\\\/\\\/www.odemocratagb.com\\\/?p=48203#primaryimage\"},\"thumbnailUrl\":\"https:\\\/\\\/www.odemocratagb.com\\\/wp-content\\\/uploads\\\/2024\\\/04\\\/Especialista-em-relacoes-internacionais-Abdu-Jarju.jpeg\",\"datePublished\":\"2024-04-01T14:48:11+00:00\",\"dateModified\":\"2024-04-01T14:48:12+00:00\",\"breadcrumb\":{\"@id\":\"https:\\\/\\\/www.odemocratagb.com\\\/?p=48203#breadcrumb\"},\"inLanguage\":\"pt-BR\",\"potentialAction\":[{\"@type\":\"ReadAction\",\"target\":[\"https:\\\/\\\/www.odemocratagb.com\\\/?p=48203\"]}]},{\"@type\":\"ImageObject\",\"inLanguage\":\"pt-BR\",\"@id\":\"https:\\\/\\\/www.odemocratagb.com\\\/?p=48203#primaryimage\",\"url\":\"https:\\\/\\\/www.odemocratagb.com\\\/wp-content\\\/uploads\\\/2024\\\/04\\\/Especialista-em-relacoes-internacionais-Abdu-Jarju.jpeg\",\"contentUrl\":\"https:\\\/\\\/www.odemocratagb.com\\\/wp-content\\\/uploads\\\/2024\\\/04\\\/Especialista-em-relacoes-internacionais-Abdu-Jarju.jpeg\",\"width\":1280,\"height\":576},{\"@type\":\"BreadcrumbList\",\"@id\":\"https:\\\/\\\/www.odemocratagb.com\\\/?p=48203#breadcrumb\",\"itemListElement\":[{\"@type\":\"ListItem\",\"position\":1,\"name\":\"In\u00edcio\",\"item\":\"https:\\\/\\\/www.odemocratagb.com\\\/\"},{\"@type\":\"ListItem\",\"position\":2,\"name\":\"ANALISTA POL\u00cdTICO ACREDITA QUE A POL\u00cdTICA EXTERNA DO SENEGAL N\u00c3O MUDAR\u00c1 DE UM DIA PARA OUTRO COM NOVAS AUTORIDADES\u00a0\"}]},{\"@type\":\"WebSite\",\"@id\":\"https:\\\/\\\/www.odemocratagb.com\\\/#website\",\"url\":\"https:\\\/\\\/www.odemocratagb.com\\\/\",\"name\":\"O Democrata GB\",\"description\":\"Jornal O Democrata GB\",\"publisher\":{\"@id\":\"https:\\\/\\\/www.odemocratagb.com\\\/#organization\"},\"potentialAction\":[{\"@type\":\"SearchAction\",\"target\":{\"@type\":\"EntryPoint\",\"urlTemplate\":\"https:\\\/\\\/www.odemocratagb.com\\\/?s={search_term_string}\"},\"query-input\":{\"@type\":\"PropertyValueSpecification\",\"valueRequired\":true,\"valueName\":\"search_term_string\"}}],\"inLanguage\":\"pt-BR\"},{\"@type\":\"Organization\",\"@id\":\"https:\\\/\\\/www.odemocratagb.com\\\/#organization\",\"name\":\"O Democrata GB\",\"url\":\"https:\\\/\\\/www.odemocratagb.com\\\/\",\"logo\":{\"@type\":\"ImageObject\",\"inLanguage\":\"pt-BR\",\"@id\":\"https:\\\/\\\/www.odemocratagb.com\\\/#\\\/schema\\\/logo\\\/image\\\/\",\"url\":\"https:\\\/\\\/www.odemocratagb.com\\\/wp-content\\\/uploads\\\/2026\\\/04\\\/logo-odemocratagb.png\",\"contentUrl\":\"https:\\\/\\\/www.odemocratagb.com\\\/wp-content\\\/uploads\\\/2026\\\/04\\\/logo-odemocratagb.png\",\"width\":1250,\"height\":327,\"caption\":\"O Democrata GB\"},\"image\":{\"@id\":\"https:\\\/\\\/www.odemocratagb.com\\\/#\\\/schema\\\/logo\\\/image\\\/\"},\"sameAs\":[\"https:\\\/\\\/www.facebook.com\\\/jornaldaguinebissau\",\"https:\\\/\\\/www.instagram.com\\\/odemocratagb\"]},{\"@type\":\"Person\",\"@id\":\"https:\\\/\\\/www.odemocratagb.com\\\/#\\\/schema\\\/person\\\/3cfe1f3b5398955456dbd63ea1dca05c\",\"name\":\"O DEMOCRATA\",\"image\":{\"@type\":\"ImageObject\",\"inLanguage\":\"pt-BR\",\"@id\":\"https:\\\/\\\/secure.gravatar.com\\\/avatar\\\/77e41e441bd90c527d61f578cf248d6044ee65cdd92e10a7b5405c9a7fa3faa7?s=96&d=mm&r=g\",\"url\":\"https:\\\/\\\/secure.gravatar.com\\\/avatar\\\/77e41e441bd90c527d61f578cf248d6044ee65cdd92e10a7b5405c9a7fa3faa7?s=96&d=mm&r=g\",\"contentUrl\":\"https:\\\/\\\/secure.gravatar.com\\\/avatar\\\/77e41e441bd90c527d61f578cf248d6044ee65cdd92e10a7b5405c9a7fa3faa7?s=96&d=mm&r=g\",\"caption\":\"O DEMOCRATA\"},\"sameAs\":[\"http:\\\/\\\/odemocratagb.com\"],\"url\":\"https:\\\/\\\/www.odemocratagb.com\\\/?author=5\"}]}<\/script>\n<!-- \/ Yoast SEO plugin. -->","yoast_head_json":{"title":"ANALISTA POL\u00cdTICO ACREDITA QUE A POL\u00cdTICA EXTERNA DO SENEGAL N\u00c3O MUDAR\u00c1 DE UM DIA PARA OUTRO COM NOVAS AUTORIDADES\u00a0 - O Democrata GB","robots":{"index":"index","follow":"follow","max-snippet":"max-snippet:-1","max-image-preview":"max-image-preview:large","max-video-preview":"max-video-preview:-1"},"canonical":"https:\/\/www.odemocratagb.com\/?p=48203","og_locale":"pt_BR","og_type":"article","og_title":"ANALISTA POL\u00cdTICO ACREDITA QUE A POL\u00cdTICA EXTERNA DO SENEGAL N\u00c3O MUDAR\u00c1 DE UM DIA PARA OUTRO COM NOVAS AUTORIDADES\u00a0 - O Democrata GB","og_description":"O professor universit\u00e1rio e analista para assuntos africanos e internacionais, Abdu Jarju, afirmou que a pol\u00edtica externa do Senegal n\u00e3o...","og_url":"https:\/\/www.odemocratagb.com\/?p=48203","og_site_name":"O Democrata GB","article_publisher":"https:\/\/www.facebook.com\/jornaldaguinebissau","article_published_time":"2024-04-01T14:48:11+00:00","article_modified_time":"2024-04-01T14:48:12+00:00","og_image":[{"width":1280,"height":576,"url":"https:\/\/www.odemocratagb.com\/wp-content\/uploads\/2024\/04\/Especialista-em-relacoes-internacionais-Abdu-Jarju.jpeg","type":"image\/jpeg"}],"author":"O DEMOCRATA","twitter_card":"summary_large_image","twitter_misc":{"Escrito por":"O DEMOCRATA","Est. tempo de leitura":"3 minutos"},"schema":{"@context":"https:\/\/schema.org","@graph":[{"@type":"Article","@id":"https:\/\/www.odemocratagb.com\/?p=48203#article","isPartOf":{"@id":"https:\/\/www.odemocratagb.com\/?p=48203"},"author":{"name":"O DEMOCRATA","@id":"https:\/\/www.odemocratagb.com\/#\/schema\/person\/3cfe1f3b5398955456dbd63ea1dca05c"},"headline":"ANALISTA POL\u00cdTICO ACREDITA QUE A POL\u00cdTICA EXTERNA DO SENEGAL N\u00c3O MUDAR\u00c1 DE UM DIA PARA OUTRO COM NOVAS AUTORIDADES\u00a0","datePublished":"2024-04-01T14:48:11+00:00","dateModified":"2024-04-01T14:48:12+00:00","mainEntityOfPage":{"@id":"https:\/\/www.odemocratagb.com\/?p=48203"},"wordCount":708,"commentCount":0,"publisher":{"@id":"https:\/\/www.odemocratagb.com\/#organization"},"image":{"@id":"https:\/\/www.odemocratagb.com\/?p=48203#primaryimage"},"thumbnailUrl":"https:\/\/www.odemocratagb.com\/wp-content\/uploads\/2024\/04\/Especialista-em-relacoes-internacionais-Abdu-Jarju.jpeg","articleSection":["\u00c1frica"],"inLanguage":"pt-BR","potentialAction":[{"@type":"CommentAction","name":"Comment","target":["https:\/\/www.odemocratagb.com\/?p=48203#respond"]}]},{"@type":"WebPage","@id":"https:\/\/www.odemocratagb.com\/?p=48203","url":"https:\/\/www.odemocratagb.com\/?p=48203","name":"ANALISTA POL\u00cdTICO ACREDITA QUE A POL\u00cdTICA EXTERNA DO SENEGAL N\u00c3O MUDAR\u00c1 DE UM DIA PARA OUTRO COM NOVAS AUTORIDADES\u00a0 - O Democrata GB","isPartOf":{"@id":"https:\/\/www.odemocratagb.com\/#website"},"primaryImageOfPage":{"@id":"https:\/\/www.odemocratagb.com\/?p=48203#primaryimage"},"image":{"@id":"https:\/\/www.odemocratagb.com\/?p=48203#primaryimage"},"thumbnailUrl":"https:\/\/www.odemocratagb.com\/wp-content\/uploads\/2024\/04\/Especialista-em-relacoes-internacionais-Abdu-Jarju.jpeg","datePublished":"2024-04-01T14:48:11+00:00","dateModified":"2024-04-01T14:48:12+00:00","breadcrumb":{"@id":"https:\/\/www.odemocratagb.com\/?p=48203#breadcrumb"},"inLanguage":"pt-BR","potentialAction":[{"@type":"ReadAction","target":["https:\/\/www.odemocratagb.com\/?p=48203"]}]},{"@type":"ImageObject","inLanguage":"pt-BR","@id":"https:\/\/www.odemocratagb.com\/?p=48203#primaryimage","url":"https:\/\/www.odemocratagb.com\/wp-content\/uploads\/2024\/04\/Especialista-em-relacoes-internacionais-Abdu-Jarju.jpeg","contentUrl":"https:\/\/www.odemocratagb.com\/wp-content\/uploads\/2024\/04\/Especialista-em-relacoes-internacionais-Abdu-Jarju.jpeg","width":1280,"height":576},{"@type":"BreadcrumbList","@id":"https:\/\/www.odemocratagb.com\/?p=48203#breadcrumb","itemListElement":[{"@type":"ListItem","position":1,"name":"In\u00edcio","item":"https:\/\/www.odemocratagb.com\/"},{"@type":"ListItem","position":2,"name":"ANALISTA POL\u00cdTICO ACREDITA QUE A POL\u00cdTICA EXTERNA DO SENEGAL N\u00c3O MUDAR\u00c1 DE UM DIA PARA OUTRO COM NOVAS AUTORIDADES\u00a0"}]},{"@type":"WebSite","@id":"https:\/\/www.odemocratagb.com\/#website","url":"https:\/\/www.odemocratagb.com\/","name":"O Democrata GB","description":"Jornal O Democrata GB","publisher":{"@id":"https:\/\/www.odemocratagb.com\/#organization"},"potentialAction":[{"@type":"SearchAction","target":{"@type":"EntryPoint","urlTemplate":"https:\/\/www.odemocratagb.com\/?s={search_term_string}"},"query-input":{"@type":"PropertyValueSpecification","valueRequired":true,"valueName":"search_term_string"}}],"inLanguage":"pt-BR"},{"@type":"Organization","@id":"https:\/\/www.odemocratagb.com\/#organization","name":"O Democrata GB","url":"https:\/\/www.odemocratagb.com\/","logo":{"@type":"ImageObject","inLanguage":"pt-BR","@id":"https:\/\/www.odemocratagb.com\/#\/schema\/logo\/image\/","url":"https:\/\/www.odemocratagb.com\/wp-content\/uploads\/2026\/04\/logo-odemocratagb.png","contentUrl":"https:\/\/www.odemocratagb.com\/wp-content\/uploads\/2026\/04\/logo-odemocratagb.png","width":1250,"height":327,"caption":"O Democrata GB"},"image":{"@id":"https:\/\/www.odemocratagb.com\/#\/schema\/logo\/image\/"},"sameAs":["https:\/\/www.facebook.com\/jornaldaguinebissau","https:\/\/www.instagram.com\/odemocratagb"]},{"@type":"Person","@id":"https:\/\/www.odemocratagb.com\/#\/schema\/person\/3cfe1f3b5398955456dbd63ea1dca05c","name":"O DEMOCRATA","image":{"@type":"ImageObject","inLanguage":"pt-BR","@id":"https:\/\/secure.gravatar.com\/avatar\/77e41e441bd90c527d61f578cf248d6044ee65cdd92e10a7b5405c9a7fa3faa7?s=96&d=mm&r=g","url":"https:\/\/secure.gravatar.com\/avatar\/77e41e441bd90c527d61f578cf248d6044ee65cdd92e10a7b5405c9a7fa3faa7?s=96&d=mm&r=g","contentUrl":"https:\/\/secure.gravatar.com\/avatar\/77e41e441bd90c527d61f578cf248d6044ee65cdd92e10a7b5405c9a7fa3faa7?s=96&d=mm&r=g","caption":"O DEMOCRATA"},"sameAs":["http:\/\/odemocratagb.com"],"url":"https:\/\/www.odemocratagb.com\/?author=5"}]}},"_links":{"self":[{"href":"https:\/\/www.odemocratagb.com\/index.php?rest_route=\/wp\/v2\/posts\/48203","targetHints":{"allow":["GET"]}}],"collection":[{"href":"https:\/\/www.odemocratagb.com\/index.php?rest_route=\/wp\/v2\/posts"}],"about":[{"href":"https:\/\/www.odemocratagb.com\/index.php?rest_route=\/wp\/v2\/types\/post"}],"author":[{"embeddable":true,"href":"https:\/\/www.odemocratagb.com\/index.php?rest_route=\/wp\/v2\/users\/5"}],"replies":[{"embeddable":true,"href":"https:\/\/www.odemocratagb.com\/index.php?rest_route=%2Fwp%2Fv2%2Fcomments&post=48203"}],"version-history":[{"count":1,"href":"https:\/\/www.odemocratagb.com\/index.php?rest_route=\/wp\/v2\/posts\/48203\/revisions"}],"predecessor-version":[{"id":48205,"href":"https:\/\/www.odemocratagb.com\/index.php?rest_route=\/wp\/v2\/posts\/48203\/revisions\/48205"}],"wp:featuredmedia":[{"embeddable":true,"href":"https:\/\/www.odemocratagb.com\/index.php?rest_route=\/wp\/v2\/media\/48204"}],"wp:attachment":[{"href":"https:\/\/www.odemocratagb.com\/index.php?rest_route=%2Fwp%2Fv2%2Fmedia&parent=48203"}],"wp:term":[{"taxonomy":"category","embeddable":true,"href":"https:\/\/www.odemocratagb.com\/index.php?rest_route=%2Fwp%2Fv2%2Fcategories&post=48203"},{"taxonomy":"post_tag","embeddable":true,"href":"https:\/\/www.odemocratagb.com\/index.php?rest_route=%2Fwp%2Fv2%2Ftags&post=48203"}],"curies":[{"name":"wp","href":"https:\/\/api.w.org\/{rel}","templated":true}]}}